{"id":4664,"date":"2012-09-30T13:30:00","date_gmt":"2012-09-30T11:30:00","guid":{"rendered":"https:\/\/instytutpolski.pl\/duesseldorf\/?p=4664"},"modified":"2021-06-09T13:33:29","modified_gmt":"2021-06-09T11:33:29","slug":"jerzy-skolimowski-retrospektive-bei-cologne-conference","status":"publish","type":"post","link":"https:\/\/instytutpolski.pl\/duesseldorf\/2012\/09\/30\/jerzy-skolimowski-retrospektive-bei-cologne-conference\/","title":{"rendered":"Jerzy Skolimowski &#8211; Retrospektive bei Cologne Conference"},"content":{"rendered":"\n<h3 class=\"h3_title\">\u00a0<\/h3>\n<div class=\"edytor programm\">\n<p class=\"news-info\"><strong>So 30.09.2012 &#8211; Fr 05.10.2012 <\/strong>Filmforum NRW im Museum Ludwig, Bischofsgartenstr. 1, 50667 K\u00f6ln und MAAK Museum f\u00fcr Angewandte Kunst, An der Rechtschule 1, 50667 K\u00f6ln<\/p>\n22. COLOGNE CONFERENCE 30.09-5.10.2012<br \/>Die Cologne Conference &#8211; das f\u00fchrende Festival f\u00fcr herausragendes Fernsehen und unabh\u00e4ngige Filmkultur \u2013 wird ein vielf\u00e4ltiges Programm mit feierlichen Premieren, Screenings der besten aktuellen Produktionen sowie Werkstattgespr\u00e4chen, exklusiven Lectures und Branchenempf\u00e4ngen vorstellen.<br \/><a href=\"http:\/\/www.cologne-conference.de\/\">http:\/\/www.cologne-conference.de<\/a><br \/><br \/><strong>JERZY-SKOLIMOWSKI-RETROSPEKTIVE<\/strong><br \/>03.\u201304.10.2012<br \/>Filmforum NRW im Museum Ludwig, Bischofsgartenstr. 1, 50667 K\u00f6ln<br \/>Ein besonderer H\u00f6hepunkt des Festivals ist Jerzy-Skolimowski-Retrospektive. In seiner langen und beeindruckenden Karriere hat sich Skolimowski neben polnischen Arthouse-Filmen ebenso durch ambitionierte internationale Produktionen als einer der bedeutendsten Regisseure Polens etabliert.<br \/><br \/>FILMPROGRAMM:<br \/><u>Mittwoch, 03.10.2012<\/u><br \/>13.30 Uhr:\u00a0<strong>Identification Marks: None (Rysopis)<\/strong>, 1964, OmeU<br \/>15.00 Uhr:\u00a0<strong>Walkover (Walkower )<\/strong>, 1965, OmeU<br \/>21.00 Uhr:\u00a0<strong>Essential Killing<\/strong>, 2010, OmeU<br \/>22.30 Uhr:\u00a0<strong>Four Nights with Anna (Cztery noce z Ann\u0105)<\/strong>, 2008, OmeU<br \/><u>Donnerstag, 04.10.2012<\/u><br \/>21.00 Uhr:\u00a0<strong>Barrier (Bariera)<\/strong>, 1966, OmeU<br \/>22.30 Uhr:\u00a0<strong>Hands Up! (R\u0119ce do g\u00f3ry)<\/strong>, 1981, OmeU<br \/><br \/>_________________________________________________________________<br \/><br \/><strong>MEDIENLAND POLEN<\/strong>\u00a0&#8211; EINTRITT FREI!<br \/>In Englischer Sprache.<br \/>Anmeldung erbeten unter:\u00a0<a href=\"mailto:mail@cologne-conference.de\">mail@cologne-conference.de<\/a><br \/>Mittwoch, 03.10.2012<br \/>MAAK Museum f\u00fcr Angewandte Kunst, An der Rechtschule 1, 50667 K\u00f6ln<br \/><br \/>16.00 \u2013 17.30 Uhr, Keynotes<br \/>&#8222;<strong>The Polish Media Market &#8211; An Overview<\/strong>&#8222;: Sahar Baghery, Research Manager, Eurodata TV Worldwide, M\u00e9diam\u00e9trie<br \/>&#8222;<strong>Content Needs of Private Television Stations in Poland<\/strong>&#8222;: Bogus\u0142aw Chrabota, stellv. Chefredakteur, Polsat<br \/>&#8222;<strong>Culture as Content. Public Television in Poland<\/strong>&#8222;: Katarzyna Janowska, Direktorin, TVP Kultura<br \/><br \/>17.30 \u2013 18.30 Uhr, Panel Discussion<br \/><em><strong>Potentials of Polish-German Cooperations in the Media Industry<\/strong><\/em><br \/>Christina Bentlage, Film und Medienstiftung NRW<br \/>Katarzyna Janowska, TVP Kultura<br \/>Izabella Kiszka-Hoflik, Polish Film Institute PISF<br \/>Bogus\u0142aw Chrabota, Polsat<br \/>Olaf Grunert, ARTE G.E.I.E.<br \/>Moderation: Arne Ludwig, Producer, 2Pilots Filmproduktion<br \/><br \/>______________________________________________________________<br \/><br \/>Filmvorf\u00fchrung<br \/><strong>THE FOURTH DIMENSION, 2012, USA, Russland, Polen<\/strong><br \/>Mittwoch, 03.10.2012, 19.00 Uhr<br \/>Filmforum NRW im Museum Ludwig<br \/>Das Regie-Triumvirat von Harmony Korine, Aleksei Fedorchenko und Jan Kwieci\u0144ski hat sich teils absurde Vorgaben gesetzt und liefert mit diesem Episodenfilm eine der experimentellsten Arbeiten der letzte Jahre ab. Die drei nur thematisch entfernt mit einander verkn\u00fcpften Segmente sind stimmungsvoll, vieldeutig, faszinierend und unvergesslich.<br \/>Informationen zum Festival &#8211; und Rahmenprogramm\u00a0<a href=\"http:\/\/www.cologne-conference.de\/\">http:\/\/www.cologne-conference.de<\/a>, auf Facebook und bei Twitter.<\/div>\n","protected":false},"excerpt":{"rendered":"<p>\u00a0 So 30.09.2012 &#8211; Fr 05.10.2012 Filmforum NRW im Museum Ludwig, Bischofsgartenstr. 1, 50667 K\u00f6ln und MAAK Museum f\u00fcr Angewandte Kunst, An der Rechtschule 1, 50667 K\u00f6ln 22. COLOGNE CONFERENCE 30.09-5.10.2012Die Cologne Conference &#8211; das f\u00fchrende Festival f\u00fcr herausragendes Fernsehen und unabh\u00e4ngige Filmkultur \u2013 wird ein vielf\u00e4ltiges Programm mit feierlichen Premieren, Screenings der besten aktuellen [&hellip;]<\/p>\n","protected":false},"author":103,"featured_media":4665,"comment_status":"open","ping_status":"open","sticky":false,"template":"","format":"standard","meta":{"inline_featured_image":false,"_monsterinsights_skip_tracking":false,"_monsterinsights_sitenote_active":false,"_monsterinsights_sitenote_note":"","_monsterinsights_sitenote_category":0,"footnotes":""},"categories":[14,103],"tags":[],"class_list":["post-4664","post","type-post","status-publish","format-standard","has-post-thumbnail","hentry","category-film","category-programm"],"yoast_head":"<!-- This site is optimized with the Yoast SEO plugin v24.6 - https:\/\/yoast.com\/wordpress\/plugins\/seo\/ -->\n<title>Jerzy Skolimowski - Retrospektive bei Cologne Conference - Instytut Polski w Dusseldorfie<\/title>\n<meta name=\"robots\" content=\"index, follow, max-snippet:-1, max-image-preview:large, max-video-preview:-1\" \/>\n<link rel=\"canonical\" href=\"https:\/\/instytutpolski.pl\/duesseldorf\/2012\/09\/30\/jerzy-skolimowski-retrospektive-bei-cologne-conference\/\" \/>\n<meta property=\"og:locale\" content=\"pl_PL\" \/>\n<meta property=\"og:type\" content=\"article\" \/>\n<meta property=\"og:title\" content=\"Jerzy Skolimowski - Retrospektive bei Cologne Conference - Instytut Polski w Dusseldorfie\" \/>\n<meta property=\"og:description\" content=\"\u00a0 So 30.09.2012 &#8211; Fr 05.10.2012 Filmforum NRW im Museum Ludwig, Bischofsgartenstr. 1, 50667 K\u00f6ln und MAAK Museum f\u00fcr Angewandte Kunst, An der Rechtschule 1, 50667 K\u00f6ln 22. COLOGNE CONFERENCE 30.09-5.10.2012Die Cologne Conference &#8211; das f\u00fchrende Festival f\u00fcr herausragendes Fernsehen und unabh\u00e4ngige Filmkultur \u2013 wird ein vielf\u00e4ltiges Programm mit feierlichen Premieren, Screenings der besten aktuellen [&hellip;]\" \/>\n<meta property=\"og:url\" content=\"https:\/\/instytutpolski.pl\/duesseldorf\/2012\/09\/30\/jerzy-skolimowski-retrospektive-bei-cologne-conference\/\" \/>\n<meta property=\"og:site_name\" content=\"Instytut Polski w Dusseldorfie\" \/>\n<meta property=\"article:published_time\" content=\"2012-09-30T11:30:00+00:00\" \/>\n<meta property=\"article:modified_time\" content=\"2021-06-09T11:33:29+00:00\" \/>\n<meta property=\"og:image\" content=\"https:\/\/instytutpolski.pl\/duesseldorf\/wp-content\/uploads\/sites\/5\/2021\/06\/2-Essential-Killing-scaled.jpg\" \/>\n\t<meta property=\"og:image:width\" content=\"1707\" \/>\n\t<meta property=\"og:image:height\" content=\"2560\" \/>\n\t<meta property=\"og:image:type\" content=\"image\/jpeg\" \/>\n<meta name=\"author\" content=\"kolinskia\" \/>\n<meta name=\"twitter:card\" content=\"summary_large_image\" \/>\n<meta name=\"twitter:label1\" content=\"Napisane przez\" \/>\n\t<meta name=\"twitter:data1\" content=\"kolinskia\" \/>\n\t<meta name=\"twitter:label2\" content=\"Szacowany czas czytania\" \/>\n\t<meta name=\"twitter:data2\" content=\"2 minuty\" \/>\n<script type=\"application\/ld+json\" class=\"yoast-schema-graph\">{\"@context\":\"https:\/\/schema.org\",\"@graph\":[{\"@type\":\"event\",\"@id\":\"https:\/\/instytutpolski.pl\/duesseldorf\/2012\/09\/30\/jerzy-skolimowski-retrospektive-bei-cologne-conference\/\",\"url\":\"https:\/\/instytutpolski.pl\/duesseldorf\/2012\/09\/30\/jerzy-skolimowski-retrospektive-bei-cologne-conference\/\",\"name\":\"Jerzy Skolimowski - Retrospektive bei Cologne Conference\",\"isPartOf\":{\"@id\":\"https:\/\/instytutpolski.pl\/duesseldorf\/#website\"},\"primaryImageOfPage\":{\"@id\":\"https:\/\/instytutpolski.pl\/duesseldorf\/2012\/09\/30\/jerzy-skolimowski-retrospektive-bei-cologne-conference\/#primaryimage\"},\"image\":[\"https:\/\/instytutpolski.pl\/duesseldorf\/wp-content\/uploads\/sites\/5\/2021\/06\/2-Essential-Killing-scaled.jpg\",\"https:\/\/instytutpolski.pl\/duesseldorf\/wp-content\/uploads\/sites\/5\/2021\/06\/2-Essential-Killing-200x300.jpg\",\"https:\/\/instytutpolski.pl\/duesseldorf\/wp-content\/uploads\/sites\/5\/2021\/06\/2-Essential-Killing-683x1024.jpg\",\"https:\/\/instytutpolski.pl\/duesseldorf\/wp-content\/uploads\/sites\/5\/2021\/06\/2-Essential-Killing-scaled.jpg\"],\"thumbnailUrl\":\"https:\/\/instytutpolski.pl\/duesseldorf\/wp-content\/uploads\/sites\/5\/2021\/06\/2-Essential-Killing-scaled.jpg\",\"datePublished\":\"2012-09-30T11:30:00+02:00\",\"dateModified\":\"2021-06-09T11:33:29+02:00\",\"author\":{\"@id\":\"https:\/\/instytutpolski.pl\/duesseldorf\/#\/schema\/person\/6b4b76776c5d49a1eb862046e311998e\"},\"breadcrumb\":{\"@id\":\"https:\/\/instytutpolski.pl\/duesseldorf\/2012\/09\/30\/jerzy-skolimowski-retrospektive-bei-cologne-conference\/#breadcrumb\"},\"inLanguage\":\"pl-PL\",\"potentialAction\":[{\"@type\":\"ReadAction\",\"target\":[\"https:\/\/instytutpolski.pl\/duesseldorf\/2012\/09\/30\/jerzy-skolimowski-retrospektive-bei-cologne-conference\/\"]}],\"@context\":\"https:\/\/schema.org\",\"startDate\":\"2012-09-30\",\"endDate\":\"2012-10-05\",\"eventStatus\":\"EventScheduled\",\"eventAttendanceMode\":\"OfflineEventAttendanceMode\",\"location\":{\"@type\":\"place\",\"name\":\"\",\"address\":\"\",\"geo\":{\"@type\":\"GeoCoordinates\",\"latitude\":\"\",\"longitude\":\"\"}},\"description\":\"\u00a0\\nSo 30.09.2012 - Fr 05.10.2012 Filmforum NRW im Museum Ludwig, Bischofsgartenstr. 1, 50667 K\u00f6ln und MAAK Museum f\u00fcr Angewandte Kunst, An der Rechtschule 1, 50667 K\u00f6ln\\n22. COLOGNE CONFERENCE 30.09-5.10.2012Die Cologne Conference - das f\u00fchrende Festival f\u00fcr herausragendes Fernsehen und unabh\u00e4ngige Filmkultur \u2013 wird ein vielf\u00e4ltiges Programm mit feierlichen Premieren, Screenings der besten aktuellen Produktionen sowie Werkstattgespr\u00e4chen, exklusiven Lectures und Branchenempf\u00e4ngen vorstellen.http:\/\/www.cologne-conference.deJERZY-SKOLIMOWSKI-RETROSPEKTIVE03.\u201304.10.2012Filmforum NRW im Museum Ludwig, Bischofsgartenstr. 1, 50667 K\u00f6lnEin besonderer H\u00f6hepunkt des Festivals ist Jerzy-Skolimowski-Retrospektive. In seiner langen und beeindruckenden Karriere hat sich Skolimowski neben polnischen Arthouse-Filmen ebenso durch ambitionierte internationale Produktionen als einer der bedeutendsten Regisseure Polens etabliert.FILMPROGRAMM:Mittwoch, 03.10.201213.30 Uhr:\u00a0Identification Marks: None (Rysopis), 1964, OmeU15.00 Uhr:\u00a0Walkover (Walkower ), 1965, OmeU21.00 Uhr:\u00a0Essential Killing, 2010, OmeU22.30 Uhr:\u00a0Four Nights with Anna (Cztery noce z Ann\u0105), 2008, OmeUDonnerstag, 04.10.201221.00 Uhr:\u00a0Barrier (Bariera), 1966, OmeU22.30 Uhr:\u00a0Hands Up! (R\u0119ce do g\u00f3ry), 1981, OmeU_________________________________________________________________MEDIENLAND POLEN\u00a0- EINTRITT FREI!In Englischer Sprache.Anmeldung erbeten unter:\u00a0mail@cologne-conference.deMittwoch, 03.10.2012MAAK Museum f\u00fcr Angewandte Kunst, An der Rechtschule 1, 50667 K\u00f6ln16.00 \u2013 17.30 Uhr, Keynotes\\\"The Polish Media Market - An Overview\\\": Sahar Baghery, Research Manager, Eurodata TV Worldwide, M\u00e9diam\u00e9trie\\\"Content Needs of Private Television Stations in Poland\\\": Bogus\u0142aw Chrabota, stellv. Chefredakteur, Polsat\\\"Culture as Content. Public Television in Poland\\\": Katarzyna Janowska, Direktorin, TVP Kultura17.30 \u2013 18.30 Uhr, Panel DiscussionPotentials of Polish-German Cooperations in the Media IndustryChristina Bentlage, Film und Medienstiftung NRWKatarzyna Janowska, TVP KulturaIzabella Kiszka-Hoflik, Polish Film Institute PISFBogus\u0142aw Chrabota, PolsatOlaf Grunert, ARTE G.E.I.E.Moderation: Arne Ludwig, Producer, 2Pilots Filmproduktion______________________________________________________________Filmvorf\u00fchrungTHE FOURTH DIMENSION, 2012, USA, Russland, PolenMittwoch, 03.10.2012, 19.00 UhrFilmforum NRW im Museum LudwigDas Regie-Triumvirat von Harmony Korine, Aleksei Fedorchenko und Jan Kwieci\u0144ski hat sich teils absurde Vorgaben gesetzt und liefert mit diesem Episodenfilm eine der experimentellsten Arbeiten der letzte Jahre ab. Die drei nur thematisch entfernt mit einander verkn\u00fcpften Segmente sind stimmungsvoll, vieldeutig, faszinierend und unvergesslich.Informationen zum Festival - und Rahmenprogramm\u00a0http:\/\/www.cologne-conference.de, auf Facebook und bei Twitter.\"},{\"@type\":\"ImageObject\",\"inLanguage\":\"pl-PL\",\"@id\":\"https:\/\/instytutpolski.pl\/duesseldorf\/2012\/09\/30\/jerzy-skolimowski-retrospektive-bei-cologne-conference\/#primaryimage\",\"url\":\"https:\/\/instytutpolski.pl\/duesseldorf\/wp-content\/uploads\/sites\/5\/2021\/06\/2-Essential-Killing-scaled.jpg\",\"contentUrl\":\"https:\/\/instytutpolski.pl\/duesseldorf\/wp-content\/uploads\/sites\/5\/2021\/06\/2-Essential-Killing-scaled.jpg\",\"width\":1707,\"height\":2560},{\"@type\":\"BreadcrumbList\",\"@id\":\"https:\/\/instytutpolski.pl\/duesseldorf\/2012\/09\/30\/jerzy-skolimowski-retrospektive-bei-cologne-conference\/#breadcrumb\",\"itemListElement\":[{\"@type\":\"ListItem\",\"position\":1,\"name\":\"Home\",\"item\":\"https:\/\/instytutpolski.pl\/duesseldorf\/\"},{\"@type\":\"ListItem\",\"position\":2,\"name\":\"Jerzy Skolimowski &#8211; Retrospektive bei Cologne Conference\"}]},{\"@type\":\"WebSite\",\"@id\":\"https:\/\/instytutpolski.pl\/duesseldorf\/#website\",\"url\":\"https:\/\/instytutpolski.pl\/duesseldorf\/\",\"name\":\"Instytut Polski w Dusseldorfie\",\"description\":\"Instytuty Polskie\",\"potentialAction\":[{\"@type\":\"SearchAction\",\"target\":{\"@type\":\"EntryPoint\",\"urlTemplate\":\"https:\/\/instytutpolski.pl\/duesseldorf\/?s={search_term_string}\"},\"query-input\":{\"@type\":\"PropertyValueSpecification\",\"valueRequired\":true,\"valueName\":\"search_term_string\"}}],\"inLanguage\":\"pl-PL\"},{\"@type\":\"Person\",\"@id\":\"https:\/\/instytutpolski.pl\/duesseldorf\/#\/schema\/person\/6b4b76776c5d49a1eb862046e311998e\",\"name\":\"kolinskia\",\"image\":{\"@type\":\"ImageObject\",\"inLanguage\":\"pl-PL\",\"@id\":\"https:\/\/instytutpolski.pl\/duesseldorf\/#\/schema\/person\/image\/\",\"url\":\"https:\/\/secure.gravatar.com\/avatar\/9bb79075402c1d25f1e9e4e8260c2d13?s=96&d=mm&r=g\",\"contentUrl\":\"https:\/\/secure.gravatar.com\/avatar\/9bb79075402c1d25f1e9e4e8260c2d13?s=96&d=mm&r=g\",\"caption\":\"kolinskia\"},\"url\":\"https:\/\/instytutpolski.pl\/duesseldorf\/author\/kolinskia\/\"}]}<\/script>\n<!-- \/ Yoast SEO plugin. -->","yoast_head_json":{"title":"Jerzy Skolimowski - Retrospektive bei Cologne Conference - Instytut Polski w Dusseldorfie","robots":{"index":"index","follow":"follow","max-snippet":"max-snippet:-1","max-image-preview":"max-image-preview:large","max-video-preview":"max-video-preview:-1"},"canonical":"https:\/\/instytutpolski.pl\/duesseldorf\/2012\/09\/30\/jerzy-skolimowski-retrospektive-bei-cologne-conference\/","og_locale":"pl_PL","og_type":"article","og_title":"Jerzy Skolimowski - Retrospektive bei Cologne Conference - Instytut Polski w Dusseldorfie","og_description":"\u00a0 So 30.09.2012 &#8211; Fr 05.10.2012 Filmforum NRW im Museum Ludwig, Bischofsgartenstr. 1, 50667 K\u00f6ln und MAAK Museum f\u00fcr Angewandte Kunst, An der Rechtschule 1, 50667 K\u00f6ln 22. COLOGNE CONFERENCE 30.09-5.10.2012Die Cologne Conference &#8211; das f\u00fchrende Festival f\u00fcr herausragendes Fernsehen und unabh\u00e4ngige Filmkultur \u2013 wird ein vielf\u00e4ltiges Programm mit feierlichen Premieren, Screenings der besten aktuellen [&hellip;]","og_url":"https:\/\/instytutpolski.pl\/duesseldorf\/2012\/09\/30\/jerzy-skolimowski-retrospektive-bei-cologne-conference\/","og_site_name":"Instytut Polski w Dusseldorfie","article_published_time":"2012-09-30T11:30:00+00:00","article_modified_time":"2021-06-09T11:33:29+00:00","og_image":[{"width":1707,"height":2560,"url":"https:\/\/instytutpolski.pl\/duesseldorf\/wp-content\/uploads\/sites\/5\/2021\/06\/2-Essential-Killing-scaled.jpg","type":"image\/jpeg"}],"author":"kolinskia","twitter_card":"summary_large_image","twitter_misc":{"Napisane przez":"kolinskia","Szacowany czas czytania":"2 minuty"},"schema":{"@context":"https:\/\/schema.org","@graph":[{"@type":"event","@id":"https:\/\/instytutpolski.pl\/duesseldorf\/2012\/09\/30\/jerzy-skolimowski-retrospektive-bei-cologne-conference\/","url":"https:\/\/instytutpolski.pl\/duesseldorf\/2012\/09\/30\/jerzy-skolimowski-retrospektive-bei-cologne-conference\/","name":"Jerzy Skolimowski - Retrospektive bei Cologne Conference","isPartOf":{"@id":"https:\/\/instytutpolski.pl\/duesseldorf\/#website"},"primaryImageOfPage":{"@id":"https:\/\/instytutpolski.pl\/duesseldorf\/2012\/09\/30\/jerzy-skolimowski-retrospektive-bei-cologne-conference\/#primaryimage"},"image":["https:\/\/instytutpolski.pl\/duesseldorf\/wp-content\/uploads\/sites\/5\/2021\/06\/2-Essential-Killing-scaled.jpg","https:\/\/instytutpolski.pl\/duesseldorf\/wp-content\/uploads\/sites\/5\/2021\/06\/2-Essential-Killing-200x300.jpg","https:\/\/instytutpolski.pl\/duesseldorf\/wp-content\/uploads\/sites\/5\/2021\/06\/2-Essential-Killing-683x1024.jpg","https:\/\/instytutpolski.pl\/duesseldorf\/wp-content\/uploads\/sites\/5\/2021\/06\/2-Essential-Killing-scaled.jpg"],"thumbnailUrl":"https:\/\/instytutpolski.pl\/duesseldorf\/wp-content\/uploads\/sites\/5\/2021\/06\/2-Essential-Killing-scaled.jpg","datePublished":"2012-09-30T11:30:00+02:00","dateModified":"2021-06-09T11:33:29+02:00","author":{"@id":"https:\/\/instytutpolski.pl\/duesseldorf\/#\/schema\/person\/6b4b76776c5d49a1eb862046e311998e"},"breadcrumb":{"@id":"https:\/\/instytutpolski.pl\/duesseldorf\/2012\/09\/30\/jerzy-skolimowski-retrospektive-bei-cologne-conference\/#breadcrumb"},"inLanguage":"pl-PL","potentialAction":[{"@type":"ReadAction","target":["https:\/\/instytutpolski.pl\/duesseldorf\/2012\/09\/30\/jerzy-skolimowski-retrospektive-bei-cologne-conference\/"]}],"@context":"https:\/\/schema.org","startDate":"2012-09-30","endDate":"2012-10-05","eventStatus":"EventScheduled","eventAttendanceMode":"OfflineEventAttendanceMode","location":{"@type":"place","name":"","address":"","geo":{"@type":"GeoCoordinates","latitude":"","longitude":""}},"description":"\u00a0\nSo 30.09.2012 - Fr 05.10.2012 Filmforum NRW im Museum Ludwig, Bischofsgartenstr. 1, 50667 K\u00f6ln und MAAK Museum f\u00fcr Angewandte Kunst, An der Rechtschule 1, 50667 K\u00f6ln\n22. COLOGNE CONFERENCE 30.09-5.10.2012Die Cologne Conference - das f\u00fchrende Festival f\u00fcr herausragendes Fernsehen und unabh\u00e4ngige Filmkultur \u2013 wird ein vielf\u00e4ltiges Programm mit feierlichen Premieren, Screenings der besten aktuellen Produktionen sowie Werkstattgespr\u00e4chen, exklusiven Lectures und Branchenempf\u00e4ngen vorstellen.http:\/\/www.cologne-conference.deJERZY-SKOLIMOWSKI-RETROSPEKTIVE03.\u201304.10.2012Filmforum NRW im Museum Ludwig, Bischofsgartenstr. 1, 50667 K\u00f6lnEin besonderer H\u00f6hepunkt des Festivals ist Jerzy-Skolimowski-Retrospektive. In seiner langen und beeindruckenden Karriere hat sich Skolimowski neben polnischen Arthouse-Filmen ebenso durch ambitionierte internationale Produktionen als einer der bedeutendsten Regisseure Polens etabliert.FILMPROGRAMM:Mittwoch, 03.10.201213.30 Uhr:\u00a0Identification Marks: None (Rysopis), 1964, OmeU15.00 Uhr:\u00a0Walkover (Walkower ), 1965, OmeU21.00 Uhr:\u00a0Essential Killing, 2010, OmeU22.30 Uhr:\u00a0Four Nights with Anna (Cztery noce z Ann\u0105), 2008, OmeUDonnerstag, 04.10.201221.00 Uhr:\u00a0Barrier (Bariera), 1966, OmeU22.30 Uhr:\u00a0Hands Up! (R\u0119ce do g\u00f3ry), 1981, OmeU_________________________________________________________________MEDIENLAND POLEN\u00a0- EINTRITT FREI!In Englischer Sprache.Anmeldung erbeten unter:\u00a0mail@cologne-conference.deMittwoch, 03.10.2012MAAK Museum f\u00fcr Angewandte Kunst, An der Rechtschule 1, 50667 K\u00f6ln16.00 \u2013 17.30 Uhr, Keynotes\"The Polish Media Market - An Overview\": Sahar Baghery, Research Manager, Eurodata TV Worldwide, M\u00e9diam\u00e9trie\"Content Needs of Private Television Stations in Poland\": Bogus\u0142aw Chrabota, stellv. Chefredakteur, Polsat\"Culture as Content. Public Television in Poland\": Katarzyna Janowska, Direktorin, TVP Kultura17.30 \u2013 18.30 Uhr, Panel DiscussionPotentials of Polish-German Cooperations in the Media IndustryChristina Bentlage, Film und Medienstiftung NRWKatarzyna Janowska, TVP KulturaIzabella Kiszka-Hoflik, Polish Film Institute PISFBogus\u0142aw Chrabota, PolsatOlaf Grunert, ARTE G.E.I.E.Moderation: Arne Ludwig, Producer, 2Pilots Filmproduktion______________________________________________________________Filmvorf\u00fchrungTHE FOURTH DIMENSION, 2012, USA, Russland, PolenMittwoch, 03.10.2012, 19.00 UhrFilmforum NRW im Museum LudwigDas Regie-Triumvirat von Harmony Korine, Aleksei Fedorchenko und Jan Kwieci\u0144ski hat sich teils absurde Vorgaben gesetzt und liefert mit diesem Episodenfilm eine der experimentellsten Arbeiten der letzte Jahre ab. Die drei nur thematisch entfernt mit einander verkn\u00fcpften Segmente sind stimmungsvoll, vieldeutig, faszinierend und unvergesslich.Informationen zum Festival - und Rahmenprogramm\u00a0http:\/\/www.cologne-conference.de, auf Facebook und bei Twitter."},{"@type":"ImageObject","inLanguage":"pl-PL","@id":"https:\/\/instytutpolski.pl\/duesseldorf\/2012\/09\/30\/jerzy-skolimowski-retrospektive-bei-cologne-conference\/#primaryimage","url":"https:\/\/instytutpolski.pl\/duesseldorf\/wp-content\/uploads\/sites\/5\/2021\/06\/2-Essential-Killing-scaled.jpg","contentUrl":"https:\/\/instytutpolski.pl\/duesseldorf\/wp-content\/uploads\/sites\/5\/2021\/06\/2-Essential-Killing-scaled.jpg","width":1707,"height":2560},{"@type":"BreadcrumbList","@id":"https:\/\/instytutpolski.pl\/duesseldorf\/2012\/09\/30\/jerzy-skolimowski-retrospektive-bei-cologne-conference\/#breadcrumb","itemListElement":[{"@type":"ListItem","position":1,"name":"Home","item":"https:\/\/instytutpolski.pl\/duesseldorf\/"},{"@type":"ListItem","position":2,"name":"Jerzy Skolimowski &#8211; Retrospektive bei Cologne Conference"}]},{"@type":"WebSite","@id":"https:\/\/instytutpolski.pl\/duesseldorf\/#website","url":"https:\/\/instytutpolski.pl\/duesseldorf\/","name":"Instytut Polski w Dusseldorfie","description":"Instytuty Polskie","potentialAction":[{"@type":"SearchAction","target":{"@type":"EntryPoint","urlTemplate":"https:\/\/instytutpolski.pl\/duesseldorf\/?s={search_term_string}"},"query-input":{"@type":"PropertyValueSpecification","valueRequired":true,"valueName":"search_term_string"}}],"inLanguage":"pl-PL"},{"@type":"Person","@id":"https:\/\/instytutpolski.pl\/duesseldorf\/#\/schema\/person\/6b4b76776c5d49a1eb862046e311998e","name":"kolinskia","image":{"@type":"ImageObject","inLanguage":"pl-PL","@id":"https:\/\/instytutpolski.pl\/duesseldorf\/#\/schema\/person\/image\/","url":"https:\/\/secure.gravatar.com\/avatar\/9bb79075402c1d25f1e9e4e8260c2d13?s=96&d=mm&r=g","contentUrl":"https:\/\/secure.gravatar.com\/avatar\/9bb79075402c1d25f1e9e4e8260c2d13?s=96&d=mm&r=g","caption":"kolinskia"},"url":"https:\/\/instytutpolski.pl\/duesseldorf\/author\/kolinskia\/"}]}},"_links":{"self":[{"href":"https:\/\/instytutpolski.pl\/duesseldorf\/wp-json\/wp\/v2\/posts\/4664","targetHints":{"allow":["GET"]}}],"collection":[{"href":"https:\/\/instytutpolski.pl\/duesseldorf\/wp-json\/wp\/v2\/posts"}],"about":[{"href":"https:\/\/instytutpolski.pl\/duesseldorf\/wp-json\/wp\/v2\/types\/post"}],"author":[{"embeddable":true,"href":"https:\/\/instytutpolski.pl\/duesseldorf\/wp-json\/wp\/v2\/users\/103"}],"replies":[{"embeddable":true,"href":"https:\/\/instytutpolski.pl\/duesseldorf\/wp-json\/wp\/v2\/comments?post=4664"}],"version-history":[{"count":1,"href":"https:\/\/instytutpolski.pl\/duesseldorf\/wp-json\/wp\/v2\/posts\/4664\/revisions"}],"predecessor-version":[{"id":4666,"href":"https:\/\/instytutpolski.pl\/duesseldorf\/wp-json\/wp\/v2\/posts\/4664\/revisions\/4666"}],"wp:featuredmedia":[{"embeddable":true,"href":"https:\/\/instytutpolski.pl\/duesseldorf\/wp-json\/wp\/v2\/media\/4665"}],"wp:attachment":[{"href":"https:\/\/instytutpolski.pl\/duesseldorf\/wp-json\/wp\/v2\/media?parent=4664"}],"wp:term":[{"taxonomy":"category","embeddable":true,"href":"https:\/\/instytutpolski.pl\/duesseldorf\/wp-json\/wp\/v2\/categories?post=4664"},{"taxonomy":"post_tag","embeddable":true,"href":"https:\/\/instytutpolski.pl\/duesseldorf\/wp-json\/wp\/v2\/tags?post=4664"}],"curies":[{"name":"wp","href":"https:\/\/api.w.org\/{rel}","templated":true}]}}