{"id":4689,"date":"2011-11-08T12:59:00","date_gmt":"2011-11-08T11:59:00","guid":{"rendered":"https:\/\/instytutpolski.pl\/duesseldorf\/?p=4689"},"modified":"2021-06-11T13:43:51","modified_gmt":"2021-06-11T11:43:51","slug":"das-ende-des-sommers-regie-piotr-stasik","status":"publish","type":"post","link":"https:\/\/instytutpolski.pl\/duesseldorf\/2011\/11\/08\/das-ende-des-sommers-regie-piotr-stasik\/","title":{"rendered":"Das Ende des Sommers Regie: Piotr Stasik"},"content":{"rendered":"\n<h3 class=\"h3_title\">\u00a0<\/h3>\n<div class=\"edytor programm\">\n<p class=\"news-info\"><strong>Di 08.11.2011 &#8211; Mo 17.10.2011 <\/strong>19.00 Uhr<br \/>Kino Arsenal, Potsdamer Str. 2, Berlin<\/p>\nDOKUMENTARFILMPREIS \u201eERINNERUNG UND ZUKUNFT\u201c UNTERWEGS<br \/><br \/>DER DOKUMENTARFILMPREIS \u201eERINNERUNG UND ZUKUNFT\u201c w\u00fcrdigt Regisseure, die sich kritisch mit den gesellschaftlichen Entwicklungen sowie deren Ursachen in ihren L\u00e4ndern auseinander setzen und dabei grenz\u00fcberschreitende Perspektiven aufzeigen. Bereits zum vierten mal tourt der Preis im Herbst 2011 durch Deutschland und ein Land in Mittel- und Osteuropa. Zwei Filme des diesj\u00e4hrigen Wettbewerbs sind in Zagreb und Berlin bzw. Frankfurt und Leverkusen unterwegs: zum einen Dokumentarfilmpreisgewinner KONIEC LATA (Das Ende des Sommers; Polen 2010) des Regisseurs Piotr Stasik, zum anderen GORELOVKA (Gorelovka; Georgien 2010) von Regisseur Alexander Kviria, der bei goEast den Preis des Ausw\u00e4rtigen Amtes gewann. Die Filme werden in Anwesenheit der Filmemacher gezeigt und von Filmgespr\u00e4chen begleitet.<br \/><br \/>21. Oktober 2011, Zagreb Film Festival, Zagreb<br \/>KONIEC LATA \/ DAS ENDE DES SOMMERS<br \/><br \/>27. Oktober 2011, Kino des Filmmuseums, Frankfurt<br \/>GORELOVKA<br \/><br \/>03. November 2011, Kommunales Kino, Leverkusen<br \/>GORELOVKA<br \/><br \/>08. November 2011, Kino Arsenal, Berlin<br \/>KONIEC LATA \/ DAS ENDE DES SOMMERS<br \/><br \/><br \/>Der Film portr\u00e4tiert mehrere Sch\u00fcler einer Kadettenschule in der russischen Provinzmetropole Penza. 400 Jugendliche im Alter zwischen sieben und 17 Jahren werden hier mit milit\u00e4rischem Drill zu Disziplin und Vaterlandsliebe erzogen. In ihren Uniformen wirken sie wie kleine Erwachsene, doch jenseits der Klassenr\u00e4ume werden sie wieder zu gew\u00f6hnlichen Kindern und Jugendlichen, mit W\u00fcnschen, Hobbys und Sehns\u00fcchten. \u201eDer Film hinterfragt und veranschaulicht die dominierenden Themen und Fragen \u2013 Identit\u00e4t, Patriotismus, Vergangenheit und Zukunft \u2013 einer postkommunistischen Generation\u201c, so die Jury in ihrer Urteilsbegr\u00fcndung.<br \/><br \/>Vorfilm in Berlin: URZ\u0104D \/ THE OFFICE, Polen 1966, Regie: Krzysztof<br \/>Kie\u015blowski, 6 Min., OmeU<br \/>Zagreb: Film und Gespr\u00e4ch mit Piotr Stasik (Regisseur)<br \/>Berlin: Film und anschlie\u00dfendes Podium mit Piotr Stasik, Dr. Margarete<br \/>Wach (Filmwissenschaftlerin, angefragt) und Ulrich Gregor<br \/>(Filmhistoriker); Moderation: Dr. Grit Lemke (Kuratorin und Autorin)<\/div>\n","protected":false},"excerpt":{"rendered":"<p>\u00a0 Di 08.11.2011 &#8211; Mo 17.10.2011 19.00 UhrKino Arsenal, Potsdamer Str. 2, Berlin DOKUMENTARFILMPREIS \u201eERINNERUNG UND ZUKUNFT\u201c UNTERWEGS DER DOKUMENTARFILMPREIS \u201eERINNERUNG UND ZUKUNFT\u201c w\u00fcrdigt Regisseure, die sich kritisch mit den gesellschaftlichen Entwicklungen sowie deren Ursachen in ihren L\u00e4ndern auseinander setzen und dabei grenz\u00fcberschreitende Perspektiven aufzeigen. Bereits zum vierten mal tourt der Preis im Herbst 2011 [&hellip;]<\/p>\n","protected":false},"author":103,"featured_media":4690,"comment_status":"open","ping_status":"open","sticky":false,"template":"","format":"standard","meta":{"inline_featured_image":false,"_monsterinsights_skip_tracking":false,"_monsterinsights_sitenote_active":false,"_monsterinsights_sitenote_note":"","_monsterinsights_sitenote_category":0,"footnotes":""},"categories":[14,103],"tags":[],"class_list":["post-4689","post","type-post","status-publish","format-standard","has-post-thumbnail","hentry","category-film","category-programm"],"yoast_head":"<!-- This site is optimized with the Yoast SEO plugin v24.6 - https:\/\/yoast.com\/wordpress\/plugins\/seo\/ -->\n<title>Das Ende des Sommers Regie: Piotr Stasik - Instytut Polski w Dusseldorfie<\/title>\n<meta name=\"robots\" content=\"index, follow, max-snippet:-1, max-image-preview:large, max-video-preview:-1\" \/>\n<link rel=\"canonical\" href=\"https:\/\/instytutpolski.pl\/duesseldorf\/2011\/11\/08\/das-ende-des-sommers-regie-piotr-stasik\/\" \/>\n<meta property=\"og:locale\" content=\"pl_PL\" \/>\n<meta property=\"og:type\" content=\"article\" \/>\n<meta property=\"og:title\" content=\"Das Ende des Sommers Regie: Piotr Stasik - Instytut Polski w Dusseldorfie\" \/>\n<meta property=\"og:description\" content=\"\u00a0 Di 08.11.2011 &#8211; Mo 17.10.2011 19.00 UhrKino Arsenal, Potsdamer Str. 2, Berlin DOKUMENTARFILMPREIS \u201eERINNERUNG UND ZUKUNFT\u201c UNTERWEGS DER DOKUMENTARFILMPREIS \u201eERINNERUNG UND ZUKUNFT\u201c w\u00fcrdigt Regisseure, die sich kritisch mit den gesellschaftlichen Entwicklungen sowie deren Ursachen in ihren L\u00e4ndern auseinander setzen und dabei grenz\u00fcberschreitende Perspektiven aufzeigen. Bereits zum vierten mal tourt der Preis im Herbst 2011 [&hellip;]\" \/>\n<meta property=\"og:url\" content=\"https:\/\/instytutpolski.pl\/duesseldorf\/2011\/11\/08\/das-ende-des-sommers-regie-piotr-stasik\/\" \/>\n<meta property=\"og:site_name\" content=\"Instytut Polski w Dusseldorfie\" \/>\n<meta property=\"article:published_time\" content=\"2011-11-08T11:59:00+00:00\" \/>\n<meta property=\"article:modified_time\" content=\"2021-06-11T11:43:51+00:00\" \/>\n<meta property=\"og:image\" content=\"https:\/\/instytutpolski.pl\/duesseldorf\/wp-content\/uploads\/sites\/5\/2021\/06\/koniec_lata.jpg\" \/>\n\t<meta property=\"og:image:width\" content=\"440\" \/>\n\t<meta property=\"og:image:height\" content=\"249\" \/>\n\t<meta property=\"og:image:type\" content=\"image\/jpeg\" \/>\n<meta name=\"author\" content=\"kolinskia\" \/>\n<meta name=\"twitter:card\" content=\"summary_large_image\" \/>\n<meta name=\"twitter:label1\" content=\"Napisane przez\" \/>\n\t<meta name=\"twitter:data1\" content=\"kolinskia\" \/>\n\t<meta name=\"twitter:label2\" content=\"Szacowany czas czytania\" \/>\n\t<meta name=\"twitter:data2\" content=\"1 minuta\" \/>\n<script type=\"application\/ld+json\" class=\"yoast-schema-graph\">{\"@context\":\"https:\/\/schema.org\",\"@graph\":[{\"@type\":\"event\",\"@id\":\"https:\/\/instytutpolski.pl\/duesseldorf\/2011\/11\/08\/das-ende-des-sommers-regie-piotr-stasik\/\",\"url\":\"https:\/\/instytutpolski.pl\/duesseldorf\/2011\/11\/08\/das-ende-des-sommers-regie-piotr-stasik\/\",\"name\":\"Das Ende des Sommers Regie: Piotr Stasik\",\"isPartOf\":{\"@id\":\"https:\/\/instytutpolski.pl\/duesseldorf\/#website\"},\"primaryImageOfPage\":{\"@id\":\"https:\/\/instytutpolski.pl\/duesseldorf\/2011\/11\/08\/das-ende-des-sommers-regie-piotr-stasik\/#primaryimage\"},\"image\":[\"https:\/\/instytutpolski.pl\/duesseldorf\/wp-content\/uploads\/sites\/5\/2021\/06\/koniec_lata.jpg\",\"https:\/\/instytutpolski.pl\/duesseldorf\/wp-content\/uploads\/sites\/5\/2021\/06\/koniec_lata-300x170.jpg\",\"https:\/\/instytutpolski.pl\/duesseldorf\/wp-content\/uploads\/sites\/5\/2021\/06\/koniec_lata.jpg\",\"https:\/\/instytutpolski.pl\/duesseldorf\/wp-content\/uploads\/sites\/5\/2021\/06\/koniec_lata.jpg\"],\"thumbnailUrl\":\"https:\/\/instytutpolski.pl\/duesseldorf\/wp-content\/uploads\/sites\/5\/2021\/06\/koniec_lata.jpg\",\"datePublished\":\"2011-11-08T11:59:00+02:00\",\"dateModified\":\"2021-06-11T11:43:51+02:00\",\"author\":{\"@id\":\"https:\/\/instytutpolski.pl\/duesseldorf\/#\/schema\/person\/6b4b76776c5d49a1eb862046e311998e\"},\"breadcrumb\":{\"@id\":\"https:\/\/instytutpolski.pl\/duesseldorf\/2011\/11\/08\/das-ende-des-sommers-regie-piotr-stasik\/#breadcrumb\"},\"inLanguage\":\"pl-PL\",\"potentialAction\":[{\"@type\":\"ReadAction\",\"target\":[\"https:\/\/instytutpolski.pl\/duesseldorf\/2011\/11\/08\/das-ende-des-sommers-regie-piotr-stasik\/\"]}],\"@context\":\"https:\/\/schema.org\",\"startDate\":\"2011-11-08\",\"endDate\":\"2011-11-17\",\"eventStatus\":\"EventScheduled\",\"eventAttendanceMode\":\"OfflineEventAttendanceMode\",\"location\":{\"@type\":\"place\",\"name\":\"\",\"address\":\"\",\"geo\":{\"@type\":\"GeoCoordinates\",\"latitude\":\"\",\"longitude\":\"\"}},\"description\":\"\u00a0\\nDi 08.11.2011 - Mo 17.10.2011 19.00 UhrKino Arsenal, Potsdamer Str. 2, Berlin\\nDOKUMENTARFILMPREIS \u201eERINNERUNG UND ZUKUNFT\u201c UNTERWEGSDER DOKUMENTARFILMPREIS \u201eERINNERUNG UND ZUKUNFT\u201c w\u00fcrdigt Regisseure, die sich kritisch mit den gesellschaftlichen Entwicklungen sowie deren Ursachen in ihren L\u00e4ndern auseinander setzen und dabei grenz\u00fcberschreitende Perspektiven aufzeigen. Bereits zum vierten mal tourt der Preis im Herbst 2011 durch Deutschland und ein Land in Mittel- und Osteuropa. Zwei Filme des diesj\u00e4hrigen Wettbewerbs sind in Zagreb und Berlin bzw. Frankfurt und Leverkusen unterwegs: zum einen Dokumentarfilmpreisgewinner KONIEC LATA (Das Ende des Sommers; Polen 2010) des Regisseurs Piotr Stasik, zum anderen GORELOVKA (Gorelovka; Georgien 2010) von Regisseur Alexander Kviria, der bei goEast den Preis des Ausw\u00e4rtigen Amtes gewann. Die Filme werden in Anwesenheit der Filmemacher gezeigt und von Filmgespr\u00e4chen begleitet.21. Oktober 2011, Zagreb Film Festival, ZagrebKONIEC LATA \/ DAS ENDE DES SOMMERS27. Oktober 2011, Kino des Filmmuseums, FrankfurtGORELOVKA03. November 2011, Kommunales Kino, LeverkusenGORELOVKA08. November 2011, Kino Arsenal, BerlinKONIEC LATA \/ DAS ENDE DES SOMMERSDer Film portr\u00e4tiert mehrere Sch\u00fcler einer Kadettenschule in der russischen Provinzmetropole Penza. 400 Jugendliche im Alter zwischen sieben und 17 Jahren werden hier mit milit\u00e4rischem Drill zu Disziplin und Vaterlandsliebe erzogen. In ihren Uniformen wirken sie wie kleine Erwachsene, doch jenseits der Klassenr\u00e4ume werden sie wieder zu gew\u00f6hnlichen Kindern und Jugendlichen, mit W\u00fcnschen, Hobbys und Sehns\u00fcchten. \u201eDer Film hinterfragt und veranschaulicht die dominierenden Themen und Fragen \u2013 Identit\u00e4t, Patriotismus, Vergangenheit und Zukunft \u2013 einer postkommunistischen Generation\u201c, so die Jury in ihrer Urteilsbegr\u00fcndung.Vorfilm in Berlin: URZ\u0104D \/ THE OFFICE, Polen 1966, Regie: KrzysztofKie\u015blowski, 6 Min., OmeUZagreb: Film und Gespr\u00e4ch mit Piotr Stasik (Regisseur)Berlin: Film und anschlie\u00dfendes Podium mit Piotr Stasik, Dr. MargareteWach (Filmwissenschaftlerin, angefragt) und Ulrich Gregor(Filmhistoriker); Moderation: Dr. Grit Lemke (Kuratorin und Autorin)\"},{\"@type\":\"ImageObject\",\"inLanguage\":\"pl-PL\",\"@id\":\"https:\/\/instytutpolski.pl\/duesseldorf\/2011\/11\/08\/das-ende-des-sommers-regie-piotr-stasik\/#primaryimage\",\"url\":\"https:\/\/instytutpolski.pl\/duesseldorf\/wp-content\/uploads\/sites\/5\/2021\/06\/koniec_lata.jpg\",\"contentUrl\":\"https:\/\/instytutpolski.pl\/duesseldorf\/wp-content\/uploads\/sites\/5\/2021\/06\/koniec_lata.jpg\",\"width\":440,\"height\":249},{\"@type\":\"BreadcrumbList\",\"@id\":\"https:\/\/instytutpolski.pl\/duesseldorf\/2011\/11\/08\/das-ende-des-sommers-regie-piotr-stasik\/#breadcrumb\",\"itemListElement\":[{\"@type\":\"ListItem\",\"position\":1,\"name\":\"Home\",\"item\":\"https:\/\/instytutpolski.pl\/duesseldorf\/\"},{\"@type\":\"ListItem\",\"position\":2,\"name\":\"Das Ende des Sommers Regie: Piotr Stasik\"}]},{\"@type\":\"WebSite\",\"@id\":\"https:\/\/instytutpolski.pl\/duesseldorf\/#website\",\"url\":\"https:\/\/instytutpolski.pl\/duesseldorf\/\",\"name\":\"Instytut Polski w Dusseldorfie\",\"description\":\"Instytuty Polskie\",\"potentialAction\":[{\"@type\":\"SearchAction\",\"target\":{\"@type\":\"EntryPoint\",\"urlTemplate\":\"https:\/\/instytutpolski.pl\/duesseldorf\/?s={search_term_string}\"},\"query-input\":{\"@type\":\"PropertyValueSpecification\",\"valueRequired\":true,\"valueName\":\"search_term_string\"}}],\"inLanguage\":\"pl-PL\"},{\"@type\":\"Person\",\"@id\":\"https:\/\/instytutpolski.pl\/duesseldorf\/#\/schema\/person\/6b4b76776c5d49a1eb862046e311998e\",\"name\":\"kolinskia\",\"image\":{\"@type\":\"ImageObject\",\"inLanguage\":\"pl-PL\",\"@id\":\"https:\/\/instytutpolski.pl\/duesseldorf\/#\/schema\/person\/image\/\",\"url\":\"https:\/\/secure.gravatar.com\/avatar\/9bb79075402c1d25f1e9e4e8260c2d13?s=96&d=mm&r=g\",\"contentUrl\":\"https:\/\/secure.gravatar.com\/avatar\/9bb79075402c1d25f1e9e4e8260c2d13?s=96&d=mm&r=g\",\"caption\":\"kolinskia\"},\"url\":\"https:\/\/instytutpolski.pl\/duesseldorf\/author\/kolinskia\/\"}]}<\/script>\n<!-- \/ Yoast SEO plugin. -->","yoast_head_json":{"title":"Das Ende des Sommers Regie: Piotr Stasik - Instytut Polski w Dusseldorfie","robots":{"index":"index","follow":"follow","max-snippet":"max-snippet:-1","max-image-preview":"max-image-preview:large","max-video-preview":"max-video-preview:-1"},"canonical":"https:\/\/instytutpolski.pl\/duesseldorf\/2011\/11\/08\/das-ende-des-sommers-regie-piotr-stasik\/","og_locale":"pl_PL","og_type":"article","og_title":"Das Ende des Sommers Regie: Piotr Stasik - Instytut Polski w Dusseldorfie","og_description":"\u00a0 Di 08.11.2011 &#8211; Mo 17.10.2011 19.00 UhrKino Arsenal, Potsdamer Str. 2, Berlin DOKUMENTARFILMPREIS \u201eERINNERUNG UND ZUKUNFT\u201c UNTERWEGS DER DOKUMENTARFILMPREIS \u201eERINNERUNG UND ZUKUNFT\u201c w\u00fcrdigt Regisseure, die sich kritisch mit den gesellschaftlichen Entwicklungen sowie deren Ursachen in ihren L\u00e4ndern auseinander setzen und dabei grenz\u00fcberschreitende Perspektiven aufzeigen. Bereits zum vierten mal tourt der Preis im Herbst 2011 [&hellip;]","og_url":"https:\/\/instytutpolski.pl\/duesseldorf\/2011\/11\/08\/das-ende-des-sommers-regie-piotr-stasik\/","og_site_name":"Instytut Polski w Dusseldorfie","article_published_time":"2011-11-08T11:59:00+00:00","article_modified_time":"2021-06-11T11:43:51+00:00","og_image":[{"width":440,"height":249,"url":"https:\/\/instytutpolski.pl\/duesseldorf\/wp-content\/uploads\/sites\/5\/2021\/06\/koniec_lata.jpg","type":"image\/jpeg"}],"author":"kolinskia","twitter_card":"summary_large_image","twitter_misc":{"Napisane przez":"kolinskia","Szacowany czas czytania":"1 minuta"},"schema":{"@context":"https:\/\/schema.org","@graph":[{"@type":"event","@id":"https:\/\/instytutpolski.pl\/duesseldorf\/2011\/11\/08\/das-ende-des-sommers-regie-piotr-stasik\/","url":"https:\/\/instytutpolski.pl\/duesseldorf\/2011\/11\/08\/das-ende-des-sommers-regie-piotr-stasik\/","name":"Das Ende des Sommers Regie: Piotr Stasik","isPartOf":{"@id":"https:\/\/instytutpolski.pl\/duesseldorf\/#website"},"primaryImageOfPage":{"@id":"https:\/\/instytutpolski.pl\/duesseldorf\/2011\/11\/08\/das-ende-des-sommers-regie-piotr-stasik\/#primaryimage"},"image":["https:\/\/instytutpolski.pl\/duesseldorf\/wp-content\/uploads\/sites\/5\/2021\/06\/koniec_lata.jpg","https:\/\/instytutpolski.pl\/duesseldorf\/wp-content\/uploads\/sites\/5\/2021\/06\/koniec_lata-300x170.jpg","https:\/\/instytutpolski.pl\/duesseldorf\/wp-content\/uploads\/sites\/5\/2021\/06\/koniec_lata.jpg","https:\/\/instytutpolski.pl\/duesseldorf\/wp-content\/uploads\/sites\/5\/2021\/06\/koniec_lata.jpg"],"thumbnailUrl":"https:\/\/instytutpolski.pl\/duesseldorf\/wp-content\/uploads\/sites\/5\/2021\/06\/koniec_lata.jpg","datePublished":"2011-11-08T11:59:00+02:00","dateModified":"2021-06-11T11:43:51+02:00","author":{"@id":"https:\/\/instytutpolski.pl\/duesseldorf\/#\/schema\/person\/6b4b76776c5d49a1eb862046e311998e"},"breadcrumb":{"@id":"https:\/\/instytutpolski.pl\/duesseldorf\/2011\/11\/08\/das-ende-des-sommers-regie-piotr-stasik\/#breadcrumb"},"inLanguage":"pl-PL","potentialAction":[{"@type":"ReadAction","target":["https:\/\/instytutpolski.pl\/duesseldorf\/2011\/11\/08\/das-ende-des-sommers-regie-piotr-stasik\/"]}],"@context":"https:\/\/schema.org","startDate":"2011-11-08","endDate":"2011-11-17","eventStatus":"EventScheduled","eventAttendanceMode":"OfflineEventAttendanceMode","location":{"@type":"place","name":"","address":"","geo":{"@type":"GeoCoordinates","latitude":"","longitude":""}},"description":"\u00a0\nDi 08.11.2011 - Mo 17.10.2011 19.00 UhrKino Arsenal, Potsdamer Str. 2, Berlin\nDOKUMENTARFILMPREIS \u201eERINNERUNG UND ZUKUNFT\u201c UNTERWEGSDER DOKUMENTARFILMPREIS \u201eERINNERUNG UND ZUKUNFT\u201c w\u00fcrdigt Regisseure, die sich kritisch mit den gesellschaftlichen Entwicklungen sowie deren Ursachen in ihren L\u00e4ndern auseinander setzen und dabei grenz\u00fcberschreitende Perspektiven aufzeigen. Bereits zum vierten mal tourt der Preis im Herbst 2011 durch Deutschland und ein Land in Mittel- und Osteuropa. Zwei Filme des diesj\u00e4hrigen Wettbewerbs sind in Zagreb und Berlin bzw. Frankfurt und Leverkusen unterwegs: zum einen Dokumentarfilmpreisgewinner KONIEC LATA (Das Ende des Sommers; Polen 2010) des Regisseurs Piotr Stasik, zum anderen GORELOVKA (Gorelovka; Georgien 2010) von Regisseur Alexander Kviria, der bei goEast den Preis des Ausw\u00e4rtigen Amtes gewann. Die Filme werden in Anwesenheit der Filmemacher gezeigt und von Filmgespr\u00e4chen begleitet.21. Oktober 2011, Zagreb Film Festival, ZagrebKONIEC LATA \/ DAS ENDE DES SOMMERS27. Oktober 2011, Kino des Filmmuseums, FrankfurtGORELOVKA03. November 2011, Kommunales Kino, LeverkusenGORELOVKA08. November 2011, Kino Arsenal, BerlinKONIEC LATA \/ DAS ENDE DES SOMMERSDer Film portr\u00e4tiert mehrere Sch\u00fcler einer Kadettenschule in der russischen Provinzmetropole Penza. 400 Jugendliche im Alter zwischen sieben und 17 Jahren werden hier mit milit\u00e4rischem Drill zu Disziplin und Vaterlandsliebe erzogen. In ihren Uniformen wirken sie wie kleine Erwachsene, doch jenseits der Klassenr\u00e4ume werden sie wieder zu gew\u00f6hnlichen Kindern und Jugendlichen, mit W\u00fcnschen, Hobbys und Sehns\u00fcchten. \u201eDer Film hinterfragt und veranschaulicht die dominierenden Themen und Fragen \u2013 Identit\u00e4t, Patriotismus, Vergangenheit und Zukunft \u2013 einer postkommunistischen Generation\u201c, so die Jury in ihrer Urteilsbegr\u00fcndung.Vorfilm in Berlin: URZ\u0104D \/ THE OFFICE, Polen 1966, Regie: KrzysztofKie\u015blowski, 6 Min., OmeUZagreb: Film und Gespr\u00e4ch mit Piotr Stasik (Regisseur)Berlin: Film und anschlie\u00dfendes Podium mit Piotr Stasik, Dr. MargareteWach (Filmwissenschaftlerin, angefragt) und Ulrich Gregor(Filmhistoriker); Moderation: Dr. Grit Lemke (Kuratorin und Autorin)"},{"@type":"ImageObject","inLanguage":"pl-PL","@id":"https:\/\/instytutpolski.pl\/duesseldorf\/2011\/11\/08\/das-ende-des-sommers-regie-piotr-stasik\/#primaryimage","url":"https:\/\/instytutpolski.pl\/duesseldorf\/wp-content\/uploads\/sites\/5\/2021\/06\/koniec_lata.jpg","contentUrl":"https:\/\/instytutpolski.pl\/duesseldorf\/wp-content\/uploads\/sites\/5\/2021\/06\/koniec_lata.jpg","width":440,"height":249},{"@type":"BreadcrumbList","@id":"https:\/\/instytutpolski.pl\/duesseldorf\/2011\/11\/08\/das-ende-des-sommers-regie-piotr-stasik\/#breadcrumb","itemListElement":[{"@type":"ListItem","position":1,"name":"Home","item":"https:\/\/instytutpolski.pl\/duesseldorf\/"},{"@type":"ListItem","position":2,"name":"Das Ende des Sommers Regie: Piotr Stasik"}]},{"@type":"WebSite","@id":"https:\/\/instytutpolski.pl\/duesseldorf\/#website","url":"https:\/\/instytutpolski.pl\/duesseldorf\/","name":"Instytut Polski w Dusseldorfie","description":"Instytuty Polskie","potentialAction":[{"@type":"SearchAction","target":{"@type":"EntryPoint","urlTemplate":"https:\/\/instytutpolski.pl\/duesseldorf\/?s={search_term_string}"},"query-input":{"@type":"PropertyValueSpecification","valueRequired":true,"valueName":"search_term_string"}}],"inLanguage":"pl-PL"},{"@type":"Person","@id":"https:\/\/instytutpolski.pl\/duesseldorf\/#\/schema\/person\/6b4b76776c5d49a1eb862046e311998e","name":"kolinskia","image":{"@type":"ImageObject","inLanguage":"pl-PL","@id":"https:\/\/instytutpolski.pl\/duesseldorf\/#\/schema\/person\/image\/","url":"https:\/\/secure.gravatar.com\/avatar\/9bb79075402c1d25f1e9e4e8260c2d13?s=96&d=mm&r=g","contentUrl":"https:\/\/secure.gravatar.com\/avatar\/9bb79075402c1d25f1e9e4e8260c2d13?s=96&d=mm&r=g","caption":"kolinskia"},"url":"https:\/\/instytutpolski.pl\/duesseldorf\/author\/kolinskia\/"}]}},"_links":{"self":[{"href":"https:\/\/instytutpolski.pl\/duesseldorf\/wp-json\/wp\/v2\/posts\/4689","targetHints":{"allow":["GET"]}}],"collection":[{"href":"https:\/\/instytutpolski.pl\/duesseldorf\/wp-json\/wp\/v2\/posts"}],"about":[{"href":"https:\/\/instytutpolski.pl\/duesseldorf\/wp-json\/wp\/v2\/types\/post"}],"author":[{"embeddable":true,"href":"https:\/\/instytutpolski.pl\/duesseldorf\/wp-json\/wp\/v2\/users\/103"}],"replies":[{"embeddable":true,"href":"https:\/\/instytutpolski.pl\/duesseldorf\/wp-json\/wp\/v2\/comments?post=4689"}],"version-history":[{"count":1,"href":"https:\/\/instytutpolski.pl\/duesseldorf\/wp-json\/wp\/v2\/posts\/4689\/revisions"}],"predecessor-version":[{"id":4691,"href":"https:\/\/instytutpolski.pl\/duesseldorf\/wp-json\/wp\/v2\/posts\/4689\/revisions\/4691"}],"wp:featuredmedia":[{"embeddable":true,"href":"https:\/\/instytutpolski.pl\/duesseldorf\/wp-json\/wp\/v2\/media\/4690"}],"wp:attachment":[{"href":"https:\/\/instytutpolski.pl\/duesseldorf\/wp-json\/wp\/v2\/media?parent=4689"}],"wp:term":[{"taxonomy":"category","embeddable":true,"href":"https:\/\/instytutpolski.pl\/duesseldorf\/wp-json\/wp\/v2\/categories?post=4689"},{"taxonomy":"post_tag","embeddable":true,"href":"https:\/\/instytutpolski.pl\/duesseldorf\/wp-json\/wp\/v2\/tags?post=4689"}],"curies":[{"name":"wp","href":"https:\/\/api.w.org\/{rel}","templated":true}]}}