{"id":4692,"date":"2011-10-20T14:10:00","date_gmt":"2011-10-20T12:10:00","guid":{"rendered":"https:\/\/instytutpolski.pl\/duesseldorf\/?p=4692"},"modified":"2021-06-11T14:14:00","modified_gmt":"2021-06-11T12:14:00","slug":"premiere-des-deutsch-polnischen-films-wintertochter","status":"publish","type":"post","link":"https:\/\/instytutpolski.pl\/duesseldorf\/2011\/10\/20\/premiere-des-deutsch-polnischen-films-wintertochter\/","title":{"rendered":"Premiere des deutsch &#8211; polnischen Films WINTERTOCHTER"},"content":{"rendered":"\n<h3 class=\"h3_title\">\u00a0<\/h3>\n<div class=\"edytor programm\">\n<p class=\"news-info\"><strong>Do 20.10.2011 <\/strong>Deutschlandweite Premiere<\/p>\nDie 12j\u00e4hrige Kattaka f\u00e4llt aus allen Wolken, als sie an Weihnachten erf\u00e4hrt, dass der Mann, den sie bisher Papa genannt hat, nicht ihr richtiger Vater ist. Wutentbrannt und zu allem entschlossen macht sie sich mit ihrem besten Freund Kn\u00e4cke und der 75j\u00e4hrigen Nachbarin Lene auf den Weg nach Polen, wo ihr leiblicher Vater als Matrose auf einem Schiff arbeitet. Was nun beginnt, ist ein aufregender Roadtrip, der sich sowohl f\u00fcr Kattaka als auch f\u00fcr Lene zu einer Reise in die eigene Vergangenheit entwickelt.<br \/><br \/>WINTERTOCHTER<br \/>mit Ursula Werner, Nina Monka, Leon Seidel, Dominik Nowak, Katharina Marie Schubert, M axim Mehmet, Daniel Olbrychski, Merab Ninidze u.v.a.<br \/>Eine Produktion von Schlicht und Ergreifend Film und Pokromski Studio in Ko-Produktion mit dem Rundfunk Berlin-Brandenburg, dem Mitteldeutschen Rundfunk, dem Bayerischen Rundfunk, dem Norddeutschen Rundfunk und dem S\u00fcdwestdeutschen Rundfunk.<br \/>Gef\u00f6rdert von Kuratorium junger deutscher Film \/ BKM, Polnisches Filminstitut, Filmf\u00f6rderungsanstalt, Medienboard Berlin-Brandenburg, Mitteldeutsche Medienf\u00f6rderung und Deutscher Film-F\u00f6rderFonds<br \/>90 Min. \/ Cinemascope \/ Dolby Digital \/ Deutschland Polen 2011<\/div>\n","protected":false},"excerpt":{"rendered":"<p>\u00a0 Do 20.10.2011 Deutschlandweite Premiere Die 12j\u00e4hrige Kattaka f\u00e4llt aus allen Wolken, als sie an Weihnachten erf\u00e4hrt, dass der Mann, den sie bisher Papa genannt hat, nicht ihr richtiger Vater ist. Wutentbrannt und zu allem entschlossen macht sie sich mit ihrem besten Freund Kn\u00e4cke und der 75j\u00e4hrigen Nachbarin Lene auf den Weg nach Polen, wo [&hellip;]<\/p>\n","protected":false},"author":103,"featured_media":4693,"comment_status":"open","ping_status":"open","sticky":false,"template":"","format":"standard","meta":{"inline_featured_image":false,"_monsterinsights_skip_tracking":false,"_monsterinsights_sitenote_active":false,"_monsterinsights_sitenote_note":"","_monsterinsights_sitenote_category":0,"footnotes":""},"categories":[14,103],"tags":[],"class_list":["post-4692","post","type-post","status-publish","format-standard","has-post-thumbnail","hentry","category-film","category-programm"],"yoast_head":"<!-- This site is optimized with the Yoast SEO plugin v24.6 - https:\/\/yoast.com\/wordpress\/plugins\/seo\/ -->\n<title>Premiere des deutsch - polnischen Films WINTERTOCHTER - Instytut Polski w Dusseldorfie<\/title>\n<meta name=\"robots\" content=\"index, follow, max-snippet:-1, max-image-preview:large, max-video-preview:-1\" \/>\n<link rel=\"canonical\" href=\"https:\/\/instytutpolski.pl\/duesseldorf\/2011\/10\/20\/premiere-des-deutsch-polnischen-films-wintertochter\/\" \/>\n<meta property=\"og:locale\" content=\"pl_PL\" \/>\n<meta property=\"og:type\" content=\"article\" \/>\n<meta property=\"og:title\" content=\"Premiere des deutsch - polnischen Films WINTERTOCHTER - Instytut Polski w Dusseldorfie\" \/>\n<meta property=\"og:description\" content=\"\u00a0 Do 20.10.2011 Deutschlandweite Premiere Die 12j\u00e4hrige Kattaka f\u00e4llt aus allen Wolken, als sie an Weihnachten erf\u00e4hrt, dass der Mann, den sie bisher Papa genannt hat, nicht ihr richtiger Vater ist. Wutentbrannt und zu allem entschlossen macht sie sich mit ihrem besten Freund Kn\u00e4cke und der 75j\u00e4hrigen Nachbarin Lene auf den Weg nach Polen, wo [&hellip;]\" \/>\n<meta property=\"og:url\" content=\"https:\/\/instytutpolski.pl\/duesseldorf\/2011\/10\/20\/premiere-des-deutsch-polnischen-films-wintertochter\/\" \/>\n<meta property=\"og:site_name\" content=\"Instytut Polski w Dusseldorfie\" \/>\n<meta property=\"article:published_time\" content=\"2011-10-20T12:10:00+00:00\" \/>\n<meta property=\"article:modified_time\" content=\"2021-06-11T12:14:00+00:00\" \/>\n<meta property=\"og:image\" content=\"https:\/\/instytutpolski.pl\/duesseldorf\/wp-content\/uploads\/sites\/5\/2021\/06\/Nina-Monka-im-Film-Wintertochter.jpg\" \/>\n\t<meta property=\"og:image:width\" content=\"1890\" \/>\n\t<meta property=\"og:image:height\" content=\"1257\" \/>\n\t<meta property=\"og:image:type\" content=\"image\/jpeg\" \/>\n<meta name=\"author\" content=\"kolinskia\" \/>\n<meta name=\"twitter:card\" content=\"summary_large_image\" \/>\n<meta name=\"twitter:label1\" content=\"Napisane przez\" \/>\n\t<meta name=\"twitter:data1\" content=\"kolinskia\" \/>\n\t<meta name=\"twitter:label2\" content=\"Szacowany czas czytania\" \/>\n\t<meta name=\"twitter:data2\" content=\"1 minuta\" \/>\n<script type=\"application\/ld+json\" class=\"yoast-schema-graph\">{\"@context\":\"https:\/\/schema.org\",\"@graph\":[{\"@type\":\"event\",\"@id\":\"https:\/\/instytutpolski.pl\/duesseldorf\/2011\/10\/20\/premiere-des-deutsch-polnischen-films-wintertochter\/\",\"url\":\"https:\/\/instytutpolski.pl\/duesseldorf\/2011\/10\/20\/premiere-des-deutsch-polnischen-films-wintertochter\/\",\"name\":\"Premiere des deutsch - polnischen Films WINTERTOCHTER\",\"isPartOf\":{\"@id\":\"https:\/\/instytutpolski.pl\/duesseldorf\/#website\"},\"primaryImageOfPage\":{\"@id\":\"https:\/\/instytutpolski.pl\/duesseldorf\/2011\/10\/20\/premiere-des-deutsch-polnischen-films-wintertochter\/#primaryimage\"},\"image\":[\"https:\/\/instytutpolski.pl\/duesseldorf\/wp-content\/uploads\/sites\/5\/2021\/06\/Nina-Monka-im-Film-Wintertochter.jpg\",\"https:\/\/instytutpolski.pl\/duesseldorf\/wp-content\/uploads\/sites\/5\/2021\/06\/Nina-Monka-im-Film-Wintertochter-300x200.jpg\",\"https:\/\/instytutpolski.pl\/duesseldorf\/wp-content\/uploads\/sites\/5\/2021\/06\/Nina-Monka-im-Film-Wintertochter-1024x681.jpg\",\"https:\/\/instytutpolski.pl\/duesseldorf\/wp-content\/uploads\/sites\/5\/2021\/06\/Nina-Monka-im-Film-Wintertochter.jpg\"],\"thumbnailUrl\":\"https:\/\/instytutpolski.pl\/duesseldorf\/wp-content\/uploads\/sites\/5\/2021\/06\/Nina-Monka-im-Film-Wintertochter.jpg\",\"datePublished\":\"2011-10-20T12:10:00+02:00\",\"dateModified\":\"2021-06-11T12:14:00+02:00\",\"author\":{\"@id\":\"https:\/\/instytutpolski.pl\/duesseldorf\/#\/schema\/person\/6b4b76776c5d49a1eb862046e311998e\"},\"breadcrumb\":{\"@id\":\"https:\/\/instytutpolski.pl\/duesseldorf\/2011\/10\/20\/premiere-des-deutsch-polnischen-films-wintertochter\/#breadcrumb\"},\"inLanguage\":\"pl-PL\",\"potentialAction\":[{\"@type\":\"ReadAction\",\"target\":[\"https:\/\/instytutpolski.pl\/duesseldorf\/2011\/10\/20\/premiere-des-deutsch-polnischen-films-wintertochter\/\"]}],\"@context\":\"https:\/\/schema.org\",\"startDate\":\"2011-10-20\",\"endDate\":\"2011-10-20\",\"eventStatus\":\"EventScheduled\",\"eventAttendanceMode\":\"OfflineEventAttendanceMode\",\"location\":{\"@type\":\"place\",\"name\":\"\",\"address\":\"\",\"geo\":{\"@type\":\"GeoCoordinates\",\"latitude\":\"\",\"longitude\":\"\"}},\"description\":\"\u00a0\\nDo 20.10.2011 Deutschlandweite Premiere\\nDie 12j\u00e4hrige Kattaka f\u00e4llt aus allen Wolken, als sie an Weihnachten erf\u00e4hrt, dass der Mann, den sie bisher Papa genannt hat, nicht ihr richtiger Vater ist. Wutentbrannt und zu allem entschlossen macht sie sich mit ihrem besten Freund Kn\u00e4cke und der 75j\u00e4hrigen Nachbarin Lene auf den Weg nach Polen, wo ihr leiblicher Vater als Matrose auf einem Schiff arbeitet. Was nun beginnt, ist ein aufregender Roadtrip, der sich sowohl f\u00fcr Kattaka als auch f\u00fcr Lene zu einer Reise in die eigene Vergangenheit entwickelt.WINTERTOCHTERmit Ursula Werner, Nina Monka, Leon Seidel, Dominik Nowak, Katharina Marie Schubert, M axim Mehmet, Daniel Olbrychski, Merab Ninidze u.v.a.Eine Produktion von Schlicht und Ergreifend Film und Pokromski Studio in Ko-Produktion mit dem Rundfunk Berlin-Brandenburg, dem Mitteldeutschen Rundfunk, dem Bayerischen Rundfunk, dem Norddeutschen Rundfunk und dem S\u00fcdwestdeutschen Rundfunk.Gef\u00f6rdert von Kuratorium junger deutscher Film \/ BKM, Polnisches Filminstitut, Filmf\u00f6rderungsanstalt, Medienboard Berlin-Brandenburg, Mitteldeutsche Medienf\u00f6rderung und Deutscher Film-F\u00f6rderFonds90 Min. \/ Cinemascope \/ Dolby Digital \/ Deutschland Polen 2011\"},{\"@type\":\"ImageObject\",\"inLanguage\":\"pl-PL\",\"@id\":\"https:\/\/instytutpolski.pl\/duesseldorf\/2011\/10\/20\/premiere-des-deutsch-polnischen-films-wintertochter\/#primaryimage\",\"url\":\"https:\/\/instytutpolski.pl\/duesseldorf\/wp-content\/uploads\/sites\/5\/2021\/06\/Nina-Monka-im-Film-Wintertochter.jpg\",\"contentUrl\":\"https:\/\/instytutpolski.pl\/duesseldorf\/wp-content\/uploads\/sites\/5\/2021\/06\/Nina-Monka-im-Film-Wintertochter.jpg\",\"width\":1890,\"height\":1257,\"caption\":\"????????????????????????????????????\"},{\"@type\":\"BreadcrumbList\",\"@id\":\"https:\/\/instytutpolski.pl\/duesseldorf\/2011\/10\/20\/premiere-des-deutsch-polnischen-films-wintertochter\/#breadcrumb\",\"itemListElement\":[{\"@type\":\"ListItem\",\"position\":1,\"name\":\"Home\",\"item\":\"https:\/\/instytutpolski.pl\/duesseldorf\/\"},{\"@type\":\"ListItem\",\"position\":2,\"name\":\"Premiere des deutsch &#8211; polnischen Films WINTERTOCHTER\"}]},{\"@type\":\"WebSite\",\"@id\":\"https:\/\/instytutpolski.pl\/duesseldorf\/#website\",\"url\":\"https:\/\/instytutpolski.pl\/duesseldorf\/\",\"name\":\"Instytut Polski w Dusseldorfie\",\"description\":\"Instytuty Polskie\",\"potentialAction\":[{\"@type\":\"SearchAction\",\"target\":{\"@type\":\"EntryPoint\",\"urlTemplate\":\"https:\/\/instytutpolski.pl\/duesseldorf\/?s={search_term_string}\"},\"query-input\":{\"@type\":\"PropertyValueSpecification\",\"valueRequired\":true,\"valueName\":\"search_term_string\"}}],\"inLanguage\":\"pl-PL\"},{\"@type\":\"Person\",\"@id\":\"https:\/\/instytutpolski.pl\/duesseldorf\/#\/schema\/person\/6b4b76776c5d49a1eb862046e311998e\",\"name\":\"kolinskia\",\"image\":{\"@type\":\"ImageObject\",\"inLanguage\":\"pl-PL\",\"@id\":\"https:\/\/instytutpolski.pl\/duesseldorf\/#\/schema\/person\/image\/\",\"url\":\"https:\/\/secure.gravatar.com\/avatar\/9bb79075402c1d25f1e9e4e8260c2d13?s=96&d=mm&r=g\",\"contentUrl\":\"https:\/\/secure.gravatar.com\/avatar\/9bb79075402c1d25f1e9e4e8260c2d13?s=96&d=mm&r=g\",\"caption\":\"kolinskia\"},\"url\":\"https:\/\/instytutpolski.pl\/duesseldorf\/author\/kolinskia\/\"}]}<\/script>\n<!-- \/ Yoast SEO plugin. -->","yoast_head_json":{"title":"Premiere des deutsch - polnischen Films WINTERTOCHTER - Instytut Polski w Dusseldorfie","robots":{"index":"index","follow":"follow","max-snippet":"max-snippet:-1","max-image-preview":"max-image-preview:large","max-video-preview":"max-video-preview:-1"},"canonical":"https:\/\/instytutpolski.pl\/duesseldorf\/2011\/10\/20\/premiere-des-deutsch-polnischen-films-wintertochter\/","og_locale":"pl_PL","og_type":"article","og_title":"Premiere des deutsch - polnischen Films WINTERTOCHTER - Instytut Polski w Dusseldorfie","og_description":"\u00a0 Do 20.10.2011 Deutschlandweite Premiere Die 12j\u00e4hrige Kattaka f\u00e4llt aus allen Wolken, als sie an Weihnachten erf\u00e4hrt, dass der Mann, den sie bisher Papa genannt hat, nicht ihr richtiger Vater ist. Wutentbrannt und zu allem entschlossen macht sie sich mit ihrem besten Freund Kn\u00e4cke und der 75j\u00e4hrigen Nachbarin Lene auf den Weg nach Polen, wo [&hellip;]","og_url":"https:\/\/instytutpolski.pl\/duesseldorf\/2011\/10\/20\/premiere-des-deutsch-polnischen-films-wintertochter\/","og_site_name":"Instytut Polski w Dusseldorfie","article_published_time":"2011-10-20T12:10:00+00:00","article_modified_time":"2021-06-11T12:14:00+00:00","og_image":[{"width":1890,"height":1257,"url":"https:\/\/instytutpolski.pl\/duesseldorf\/wp-content\/uploads\/sites\/5\/2021\/06\/Nina-Monka-im-Film-Wintertochter.jpg","type":"image\/jpeg"}],"author":"kolinskia","twitter_card":"summary_large_image","twitter_misc":{"Napisane przez":"kolinskia","Szacowany czas czytania":"1 minuta"},"schema":{"@context":"https:\/\/schema.org","@graph":[{"@type":"event","@id":"https:\/\/instytutpolski.pl\/duesseldorf\/2011\/10\/20\/premiere-des-deutsch-polnischen-films-wintertochter\/","url":"https:\/\/instytutpolski.pl\/duesseldorf\/2011\/10\/20\/premiere-des-deutsch-polnischen-films-wintertochter\/","name":"Premiere des deutsch - polnischen Films WINTERTOCHTER","isPartOf":{"@id":"https:\/\/instytutpolski.pl\/duesseldorf\/#website"},"primaryImageOfPage":{"@id":"https:\/\/instytutpolski.pl\/duesseldorf\/2011\/10\/20\/premiere-des-deutsch-polnischen-films-wintertochter\/#primaryimage"},"image":["https:\/\/instytutpolski.pl\/duesseldorf\/wp-content\/uploads\/sites\/5\/2021\/06\/Nina-Monka-im-Film-Wintertochter.jpg","https:\/\/instytutpolski.pl\/duesseldorf\/wp-content\/uploads\/sites\/5\/2021\/06\/Nina-Monka-im-Film-Wintertochter-300x200.jpg","https:\/\/instytutpolski.pl\/duesseldorf\/wp-content\/uploads\/sites\/5\/2021\/06\/Nina-Monka-im-Film-Wintertochter-1024x681.jpg","https:\/\/instytutpolski.pl\/duesseldorf\/wp-content\/uploads\/sites\/5\/2021\/06\/Nina-Monka-im-Film-Wintertochter.jpg"],"thumbnailUrl":"https:\/\/instytutpolski.pl\/duesseldorf\/wp-content\/uploads\/sites\/5\/2021\/06\/Nina-Monka-im-Film-Wintertochter.jpg","datePublished":"2011-10-20T12:10:00+02:00","dateModified":"2021-06-11T12:14:00+02:00","author":{"@id":"https:\/\/instytutpolski.pl\/duesseldorf\/#\/schema\/person\/6b4b76776c5d49a1eb862046e311998e"},"breadcrumb":{"@id":"https:\/\/instytutpolski.pl\/duesseldorf\/2011\/10\/20\/premiere-des-deutsch-polnischen-films-wintertochter\/#breadcrumb"},"inLanguage":"pl-PL","potentialAction":[{"@type":"ReadAction","target":["https:\/\/instytutpolski.pl\/duesseldorf\/2011\/10\/20\/premiere-des-deutsch-polnischen-films-wintertochter\/"]}],"@context":"https:\/\/schema.org","startDate":"2011-10-20","endDate":"2011-10-20","eventStatus":"EventScheduled","eventAttendanceMode":"OfflineEventAttendanceMode","location":{"@type":"place","name":"","address":"","geo":{"@type":"GeoCoordinates","latitude":"","longitude":""}},"description":"\u00a0\nDo 20.10.2011 Deutschlandweite Premiere\nDie 12j\u00e4hrige Kattaka f\u00e4llt aus allen Wolken, als sie an Weihnachten erf\u00e4hrt, dass der Mann, den sie bisher Papa genannt hat, nicht ihr richtiger Vater ist. Wutentbrannt und zu allem entschlossen macht sie sich mit ihrem besten Freund Kn\u00e4cke und der 75j\u00e4hrigen Nachbarin Lene auf den Weg nach Polen, wo ihr leiblicher Vater als Matrose auf einem Schiff arbeitet. Was nun beginnt, ist ein aufregender Roadtrip, der sich sowohl f\u00fcr Kattaka als auch f\u00fcr Lene zu einer Reise in die eigene Vergangenheit entwickelt.WINTERTOCHTERmit Ursula Werner, Nina Monka, Leon Seidel, Dominik Nowak, Katharina Marie Schubert, M axim Mehmet, Daniel Olbrychski, Merab Ninidze u.v.a.Eine Produktion von Schlicht und Ergreifend Film und Pokromski Studio in Ko-Produktion mit dem Rundfunk Berlin-Brandenburg, dem Mitteldeutschen Rundfunk, dem Bayerischen Rundfunk, dem Norddeutschen Rundfunk und dem S\u00fcdwestdeutschen Rundfunk.Gef\u00f6rdert von Kuratorium junger deutscher Film \/ BKM, Polnisches Filminstitut, Filmf\u00f6rderungsanstalt, Medienboard Berlin-Brandenburg, Mitteldeutsche Medienf\u00f6rderung und Deutscher Film-F\u00f6rderFonds90 Min. \/ Cinemascope \/ Dolby Digital \/ Deutschland Polen 2011"},{"@type":"ImageObject","inLanguage":"pl-PL","@id":"https:\/\/instytutpolski.pl\/duesseldorf\/2011\/10\/20\/premiere-des-deutsch-polnischen-films-wintertochter\/#primaryimage","url":"https:\/\/instytutpolski.pl\/duesseldorf\/wp-content\/uploads\/sites\/5\/2021\/06\/Nina-Monka-im-Film-Wintertochter.jpg","contentUrl":"https:\/\/instytutpolski.pl\/duesseldorf\/wp-content\/uploads\/sites\/5\/2021\/06\/Nina-Monka-im-Film-Wintertochter.jpg","width":1890,"height":1257,"caption":"????????????????????????????????????"},{"@type":"BreadcrumbList","@id":"https:\/\/instytutpolski.pl\/duesseldorf\/2011\/10\/20\/premiere-des-deutsch-polnischen-films-wintertochter\/#breadcrumb","itemListElement":[{"@type":"ListItem","position":1,"name":"Home","item":"https:\/\/instytutpolski.pl\/duesseldorf\/"},{"@type":"ListItem","position":2,"name":"Premiere des deutsch &#8211; polnischen Films WINTERTOCHTER"}]},{"@type":"WebSite","@id":"https:\/\/instytutpolski.pl\/duesseldorf\/#website","url":"https:\/\/instytutpolski.pl\/duesseldorf\/","name":"Instytut Polski w Dusseldorfie","description":"Instytuty Polskie","potentialAction":[{"@type":"SearchAction","target":{"@type":"EntryPoint","urlTemplate":"https:\/\/instytutpolski.pl\/duesseldorf\/?s={search_term_string}"},"query-input":{"@type":"PropertyValueSpecification","valueRequired":true,"valueName":"search_term_string"}}],"inLanguage":"pl-PL"},{"@type":"Person","@id":"https:\/\/instytutpolski.pl\/duesseldorf\/#\/schema\/person\/6b4b76776c5d49a1eb862046e311998e","name":"kolinskia","image":{"@type":"ImageObject","inLanguage":"pl-PL","@id":"https:\/\/instytutpolski.pl\/duesseldorf\/#\/schema\/person\/image\/","url":"https:\/\/secure.gravatar.com\/avatar\/9bb79075402c1d25f1e9e4e8260c2d13?s=96&d=mm&r=g","contentUrl":"https:\/\/secure.gravatar.com\/avatar\/9bb79075402c1d25f1e9e4e8260c2d13?s=96&d=mm&r=g","caption":"kolinskia"},"url":"https:\/\/instytutpolski.pl\/duesseldorf\/author\/kolinskia\/"}]}},"_links":{"self":[{"href":"https:\/\/instytutpolski.pl\/duesseldorf\/wp-json\/wp\/v2\/posts\/4692","targetHints":{"allow":["GET"]}}],"collection":[{"href":"https:\/\/instytutpolski.pl\/duesseldorf\/wp-json\/wp\/v2\/posts"}],"about":[{"href":"https:\/\/instytutpolski.pl\/duesseldorf\/wp-json\/wp\/v2\/types\/post"}],"author":[{"embeddable":true,"href":"https:\/\/instytutpolski.pl\/duesseldorf\/wp-json\/wp\/v2\/users\/103"}],"replies":[{"embeddable":true,"href":"https:\/\/instytutpolski.pl\/duesseldorf\/wp-json\/wp\/v2\/comments?post=4692"}],"version-history":[{"count":1,"href":"https:\/\/instytutpolski.pl\/duesseldorf\/wp-json\/wp\/v2\/posts\/4692\/revisions"}],"predecessor-version":[{"id":4694,"href":"https:\/\/instytutpolski.pl\/duesseldorf\/wp-json\/wp\/v2\/posts\/4692\/revisions\/4694"}],"wp:featuredmedia":[{"embeddable":true,"href":"https:\/\/instytutpolski.pl\/duesseldorf\/wp-json\/wp\/v2\/media\/4693"}],"wp:attachment":[{"href":"https:\/\/instytutpolski.pl\/duesseldorf\/wp-json\/wp\/v2\/media?parent=4692"}],"wp:term":[{"taxonomy":"category","embeddable":true,"href":"https:\/\/instytutpolski.pl\/duesseldorf\/wp-json\/wp\/v2\/categories?post=4692"},{"taxonomy":"post_tag","embeddable":true,"href":"https:\/\/instytutpolski.pl\/duesseldorf\/wp-json\/wp\/v2\/tags?post=4692"}],"curies":[{"name":"wp","href":"https:\/\/api.w.org\/{rel}","templated":true}]}}