{"id":4806,"date":"2007-10-15T13:47:00","date_gmt":"2007-10-15T11:47:00","guid":{"rendered":"https:\/\/instytutpolski.pl\/duesseldorf\/?p=4806"},"modified":"2021-06-16T13:49:18","modified_gmt":"2021-06-16T11:49:18","slug":"projekt-stummfilm-die-bergkatze-r-ernst-lubitsch-d-1921","status":"publish","type":"post","link":"https:\/\/instytutpolski.pl\/duesseldorf\/2007\/10\/15\/projekt-stummfilm-die-bergkatze-r-ernst-lubitsch-d-1921\/","title":{"rendered":"PROJEKT Stummfilm DIE BERGKATZE R.: Ernst Lubitsch, D.1921"},"content":{"rendered":"\n<h3 class=\"h3_title\">\u00a0<\/h3>\n<div class=\"edytor programm\">\n<p class=\"news-info\"><strong>Mo 15.10.2007 <\/strong>Kino Black Box, Schulstra\u00dfe 4, D\u00fcsseldorf,Tel.: 0211 899 24 90<\/p>\nDer auf eine Bergfestung strafversetzte Leutnant Alexis verliebt sich in Rischka, die wilde Tochter des R\u00e4uberhauptmanns Claudius. Damit seine Tochter nicht auf dumme Gedanken kommt, verheiratet Claudius sie mit dem R\u00e4uber Pepo. Als Rischka erf\u00e4hrt, dass ihr geliebter Leutnant Lilli, die Tochter des Kommandanten, heiraten soll, eilt sie zur Festung. Ger\u00fchrt von Lillis aufrichtiger Liebe zu Alexis, sorgt sie dann aber daf\u00fcr, dass beide wirklich ein Paar werden, und kehrt selbst zu ihrem R\u00e4ubergemahl zur\u00fcck.<br \/>\u201ePola Negri geh\u00f6rt zu jener seltenen Klasse von Schauspielerinnen, die im Tragischen wie auch im Komischen gleich begabt sind. Ihre Komik ist wirklich gekonnt. Und wenn sich einmal eine ernste Situation einschleicht, ist sie die \u00fcberlegene K\u00fcnstlerin, die alle Schwierigkeiten durch ihr souver\u00e4nes Filmspiel \u00fcberwindet; und mal erlebt in diesem grotesken Lustspiel ernste Momente, die durch das gro\u00dfe Spiel der Negri geradezu tragisch packen.\u201c Filmkritik, Lichtbild-B\u00fchne, 16\/ 16.04.1921<\/div>\n","protected":false},"excerpt":{"rendered":"<p>\u00a0 Mo 15.10.2007 Kino Black Box, Schulstra\u00dfe 4, D\u00fcsseldorf,Tel.: 0211 899 24 90 Der auf eine Bergfestung strafversetzte Leutnant Alexis verliebt sich in Rischka, die wilde Tochter des R\u00e4uberhauptmanns Claudius. Damit seine Tochter nicht auf dumme Gedanken kommt, verheiratet Claudius sie mit dem R\u00e4uber Pepo. Als Rischka erf\u00e4hrt, dass ihr geliebter Leutnant Lilli, die Tochter [&hellip;]<\/p>\n","protected":false},"author":103,"featured_media":4807,"comment_status":"open","ping_status":"open","sticky":false,"template":"","format":"standard","meta":{"inline_featured_image":false,"_monsterinsights_skip_tracking":false,"_monsterinsights_sitenote_active":false,"_monsterinsights_sitenote_note":"","_monsterinsights_sitenote_category":0,"footnotes":""},"categories":[14,103],"tags":[],"class_list":["post-4806","post","type-post","status-publish","format-standard","has-post-thumbnail","hentry","category-film","category-programm"],"yoast_head":"<!-- This site is optimized with the Yoast SEO plugin v24.6 - https:\/\/yoast.com\/wordpress\/plugins\/seo\/ -->\n<title>PROJEKT Stummfilm DIE BERGKATZE R.: Ernst Lubitsch, D.1921 - Instytut Polski w Dusseldorfie<\/title>\n<meta name=\"robots\" content=\"index, follow, max-snippet:-1, max-image-preview:large, max-video-preview:-1\" \/>\n<link rel=\"canonical\" href=\"https:\/\/instytutpolski.pl\/duesseldorf\/2007\/10\/15\/projekt-stummfilm-die-bergkatze-r-ernst-lubitsch-d-1921\/\" \/>\n<meta property=\"og:locale\" content=\"pl_PL\" \/>\n<meta property=\"og:type\" content=\"article\" \/>\n<meta property=\"og:title\" content=\"PROJEKT Stummfilm DIE BERGKATZE R.: Ernst Lubitsch, D.1921 - Instytut Polski w Dusseldorfie\" \/>\n<meta property=\"og:description\" content=\"\u00a0 Mo 15.10.2007 Kino Black Box, Schulstra\u00dfe 4, D\u00fcsseldorf,Tel.: 0211 899 24 90 Der auf eine Bergfestung strafversetzte Leutnant Alexis verliebt sich in Rischka, die wilde Tochter des R\u00e4uberhauptmanns Claudius. Damit seine Tochter nicht auf dumme Gedanken kommt, verheiratet Claudius sie mit dem R\u00e4uber Pepo. Als Rischka erf\u00e4hrt, dass ihr geliebter Leutnant Lilli, die Tochter [&hellip;]\" \/>\n<meta property=\"og:url\" content=\"https:\/\/instytutpolski.pl\/duesseldorf\/2007\/10\/15\/projekt-stummfilm-die-bergkatze-r-ernst-lubitsch-d-1921\/\" \/>\n<meta property=\"og:site_name\" content=\"Instytut Polski w Dusseldorfie\" \/>\n<meta property=\"article:published_time\" content=\"2007-10-15T11:47:00+00:00\" \/>\n<meta property=\"article:modified_time\" content=\"2021-06-16T11:49:18+00:00\" \/>\n<meta property=\"og:image\" content=\"https:\/\/instytutpolski.pl\/duesseldorf\/wp-content\/uploads\/sites\/5\/2021\/06\/PolaNegri_02.jpg\" \/>\n\t<meta property=\"og:image:width\" content=\"450\" \/>\n\t<meta property=\"og:image:height\" content=\"366\" \/>\n\t<meta property=\"og:image:type\" content=\"image\/jpeg\" \/>\n<meta name=\"author\" content=\"kolinskia\" \/>\n<meta name=\"twitter:card\" content=\"summary_large_image\" \/>\n<meta name=\"twitter:label1\" content=\"Napisane przez\" \/>\n\t<meta name=\"twitter:data1\" content=\"kolinskia\" \/>\n\t<meta name=\"twitter:label2\" content=\"Szacowany czas czytania\" \/>\n\t<meta name=\"twitter:data2\" content=\"1 minuta\" \/>\n<script type=\"application\/ld+json\" class=\"yoast-schema-graph\">{\"@context\":\"https:\/\/schema.org\",\"@graph\":[{\"@type\":\"event\",\"@id\":\"https:\/\/instytutpolski.pl\/duesseldorf\/2007\/10\/15\/projekt-stummfilm-die-bergkatze-r-ernst-lubitsch-d-1921\/\",\"url\":\"https:\/\/instytutpolski.pl\/duesseldorf\/2007\/10\/15\/projekt-stummfilm-die-bergkatze-r-ernst-lubitsch-d-1921\/\",\"name\":\"PROJEKT Stummfilm DIE BERGKATZE R.: Ernst Lubitsch, D.1921\",\"isPartOf\":{\"@id\":\"https:\/\/instytutpolski.pl\/duesseldorf\/#website\"},\"primaryImageOfPage\":{\"@id\":\"https:\/\/instytutpolski.pl\/duesseldorf\/2007\/10\/15\/projekt-stummfilm-die-bergkatze-r-ernst-lubitsch-d-1921\/#primaryimage\"},\"image\":[\"https:\/\/instytutpolski.pl\/duesseldorf\/wp-content\/uploads\/sites\/5\/2021\/06\/PolaNegri_02.jpg\",\"https:\/\/instytutpolski.pl\/duesseldorf\/wp-content\/uploads\/sites\/5\/2021\/06\/PolaNegri_02-300x244.jpg\",\"https:\/\/instytutpolski.pl\/duesseldorf\/wp-content\/uploads\/sites\/5\/2021\/06\/PolaNegri_02.jpg\",\"https:\/\/instytutpolski.pl\/duesseldorf\/wp-content\/uploads\/sites\/5\/2021\/06\/PolaNegri_02.jpg\"],\"thumbnailUrl\":\"https:\/\/instytutpolski.pl\/duesseldorf\/wp-content\/uploads\/sites\/5\/2021\/06\/PolaNegri_02.jpg\",\"datePublished\":\"2007-10-15T11:47:00+02:00\",\"dateModified\":\"2021-06-16T11:49:18+02:00\",\"author\":{\"@id\":\"https:\/\/instytutpolski.pl\/duesseldorf\/#\/schema\/person\/6b4b76776c5d49a1eb862046e311998e\"},\"breadcrumb\":{\"@id\":\"https:\/\/instytutpolski.pl\/duesseldorf\/2007\/10\/15\/projekt-stummfilm-die-bergkatze-r-ernst-lubitsch-d-1921\/#breadcrumb\"},\"inLanguage\":\"pl-PL\",\"potentialAction\":[{\"@type\":\"ReadAction\",\"target\":[\"https:\/\/instytutpolski.pl\/duesseldorf\/2007\/10\/15\/projekt-stummfilm-die-bergkatze-r-ernst-lubitsch-d-1921\/\"]}],\"@context\":\"https:\/\/schema.org\",\"startDate\":\"2007-10-15\",\"endDate\":\"2007-10-15\",\"eventStatus\":\"EventScheduled\",\"eventAttendanceMode\":\"OfflineEventAttendanceMode\",\"location\":{\"@type\":\"place\",\"name\":\"\",\"address\":\"\",\"geo\":{\"@type\":\"GeoCoordinates\",\"latitude\":\"\",\"longitude\":\"\"}},\"description\":\"\u00a0\\nMo 15.10.2007 Kino Black Box, Schulstra\u00dfe 4, D\u00fcsseldorf,Tel.: 0211 899 24 90\\nDer auf eine Bergfestung strafversetzte Leutnant Alexis verliebt sich in Rischka, die wilde Tochter des R\u00e4uberhauptmanns Claudius. Damit seine Tochter nicht auf dumme Gedanken kommt, verheiratet Claudius sie mit dem R\u00e4uber Pepo. Als Rischka erf\u00e4hrt, dass ihr geliebter Leutnant Lilli, die Tochter des Kommandanten, heiraten soll, eilt sie zur Festung. Ger\u00fchrt von Lillis aufrichtiger Liebe zu Alexis, sorgt sie dann aber daf\u00fcr, dass beide wirklich ein Paar werden, und kehrt selbst zu ihrem R\u00e4ubergemahl zur\u00fcck.\u201ePola Negri geh\u00f6rt zu jener seltenen Klasse von Schauspielerinnen, die im Tragischen wie auch im Komischen gleich begabt sind. Ihre Komik ist wirklich gekonnt. Und wenn sich einmal eine ernste Situation einschleicht, ist sie die \u00fcberlegene K\u00fcnstlerin, die alle Schwierigkeiten durch ihr souver\u00e4nes Filmspiel \u00fcberwindet; und mal erlebt in diesem grotesken Lustspiel ernste Momente, die durch das gro\u00dfe Spiel der Negri geradezu tragisch packen.\u201c Filmkritik, Lichtbild-B\u00fchne, 16\/ 16.04.1921\"},{\"@type\":\"ImageObject\",\"inLanguage\":\"pl-PL\",\"@id\":\"https:\/\/instytutpolski.pl\/duesseldorf\/2007\/10\/15\/projekt-stummfilm-die-bergkatze-r-ernst-lubitsch-d-1921\/#primaryimage\",\"url\":\"https:\/\/instytutpolski.pl\/duesseldorf\/wp-content\/uploads\/sites\/5\/2021\/06\/PolaNegri_02.jpg\",\"contentUrl\":\"https:\/\/instytutpolski.pl\/duesseldorf\/wp-content\/uploads\/sites\/5\/2021\/06\/PolaNegri_02.jpg\",\"width\":450,\"height\":366},{\"@type\":\"BreadcrumbList\",\"@id\":\"https:\/\/instytutpolski.pl\/duesseldorf\/2007\/10\/15\/projekt-stummfilm-die-bergkatze-r-ernst-lubitsch-d-1921\/#breadcrumb\",\"itemListElement\":[{\"@type\":\"ListItem\",\"position\":1,\"name\":\"Home\",\"item\":\"https:\/\/instytutpolski.pl\/duesseldorf\/\"},{\"@type\":\"ListItem\",\"position\":2,\"name\":\"PROJEKT Stummfilm DIE BERGKATZE R.: Ernst Lubitsch, D.1921\"}]},{\"@type\":\"WebSite\",\"@id\":\"https:\/\/instytutpolski.pl\/duesseldorf\/#website\",\"url\":\"https:\/\/instytutpolski.pl\/duesseldorf\/\",\"name\":\"Instytut Polski w Dusseldorfie\",\"description\":\"Instytuty Polskie\",\"potentialAction\":[{\"@type\":\"SearchAction\",\"target\":{\"@type\":\"EntryPoint\",\"urlTemplate\":\"https:\/\/instytutpolski.pl\/duesseldorf\/?s={search_term_string}\"},\"query-input\":{\"@type\":\"PropertyValueSpecification\",\"valueRequired\":true,\"valueName\":\"search_term_string\"}}],\"inLanguage\":\"pl-PL\"},{\"@type\":\"Person\",\"@id\":\"https:\/\/instytutpolski.pl\/duesseldorf\/#\/schema\/person\/6b4b76776c5d49a1eb862046e311998e\",\"name\":\"kolinskia\",\"image\":{\"@type\":\"ImageObject\",\"inLanguage\":\"pl-PL\",\"@id\":\"https:\/\/instytutpolski.pl\/duesseldorf\/#\/schema\/person\/image\/\",\"url\":\"https:\/\/secure.gravatar.com\/avatar\/9bb79075402c1d25f1e9e4e8260c2d13?s=96&d=mm&r=g\",\"contentUrl\":\"https:\/\/secure.gravatar.com\/avatar\/9bb79075402c1d25f1e9e4e8260c2d13?s=96&d=mm&r=g\",\"caption\":\"kolinskia\"},\"url\":\"https:\/\/instytutpolski.pl\/duesseldorf\/author\/kolinskia\/\"}]}<\/script>\n<!-- \/ Yoast SEO plugin. -->","yoast_head_json":{"title":"PROJEKT Stummfilm DIE BERGKATZE R.: Ernst Lubitsch, D.1921 - Instytut Polski w Dusseldorfie","robots":{"index":"index","follow":"follow","max-snippet":"max-snippet:-1","max-image-preview":"max-image-preview:large","max-video-preview":"max-video-preview:-1"},"canonical":"https:\/\/instytutpolski.pl\/duesseldorf\/2007\/10\/15\/projekt-stummfilm-die-bergkatze-r-ernst-lubitsch-d-1921\/","og_locale":"pl_PL","og_type":"article","og_title":"PROJEKT Stummfilm DIE BERGKATZE R.: Ernst Lubitsch, D.1921 - Instytut Polski w Dusseldorfie","og_description":"\u00a0 Mo 15.10.2007 Kino Black Box, Schulstra\u00dfe 4, D\u00fcsseldorf,Tel.: 0211 899 24 90 Der auf eine Bergfestung strafversetzte Leutnant Alexis verliebt sich in Rischka, die wilde Tochter des R\u00e4uberhauptmanns Claudius. Damit seine Tochter nicht auf dumme Gedanken kommt, verheiratet Claudius sie mit dem R\u00e4uber Pepo. Als Rischka erf\u00e4hrt, dass ihr geliebter Leutnant Lilli, die Tochter [&hellip;]","og_url":"https:\/\/instytutpolski.pl\/duesseldorf\/2007\/10\/15\/projekt-stummfilm-die-bergkatze-r-ernst-lubitsch-d-1921\/","og_site_name":"Instytut Polski w Dusseldorfie","article_published_time":"2007-10-15T11:47:00+00:00","article_modified_time":"2021-06-16T11:49:18+00:00","og_image":[{"width":450,"height":366,"url":"https:\/\/instytutpolski.pl\/duesseldorf\/wp-content\/uploads\/sites\/5\/2021\/06\/PolaNegri_02.jpg","type":"image\/jpeg"}],"author":"kolinskia","twitter_card":"summary_large_image","twitter_misc":{"Napisane przez":"kolinskia","Szacowany czas czytania":"1 minuta"},"schema":{"@context":"https:\/\/schema.org","@graph":[{"@type":"event","@id":"https:\/\/instytutpolski.pl\/duesseldorf\/2007\/10\/15\/projekt-stummfilm-die-bergkatze-r-ernst-lubitsch-d-1921\/","url":"https:\/\/instytutpolski.pl\/duesseldorf\/2007\/10\/15\/projekt-stummfilm-die-bergkatze-r-ernst-lubitsch-d-1921\/","name":"PROJEKT Stummfilm DIE BERGKATZE R.: Ernst Lubitsch, D.1921","isPartOf":{"@id":"https:\/\/instytutpolski.pl\/duesseldorf\/#website"},"primaryImageOfPage":{"@id":"https:\/\/instytutpolski.pl\/duesseldorf\/2007\/10\/15\/projekt-stummfilm-die-bergkatze-r-ernst-lubitsch-d-1921\/#primaryimage"},"image":["https:\/\/instytutpolski.pl\/duesseldorf\/wp-content\/uploads\/sites\/5\/2021\/06\/PolaNegri_02.jpg","https:\/\/instytutpolski.pl\/duesseldorf\/wp-content\/uploads\/sites\/5\/2021\/06\/PolaNegri_02-300x244.jpg","https:\/\/instytutpolski.pl\/duesseldorf\/wp-content\/uploads\/sites\/5\/2021\/06\/PolaNegri_02.jpg","https:\/\/instytutpolski.pl\/duesseldorf\/wp-content\/uploads\/sites\/5\/2021\/06\/PolaNegri_02.jpg"],"thumbnailUrl":"https:\/\/instytutpolski.pl\/duesseldorf\/wp-content\/uploads\/sites\/5\/2021\/06\/PolaNegri_02.jpg","datePublished":"2007-10-15T11:47:00+02:00","dateModified":"2021-06-16T11:49:18+02:00","author":{"@id":"https:\/\/instytutpolski.pl\/duesseldorf\/#\/schema\/person\/6b4b76776c5d49a1eb862046e311998e"},"breadcrumb":{"@id":"https:\/\/instytutpolski.pl\/duesseldorf\/2007\/10\/15\/projekt-stummfilm-die-bergkatze-r-ernst-lubitsch-d-1921\/#breadcrumb"},"inLanguage":"pl-PL","potentialAction":[{"@type":"ReadAction","target":["https:\/\/instytutpolski.pl\/duesseldorf\/2007\/10\/15\/projekt-stummfilm-die-bergkatze-r-ernst-lubitsch-d-1921\/"]}],"@context":"https:\/\/schema.org","startDate":"2007-10-15","endDate":"2007-10-15","eventStatus":"EventScheduled","eventAttendanceMode":"OfflineEventAttendanceMode","location":{"@type":"place","name":"","address":"","geo":{"@type":"GeoCoordinates","latitude":"","longitude":""}},"description":"\u00a0\nMo 15.10.2007 Kino Black Box, Schulstra\u00dfe 4, D\u00fcsseldorf,Tel.: 0211 899 24 90\nDer auf eine Bergfestung strafversetzte Leutnant Alexis verliebt sich in Rischka, die wilde Tochter des R\u00e4uberhauptmanns Claudius. Damit seine Tochter nicht auf dumme Gedanken kommt, verheiratet Claudius sie mit dem R\u00e4uber Pepo. Als Rischka erf\u00e4hrt, dass ihr geliebter Leutnant Lilli, die Tochter des Kommandanten, heiraten soll, eilt sie zur Festung. Ger\u00fchrt von Lillis aufrichtiger Liebe zu Alexis, sorgt sie dann aber daf\u00fcr, dass beide wirklich ein Paar werden, und kehrt selbst zu ihrem R\u00e4ubergemahl zur\u00fcck.\u201ePola Negri geh\u00f6rt zu jener seltenen Klasse von Schauspielerinnen, die im Tragischen wie auch im Komischen gleich begabt sind. Ihre Komik ist wirklich gekonnt. Und wenn sich einmal eine ernste Situation einschleicht, ist sie die \u00fcberlegene K\u00fcnstlerin, die alle Schwierigkeiten durch ihr souver\u00e4nes Filmspiel \u00fcberwindet; und mal erlebt in diesem grotesken Lustspiel ernste Momente, die durch das gro\u00dfe Spiel der Negri geradezu tragisch packen.\u201c Filmkritik, Lichtbild-B\u00fchne, 16\/ 16.04.1921"},{"@type":"ImageObject","inLanguage":"pl-PL","@id":"https:\/\/instytutpolski.pl\/duesseldorf\/2007\/10\/15\/projekt-stummfilm-die-bergkatze-r-ernst-lubitsch-d-1921\/#primaryimage","url":"https:\/\/instytutpolski.pl\/duesseldorf\/wp-content\/uploads\/sites\/5\/2021\/06\/PolaNegri_02.jpg","contentUrl":"https:\/\/instytutpolski.pl\/duesseldorf\/wp-content\/uploads\/sites\/5\/2021\/06\/PolaNegri_02.jpg","width":450,"height":366},{"@type":"BreadcrumbList","@id":"https:\/\/instytutpolski.pl\/duesseldorf\/2007\/10\/15\/projekt-stummfilm-die-bergkatze-r-ernst-lubitsch-d-1921\/#breadcrumb","itemListElement":[{"@type":"ListItem","position":1,"name":"Home","item":"https:\/\/instytutpolski.pl\/duesseldorf\/"},{"@type":"ListItem","position":2,"name":"PROJEKT Stummfilm DIE BERGKATZE R.: Ernst Lubitsch, D.1921"}]},{"@type":"WebSite","@id":"https:\/\/instytutpolski.pl\/duesseldorf\/#website","url":"https:\/\/instytutpolski.pl\/duesseldorf\/","name":"Instytut Polski w Dusseldorfie","description":"Instytuty Polskie","potentialAction":[{"@type":"SearchAction","target":{"@type":"EntryPoint","urlTemplate":"https:\/\/instytutpolski.pl\/duesseldorf\/?s={search_term_string}"},"query-input":{"@type":"PropertyValueSpecification","valueRequired":true,"valueName":"search_term_string"}}],"inLanguage":"pl-PL"},{"@type":"Person","@id":"https:\/\/instytutpolski.pl\/duesseldorf\/#\/schema\/person\/6b4b76776c5d49a1eb862046e311998e","name":"kolinskia","image":{"@type":"ImageObject","inLanguage":"pl-PL","@id":"https:\/\/instytutpolski.pl\/duesseldorf\/#\/schema\/person\/image\/","url":"https:\/\/secure.gravatar.com\/avatar\/9bb79075402c1d25f1e9e4e8260c2d13?s=96&d=mm&r=g","contentUrl":"https:\/\/secure.gravatar.com\/avatar\/9bb79075402c1d25f1e9e4e8260c2d13?s=96&d=mm&r=g","caption":"kolinskia"},"url":"https:\/\/instytutpolski.pl\/duesseldorf\/author\/kolinskia\/"}]}},"_links":{"self":[{"href":"https:\/\/instytutpolski.pl\/duesseldorf\/wp-json\/wp\/v2\/posts\/4806","targetHints":{"allow":["GET"]}}],"collection":[{"href":"https:\/\/instytutpolski.pl\/duesseldorf\/wp-json\/wp\/v2\/posts"}],"about":[{"href":"https:\/\/instytutpolski.pl\/duesseldorf\/wp-json\/wp\/v2\/types\/post"}],"author":[{"embeddable":true,"href":"https:\/\/instytutpolski.pl\/duesseldorf\/wp-json\/wp\/v2\/users\/103"}],"replies":[{"embeddable":true,"href":"https:\/\/instytutpolski.pl\/duesseldorf\/wp-json\/wp\/v2\/comments?post=4806"}],"version-history":[{"count":1,"href":"https:\/\/instytutpolski.pl\/duesseldorf\/wp-json\/wp\/v2\/posts\/4806\/revisions"}],"predecessor-version":[{"id":4808,"href":"https:\/\/instytutpolski.pl\/duesseldorf\/wp-json\/wp\/v2\/posts\/4806\/revisions\/4808"}],"wp:featuredmedia":[{"embeddable":true,"href":"https:\/\/instytutpolski.pl\/duesseldorf\/wp-json\/wp\/v2\/media\/4807"}],"wp:attachment":[{"href":"https:\/\/instytutpolski.pl\/duesseldorf\/wp-json\/wp\/v2\/media?parent=4806"}],"wp:term":[{"taxonomy":"category","embeddable":true,"href":"https:\/\/instytutpolski.pl\/duesseldorf\/wp-json\/wp\/v2\/categories?post=4806"},{"taxonomy":"post_tag","embeddable":true,"href":"https:\/\/instytutpolski.pl\/duesseldorf\/wp-json\/wp\/v2\/tags?post=4806"}],"curies":[{"name":"wp","href":"https:\/\/api.w.org\/{rel}","templated":true}]}}