{"id":4809,"date":"2007-09-13T13:49:00","date_gmt":"2007-09-13T11:49:00","guid":{"rendered":"https:\/\/instytutpolski.pl\/duesseldorf\/?p=4809"},"modified":"2021-06-16T13:55:15","modified_gmt":"2021-06-16T11:55:15","slug":"hommage-a-pola-negri-filmvorfuhrung-madame-dubarry-mit-pola-negri","status":"publish","type":"post","link":"https:\/\/instytutpolski.pl\/duesseldorf\/2007\/09\/13\/hommage-a-pola-negri-filmvorfuhrung-madame-dubarry-mit-pola-negri\/","title":{"rendered":"HOMMAGE A POLA NEGRI Filmvorf\u00fchrung MADAME DUBARRY mit Pola Negri"},"content":{"rendered":"\n<h3 class=\"h3_title\">\u00a0<\/h3>\n<div class=\"edytor programm\">\n<p class=\"news-info\"><strong>Do 13.09.2007 <\/strong>Kino Atelier im Savoy Theater, Graf-Adolf-Strasse 47, D\u00fcsseldorf, Tel. 0211\/ 566 34 96<\/p>\nGr\u00e4fin Dubarry ist zur allm\u00e4chtigen M\u00e4tresse von Ludwig XV. aufgestiegen. Sie l\u00e4sst ihren Geliebten Armand aus dem Gef\u00e4ngnis befreien und sorgt f\u00fcr seine Ernennung zum Offizier der k\u00f6niglichen Leibwache. Doch dieser wendet sich gegen die Monarchie und schlie\u00dft sich den Revolution\u00e4ren an. Spektakul\u00e4re Massenszenen und die rasante Inszenierung trugen zum Welterfolg von \u201eMadame Dubarry\u201c bei und ebneten Pola Negri und Ernst Lubitsch den Weg nach Hollywood.<br \/><br \/>Livemusik-Begleitung zum Film: Das Aljoscha Zimmermann Ensemble: Aljoscha Zimmermann (Klavier) und Sabrina Zimmermann (Violine)<br \/><br \/>Aljoscha Zimmermann, der aus Lettland stammende Pianist, Filmkomponist und Professor an der Hochschule f\u00fcr Musik in M\u00fcnchen, hat sich in den letzten 20 Jahren durch Bearbeitungen und Kompositionen zu Stummfilm-Klassikern (sein Repertoire umfasst inzwischen \u00fcber 400 Werke) einen Namen als einer der<br \/>f\u00fchrenden Interpreten dieser besonderen Kunst gemacht.<\/div>\n","protected":false},"excerpt":{"rendered":"<p>\u00a0 Do 13.09.2007 Kino Atelier im Savoy Theater, Graf-Adolf-Strasse 47, D\u00fcsseldorf, Tel. 0211\/ 566 34 96 Gr\u00e4fin Dubarry ist zur allm\u00e4chtigen M\u00e4tresse von Ludwig XV. aufgestiegen. Sie l\u00e4sst ihren Geliebten Armand aus dem Gef\u00e4ngnis befreien und sorgt f\u00fcr seine Ernennung zum Offizier der k\u00f6niglichen Leibwache. Doch dieser wendet sich gegen die Monarchie und schlie\u00dft sich [&hellip;]<\/p>\n","protected":false},"author":103,"featured_media":4810,"comment_status":"open","ping_status":"open","sticky":false,"template":"","format":"standard","meta":{"inline_featured_image":false,"_monsterinsights_skip_tracking":false,"_monsterinsights_sitenote_active":false,"_monsterinsights_sitenote_note":"","_monsterinsights_sitenote_category":0,"footnotes":""},"categories":[14,103],"tags":[],"class_list":["post-4809","post","type-post","status-publish","format-standard","has-post-thumbnail","hentry","category-film","category-programm"],"yoast_head":"<!-- This site is optimized with the Yoast SEO plugin v24.6 - https:\/\/yoast.com\/wordpress\/plugins\/seo\/ -->\n<title>HOMMAGE A POLA NEGRI Filmvorf\u00fchrung MADAME DUBARRY mit Pola Negri - Instytut Polski w Dusseldorfie<\/title>\n<meta name=\"robots\" content=\"index, follow, max-snippet:-1, max-image-preview:large, max-video-preview:-1\" \/>\n<link rel=\"canonical\" href=\"https:\/\/instytutpolski.pl\/duesseldorf\/2007\/09\/13\/hommage-a-pola-negri-filmvorfuhrung-madame-dubarry-mit-pola-negri\/\" \/>\n<meta property=\"og:locale\" content=\"pl_PL\" \/>\n<meta property=\"og:type\" content=\"article\" \/>\n<meta property=\"og:title\" content=\"HOMMAGE A POLA NEGRI Filmvorf\u00fchrung MADAME DUBARRY mit Pola Negri - Instytut Polski w Dusseldorfie\" \/>\n<meta property=\"og:description\" content=\"\u00a0 Do 13.09.2007 Kino Atelier im Savoy Theater, Graf-Adolf-Strasse 47, D\u00fcsseldorf, Tel. 0211\/ 566 34 96 Gr\u00e4fin Dubarry ist zur allm\u00e4chtigen M\u00e4tresse von Ludwig XV. aufgestiegen. Sie l\u00e4sst ihren Geliebten Armand aus dem Gef\u00e4ngnis befreien und sorgt f\u00fcr seine Ernennung zum Offizier der k\u00f6niglichen Leibwache. Doch dieser wendet sich gegen die Monarchie und schlie\u00dft sich [&hellip;]\" \/>\n<meta property=\"og:url\" content=\"https:\/\/instytutpolski.pl\/duesseldorf\/2007\/09\/13\/hommage-a-pola-negri-filmvorfuhrung-madame-dubarry-mit-pola-negri\/\" \/>\n<meta property=\"og:site_name\" content=\"Instytut Polski w Dusseldorfie\" \/>\n<meta property=\"article:published_time\" content=\"2007-09-13T11:49:00+00:00\" \/>\n<meta property=\"article:modified_time\" content=\"2021-06-16T11:55:15+00:00\" \/>\n<meta property=\"og:image\" content=\"https:\/\/instytutpolski.pl\/duesseldorf\/wp-content\/uploads\/sites\/5\/2021\/06\/PolaNegri_Portrait_Zigar-1-ostatnie.jpg\" \/>\n\t<meta property=\"og:image:width\" content=\"568\" \/>\n\t<meta property=\"og:image:height\" content=\"733\" \/>\n\t<meta property=\"og:image:type\" content=\"image\/jpeg\" \/>\n<meta name=\"author\" content=\"kolinskia\" \/>\n<meta name=\"twitter:card\" content=\"summary_large_image\" \/>\n<meta name=\"twitter:label1\" content=\"Napisane przez\" \/>\n\t<meta name=\"twitter:data1\" content=\"kolinskia\" \/>\n\t<meta name=\"twitter:label2\" content=\"Szacowany czas czytania\" \/>\n\t<meta name=\"twitter:data2\" content=\"1 minuta\" \/>\n<script type=\"application\/ld+json\" class=\"yoast-schema-graph\">{\"@context\":\"https:\/\/schema.org\",\"@graph\":[{\"@type\":\"event\",\"@id\":\"https:\/\/instytutpolski.pl\/duesseldorf\/2007\/09\/13\/hommage-a-pola-negri-filmvorfuhrung-madame-dubarry-mit-pola-negri\/\",\"url\":\"https:\/\/instytutpolski.pl\/duesseldorf\/2007\/09\/13\/hommage-a-pola-negri-filmvorfuhrung-madame-dubarry-mit-pola-negri\/\",\"name\":\"HOMMAGE A POLA NEGRI Filmvorf\u00fchrung MADAME DUBARRY mit Pola Negri\",\"isPartOf\":{\"@id\":\"https:\/\/instytutpolski.pl\/duesseldorf\/#website\"},\"primaryImageOfPage\":{\"@id\":\"https:\/\/instytutpolski.pl\/duesseldorf\/2007\/09\/13\/hommage-a-pola-negri-filmvorfuhrung-madame-dubarry-mit-pola-negri\/#primaryimage\"},\"image\":[\"https:\/\/instytutpolski.pl\/duesseldorf\/wp-content\/uploads\/sites\/5\/2021\/06\/PolaNegri_Portrait_Zigar-1-ostatnie.jpg\",\"https:\/\/instytutpolski.pl\/duesseldorf\/wp-content\/uploads\/sites\/5\/2021\/06\/PolaNegri_Portrait_Zigar-1-ostatnie-232x300.jpg\",\"https:\/\/instytutpolski.pl\/duesseldorf\/wp-content\/uploads\/sites\/5\/2021\/06\/PolaNegri_Portrait_Zigar-1-ostatnie.jpg\",\"https:\/\/instytutpolski.pl\/duesseldorf\/wp-content\/uploads\/sites\/5\/2021\/06\/PolaNegri_Portrait_Zigar-1-ostatnie.jpg\"],\"thumbnailUrl\":\"https:\/\/instytutpolski.pl\/duesseldorf\/wp-content\/uploads\/sites\/5\/2021\/06\/PolaNegri_Portrait_Zigar-1-ostatnie.jpg\",\"datePublished\":\"2007-09-13T11:49:00+02:00\",\"dateModified\":\"2021-06-16T11:55:15+02:00\",\"author\":{\"@id\":\"https:\/\/instytutpolski.pl\/duesseldorf\/#\/schema\/person\/6b4b76776c5d49a1eb862046e311998e\"},\"breadcrumb\":{\"@id\":\"https:\/\/instytutpolski.pl\/duesseldorf\/2007\/09\/13\/hommage-a-pola-negri-filmvorfuhrung-madame-dubarry-mit-pola-negri\/#breadcrumb\"},\"inLanguage\":\"pl-PL\",\"potentialAction\":[{\"@type\":\"ReadAction\",\"target\":[\"https:\/\/instytutpolski.pl\/duesseldorf\/2007\/09\/13\/hommage-a-pola-negri-filmvorfuhrung-madame-dubarry-mit-pola-negri\/\"]}],\"@context\":\"https:\/\/schema.org\",\"startDate\":\"2007-09-13\",\"endDate\":\"2007-09-13\",\"eventStatus\":\"EventScheduled\",\"eventAttendanceMode\":\"OfflineEventAttendanceMode\",\"location\":{\"@type\":\"place\",\"name\":\"\",\"address\":\"\",\"geo\":{\"@type\":\"GeoCoordinates\",\"latitude\":\"\",\"longitude\":\"\"}},\"description\":\"\u00a0\\nDo 13.09.2007 Kino Atelier im Savoy Theater, Graf-Adolf-Strasse 47, D\u00fcsseldorf, Tel. 0211\/ 566 34 96\\nGr\u00e4fin Dubarry ist zur allm\u00e4chtigen M\u00e4tresse von Ludwig XV. aufgestiegen. Sie l\u00e4sst ihren Geliebten Armand aus dem Gef\u00e4ngnis befreien und sorgt f\u00fcr seine Ernennung zum Offizier der k\u00f6niglichen Leibwache. Doch dieser wendet sich gegen die Monarchie und schlie\u00dft sich den Revolution\u00e4ren an. Spektakul\u00e4re Massenszenen und die rasante Inszenierung trugen zum Welterfolg von \u201eMadame Dubarry\u201c bei und ebneten Pola Negri und Ernst Lubitsch den Weg nach Hollywood.Livemusik-Begleitung zum Film: Das Aljoscha Zimmermann Ensemble: Aljoscha Zimmermann (Klavier) und Sabrina Zimmermann (Violine)Aljoscha Zimmermann, der aus Lettland stammende Pianist, Filmkomponist und Professor an der Hochschule f\u00fcr Musik in M\u00fcnchen, hat sich in den letzten 20 Jahren durch Bearbeitungen und Kompositionen zu Stummfilm-Klassikern (sein Repertoire umfasst inzwischen \u00fcber 400 Werke) einen Namen als einer derf\u00fchrenden Interpreten dieser besonderen Kunst gemacht.\"},{\"@type\":\"ImageObject\",\"inLanguage\":\"pl-PL\",\"@id\":\"https:\/\/instytutpolski.pl\/duesseldorf\/2007\/09\/13\/hommage-a-pola-negri-filmvorfuhrung-madame-dubarry-mit-pola-negri\/#primaryimage\",\"url\":\"https:\/\/instytutpolski.pl\/duesseldorf\/wp-content\/uploads\/sites\/5\/2021\/06\/PolaNegri_Portrait_Zigar-1-ostatnie.jpg\",\"contentUrl\":\"https:\/\/instytutpolski.pl\/duesseldorf\/wp-content\/uploads\/sites\/5\/2021\/06\/PolaNegri_Portrait_Zigar-1-ostatnie.jpg\",\"width\":568,\"height\":733},{\"@type\":\"BreadcrumbList\",\"@id\":\"https:\/\/instytutpolski.pl\/duesseldorf\/2007\/09\/13\/hommage-a-pola-negri-filmvorfuhrung-madame-dubarry-mit-pola-negri\/#breadcrumb\",\"itemListElement\":[{\"@type\":\"ListItem\",\"position\":1,\"name\":\"Home\",\"item\":\"https:\/\/instytutpolski.pl\/duesseldorf\/\"},{\"@type\":\"ListItem\",\"position\":2,\"name\":\"HOMMAGE A POLA NEGRI Filmvorf\u00fchrung MADAME DUBARRY mit Pola Negri\"}]},{\"@type\":\"WebSite\",\"@id\":\"https:\/\/instytutpolski.pl\/duesseldorf\/#website\",\"url\":\"https:\/\/instytutpolski.pl\/duesseldorf\/\",\"name\":\"Instytut Polski w Dusseldorfie\",\"description\":\"Instytuty Polskie\",\"potentialAction\":[{\"@type\":\"SearchAction\",\"target\":{\"@type\":\"EntryPoint\",\"urlTemplate\":\"https:\/\/instytutpolski.pl\/duesseldorf\/?s={search_term_string}\"},\"query-input\":{\"@type\":\"PropertyValueSpecification\",\"valueRequired\":true,\"valueName\":\"search_term_string\"}}],\"inLanguage\":\"pl-PL\"},{\"@type\":\"Person\",\"@id\":\"https:\/\/instytutpolski.pl\/duesseldorf\/#\/schema\/person\/6b4b76776c5d49a1eb862046e311998e\",\"name\":\"kolinskia\",\"image\":{\"@type\":\"ImageObject\",\"inLanguage\":\"pl-PL\",\"@id\":\"https:\/\/instytutpolski.pl\/duesseldorf\/#\/schema\/person\/image\/\",\"url\":\"https:\/\/secure.gravatar.com\/avatar\/9bb79075402c1d25f1e9e4e8260c2d13?s=96&d=mm&r=g\",\"contentUrl\":\"https:\/\/secure.gravatar.com\/avatar\/9bb79075402c1d25f1e9e4e8260c2d13?s=96&d=mm&r=g\",\"caption\":\"kolinskia\"},\"url\":\"https:\/\/instytutpolski.pl\/duesseldorf\/author\/kolinskia\/\"}]}<\/script>\n<!-- \/ Yoast SEO plugin. -->","yoast_head_json":{"title":"HOMMAGE A POLA NEGRI Filmvorf\u00fchrung MADAME DUBARRY mit Pola Negri - Instytut Polski w Dusseldorfie","robots":{"index":"index","follow":"follow","max-snippet":"max-snippet:-1","max-image-preview":"max-image-preview:large","max-video-preview":"max-video-preview:-1"},"canonical":"https:\/\/instytutpolski.pl\/duesseldorf\/2007\/09\/13\/hommage-a-pola-negri-filmvorfuhrung-madame-dubarry-mit-pola-negri\/","og_locale":"pl_PL","og_type":"article","og_title":"HOMMAGE A POLA NEGRI Filmvorf\u00fchrung MADAME DUBARRY mit Pola Negri - Instytut Polski w Dusseldorfie","og_description":"\u00a0 Do 13.09.2007 Kino Atelier im Savoy Theater, Graf-Adolf-Strasse 47, D\u00fcsseldorf, Tel. 0211\/ 566 34 96 Gr\u00e4fin Dubarry ist zur allm\u00e4chtigen M\u00e4tresse von Ludwig XV. aufgestiegen. Sie l\u00e4sst ihren Geliebten Armand aus dem Gef\u00e4ngnis befreien und sorgt f\u00fcr seine Ernennung zum Offizier der k\u00f6niglichen Leibwache. Doch dieser wendet sich gegen die Monarchie und schlie\u00dft sich [&hellip;]","og_url":"https:\/\/instytutpolski.pl\/duesseldorf\/2007\/09\/13\/hommage-a-pola-negri-filmvorfuhrung-madame-dubarry-mit-pola-negri\/","og_site_name":"Instytut Polski w Dusseldorfie","article_published_time":"2007-09-13T11:49:00+00:00","article_modified_time":"2021-06-16T11:55:15+00:00","og_image":[{"width":568,"height":733,"url":"https:\/\/instytutpolski.pl\/duesseldorf\/wp-content\/uploads\/sites\/5\/2021\/06\/PolaNegri_Portrait_Zigar-1-ostatnie.jpg","type":"image\/jpeg"}],"author":"kolinskia","twitter_card":"summary_large_image","twitter_misc":{"Napisane przez":"kolinskia","Szacowany czas czytania":"1 minuta"},"schema":{"@context":"https:\/\/schema.org","@graph":[{"@type":"event","@id":"https:\/\/instytutpolski.pl\/duesseldorf\/2007\/09\/13\/hommage-a-pola-negri-filmvorfuhrung-madame-dubarry-mit-pola-negri\/","url":"https:\/\/instytutpolski.pl\/duesseldorf\/2007\/09\/13\/hommage-a-pola-negri-filmvorfuhrung-madame-dubarry-mit-pola-negri\/","name":"HOMMAGE A POLA NEGRI Filmvorf\u00fchrung MADAME DUBARRY mit Pola Negri","isPartOf":{"@id":"https:\/\/instytutpolski.pl\/duesseldorf\/#website"},"primaryImageOfPage":{"@id":"https:\/\/instytutpolski.pl\/duesseldorf\/2007\/09\/13\/hommage-a-pola-negri-filmvorfuhrung-madame-dubarry-mit-pola-negri\/#primaryimage"},"image":["https:\/\/instytutpolski.pl\/duesseldorf\/wp-content\/uploads\/sites\/5\/2021\/06\/PolaNegri_Portrait_Zigar-1-ostatnie.jpg","https:\/\/instytutpolski.pl\/duesseldorf\/wp-content\/uploads\/sites\/5\/2021\/06\/PolaNegri_Portrait_Zigar-1-ostatnie-232x300.jpg","https:\/\/instytutpolski.pl\/duesseldorf\/wp-content\/uploads\/sites\/5\/2021\/06\/PolaNegri_Portrait_Zigar-1-ostatnie.jpg","https:\/\/instytutpolski.pl\/duesseldorf\/wp-content\/uploads\/sites\/5\/2021\/06\/PolaNegri_Portrait_Zigar-1-ostatnie.jpg"],"thumbnailUrl":"https:\/\/instytutpolski.pl\/duesseldorf\/wp-content\/uploads\/sites\/5\/2021\/06\/PolaNegri_Portrait_Zigar-1-ostatnie.jpg","datePublished":"2007-09-13T11:49:00+02:00","dateModified":"2021-06-16T11:55:15+02:00","author":{"@id":"https:\/\/instytutpolski.pl\/duesseldorf\/#\/schema\/person\/6b4b76776c5d49a1eb862046e311998e"},"breadcrumb":{"@id":"https:\/\/instytutpolski.pl\/duesseldorf\/2007\/09\/13\/hommage-a-pola-negri-filmvorfuhrung-madame-dubarry-mit-pola-negri\/#breadcrumb"},"inLanguage":"pl-PL","potentialAction":[{"@type":"ReadAction","target":["https:\/\/instytutpolski.pl\/duesseldorf\/2007\/09\/13\/hommage-a-pola-negri-filmvorfuhrung-madame-dubarry-mit-pola-negri\/"]}],"@context":"https:\/\/schema.org","startDate":"2007-09-13","endDate":"2007-09-13","eventStatus":"EventScheduled","eventAttendanceMode":"OfflineEventAttendanceMode","location":{"@type":"place","name":"","address":"","geo":{"@type":"GeoCoordinates","latitude":"","longitude":""}},"description":"\u00a0\nDo 13.09.2007 Kino Atelier im Savoy Theater, Graf-Adolf-Strasse 47, D\u00fcsseldorf, Tel. 0211\/ 566 34 96\nGr\u00e4fin Dubarry ist zur allm\u00e4chtigen M\u00e4tresse von Ludwig XV. aufgestiegen. Sie l\u00e4sst ihren Geliebten Armand aus dem Gef\u00e4ngnis befreien und sorgt f\u00fcr seine Ernennung zum Offizier der k\u00f6niglichen Leibwache. Doch dieser wendet sich gegen die Monarchie und schlie\u00dft sich den Revolution\u00e4ren an. Spektakul\u00e4re Massenszenen und die rasante Inszenierung trugen zum Welterfolg von \u201eMadame Dubarry\u201c bei und ebneten Pola Negri und Ernst Lubitsch den Weg nach Hollywood.Livemusik-Begleitung zum Film: Das Aljoscha Zimmermann Ensemble: Aljoscha Zimmermann (Klavier) und Sabrina Zimmermann (Violine)Aljoscha Zimmermann, der aus Lettland stammende Pianist, Filmkomponist und Professor an der Hochschule f\u00fcr Musik in M\u00fcnchen, hat sich in den letzten 20 Jahren durch Bearbeitungen und Kompositionen zu Stummfilm-Klassikern (sein Repertoire umfasst inzwischen \u00fcber 400 Werke) einen Namen als einer derf\u00fchrenden Interpreten dieser besonderen Kunst gemacht."},{"@type":"ImageObject","inLanguage":"pl-PL","@id":"https:\/\/instytutpolski.pl\/duesseldorf\/2007\/09\/13\/hommage-a-pola-negri-filmvorfuhrung-madame-dubarry-mit-pola-negri\/#primaryimage","url":"https:\/\/instytutpolski.pl\/duesseldorf\/wp-content\/uploads\/sites\/5\/2021\/06\/PolaNegri_Portrait_Zigar-1-ostatnie.jpg","contentUrl":"https:\/\/instytutpolski.pl\/duesseldorf\/wp-content\/uploads\/sites\/5\/2021\/06\/PolaNegri_Portrait_Zigar-1-ostatnie.jpg","width":568,"height":733},{"@type":"BreadcrumbList","@id":"https:\/\/instytutpolski.pl\/duesseldorf\/2007\/09\/13\/hommage-a-pola-negri-filmvorfuhrung-madame-dubarry-mit-pola-negri\/#breadcrumb","itemListElement":[{"@type":"ListItem","position":1,"name":"Home","item":"https:\/\/instytutpolski.pl\/duesseldorf\/"},{"@type":"ListItem","position":2,"name":"HOMMAGE A POLA NEGRI Filmvorf\u00fchrung MADAME DUBARRY mit Pola Negri"}]},{"@type":"WebSite","@id":"https:\/\/instytutpolski.pl\/duesseldorf\/#website","url":"https:\/\/instytutpolski.pl\/duesseldorf\/","name":"Instytut Polski w Dusseldorfie","description":"Instytuty Polskie","potentialAction":[{"@type":"SearchAction","target":{"@type":"EntryPoint","urlTemplate":"https:\/\/instytutpolski.pl\/duesseldorf\/?s={search_term_string}"},"query-input":{"@type":"PropertyValueSpecification","valueRequired":true,"valueName":"search_term_string"}}],"inLanguage":"pl-PL"},{"@type":"Person","@id":"https:\/\/instytutpolski.pl\/duesseldorf\/#\/schema\/person\/6b4b76776c5d49a1eb862046e311998e","name":"kolinskia","image":{"@type":"ImageObject","inLanguage":"pl-PL","@id":"https:\/\/instytutpolski.pl\/duesseldorf\/#\/schema\/person\/image\/","url":"https:\/\/secure.gravatar.com\/avatar\/9bb79075402c1d25f1e9e4e8260c2d13?s=96&d=mm&r=g","contentUrl":"https:\/\/secure.gravatar.com\/avatar\/9bb79075402c1d25f1e9e4e8260c2d13?s=96&d=mm&r=g","caption":"kolinskia"},"url":"https:\/\/instytutpolski.pl\/duesseldorf\/author\/kolinskia\/"}]}},"_links":{"self":[{"href":"https:\/\/instytutpolski.pl\/duesseldorf\/wp-json\/wp\/v2\/posts\/4809","targetHints":{"allow":["GET"]}}],"collection":[{"href":"https:\/\/instytutpolski.pl\/duesseldorf\/wp-json\/wp\/v2\/posts"}],"about":[{"href":"https:\/\/instytutpolski.pl\/duesseldorf\/wp-json\/wp\/v2\/types\/post"}],"author":[{"embeddable":true,"href":"https:\/\/instytutpolski.pl\/duesseldorf\/wp-json\/wp\/v2\/users\/103"}],"replies":[{"embeddable":true,"href":"https:\/\/instytutpolski.pl\/duesseldorf\/wp-json\/wp\/v2\/comments?post=4809"}],"version-history":[{"count":1,"href":"https:\/\/instytutpolski.pl\/duesseldorf\/wp-json\/wp\/v2\/posts\/4809\/revisions"}],"predecessor-version":[{"id":4811,"href":"https:\/\/instytutpolski.pl\/duesseldorf\/wp-json\/wp\/v2\/posts\/4809\/revisions\/4811"}],"wp:featuredmedia":[{"embeddable":true,"href":"https:\/\/instytutpolski.pl\/duesseldorf\/wp-json\/wp\/v2\/media\/4810"}],"wp:attachment":[{"href":"https:\/\/instytutpolski.pl\/duesseldorf\/wp-json\/wp\/v2\/media?parent=4809"}],"wp:term":[{"taxonomy":"category","embeddable":true,"href":"https:\/\/instytutpolski.pl\/duesseldorf\/wp-json\/wp\/v2\/categories?post=4809"},{"taxonomy":"post_tag","embeddable":true,"href":"https:\/\/instytutpolski.pl\/duesseldorf\/wp-json\/wp\/v2\/tags?post=4809"}],"curies":[{"name":"wp","href":"https:\/\/api.w.org\/{rel}","templated":true}]}}