{"id":5128,"date":"2012-08-11T14:24:00","date_gmt":"2012-08-11T12:24:00","guid":{"rendered":"https:\/\/instytutpolski.pl\/duesseldorf\/?p=5128"},"modified":"2021-06-30T14:27:26","modified_gmt":"2021-06-30T12:27:26","slug":"jazz-im-hofgarten-mit-hania-rybka","status":"publish","type":"post","link":"https:\/\/instytutpolski.pl\/duesseldorf\/2012\/08\/11\/jazz-im-hofgarten-mit-hania-rybka\/","title":{"rendered":"Jazz im Hofgarten mit HANIA RYBKA"},"content":{"rendered":"\n<h3 class=\"h3_title\">\u00a0<\/h3>\n<div class=\"edytor programm\">\n<p class=\"news-info\"><strong>Sa 11.08.2012 <\/strong>16Uhr<br \/>Hofgarten, D\u00fcsseldorf<\/p>\nDer Jazzpool begibt sich auf musikalische Feldforschung und sucht in der Vokaltradition der beteiligten L\u00e4nder nach Liedern\/Songs, die als \u201emusikalische Visitenkarten\u201c der jeweiligen Kulturen funktionieren &#8211; vornehmlich Volkslieder, die weit vor der \u201eAmerikanisierung\u201c der Musikkultur entstanden sind. Umso gr\u00f6\u00dfer ist der Reiz, diese alten Vokalformen in eine zeitgen\u00f6ssische Musiksprache zu transferieren, die eindeutig als Jazz erkennbar sein wird.<br \/>Mit freundlicher Unterst\u00fctzung des Polnischen Instituts und des Ministeriums f\u00fcr Familie, Jugend, Kinder, Sport und Kultur.<br \/><br \/>Rita Maria (voc, Portugal), HANKA RYBKA (voc,Polen), Joao Moreira (tp, Portugal)<br \/>Wolfgang Schmidtke (sax, arr), Benjamin Sch\u00e4fer (p), Dieter Manderscheid (b), Peter Weiss (dr)<br \/><br \/>Eintritt frei!<\/div>\n<div class=\"gallery-box\">\u00a0<\/div>\n","protected":false},"excerpt":{"rendered":"<p>\u00a0 Sa 11.08.2012 16UhrHofgarten, D\u00fcsseldorf Der Jazzpool begibt sich auf musikalische Feldforschung und sucht in der Vokaltradition der beteiligten L\u00e4nder nach Liedern\/Songs, die als \u201emusikalische Visitenkarten\u201c der jeweiligen Kulturen funktionieren &#8211; vornehmlich Volkslieder, die weit vor der \u201eAmerikanisierung\u201c der Musikkultur entstanden sind. Umso gr\u00f6\u00dfer ist der Reiz, diese alten Vokalformen in eine zeitgen\u00f6ssische Musiksprache zu [&hellip;]<\/p>\n","protected":false},"author":103,"featured_media":5129,"comment_status":"open","ping_status":"open","sticky":false,"template":"","format":"standard","meta":{"inline_featured_image":false,"_monsterinsights_skip_tracking":false,"_monsterinsights_sitenote_active":false,"_monsterinsights_sitenote_note":"","_monsterinsights_sitenote_category":0,"footnotes":""},"categories":[12,103],"tags":[],"class_list":["post-5128","post","type-post","status-publish","format-standard","has-post-thumbnail","hentry","category-musik","category-programm"],"yoast_head":"<!-- This site is optimized with the Yoast SEO plugin v24.6 - https:\/\/yoast.com\/wordpress\/plugins\/seo\/ -->\n<title>Jazz im Hofgarten mit HANIA RYBKA - Instytut Polski w Dusseldorfie<\/title>\n<meta name=\"robots\" content=\"index, follow, max-snippet:-1, max-image-preview:large, max-video-preview:-1\" \/>\n<link rel=\"canonical\" href=\"https:\/\/instytutpolski.pl\/duesseldorf\/2012\/08\/11\/jazz-im-hofgarten-mit-hania-rybka\/\" \/>\n<meta property=\"og:locale\" content=\"pl_PL\" \/>\n<meta property=\"og:type\" content=\"article\" \/>\n<meta property=\"og:title\" content=\"Jazz im Hofgarten mit HANIA RYBKA - Instytut Polski w Dusseldorfie\" \/>\n<meta property=\"og:description\" content=\"\u00a0 Sa 11.08.2012 16UhrHofgarten, D\u00fcsseldorf Der Jazzpool begibt sich auf musikalische Feldforschung und sucht in der Vokaltradition der beteiligten L\u00e4nder nach Liedern\/Songs, die als \u201emusikalische Visitenkarten\u201c der jeweiligen Kulturen funktionieren &#8211; vornehmlich Volkslieder, die weit vor der \u201eAmerikanisierung\u201c der Musikkultur entstanden sind. Umso gr\u00f6\u00dfer ist der Reiz, diese alten Vokalformen in eine zeitgen\u00f6ssische Musiksprache zu [&hellip;]\" \/>\n<meta property=\"og:url\" content=\"https:\/\/instytutpolski.pl\/duesseldorf\/2012\/08\/11\/jazz-im-hofgarten-mit-hania-rybka\/\" \/>\n<meta property=\"og:site_name\" content=\"Instytut Polski w Dusseldorfie\" \/>\n<meta property=\"article:published_time\" content=\"2012-08-11T12:24:00+00:00\" \/>\n<meta property=\"article:modified_time\" content=\"2021-06-30T12:27:26+00:00\" \/>\n<meta property=\"og:image\" content=\"https:\/\/instytutpolski.pl\/duesseldorf\/wp-content\/uploads\/sites\/5\/2021\/06\/Jazzpool_HankaRybka.jpg\" \/>\n\t<meta property=\"og:image:width\" content=\"640\" \/>\n\t<meta property=\"og:image:height\" content=\"480\" \/>\n\t<meta property=\"og:image:type\" content=\"image\/jpeg\" \/>\n<meta name=\"author\" content=\"kolinskia\" \/>\n<meta name=\"twitter:card\" content=\"summary_large_image\" \/>\n<meta name=\"twitter:label1\" content=\"Napisane przez\" \/>\n\t<meta name=\"twitter:data1\" content=\"kolinskia\" \/>\n\t<meta name=\"twitter:label2\" content=\"Szacowany czas czytania\" \/>\n\t<meta name=\"twitter:data2\" content=\"1 minuta\" \/>\n<script type=\"application\/ld+json\" class=\"yoast-schema-graph\">{\"@context\":\"https:\/\/schema.org\",\"@graph\":[{\"@type\":\"event\",\"@id\":\"https:\/\/instytutpolski.pl\/duesseldorf\/2012\/08\/11\/jazz-im-hofgarten-mit-hania-rybka\/\",\"url\":\"https:\/\/instytutpolski.pl\/duesseldorf\/2012\/08\/11\/jazz-im-hofgarten-mit-hania-rybka\/\",\"name\":\"Jazz im Hofgarten mit HANIA RYBKA\",\"isPartOf\":{\"@id\":\"https:\/\/instytutpolski.pl\/duesseldorf\/#website\"},\"primaryImageOfPage\":{\"@id\":\"https:\/\/instytutpolski.pl\/duesseldorf\/2012\/08\/11\/jazz-im-hofgarten-mit-hania-rybka\/#primaryimage\"},\"image\":[\"https:\/\/instytutpolski.pl\/duesseldorf\/wp-content\/uploads\/sites\/5\/2021\/06\/Jazzpool_HankaRybka.jpg\",\"https:\/\/instytutpolski.pl\/duesseldorf\/wp-content\/uploads\/sites\/5\/2021\/06\/Jazzpool_HankaRybka-300x225.jpg\",\"https:\/\/instytutpolski.pl\/duesseldorf\/wp-content\/uploads\/sites\/5\/2021\/06\/Jazzpool_HankaRybka.jpg\",\"https:\/\/instytutpolski.pl\/duesseldorf\/wp-content\/uploads\/sites\/5\/2021\/06\/Jazzpool_HankaRybka.jpg\"],\"thumbnailUrl\":\"https:\/\/instytutpolski.pl\/duesseldorf\/wp-content\/uploads\/sites\/5\/2021\/06\/Jazzpool_HankaRybka.jpg\",\"datePublished\":\"2012-08-11T12:24:00+02:00\",\"dateModified\":\"2021-06-30T12:27:26+02:00\",\"author\":{\"@id\":\"https:\/\/instytutpolski.pl\/duesseldorf\/#\/schema\/person\/6b4b76776c5d49a1eb862046e311998e\"},\"breadcrumb\":{\"@id\":\"https:\/\/instytutpolski.pl\/duesseldorf\/2012\/08\/11\/jazz-im-hofgarten-mit-hania-rybka\/#breadcrumb\"},\"inLanguage\":\"pl-PL\",\"potentialAction\":[{\"@type\":\"ReadAction\",\"target\":[\"https:\/\/instytutpolski.pl\/duesseldorf\/2012\/08\/11\/jazz-im-hofgarten-mit-hania-rybka\/\"]}],\"@context\":\"https:\/\/schema.org\",\"startDate\":\"2012-08-11\",\"endDate\":\"2012-08-11\",\"eventStatus\":\"EventScheduled\",\"eventAttendanceMode\":\"OfflineEventAttendanceMode\",\"location\":{\"@type\":\"place\",\"name\":\"\",\"address\":\"\",\"geo\":{\"@type\":\"GeoCoordinates\",\"latitude\":\"\",\"longitude\":\"\"}},\"description\":\"\u00a0\\nSa 11.08.2012 16UhrHofgarten, D\u00fcsseldorf\\nDer Jazzpool begibt sich auf musikalische Feldforschung und sucht in der Vokaltradition der beteiligten L\u00e4nder nach Liedern\/Songs, die als \u201emusikalische Visitenkarten\u201c der jeweiligen Kulturen funktionieren - vornehmlich Volkslieder, die weit vor der \u201eAmerikanisierung\u201c der Musikkultur entstanden sind. Umso gr\u00f6\u00dfer ist der Reiz, diese alten Vokalformen in eine zeitgen\u00f6ssische Musiksprache zu transferieren, die eindeutig als Jazz erkennbar sein wird.Mit freundlicher Unterst\u00fctzung des Polnischen Instituts und des Ministeriums f\u00fcr Familie, Jugend, Kinder, Sport und Kultur.Rita Maria (voc, Portugal), HANKA RYBKA (voc,Polen), Joao Moreira (tp, Portugal)Wolfgang Schmidtke (sax, arr), Benjamin Sch\u00e4fer (p), Dieter Manderscheid (b), Peter Weiss (dr)Eintritt frei!\\n\u00a0\"},{\"@type\":\"ImageObject\",\"inLanguage\":\"pl-PL\",\"@id\":\"https:\/\/instytutpolski.pl\/duesseldorf\/2012\/08\/11\/jazz-im-hofgarten-mit-hania-rybka\/#primaryimage\",\"url\":\"https:\/\/instytutpolski.pl\/duesseldorf\/wp-content\/uploads\/sites\/5\/2021\/06\/Jazzpool_HankaRybka.jpg\",\"contentUrl\":\"https:\/\/instytutpolski.pl\/duesseldorf\/wp-content\/uploads\/sites\/5\/2021\/06\/Jazzpool_HankaRybka.jpg\",\"width\":640,\"height\":480},{\"@type\":\"BreadcrumbList\",\"@id\":\"https:\/\/instytutpolski.pl\/duesseldorf\/2012\/08\/11\/jazz-im-hofgarten-mit-hania-rybka\/#breadcrumb\",\"itemListElement\":[{\"@type\":\"ListItem\",\"position\":1,\"name\":\"Home\",\"item\":\"https:\/\/instytutpolski.pl\/duesseldorf\/\"},{\"@type\":\"ListItem\",\"position\":2,\"name\":\"Jazz im Hofgarten mit HANIA RYBKA\"}]},{\"@type\":\"WebSite\",\"@id\":\"https:\/\/instytutpolski.pl\/duesseldorf\/#website\",\"url\":\"https:\/\/instytutpolski.pl\/duesseldorf\/\",\"name\":\"Instytut Polski w Dusseldorfie\",\"description\":\"Instytuty Polskie\",\"potentialAction\":[{\"@type\":\"SearchAction\",\"target\":{\"@type\":\"EntryPoint\",\"urlTemplate\":\"https:\/\/instytutpolski.pl\/duesseldorf\/?s={search_term_string}\"},\"query-input\":{\"@type\":\"PropertyValueSpecification\",\"valueRequired\":true,\"valueName\":\"search_term_string\"}}],\"inLanguage\":\"pl-PL\"},{\"@type\":\"Person\",\"@id\":\"https:\/\/instytutpolski.pl\/duesseldorf\/#\/schema\/person\/6b4b76776c5d49a1eb862046e311998e\",\"name\":\"kolinskia\",\"image\":{\"@type\":\"ImageObject\",\"inLanguage\":\"pl-PL\",\"@id\":\"https:\/\/instytutpolski.pl\/duesseldorf\/#\/schema\/person\/image\/\",\"url\":\"https:\/\/secure.gravatar.com\/avatar\/9bb79075402c1d25f1e9e4e8260c2d13?s=96&d=mm&r=g\",\"contentUrl\":\"https:\/\/secure.gravatar.com\/avatar\/9bb79075402c1d25f1e9e4e8260c2d13?s=96&d=mm&r=g\",\"caption\":\"kolinskia\"},\"url\":\"https:\/\/instytutpolski.pl\/duesseldorf\/author\/kolinskia\/\"}]}<\/script>\n<!-- \/ Yoast SEO plugin. -->","yoast_head_json":{"title":"Jazz im Hofgarten mit HANIA RYBKA - Instytut Polski w Dusseldorfie","robots":{"index":"index","follow":"follow","max-snippet":"max-snippet:-1","max-image-preview":"max-image-preview:large","max-video-preview":"max-video-preview:-1"},"canonical":"https:\/\/instytutpolski.pl\/duesseldorf\/2012\/08\/11\/jazz-im-hofgarten-mit-hania-rybka\/","og_locale":"pl_PL","og_type":"article","og_title":"Jazz im Hofgarten mit HANIA RYBKA - Instytut Polski w Dusseldorfie","og_description":"\u00a0 Sa 11.08.2012 16UhrHofgarten, D\u00fcsseldorf Der Jazzpool begibt sich auf musikalische Feldforschung und sucht in der Vokaltradition der beteiligten L\u00e4nder nach Liedern\/Songs, die als \u201emusikalische Visitenkarten\u201c der jeweiligen Kulturen funktionieren &#8211; vornehmlich Volkslieder, die weit vor der \u201eAmerikanisierung\u201c der Musikkultur entstanden sind. Umso gr\u00f6\u00dfer ist der Reiz, diese alten Vokalformen in eine zeitgen\u00f6ssische Musiksprache zu [&hellip;]","og_url":"https:\/\/instytutpolski.pl\/duesseldorf\/2012\/08\/11\/jazz-im-hofgarten-mit-hania-rybka\/","og_site_name":"Instytut Polski w Dusseldorfie","article_published_time":"2012-08-11T12:24:00+00:00","article_modified_time":"2021-06-30T12:27:26+00:00","og_image":[{"width":640,"height":480,"url":"https:\/\/instytutpolski.pl\/duesseldorf\/wp-content\/uploads\/sites\/5\/2021\/06\/Jazzpool_HankaRybka.jpg","type":"image\/jpeg"}],"author":"kolinskia","twitter_card":"summary_large_image","twitter_misc":{"Napisane przez":"kolinskia","Szacowany czas czytania":"1 minuta"},"schema":{"@context":"https:\/\/schema.org","@graph":[{"@type":"event","@id":"https:\/\/instytutpolski.pl\/duesseldorf\/2012\/08\/11\/jazz-im-hofgarten-mit-hania-rybka\/","url":"https:\/\/instytutpolski.pl\/duesseldorf\/2012\/08\/11\/jazz-im-hofgarten-mit-hania-rybka\/","name":"Jazz im Hofgarten mit HANIA RYBKA","isPartOf":{"@id":"https:\/\/instytutpolski.pl\/duesseldorf\/#website"},"primaryImageOfPage":{"@id":"https:\/\/instytutpolski.pl\/duesseldorf\/2012\/08\/11\/jazz-im-hofgarten-mit-hania-rybka\/#primaryimage"},"image":["https:\/\/instytutpolski.pl\/duesseldorf\/wp-content\/uploads\/sites\/5\/2021\/06\/Jazzpool_HankaRybka.jpg","https:\/\/instytutpolski.pl\/duesseldorf\/wp-content\/uploads\/sites\/5\/2021\/06\/Jazzpool_HankaRybka-300x225.jpg","https:\/\/instytutpolski.pl\/duesseldorf\/wp-content\/uploads\/sites\/5\/2021\/06\/Jazzpool_HankaRybka.jpg","https:\/\/instytutpolski.pl\/duesseldorf\/wp-content\/uploads\/sites\/5\/2021\/06\/Jazzpool_HankaRybka.jpg"],"thumbnailUrl":"https:\/\/instytutpolski.pl\/duesseldorf\/wp-content\/uploads\/sites\/5\/2021\/06\/Jazzpool_HankaRybka.jpg","datePublished":"2012-08-11T12:24:00+02:00","dateModified":"2021-06-30T12:27:26+02:00","author":{"@id":"https:\/\/instytutpolski.pl\/duesseldorf\/#\/schema\/person\/6b4b76776c5d49a1eb862046e311998e"},"breadcrumb":{"@id":"https:\/\/instytutpolski.pl\/duesseldorf\/2012\/08\/11\/jazz-im-hofgarten-mit-hania-rybka\/#breadcrumb"},"inLanguage":"pl-PL","potentialAction":[{"@type":"ReadAction","target":["https:\/\/instytutpolski.pl\/duesseldorf\/2012\/08\/11\/jazz-im-hofgarten-mit-hania-rybka\/"]}],"@context":"https:\/\/schema.org","startDate":"2012-08-11","endDate":"2012-08-11","eventStatus":"EventScheduled","eventAttendanceMode":"OfflineEventAttendanceMode","location":{"@type":"place","name":"","address":"","geo":{"@type":"GeoCoordinates","latitude":"","longitude":""}},"description":"\u00a0\nSa 11.08.2012 16UhrHofgarten, D\u00fcsseldorf\nDer Jazzpool begibt sich auf musikalische Feldforschung und sucht in der Vokaltradition der beteiligten L\u00e4nder nach Liedern\/Songs, die als \u201emusikalische Visitenkarten\u201c der jeweiligen Kulturen funktionieren - vornehmlich Volkslieder, die weit vor der \u201eAmerikanisierung\u201c der Musikkultur entstanden sind. Umso gr\u00f6\u00dfer ist der Reiz, diese alten Vokalformen in eine zeitgen\u00f6ssische Musiksprache zu transferieren, die eindeutig als Jazz erkennbar sein wird.Mit freundlicher Unterst\u00fctzung des Polnischen Instituts und des Ministeriums f\u00fcr Familie, Jugend, Kinder, Sport und Kultur.Rita Maria (voc, Portugal), HANKA RYBKA (voc,Polen), Joao Moreira (tp, Portugal)Wolfgang Schmidtke (sax, arr), Benjamin Sch\u00e4fer (p), Dieter Manderscheid (b), Peter Weiss (dr)Eintritt frei!\n\u00a0"},{"@type":"ImageObject","inLanguage":"pl-PL","@id":"https:\/\/instytutpolski.pl\/duesseldorf\/2012\/08\/11\/jazz-im-hofgarten-mit-hania-rybka\/#primaryimage","url":"https:\/\/instytutpolski.pl\/duesseldorf\/wp-content\/uploads\/sites\/5\/2021\/06\/Jazzpool_HankaRybka.jpg","contentUrl":"https:\/\/instytutpolski.pl\/duesseldorf\/wp-content\/uploads\/sites\/5\/2021\/06\/Jazzpool_HankaRybka.jpg","width":640,"height":480},{"@type":"BreadcrumbList","@id":"https:\/\/instytutpolski.pl\/duesseldorf\/2012\/08\/11\/jazz-im-hofgarten-mit-hania-rybka\/#breadcrumb","itemListElement":[{"@type":"ListItem","position":1,"name":"Home","item":"https:\/\/instytutpolski.pl\/duesseldorf\/"},{"@type":"ListItem","position":2,"name":"Jazz im Hofgarten mit HANIA RYBKA"}]},{"@type":"WebSite","@id":"https:\/\/instytutpolski.pl\/duesseldorf\/#website","url":"https:\/\/instytutpolski.pl\/duesseldorf\/","name":"Instytut Polski w Dusseldorfie","description":"Instytuty Polskie","potentialAction":[{"@type":"SearchAction","target":{"@type":"EntryPoint","urlTemplate":"https:\/\/instytutpolski.pl\/duesseldorf\/?s={search_term_string}"},"query-input":{"@type":"PropertyValueSpecification","valueRequired":true,"valueName":"search_term_string"}}],"inLanguage":"pl-PL"},{"@type":"Person","@id":"https:\/\/instytutpolski.pl\/duesseldorf\/#\/schema\/person\/6b4b76776c5d49a1eb862046e311998e","name":"kolinskia","image":{"@type":"ImageObject","inLanguage":"pl-PL","@id":"https:\/\/instytutpolski.pl\/duesseldorf\/#\/schema\/person\/image\/","url":"https:\/\/secure.gravatar.com\/avatar\/9bb79075402c1d25f1e9e4e8260c2d13?s=96&d=mm&r=g","contentUrl":"https:\/\/secure.gravatar.com\/avatar\/9bb79075402c1d25f1e9e4e8260c2d13?s=96&d=mm&r=g","caption":"kolinskia"},"url":"https:\/\/instytutpolski.pl\/duesseldorf\/author\/kolinskia\/"}]}},"_links":{"self":[{"href":"https:\/\/instytutpolski.pl\/duesseldorf\/wp-json\/wp\/v2\/posts\/5128","targetHints":{"allow":["GET"]}}],"collection":[{"href":"https:\/\/instytutpolski.pl\/duesseldorf\/wp-json\/wp\/v2\/posts"}],"about":[{"href":"https:\/\/instytutpolski.pl\/duesseldorf\/wp-json\/wp\/v2\/types\/post"}],"author":[{"embeddable":true,"href":"https:\/\/instytutpolski.pl\/duesseldorf\/wp-json\/wp\/v2\/users\/103"}],"replies":[{"embeddable":true,"href":"https:\/\/instytutpolski.pl\/duesseldorf\/wp-json\/wp\/v2\/comments?post=5128"}],"version-history":[{"count":1,"href":"https:\/\/instytutpolski.pl\/duesseldorf\/wp-json\/wp\/v2\/posts\/5128\/revisions"}],"predecessor-version":[{"id":5130,"href":"https:\/\/instytutpolski.pl\/duesseldorf\/wp-json\/wp\/v2\/posts\/5128\/revisions\/5130"}],"wp:featuredmedia":[{"embeddable":true,"href":"https:\/\/instytutpolski.pl\/duesseldorf\/wp-json\/wp\/v2\/media\/5129"}],"wp:attachment":[{"href":"https:\/\/instytutpolski.pl\/duesseldorf\/wp-json\/wp\/v2\/media?parent=5128"}],"wp:term":[{"taxonomy":"category","embeddable":true,"href":"https:\/\/instytutpolski.pl\/duesseldorf\/wp-json\/wp\/v2\/categories?post=5128"},{"taxonomy":"post_tag","embeddable":true,"href":"https:\/\/instytutpolski.pl\/duesseldorf\/wp-json\/wp\/v2\/tags?post=5128"}],"curies":[{"name":"wp","href":"https:\/\/api.w.org\/{rel}","templated":true}]}}