{"id":5161,"date":"2012-04-26T11:53:00","date_gmt":"2012-04-26T09:53:00","guid":{"rendered":"https:\/\/instytutpolski.pl\/duesseldorf\/?p=5161"},"modified":"2021-07-01T11:56:56","modified_gmt":"2021-07-01T09:56:56","slug":"tomasz-stanko-quintet-dark-eyes","status":"publish","type":"post","link":"https:\/\/instytutpolski.pl\/duesseldorf\/2012\/04\/26\/tomasz-stanko-quintet-dark-eyes\/","title":{"rendered":"TOMASZ STANKO QUINTET &#8222;DARK EYES&#8221;"},"content":{"rendered":"\n<h3 class=\"h3_title\">\u00a0<\/h3>\n<div class=\"edytor programm\">\n<p class=\"news-info\"><strong>Do 26.04.2012 <\/strong>20.00 Uhr<br \/>domicil, Hansastrasse 7-11, 44137 Dortmund, www.domicil-dortmund.de<\/p>\nJAZZ TOMASZ STANKO QUINTET \u201eDARK EYES\u201d<br \/><a href=\"http:\/\/www.tomaszstanko.com\/\">http:\/\/www.tomaszstanko.com<\/a><br \/><br \/>Tomasz Stanko \u2013 trumpet\/ Jakob Bro \u2013 gitar\/ Alexi Tuomarila &#8211; piano<br \/>Anders Christensen \u2013 bass\/ Olavi Louhivuori &#8211; drums<br \/><br \/><strong>Tomasz Stanko<\/strong>\u00a0z\u00e4hlt zu den Gr\u00f6\u00dfen des europ\u00e4ischen Jazz, vielfach preisgekr\u00f6nt u.a. mit dem European Jazz Award, der Gloria Artis Medal of Merit for Culture und vom renommierten Downbeat Magazine mehrmals unter die Top-10-Trompeter der Welt gew\u00e4hlt. Mit \u201eDark Eyes\u201c (ECM) bringt er mit einer polnisch-skandinavischen Besetzung seine melancholische slawische Seele abermals in faszinierenden neuen Kompositionen zum Ausdruck, zum Beispiel das nach einem Gem\u00e4lde von Oskar Kokoschka benannte \u201eThe Dark Eyes Of Martha Hirsch\u201c, das der Band auch den Titel gab. Neu interpretiert werden auch Kompositionen von Krzysztof Komeda (Rosemaries Baby), mit dem Stanko bereits in den 60er Jahren zusammen spielte, so die beiden St\u00fccke \u201eDirge For Europe\u201d, \u201cEtiuda Baletowa Nr. 3\u201d sowie der Klassiker \u201cLast Song\u201d, den der Trompeter erstmals 1975 f\u00fcr sein Album \u201cBalladyna\u201d einspielte. \u201cTomasz Stanko ist nicht der erste Jazzmusiker, der sich darum bem\u00fcht, hinrei\u00dfende Melodien und freie Improvisationen einander n\u00e4her zu bringen\u201d, schrieb Derk Richardson, Kritiker des San Francisco Chronicle. \u201cAber er ist in der heutigen Szene einer der eloquentesten Repr\u00e4sentanten des aus dem Stegreif geborenen Lyrizismus.\u201d Und wie sein gro\u00dfes Vorbild Miles Davis spornt auch Tomasz Stanko seine jungen Mitmusiker zu wahren Meisterleistungen an. Das Konzert wird von WDR 3 in der Reihe Jazzmeeting WDR mitgeschnitten.<br \/><br \/>Vorverkaufsstellen:<br \/>Online-Tickets:\u00a0<a href=\"http:\/\/www.domicil-dortmund.de\/\">http:\/\/www.domicil-dortmund.de<\/a><br \/>Alle bekannten VVK-Stellen (CTS\/Eventim, AD-Ticket, Ticketonline)<br \/>Reservierungen: T. 0231 \u2013 8629030; Ticket-Hotline 0180 \u2013 50 40 300<br \/><br \/>Im Rahmen von &#8222;Klopsztanga.Polen_grenzenlos_NRW&#8221;:<br \/><a href=\"http:\/\/www.klopsztanga.de\/\">http:\/\/www.klopsztanga.de<\/a><\/div>\n","protected":false},"excerpt":{"rendered":"<p>\u00a0 Do 26.04.2012 20.00 Uhrdomicil, Hansastrasse 7-11, 44137 Dortmund, www.domicil-dortmund.de JAZZ TOMASZ STANKO QUINTET \u201eDARK EYES\u201dhttp:\/\/www.tomaszstanko.com Tomasz Stanko \u2013 trumpet\/ Jakob Bro \u2013 gitar\/ Alexi Tuomarila &#8211; pianoAnders Christensen \u2013 bass\/ Olavi Louhivuori &#8211; drums Tomasz Stanko\u00a0z\u00e4hlt zu den Gr\u00f6\u00dfen des europ\u00e4ischen Jazz, vielfach preisgekr\u00f6nt u.a. mit dem European Jazz Award, der Gloria Artis Medal [&hellip;]<\/p>\n","protected":false},"author":103,"featured_media":5162,"comment_status":"open","ping_status":"open","sticky":false,"template":"","format":"standard","meta":{"inline_featured_image":false,"_monsterinsights_skip_tracking":false,"_monsterinsights_sitenote_active":false,"_monsterinsights_sitenote_note":"","_monsterinsights_sitenote_category":0,"footnotes":""},"categories":[12,103],"tags":[],"class_list":["post-5161","post","type-post","status-publish","format-standard","has-post-thumbnail","hentry","category-musik","category-programm"],"yoast_head":"<!-- This site is optimized with the Yoast SEO plugin v24.6 - https:\/\/yoast.com\/wordpress\/plugins\/seo\/ -->\n<title>TOMASZ STANKO QUINTET &quot;DARK EYES&quot; - Instytut Polski w Dusseldorfie<\/title>\n<meta name=\"robots\" content=\"index, follow, max-snippet:-1, max-image-preview:large, max-video-preview:-1\" \/>\n<link rel=\"canonical\" href=\"https:\/\/instytutpolski.pl\/duesseldorf\/2012\/04\/26\/tomasz-stanko-quintet-dark-eyes\/\" \/>\n<meta property=\"og:locale\" content=\"pl_PL\" \/>\n<meta property=\"og:type\" content=\"article\" \/>\n<meta property=\"og:title\" content=\"TOMASZ STANKO QUINTET &quot;DARK EYES&quot; - Instytut Polski w Dusseldorfie\" \/>\n<meta property=\"og:description\" content=\"\u00a0 Do 26.04.2012 20.00 Uhrdomicil, Hansastrasse 7-11, 44137 Dortmund, www.domicil-dortmund.de JAZZ TOMASZ STANKO QUINTET \u201eDARK EYES\u201dhttp:\/\/www.tomaszstanko.com Tomasz Stanko \u2013 trumpet\/ Jakob Bro \u2013 gitar\/ Alexi Tuomarila &#8211; pianoAnders Christensen \u2013 bass\/ Olavi Louhivuori &#8211; drums Tomasz Stanko\u00a0z\u00e4hlt zu den Gr\u00f6\u00dfen des europ\u00e4ischen Jazz, vielfach preisgekr\u00f6nt u.a. mit dem European Jazz Award, der Gloria Artis Medal [&hellip;]\" \/>\n<meta property=\"og:url\" content=\"https:\/\/instytutpolski.pl\/duesseldorf\/2012\/04\/26\/tomasz-stanko-quintet-dark-eyes\/\" \/>\n<meta property=\"og:site_name\" content=\"Instytut Polski w Dusseldorfie\" \/>\n<meta property=\"article:published_time\" content=\"2012-04-26T09:53:00+00:00\" \/>\n<meta property=\"article:modified_time\" content=\"2021-07-01T09:56:56+00:00\" \/>\n<meta property=\"og:image\" content=\"https:\/\/instytutpolski.pl\/duesseldorf\/wp-content\/uploads\/sites\/5\/2021\/07\/1-Tomasz-Stanko.jpg\" \/>\n\t<meta property=\"og:image:width\" content=\"1882\" \/>\n\t<meta property=\"og:image:height\" content=\"1341\" \/>\n\t<meta property=\"og:image:type\" content=\"image\/jpeg\" \/>\n<meta name=\"author\" content=\"kolinskia\" \/>\n<meta name=\"twitter:card\" content=\"summary_large_image\" \/>\n<meta name=\"twitter:label1\" content=\"Napisane przez\" \/>\n\t<meta name=\"twitter:data1\" content=\"kolinskia\" \/>\n\t<meta name=\"twitter:label2\" content=\"Szacowany czas czytania\" \/>\n\t<meta name=\"twitter:data2\" content=\"1 minuta\" \/>\n<script type=\"application\/ld+json\" class=\"yoast-schema-graph\">{\"@context\":\"https:\/\/schema.org\",\"@graph\":[{\"@type\":\"event\",\"@id\":\"https:\/\/instytutpolski.pl\/duesseldorf\/2012\/04\/26\/tomasz-stanko-quintet-dark-eyes\/\",\"url\":\"https:\/\/instytutpolski.pl\/duesseldorf\/2012\/04\/26\/tomasz-stanko-quintet-dark-eyes\/\",\"name\":\"TOMASZ STANKO QUINTET \\\"DARK EYES\\\"\",\"isPartOf\":{\"@id\":\"https:\/\/instytutpolski.pl\/duesseldorf\/#website\"},\"primaryImageOfPage\":{\"@id\":\"https:\/\/instytutpolski.pl\/duesseldorf\/2012\/04\/26\/tomasz-stanko-quintet-dark-eyes\/#primaryimage\"},\"image\":[\"https:\/\/instytutpolski.pl\/duesseldorf\/wp-content\/uploads\/sites\/5\/2021\/07\/1-Tomasz-Stanko.jpg\",\"https:\/\/instytutpolski.pl\/duesseldorf\/wp-content\/uploads\/sites\/5\/2021\/07\/1-Tomasz-Stanko-300x214.jpg\",\"https:\/\/instytutpolski.pl\/duesseldorf\/wp-content\/uploads\/sites\/5\/2021\/07\/1-Tomasz-Stanko-1024x730.jpg\",\"https:\/\/instytutpolski.pl\/duesseldorf\/wp-content\/uploads\/sites\/5\/2021\/07\/1-Tomasz-Stanko.jpg\"],\"thumbnailUrl\":\"https:\/\/instytutpolski.pl\/duesseldorf\/wp-content\/uploads\/sites\/5\/2021\/07\/1-Tomasz-Stanko.jpg\",\"datePublished\":\"2012-04-26T09:53:00+02:00\",\"dateModified\":\"2021-07-01T09:56:56+02:00\",\"author\":{\"@id\":\"https:\/\/instytutpolski.pl\/duesseldorf\/#\/schema\/person\/6b4b76776c5d49a1eb862046e311998e\"},\"breadcrumb\":{\"@id\":\"https:\/\/instytutpolski.pl\/duesseldorf\/2012\/04\/26\/tomasz-stanko-quintet-dark-eyes\/#breadcrumb\"},\"inLanguage\":\"pl-PL\",\"potentialAction\":[{\"@type\":\"ReadAction\",\"target\":[\"https:\/\/instytutpolski.pl\/duesseldorf\/2012\/04\/26\/tomasz-stanko-quintet-dark-eyes\/\"]}],\"@context\":\"https:\/\/schema.org\",\"startDate\":\"2012-04-26\",\"endDate\":\"2012-04-26\",\"eventStatus\":\"EventScheduled\",\"eventAttendanceMode\":\"OfflineEventAttendanceMode\",\"location\":{\"@type\":\"place\",\"name\":\"\",\"address\":\"\",\"geo\":{\"@type\":\"GeoCoordinates\",\"latitude\":\"\",\"longitude\":\"\"}},\"description\":\"\u00a0\\nDo 26.04.2012 20.00 Uhrdomicil, Hansastrasse 7-11, 44137 Dortmund, www.domicil-dortmund.de\\nJAZZ TOMASZ STANKO QUINTET \u201eDARK EYES\u201dhttp:\/\/www.tomaszstanko.comTomasz Stanko \u2013 trumpet\/ Jakob Bro \u2013 gitar\/ Alexi Tuomarila - pianoAnders Christensen \u2013 bass\/ Olavi Louhivuori - drumsTomasz Stanko\u00a0z\u00e4hlt zu den Gr\u00f6\u00dfen des europ\u00e4ischen Jazz, vielfach preisgekr\u00f6nt u.a. mit dem European Jazz Award, der Gloria Artis Medal of Merit for Culture und vom renommierten Downbeat Magazine mehrmals unter die Top-10-Trompeter der Welt gew\u00e4hlt. Mit \u201eDark Eyes\u201c (ECM) bringt er mit einer polnisch-skandinavischen Besetzung seine melancholische slawische Seele abermals in faszinierenden neuen Kompositionen zum Ausdruck, zum Beispiel das nach einem Gem\u00e4lde von Oskar Kokoschka benannte \u201eThe Dark Eyes Of Martha Hirsch\u201c, das der Band auch den Titel gab. Neu interpretiert werden auch Kompositionen von Krzysztof Komeda (Rosemaries Baby), mit dem Stanko bereits in den 60er Jahren zusammen spielte, so die beiden St\u00fccke \u201eDirge For Europe\u201d, \u201cEtiuda Baletowa Nr. 3\u201d sowie der Klassiker \u201cLast Song\u201d, den der Trompeter erstmals 1975 f\u00fcr sein Album \u201cBalladyna\u201d einspielte. \u201cTomasz Stanko ist nicht der erste Jazzmusiker, der sich darum bem\u00fcht, hinrei\u00dfende Melodien und freie Improvisationen einander n\u00e4her zu bringen\u201d, schrieb Derk Richardson, Kritiker des San Francisco Chronicle. \u201cAber er ist in der heutigen Szene einer der eloquentesten Repr\u00e4sentanten des aus dem Stegreif geborenen Lyrizismus.\u201d Und wie sein gro\u00dfes Vorbild Miles Davis spornt auch Tomasz Stanko seine jungen Mitmusiker zu wahren Meisterleistungen an. Das Konzert wird von WDR 3 in der Reihe Jazzmeeting WDR mitgeschnitten.Vorverkaufsstellen:Online-Tickets:\u00a0http:\/\/www.domicil-dortmund.deAlle bekannten VVK-Stellen (CTS\/Eventim, AD-Ticket, Ticketonline)Reservierungen: T. 0231 \u2013 8629030; Ticket-Hotline 0180 \u2013 50 40 300Im Rahmen von \\\"Klopsztanga.Polen_grenzenlos_NRW\\\":http:\/\/www.klopsztanga.de\"},{\"@type\":\"ImageObject\",\"inLanguage\":\"pl-PL\",\"@id\":\"https:\/\/instytutpolski.pl\/duesseldorf\/2012\/04\/26\/tomasz-stanko-quintet-dark-eyes\/#primaryimage\",\"url\":\"https:\/\/instytutpolski.pl\/duesseldorf\/wp-content\/uploads\/sites\/5\/2021\/07\/1-Tomasz-Stanko.jpg\",\"contentUrl\":\"https:\/\/instytutpolski.pl\/duesseldorf\/wp-content\/uploads\/sites\/5\/2021\/07\/1-Tomasz-Stanko.jpg\",\"width\":1882,\"height\":1341},{\"@type\":\"BreadcrumbList\",\"@id\":\"https:\/\/instytutpolski.pl\/duesseldorf\/2012\/04\/26\/tomasz-stanko-quintet-dark-eyes\/#breadcrumb\",\"itemListElement\":[{\"@type\":\"ListItem\",\"position\":1,\"name\":\"Home\",\"item\":\"https:\/\/instytutpolski.pl\/duesseldorf\/\"},{\"@type\":\"ListItem\",\"position\":2,\"name\":\"TOMASZ STANKO QUINTET &#8222;DARK EYES&#8220;\"}]},{\"@type\":\"WebSite\",\"@id\":\"https:\/\/instytutpolski.pl\/duesseldorf\/#website\",\"url\":\"https:\/\/instytutpolski.pl\/duesseldorf\/\",\"name\":\"Instytut Polski w Dusseldorfie\",\"description\":\"Instytuty Polskie\",\"potentialAction\":[{\"@type\":\"SearchAction\",\"target\":{\"@type\":\"EntryPoint\",\"urlTemplate\":\"https:\/\/instytutpolski.pl\/duesseldorf\/?s={search_term_string}\"},\"query-input\":{\"@type\":\"PropertyValueSpecification\",\"valueRequired\":true,\"valueName\":\"search_term_string\"}}],\"inLanguage\":\"pl-PL\"},{\"@type\":\"Person\",\"@id\":\"https:\/\/instytutpolski.pl\/duesseldorf\/#\/schema\/person\/6b4b76776c5d49a1eb862046e311998e\",\"name\":\"kolinskia\",\"image\":{\"@type\":\"ImageObject\",\"inLanguage\":\"pl-PL\",\"@id\":\"https:\/\/instytutpolski.pl\/duesseldorf\/#\/schema\/person\/image\/\",\"url\":\"https:\/\/secure.gravatar.com\/avatar\/9bb79075402c1d25f1e9e4e8260c2d13?s=96&d=mm&r=g\",\"contentUrl\":\"https:\/\/secure.gravatar.com\/avatar\/9bb79075402c1d25f1e9e4e8260c2d13?s=96&d=mm&r=g\",\"caption\":\"kolinskia\"},\"url\":\"https:\/\/instytutpolski.pl\/duesseldorf\/author\/kolinskia\/\"}]}<\/script>\n<!-- \/ Yoast SEO plugin. -->","yoast_head_json":{"title":"TOMASZ STANKO QUINTET \"DARK EYES\" - Instytut Polski w Dusseldorfie","robots":{"index":"index","follow":"follow","max-snippet":"max-snippet:-1","max-image-preview":"max-image-preview:large","max-video-preview":"max-video-preview:-1"},"canonical":"https:\/\/instytutpolski.pl\/duesseldorf\/2012\/04\/26\/tomasz-stanko-quintet-dark-eyes\/","og_locale":"pl_PL","og_type":"article","og_title":"TOMASZ STANKO QUINTET \"DARK EYES\" - Instytut Polski w Dusseldorfie","og_description":"\u00a0 Do 26.04.2012 20.00 Uhrdomicil, Hansastrasse 7-11, 44137 Dortmund, www.domicil-dortmund.de JAZZ TOMASZ STANKO QUINTET \u201eDARK EYES\u201dhttp:\/\/www.tomaszstanko.com Tomasz Stanko \u2013 trumpet\/ Jakob Bro \u2013 gitar\/ Alexi Tuomarila &#8211; pianoAnders Christensen \u2013 bass\/ Olavi Louhivuori &#8211; drums Tomasz Stanko\u00a0z\u00e4hlt zu den Gr\u00f6\u00dfen des europ\u00e4ischen Jazz, vielfach preisgekr\u00f6nt u.a. mit dem European Jazz Award, der Gloria Artis Medal [&hellip;]","og_url":"https:\/\/instytutpolski.pl\/duesseldorf\/2012\/04\/26\/tomasz-stanko-quintet-dark-eyes\/","og_site_name":"Instytut Polski w Dusseldorfie","article_published_time":"2012-04-26T09:53:00+00:00","article_modified_time":"2021-07-01T09:56:56+00:00","og_image":[{"width":1882,"height":1341,"url":"https:\/\/instytutpolski.pl\/duesseldorf\/wp-content\/uploads\/sites\/5\/2021\/07\/1-Tomasz-Stanko.jpg","type":"image\/jpeg"}],"author":"kolinskia","twitter_card":"summary_large_image","twitter_misc":{"Napisane przez":"kolinskia","Szacowany czas czytania":"1 minuta"},"schema":{"@context":"https:\/\/schema.org","@graph":[{"@type":"event","@id":"https:\/\/instytutpolski.pl\/duesseldorf\/2012\/04\/26\/tomasz-stanko-quintet-dark-eyes\/","url":"https:\/\/instytutpolski.pl\/duesseldorf\/2012\/04\/26\/tomasz-stanko-quintet-dark-eyes\/","name":"TOMASZ STANKO QUINTET \"DARK EYES\"","isPartOf":{"@id":"https:\/\/instytutpolski.pl\/duesseldorf\/#website"},"primaryImageOfPage":{"@id":"https:\/\/instytutpolski.pl\/duesseldorf\/2012\/04\/26\/tomasz-stanko-quintet-dark-eyes\/#primaryimage"},"image":["https:\/\/instytutpolski.pl\/duesseldorf\/wp-content\/uploads\/sites\/5\/2021\/07\/1-Tomasz-Stanko.jpg","https:\/\/instytutpolski.pl\/duesseldorf\/wp-content\/uploads\/sites\/5\/2021\/07\/1-Tomasz-Stanko-300x214.jpg","https:\/\/instytutpolski.pl\/duesseldorf\/wp-content\/uploads\/sites\/5\/2021\/07\/1-Tomasz-Stanko-1024x730.jpg","https:\/\/instytutpolski.pl\/duesseldorf\/wp-content\/uploads\/sites\/5\/2021\/07\/1-Tomasz-Stanko.jpg"],"thumbnailUrl":"https:\/\/instytutpolski.pl\/duesseldorf\/wp-content\/uploads\/sites\/5\/2021\/07\/1-Tomasz-Stanko.jpg","datePublished":"2012-04-26T09:53:00+02:00","dateModified":"2021-07-01T09:56:56+02:00","author":{"@id":"https:\/\/instytutpolski.pl\/duesseldorf\/#\/schema\/person\/6b4b76776c5d49a1eb862046e311998e"},"breadcrumb":{"@id":"https:\/\/instytutpolski.pl\/duesseldorf\/2012\/04\/26\/tomasz-stanko-quintet-dark-eyes\/#breadcrumb"},"inLanguage":"pl-PL","potentialAction":[{"@type":"ReadAction","target":["https:\/\/instytutpolski.pl\/duesseldorf\/2012\/04\/26\/tomasz-stanko-quintet-dark-eyes\/"]}],"@context":"https:\/\/schema.org","startDate":"2012-04-26","endDate":"2012-04-26","eventStatus":"EventScheduled","eventAttendanceMode":"OfflineEventAttendanceMode","location":{"@type":"place","name":"","address":"","geo":{"@type":"GeoCoordinates","latitude":"","longitude":""}},"description":"\u00a0\nDo 26.04.2012 20.00 Uhrdomicil, Hansastrasse 7-11, 44137 Dortmund, www.domicil-dortmund.de\nJAZZ TOMASZ STANKO QUINTET \u201eDARK EYES\u201dhttp:\/\/www.tomaszstanko.comTomasz Stanko \u2013 trumpet\/ Jakob Bro \u2013 gitar\/ Alexi Tuomarila - pianoAnders Christensen \u2013 bass\/ Olavi Louhivuori - drumsTomasz Stanko\u00a0z\u00e4hlt zu den Gr\u00f6\u00dfen des europ\u00e4ischen Jazz, vielfach preisgekr\u00f6nt u.a. mit dem European Jazz Award, der Gloria Artis Medal of Merit for Culture und vom renommierten Downbeat Magazine mehrmals unter die Top-10-Trompeter der Welt gew\u00e4hlt. Mit \u201eDark Eyes\u201c (ECM) bringt er mit einer polnisch-skandinavischen Besetzung seine melancholische slawische Seele abermals in faszinierenden neuen Kompositionen zum Ausdruck, zum Beispiel das nach einem Gem\u00e4lde von Oskar Kokoschka benannte \u201eThe Dark Eyes Of Martha Hirsch\u201c, das der Band auch den Titel gab. Neu interpretiert werden auch Kompositionen von Krzysztof Komeda (Rosemaries Baby), mit dem Stanko bereits in den 60er Jahren zusammen spielte, so die beiden St\u00fccke \u201eDirge For Europe\u201d, \u201cEtiuda Baletowa Nr. 3\u201d sowie der Klassiker \u201cLast Song\u201d, den der Trompeter erstmals 1975 f\u00fcr sein Album \u201cBalladyna\u201d einspielte. \u201cTomasz Stanko ist nicht der erste Jazzmusiker, der sich darum bem\u00fcht, hinrei\u00dfende Melodien und freie Improvisationen einander n\u00e4her zu bringen\u201d, schrieb Derk Richardson, Kritiker des San Francisco Chronicle. \u201cAber er ist in der heutigen Szene einer der eloquentesten Repr\u00e4sentanten des aus dem Stegreif geborenen Lyrizismus.\u201d Und wie sein gro\u00dfes Vorbild Miles Davis spornt auch Tomasz Stanko seine jungen Mitmusiker zu wahren Meisterleistungen an. Das Konzert wird von WDR 3 in der Reihe Jazzmeeting WDR mitgeschnitten.Vorverkaufsstellen:Online-Tickets:\u00a0http:\/\/www.domicil-dortmund.deAlle bekannten VVK-Stellen (CTS\/Eventim, AD-Ticket, Ticketonline)Reservierungen: T. 0231 \u2013 8629030; Ticket-Hotline 0180 \u2013 50 40 300Im Rahmen von \"Klopsztanga.Polen_grenzenlos_NRW\":http:\/\/www.klopsztanga.de"},{"@type":"ImageObject","inLanguage":"pl-PL","@id":"https:\/\/instytutpolski.pl\/duesseldorf\/2012\/04\/26\/tomasz-stanko-quintet-dark-eyes\/#primaryimage","url":"https:\/\/instytutpolski.pl\/duesseldorf\/wp-content\/uploads\/sites\/5\/2021\/07\/1-Tomasz-Stanko.jpg","contentUrl":"https:\/\/instytutpolski.pl\/duesseldorf\/wp-content\/uploads\/sites\/5\/2021\/07\/1-Tomasz-Stanko.jpg","width":1882,"height":1341},{"@type":"BreadcrumbList","@id":"https:\/\/instytutpolski.pl\/duesseldorf\/2012\/04\/26\/tomasz-stanko-quintet-dark-eyes\/#breadcrumb","itemListElement":[{"@type":"ListItem","position":1,"name":"Home","item":"https:\/\/instytutpolski.pl\/duesseldorf\/"},{"@type":"ListItem","position":2,"name":"TOMASZ STANKO QUINTET &#8222;DARK EYES&#8220;"}]},{"@type":"WebSite","@id":"https:\/\/instytutpolski.pl\/duesseldorf\/#website","url":"https:\/\/instytutpolski.pl\/duesseldorf\/","name":"Instytut Polski w Dusseldorfie","description":"Instytuty Polskie","potentialAction":[{"@type":"SearchAction","target":{"@type":"EntryPoint","urlTemplate":"https:\/\/instytutpolski.pl\/duesseldorf\/?s={search_term_string}"},"query-input":{"@type":"PropertyValueSpecification","valueRequired":true,"valueName":"search_term_string"}}],"inLanguage":"pl-PL"},{"@type":"Person","@id":"https:\/\/instytutpolski.pl\/duesseldorf\/#\/schema\/person\/6b4b76776c5d49a1eb862046e311998e","name":"kolinskia","image":{"@type":"ImageObject","inLanguage":"pl-PL","@id":"https:\/\/instytutpolski.pl\/duesseldorf\/#\/schema\/person\/image\/","url":"https:\/\/secure.gravatar.com\/avatar\/9bb79075402c1d25f1e9e4e8260c2d13?s=96&d=mm&r=g","contentUrl":"https:\/\/secure.gravatar.com\/avatar\/9bb79075402c1d25f1e9e4e8260c2d13?s=96&d=mm&r=g","caption":"kolinskia"},"url":"https:\/\/instytutpolski.pl\/duesseldorf\/author\/kolinskia\/"}]}},"_links":{"self":[{"href":"https:\/\/instytutpolski.pl\/duesseldorf\/wp-json\/wp\/v2\/posts\/5161","targetHints":{"allow":["GET"]}}],"collection":[{"href":"https:\/\/instytutpolski.pl\/duesseldorf\/wp-json\/wp\/v2\/posts"}],"about":[{"href":"https:\/\/instytutpolski.pl\/duesseldorf\/wp-json\/wp\/v2\/types\/post"}],"author":[{"embeddable":true,"href":"https:\/\/instytutpolski.pl\/duesseldorf\/wp-json\/wp\/v2\/users\/103"}],"replies":[{"embeddable":true,"href":"https:\/\/instytutpolski.pl\/duesseldorf\/wp-json\/wp\/v2\/comments?post=5161"}],"version-history":[{"count":1,"href":"https:\/\/instytutpolski.pl\/duesseldorf\/wp-json\/wp\/v2\/posts\/5161\/revisions"}],"predecessor-version":[{"id":5163,"href":"https:\/\/instytutpolski.pl\/duesseldorf\/wp-json\/wp\/v2\/posts\/5161\/revisions\/5163"}],"wp:featuredmedia":[{"embeddable":true,"href":"https:\/\/instytutpolski.pl\/duesseldorf\/wp-json\/wp\/v2\/media\/5162"}],"wp:attachment":[{"href":"https:\/\/instytutpolski.pl\/duesseldorf\/wp-json\/wp\/v2\/media?parent=5161"}],"wp:term":[{"taxonomy":"category","embeddable":true,"href":"https:\/\/instytutpolski.pl\/duesseldorf\/wp-json\/wp\/v2\/categories?post=5161"},{"taxonomy":"post_tag","embeddable":true,"href":"https:\/\/instytutpolski.pl\/duesseldorf\/wp-json\/wp\/v2\/tags?post=5161"}],"curies":[{"name":"wp","href":"https:\/\/api.w.org\/{rel}","templated":true}]}}