{"id":5549,"date":"2016-03-19T14:37:00","date_gmt":"2016-03-19T13:37:00","guid":{"rendered":"https:\/\/instytutpolski.pl\/duesseldorf\/?p=5549"},"modified":"2021-07-14T14:50:19","modified_gmt":"2021-07-14T12:50:19","slug":"litcologne-joanna-bator-dunkel-fast-nacht","status":"publish","type":"post","link":"https:\/\/instytutpolski.pl\/duesseldorf\/2016\/03\/19\/litcologne-joanna-bator-dunkel-fast-nacht\/","title":{"rendered":"litCologne &#8211; Joanna Bator &#8222;Dunkel, fast Nacht&#8221;"},"content":{"rendered":"\n<h3 class=\"h3_title\">\u00a0<\/h3>\n<div class=\"edytor programm\">\n<p class=\"news-info\"><strong>Sa 19.03.2016 <\/strong>18.30 Uhr<br \/>Kulturkirche K\u00f6ln, Siebachstra\u00dfe 85, Nippes<\/p>\nModeration: Olga Mannheimer<br \/>Lesung: Corinna Harfouch<br \/>Karten:\u00a0<a href=\"http:\/\/%20www.litcologne.de\/\">http:\/\/ www.litcologne.de<\/a><br \/><br \/>Eine Stadt ist in Aufruhr. Drei Kinder sind verschwunden. Die erfolglosen Ermittlungen sch\u00fcren die Wut der B\u00fcrger, befeuern die Ger\u00fcchte. Verd\u00e4chtigungen und Schuldzuweisungen greifen um sich. Gehetzt wird gegen die \u201eKatzenfresser\u201d, die Zigeuner. Im Radio und im Internet lodert die Sprache des Hasses. Es ereignen sich unerkl\u00e4rliche Dinge. Die Journalistin Alicja Tabor kehrt in ihre Stadt zur\u00fcck, um Nachforschungen \u00fcber die r\u00e4tselhaften Entf\u00fchrungen anzustellen.<br \/>Mit der ihr eigenen Subtilit\u00e4t schildert Joanna Bator, wie Stimmungen kippen k\u00f6nnen, wie latente \u00c4ngste und Traumata sich in j\u00e4he Ausbr\u00fcche von Wahnsinn verwandeln. \u201eDunkel, fast Nacht\u201d ist ein Roman \u00fcber die Br\u00fcchigkeit einer Gesellschaft, die ihre gemeinsame Sprache verloren hat.<br \/><br \/><strong>Joanna Bator<\/strong>\u00a0ist Autorin und Publizistin. F\u00fcr ihr neustes Buch \u201eDunkel, fast Nacht\u201d wurde sie mit dem NIKE, dem wichtigsten Literaturpreis Polens, ausgezeichnet. Die deutsche \u00dcbersetzung ihres Romans &#8222;Sandberg&#8221; durch Esther Kinsky war ein literarisches Ereignis. Seither gilt Joanna Bator als eine der wichtigsten neuen Stimmen der europ\u00e4ischen Literatur.<\/div>\n","protected":false},"excerpt":{"rendered":"<p>\u00a0 Sa 19.03.2016 18.30 UhrKulturkirche K\u00f6ln, Siebachstra\u00dfe 85, Nippes Moderation: Olga MannheimerLesung: Corinna HarfouchKarten:\u00a0http:\/\/ www.litcologne.de Eine Stadt ist in Aufruhr. Drei Kinder sind verschwunden. Die erfolglosen Ermittlungen sch\u00fcren die Wut der B\u00fcrger, befeuern die Ger\u00fcchte. Verd\u00e4chtigungen und Schuldzuweisungen greifen um sich. Gehetzt wird gegen die \u201eKatzenfresser\u201d, die Zigeuner. Im Radio und im Internet lodert die [&hellip;]<\/p>\n","protected":false},"author":103,"featured_media":5550,"comment_status":"open","ping_status":"open","sticky":false,"template":"","format":"standard","meta":{"inline_featured_image":false,"_monsterinsights_skip_tracking":false,"_monsterinsights_sitenote_active":false,"_monsterinsights_sitenote_note":"","_monsterinsights_sitenote_category":0,"footnotes":""},"categories":[10,103],"tags":[],"class_list":["post-5549","post","type-post","status-publish","format-standard","has-post-thumbnail","hentry","category-literatur","category-programm"],"yoast_head":"<!-- This site is optimized with the Yoast SEO plugin v24.6 - https:\/\/yoast.com\/wordpress\/plugins\/seo\/ -->\n<title>litCologne - Joanna Bator &quot;Dunkel, fast Nacht&quot; - Instytut Polski w Dusseldorfie<\/title>\n<meta name=\"robots\" content=\"index, follow, max-snippet:-1, max-image-preview:large, max-video-preview:-1\" \/>\n<link rel=\"canonical\" href=\"https:\/\/instytutpolski.pl\/duesseldorf\/2016\/03\/19\/litcologne-joanna-bator-dunkel-fast-nacht\/\" \/>\n<meta property=\"og:locale\" content=\"pl_PL\" \/>\n<meta property=\"og:type\" content=\"article\" \/>\n<meta property=\"og:title\" content=\"litCologne - Joanna Bator &quot;Dunkel, fast Nacht&quot; - Instytut Polski w Dusseldorfie\" \/>\n<meta property=\"og:description\" content=\"\u00a0 Sa 19.03.2016 18.30 UhrKulturkirche K\u00f6ln, Siebachstra\u00dfe 85, Nippes Moderation: Olga MannheimerLesung: Corinna HarfouchKarten:\u00a0http:\/\/ www.litcologne.de Eine Stadt ist in Aufruhr. Drei Kinder sind verschwunden. Die erfolglosen Ermittlungen sch\u00fcren die Wut der B\u00fcrger, befeuern die Ger\u00fcchte. Verd\u00e4chtigungen und Schuldzuweisungen greifen um sich. Gehetzt wird gegen die \u201eKatzenfresser\u201d, die Zigeuner. Im Radio und im Internet lodert die [&hellip;]\" \/>\n<meta property=\"og:url\" content=\"https:\/\/instytutpolski.pl\/duesseldorf\/2016\/03\/19\/litcologne-joanna-bator-dunkel-fast-nacht\/\" \/>\n<meta property=\"og:site_name\" content=\"Instytut Polski w Dusseldorfie\" \/>\n<meta property=\"article:published_time\" content=\"2016-03-19T13:37:00+00:00\" \/>\n<meta property=\"article:modified_time\" content=\"2021-07-14T12:50:19+00:00\" \/>\n<meta property=\"og:image\" content=\"https:\/\/instytutpolski.pl\/duesseldorf\/wp-content\/uploads\/sites\/5\/2021\/07\/Joanna-Bator-Titelseite-Dunkel-fast-Nacht.png\" \/>\n\t<meta property=\"og:image:width\" content=\"609\" \/>\n\t<meta property=\"og:image:height\" content=\"1014\" \/>\n\t<meta property=\"og:image:type\" content=\"image\/png\" \/>\n<meta name=\"author\" content=\"kolinskia\" \/>\n<meta name=\"twitter:card\" content=\"summary_large_image\" \/>\n<meta name=\"twitter:label1\" content=\"Napisane przez\" \/>\n\t<meta name=\"twitter:data1\" content=\"kolinskia\" \/>\n\t<meta name=\"twitter:label2\" content=\"Szacowany czas czytania\" \/>\n\t<meta name=\"twitter:data2\" content=\"1 minuta\" \/>\n<script type=\"application\/ld+json\" class=\"yoast-schema-graph\">{\"@context\":\"https:\/\/schema.org\",\"@graph\":[{\"@type\":\"event\",\"@id\":\"https:\/\/instytutpolski.pl\/duesseldorf\/2016\/03\/19\/litcologne-joanna-bator-dunkel-fast-nacht\/\",\"url\":\"https:\/\/instytutpolski.pl\/duesseldorf\/2016\/03\/19\/litcologne-joanna-bator-dunkel-fast-nacht\/\",\"name\":\"litCologne - Joanna Bator \\\"Dunkel, fast Nacht\\\"\",\"isPartOf\":{\"@id\":\"https:\/\/instytutpolski.pl\/duesseldorf\/#website\"},\"primaryImageOfPage\":{\"@id\":\"https:\/\/instytutpolski.pl\/duesseldorf\/2016\/03\/19\/litcologne-joanna-bator-dunkel-fast-nacht\/#primaryimage\"},\"image\":[\"https:\/\/instytutpolski.pl\/duesseldorf\/wp-content\/uploads\/sites\/5\/2021\/07\/Joanna-Bator-Titelseite-Dunkel-fast-Nacht.png\",\"https:\/\/instytutpolski.pl\/duesseldorf\/wp-content\/uploads\/sites\/5\/2021\/07\/Joanna-Bator-Titelseite-Dunkel-fast-Nacht-180x300.png\",\"https:\/\/instytutpolski.pl\/duesseldorf\/wp-content\/uploads\/sites\/5\/2021\/07\/Joanna-Bator-Titelseite-Dunkel-fast-Nacht.png\",\"https:\/\/instytutpolski.pl\/duesseldorf\/wp-content\/uploads\/sites\/5\/2021\/07\/Joanna-Bator-Titelseite-Dunkel-fast-Nacht.png\"],\"thumbnailUrl\":\"https:\/\/instytutpolski.pl\/duesseldorf\/wp-content\/uploads\/sites\/5\/2021\/07\/Joanna-Bator-Titelseite-Dunkel-fast-Nacht.png\",\"datePublished\":\"2016-03-19T13:37:00+02:00\",\"dateModified\":\"2021-07-14T12:50:19+02:00\",\"author\":{\"@id\":\"https:\/\/instytutpolski.pl\/duesseldorf\/#\/schema\/person\/6b4b76776c5d49a1eb862046e311998e\"},\"breadcrumb\":{\"@id\":\"https:\/\/instytutpolski.pl\/duesseldorf\/2016\/03\/19\/litcologne-joanna-bator-dunkel-fast-nacht\/#breadcrumb\"},\"inLanguage\":\"pl-PL\",\"potentialAction\":[{\"@type\":\"ReadAction\",\"target\":[\"https:\/\/instytutpolski.pl\/duesseldorf\/2016\/03\/19\/litcologne-joanna-bator-dunkel-fast-nacht\/\"]}],\"@context\":\"https:\/\/schema.org\",\"startDate\":\"2016-03-19\",\"endDate\":\"2016-03-19\",\"eventStatus\":\"EventScheduled\",\"eventAttendanceMode\":\"OfflineEventAttendanceMode\",\"location\":{\"@type\":\"place\",\"name\":\"\",\"address\":\"\",\"geo\":{\"@type\":\"GeoCoordinates\",\"latitude\":\"\",\"longitude\":\"\"}},\"description\":\"\u00a0\\nSa 19.03.2016 18.30 UhrKulturkirche K\u00f6ln, Siebachstra\u00dfe 85, Nippes\\nModeration: Olga MannheimerLesung: Corinna HarfouchKarten:\u00a0http:\/\/ www.litcologne.deEine Stadt ist in Aufruhr. Drei Kinder sind verschwunden. Die erfolglosen Ermittlungen sch\u00fcren die Wut der B\u00fcrger, befeuern die Ger\u00fcchte. Verd\u00e4chtigungen und Schuldzuweisungen greifen um sich. Gehetzt wird gegen die \u201eKatzenfresser\u201d, die Zigeuner. Im Radio und im Internet lodert die Sprache des Hasses. Es ereignen sich unerkl\u00e4rliche Dinge. Die Journalistin Alicja Tabor kehrt in ihre Stadt zur\u00fcck, um Nachforschungen \u00fcber die r\u00e4tselhaften Entf\u00fchrungen anzustellen.Mit der ihr eigenen Subtilit\u00e4t schildert Joanna Bator, wie Stimmungen kippen k\u00f6nnen, wie latente \u00c4ngste und Traumata sich in j\u00e4he Ausbr\u00fcche von Wahnsinn verwandeln. \u201eDunkel, fast Nacht\u201d ist ein Roman \u00fcber die Br\u00fcchigkeit einer Gesellschaft, die ihre gemeinsame Sprache verloren hat.Joanna Bator\u00a0ist Autorin und Publizistin. F\u00fcr ihr neustes Buch \u201eDunkel, fast Nacht\u201d wurde sie mit dem NIKE, dem wichtigsten Literaturpreis Polens, ausgezeichnet. Die deutsche \u00dcbersetzung ihres Romans \\\"Sandberg\\\" durch Esther Kinsky war ein literarisches Ereignis. Seither gilt Joanna Bator als eine der wichtigsten neuen Stimmen der europ\u00e4ischen Literatur.\"},{\"@type\":\"ImageObject\",\"inLanguage\":\"pl-PL\",\"@id\":\"https:\/\/instytutpolski.pl\/duesseldorf\/2016\/03\/19\/litcologne-joanna-bator-dunkel-fast-nacht\/#primaryimage\",\"url\":\"https:\/\/instytutpolski.pl\/duesseldorf\/wp-content\/uploads\/sites\/5\/2021\/07\/Joanna-Bator-Titelseite-Dunkel-fast-Nacht.png\",\"contentUrl\":\"https:\/\/instytutpolski.pl\/duesseldorf\/wp-content\/uploads\/sites\/5\/2021\/07\/Joanna-Bator-Titelseite-Dunkel-fast-Nacht.png\",\"width\":609,\"height\":1014},{\"@type\":\"BreadcrumbList\",\"@id\":\"https:\/\/instytutpolski.pl\/duesseldorf\/2016\/03\/19\/litcologne-joanna-bator-dunkel-fast-nacht\/#breadcrumb\",\"itemListElement\":[{\"@type\":\"ListItem\",\"position\":1,\"name\":\"Home\",\"item\":\"https:\/\/instytutpolski.pl\/duesseldorf\/\"},{\"@type\":\"ListItem\",\"position\":2,\"name\":\"litCologne &#8211; Joanna Bator &#8222;Dunkel, fast Nacht&#8220;\"}]},{\"@type\":\"WebSite\",\"@id\":\"https:\/\/instytutpolski.pl\/duesseldorf\/#website\",\"url\":\"https:\/\/instytutpolski.pl\/duesseldorf\/\",\"name\":\"Instytut Polski w Dusseldorfie\",\"description\":\"Instytuty Polskie\",\"potentialAction\":[{\"@type\":\"SearchAction\",\"target\":{\"@type\":\"EntryPoint\",\"urlTemplate\":\"https:\/\/instytutpolski.pl\/duesseldorf\/?s={search_term_string}\"},\"query-input\":{\"@type\":\"PropertyValueSpecification\",\"valueRequired\":true,\"valueName\":\"search_term_string\"}}],\"inLanguage\":\"pl-PL\"},{\"@type\":\"Person\",\"@id\":\"https:\/\/instytutpolski.pl\/duesseldorf\/#\/schema\/person\/6b4b76776c5d49a1eb862046e311998e\",\"name\":\"kolinskia\",\"image\":{\"@type\":\"ImageObject\",\"inLanguage\":\"pl-PL\",\"@id\":\"https:\/\/instytutpolski.pl\/duesseldorf\/#\/schema\/person\/image\/\",\"url\":\"https:\/\/secure.gravatar.com\/avatar\/9bb79075402c1d25f1e9e4e8260c2d13?s=96&d=mm&r=g\",\"contentUrl\":\"https:\/\/secure.gravatar.com\/avatar\/9bb79075402c1d25f1e9e4e8260c2d13?s=96&d=mm&r=g\",\"caption\":\"kolinskia\"},\"url\":\"https:\/\/instytutpolski.pl\/duesseldorf\/author\/kolinskia\/\"}]}<\/script>\n<!-- \/ Yoast SEO plugin. -->","yoast_head_json":{"title":"litCologne - Joanna Bator \"Dunkel, fast Nacht\" - Instytut Polski w Dusseldorfie","robots":{"index":"index","follow":"follow","max-snippet":"max-snippet:-1","max-image-preview":"max-image-preview:large","max-video-preview":"max-video-preview:-1"},"canonical":"https:\/\/instytutpolski.pl\/duesseldorf\/2016\/03\/19\/litcologne-joanna-bator-dunkel-fast-nacht\/","og_locale":"pl_PL","og_type":"article","og_title":"litCologne - Joanna Bator \"Dunkel, fast Nacht\" - Instytut Polski w Dusseldorfie","og_description":"\u00a0 Sa 19.03.2016 18.30 UhrKulturkirche K\u00f6ln, Siebachstra\u00dfe 85, Nippes Moderation: Olga MannheimerLesung: Corinna HarfouchKarten:\u00a0http:\/\/ www.litcologne.de Eine Stadt ist in Aufruhr. Drei Kinder sind verschwunden. Die erfolglosen Ermittlungen sch\u00fcren die Wut der B\u00fcrger, befeuern die Ger\u00fcchte. Verd\u00e4chtigungen und Schuldzuweisungen greifen um sich. Gehetzt wird gegen die \u201eKatzenfresser\u201d, die Zigeuner. Im Radio und im Internet lodert die [&hellip;]","og_url":"https:\/\/instytutpolski.pl\/duesseldorf\/2016\/03\/19\/litcologne-joanna-bator-dunkel-fast-nacht\/","og_site_name":"Instytut Polski w Dusseldorfie","article_published_time":"2016-03-19T13:37:00+00:00","article_modified_time":"2021-07-14T12:50:19+00:00","og_image":[{"width":609,"height":1014,"url":"https:\/\/instytutpolski.pl\/duesseldorf\/wp-content\/uploads\/sites\/5\/2021\/07\/Joanna-Bator-Titelseite-Dunkel-fast-Nacht.png","type":"image\/png"}],"author":"kolinskia","twitter_card":"summary_large_image","twitter_misc":{"Napisane przez":"kolinskia","Szacowany czas czytania":"1 minuta"},"schema":{"@context":"https:\/\/schema.org","@graph":[{"@type":"event","@id":"https:\/\/instytutpolski.pl\/duesseldorf\/2016\/03\/19\/litcologne-joanna-bator-dunkel-fast-nacht\/","url":"https:\/\/instytutpolski.pl\/duesseldorf\/2016\/03\/19\/litcologne-joanna-bator-dunkel-fast-nacht\/","name":"litCologne - Joanna Bator \"Dunkel, fast Nacht\"","isPartOf":{"@id":"https:\/\/instytutpolski.pl\/duesseldorf\/#website"},"primaryImageOfPage":{"@id":"https:\/\/instytutpolski.pl\/duesseldorf\/2016\/03\/19\/litcologne-joanna-bator-dunkel-fast-nacht\/#primaryimage"},"image":["https:\/\/instytutpolski.pl\/duesseldorf\/wp-content\/uploads\/sites\/5\/2021\/07\/Joanna-Bator-Titelseite-Dunkel-fast-Nacht.png","https:\/\/instytutpolski.pl\/duesseldorf\/wp-content\/uploads\/sites\/5\/2021\/07\/Joanna-Bator-Titelseite-Dunkel-fast-Nacht-180x300.png","https:\/\/instytutpolski.pl\/duesseldorf\/wp-content\/uploads\/sites\/5\/2021\/07\/Joanna-Bator-Titelseite-Dunkel-fast-Nacht.png","https:\/\/instytutpolski.pl\/duesseldorf\/wp-content\/uploads\/sites\/5\/2021\/07\/Joanna-Bator-Titelseite-Dunkel-fast-Nacht.png"],"thumbnailUrl":"https:\/\/instytutpolski.pl\/duesseldorf\/wp-content\/uploads\/sites\/5\/2021\/07\/Joanna-Bator-Titelseite-Dunkel-fast-Nacht.png","datePublished":"2016-03-19T13:37:00+02:00","dateModified":"2021-07-14T12:50:19+02:00","author":{"@id":"https:\/\/instytutpolski.pl\/duesseldorf\/#\/schema\/person\/6b4b76776c5d49a1eb862046e311998e"},"breadcrumb":{"@id":"https:\/\/instytutpolski.pl\/duesseldorf\/2016\/03\/19\/litcologne-joanna-bator-dunkel-fast-nacht\/#breadcrumb"},"inLanguage":"pl-PL","potentialAction":[{"@type":"ReadAction","target":["https:\/\/instytutpolski.pl\/duesseldorf\/2016\/03\/19\/litcologne-joanna-bator-dunkel-fast-nacht\/"]}],"@context":"https:\/\/schema.org","startDate":"2016-03-19","endDate":"2016-03-19","eventStatus":"EventScheduled","eventAttendanceMode":"OfflineEventAttendanceMode","location":{"@type":"place","name":"","address":"","geo":{"@type":"GeoCoordinates","latitude":"","longitude":""}},"description":"\u00a0\nSa 19.03.2016 18.30 UhrKulturkirche K\u00f6ln, Siebachstra\u00dfe 85, Nippes\nModeration: Olga MannheimerLesung: Corinna HarfouchKarten:\u00a0http:\/\/ www.litcologne.deEine Stadt ist in Aufruhr. Drei Kinder sind verschwunden. Die erfolglosen Ermittlungen sch\u00fcren die Wut der B\u00fcrger, befeuern die Ger\u00fcchte. Verd\u00e4chtigungen und Schuldzuweisungen greifen um sich. Gehetzt wird gegen die \u201eKatzenfresser\u201d, die Zigeuner. Im Radio und im Internet lodert die Sprache des Hasses. Es ereignen sich unerkl\u00e4rliche Dinge. Die Journalistin Alicja Tabor kehrt in ihre Stadt zur\u00fcck, um Nachforschungen \u00fcber die r\u00e4tselhaften Entf\u00fchrungen anzustellen.Mit der ihr eigenen Subtilit\u00e4t schildert Joanna Bator, wie Stimmungen kippen k\u00f6nnen, wie latente \u00c4ngste und Traumata sich in j\u00e4he Ausbr\u00fcche von Wahnsinn verwandeln. \u201eDunkel, fast Nacht\u201d ist ein Roman \u00fcber die Br\u00fcchigkeit einer Gesellschaft, die ihre gemeinsame Sprache verloren hat.Joanna Bator\u00a0ist Autorin und Publizistin. F\u00fcr ihr neustes Buch \u201eDunkel, fast Nacht\u201d wurde sie mit dem NIKE, dem wichtigsten Literaturpreis Polens, ausgezeichnet. Die deutsche \u00dcbersetzung ihres Romans \"Sandberg\" durch Esther Kinsky war ein literarisches Ereignis. Seither gilt Joanna Bator als eine der wichtigsten neuen Stimmen der europ\u00e4ischen Literatur."},{"@type":"ImageObject","inLanguage":"pl-PL","@id":"https:\/\/instytutpolski.pl\/duesseldorf\/2016\/03\/19\/litcologne-joanna-bator-dunkel-fast-nacht\/#primaryimage","url":"https:\/\/instytutpolski.pl\/duesseldorf\/wp-content\/uploads\/sites\/5\/2021\/07\/Joanna-Bator-Titelseite-Dunkel-fast-Nacht.png","contentUrl":"https:\/\/instytutpolski.pl\/duesseldorf\/wp-content\/uploads\/sites\/5\/2021\/07\/Joanna-Bator-Titelseite-Dunkel-fast-Nacht.png","width":609,"height":1014},{"@type":"BreadcrumbList","@id":"https:\/\/instytutpolski.pl\/duesseldorf\/2016\/03\/19\/litcologne-joanna-bator-dunkel-fast-nacht\/#breadcrumb","itemListElement":[{"@type":"ListItem","position":1,"name":"Home","item":"https:\/\/instytutpolski.pl\/duesseldorf\/"},{"@type":"ListItem","position":2,"name":"litCologne &#8211; Joanna Bator &#8222;Dunkel, fast Nacht&#8220;"}]},{"@type":"WebSite","@id":"https:\/\/instytutpolski.pl\/duesseldorf\/#website","url":"https:\/\/instytutpolski.pl\/duesseldorf\/","name":"Instytut Polski w Dusseldorfie","description":"Instytuty Polskie","potentialAction":[{"@type":"SearchAction","target":{"@type":"EntryPoint","urlTemplate":"https:\/\/instytutpolski.pl\/duesseldorf\/?s={search_term_string}"},"query-input":{"@type":"PropertyValueSpecification","valueRequired":true,"valueName":"search_term_string"}}],"inLanguage":"pl-PL"},{"@type":"Person","@id":"https:\/\/instytutpolski.pl\/duesseldorf\/#\/schema\/person\/6b4b76776c5d49a1eb862046e311998e","name":"kolinskia","image":{"@type":"ImageObject","inLanguage":"pl-PL","@id":"https:\/\/instytutpolski.pl\/duesseldorf\/#\/schema\/person\/image\/","url":"https:\/\/secure.gravatar.com\/avatar\/9bb79075402c1d25f1e9e4e8260c2d13?s=96&d=mm&r=g","contentUrl":"https:\/\/secure.gravatar.com\/avatar\/9bb79075402c1d25f1e9e4e8260c2d13?s=96&d=mm&r=g","caption":"kolinskia"},"url":"https:\/\/instytutpolski.pl\/duesseldorf\/author\/kolinskia\/"}]}},"_links":{"self":[{"href":"https:\/\/instytutpolski.pl\/duesseldorf\/wp-json\/wp\/v2\/posts\/5549","targetHints":{"allow":["GET"]}}],"collection":[{"href":"https:\/\/instytutpolski.pl\/duesseldorf\/wp-json\/wp\/v2\/posts"}],"about":[{"href":"https:\/\/instytutpolski.pl\/duesseldorf\/wp-json\/wp\/v2\/types\/post"}],"author":[{"embeddable":true,"href":"https:\/\/instytutpolski.pl\/duesseldorf\/wp-json\/wp\/v2\/users\/103"}],"replies":[{"embeddable":true,"href":"https:\/\/instytutpolski.pl\/duesseldorf\/wp-json\/wp\/v2\/comments?post=5549"}],"version-history":[{"count":1,"href":"https:\/\/instytutpolski.pl\/duesseldorf\/wp-json\/wp\/v2\/posts\/5549\/revisions"}],"predecessor-version":[{"id":5551,"href":"https:\/\/instytutpolski.pl\/duesseldorf\/wp-json\/wp\/v2\/posts\/5549\/revisions\/5551"}],"wp:featuredmedia":[{"embeddable":true,"href":"https:\/\/instytutpolski.pl\/duesseldorf\/wp-json\/wp\/v2\/media\/5550"}],"wp:attachment":[{"href":"https:\/\/instytutpolski.pl\/duesseldorf\/wp-json\/wp\/v2\/media?parent=5549"}],"wp:term":[{"taxonomy":"category","embeddable":true,"href":"https:\/\/instytutpolski.pl\/duesseldorf\/wp-json\/wp\/v2\/categories?post=5549"},{"taxonomy":"post_tag","embeddable":true,"href":"https:\/\/instytutpolski.pl\/duesseldorf\/wp-json\/wp\/v2\/tags?post=5549"}],"curies":[{"name":"wp","href":"https:\/\/api.w.org\/{rel}","templated":true}]}}