{"id":5567,"date":"2015-09-19T12:24:00","date_gmt":"2015-09-19T10:24:00","guid":{"rendered":"https:\/\/instytutpolski.pl\/duesseldorf\/?p=5567"},"modified":"2021-07-15T12:38:39","modified_gmt":"2021-07-15T10:38:39","slug":"adam-zagajewski-in-ostwestfalen-lippe","status":"publish","type":"post","link":"https:\/\/instytutpolski.pl\/duesseldorf\/2015\/09\/19\/adam-zagajewski-in-ostwestfalen-lippe\/","title":{"rendered":"Adam Zagajewski in Ostwestfalen &#8211; Lippe"},"content":{"rendered":"\n<h3 class=\"h3_title\">\u00a0<\/h3>\n<div class=\"edytor programm\">\n<p class=\"news-info\"><strong>Sa 19.09.2015 &#8211; So 20.09.2015 <\/strong>19.30 Uhr und 11.30 Uhr<br \/>Sommertheater, Neustadt 22, 32756 Detmold<\/p>\nAdam Zagajewski beim literarischen Herbst des Literaturb\u00fcros Ostwestfalen-Lippe<br \/><a href=\"http:\/\/www.literaturbuero-owl.de\/veranstaltungsuebersicht.html\">http:\/\/www.literaturbuero-owl.de\/veranstaltungsuebersicht.html<\/a><br \/><br \/>SALON LITT\u00c9RAIRE<br \/><strong>Gedichte oder Steuererkl\u00e4rung?\u00a0Brauchen wir noch Gedichte?<\/strong><br \/>Samstag 19. September 2015, 19.30 Uhr, Eintritt frei<br \/>Haus Mu\u0308nsterberg, Hornsche Stra\u00dfe 38, 32756 Detmold<br \/><br \/>Den literarischen Herbst er\u00f6ffnet das Literaturbu\u0308ro prominent und international mit Lesungen und Konzert sowie einem Salon Litt\u00e9raire:\u00a0Adam Zagajewski, Ann Cotten und Harald Hartung<br \/>Das Gespr\u00e4ch fu\u0308hren Brigitte Labs-Ehlert und Hans-Ju\u0308rgen Balmes<br \/><br \/><br \/>PASSAGE 2<br \/><strong>\u2039Die Welt wird alt und wieder jung\u203a<\/strong><br \/>Sonntag, 20.09.2015, 11.30 Uhr<br \/>Detmolder Sommertheater, Neustadt 24, 32756 Detmold<br \/>Karten k\u00f6nnen von Montag bis Freitag von 9.00 bis 18.00 Uhr telefonisch unter 0 52 31 &#8211; 30 80 210 oder online unter www.literaturbuero-owl.de bestellt werden.<br \/><br \/>Lesungen und Konzert<br \/>Harald Hartung \u2039Die Muse des Alters\u203a<br \/>Ann Cotten \u2039Der schaudernde F\u00e4cher\u203a<br \/>Adam Zagajewski \u2039Asymmetrie\u203a<br \/>Nino Haratischwili \u2039Das achte Leben\u203a<br \/>Jens Harzer und Angela Winkler lesen Botho Strau\u00df \u2039Die Fabeln von der Begegnung\u203a<br \/>Anja Lechner Cello<br \/>Zs\u00f3fia Boros Gitarre<br \/><br \/><strong>Adam Zagajewski<\/strong>, 1945 in Lemberg (heute Ukraine) geboren, ist Autor zahlreicher Lyrik- und Essayb\u00e4nde. Seit 2007 lehrt er regelm\u00e4\u00dfig an der University of Chicago. F\u00fcr sein Werk wurde er wiederholt ausgezeichnet, 2015 erhielt er den Heinrich-Mann-Preis der Berliner Akademie der K\u00fcnste und 2014 den Eichendorff-Literaturpreis. Auf Deutsch sind zuletzt \u201eVerteidigung der Leidenschaft\u201c, \u201eUnsichtbare Hand\u201c, Die kleine Ewigkeit\u201c erschienen.<\/div>\n","protected":false},"excerpt":{"rendered":"<p>\u00a0 Sa 19.09.2015 &#8211; So 20.09.2015 19.30 Uhr und 11.30 UhrSommertheater, Neustadt 22, 32756 Detmold Adam Zagajewski beim literarischen Herbst des Literaturb\u00fcros Ostwestfalen-Lippehttp:\/\/www.literaturbuero-owl.de\/veranstaltungsuebersicht.html SALON LITT\u00c9RAIREGedichte oder Steuererkl\u00e4rung?\u00a0Brauchen wir noch Gedichte?Samstag 19. September 2015, 19.30 Uhr, Eintritt freiHaus Mu\u0308nsterberg, Hornsche Stra\u00dfe 38, 32756 Detmold Den literarischen Herbst er\u00f6ffnet das Literaturbu\u0308ro prominent und international mit Lesungen und [&hellip;]<\/p>\n","protected":false},"author":103,"featured_media":5568,"comment_status":"open","ping_status":"open","sticky":false,"template":"","format":"standard","meta":{"inline_featured_image":false,"_monsterinsights_skip_tracking":false,"_monsterinsights_sitenote_active":false,"_monsterinsights_sitenote_note":"","_monsterinsights_sitenote_category":0,"footnotes":""},"categories":[10,103],"tags":[],"class_list":["post-5567","post","type-post","status-publish","format-standard","has-post-thumbnail","hentry","category-literatur","category-programm"],"yoast_head":"<!-- This site is optimized with the Yoast SEO plugin v24.6 - https:\/\/yoast.com\/wordpress\/plugins\/seo\/ -->\n<title>Adam Zagajewski in Ostwestfalen - Lippe - Instytut Polski w Dusseldorfie<\/title>\n<meta name=\"robots\" content=\"index, follow, max-snippet:-1, max-image-preview:large, max-video-preview:-1\" \/>\n<link rel=\"canonical\" href=\"https:\/\/instytutpolski.pl\/duesseldorf\/2015\/09\/19\/adam-zagajewski-in-ostwestfalen-lippe\/\" \/>\n<meta property=\"og:locale\" content=\"pl_PL\" \/>\n<meta property=\"og:type\" content=\"article\" \/>\n<meta property=\"og:title\" content=\"Adam Zagajewski in Ostwestfalen - Lippe - Instytut Polski w Dusseldorfie\" \/>\n<meta property=\"og:description\" content=\"\u00a0 Sa 19.09.2015 &#8211; So 20.09.2015 19.30 Uhr und 11.30 UhrSommertheater, Neustadt 22, 32756 Detmold Adam Zagajewski beim literarischen Herbst des Literaturb\u00fcros Ostwestfalen-Lippehttp:\/\/www.literaturbuero-owl.de\/veranstaltungsuebersicht.html SALON LITT\u00c9RAIREGedichte oder Steuererkl\u00e4rung?\u00a0Brauchen wir noch Gedichte?Samstag 19. September 2015, 19.30 Uhr, Eintritt freiHaus Mu\u0308nsterberg, Hornsche Stra\u00dfe 38, 32756 Detmold Den literarischen Herbst er\u00f6ffnet das Literaturbu\u0308ro prominent und international mit Lesungen und [&hellip;]\" \/>\n<meta property=\"og:url\" content=\"https:\/\/instytutpolski.pl\/duesseldorf\/2015\/09\/19\/adam-zagajewski-in-ostwestfalen-lippe\/\" \/>\n<meta property=\"og:site_name\" content=\"Instytut Polski w Dusseldorfie\" \/>\n<meta property=\"article:published_time\" content=\"2015-09-19T10:24:00+00:00\" \/>\n<meta property=\"article:modified_time\" content=\"2021-07-15T10:38:39+00:00\" \/>\n<meta property=\"og:image\" content=\"https:\/\/instytutpolski.pl\/duesseldorf\/wp-content\/uploads\/sites\/5\/2021\/07\/Adam-Zagajewski_Foto-Wege-durch-das-Land.jpg\" \/>\n\t<meta property=\"og:image:width\" content=\"1137\" \/>\n\t<meta property=\"og:image:height\" content=\"796\" \/>\n\t<meta property=\"og:image:type\" content=\"image\/jpeg\" \/>\n<meta name=\"author\" content=\"kolinskia\" \/>\n<meta name=\"twitter:card\" content=\"summary_large_image\" \/>\n<meta name=\"twitter:label1\" content=\"Napisane przez\" \/>\n\t<meta name=\"twitter:data1\" content=\"kolinskia\" \/>\n\t<meta name=\"twitter:label2\" content=\"Szacowany czas czytania\" \/>\n\t<meta name=\"twitter:data2\" content=\"1 minuta\" \/>\n<script type=\"application\/ld+json\" class=\"yoast-schema-graph\">{\"@context\":\"https:\/\/schema.org\",\"@graph\":[{\"@type\":\"event\",\"@id\":\"https:\/\/instytutpolski.pl\/duesseldorf\/2015\/09\/19\/adam-zagajewski-in-ostwestfalen-lippe\/\",\"url\":\"https:\/\/instytutpolski.pl\/duesseldorf\/2015\/09\/19\/adam-zagajewski-in-ostwestfalen-lippe\/\",\"name\":\"Adam Zagajewski in Ostwestfalen - Lippe\",\"isPartOf\":{\"@id\":\"https:\/\/instytutpolski.pl\/duesseldorf\/#website\"},\"primaryImageOfPage\":{\"@id\":\"https:\/\/instytutpolski.pl\/duesseldorf\/2015\/09\/19\/adam-zagajewski-in-ostwestfalen-lippe\/#primaryimage\"},\"image\":[\"https:\/\/instytutpolski.pl\/duesseldorf\/wp-content\/uploads\/sites\/5\/2021\/07\/Adam-Zagajewski_Foto-Wege-durch-das-Land.jpg\",\"https:\/\/instytutpolski.pl\/duesseldorf\/wp-content\/uploads\/sites\/5\/2021\/07\/Adam-Zagajewski_Foto-Wege-durch-das-Land-300x210.jpg\",\"https:\/\/instytutpolski.pl\/duesseldorf\/wp-content\/uploads\/sites\/5\/2021\/07\/Adam-Zagajewski_Foto-Wege-durch-das-Land-1024x717.jpg\",\"https:\/\/instytutpolski.pl\/duesseldorf\/wp-content\/uploads\/sites\/5\/2021\/07\/Adam-Zagajewski_Foto-Wege-durch-das-Land.jpg\"],\"thumbnailUrl\":\"https:\/\/instytutpolski.pl\/duesseldorf\/wp-content\/uploads\/sites\/5\/2021\/07\/Adam-Zagajewski_Foto-Wege-durch-das-Land.jpg\",\"datePublished\":\"2015-09-19T10:24:00+02:00\",\"dateModified\":\"2021-07-15T10:38:39+02:00\",\"author\":{\"@id\":\"https:\/\/instytutpolski.pl\/duesseldorf\/#\/schema\/person\/6b4b76776c5d49a1eb862046e311998e\"},\"breadcrumb\":{\"@id\":\"https:\/\/instytutpolski.pl\/duesseldorf\/2015\/09\/19\/adam-zagajewski-in-ostwestfalen-lippe\/#breadcrumb\"},\"inLanguage\":\"pl-PL\",\"potentialAction\":[{\"@type\":\"ReadAction\",\"target\":[\"https:\/\/instytutpolski.pl\/duesseldorf\/2015\/09\/19\/adam-zagajewski-in-ostwestfalen-lippe\/\"]}],\"@context\":\"https:\/\/schema.org\",\"startDate\":\"2015-09-19\",\"endDate\":\"2015-09-19\",\"eventStatus\":\"EventScheduled\",\"eventAttendanceMode\":\"OfflineEventAttendanceMode\",\"location\":{\"@type\":\"place\",\"name\":\"\",\"address\":\"\",\"geo\":{\"@type\":\"GeoCoordinates\",\"latitude\":\"\",\"longitude\":\"\"}},\"description\":\"\u00a0\\nSa 19.09.2015 - So 20.09.2015 19.30 Uhr und 11.30 UhrSommertheater, Neustadt 22, 32756 Detmold\\nAdam Zagajewski beim literarischen Herbst des Literaturb\u00fcros Ostwestfalen-Lippehttp:\/\/www.literaturbuero-owl.de\/veranstaltungsuebersicht.htmlSALON LITT\u00c9RAIREGedichte oder Steuererkl\u00e4rung?\u00a0Brauchen wir noch Gedichte?Samstag 19. September 2015, 19.30 Uhr, Eintritt freiHaus Mu\u0308nsterberg, Hornsche Stra\u00dfe 38, 32756 DetmoldDen literarischen Herbst er\u00f6ffnet das Literaturbu\u0308ro prominent und international mit Lesungen und Konzert sowie einem Salon Litt\u00e9raire:\u00a0Adam Zagajewski, Ann Cotten und Harald HartungDas Gespr\u00e4ch fu\u0308hren Brigitte Labs-Ehlert und Hans-Ju\u0308rgen BalmesPASSAGE 2\u2039Die Welt wird alt und wieder jung\u203aSonntag, 20.09.2015, 11.30 UhrDetmolder Sommertheater, Neustadt 24, 32756 DetmoldKarten k\u00f6nnen von Montag bis Freitag von 9.00 bis 18.00 Uhr telefonisch unter 0 52 31 - 30 80 210 oder online unter www.literaturbuero-owl.de bestellt werden.Lesungen und KonzertHarald Hartung \u2039Die Muse des Alters\u203aAnn Cotten \u2039Der schaudernde F\u00e4cher\u203aAdam Zagajewski \u2039Asymmetrie\u203aNino Haratischwili \u2039Das achte Leben\u203aJens Harzer und Angela Winkler lesen Botho Strau\u00df \u2039Die Fabeln von der Begegnung\u203aAnja Lechner CelloZs\u00f3fia Boros GitarreAdam Zagajewski, 1945 in Lemberg (heute Ukraine) geboren, ist Autor zahlreicher Lyrik- und Essayb\u00e4nde. Seit 2007 lehrt er regelm\u00e4\u00dfig an der University of Chicago. F\u00fcr sein Werk wurde er wiederholt ausgezeichnet, 2015 erhielt er den Heinrich-Mann-Preis der Berliner Akademie der K\u00fcnste und 2014 den Eichendorff-Literaturpreis. Auf Deutsch sind zuletzt \u201eVerteidigung der Leidenschaft\u201c, \u201eUnsichtbare Hand\u201c, Die kleine Ewigkeit\u201c erschienen.\"},{\"@type\":\"ImageObject\",\"inLanguage\":\"pl-PL\",\"@id\":\"https:\/\/instytutpolski.pl\/duesseldorf\/2015\/09\/19\/adam-zagajewski-in-ostwestfalen-lippe\/#primaryimage\",\"url\":\"https:\/\/instytutpolski.pl\/duesseldorf\/wp-content\/uploads\/sites\/5\/2021\/07\/Adam-Zagajewski_Foto-Wege-durch-das-Land.jpg\",\"contentUrl\":\"https:\/\/instytutpolski.pl\/duesseldorf\/wp-content\/uploads\/sites\/5\/2021\/07\/Adam-Zagajewski_Foto-Wege-durch-das-Land.jpg\",\"width\":1137,\"height\":796},{\"@type\":\"BreadcrumbList\",\"@id\":\"https:\/\/instytutpolski.pl\/duesseldorf\/2015\/09\/19\/adam-zagajewski-in-ostwestfalen-lippe\/#breadcrumb\",\"itemListElement\":[{\"@type\":\"ListItem\",\"position\":1,\"name\":\"Home\",\"item\":\"https:\/\/instytutpolski.pl\/duesseldorf\/\"},{\"@type\":\"ListItem\",\"position\":2,\"name\":\"Adam Zagajewski in Ostwestfalen &#8211; Lippe\"}]},{\"@type\":\"WebSite\",\"@id\":\"https:\/\/instytutpolski.pl\/duesseldorf\/#website\",\"url\":\"https:\/\/instytutpolski.pl\/duesseldorf\/\",\"name\":\"Instytut Polski w Dusseldorfie\",\"description\":\"Instytuty Polskie\",\"potentialAction\":[{\"@type\":\"SearchAction\",\"target\":{\"@type\":\"EntryPoint\",\"urlTemplate\":\"https:\/\/instytutpolski.pl\/duesseldorf\/?s={search_term_string}\"},\"query-input\":{\"@type\":\"PropertyValueSpecification\",\"valueRequired\":true,\"valueName\":\"search_term_string\"}}],\"inLanguage\":\"pl-PL\"},{\"@type\":\"Person\",\"@id\":\"https:\/\/instytutpolski.pl\/duesseldorf\/#\/schema\/person\/6b4b76776c5d49a1eb862046e311998e\",\"name\":\"kolinskia\",\"image\":{\"@type\":\"ImageObject\",\"inLanguage\":\"pl-PL\",\"@id\":\"https:\/\/instytutpolski.pl\/duesseldorf\/#\/schema\/person\/image\/\",\"url\":\"https:\/\/secure.gravatar.com\/avatar\/9bb79075402c1d25f1e9e4e8260c2d13?s=96&d=mm&r=g\",\"contentUrl\":\"https:\/\/secure.gravatar.com\/avatar\/9bb79075402c1d25f1e9e4e8260c2d13?s=96&d=mm&r=g\",\"caption\":\"kolinskia\"},\"url\":\"https:\/\/instytutpolski.pl\/duesseldorf\/author\/kolinskia\/\"}]}<\/script>\n<!-- \/ Yoast SEO plugin. -->","yoast_head_json":{"title":"Adam Zagajewski in Ostwestfalen - Lippe - Instytut Polski w Dusseldorfie","robots":{"index":"index","follow":"follow","max-snippet":"max-snippet:-1","max-image-preview":"max-image-preview:large","max-video-preview":"max-video-preview:-1"},"canonical":"https:\/\/instytutpolski.pl\/duesseldorf\/2015\/09\/19\/adam-zagajewski-in-ostwestfalen-lippe\/","og_locale":"pl_PL","og_type":"article","og_title":"Adam Zagajewski in Ostwestfalen - Lippe - Instytut Polski w Dusseldorfie","og_description":"\u00a0 Sa 19.09.2015 &#8211; So 20.09.2015 19.30 Uhr und 11.30 UhrSommertheater, Neustadt 22, 32756 Detmold Adam Zagajewski beim literarischen Herbst des Literaturb\u00fcros Ostwestfalen-Lippehttp:\/\/www.literaturbuero-owl.de\/veranstaltungsuebersicht.html SALON LITT\u00c9RAIREGedichte oder Steuererkl\u00e4rung?\u00a0Brauchen wir noch Gedichte?Samstag 19. September 2015, 19.30 Uhr, Eintritt freiHaus Mu\u0308nsterberg, Hornsche Stra\u00dfe 38, 32756 Detmold Den literarischen Herbst er\u00f6ffnet das Literaturbu\u0308ro prominent und international mit Lesungen und [&hellip;]","og_url":"https:\/\/instytutpolski.pl\/duesseldorf\/2015\/09\/19\/adam-zagajewski-in-ostwestfalen-lippe\/","og_site_name":"Instytut Polski w Dusseldorfie","article_published_time":"2015-09-19T10:24:00+00:00","article_modified_time":"2021-07-15T10:38:39+00:00","og_image":[{"width":1137,"height":796,"url":"https:\/\/instytutpolski.pl\/duesseldorf\/wp-content\/uploads\/sites\/5\/2021\/07\/Adam-Zagajewski_Foto-Wege-durch-das-Land.jpg","type":"image\/jpeg"}],"author":"kolinskia","twitter_card":"summary_large_image","twitter_misc":{"Napisane przez":"kolinskia","Szacowany czas czytania":"1 minuta"},"schema":{"@context":"https:\/\/schema.org","@graph":[{"@type":"event","@id":"https:\/\/instytutpolski.pl\/duesseldorf\/2015\/09\/19\/adam-zagajewski-in-ostwestfalen-lippe\/","url":"https:\/\/instytutpolski.pl\/duesseldorf\/2015\/09\/19\/adam-zagajewski-in-ostwestfalen-lippe\/","name":"Adam Zagajewski in Ostwestfalen - Lippe","isPartOf":{"@id":"https:\/\/instytutpolski.pl\/duesseldorf\/#website"},"primaryImageOfPage":{"@id":"https:\/\/instytutpolski.pl\/duesseldorf\/2015\/09\/19\/adam-zagajewski-in-ostwestfalen-lippe\/#primaryimage"},"image":["https:\/\/instytutpolski.pl\/duesseldorf\/wp-content\/uploads\/sites\/5\/2021\/07\/Adam-Zagajewski_Foto-Wege-durch-das-Land.jpg","https:\/\/instytutpolski.pl\/duesseldorf\/wp-content\/uploads\/sites\/5\/2021\/07\/Adam-Zagajewski_Foto-Wege-durch-das-Land-300x210.jpg","https:\/\/instytutpolski.pl\/duesseldorf\/wp-content\/uploads\/sites\/5\/2021\/07\/Adam-Zagajewski_Foto-Wege-durch-das-Land-1024x717.jpg","https:\/\/instytutpolski.pl\/duesseldorf\/wp-content\/uploads\/sites\/5\/2021\/07\/Adam-Zagajewski_Foto-Wege-durch-das-Land.jpg"],"thumbnailUrl":"https:\/\/instytutpolski.pl\/duesseldorf\/wp-content\/uploads\/sites\/5\/2021\/07\/Adam-Zagajewski_Foto-Wege-durch-das-Land.jpg","datePublished":"2015-09-19T10:24:00+02:00","dateModified":"2021-07-15T10:38:39+02:00","author":{"@id":"https:\/\/instytutpolski.pl\/duesseldorf\/#\/schema\/person\/6b4b76776c5d49a1eb862046e311998e"},"breadcrumb":{"@id":"https:\/\/instytutpolski.pl\/duesseldorf\/2015\/09\/19\/adam-zagajewski-in-ostwestfalen-lippe\/#breadcrumb"},"inLanguage":"pl-PL","potentialAction":[{"@type":"ReadAction","target":["https:\/\/instytutpolski.pl\/duesseldorf\/2015\/09\/19\/adam-zagajewski-in-ostwestfalen-lippe\/"]}],"@context":"https:\/\/schema.org","startDate":"2015-09-19","endDate":"2015-09-19","eventStatus":"EventScheduled","eventAttendanceMode":"OfflineEventAttendanceMode","location":{"@type":"place","name":"","address":"","geo":{"@type":"GeoCoordinates","latitude":"","longitude":""}},"description":"\u00a0\nSa 19.09.2015 - So 20.09.2015 19.30 Uhr und 11.30 UhrSommertheater, Neustadt 22, 32756 Detmold\nAdam Zagajewski beim literarischen Herbst des Literaturb\u00fcros Ostwestfalen-Lippehttp:\/\/www.literaturbuero-owl.de\/veranstaltungsuebersicht.htmlSALON LITT\u00c9RAIREGedichte oder Steuererkl\u00e4rung?\u00a0Brauchen wir noch Gedichte?Samstag 19. September 2015, 19.30 Uhr, Eintritt freiHaus Mu\u0308nsterberg, Hornsche Stra\u00dfe 38, 32756 DetmoldDen literarischen Herbst er\u00f6ffnet das Literaturbu\u0308ro prominent und international mit Lesungen und Konzert sowie einem Salon Litt\u00e9raire:\u00a0Adam Zagajewski, Ann Cotten und Harald HartungDas Gespr\u00e4ch fu\u0308hren Brigitte Labs-Ehlert und Hans-Ju\u0308rgen BalmesPASSAGE 2\u2039Die Welt wird alt und wieder jung\u203aSonntag, 20.09.2015, 11.30 UhrDetmolder Sommertheater, Neustadt 24, 32756 DetmoldKarten k\u00f6nnen von Montag bis Freitag von 9.00 bis 18.00 Uhr telefonisch unter 0 52 31 - 30 80 210 oder online unter www.literaturbuero-owl.de bestellt werden.Lesungen und KonzertHarald Hartung \u2039Die Muse des Alters\u203aAnn Cotten \u2039Der schaudernde F\u00e4cher\u203aAdam Zagajewski \u2039Asymmetrie\u203aNino Haratischwili \u2039Das achte Leben\u203aJens Harzer und Angela Winkler lesen Botho Strau\u00df \u2039Die Fabeln von der Begegnung\u203aAnja Lechner CelloZs\u00f3fia Boros GitarreAdam Zagajewski, 1945 in Lemberg (heute Ukraine) geboren, ist Autor zahlreicher Lyrik- und Essayb\u00e4nde. Seit 2007 lehrt er regelm\u00e4\u00dfig an der University of Chicago. F\u00fcr sein Werk wurde er wiederholt ausgezeichnet, 2015 erhielt er den Heinrich-Mann-Preis der Berliner Akademie der K\u00fcnste und 2014 den Eichendorff-Literaturpreis. Auf Deutsch sind zuletzt \u201eVerteidigung der Leidenschaft\u201c, \u201eUnsichtbare Hand\u201c, Die kleine Ewigkeit\u201c erschienen."},{"@type":"ImageObject","inLanguage":"pl-PL","@id":"https:\/\/instytutpolski.pl\/duesseldorf\/2015\/09\/19\/adam-zagajewski-in-ostwestfalen-lippe\/#primaryimage","url":"https:\/\/instytutpolski.pl\/duesseldorf\/wp-content\/uploads\/sites\/5\/2021\/07\/Adam-Zagajewski_Foto-Wege-durch-das-Land.jpg","contentUrl":"https:\/\/instytutpolski.pl\/duesseldorf\/wp-content\/uploads\/sites\/5\/2021\/07\/Adam-Zagajewski_Foto-Wege-durch-das-Land.jpg","width":1137,"height":796},{"@type":"BreadcrumbList","@id":"https:\/\/instytutpolski.pl\/duesseldorf\/2015\/09\/19\/adam-zagajewski-in-ostwestfalen-lippe\/#breadcrumb","itemListElement":[{"@type":"ListItem","position":1,"name":"Home","item":"https:\/\/instytutpolski.pl\/duesseldorf\/"},{"@type":"ListItem","position":2,"name":"Adam Zagajewski in Ostwestfalen &#8211; Lippe"}]},{"@type":"WebSite","@id":"https:\/\/instytutpolski.pl\/duesseldorf\/#website","url":"https:\/\/instytutpolski.pl\/duesseldorf\/","name":"Instytut Polski w Dusseldorfie","description":"Instytuty Polskie","potentialAction":[{"@type":"SearchAction","target":{"@type":"EntryPoint","urlTemplate":"https:\/\/instytutpolski.pl\/duesseldorf\/?s={search_term_string}"},"query-input":{"@type":"PropertyValueSpecification","valueRequired":true,"valueName":"search_term_string"}}],"inLanguage":"pl-PL"},{"@type":"Person","@id":"https:\/\/instytutpolski.pl\/duesseldorf\/#\/schema\/person\/6b4b76776c5d49a1eb862046e311998e","name":"kolinskia","image":{"@type":"ImageObject","inLanguage":"pl-PL","@id":"https:\/\/instytutpolski.pl\/duesseldorf\/#\/schema\/person\/image\/","url":"https:\/\/secure.gravatar.com\/avatar\/9bb79075402c1d25f1e9e4e8260c2d13?s=96&d=mm&r=g","contentUrl":"https:\/\/secure.gravatar.com\/avatar\/9bb79075402c1d25f1e9e4e8260c2d13?s=96&d=mm&r=g","caption":"kolinskia"},"url":"https:\/\/instytutpolski.pl\/duesseldorf\/author\/kolinskia\/"}]}},"_links":{"self":[{"href":"https:\/\/instytutpolski.pl\/duesseldorf\/wp-json\/wp\/v2\/posts\/5567","targetHints":{"allow":["GET"]}}],"collection":[{"href":"https:\/\/instytutpolski.pl\/duesseldorf\/wp-json\/wp\/v2\/posts"}],"about":[{"href":"https:\/\/instytutpolski.pl\/duesseldorf\/wp-json\/wp\/v2\/types\/post"}],"author":[{"embeddable":true,"href":"https:\/\/instytutpolski.pl\/duesseldorf\/wp-json\/wp\/v2\/users\/103"}],"replies":[{"embeddable":true,"href":"https:\/\/instytutpolski.pl\/duesseldorf\/wp-json\/wp\/v2\/comments?post=5567"}],"version-history":[{"count":1,"href":"https:\/\/instytutpolski.pl\/duesseldorf\/wp-json\/wp\/v2\/posts\/5567\/revisions"}],"predecessor-version":[{"id":5569,"href":"https:\/\/instytutpolski.pl\/duesseldorf\/wp-json\/wp\/v2\/posts\/5567\/revisions\/5569"}],"wp:featuredmedia":[{"embeddable":true,"href":"https:\/\/instytutpolski.pl\/duesseldorf\/wp-json\/wp\/v2\/media\/5568"}],"wp:attachment":[{"href":"https:\/\/instytutpolski.pl\/duesseldorf\/wp-json\/wp\/v2\/media?parent=5567"}],"wp:term":[{"taxonomy":"category","embeddable":true,"href":"https:\/\/instytutpolski.pl\/duesseldorf\/wp-json\/wp\/v2\/categories?post=5567"},{"taxonomy":"post_tag","embeddable":true,"href":"https:\/\/instytutpolski.pl\/duesseldorf\/wp-json\/wp\/v2\/tags?post=5567"}],"curies":[{"name":"wp","href":"https:\/\/api.w.org\/{rel}","templated":true}]}}