{"id":5588,"date":"2014-10-31T15:05:00","date_gmt":"2014-10-31T14:05:00","guid":{"rendered":"https:\/\/instytutpolski.pl\/duesseldorf\/?p=5588"},"modified":"2021-08-12T12:22:19","modified_gmt":"2021-08-12T10:22:19","slug":"maria-janion-die-polen-und-ihre-vampire","status":"publish","type":"post","link":"https:\/\/instytutpolski.pl\/duesseldorf\/2014\/10\/31\/maria-janion-die-polen-und-ihre-vampire\/","title":{"rendered":"MARIA JANION &#8211; Die Polen und ihre Vampire"},"content":{"rendered":"\n<h3 class=\"h3_title\">\u00a0<\/h3>\n<div class=\"edytor programm\">\n<p class=\"news-info\"><strong>Fr 31.10.2014 <\/strong>14.00 &#8211; 16.00 Uhr<br \/>Universit\u00e4t Bochum, Raum GB 8 153\/154<\/p>\nPodiumdiskussion mit\u00a0<strong>Prof. Magdalena Marsza\u0142ek<\/strong>\u00a0(Universit\u00e4t Potsdam),\u00a0<strong>Prof. Mirja Lecke<\/strong>\u00a0(Universit\u00e4t Bochum),\u00a0<strong>Prof. Alfred Sproede<\/strong>\u00a0(Universit\u00e4t M\u00fcnster),\u00a0<strong>Mithu Sanyal<\/strong>\u00a0(Journalistin)<br \/><br \/>Maria Janion, Literaturwissenschaftlerin und namhafte Romantikforscherin, ist eine der unumstrittenen intellektuellen Autorit\u00e4ten in Polen. Sie hat sich stets in politische Debatten eingemischt und in den letzten Jahren ihre Prominenz dazu genutzt, die Frauenbewegung und die wiedererwachte Neue Linke zu unterst\u00fctzen. Sie ist emeritierte Professorin am Institut f\u00fcr Literaturforschung der Polnischen Akademie der Wissenschaften in Warschau, lehrte in Danzig und Warschau. Ihr umfangreiches und vielfach ausgezeichnetes Werk wurde u.a. ins Franz\u00f6sische und Englische \u00fcbersetzt.<br \/><br \/>Im Zentrum von \u201eDie Polen und ihre Vampire\u201d steht der Begiff der \u201ekrytyka fantasmatyczna\u201d, die Befragung von Literatur, Film und Kunst auf ihre imagin\u00e4ren Potenziale hin, auf bewusste und unbewusste kulturelle Vorstellungen, Selbst- und Fremdbilder, die in den \u00e4sthetischen Gebilden wirksam sind. Ein bedeutendes romantisches Phantasma ist der Vampir als Doppelg\u00e4nger und Schatten, als \u201eSymbolfigur f\u00fcr die Transgression zum B\u00f6sen\u201d.<br \/><br \/>Kooperation: Seminar f\u00fcr Slavistik Bochum, Slavisch-Baltisches Seminar der Universit\u00e4t M\u00fcnster, Verlag Suhrkamp<br \/><br \/>Im Suhrkamp Verlag erschien erstmals eine deutsche Fassung ihrer wichtigsten und einflussreichsten Werke der letzten Jahre, Titel des Buches lautet \u201eMaria Janion \u2013 Die Polen und ihre Vampire\u201d.<br \/><br \/>Zum Beitrag von Mithu Sanyal &#8222;Im Land der Vampire&#8221; bei Scala auf WDR 5:<br \/><a href=\"http:\/\/www.wdr.de\/wissen\/wdr_wissen\/programmtipps\/radio\/14\/06\/30_1205_5.php5?start=1404155100\">http:\/\/www.wdr.de\/wissen\/wdr_wissen\/programmtipps\/radio\/14\/06\/30_1205_5.php5?start=1404155100<\/a><\/div>\n","protected":false},"excerpt":{"rendered":"<p>\u00a0 Fr 31.10.2014 14.00 &#8211; 16.00 UhrUniversit\u00e4t Bochum, Raum GB 8 153\/154 Podiumdiskussion mit\u00a0Prof. Magdalena Marsza\u0142ek\u00a0(Universit\u00e4t Potsdam),\u00a0Prof. Mirja Lecke\u00a0(Universit\u00e4t Bochum),\u00a0Prof. Alfred Sproede\u00a0(Universit\u00e4t M\u00fcnster),\u00a0Mithu Sanyal\u00a0(Journalistin) Maria Janion, Literaturwissenschaftlerin und namhafte Romantikforscherin, ist eine der unumstrittenen intellektuellen Autorit\u00e4ten in Polen. Sie hat sich stets in politische Debatten eingemischt und in den letzten Jahren ihre Prominenz dazu genutzt, [&hellip;]<\/p>\n","protected":false},"author":103,"featured_media":5589,"comment_status":"open","ping_status":"open","sticky":false,"template":"","format":"standard","meta":{"inline_featured_image":false,"_monsterinsights_skip_tracking":false,"_monsterinsights_sitenote_active":false,"_monsterinsights_sitenote_note":"","_monsterinsights_sitenote_category":0,"footnotes":""},"categories":[10,103],"tags":[],"class_list":["post-5588","post","type-post","status-publish","format-standard","has-post-thumbnail","hentry","category-literatur","category-programm"],"yoast_head":"<!-- This site is optimized with the Yoast SEO plugin v24.6 - https:\/\/yoast.com\/wordpress\/plugins\/seo\/ -->\n<title>MARIA JANION - Die Polen und ihre Vampire - Instytut Polski w Dusseldorfie<\/title>\n<meta name=\"robots\" content=\"index, follow, max-snippet:-1, max-image-preview:large, max-video-preview:-1\" \/>\n<link rel=\"canonical\" href=\"https:\/\/instytutpolski.pl\/duesseldorf\/2014\/10\/31\/maria-janion-die-polen-und-ihre-vampire\/\" \/>\n<meta property=\"og:locale\" content=\"pl_PL\" \/>\n<meta property=\"og:type\" content=\"article\" \/>\n<meta property=\"og:title\" content=\"MARIA JANION - Die Polen und ihre Vampire - Instytut Polski w Dusseldorfie\" \/>\n<meta property=\"og:description\" content=\"\u00a0 Fr 31.10.2014 14.00 &#8211; 16.00 UhrUniversit\u00e4t Bochum, Raum GB 8 153\/154 Podiumdiskussion mit\u00a0Prof. Magdalena Marsza\u0142ek\u00a0(Universit\u00e4t Potsdam),\u00a0Prof. Mirja Lecke\u00a0(Universit\u00e4t Bochum),\u00a0Prof. Alfred Sproede\u00a0(Universit\u00e4t M\u00fcnster),\u00a0Mithu Sanyal\u00a0(Journalistin) Maria Janion, Literaturwissenschaftlerin und namhafte Romantikforscherin, ist eine der unumstrittenen intellektuellen Autorit\u00e4ten in Polen. Sie hat sich stets in politische Debatten eingemischt und in den letzten Jahren ihre Prominenz dazu genutzt, [&hellip;]\" \/>\n<meta property=\"og:url\" content=\"https:\/\/instytutpolski.pl\/duesseldorf\/2014\/10\/31\/maria-janion-die-polen-und-ihre-vampire\/\" \/>\n<meta property=\"og:site_name\" content=\"Instytut Polski w Dusseldorfie\" \/>\n<meta property=\"article:published_time\" content=\"2014-10-31T14:05:00+00:00\" \/>\n<meta property=\"article:modified_time\" content=\"2021-08-12T10:22:19+00:00\" \/>\n<meta property=\"og:image\" content=\"https:\/\/instytutpolski.pl\/duesseldorf\/wp-content\/uploads\/sites\/5\/2021\/07\/Abb_Text_1-scaled.jpg\" \/>\n\t<meta property=\"og:image:width\" content=\"2560\" \/>\n\t<meta property=\"og:image:height\" content=\"2287\" \/>\n\t<meta property=\"og:image:type\" content=\"image\/jpeg\" \/>\n<meta name=\"author\" content=\"kolinskia\" \/>\n<meta name=\"twitter:card\" content=\"summary_large_image\" \/>\n<meta name=\"twitter:label1\" content=\"Napisane przez\" \/>\n\t<meta name=\"twitter:data1\" content=\"kolinskia\" \/>\n\t<meta name=\"twitter:label2\" content=\"Szacowany czas czytania\" \/>\n\t<meta name=\"twitter:data2\" content=\"1 minuta\" \/>\n<script type=\"application\/ld+json\" class=\"yoast-schema-graph\">{\"@context\":\"https:\/\/schema.org\",\"@graph\":[{\"@type\":\"event\",\"@id\":\"https:\/\/instytutpolski.pl\/duesseldorf\/2014\/10\/31\/maria-janion-die-polen-und-ihre-vampire\/\",\"url\":\"https:\/\/instytutpolski.pl\/duesseldorf\/2014\/10\/31\/maria-janion-die-polen-und-ihre-vampire\/\",\"name\":\"MARIA JANION - Die Polen und ihre Vampire\",\"isPartOf\":{\"@id\":\"https:\/\/instytutpolski.pl\/duesseldorf\/#website\"},\"primaryImageOfPage\":{\"@id\":\"https:\/\/instytutpolski.pl\/duesseldorf\/2014\/10\/31\/maria-janion-die-polen-und-ihre-vampire\/#primaryimage\"},\"image\":[\"https:\/\/instytutpolski.pl\/duesseldorf\/wp-content\/uploads\/sites\/5\/2021\/07\/Abb_Text_1-scaled.jpg\",\"https:\/\/instytutpolski.pl\/duesseldorf\/wp-content\/uploads\/sites\/5\/2021\/07\/Abb_Text_1-300x268.jpg\",\"https:\/\/instytutpolski.pl\/duesseldorf\/wp-content\/uploads\/sites\/5\/2021\/07\/Abb_Text_1-1024x915.jpg\",\"https:\/\/instytutpolski.pl\/duesseldorf\/wp-content\/uploads\/sites\/5\/2021\/07\/Abb_Text_1-scaled.jpg\"],\"thumbnailUrl\":\"https:\/\/instytutpolski.pl\/duesseldorf\/wp-content\/uploads\/sites\/5\/2021\/07\/Abb_Text_1-scaled.jpg\",\"datePublished\":\"2014-10-31T14:05:00+02:00\",\"dateModified\":\"2021-08-12T10:22:19+02:00\",\"author\":{\"@id\":\"https:\/\/instytutpolski.pl\/duesseldorf\/#\/schema\/person\/6b4b76776c5d49a1eb862046e311998e\"},\"breadcrumb\":{\"@id\":\"https:\/\/instytutpolski.pl\/duesseldorf\/2014\/10\/31\/maria-janion-die-polen-und-ihre-vampire\/#breadcrumb\"},\"inLanguage\":\"pl-PL\",\"potentialAction\":[{\"@type\":\"ReadAction\",\"target\":[\"https:\/\/instytutpolski.pl\/duesseldorf\/2014\/10\/31\/maria-janion-die-polen-und-ihre-vampire\/\"]}],\"@context\":\"https:\/\/schema.org\",\"startDate\":\"2014-10-31\",\"endDate\":\"2014-10-31\",\"eventStatus\":\"EventScheduled\",\"eventAttendanceMode\":\"OfflineEventAttendanceMode\",\"location\":{\"@type\":\"place\",\"name\":\"\",\"address\":\"\",\"geo\":{\"@type\":\"GeoCoordinates\",\"latitude\":\"\",\"longitude\":\"\"}},\"description\":\"\u00a0\\nFr 31.10.2014 14.00 - 16.00 UhrUniversit\u00e4t Bochum, Raum GB 8 153\/154\\nPodiumdiskussion mit\u00a0Prof. Magdalena Marsza\u0142ek\u00a0(Universit\u00e4t Potsdam),\u00a0Prof. Mirja Lecke\u00a0(Universit\u00e4t Bochum),\u00a0Prof. Alfred Sproede\u00a0(Universit\u00e4t M\u00fcnster),\u00a0Mithu Sanyal\u00a0(Journalistin)Maria Janion, Literaturwissenschaftlerin und namhafte Romantikforscherin, ist eine der unumstrittenen intellektuellen Autorit\u00e4ten in Polen. Sie hat sich stets in politische Debatten eingemischt und in den letzten Jahren ihre Prominenz dazu genutzt, die Frauenbewegung und die wiedererwachte Neue Linke zu unterst\u00fctzen. Sie ist emeritierte Professorin am Institut f\u00fcr Literaturforschung der Polnischen Akademie der Wissenschaften in Warschau, lehrte in Danzig und Warschau. Ihr umfangreiches und vielfach ausgezeichnetes Werk wurde u.a. ins Franz\u00f6sische und Englische \u00fcbersetzt.Im Zentrum von \u201eDie Polen und ihre Vampire\u201d steht der Begiff der \u201ekrytyka fantasmatyczna\u201d, die Befragung von Literatur, Film und Kunst auf ihre imagin\u00e4ren Potenziale hin, auf bewusste und unbewusste kulturelle Vorstellungen, Selbst- und Fremdbilder, die in den \u00e4sthetischen Gebilden wirksam sind. Ein bedeutendes romantisches Phantasma ist der Vampir als Doppelg\u00e4nger und Schatten, als \u201eSymbolfigur f\u00fcr die Transgression zum B\u00f6sen\u201d.Kooperation: Seminar f\u00fcr Slavistik Bochum, Slavisch-Baltisches Seminar der Universit\u00e4t M\u00fcnster, Verlag SuhrkampIm Suhrkamp Verlag erschien erstmals eine deutsche Fassung ihrer wichtigsten und einflussreichsten Werke der letzten Jahre, Titel des Buches lautet \u201eMaria Janion \u2013 Die Polen und ihre Vampire\u201d.Zum Beitrag von Mithu Sanyal \\\"Im Land der Vampire\\\" bei Scala auf WDR 5:http:\/\/www.wdr.de\/wissen\/wdr_wissen\/programmtipps\/radio\/14\/06\/30_1205_5.php5?start=1404155100\"},{\"@type\":\"ImageObject\",\"inLanguage\":\"pl-PL\",\"@id\":\"https:\/\/instytutpolski.pl\/duesseldorf\/2014\/10\/31\/maria-janion-die-polen-und-ihre-vampire\/#primaryimage\",\"url\":\"https:\/\/instytutpolski.pl\/duesseldorf\/wp-content\/uploads\/sites\/5\/2021\/07\/Abb_Text_1-scaled.jpg\",\"contentUrl\":\"https:\/\/instytutpolski.pl\/duesseldorf\/wp-content\/uploads\/sites\/5\/2021\/07\/Abb_Text_1-scaled.jpg\",\"width\":2560,\"height\":2287},{\"@type\":\"BreadcrumbList\",\"@id\":\"https:\/\/instytutpolski.pl\/duesseldorf\/2014\/10\/31\/maria-janion-die-polen-und-ihre-vampire\/#breadcrumb\",\"itemListElement\":[{\"@type\":\"ListItem\",\"position\":1,\"name\":\"Home\",\"item\":\"https:\/\/instytutpolski.pl\/duesseldorf\/\"},{\"@type\":\"ListItem\",\"position\":2,\"name\":\"MARIA JANION &#8211; Die Polen und ihre Vampire\"}]},{\"@type\":\"WebSite\",\"@id\":\"https:\/\/instytutpolski.pl\/duesseldorf\/#website\",\"url\":\"https:\/\/instytutpolski.pl\/duesseldorf\/\",\"name\":\"Instytut Polski w Dusseldorfie\",\"description\":\"Instytuty Polskie\",\"potentialAction\":[{\"@type\":\"SearchAction\",\"target\":{\"@type\":\"EntryPoint\",\"urlTemplate\":\"https:\/\/instytutpolski.pl\/duesseldorf\/?s={search_term_string}\"},\"query-input\":{\"@type\":\"PropertyValueSpecification\",\"valueRequired\":true,\"valueName\":\"search_term_string\"}}],\"inLanguage\":\"pl-PL\"},{\"@type\":\"Person\",\"@id\":\"https:\/\/instytutpolski.pl\/duesseldorf\/#\/schema\/person\/6b4b76776c5d49a1eb862046e311998e\",\"name\":\"kolinskia\",\"image\":{\"@type\":\"ImageObject\",\"inLanguage\":\"pl-PL\",\"@id\":\"https:\/\/instytutpolski.pl\/duesseldorf\/#\/schema\/person\/image\/\",\"url\":\"https:\/\/secure.gravatar.com\/avatar\/9bb79075402c1d25f1e9e4e8260c2d13?s=96&d=mm&r=g\",\"contentUrl\":\"https:\/\/secure.gravatar.com\/avatar\/9bb79075402c1d25f1e9e4e8260c2d13?s=96&d=mm&r=g\",\"caption\":\"kolinskia\"},\"url\":\"https:\/\/instytutpolski.pl\/duesseldorf\/author\/kolinskia\/\"}]}<\/script>\n<!-- \/ Yoast SEO plugin. -->","yoast_head_json":{"title":"MARIA JANION - Die Polen und ihre Vampire - Instytut Polski w Dusseldorfie","robots":{"index":"index","follow":"follow","max-snippet":"max-snippet:-1","max-image-preview":"max-image-preview:large","max-video-preview":"max-video-preview:-1"},"canonical":"https:\/\/instytutpolski.pl\/duesseldorf\/2014\/10\/31\/maria-janion-die-polen-und-ihre-vampire\/","og_locale":"pl_PL","og_type":"article","og_title":"MARIA JANION - Die Polen und ihre Vampire - Instytut Polski w Dusseldorfie","og_description":"\u00a0 Fr 31.10.2014 14.00 &#8211; 16.00 UhrUniversit\u00e4t Bochum, Raum GB 8 153\/154 Podiumdiskussion mit\u00a0Prof. Magdalena Marsza\u0142ek\u00a0(Universit\u00e4t Potsdam),\u00a0Prof. Mirja Lecke\u00a0(Universit\u00e4t Bochum),\u00a0Prof. Alfred Sproede\u00a0(Universit\u00e4t M\u00fcnster),\u00a0Mithu Sanyal\u00a0(Journalistin) Maria Janion, Literaturwissenschaftlerin und namhafte Romantikforscherin, ist eine der unumstrittenen intellektuellen Autorit\u00e4ten in Polen. Sie hat sich stets in politische Debatten eingemischt und in den letzten Jahren ihre Prominenz dazu genutzt, [&hellip;]","og_url":"https:\/\/instytutpolski.pl\/duesseldorf\/2014\/10\/31\/maria-janion-die-polen-und-ihre-vampire\/","og_site_name":"Instytut Polski w Dusseldorfie","article_published_time":"2014-10-31T14:05:00+00:00","article_modified_time":"2021-08-12T10:22:19+00:00","og_image":[{"width":2560,"height":2287,"url":"https:\/\/instytutpolski.pl\/duesseldorf\/wp-content\/uploads\/sites\/5\/2021\/07\/Abb_Text_1-scaled.jpg","type":"image\/jpeg"}],"author":"kolinskia","twitter_card":"summary_large_image","twitter_misc":{"Napisane przez":"kolinskia","Szacowany czas czytania":"1 minuta"},"schema":{"@context":"https:\/\/schema.org","@graph":[{"@type":"event","@id":"https:\/\/instytutpolski.pl\/duesseldorf\/2014\/10\/31\/maria-janion-die-polen-und-ihre-vampire\/","url":"https:\/\/instytutpolski.pl\/duesseldorf\/2014\/10\/31\/maria-janion-die-polen-und-ihre-vampire\/","name":"MARIA JANION - Die Polen und ihre Vampire","isPartOf":{"@id":"https:\/\/instytutpolski.pl\/duesseldorf\/#website"},"primaryImageOfPage":{"@id":"https:\/\/instytutpolski.pl\/duesseldorf\/2014\/10\/31\/maria-janion-die-polen-und-ihre-vampire\/#primaryimage"},"image":["https:\/\/instytutpolski.pl\/duesseldorf\/wp-content\/uploads\/sites\/5\/2021\/07\/Abb_Text_1-scaled.jpg","https:\/\/instytutpolski.pl\/duesseldorf\/wp-content\/uploads\/sites\/5\/2021\/07\/Abb_Text_1-300x268.jpg","https:\/\/instytutpolski.pl\/duesseldorf\/wp-content\/uploads\/sites\/5\/2021\/07\/Abb_Text_1-1024x915.jpg","https:\/\/instytutpolski.pl\/duesseldorf\/wp-content\/uploads\/sites\/5\/2021\/07\/Abb_Text_1-scaled.jpg"],"thumbnailUrl":"https:\/\/instytutpolski.pl\/duesseldorf\/wp-content\/uploads\/sites\/5\/2021\/07\/Abb_Text_1-scaled.jpg","datePublished":"2014-10-31T14:05:00+02:00","dateModified":"2021-08-12T10:22:19+02:00","author":{"@id":"https:\/\/instytutpolski.pl\/duesseldorf\/#\/schema\/person\/6b4b76776c5d49a1eb862046e311998e"},"breadcrumb":{"@id":"https:\/\/instytutpolski.pl\/duesseldorf\/2014\/10\/31\/maria-janion-die-polen-und-ihre-vampire\/#breadcrumb"},"inLanguage":"pl-PL","potentialAction":[{"@type":"ReadAction","target":["https:\/\/instytutpolski.pl\/duesseldorf\/2014\/10\/31\/maria-janion-die-polen-und-ihre-vampire\/"]}],"@context":"https:\/\/schema.org","startDate":"2014-10-31","endDate":"2014-10-31","eventStatus":"EventScheduled","eventAttendanceMode":"OfflineEventAttendanceMode","location":{"@type":"place","name":"","address":"","geo":{"@type":"GeoCoordinates","latitude":"","longitude":""}},"description":"\u00a0\nFr 31.10.2014 14.00 - 16.00 UhrUniversit\u00e4t Bochum, Raum GB 8 153\/154\nPodiumdiskussion mit\u00a0Prof. Magdalena Marsza\u0142ek\u00a0(Universit\u00e4t Potsdam),\u00a0Prof. Mirja Lecke\u00a0(Universit\u00e4t Bochum),\u00a0Prof. Alfred Sproede\u00a0(Universit\u00e4t M\u00fcnster),\u00a0Mithu Sanyal\u00a0(Journalistin)Maria Janion, Literaturwissenschaftlerin und namhafte Romantikforscherin, ist eine der unumstrittenen intellektuellen Autorit\u00e4ten in Polen. Sie hat sich stets in politische Debatten eingemischt und in den letzten Jahren ihre Prominenz dazu genutzt, die Frauenbewegung und die wiedererwachte Neue Linke zu unterst\u00fctzen. Sie ist emeritierte Professorin am Institut f\u00fcr Literaturforschung der Polnischen Akademie der Wissenschaften in Warschau, lehrte in Danzig und Warschau. Ihr umfangreiches und vielfach ausgezeichnetes Werk wurde u.a. ins Franz\u00f6sische und Englische \u00fcbersetzt.Im Zentrum von \u201eDie Polen und ihre Vampire\u201d steht der Begiff der \u201ekrytyka fantasmatyczna\u201d, die Befragung von Literatur, Film und Kunst auf ihre imagin\u00e4ren Potenziale hin, auf bewusste und unbewusste kulturelle Vorstellungen, Selbst- und Fremdbilder, die in den \u00e4sthetischen Gebilden wirksam sind. Ein bedeutendes romantisches Phantasma ist der Vampir als Doppelg\u00e4nger und Schatten, als \u201eSymbolfigur f\u00fcr die Transgression zum B\u00f6sen\u201d.Kooperation: Seminar f\u00fcr Slavistik Bochum, Slavisch-Baltisches Seminar der Universit\u00e4t M\u00fcnster, Verlag SuhrkampIm Suhrkamp Verlag erschien erstmals eine deutsche Fassung ihrer wichtigsten und einflussreichsten Werke der letzten Jahre, Titel des Buches lautet \u201eMaria Janion \u2013 Die Polen und ihre Vampire\u201d.Zum Beitrag von Mithu Sanyal \"Im Land der Vampire\" bei Scala auf WDR 5:http:\/\/www.wdr.de\/wissen\/wdr_wissen\/programmtipps\/radio\/14\/06\/30_1205_5.php5?start=1404155100"},{"@type":"ImageObject","inLanguage":"pl-PL","@id":"https:\/\/instytutpolski.pl\/duesseldorf\/2014\/10\/31\/maria-janion-die-polen-und-ihre-vampire\/#primaryimage","url":"https:\/\/instytutpolski.pl\/duesseldorf\/wp-content\/uploads\/sites\/5\/2021\/07\/Abb_Text_1-scaled.jpg","contentUrl":"https:\/\/instytutpolski.pl\/duesseldorf\/wp-content\/uploads\/sites\/5\/2021\/07\/Abb_Text_1-scaled.jpg","width":2560,"height":2287},{"@type":"BreadcrumbList","@id":"https:\/\/instytutpolski.pl\/duesseldorf\/2014\/10\/31\/maria-janion-die-polen-und-ihre-vampire\/#breadcrumb","itemListElement":[{"@type":"ListItem","position":1,"name":"Home","item":"https:\/\/instytutpolski.pl\/duesseldorf\/"},{"@type":"ListItem","position":2,"name":"MARIA JANION &#8211; Die Polen und ihre Vampire"}]},{"@type":"WebSite","@id":"https:\/\/instytutpolski.pl\/duesseldorf\/#website","url":"https:\/\/instytutpolski.pl\/duesseldorf\/","name":"Instytut Polski w Dusseldorfie","description":"Instytuty Polskie","potentialAction":[{"@type":"SearchAction","target":{"@type":"EntryPoint","urlTemplate":"https:\/\/instytutpolski.pl\/duesseldorf\/?s={search_term_string}"},"query-input":{"@type":"PropertyValueSpecification","valueRequired":true,"valueName":"search_term_string"}}],"inLanguage":"pl-PL"},{"@type":"Person","@id":"https:\/\/instytutpolski.pl\/duesseldorf\/#\/schema\/person\/6b4b76776c5d49a1eb862046e311998e","name":"kolinskia","image":{"@type":"ImageObject","inLanguage":"pl-PL","@id":"https:\/\/instytutpolski.pl\/duesseldorf\/#\/schema\/person\/image\/","url":"https:\/\/secure.gravatar.com\/avatar\/9bb79075402c1d25f1e9e4e8260c2d13?s=96&d=mm&r=g","contentUrl":"https:\/\/secure.gravatar.com\/avatar\/9bb79075402c1d25f1e9e4e8260c2d13?s=96&d=mm&r=g","caption":"kolinskia"},"url":"https:\/\/instytutpolski.pl\/duesseldorf\/author\/kolinskia\/"}]}},"_links":{"self":[{"href":"https:\/\/instytutpolski.pl\/duesseldorf\/wp-json\/wp\/v2\/posts\/5588","targetHints":{"allow":["GET"]}}],"collection":[{"href":"https:\/\/instytutpolski.pl\/duesseldorf\/wp-json\/wp\/v2\/posts"}],"about":[{"href":"https:\/\/instytutpolski.pl\/duesseldorf\/wp-json\/wp\/v2\/types\/post"}],"author":[{"embeddable":true,"href":"https:\/\/instytutpolski.pl\/duesseldorf\/wp-json\/wp\/v2\/users\/103"}],"replies":[{"embeddable":true,"href":"https:\/\/instytutpolski.pl\/duesseldorf\/wp-json\/wp\/v2\/comments?post=5588"}],"version-history":[{"count":1,"href":"https:\/\/instytutpolski.pl\/duesseldorf\/wp-json\/wp\/v2\/posts\/5588\/revisions"}],"predecessor-version":[{"id":5590,"href":"https:\/\/instytutpolski.pl\/duesseldorf\/wp-json\/wp\/v2\/posts\/5588\/revisions\/5590"}],"wp:featuredmedia":[{"embeddable":true,"href":"https:\/\/instytutpolski.pl\/duesseldorf\/wp-json\/wp\/v2\/media\/5589"}],"wp:attachment":[{"href":"https:\/\/instytutpolski.pl\/duesseldorf\/wp-json\/wp\/v2\/media?parent=5588"}],"wp:term":[{"taxonomy":"category","embeddable":true,"href":"https:\/\/instytutpolski.pl\/duesseldorf\/wp-json\/wp\/v2\/categories?post=5588"},{"taxonomy":"post_tag","embeddable":true,"href":"https:\/\/instytutpolski.pl\/duesseldorf\/wp-json\/wp\/v2\/tags?post=5588"}],"curies":[{"name":"wp","href":"https:\/\/api.w.org\/{rel}","templated":true}]}}