{"id":5594,"date":"2014-09-26T15:18:00","date_gmt":"2014-09-26T13:18:00","guid":{"rendered":"https:\/\/instytutpolski.pl\/duesseldorf\/?p=5594"},"modified":"2021-07-15T15:27:46","modified_gmt":"2021-07-15T13:27:46","slug":"verleihung-des-gustav-heinemann-friedenspreises-an-adam-jaromir-gabriela-cichowska-und-dorota-nowacka","status":"publish","type":"post","link":"https:\/\/instytutpolski.pl\/duesseldorf\/2014\/09\/26\/verleihung-des-gustav-heinemann-friedenspreises-an-adam-jaromir-gabriela-cichowska-und-dorota-nowacka\/","title":{"rendered":"Verleihung des Gustav &#8211; Heinemann &#8211; Friedenspreises an Adam Jaromir, Gabriela Cichowska und Dorota Nowacka"},"content":{"rendered":"\n<h3 class=\"h3_title\">\u00a0<\/h3>\n<div class=\"edytor programm\">\n<p class=\"news-info\"><strong>Fr 26.09.2014 <\/strong>16.00 Uhr, Anmeldung erforderlich bei monika.werner@instytutpolski.org<br \/>Polnisches Institut D\u00fcsseldorf, Citadellstr. 7<\/p>\nVerleihung des Gustav-Heinemann-Friedenspreises f\u00fcr Kinder- und Jugendb\u00fccher an Adam Jaromir, Gabriela Cichowska und Dorota Nowacka<br \/><br \/>Mit dem Gustav-Heinemann-Friedenspreis werden B\u00fccher ausgezeichnet, die Kinder und Jugendliche ermutigen, sich f\u00fcr Zivilcourage und Toleranz, f\u00fcr Menschenrechte und f\u00fcr gewaltfreie Formen der Konfliktl\u00f6sung einzusetzen.<br \/><br \/>2014 wird &#8222;Fr\u00e4uleins Esthers letzter Vorstellung&#8221; (erschienen 2013 beim Gimpel Verlag) von Adam Jaromir (Text), Gabriela Cichowska (Illustrationen) und Dorota Nowacka (grafische Gestaltung) ausgezeichnet. Das Buch erz\u00e4hlt von den letzten Monaten in Janusz Korczaks Waisenhaus im Warschauer Ghetto.<br \/><br \/>&#8222;Das aufw\u00e4ndig gestaltete, dokumentarisch wie lyrisch verdichtete Buch erinnert an Menschen, die Kindern auch in finsteren Zeiten mit Respekt und Kunst beistehen. &#8221;\u00a0(Neue Z\u00fcrcher Zeitung)<br \/><br \/>Der Preis wird von Frau Ute Sch\u00e4fer, Ministerin f\u00fcr Familie, Kinder, Jugend, Kultur und Sport des Landes Nordrhein-Westfalen \u00fcberreicht.<br \/>Die Landeszentrale f\u00fcr politische Bildung Nordrhein-Westfalen betreut den Preis inhaltlich und organisatorisch im Auftrag der Landesregierung NRW.<\/div>\n","protected":false},"excerpt":{"rendered":"<p>\u00a0 Fr 26.09.2014 16.00 Uhr, Anmeldung erforderlich bei monika.werner@instytutpolski.orgPolnisches Institut D\u00fcsseldorf, Citadellstr. 7 Verleihung des Gustav-Heinemann-Friedenspreises f\u00fcr Kinder- und Jugendb\u00fccher an Adam Jaromir, Gabriela Cichowska und Dorota Nowacka Mit dem Gustav-Heinemann-Friedenspreis werden B\u00fccher ausgezeichnet, die Kinder und Jugendliche ermutigen, sich f\u00fcr Zivilcourage und Toleranz, f\u00fcr Menschenrechte und f\u00fcr gewaltfreie Formen der Konfliktl\u00f6sung einzusetzen. 2014 wird [&hellip;]<\/p>\n","protected":false},"author":103,"featured_media":5595,"comment_status":"open","ping_status":"open","sticky":false,"template":"","format":"standard","meta":{"inline_featured_image":false,"_monsterinsights_skip_tracking":false,"_monsterinsights_sitenote_active":false,"_monsterinsights_sitenote_note":"","_monsterinsights_sitenote_category":0,"footnotes":""},"categories":[10,103],"tags":[],"class_list":["post-5594","post","type-post","status-publish","format-standard","has-post-thumbnail","hentry","category-literatur","category-programm"],"yoast_head":"<!-- This site is optimized with the Yoast SEO plugin v24.6 - https:\/\/yoast.com\/wordpress\/plugins\/seo\/ -->\n<title>Verleihung des Gustav - Heinemann - Friedenspreises an Adam Jaromir, Gabriela Cichowska und Dorota Nowacka - Instytut Polski w Dusseldorfie<\/title>\n<meta name=\"robots\" content=\"index, follow, max-snippet:-1, max-image-preview:large, max-video-preview:-1\" \/>\n<link rel=\"canonical\" href=\"https:\/\/instytutpolski.pl\/duesseldorf\/2014\/09\/26\/verleihung-des-gustav-heinemann-friedenspreises-an-adam-jaromir-gabriela-cichowska-und-dorota-nowacka\/\" \/>\n<meta property=\"og:locale\" content=\"pl_PL\" \/>\n<meta property=\"og:type\" content=\"article\" \/>\n<meta property=\"og:title\" content=\"Verleihung des Gustav - Heinemann - Friedenspreises an Adam Jaromir, Gabriela Cichowska und Dorota Nowacka - Instytut Polski w Dusseldorfie\" \/>\n<meta property=\"og:description\" content=\"\u00a0 Fr 26.09.2014 16.00 Uhr, Anmeldung erforderlich bei monika.werner@instytutpolski.orgPolnisches Institut D\u00fcsseldorf, Citadellstr. 7 Verleihung des Gustav-Heinemann-Friedenspreises f\u00fcr Kinder- und Jugendb\u00fccher an Adam Jaromir, Gabriela Cichowska und Dorota Nowacka Mit dem Gustav-Heinemann-Friedenspreis werden B\u00fccher ausgezeichnet, die Kinder und Jugendliche ermutigen, sich f\u00fcr Zivilcourage und Toleranz, f\u00fcr Menschenrechte und f\u00fcr gewaltfreie Formen der Konfliktl\u00f6sung einzusetzen. 2014 wird [&hellip;]\" \/>\n<meta property=\"og:url\" content=\"https:\/\/instytutpolski.pl\/duesseldorf\/2014\/09\/26\/verleihung-des-gustav-heinemann-friedenspreises-an-adam-jaromir-gabriela-cichowska-und-dorota-nowacka\/\" \/>\n<meta property=\"og:site_name\" content=\"Instytut Polski w Dusseldorfie\" \/>\n<meta property=\"article:published_time\" content=\"2014-09-26T13:18:00+00:00\" \/>\n<meta property=\"article:modified_time\" content=\"2021-07-15T13:27:46+00:00\" \/>\n<meta property=\"og:image\" content=\"https:\/\/instytutpolski.pl\/duesseldorf\/wp-content\/uploads\/sites\/5\/2021\/07\/jaromir.jpg\" \/>\n\t<meta property=\"og:image:width\" content=\"218\" \/>\n\t<meta property=\"og:image:height\" content=\"299\" \/>\n\t<meta property=\"og:image:type\" content=\"image\/jpeg\" \/>\n<meta name=\"author\" content=\"kolinskia\" \/>\n<meta name=\"twitter:card\" content=\"summary_large_image\" \/>\n<meta name=\"twitter:label1\" content=\"Napisane przez\" \/>\n\t<meta name=\"twitter:data1\" content=\"kolinskia\" \/>\n\t<meta name=\"twitter:label2\" content=\"Szacowany czas czytania\" \/>\n\t<meta name=\"twitter:data2\" content=\"1 minuta\" \/>\n<script type=\"application\/ld+json\" class=\"yoast-schema-graph\">{\"@context\":\"https:\/\/schema.org\",\"@graph\":[{\"@type\":\"event\",\"@id\":\"https:\/\/instytutpolski.pl\/duesseldorf\/2014\/09\/26\/verleihung-des-gustav-heinemann-friedenspreises-an-adam-jaromir-gabriela-cichowska-und-dorota-nowacka\/\",\"url\":\"https:\/\/instytutpolski.pl\/duesseldorf\/2014\/09\/26\/verleihung-des-gustav-heinemann-friedenspreises-an-adam-jaromir-gabriela-cichowska-und-dorota-nowacka\/\",\"name\":\"Verleihung des Gustav - Heinemann - Friedenspreises an Adam Jaromir, Gabriela Cichowska und Dorota Nowacka\",\"isPartOf\":{\"@id\":\"https:\/\/instytutpolski.pl\/duesseldorf\/#website\"},\"primaryImageOfPage\":{\"@id\":\"https:\/\/instytutpolski.pl\/duesseldorf\/2014\/09\/26\/verleihung-des-gustav-heinemann-friedenspreises-an-adam-jaromir-gabriela-cichowska-und-dorota-nowacka\/#primaryimage\"},\"image\":[\"https:\/\/instytutpolski.pl\/duesseldorf\/wp-content\/uploads\/sites\/5\/2021\/07\/jaromir.jpg\",\"https:\/\/instytutpolski.pl\/duesseldorf\/wp-content\/uploads\/sites\/5\/2021\/07\/jaromir.jpg\",\"https:\/\/instytutpolski.pl\/duesseldorf\/wp-content\/uploads\/sites\/5\/2021\/07\/jaromir.jpg\",\"https:\/\/instytutpolski.pl\/duesseldorf\/wp-content\/uploads\/sites\/5\/2021\/07\/jaromir.jpg\"],\"thumbnailUrl\":\"https:\/\/instytutpolski.pl\/duesseldorf\/wp-content\/uploads\/sites\/5\/2021\/07\/jaromir.jpg\",\"datePublished\":\"2014-09-26T13:18:00+02:00\",\"dateModified\":\"2021-07-15T13:27:46+02:00\",\"author\":{\"@id\":\"https:\/\/instytutpolski.pl\/duesseldorf\/#\/schema\/person\/6b4b76776c5d49a1eb862046e311998e\"},\"breadcrumb\":{\"@id\":\"https:\/\/instytutpolski.pl\/duesseldorf\/2014\/09\/26\/verleihung-des-gustav-heinemann-friedenspreises-an-adam-jaromir-gabriela-cichowska-und-dorota-nowacka\/#breadcrumb\"},\"inLanguage\":\"pl-PL\",\"potentialAction\":[{\"@type\":\"ReadAction\",\"target\":[\"https:\/\/instytutpolski.pl\/duesseldorf\/2014\/09\/26\/verleihung-des-gustav-heinemann-friedenspreises-an-adam-jaromir-gabriela-cichowska-und-dorota-nowacka\/\"]}],\"@context\":\"https:\/\/schema.org\",\"startDate\":\"2014-09-26\",\"endDate\":\"2014-09-26\",\"eventStatus\":\"EventScheduled\",\"eventAttendanceMode\":\"OfflineEventAttendanceMode\",\"location\":{\"@type\":\"place\",\"name\":\"\",\"address\":\"\",\"geo\":{\"@type\":\"GeoCoordinates\",\"latitude\":\"\",\"longitude\":\"\"}},\"description\":\"\u00a0\\nFr 26.09.2014 16.00 Uhr, Anmeldung erforderlich bei monika.werner@instytutpolski.orgPolnisches Institut D\u00fcsseldorf, Citadellstr. 7\\nVerleihung des Gustav-Heinemann-Friedenspreises f\u00fcr Kinder- und Jugendb\u00fccher an Adam Jaromir, Gabriela Cichowska und Dorota NowackaMit dem Gustav-Heinemann-Friedenspreis werden B\u00fccher ausgezeichnet, die Kinder und Jugendliche ermutigen, sich f\u00fcr Zivilcourage und Toleranz, f\u00fcr Menschenrechte und f\u00fcr gewaltfreie Formen der Konfliktl\u00f6sung einzusetzen.2014 wird \\\"Fr\u00e4uleins Esthers letzter Vorstellung\\\" (erschienen 2013 beim Gimpel Verlag) von Adam Jaromir (Text), Gabriela Cichowska (Illustrationen) und Dorota Nowacka (grafische Gestaltung) ausgezeichnet. Das Buch erz\u00e4hlt von den letzten Monaten in Janusz Korczaks Waisenhaus im Warschauer Ghetto.\\\"Das aufw\u00e4ndig gestaltete, dokumentarisch wie lyrisch verdichtete Buch erinnert an Menschen, die Kindern auch in finsteren Zeiten mit Respekt und Kunst beistehen. \\\"\u00a0(Neue Z\u00fcrcher Zeitung)Der Preis wird von Frau Ute Sch\u00e4fer, Ministerin f\u00fcr Familie, Kinder, Jugend, Kultur und Sport des Landes Nordrhein-Westfalen \u00fcberreicht.Die Landeszentrale f\u00fcr politische Bildung Nordrhein-Westfalen betreut den Preis inhaltlich und organisatorisch im Auftrag der Landesregierung NRW.\"},{\"@type\":\"ImageObject\",\"inLanguage\":\"pl-PL\",\"@id\":\"https:\/\/instytutpolski.pl\/duesseldorf\/2014\/09\/26\/verleihung-des-gustav-heinemann-friedenspreises-an-adam-jaromir-gabriela-cichowska-und-dorota-nowacka\/#primaryimage\",\"url\":\"https:\/\/instytutpolski.pl\/duesseldorf\/wp-content\/uploads\/sites\/5\/2021\/07\/jaromir.jpg\",\"contentUrl\":\"https:\/\/instytutpolski.pl\/duesseldorf\/wp-content\/uploads\/sites\/5\/2021\/07\/jaromir.jpg\",\"width\":218,\"height\":299},{\"@type\":\"BreadcrumbList\",\"@id\":\"https:\/\/instytutpolski.pl\/duesseldorf\/2014\/09\/26\/verleihung-des-gustav-heinemann-friedenspreises-an-adam-jaromir-gabriela-cichowska-und-dorota-nowacka\/#breadcrumb\",\"itemListElement\":[{\"@type\":\"ListItem\",\"position\":1,\"name\":\"Home\",\"item\":\"https:\/\/instytutpolski.pl\/duesseldorf\/\"},{\"@type\":\"ListItem\",\"position\":2,\"name\":\"Verleihung des Gustav &#8211; Heinemann &#8211; Friedenspreises an Adam Jaromir, Gabriela Cichowska und Dorota Nowacka\"}]},{\"@type\":\"WebSite\",\"@id\":\"https:\/\/instytutpolski.pl\/duesseldorf\/#website\",\"url\":\"https:\/\/instytutpolski.pl\/duesseldorf\/\",\"name\":\"Instytut Polski w Dusseldorfie\",\"description\":\"Instytuty Polskie\",\"potentialAction\":[{\"@type\":\"SearchAction\",\"target\":{\"@type\":\"EntryPoint\",\"urlTemplate\":\"https:\/\/instytutpolski.pl\/duesseldorf\/?s={search_term_string}\"},\"query-input\":{\"@type\":\"PropertyValueSpecification\",\"valueRequired\":true,\"valueName\":\"search_term_string\"}}],\"inLanguage\":\"pl-PL\"},{\"@type\":\"Person\",\"@id\":\"https:\/\/instytutpolski.pl\/duesseldorf\/#\/schema\/person\/6b4b76776c5d49a1eb862046e311998e\",\"name\":\"kolinskia\",\"image\":{\"@type\":\"ImageObject\",\"inLanguage\":\"pl-PL\",\"@id\":\"https:\/\/instytutpolski.pl\/duesseldorf\/#\/schema\/person\/image\/\",\"url\":\"https:\/\/secure.gravatar.com\/avatar\/9bb79075402c1d25f1e9e4e8260c2d13?s=96&d=mm&r=g\",\"contentUrl\":\"https:\/\/secure.gravatar.com\/avatar\/9bb79075402c1d25f1e9e4e8260c2d13?s=96&d=mm&r=g\",\"caption\":\"kolinskia\"},\"url\":\"https:\/\/instytutpolski.pl\/duesseldorf\/author\/kolinskia\/\"}]}<\/script>\n<!-- \/ Yoast SEO plugin. -->","yoast_head_json":{"title":"Verleihung des Gustav - Heinemann - Friedenspreises an Adam Jaromir, Gabriela Cichowska und Dorota Nowacka - Instytut Polski w Dusseldorfie","robots":{"index":"index","follow":"follow","max-snippet":"max-snippet:-1","max-image-preview":"max-image-preview:large","max-video-preview":"max-video-preview:-1"},"canonical":"https:\/\/instytutpolski.pl\/duesseldorf\/2014\/09\/26\/verleihung-des-gustav-heinemann-friedenspreises-an-adam-jaromir-gabriela-cichowska-und-dorota-nowacka\/","og_locale":"pl_PL","og_type":"article","og_title":"Verleihung des Gustav - Heinemann - Friedenspreises an Adam Jaromir, Gabriela Cichowska und Dorota Nowacka - Instytut Polski w Dusseldorfie","og_description":"\u00a0 Fr 26.09.2014 16.00 Uhr, Anmeldung erforderlich bei monika.werner@instytutpolski.orgPolnisches Institut D\u00fcsseldorf, Citadellstr. 7 Verleihung des Gustav-Heinemann-Friedenspreises f\u00fcr Kinder- und Jugendb\u00fccher an Adam Jaromir, Gabriela Cichowska und Dorota Nowacka Mit dem Gustav-Heinemann-Friedenspreis werden B\u00fccher ausgezeichnet, die Kinder und Jugendliche ermutigen, sich f\u00fcr Zivilcourage und Toleranz, f\u00fcr Menschenrechte und f\u00fcr gewaltfreie Formen der Konfliktl\u00f6sung einzusetzen. 2014 wird [&hellip;]","og_url":"https:\/\/instytutpolski.pl\/duesseldorf\/2014\/09\/26\/verleihung-des-gustav-heinemann-friedenspreises-an-adam-jaromir-gabriela-cichowska-und-dorota-nowacka\/","og_site_name":"Instytut Polski w Dusseldorfie","article_published_time":"2014-09-26T13:18:00+00:00","article_modified_time":"2021-07-15T13:27:46+00:00","og_image":[{"width":218,"height":299,"url":"https:\/\/instytutpolski.pl\/duesseldorf\/wp-content\/uploads\/sites\/5\/2021\/07\/jaromir.jpg","type":"image\/jpeg"}],"author":"kolinskia","twitter_card":"summary_large_image","twitter_misc":{"Napisane przez":"kolinskia","Szacowany czas czytania":"1 minuta"},"schema":{"@context":"https:\/\/schema.org","@graph":[{"@type":"event","@id":"https:\/\/instytutpolski.pl\/duesseldorf\/2014\/09\/26\/verleihung-des-gustav-heinemann-friedenspreises-an-adam-jaromir-gabriela-cichowska-und-dorota-nowacka\/","url":"https:\/\/instytutpolski.pl\/duesseldorf\/2014\/09\/26\/verleihung-des-gustav-heinemann-friedenspreises-an-adam-jaromir-gabriela-cichowska-und-dorota-nowacka\/","name":"Verleihung des Gustav - Heinemann - Friedenspreises an Adam Jaromir, Gabriela Cichowska und Dorota Nowacka","isPartOf":{"@id":"https:\/\/instytutpolski.pl\/duesseldorf\/#website"},"primaryImageOfPage":{"@id":"https:\/\/instytutpolski.pl\/duesseldorf\/2014\/09\/26\/verleihung-des-gustav-heinemann-friedenspreises-an-adam-jaromir-gabriela-cichowska-und-dorota-nowacka\/#primaryimage"},"image":["https:\/\/instytutpolski.pl\/duesseldorf\/wp-content\/uploads\/sites\/5\/2021\/07\/jaromir.jpg","https:\/\/instytutpolski.pl\/duesseldorf\/wp-content\/uploads\/sites\/5\/2021\/07\/jaromir.jpg","https:\/\/instytutpolski.pl\/duesseldorf\/wp-content\/uploads\/sites\/5\/2021\/07\/jaromir.jpg","https:\/\/instytutpolski.pl\/duesseldorf\/wp-content\/uploads\/sites\/5\/2021\/07\/jaromir.jpg"],"thumbnailUrl":"https:\/\/instytutpolski.pl\/duesseldorf\/wp-content\/uploads\/sites\/5\/2021\/07\/jaromir.jpg","datePublished":"2014-09-26T13:18:00+02:00","dateModified":"2021-07-15T13:27:46+02:00","author":{"@id":"https:\/\/instytutpolski.pl\/duesseldorf\/#\/schema\/person\/6b4b76776c5d49a1eb862046e311998e"},"breadcrumb":{"@id":"https:\/\/instytutpolski.pl\/duesseldorf\/2014\/09\/26\/verleihung-des-gustav-heinemann-friedenspreises-an-adam-jaromir-gabriela-cichowska-und-dorota-nowacka\/#breadcrumb"},"inLanguage":"pl-PL","potentialAction":[{"@type":"ReadAction","target":["https:\/\/instytutpolski.pl\/duesseldorf\/2014\/09\/26\/verleihung-des-gustav-heinemann-friedenspreises-an-adam-jaromir-gabriela-cichowska-und-dorota-nowacka\/"]}],"@context":"https:\/\/schema.org","startDate":"2014-09-26","endDate":"2014-09-26","eventStatus":"EventScheduled","eventAttendanceMode":"OfflineEventAttendanceMode","location":{"@type":"place","name":"","address":"","geo":{"@type":"GeoCoordinates","latitude":"","longitude":""}},"description":"\u00a0\nFr 26.09.2014 16.00 Uhr, Anmeldung erforderlich bei monika.werner@instytutpolski.orgPolnisches Institut D\u00fcsseldorf, Citadellstr. 7\nVerleihung des Gustav-Heinemann-Friedenspreises f\u00fcr Kinder- und Jugendb\u00fccher an Adam Jaromir, Gabriela Cichowska und Dorota NowackaMit dem Gustav-Heinemann-Friedenspreis werden B\u00fccher ausgezeichnet, die Kinder und Jugendliche ermutigen, sich f\u00fcr Zivilcourage und Toleranz, f\u00fcr Menschenrechte und f\u00fcr gewaltfreie Formen der Konfliktl\u00f6sung einzusetzen.2014 wird \"Fr\u00e4uleins Esthers letzter Vorstellung\" (erschienen 2013 beim Gimpel Verlag) von Adam Jaromir (Text), Gabriela Cichowska (Illustrationen) und Dorota Nowacka (grafische Gestaltung) ausgezeichnet. Das Buch erz\u00e4hlt von den letzten Monaten in Janusz Korczaks Waisenhaus im Warschauer Ghetto.\"Das aufw\u00e4ndig gestaltete, dokumentarisch wie lyrisch verdichtete Buch erinnert an Menschen, die Kindern auch in finsteren Zeiten mit Respekt und Kunst beistehen. \"\u00a0(Neue Z\u00fcrcher Zeitung)Der Preis wird von Frau Ute Sch\u00e4fer, Ministerin f\u00fcr Familie, Kinder, Jugend, Kultur und Sport des Landes Nordrhein-Westfalen \u00fcberreicht.Die Landeszentrale f\u00fcr politische Bildung Nordrhein-Westfalen betreut den Preis inhaltlich und organisatorisch im Auftrag der Landesregierung NRW."},{"@type":"ImageObject","inLanguage":"pl-PL","@id":"https:\/\/instytutpolski.pl\/duesseldorf\/2014\/09\/26\/verleihung-des-gustav-heinemann-friedenspreises-an-adam-jaromir-gabriela-cichowska-und-dorota-nowacka\/#primaryimage","url":"https:\/\/instytutpolski.pl\/duesseldorf\/wp-content\/uploads\/sites\/5\/2021\/07\/jaromir.jpg","contentUrl":"https:\/\/instytutpolski.pl\/duesseldorf\/wp-content\/uploads\/sites\/5\/2021\/07\/jaromir.jpg","width":218,"height":299},{"@type":"BreadcrumbList","@id":"https:\/\/instytutpolski.pl\/duesseldorf\/2014\/09\/26\/verleihung-des-gustav-heinemann-friedenspreises-an-adam-jaromir-gabriela-cichowska-und-dorota-nowacka\/#breadcrumb","itemListElement":[{"@type":"ListItem","position":1,"name":"Home","item":"https:\/\/instytutpolski.pl\/duesseldorf\/"},{"@type":"ListItem","position":2,"name":"Verleihung des Gustav &#8211; Heinemann &#8211; Friedenspreises an Adam Jaromir, Gabriela Cichowska und Dorota Nowacka"}]},{"@type":"WebSite","@id":"https:\/\/instytutpolski.pl\/duesseldorf\/#website","url":"https:\/\/instytutpolski.pl\/duesseldorf\/","name":"Instytut Polski w Dusseldorfie","description":"Instytuty Polskie","potentialAction":[{"@type":"SearchAction","target":{"@type":"EntryPoint","urlTemplate":"https:\/\/instytutpolski.pl\/duesseldorf\/?s={search_term_string}"},"query-input":{"@type":"PropertyValueSpecification","valueRequired":true,"valueName":"search_term_string"}}],"inLanguage":"pl-PL"},{"@type":"Person","@id":"https:\/\/instytutpolski.pl\/duesseldorf\/#\/schema\/person\/6b4b76776c5d49a1eb862046e311998e","name":"kolinskia","image":{"@type":"ImageObject","inLanguage":"pl-PL","@id":"https:\/\/instytutpolski.pl\/duesseldorf\/#\/schema\/person\/image\/","url":"https:\/\/secure.gravatar.com\/avatar\/9bb79075402c1d25f1e9e4e8260c2d13?s=96&d=mm&r=g","contentUrl":"https:\/\/secure.gravatar.com\/avatar\/9bb79075402c1d25f1e9e4e8260c2d13?s=96&d=mm&r=g","caption":"kolinskia"},"url":"https:\/\/instytutpolski.pl\/duesseldorf\/author\/kolinskia\/"}]}},"_links":{"self":[{"href":"https:\/\/instytutpolski.pl\/duesseldorf\/wp-json\/wp\/v2\/posts\/5594","targetHints":{"allow":["GET"]}}],"collection":[{"href":"https:\/\/instytutpolski.pl\/duesseldorf\/wp-json\/wp\/v2\/posts"}],"about":[{"href":"https:\/\/instytutpolski.pl\/duesseldorf\/wp-json\/wp\/v2\/types\/post"}],"author":[{"embeddable":true,"href":"https:\/\/instytutpolski.pl\/duesseldorf\/wp-json\/wp\/v2\/users\/103"}],"replies":[{"embeddable":true,"href":"https:\/\/instytutpolski.pl\/duesseldorf\/wp-json\/wp\/v2\/comments?post=5594"}],"version-history":[{"count":1,"href":"https:\/\/instytutpolski.pl\/duesseldorf\/wp-json\/wp\/v2\/posts\/5594\/revisions"}],"predecessor-version":[{"id":5596,"href":"https:\/\/instytutpolski.pl\/duesseldorf\/wp-json\/wp\/v2\/posts\/5594\/revisions\/5596"}],"wp:featuredmedia":[{"embeddable":true,"href":"https:\/\/instytutpolski.pl\/duesseldorf\/wp-json\/wp\/v2\/media\/5595"}],"wp:attachment":[{"href":"https:\/\/instytutpolski.pl\/duesseldorf\/wp-json\/wp\/v2\/media?parent=5594"}],"wp:term":[{"taxonomy":"category","embeddable":true,"href":"https:\/\/instytutpolski.pl\/duesseldorf\/wp-json\/wp\/v2\/categories?post=5594"},{"taxonomy":"post_tag","embeddable":true,"href":"https:\/\/instytutpolski.pl\/duesseldorf\/wp-json\/wp\/v2\/tags?post=5594"}],"curies":[{"name":"wp","href":"https:\/\/api.w.org\/{rel}","templated":true}]}}