{"id":5710,"date":"2012-11-06T13:55:00","date_gmt":"2012-11-06T12:55:00","guid":{"rendered":"https:\/\/instytutpolski.pl\/duesseldorf\/?p=5710"},"modified":"2021-08-02T13:57:51","modified_gmt":"2021-08-02T11:57:51","slug":"kaptn-book-lesungen-mit-iwona-chmielewska-aus-ihrem-buch-blumkas-tagebuch","status":"publish","type":"post","link":"https:\/\/instytutpolski.pl\/duesseldorf\/2012\/11\/06\/kaptn-book-lesungen-mit-iwona-chmielewska-aus-ihrem-buch-blumkas-tagebuch\/","title":{"rendered":"K\u00e4pt\u00b4n Book &#8211; Lesungen mit Iwona Chmielewska aus ihrem Buch &#8222;Blumkas Tagebuch&#8221;"},"content":{"rendered":"\n<h3 class=\"h3_title\">\u00a0<\/h3>\n<div class=\"edytor programm\">\n<p class=\"news-info\"><strong>Di 06.11.2012 &#8211; Sa 10.11.2012 <\/strong>Bonn, Wachtberg, Troisdorf, Rolandseck<\/p>\n\u201eBlumkas Tagebuch\u201c: Warschau, Krochmalna Stra\u00dfe 92, Waisenhaus f\u00fcr j\u00fcdische Kinder \u2013 einst lebte hier Blumka und mit ihr Dr. Korczak, Frau Stefa und zweihundert Kinder: Zygmu\u015b, der einem silbernen Fisch das Leben schenkte, Reginka, deren Erz\u00e4hlungen selbst die dunkelste Nacht erhellten, Pola, die beschloss, in ihrem Ohr eine Erbse zu z\u00fcchten und viele andere. Blumka schrieb dies alles in ihrem Tagebuch auf, und fehlten ihr die Worte, so machte sie eine Zeichnung. Bis zu jenem Tag, an dem der Krieg ausbrach \u2026<br \/><br \/><strong>Iwona Chmielewska\u00a0<\/strong>erfreut sich als Autorin und Illustratorin von fantasievollen picture books seit Jahren gro\u00dfer Popularit\u00e4t. Ihre B\u00fccher wurden in viele Sprachen \u00fcbersetzt, weltweit ver\u00f6ffentlicht und mehrfach mit internationalen Preisen bedacht. \u201eBlumkas Tagebuch\u201c ist das erste Buch von Iwona Chmielewska, das 2011in Deutschland in \u00dcbersetzung von Adam Jaromir erschien.<br \/><br \/>LITERATUR K\u00c4PT\u00b4N BOOK 2012. RHEINISCHES LESEFEST<br \/>\u201e<strong>Blumkas Tagebuch \u2013 Vom Leben in Janusz Korczaks Waisenhau<\/strong>s\u201c<br \/>Autorenlesungen mit Iwona Chmielewska<br \/>Im Rahmen des JANUSZ KORCZAK-JAHRES 2012<br \/><br \/>TERMINE:<br \/>06.11.2012, 8.30 Uhr, Bezirksbibliothek Beuel, Bonn<br \/>06.11. 2012, 11.00 Uhr, E\u00d6B Erl\u00f6ser-Kirchengemeinde Axenfeldhaus, Bonn<br \/>06.11. 2012, 15.00 Uhr, Bibliothek Wachtberg<br \/>07.11. 2012, 9.00 Uhr, Bilderbuchmuseum Troisdorf<br \/>09.11. 2012, Wachtberg<br \/>10.11. 2012 , Familienfest im Arp-Museum, Bahnhof Rolandseck<br \/>Weitere Informationen:\u00a0<a href=\"http:\/\/www.kaeptnbook-lesefest.de\/\">http:\/\/www.kaeptnbook-lesefest.de<\/a><\/div>\n","protected":false},"excerpt":{"rendered":"<p>\u00a0 Di 06.11.2012 &#8211; Sa 10.11.2012 Bonn, Wachtberg, Troisdorf, Rolandseck \u201eBlumkas Tagebuch\u201c: Warschau, Krochmalna Stra\u00dfe 92, Waisenhaus f\u00fcr j\u00fcdische Kinder \u2013 einst lebte hier Blumka und mit ihr Dr. Korczak, Frau Stefa und zweihundert Kinder: Zygmu\u015b, der einem silbernen Fisch das Leben schenkte, Reginka, deren Erz\u00e4hlungen selbst die dunkelste Nacht erhellten, Pola, die beschloss, in [&hellip;]<\/p>\n","protected":false},"author":103,"featured_media":5711,"comment_status":"open","ping_status":"open","sticky":false,"template":"","format":"standard","meta":{"inline_featured_image":false,"_monsterinsights_skip_tracking":false,"_monsterinsights_sitenote_active":false,"_monsterinsights_sitenote_note":"","_monsterinsights_sitenote_category":0,"footnotes":""},"categories":[10,103],"tags":[],"class_list":["post-5710","post","type-post","status-publish","format-standard","has-post-thumbnail","hentry","category-literatur","category-programm"],"yoast_head":"<!-- This site is optimized with the Yoast SEO plugin v24.6 - https:\/\/yoast.com\/wordpress\/plugins\/seo\/ -->\n<title>K\u00e4pt\u00b4n Book - Lesungen mit Iwona Chmielewska aus ihrem Buch &quot;Blumkas Tagebuch&quot; - Instytut Polski w Dusseldorfie<\/title>\n<meta name=\"robots\" content=\"index, follow, max-snippet:-1, max-image-preview:large, max-video-preview:-1\" \/>\n<link rel=\"canonical\" href=\"https:\/\/instytutpolski.pl\/duesseldorf\/2012\/11\/06\/kaptn-book-lesungen-mit-iwona-chmielewska-aus-ihrem-buch-blumkas-tagebuch\/\" \/>\n<meta property=\"og:locale\" content=\"pl_PL\" \/>\n<meta property=\"og:type\" content=\"article\" \/>\n<meta property=\"og:title\" content=\"K\u00e4pt\u00b4n Book - Lesungen mit Iwona Chmielewska aus ihrem Buch &quot;Blumkas Tagebuch&quot; - Instytut Polski w Dusseldorfie\" \/>\n<meta property=\"og:description\" content=\"\u00a0 Di 06.11.2012 &#8211; Sa 10.11.2012 Bonn, Wachtberg, Troisdorf, Rolandseck \u201eBlumkas Tagebuch\u201c: Warschau, Krochmalna Stra\u00dfe 92, Waisenhaus f\u00fcr j\u00fcdische Kinder \u2013 einst lebte hier Blumka und mit ihr Dr. Korczak, Frau Stefa und zweihundert Kinder: Zygmu\u015b, der einem silbernen Fisch das Leben schenkte, Reginka, deren Erz\u00e4hlungen selbst die dunkelste Nacht erhellten, Pola, die beschloss, in [&hellip;]\" \/>\n<meta property=\"og:url\" content=\"https:\/\/instytutpolski.pl\/duesseldorf\/2012\/11\/06\/kaptn-book-lesungen-mit-iwona-chmielewska-aus-ihrem-buch-blumkas-tagebuch\/\" \/>\n<meta property=\"og:site_name\" content=\"Instytut Polski w Dusseldorfie\" \/>\n<meta property=\"article:published_time\" content=\"2012-11-06T12:55:00+00:00\" \/>\n<meta property=\"article:modified_time\" content=\"2021-08-02T11:57:51+00:00\" \/>\n<meta property=\"og:image\" content=\"https:\/\/instytutpolski.pl\/duesseldorf\/wp-content\/uploads\/sites\/5\/2021\/08\/Iwona_Chmielewska.jpg\" \/>\n\t<meta property=\"og:image:width\" content=\"826\" \/>\n\t<meta property=\"og:image:height\" content=\"1169\" \/>\n\t<meta property=\"og:image:type\" content=\"image\/jpeg\" \/>\n<meta name=\"author\" content=\"kolinskia\" \/>\n<meta name=\"twitter:card\" content=\"summary_large_image\" \/>\n<meta name=\"twitter:label1\" content=\"Napisane przez\" \/>\n\t<meta name=\"twitter:data1\" content=\"kolinskia\" \/>\n\t<meta name=\"twitter:label2\" content=\"Szacowany czas czytania\" \/>\n\t<meta name=\"twitter:data2\" content=\"1 minuta\" \/>\n<script type=\"application\/ld+json\" class=\"yoast-schema-graph\">{\"@context\":\"https:\/\/schema.org\",\"@graph\":[{\"@type\":\"event\",\"@id\":\"https:\/\/instytutpolski.pl\/duesseldorf\/2012\/11\/06\/kaptn-book-lesungen-mit-iwona-chmielewska-aus-ihrem-buch-blumkas-tagebuch\/\",\"url\":\"https:\/\/instytutpolski.pl\/duesseldorf\/2012\/11\/06\/kaptn-book-lesungen-mit-iwona-chmielewska-aus-ihrem-buch-blumkas-tagebuch\/\",\"name\":\"K\u00e4pt\u00b4n Book - Lesungen mit Iwona Chmielewska aus ihrem Buch \\\"Blumkas Tagebuch\\\"\",\"isPartOf\":{\"@id\":\"https:\/\/instytutpolski.pl\/duesseldorf\/#website\"},\"primaryImageOfPage\":{\"@id\":\"https:\/\/instytutpolski.pl\/duesseldorf\/2012\/11\/06\/kaptn-book-lesungen-mit-iwona-chmielewska-aus-ihrem-buch-blumkas-tagebuch\/#primaryimage\"},\"image\":[\"https:\/\/instytutpolski.pl\/duesseldorf\/wp-content\/uploads\/sites\/5\/2021\/08\/Iwona_Chmielewska.jpg\",\"https:\/\/instytutpolski.pl\/duesseldorf\/wp-content\/uploads\/sites\/5\/2021\/08\/Iwona_Chmielewska-212x300.jpg\",\"https:\/\/instytutpolski.pl\/duesseldorf\/wp-content\/uploads\/sites\/5\/2021\/08\/Iwona_Chmielewska-724x1024.jpg\",\"https:\/\/instytutpolski.pl\/duesseldorf\/wp-content\/uploads\/sites\/5\/2021\/08\/Iwona_Chmielewska.jpg\"],\"thumbnailUrl\":\"https:\/\/instytutpolski.pl\/duesseldorf\/wp-content\/uploads\/sites\/5\/2021\/08\/Iwona_Chmielewska.jpg\",\"datePublished\":\"2012-11-06T12:55:00+02:00\",\"dateModified\":\"2021-08-02T11:57:51+02:00\",\"author\":{\"@id\":\"https:\/\/instytutpolski.pl\/duesseldorf\/#\/schema\/person\/6b4b76776c5d49a1eb862046e311998e\"},\"breadcrumb\":{\"@id\":\"https:\/\/instytutpolski.pl\/duesseldorf\/2012\/11\/06\/kaptn-book-lesungen-mit-iwona-chmielewska-aus-ihrem-buch-blumkas-tagebuch\/#breadcrumb\"},\"inLanguage\":\"pl-PL\",\"potentialAction\":[{\"@type\":\"ReadAction\",\"target\":[\"https:\/\/instytutpolski.pl\/duesseldorf\/2012\/11\/06\/kaptn-book-lesungen-mit-iwona-chmielewska-aus-ihrem-buch-blumkas-tagebuch\/\"]}],\"@context\":\"https:\/\/schema.org\",\"startDate\":\"2012-11-06\",\"endDate\":\"2012-11-10\",\"eventStatus\":\"EventScheduled\",\"eventAttendanceMode\":\"OfflineEventAttendanceMode\",\"location\":{\"@type\":\"place\",\"name\":\"\",\"address\":\"\",\"geo\":{\"@type\":\"GeoCoordinates\",\"latitude\":\"\",\"longitude\":\"\"}},\"description\":\"\u00a0\\nDi 06.11.2012 - Sa 10.11.2012 Bonn, Wachtberg, Troisdorf, Rolandseck\\n\u201eBlumkas Tagebuch\u201c: Warschau, Krochmalna Stra\u00dfe 92, Waisenhaus f\u00fcr j\u00fcdische Kinder \u2013 einst lebte hier Blumka und mit ihr Dr. Korczak, Frau Stefa und zweihundert Kinder: Zygmu\u015b, der einem silbernen Fisch das Leben schenkte, Reginka, deren Erz\u00e4hlungen selbst die dunkelste Nacht erhellten, Pola, die beschloss, in ihrem Ohr eine Erbse zu z\u00fcchten und viele andere. Blumka schrieb dies alles in ihrem Tagebuch auf, und fehlten ihr die Worte, so machte sie eine Zeichnung. Bis zu jenem Tag, an dem der Krieg ausbrach \u2026Iwona Chmielewska\u00a0erfreut sich als Autorin und Illustratorin von fantasievollen picture books seit Jahren gro\u00dfer Popularit\u00e4t. Ihre B\u00fccher wurden in viele Sprachen \u00fcbersetzt, weltweit ver\u00f6ffentlicht und mehrfach mit internationalen Preisen bedacht. \u201eBlumkas Tagebuch\u201c ist das erste Buch von Iwona Chmielewska, das 2011in Deutschland in \u00dcbersetzung von Adam Jaromir erschien.LITERATUR K\u00c4PT\u00b4N BOOK 2012. RHEINISCHES LESEFEST\u201eBlumkas Tagebuch \u2013 Vom Leben in Janusz Korczaks Waisenhaus\u201cAutorenlesungen mit Iwona ChmielewskaIm Rahmen des JANUSZ KORCZAK-JAHRES 2012TERMINE:06.11.2012, 8.30 Uhr, Bezirksbibliothek Beuel, Bonn06.11. 2012, 11.00 Uhr, E\u00d6B Erl\u00f6ser-Kirchengemeinde Axenfeldhaus, Bonn06.11. 2012, 15.00 Uhr, Bibliothek Wachtberg07.11. 2012, 9.00 Uhr, Bilderbuchmuseum Troisdorf09.11. 2012, Wachtberg10.11. 2012 , Familienfest im Arp-Museum, Bahnhof RolandseckWeitere Informationen:\u00a0http:\/\/www.kaeptnbook-lesefest.de\"},{\"@type\":\"ImageObject\",\"inLanguage\":\"pl-PL\",\"@id\":\"https:\/\/instytutpolski.pl\/duesseldorf\/2012\/11\/06\/kaptn-book-lesungen-mit-iwona-chmielewska-aus-ihrem-buch-blumkas-tagebuch\/#primaryimage\",\"url\":\"https:\/\/instytutpolski.pl\/duesseldorf\/wp-content\/uploads\/sites\/5\/2021\/08\/Iwona_Chmielewska.jpg\",\"contentUrl\":\"https:\/\/instytutpolski.pl\/duesseldorf\/wp-content\/uploads\/sites\/5\/2021\/08\/Iwona_Chmielewska.jpg\",\"width\":826,\"height\":1169},{\"@type\":\"BreadcrumbList\",\"@id\":\"https:\/\/instytutpolski.pl\/duesseldorf\/2012\/11\/06\/kaptn-book-lesungen-mit-iwona-chmielewska-aus-ihrem-buch-blumkas-tagebuch\/#breadcrumb\",\"itemListElement\":[{\"@type\":\"ListItem\",\"position\":1,\"name\":\"Home\",\"item\":\"https:\/\/instytutpolski.pl\/duesseldorf\/\"},{\"@type\":\"ListItem\",\"position\":2,\"name\":\"K\u00e4pt\u00b4n Book &#8211; Lesungen mit Iwona Chmielewska aus ihrem Buch &#8222;Blumkas Tagebuch&#8220;\"}]},{\"@type\":\"WebSite\",\"@id\":\"https:\/\/instytutpolski.pl\/duesseldorf\/#website\",\"url\":\"https:\/\/instytutpolski.pl\/duesseldorf\/\",\"name\":\"Instytut Polski w Dusseldorfie\",\"description\":\"Instytuty Polskie\",\"potentialAction\":[{\"@type\":\"SearchAction\",\"target\":{\"@type\":\"EntryPoint\",\"urlTemplate\":\"https:\/\/instytutpolski.pl\/duesseldorf\/?s={search_term_string}\"},\"query-input\":{\"@type\":\"PropertyValueSpecification\",\"valueRequired\":true,\"valueName\":\"search_term_string\"}}],\"inLanguage\":\"pl-PL\"},{\"@type\":\"Person\",\"@id\":\"https:\/\/instytutpolski.pl\/duesseldorf\/#\/schema\/person\/6b4b76776c5d49a1eb862046e311998e\",\"name\":\"kolinskia\",\"image\":{\"@type\":\"ImageObject\",\"inLanguage\":\"pl-PL\",\"@id\":\"https:\/\/instytutpolski.pl\/duesseldorf\/#\/schema\/person\/image\/\",\"url\":\"https:\/\/secure.gravatar.com\/avatar\/9bb79075402c1d25f1e9e4e8260c2d13?s=96&d=mm&r=g\",\"contentUrl\":\"https:\/\/secure.gravatar.com\/avatar\/9bb79075402c1d25f1e9e4e8260c2d13?s=96&d=mm&r=g\",\"caption\":\"kolinskia\"},\"url\":\"https:\/\/instytutpolski.pl\/duesseldorf\/author\/kolinskia\/\"}]}<\/script>\n<!-- \/ Yoast SEO plugin. -->","yoast_head_json":{"title":"K\u00e4pt\u00b4n Book - Lesungen mit Iwona Chmielewska aus ihrem Buch \"Blumkas Tagebuch\" - Instytut Polski w Dusseldorfie","robots":{"index":"index","follow":"follow","max-snippet":"max-snippet:-1","max-image-preview":"max-image-preview:large","max-video-preview":"max-video-preview:-1"},"canonical":"https:\/\/instytutpolski.pl\/duesseldorf\/2012\/11\/06\/kaptn-book-lesungen-mit-iwona-chmielewska-aus-ihrem-buch-blumkas-tagebuch\/","og_locale":"pl_PL","og_type":"article","og_title":"K\u00e4pt\u00b4n Book - Lesungen mit Iwona Chmielewska aus ihrem Buch \"Blumkas Tagebuch\" - Instytut Polski w Dusseldorfie","og_description":"\u00a0 Di 06.11.2012 &#8211; Sa 10.11.2012 Bonn, Wachtberg, Troisdorf, Rolandseck \u201eBlumkas Tagebuch\u201c: Warschau, Krochmalna Stra\u00dfe 92, Waisenhaus f\u00fcr j\u00fcdische Kinder \u2013 einst lebte hier Blumka und mit ihr Dr. Korczak, Frau Stefa und zweihundert Kinder: Zygmu\u015b, der einem silbernen Fisch das Leben schenkte, Reginka, deren Erz\u00e4hlungen selbst die dunkelste Nacht erhellten, Pola, die beschloss, in [&hellip;]","og_url":"https:\/\/instytutpolski.pl\/duesseldorf\/2012\/11\/06\/kaptn-book-lesungen-mit-iwona-chmielewska-aus-ihrem-buch-blumkas-tagebuch\/","og_site_name":"Instytut Polski w Dusseldorfie","article_published_time":"2012-11-06T12:55:00+00:00","article_modified_time":"2021-08-02T11:57:51+00:00","og_image":[{"width":826,"height":1169,"url":"https:\/\/instytutpolski.pl\/duesseldorf\/wp-content\/uploads\/sites\/5\/2021\/08\/Iwona_Chmielewska.jpg","type":"image\/jpeg"}],"author":"kolinskia","twitter_card":"summary_large_image","twitter_misc":{"Napisane przez":"kolinskia","Szacowany czas czytania":"1 minuta"},"schema":{"@context":"https:\/\/schema.org","@graph":[{"@type":"event","@id":"https:\/\/instytutpolski.pl\/duesseldorf\/2012\/11\/06\/kaptn-book-lesungen-mit-iwona-chmielewska-aus-ihrem-buch-blumkas-tagebuch\/","url":"https:\/\/instytutpolski.pl\/duesseldorf\/2012\/11\/06\/kaptn-book-lesungen-mit-iwona-chmielewska-aus-ihrem-buch-blumkas-tagebuch\/","name":"K\u00e4pt\u00b4n Book - Lesungen mit Iwona Chmielewska aus ihrem Buch \"Blumkas Tagebuch\"","isPartOf":{"@id":"https:\/\/instytutpolski.pl\/duesseldorf\/#website"},"primaryImageOfPage":{"@id":"https:\/\/instytutpolski.pl\/duesseldorf\/2012\/11\/06\/kaptn-book-lesungen-mit-iwona-chmielewska-aus-ihrem-buch-blumkas-tagebuch\/#primaryimage"},"image":["https:\/\/instytutpolski.pl\/duesseldorf\/wp-content\/uploads\/sites\/5\/2021\/08\/Iwona_Chmielewska.jpg","https:\/\/instytutpolski.pl\/duesseldorf\/wp-content\/uploads\/sites\/5\/2021\/08\/Iwona_Chmielewska-212x300.jpg","https:\/\/instytutpolski.pl\/duesseldorf\/wp-content\/uploads\/sites\/5\/2021\/08\/Iwona_Chmielewska-724x1024.jpg","https:\/\/instytutpolski.pl\/duesseldorf\/wp-content\/uploads\/sites\/5\/2021\/08\/Iwona_Chmielewska.jpg"],"thumbnailUrl":"https:\/\/instytutpolski.pl\/duesseldorf\/wp-content\/uploads\/sites\/5\/2021\/08\/Iwona_Chmielewska.jpg","datePublished":"2012-11-06T12:55:00+02:00","dateModified":"2021-08-02T11:57:51+02:00","author":{"@id":"https:\/\/instytutpolski.pl\/duesseldorf\/#\/schema\/person\/6b4b76776c5d49a1eb862046e311998e"},"breadcrumb":{"@id":"https:\/\/instytutpolski.pl\/duesseldorf\/2012\/11\/06\/kaptn-book-lesungen-mit-iwona-chmielewska-aus-ihrem-buch-blumkas-tagebuch\/#breadcrumb"},"inLanguage":"pl-PL","potentialAction":[{"@type":"ReadAction","target":["https:\/\/instytutpolski.pl\/duesseldorf\/2012\/11\/06\/kaptn-book-lesungen-mit-iwona-chmielewska-aus-ihrem-buch-blumkas-tagebuch\/"]}],"@context":"https:\/\/schema.org","startDate":"2012-11-06","endDate":"2012-11-10","eventStatus":"EventScheduled","eventAttendanceMode":"OfflineEventAttendanceMode","location":{"@type":"place","name":"","address":"","geo":{"@type":"GeoCoordinates","latitude":"","longitude":""}},"description":"\u00a0\nDi 06.11.2012 - Sa 10.11.2012 Bonn, Wachtberg, Troisdorf, Rolandseck\n\u201eBlumkas Tagebuch\u201c: Warschau, Krochmalna Stra\u00dfe 92, Waisenhaus f\u00fcr j\u00fcdische Kinder \u2013 einst lebte hier Blumka und mit ihr Dr. Korczak, Frau Stefa und zweihundert Kinder: Zygmu\u015b, der einem silbernen Fisch das Leben schenkte, Reginka, deren Erz\u00e4hlungen selbst die dunkelste Nacht erhellten, Pola, die beschloss, in ihrem Ohr eine Erbse zu z\u00fcchten und viele andere. Blumka schrieb dies alles in ihrem Tagebuch auf, und fehlten ihr die Worte, so machte sie eine Zeichnung. Bis zu jenem Tag, an dem der Krieg ausbrach \u2026Iwona Chmielewska\u00a0erfreut sich als Autorin und Illustratorin von fantasievollen picture books seit Jahren gro\u00dfer Popularit\u00e4t. Ihre B\u00fccher wurden in viele Sprachen \u00fcbersetzt, weltweit ver\u00f6ffentlicht und mehrfach mit internationalen Preisen bedacht. \u201eBlumkas Tagebuch\u201c ist das erste Buch von Iwona Chmielewska, das 2011in Deutschland in \u00dcbersetzung von Adam Jaromir erschien.LITERATUR K\u00c4PT\u00b4N BOOK 2012. RHEINISCHES LESEFEST\u201eBlumkas Tagebuch \u2013 Vom Leben in Janusz Korczaks Waisenhaus\u201cAutorenlesungen mit Iwona ChmielewskaIm Rahmen des JANUSZ KORCZAK-JAHRES 2012TERMINE:06.11.2012, 8.30 Uhr, Bezirksbibliothek Beuel, Bonn06.11. 2012, 11.00 Uhr, E\u00d6B Erl\u00f6ser-Kirchengemeinde Axenfeldhaus, Bonn06.11. 2012, 15.00 Uhr, Bibliothek Wachtberg07.11. 2012, 9.00 Uhr, Bilderbuchmuseum Troisdorf09.11. 2012, Wachtberg10.11. 2012 , Familienfest im Arp-Museum, Bahnhof RolandseckWeitere Informationen:\u00a0http:\/\/www.kaeptnbook-lesefest.de"},{"@type":"ImageObject","inLanguage":"pl-PL","@id":"https:\/\/instytutpolski.pl\/duesseldorf\/2012\/11\/06\/kaptn-book-lesungen-mit-iwona-chmielewska-aus-ihrem-buch-blumkas-tagebuch\/#primaryimage","url":"https:\/\/instytutpolski.pl\/duesseldorf\/wp-content\/uploads\/sites\/5\/2021\/08\/Iwona_Chmielewska.jpg","contentUrl":"https:\/\/instytutpolski.pl\/duesseldorf\/wp-content\/uploads\/sites\/5\/2021\/08\/Iwona_Chmielewska.jpg","width":826,"height":1169},{"@type":"BreadcrumbList","@id":"https:\/\/instytutpolski.pl\/duesseldorf\/2012\/11\/06\/kaptn-book-lesungen-mit-iwona-chmielewska-aus-ihrem-buch-blumkas-tagebuch\/#breadcrumb","itemListElement":[{"@type":"ListItem","position":1,"name":"Home","item":"https:\/\/instytutpolski.pl\/duesseldorf\/"},{"@type":"ListItem","position":2,"name":"K\u00e4pt\u00b4n Book &#8211; Lesungen mit Iwona Chmielewska aus ihrem Buch &#8222;Blumkas Tagebuch&#8220;"}]},{"@type":"WebSite","@id":"https:\/\/instytutpolski.pl\/duesseldorf\/#website","url":"https:\/\/instytutpolski.pl\/duesseldorf\/","name":"Instytut Polski w Dusseldorfie","description":"Instytuty Polskie","potentialAction":[{"@type":"SearchAction","target":{"@type":"EntryPoint","urlTemplate":"https:\/\/instytutpolski.pl\/duesseldorf\/?s={search_term_string}"},"query-input":{"@type":"PropertyValueSpecification","valueRequired":true,"valueName":"search_term_string"}}],"inLanguage":"pl-PL"},{"@type":"Person","@id":"https:\/\/instytutpolski.pl\/duesseldorf\/#\/schema\/person\/6b4b76776c5d49a1eb862046e311998e","name":"kolinskia","image":{"@type":"ImageObject","inLanguage":"pl-PL","@id":"https:\/\/instytutpolski.pl\/duesseldorf\/#\/schema\/person\/image\/","url":"https:\/\/secure.gravatar.com\/avatar\/9bb79075402c1d25f1e9e4e8260c2d13?s=96&d=mm&r=g","contentUrl":"https:\/\/secure.gravatar.com\/avatar\/9bb79075402c1d25f1e9e4e8260c2d13?s=96&d=mm&r=g","caption":"kolinskia"},"url":"https:\/\/instytutpolski.pl\/duesseldorf\/author\/kolinskia\/"}]}},"_links":{"self":[{"href":"https:\/\/instytutpolski.pl\/duesseldorf\/wp-json\/wp\/v2\/posts\/5710","targetHints":{"allow":["GET"]}}],"collection":[{"href":"https:\/\/instytutpolski.pl\/duesseldorf\/wp-json\/wp\/v2\/posts"}],"about":[{"href":"https:\/\/instytutpolski.pl\/duesseldorf\/wp-json\/wp\/v2\/types\/post"}],"author":[{"embeddable":true,"href":"https:\/\/instytutpolski.pl\/duesseldorf\/wp-json\/wp\/v2\/users\/103"}],"replies":[{"embeddable":true,"href":"https:\/\/instytutpolski.pl\/duesseldorf\/wp-json\/wp\/v2\/comments?post=5710"}],"version-history":[{"count":1,"href":"https:\/\/instytutpolski.pl\/duesseldorf\/wp-json\/wp\/v2\/posts\/5710\/revisions"}],"predecessor-version":[{"id":5712,"href":"https:\/\/instytutpolski.pl\/duesseldorf\/wp-json\/wp\/v2\/posts\/5710\/revisions\/5712"}],"wp:featuredmedia":[{"embeddable":true,"href":"https:\/\/instytutpolski.pl\/duesseldorf\/wp-json\/wp\/v2\/media\/5711"}],"wp:attachment":[{"href":"https:\/\/instytutpolski.pl\/duesseldorf\/wp-json\/wp\/v2\/media?parent=5710"}],"wp:term":[{"taxonomy":"category","embeddable":true,"href":"https:\/\/instytutpolski.pl\/duesseldorf\/wp-json\/wp\/v2\/categories?post=5710"},{"taxonomy":"post_tag","embeddable":true,"href":"https:\/\/instytutpolski.pl\/duesseldorf\/wp-json\/wp\/v2\/tags?post=5710"}],"curies":[{"name":"wp","href":"https:\/\/api.w.org\/{rel}","templated":true}]}}