{"id":5725,"date":"2012-06-16T14:47:00","date_gmt":"2012-06-16T12:47:00","guid":{"rendered":"https:\/\/instytutpolski.pl\/duesseldorf\/?p=5725"},"modified":"2021-08-02T14:49:35","modified_gmt":"2021-08-02T12:49:35","slug":"literaturschiff-2012-europa-im-blick","status":"publish","type":"post","link":"https:\/\/instytutpolski.pl\/duesseldorf\/2012\/06\/16\/literaturschiff-2012-europa-im-blick\/","title":{"rendered":"LITERATURSCHIFF 2012 Europa im Blick"},"content":{"rendered":"\n<h3 class=\"h3_title\">\u00a0<\/h3>\n<div class=\"edytor programm\">\n<p class=\"news-info\"><strong>Sa 16.06.2012 <\/strong>15.00-19.00 Uhr<br \/>Literatur-Schiff (MS Rheinprinzessin), Adresse: Anleger Schlossturm, Burgplatz<\/p>\nAn Bord des Literaturschiffes 2012 kommt aus Polen<strong>\u00a0Natasza Goerke<\/strong>, die selber viel und gerne reist. Ihre bewusst auf Grenz\u00fcberschreitung und Grenzaufhebung bedachten Erz\u00e4hlungen sind h\u00e4ufig \u201eein Wandern zwischen den Welten\u201c.<br \/><br \/>D\u00fcsseldorfer Literaturtage<br \/>LITERATURSCHIFF 2012 Europa im Blick<br \/>Eintritt: 20,- \u20ac + VVK \/ TK 23,- \u20ac \/ erm. 16,- \u20ac<br \/><br \/>An Bord des Literaturschiffes 2012 kommt aus Polen\u00a0<strong>Natasza Goerke<\/strong>, die selber viel und gerne reist. Ihre bewusst auf Grenz\u00fcberschreitung und Grenzaufhebung bedachten Erz\u00e4hlungen sind h\u00e4ufig \u201eein Wandern zwischen den Welten\u201c.<br \/>\u201eGrand Hotel\u201c ist der Titel des neuen Romans von\u00a0<strong>Jaroslav Rudi\u0161<\/strong>. Der tschechische Autor wird die Passagiere unterhalten mit seiner Geschichte eines jungen Sonderlings, der in einem Hotel arbeitet und dessen chronische \u00c4ngste ihn daran hindern, seine Heimatstadt zu verlassen.<br \/><strong>Marente de Moor\u00a0<\/strong>kommt aus den Niederlanden und wurde dort im letzten Jahr mit dem angesehenen AKO Literaturpreis ausgezeichnet. Viele ihrer Texte sind gepr\u00e4gt von den Erfahrungen, die die Schriftstellerin in Russland machte, wo sie acht Jahre lang lebte.<br \/>Im D\u00fcsseldorfer Lilienfeld Verlag ist der neue Roman \u201eDer Kramladen des Gl\u00fccks\u201c des Deutsch-Franzosen\u00a0<strong>Franz Hessel\u00a0<\/strong>erschienen; sein\u00a0<strong>Verleger Axel von Ernst<\/strong>\u00a0wird das Buch vorstellen und uns beim Durchst\u00f6bern des Kramladens anleiten.<br \/>Musikalisch begleitet wird die literarische Schifffahrt von\u00a0<strong>Ute V\u00f6lker auf dem Akkordeon<\/strong>.<br \/>Kooperation: Literaturb\u00fcro NRW D\u00fcsseldorf, Franz\u00f6sisches Institut, Tschechisches Zentrum D\u00fcsseldorf, Polnisches Institut D\u00fcsseldorf.<\/div>\n","protected":false},"excerpt":{"rendered":"<p>\u00a0 Sa 16.06.2012 15.00-19.00 UhrLiteratur-Schiff (MS Rheinprinzessin), Adresse: Anleger Schlossturm, Burgplatz An Bord des Literaturschiffes 2012 kommt aus Polen\u00a0Natasza Goerke, die selber viel und gerne reist. Ihre bewusst auf Grenz\u00fcberschreitung und Grenzaufhebung bedachten Erz\u00e4hlungen sind h\u00e4ufig \u201eein Wandern zwischen den Welten\u201c. D\u00fcsseldorfer LiteraturtageLITERATURSCHIFF 2012 Europa im BlickEintritt: 20,- \u20ac + VVK \/ TK 23,- \u20ac [&hellip;]<\/p>\n","protected":false},"author":103,"featured_media":5726,"comment_status":"open","ping_status":"open","sticky":false,"template":"","format":"standard","meta":{"inline_featured_image":false,"_monsterinsights_skip_tracking":false,"_monsterinsights_sitenote_active":false,"_monsterinsights_sitenote_note":"","_monsterinsights_sitenote_category":0,"footnotes":""},"categories":[10,103],"tags":[],"class_list":["post-5725","post","type-post","status-publish","format-standard","has-post-thumbnail","hentry","category-literatur","category-programm"],"yoast_head":"<!-- This site is optimized with the Yoast SEO plugin v24.6 - https:\/\/yoast.com\/wordpress\/plugins\/seo\/ -->\n<title>LITERATURSCHIFF 2012 Europa im Blick - Instytut Polski w Dusseldorfie<\/title>\n<meta name=\"robots\" content=\"index, follow, max-snippet:-1, max-image-preview:large, max-video-preview:-1\" \/>\n<link rel=\"canonical\" href=\"https:\/\/instytutpolski.pl\/duesseldorf\/2012\/06\/16\/literaturschiff-2012-europa-im-blick\/\" \/>\n<meta property=\"og:locale\" content=\"pl_PL\" \/>\n<meta property=\"og:type\" content=\"article\" \/>\n<meta property=\"og:title\" content=\"LITERATURSCHIFF 2012 Europa im Blick - Instytut Polski w Dusseldorfie\" \/>\n<meta property=\"og:description\" content=\"\u00a0 Sa 16.06.2012 15.00-19.00 UhrLiteratur-Schiff (MS Rheinprinzessin), Adresse: Anleger Schlossturm, Burgplatz An Bord des Literaturschiffes 2012 kommt aus Polen\u00a0Natasza Goerke, die selber viel und gerne reist. Ihre bewusst auf Grenz\u00fcberschreitung und Grenzaufhebung bedachten Erz\u00e4hlungen sind h\u00e4ufig \u201eein Wandern zwischen den Welten\u201c. D\u00fcsseldorfer LiteraturtageLITERATURSCHIFF 2012 Europa im BlickEintritt: 20,- \u20ac + VVK \/ TK 23,- \u20ac [&hellip;]\" \/>\n<meta property=\"og:url\" content=\"https:\/\/instytutpolski.pl\/duesseldorf\/2012\/06\/16\/literaturschiff-2012-europa-im-blick\/\" \/>\n<meta property=\"og:site_name\" content=\"Instytut Polski w Dusseldorfie\" \/>\n<meta property=\"article:published_time\" content=\"2012-06-16T12:47:00+00:00\" \/>\n<meta property=\"article:modified_time\" content=\"2021-08-02T12:49:35+00:00\" \/>\n<meta property=\"og:image\" content=\"https:\/\/instytutpolski.pl\/duesseldorf\/wp-content\/uploads\/sites\/5\/2021\/08\/2-Natasza-Goerke.jpg\" \/>\n\t<meta property=\"og:image:width\" content=\"1874\" \/>\n\t<meta property=\"og:image:height\" content=\"1461\" \/>\n\t<meta property=\"og:image:type\" content=\"image\/jpeg\" \/>\n<meta name=\"author\" content=\"kolinskia\" \/>\n<meta name=\"twitter:card\" content=\"summary_large_image\" \/>\n<meta name=\"twitter:label1\" content=\"Napisane przez\" \/>\n\t<meta name=\"twitter:data1\" content=\"kolinskia\" \/>\n\t<meta name=\"twitter:label2\" content=\"Szacowany czas czytania\" \/>\n\t<meta name=\"twitter:data2\" content=\"1 minuta\" \/>\n<script type=\"application\/ld+json\" class=\"yoast-schema-graph\">{\"@context\":\"https:\/\/schema.org\",\"@graph\":[{\"@type\":\"event\",\"@id\":\"https:\/\/instytutpolski.pl\/duesseldorf\/2012\/06\/16\/literaturschiff-2012-europa-im-blick\/\",\"url\":\"https:\/\/instytutpolski.pl\/duesseldorf\/2012\/06\/16\/literaturschiff-2012-europa-im-blick\/\",\"name\":\"LITERATURSCHIFF 2012 Europa im Blick\",\"isPartOf\":{\"@id\":\"https:\/\/instytutpolski.pl\/duesseldorf\/#website\"},\"primaryImageOfPage\":{\"@id\":\"https:\/\/instytutpolski.pl\/duesseldorf\/2012\/06\/16\/literaturschiff-2012-europa-im-blick\/#primaryimage\"},\"image\":[\"https:\/\/instytutpolski.pl\/duesseldorf\/wp-content\/uploads\/sites\/5\/2021\/08\/2-Natasza-Goerke.jpg\",\"https:\/\/instytutpolski.pl\/duesseldorf\/wp-content\/uploads\/sites\/5\/2021\/08\/2-Natasza-Goerke-300x234.jpg\",\"https:\/\/instytutpolski.pl\/duesseldorf\/wp-content\/uploads\/sites\/5\/2021\/08\/2-Natasza-Goerke-1024x798.jpg\",\"https:\/\/instytutpolski.pl\/duesseldorf\/wp-content\/uploads\/sites\/5\/2021\/08\/2-Natasza-Goerke.jpg\"],\"thumbnailUrl\":\"https:\/\/instytutpolski.pl\/duesseldorf\/wp-content\/uploads\/sites\/5\/2021\/08\/2-Natasza-Goerke.jpg\",\"datePublished\":\"2012-06-16T12:47:00+02:00\",\"dateModified\":\"2021-08-02T12:49:35+02:00\",\"author\":{\"@id\":\"https:\/\/instytutpolski.pl\/duesseldorf\/#\/schema\/person\/6b4b76776c5d49a1eb862046e311998e\"},\"breadcrumb\":{\"@id\":\"https:\/\/instytutpolski.pl\/duesseldorf\/2012\/06\/16\/literaturschiff-2012-europa-im-blick\/#breadcrumb\"},\"inLanguage\":\"pl-PL\",\"potentialAction\":[{\"@type\":\"ReadAction\",\"target\":[\"https:\/\/instytutpolski.pl\/duesseldorf\/2012\/06\/16\/literaturschiff-2012-europa-im-blick\/\"]}],\"@context\":\"https:\/\/schema.org\",\"startDate\":\"2012-06-16\",\"endDate\":\"2012-06-16\",\"eventStatus\":\"EventScheduled\",\"eventAttendanceMode\":\"OfflineEventAttendanceMode\",\"location\":{\"@type\":\"place\",\"name\":\"\",\"address\":\"\",\"geo\":{\"@type\":\"GeoCoordinates\",\"latitude\":\"\",\"longitude\":\"\"}},\"description\":\"\u00a0\\nSa 16.06.2012 15.00-19.00 UhrLiteratur-Schiff (MS Rheinprinzessin), Adresse: Anleger Schlossturm, Burgplatz\\nAn Bord des Literaturschiffes 2012 kommt aus Polen\u00a0Natasza Goerke, die selber viel und gerne reist. Ihre bewusst auf Grenz\u00fcberschreitung und Grenzaufhebung bedachten Erz\u00e4hlungen sind h\u00e4ufig \u201eein Wandern zwischen den Welten\u201c.D\u00fcsseldorfer LiteraturtageLITERATURSCHIFF 2012 Europa im BlickEintritt: 20,- \u20ac + VVK \/ TK 23,- \u20ac \/ erm. 16,- \u20acAn Bord des Literaturschiffes 2012 kommt aus Polen\u00a0Natasza Goerke, die selber viel und gerne reist. Ihre bewusst auf Grenz\u00fcberschreitung und Grenzaufhebung bedachten Erz\u00e4hlungen sind h\u00e4ufig \u201eein Wandern zwischen den Welten\u201c.\u201eGrand Hotel\u201c ist der Titel des neuen Romans von\u00a0Jaroslav Rudi\u0161. Der tschechische Autor wird die Passagiere unterhalten mit seiner Geschichte eines jungen Sonderlings, der in einem Hotel arbeitet und dessen chronische \u00c4ngste ihn daran hindern, seine Heimatstadt zu verlassen.Marente de Moor\u00a0kommt aus den Niederlanden und wurde dort im letzten Jahr mit dem angesehenen AKO Literaturpreis ausgezeichnet. Viele ihrer Texte sind gepr\u00e4gt von den Erfahrungen, die die Schriftstellerin in Russland machte, wo sie acht Jahre lang lebte.Im D\u00fcsseldorfer Lilienfeld Verlag ist der neue Roman \u201eDer Kramladen des Gl\u00fccks\u201c des Deutsch-Franzosen\u00a0Franz Hessel\u00a0erschienen; sein\u00a0Verleger Axel von Ernst\u00a0wird das Buch vorstellen und uns beim Durchst\u00f6bern des Kramladens anleiten.Musikalisch begleitet wird die literarische Schifffahrt von\u00a0Ute V\u00f6lker auf dem Akkordeon.Kooperation: Literaturb\u00fcro NRW D\u00fcsseldorf, Franz\u00f6sisches Institut, Tschechisches Zentrum D\u00fcsseldorf, Polnisches Institut D\u00fcsseldorf.\"},{\"@type\":\"ImageObject\",\"inLanguage\":\"pl-PL\",\"@id\":\"https:\/\/instytutpolski.pl\/duesseldorf\/2012\/06\/16\/literaturschiff-2012-europa-im-blick\/#primaryimage\",\"url\":\"https:\/\/instytutpolski.pl\/duesseldorf\/wp-content\/uploads\/sites\/5\/2021\/08\/2-Natasza-Goerke.jpg\",\"contentUrl\":\"https:\/\/instytutpolski.pl\/duesseldorf\/wp-content\/uploads\/sites\/5\/2021\/08\/2-Natasza-Goerke.jpg\",\"width\":1874,\"height\":1461},{\"@type\":\"BreadcrumbList\",\"@id\":\"https:\/\/instytutpolski.pl\/duesseldorf\/2012\/06\/16\/literaturschiff-2012-europa-im-blick\/#breadcrumb\",\"itemListElement\":[{\"@type\":\"ListItem\",\"position\":1,\"name\":\"Home\",\"item\":\"https:\/\/instytutpolski.pl\/duesseldorf\/\"},{\"@type\":\"ListItem\",\"position\":2,\"name\":\"LITERATURSCHIFF 2012 Europa im Blick\"}]},{\"@type\":\"WebSite\",\"@id\":\"https:\/\/instytutpolski.pl\/duesseldorf\/#website\",\"url\":\"https:\/\/instytutpolski.pl\/duesseldorf\/\",\"name\":\"Instytut Polski w Dusseldorfie\",\"description\":\"Instytuty Polskie\",\"potentialAction\":[{\"@type\":\"SearchAction\",\"target\":{\"@type\":\"EntryPoint\",\"urlTemplate\":\"https:\/\/instytutpolski.pl\/duesseldorf\/?s={search_term_string}\"},\"query-input\":{\"@type\":\"PropertyValueSpecification\",\"valueRequired\":true,\"valueName\":\"search_term_string\"}}],\"inLanguage\":\"pl-PL\"},{\"@type\":\"Person\",\"@id\":\"https:\/\/instytutpolski.pl\/duesseldorf\/#\/schema\/person\/6b4b76776c5d49a1eb862046e311998e\",\"name\":\"kolinskia\",\"image\":{\"@type\":\"ImageObject\",\"inLanguage\":\"pl-PL\",\"@id\":\"https:\/\/instytutpolski.pl\/duesseldorf\/#\/schema\/person\/image\/\",\"url\":\"https:\/\/secure.gravatar.com\/avatar\/9bb79075402c1d25f1e9e4e8260c2d13?s=96&d=mm&r=g\",\"contentUrl\":\"https:\/\/secure.gravatar.com\/avatar\/9bb79075402c1d25f1e9e4e8260c2d13?s=96&d=mm&r=g\",\"caption\":\"kolinskia\"},\"url\":\"https:\/\/instytutpolski.pl\/duesseldorf\/author\/kolinskia\/\"}]}<\/script>\n<!-- \/ Yoast SEO plugin. -->","yoast_head_json":{"title":"LITERATURSCHIFF 2012 Europa im Blick - Instytut Polski w Dusseldorfie","robots":{"index":"index","follow":"follow","max-snippet":"max-snippet:-1","max-image-preview":"max-image-preview:large","max-video-preview":"max-video-preview:-1"},"canonical":"https:\/\/instytutpolski.pl\/duesseldorf\/2012\/06\/16\/literaturschiff-2012-europa-im-blick\/","og_locale":"pl_PL","og_type":"article","og_title":"LITERATURSCHIFF 2012 Europa im Blick - Instytut Polski w Dusseldorfie","og_description":"\u00a0 Sa 16.06.2012 15.00-19.00 UhrLiteratur-Schiff (MS Rheinprinzessin), Adresse: Anleger Schlossturm, Burgplatz An Bord des Literaturschiffes 2012 kommt aus Polen\u00a0Natasza Goerke, die selber viel und gerne reist. Ihre bewusst auf Grenz\u00fcberschreitung und Grenzaufhebung bedachten Erz\u00e4hlungen sind h\u00e4ufig \u201eein Wandern zwischen den Welten\u201c. D\u00fcsseldorfer LiteraturtageLITERATURSCHIFF 2012 Europa im BlickEintritt: 20,- \u20ac + VVK \/ TK 23,- \u20ac [&hellip;]","og_url":"https:\/\/instytutpolski.pl\/duesseldorf\/2012\/06\/16\/literaturschiff-2012-europa-im-blick\/","og_site_name":"Instytut Polski w Dusseldorfie","article_published_time":"2012-06-16T12:47:00+00:00","article_modified_time":"2021-08-02T12:49:35+00:00","og_image":[{"width":1874,"height":1461,"url":"https:\/\/instytutpolski.pl\/duesseldorf\/wp-content\/uploads\/sites\/5\/2021\/08\/2-Natasza-Goerke.jpg","type":"image\/jpeg"}],"author":"kolinskia","twitter_card":"summary_large_image","twitter_misc":{"Napisane przez":"kolinskia","Szacowany czas czytania":"1 minuta"},"schema":{"@context":"https:\/\/schema.org","@graph":[{"@type":"event","@id":"https:\/\/instytutpolski.pl\/duesseldorf\/2012\/06\/16\/literaturschiff-2012-europa-im-blick\/","url":"https:\/\/instytutpolski.pl\/duesseldorf\/2012\/06\/16\/literaturschiff-2012-europa-im-blick\/","name":"LITERATURSCHIFF 2012 Europa im Blick","isPartOf":{"@id":"https:\/\/instytutpolski.pl\/duesseldorf\/#website"},"primaryImageOfPage":{"@id":"https:\/\/instytutpolski.pl\/duesseldorf\/2012\/06\/16\/literaturschiff-2012-europa-im-blick\/#primaryimage"},"image":["https:\/\/instytutpolski.pl\/duesseldorf\/wp-content\/uploads\/sites\/5\/2021\/08\/2-Natasza-Goerke.jpg","https:\/\/instytutpolski.pl\/duesseldorf\/wp-content\/uploads\/sites\/5\/2021\/08\/2-Natasza-Goerke-300x234.jpg","https:\/\/instytutpolski.pl\/duesseldorf\/wp-content\/uploads\/sites\/5\/2021\/08\/2-Natasza-Goerke-1024x798.jpg","https:\/\/instytutpolski.pl\/duesseldorf\/wp-content\/uploads\/sites\/5\/2021\/08\/2-Natasza-Goerke.jpg"],"thumbnailUrl":"https:\/\/instytutpolski.pl\/duesseldorf\/wp-content\/uploads\/sites\/5\/2021\/08\/2-Natasza-Goerke.jpg","datePublished":"2012-06-16T12:47:00+02:00","dateModified":"2021-08-02T12:49:35+02:00","author":{"@id":"https:\/\/instytutpolski.pl\/duesseldorf\/#\/schema\/person\/6b4b76776c5d49a1eb862046e311998e"},"breadcrumb":{"@id":"https:\/\/instytutpolski.pl\/duesseldorf\/2012\/06\/16\/literaturschiff-2012-europa-im-blick\/#breadcrumb"},"inLanguage":"pl-PL","potentialAction":[{"@type":"ReadAction","target":["https:\/\/instytutpolski.pl\/duesseldorf\/2012\/06\/16\/literaturschiff-2012-europa-im-blick\/"]}],"@context":"https:\/\/schema.org","startDate":"2012-06-16","endDate":"2012-06-16","eventStatus":"EventScheduled","eventAttendanceMode":"OfflineEventAttendanceMode","location":{"@type":"place","name":"","address":"","geo":{"@type":"GeoCoordinates","latitude":"","longitude":""}},"description":"\u00a0\nSa 16.06.2012 15.00-19.00 UhrLiteratur-Schiff (MS Rheinprinzessin), Adresse: Anleger Schlossturm, Burgplatz\nAn Bord des Literaturschiffes 2012 kommt aus Polen\u00a0Natasza Goerke, die selber viel und gerne reist. Ihre bewusst auf Grenz\u00fcberschreitung und Grenzaufhebung bedachten Erz\u00e4hlungen sind h\u00e4ufig \u201eein Wandern zwischen den Welten\u201c.D\u00fcsseldorfer LiteraturtageLITERATURSCHIFF 2012 Europa im BlickEintritt: 20,- \u20ac + VVK \/ TK 23,- \u20ac \/ erm. 16,- \u20acAn Bord des Literaturschiffes 2012 kommt aus Polen\u00a0Natasza Goerke, die selber viel und gerne reist. Ihre bewusst auf Grenz\u00fcberschreitung und Grenzaufhebung bedachten Erz\u00e4hlungen sind h\u00e4ufig \u201eein Wandern zwischen den Welten\u201c.\u201eGrand Hotel\u201c ist der Titel des neuen Romans von\u00a0Jaroslav Rudi\u0161. Der tschechische Autor wird die Passagiere unterhalten mit seiner Geschichte eines jungen Sonderlings, der in einem Hotel arbeitet und dessen chronische \u00c4ngste ihn daran hindern, seine Heimatstadt zu verlassen.Marente de Moor\u00a0kommt aus den Niederlanden und wurde dort im letzten Jahr mit dem angesehenen AKO Literaturpreis ausgezeichnet. Viele ihrer Texte sind gepr\u00e4gt von den Erfahrungen, die die Schriftstellerin in Russland machte, wo sie acht Jahre lang lebte.Im D\u00fcsseldorfer Lilienfeld Verlag ist der neue Roman \u201eDer Kramladen des Gl\u00fccks\u201c des Deutsch-Franzosen\u00a0Franz Hessel\u00a0erschienen; sein\u00a0Verleger Axel von Ernst\u00a0wird das Buch vorstellen und uns beim Durchst\u00f6bern des Kramladens anleiten.Musikalisch begleitet wird die literarische Schifffahrt von\u00a0Ute V\u00f6lker auf dem Akkordeon.Kooperation: Literaturb\u00fcro NRW D\u00fcsseldorf, Franz\u00f6sisches Institut, Tschechisches Zentrum D\u00fcsseldorf, Polnisches Institut D\u00fcsseldorf."},{"@type":"ImageObject","inLanguage":"pl-PL","@id":"https:\/\/instytutpolski.pl\/duesseldorf\/2012\/06\/16\/literaturschiff-2012-europa-im-blick\/#primaryimage","url":"https:\/\/instytutpolski.pl\/duesseldorf\/wp-content\/uploads\/sites\/5\/2021\/08\/2-Natasza-Goerke.jpg","contentUrl":"https:\/\/instytutpolski.pl\/duesseldorf\/wp-content\/uploads\/sites\/5\/2021\/08\/2-Natasza-Goerke.jpg","width":1874,"height":1461},{"@type":"BreadcrumbList","@id":"https:\/\/instytutpolski.pl\/duesseldorf\/2012\/06\/16\/literaturschiff-2012-europa-im-blick\/#breadcrumb","itemListElement":[{"@type":"ListItem","position":1,"name":"Home","item":"https:\/\/instytutpolski.pl\/duesseldorf\/"},{"@type":"ListItem","position":2,"name":"LITERATURSCHIFF 2012 Europa im Blick"}]},{"@type":"WebSite","@id":"https:\/\/instytutpolski.pl\/duesseldorf\/#website","url":"https:\/\/instytutpolski.pl\/duesseldorf\/","name":"Instytut Polski w Dusseldorfie","description":"Instytuty Polskie","potentialAction":[{"@type":"SearchAction","target":{"@type":"EntryPoint","urlTemplate":"https:\/\/instytutpolski.pl\/duesseldorf\/?s={search_term_string}"},"query-input":{"@type":"PropertyValueSpecification","valueRequired":true,"valueName":"search_term_string"}}],"inLanguage":"pl-PL"},{"@type":"Person","@id":"https:\/\/instytutpolski.pl\/duesseldorf\/#\/schema\/person\/6b4b76776c5d49a1eb862046e311998e","name":"kolinskia","image":{"@type":"ImageObject","inLanguage":"pl-PL","@id":"https:\/\/instytutpolski.pl\/duesseldorf\/#\/schema\/person\/image\/","url":"https:\/\/secure.gravatar.com\/avatar\/9bb79075402c1d25f1e9e4e8260c2d13?s=96&d=mm&r=g","contentUrl":"https:\/\/secure.gravatar.com\/avatar\/9bb79075402c1d25f1e9e4e8260c2d13?s=96&d=mm&r=g","caption":"kolinskia"},"url":"https:\/\/instytutpolski.pl\/duesseldorf\/author\/kolinskia\/"}]}},"_links":{"self":[{"href":"https:\/\/instytutpolski.pl\/duesseldorf\/wp-json\/wp\/v2\/posts\/5725","targetHints":{"allow":["GET"]}}],"collection":[{"href":"https:\/\/instytutpolski.pl\/duesseldorf\/wp-json\/wp\/v2\/posts"}],"about":[{"href":"https:\/\/instytutpolski.pl\/duesseldorf\/wp-json\/wp\/v2\/types\/post"}],"author":[{"embeddable":true,"href":"https:\/\/instytutpolski.pl\/duesseldorf\/wp-json\/wp\/v2\/users\/103"}],"replies":[{"embeddable":true,"href":"https:\/\/instytutpolski.pl\/duesseldorf\/wp-json\/wp\/v2\/comments?post=5725"}],"version-history":[{"count":1,"href":"https:\/\/instytutpolski.pl\/duesseldorf\/wp-json\/wp\/v2\/posts\/5725\/revisions"}],"predecessor-version":[{"id":5727,"href":"https:\/\/instytutpolski.pl\/duesseldorf\/wp-json\/wp\/v2\/posts\/5725\/revisions\/5727"}],"wp:featuredmedia":[{"embeddable":true,"href":"https:\/\/instytutpolski.pl\/duesseldorf\/wp-json\/wp\/v2\/media\/5726"}],"wp:attachment":[{"href":"https:\/\/instytutpolski.pl\/duesseldorf\/wp-json\/wp\/v2\/media?parent=5725"}],"wp:term":[{"taxonomy":"category","embeddable":true,"href":"https:\/\/instytutpolski.pl\/duesseldorf\/wp-json\/wp\/v2\/categories?post=5725"},{"taxonomy":"post_tag","embeddable":true,"href":"https:\/\/instytutpolski.pl\/duesseldorf\/wp-json\/wp\/v2\/tags?post=5725"}],"curies":[{"name":"wp","href":"https:\/\/api.w.org\/{rel}","templated":true}]}}