{"id":5732,"date":"2012-05-20T14:54:00","date_gmt":"2012-05-20T12:54:00","guid":{"rendered":"https:\/\/instytutpolski.pl\/duesseldorf\/?p=5732"},"modified":"2021-08-02T15:00:08","modified_gmt":"2021-08-02T13:00:08","slug":"tobias-bungter-liest-janusz-korczak","status":"publish","type":"post","link":"https:\/\/instytutpolski.pl\/duesseldorf\/2012\/05\/20\/tobias-bungter-liest-janusz-korczak\/","title":{"rendered":"Tobias Bungter liest Janusz Korczak"},"content":{"rendered":"\n<h3 class=\"h3_title\">\u00a0<\/h3>\n<div class=\"edytor programm\">\n<p class=\"news-info\"><strong>So 20.05.2012 <\/strong>17.00 Uhr<br \/>Kunstmuseum M\u00fclheim an der Ruhr<\/p>\nDas Jahr 2012 wurde vom polnischen Sejm zum Janusz-Korczak-Jahr erkl\u00e4rt. In diesem Jahr feiern wir 100. Jahrestag der Gr\u00fcndung des Waisenhauses in Warschau durch Janusz Korczak und gedenken des 70. Todestages des polnischen P\u00e4dagogen, Arztes, Schriftstellers und Initiators der Kinderrechte.<br \/><br \/>LITERATUR Janusz-Korczak-Jahr 2012<br \/>JANUSZ-KORCZAK-JAHR 2012:\u00a0<a href=\"http:\/\/www.2012korczak.pl\/\">http:\/\/www.2012korczak.pl<\/a><br \/><br \/>Janusz Korczak &#8211; Der K\u00f6nig der Kinder<br \/>Tobias Bungter liest aus \u201eK\u00f6nig H\u00e4nschen I.\u201c und erz\u00e4hlt \u00fcber Janusz Korczak.<br \/><br \/>Janusz Korczak (1878\u20131942) ist vielen als \u201cK\u00f6nig der Kinder\u201d bekannt, weil er bei der Deportation aus dem Warschauer Getto seine Waisenhaus-Kinder nicht im Stich lie\u00df und sie in den Tod begleitete. Das Waisenhaus Dom Sierot leitete er in den Jahren 1912-1942. Korczak lehrte am Staatlichen Institut f\u00fcr Sonderp\u00e4dagogik, schrieb f\u00fcr Fachzeitschriften und gr\u00fcndete \u201eMa\u0142y Przegl\u0105d&#8221;, die erste von Kindern redigierte Zeitschrift. Er war Autor der popul\u00e4ren Radiosendung \u201eDer Alte Doktor erz\u00e4hlt\u201c, schrieb Romane, Essays, Kinderb\u00fccher, und verfasste zahlreiche p\u00e4dagogische Schriften. Zu den wichtigsten geh\u00f6ren: &#8222;Wie man ein Kind lieben soll&#8221; und &#8222;Das Recht des Kindes auf Achtung\u201c.<br \/>Korczaks wohl bekanntestes Kinderbuch ist K\u00f6nig H\u00e4nschen I. (Kr\u00f3l Maciu\u015b I), die Geschichte des K\u00f6nigsohns H\u00e4nschen, der 10-j\u00e4hrig Waise wird und ein Kinderparlament einrichtet. Keine einfache Sache \u2026<\/div>\n","protected":false},"excerpt":{"rendered":"<p>\u00a0 So 20.05.2012 17.00 UhrKunstmuseum M\u00fclheim an der Ruhr Das Jahr 2012 wurde vom polnischen Sejm zum Janusz-Korczak-Jahr erkl\u00e4rt. In diesem Jahr feiern wir 100. Jahrestag der Gr\u00fcndung des Waisenhauses in Warschau durch Janusz Korczak und gedenken des 70. Todestages des polnischen P\u00e4dagogen, Arztes, Schriftstellers und Initiators der Kinderrechte. LITERATUR Janusz-Korczak-Jahr 2012JANUSZ-KORCZAK-JAHR 2012:\u00a0http:\/\/www.2012korczak.pl Janusz Korczak [&hellip;]<\/p>\n","protected":false},"author":103,"featured_media":5733,"comment_status":"open","ping_status":"open","sticky":false,"template":"","format":"standard","meta":{"inline_featured_image":false,"_monsterinsights_skip_tracking":false,"_monsterinsights_sitenote_active":false,"_monsterinsights_sitenote_note":"","_monsterinsights_sitenote_category":0,"footnotes":""},"categories":[10,103],"tags":[],"class_list":["post-5732","post","type-post","status-publish","format-standard","has-post-thumbnail","hentry","category-literatur","category-programm"],"yoast_head":"<!-- This site is optimized with the Yoast SEO plugin v24.6 - https:\/\/yoast.com\/wordpress\/plugins\/seo\/ -->\n<title>Tobias Bungter liest Janusz Korczak - Instytut Polski w Dusseldorfie<\/title>\n<meta name=\"robots\" content=\"index, follow, max-snippet:-1, max-image-preview:large, max-video-preview:-1\" \/>\n<link rel=\"canonical\" href=\"https:\/\/instytutpolski.pl\/duesseldorf\/2012\/05\/20\/tobias-bungter-liest-janusz-korczak\/\" \/>\n<meta property=\"og:locale\" content=\"pl_PL\" \/>\n<meta property=\"og:type\" content=\"article\" \/>\n<meta property=\"og:title\" content=\"Tobias Bungter liest Janusz Korczak - Instytut Polski w Dusseldorfie\" \/>\n<meta property=\"og:description\" content=\"\u00a0 So 20.05.2012 17.00 UhrKunstmuseum M\u00fclheim an der Ruhr Das Jahr 2012 wurde vom polnischen Sejm zum Janusz-Korczak-Jahr erkl\u00e4rt. In diesem Jahr feiern wir 100. Jahrestag der Gr\u00fcndung des Waisenhauses in Warschau durch Janusz Korczak und gedenken des 70. Todestages des polnischen P\u00e4dagogen, Arztes, Schriftstellers und Initiators der Kinderrechte. LITERATUR Janusz-Korczak-Jahr 2012JANUSZ-KORCZAK-JAHR 2012:\u00a0http:\/\/www.2012korczak.pl Janusz Korczak [&hellip;]\" \/>\n<meta property=\"og:url\" content=\"https:\/\/instytutpolski.pl\/duesseldorf\/2012\/05\/20\/tobias-bungter-liest-janusz-korczak\/\" \/>\n<meta property=\"og:site_name\" content=\"Instytut Polski w Dusseldorfie\" \/>\n<meta property=\"article:published_time\" content=\"2012-05-20T12:54:00+00:00\" \/>\n<meta property=\"article:modified_time\" content=\"2021-08-02T13:00:08+00:00\" \/>\n<meta property=\"og:image\" content=\"https:\/\/instytutpolski.pl\/duesseldorf\/wp-content\/uploads\/sites\/5\/2021\/08\/janusz-korczak.jpg\" \/>\n\t<meta property=\"og:image:width\" content=\"825\" \/>\n\t<meta property=\"og:image:height\" content=\"550\" \/>\n\t<meta property=\"og:image:type\" content=\"image\/jpeg\" \/>\n<meta name=\"author\" content=\"kolinskia\" \/>\n<meta name=\"twitter:card\" content=\"summary_large_image\" \/>\n<meta name=\"twitter:label1\" content=\"Napisane przez\" \/>\n\t<meta name=\"twitter:data1\" content=\"kolinskia\" \/>\n\t<meta name=\"twitter:label2\" content=\"Szacowany czas czytania\" \/>\n\t<meta name=\"twitter:data2\" content=\"1 minuta\" \/>\n<script type=\"application\/ld+json\" class=\"yoast-schema-graph\">{\"@context\":\"https:\/\/schema.org\",\"@graph\":[{\"@type\":\"event\",\"@id\":\"https:\/\/instytutpolski.pl\/duesseldorf\/2012\/05\/20\/tobias-bungter-liest-janusz-korczak\/\",\"url\":\"https:\/\/instytutpolski.pl\/duesseldorf\/2012\/05\/20\/tobias-bungter-liest-janusz-korczak\/\",\"name\":\"Tobias Bungter liest Janusz Korczak\",\"isPartOf\":{\"@id\":\"https:\/\/instytutpolski.pl\/duesseldorf\/#website\"},\"primaryImageOfPage\":{\"@id\":\"https:\/\/instytutpolski.pl\/duesseldorf\/2012\/05\/20\/tobias-bungter-liest-janusz-korczak\/#primaryimage\"},\"image\":[\"https:\/\/instytutpolski.pl\/duesseldorf\/wp-content\/uploads\/sites\/5\/2021\/08\/janusz-korczak.jpg\",\"https:\/\/instytutpolski.pl\/duesseldorf\/wp-content\/uploads\/sites\/5\/2021\/08\/janusz-korczak-300x200.jpg\",\"https:\/\/instytutpolski.pl\/duesseldorf\/wp-content\/uploads\/sites\/5\/2021\/08\/janusz-korczak.jpg\",\"https:\/\/instytutpolski.pl\/duesseldorf\/wp-content\/uploads\/sites\/5\/2021\/08\/janusz-korczak.jpg\"],\"thumbnailUrl\":\"https:\/\/instytutpolski.pl\/duesseldorf\/wp-content\/uploads\/sites\/5\/2021\/08\/janusz-korczak.jpg\",\"datePublished\":\"2012-05-20T12:54:00+02:00\",\"dateModified\":\"2021-08-02T13:00:08+02:00\",\"author\":{\"@id\":\"https:\/\/instytutpolski.pl\/duesseldorf\/#\/schema\/person\/6b4b76776c5d49a1eb862046e311998e\"},\"breadcrumb\":{\"@id\":\"https:\/\/instytutpolski.pl\/duesseldorf\/2012\/05\/20\/tobias-bungter-liest-janusz-korczak\/#breadcrumb\"},\"inLanguage\":\"pl-PL\",\"potentialAction\":[{\"@type\":\"ReadAction\",\"target\":[\"https:\/\/instytutpolski.pl\/duesseldorf\/2012\/05\/20\/tobias-bungter-liest-janusz-korczak\/\"]}],\"@context\":\"https:\/\/schema.org\",\"startDate\":\"2012-05-20\",\"endDate\":\"2012-05-20\",\"eventStatus\":\"EventScheduled\",\"eventAttendanceMode\":\"OfflineEventAttendanceMode\",\"location\":{\"@type\":\"place\",\"name\":\"\",\"address\":\"\",\"geo\":{\"@type\":\"GeoCoordinates\",\"latitude\":\"\",\"longitude\":\"\"}},\"description\":\"\u00a0\\nSo 20.05.2012 17.00 UhrKunstmuseum M\u00fclheim an der Ruhr\\nDas Jahr 2012 wurde vom polnischen Sejm zum Janusz-Korczak-Jahr erkl\u00e4rt. In diesem Jahr feiern wir 100. Jahrestag der Gr\u00fcndung des Waisenhauses in Warschau durch Janusz Korczak und gedenken des 70. Todestages des polnischen P\u00e4dagogen, Arztes, Schriftstellers und Initiators der Kinderrechte.LITERATUR Janusz-Korczak-Jahr 2012JANUSZ-KORCZAK-JAHR 2012:\u00a0http:\/\/www.2012korczak.plJanusz Korczak - Der K\u00f6nig der KinderTobias Bungter liest aus \u201eK\u00f6nig H\u00e4nschen I.\u201c und erz\u00e4hlt \u00fcber Janusz Korczak.Janusz Korczak (1878\u20131942) ist vielen als \u201cK\u00f6nig der Kinder\u201d bekannt, weil er bei der Deportation aus dem Warschauer Getto seine Waisenhaus-Kinder nicht im Stich lie\u00df und sie in den Tod begleitete. Das Waisenhaus Dom Sierot leitete er in den Jahren 1912-1942. Korczak lehrte am Staatlichen Institut f\u00fcr Sonderp\u00e4dagogik, schrieb f\u00fcr Fachzeitschriften und gr\u00fcndete \u201eMa\u0142y Przegl\u0105d\\\", die erste von Kindern redigierte Zeitschrift. Er war Autor der popul\u00e4ren Radiosendung \u201eDer Alte Doktor erz\u00e4hlt\u201c, schrieb Romane, Essays, Kinderb\u00fccher, und verfasste zahlreiche p\u00e4dagogische Schriften. Zu den wichtigsten geh\u00f6ren: \\\"Wie man ein Kind lieben soll\\\" und \\\"Das Recht des Kindes auf Achtung\u201c.Korczaks wohl bekanntestes Kinderbuch ist K\u00f6nig H\u00e4nschen I. (Kr\u00f3l Maciu\u015b I), die Geschichte des K\u00f6nigsohns H\u00e4nschen, der 10-j\u00e4hrig Waise wird und ein Kinderparlament einrichtet. Keine einfache Sache \u2026\"},{\"@type\":\"ImageObject\",\"inLanguage\":\"pl-PL\",\"@id\":\"https:\/\/instytutpolski.pl\/duesseldorf\/2012\/05\/20\/tobias-bungter-liest-janusz-korczak\/#primaryimage\",\"url\":\"https:\/\/instytutpolski.pl\/duesseldorf\/wp-content\/uploads\/sites\/5\/2021\/08\/janusz-korczak.jpg\",\"contentUrl\":\"https:\/\/instytutpolski.pl\/duesseldorf\/wp-content\/uploads\/sites\/5\/2021\/08\/janusz-korczak.jpg\",\"width\":825,\"height\":550},{\"@type\":\"BreadcrumbList\",\"@id\":\"https:\/\/instytutpolski.pl\/duesseldorf\/2012\/05\/20\/tobias-bungter-liest-janusz-korczak\/#breadcrumb\",\"itemListElement\":[{\"@type\":\"ListItem\",\"position\":1,\"name\":\"Home\",\"item\":\"https:\/\/instytutpolski.pl\/duesseldorf\/\"},{\"@type\":\"ListItem\",\"position\":2,\"name\":\"Tobias Bungter liest Janusz Korczak\"}]},{\"@type\":\"WebSite\",\"@id\":\"https:\/\/instytutpolski.pl\/duesseldorf\/#website\",\"url\":\"https:\/\/instytutpolski.pl\/duesseldorf\/\",\"name\":\"Instytut Polski w Dusseldorfie\",\"description\":\"Instytuty Polskie\",\"potentialAction\":[{\"@type\":\"SearchAction\",\"target\":{\"@type\":\"EntryPoint\",\"urlTemplate\":\"https:\/\/instytutpolski.pl\/duesseldorf\/?s={search_term_string}\"},\"query-input\":{\"@type\":\"PropertyValueSpecification\",\"valueRequired\":true,\"valueName\":\"search_term_string\"}}],\"inLanguage\":\"pl-PL\"},{\"@type\":\"Person\",\"@id\":\"https:\/\/instytutpolski.pl\/duesseldorf\/#\/schema\/person\/6b4b76776c5d49a1eb862046e311998e\",\"name\":\"kolinskia\",\"image\":{\"@type\":\"ImageObject\",\"inLanguage\":\"pl-PL\",\"@id\":\"https:\/\/instytutpolski.pl\/duesseldorf\/#\/schema\/person\/image\/\",\"url\":\"https:\/\/secure.gravatar.com\/avatar\/9bb79075402c1d25f1e9e4e8260c2d13?s=96&d=mm&r=g\",\"contentUrl\":\"https:\/\/secure.gravatar.com\/avatar\/9bb79075402c1d25f1e9e4e8260c2d13?s=96&d=mm&r=g\",\"caption\":\"kolinskia\"},\"url\":\"https:\/\/instytutpolski.pl\/duesseldorf\/author\/kolinskia\/\"}]}<\/script>\n<!-- \/ Yoast SEO plugin. -->","yoast_head_json":{"title":"Tobias Bungter liest Janusz Korczak - Instytut Polski w Dusseldorfie","robots":{"index":"index","follow":"follow","max-snippet":"max-snippet:-1","max-image-preview":"max-image-preview:large","max-video-preview":"max-video-preview:-1"},"canonical":"https:\/\/instytutpolski.pl\/duesseldorf\/2012\/05\/20\/tobias-bungter-liest-janusz-korczak\/","og_locale":"pl_PL","og_type":"article","og_title":"Tobias Bungter liest Janusz Korczak - Instytut Polski w Dusseldorfie","og_description":"\u00a0 So 20.05.2012 17.00 UhrKunstmuseum M\u00fclheim an der Ruhr Das Jahr 2012 wurde vom polnischen Sejm zum Janusz-Korczak-Jahr erkl\u00e4rt. In diesem Jahr feiern wir 100. Jahrestag der Gr\u00fcndung des Waisenhauses in Warschau durch Janusz Korczak und gedenken des 70. Todestages des polnischen P\u00e4dagogen, Arztes, Schriftstellers und Initiators der Kinderrechte. LITERATUR Janusz-Korczak-Jahr 2012JANUSZ-KORCZAK-JAHR 2012:\u00a0http:\/\/www.2012korczak.pl Janusz Korczak [&hellip;]","og_url":"https:\/\/instytutpolski.pl\/duesseldorf\/2012\/05\/20\/tobias-bungter-liest-janusz-korczak\/","og_site_name":"Instytut Polski w Dusseldorfie","article_published_time":"2012-05-20T12:54:00+00:00","article_modified_time":"2021-08-02T13:00:08+00:00","og_image":[{"width":825,"height":550,"url":"https:\/\/instytutpolski.pl\/duesseldorf\/wp-content\/uploads\/sites\/5\/2021\/08\/janusz-korczak.jpg","type":"image\/jpeg"}],"author":"kolinskia","twitter_card":"summary_large_image","twitter_misc":{"Napisane przez":"kolinskia","Szacowany czas czytania":"1 minuta"},"schema":{"@context":"https:\/\/schema.org","@graph":[{"@type":"event","@id":"https:\/\/instytutpolski.pl\/duesseldorf\/2012\/05\/20\/tobias-bungter-liest-janusz-korczak\/","url":"https:\/\/instytutpolski.pl\/duesseldorf\/2012\/05\/20\/tobias-bungter-liest-janusz-korczak\/","name":"Tobias Bungter liest Janusz Korczak","isPartOf":{"@id":"https:\/\/instytutpolski.pl\/duesseldorf\/#website"},"primaryImageOfPage":{"@id":"https:\/\/instytutpolski.pl\/duesseldorf\/2012\/05\/20\/tobias-bungter-liest-janusz-korczak\/#primaryimage"},"image":["https:\/\/instytutpolski.pl\/duesseldorf\/wp-content\/uploads\/sites\/5\/2021\/08\/janusz-korczak.jpg","https:\/\/instytutpolski.pl\/duesseldorf\/wp-content\/uploads\/sites\/5\/2021\/08\/janusz-korczak-300x200.jpg","https:\/\/instytutpolski.pl\/duesseldorf\/wp-content\/uploads\/sites\/5\/2021\/08\/janusz-korczak.jpg","https:\/\/instytutpolski.pl\/duesseldorf\/wp-content\/uploads\/sites\/5\/2021\/08\/janusz-korczak.jpg"],"thumbnailUrl":"https:\/\/instytutpolski.pl\/duesseldorf\/wp-content\/uploads\/sites\/5\/2021\/08\/janusz-korczak.jpg","datePublished":"2012-05-20T12:54:00+02:00","dateModified":"2021-08-02T13:00:08+02:00","author":{"@id":"https:\/\/instytutpolski.pl\/duesseldorf\/#\/schema\/person\/6b4b76776c5d49a1eb862046e311998e"},"breadcrumb":{"@id":"https:\/\/instytutpolski.pl\/duesseldorf\/2012\/05\/20\/tobias-bungter-liest-janusz-korczak\/#breadcrumb"},"inLanguage":"pl-PL","potentialAction":[{"@type":"ReadAction","target":["https:\/\/instytutpolski.pl\/duesseldorf\/2012\/05\/20\/tobias-bungter-liest-janusz-korczak\/"]}],"@context":"https:\/\/schema.org","startDate":"2012-05-20","endDate":"2012-05-20","eventStatus":"EventScheduled","eventAttendanceMode":"OfflineEventAttendanceMode","location":{"@type":"place","name":"","address":"","geo":{"@type":"GeoCoordinates","latitude":"","longitude":""}},"description":"\u00a0\nSo 20.05.2012 17.00 UhrKunstmuseum M\u00fclheim an der Ruhr\nDas Jahr 2012 wurde vom polnischen Sejm zum Janusz-Korczak-Jahr erkl\u00e4rt. In diesem Jahr feiern wir 100. Jahrestag der Gr\u00fcndung des Waisenhauses in Warschau durch Janusz Korczak und gedenken des 70. Todestages des polnischen P\u00e4dagogen, Arztes, Schriftstellers und Initiators der Kinderrechte.LITERATUR Janusz-Korczak-Jahr 2012JANUSZ-KORCZAK-JAHR 2012:\u00a0http:\/\/www.2012korczak.plJanusz Korczak - Der K\u00f6nig der KinderTobias Bungter liest aus \u201eK\u00f6nig H\u00e4nschen I.\u201c und erz\u00e4hlt \u00fcber Janusz Korczak.Janusz Korczak (1878\u20131942) ist vielen als \u201cK\u00f6nig der Kinder\u201d bekannt, weil er bei der Deportation aus dem Warschauer Getto seine Waisenhaus-Kinder nicht im Stich lie\u00df und sie in den Tod begleitete. Das Waisenhaus Dom Sierot leitete er in den Jahren 1912-1942. Korczak lehrte am Staatlichen Institut f\u00fcr Sonderp\u00e4dagogik, schrieb f\u00fcr Fachzeitschriften und gr\u00fcndete \u201eMa\u0142y Przegl\u0105d\", die erste von Kindern redigierte Zeitschrift. Er war Autor der popul\u00e4ren Radiosendung \u201eDer Alte Doktor erz\u00e4hlt\u201c, schrieb Romane, Essays, Kinderb\u00fccher, und verfasste zahlreiche p\u00e4dagogische Schriften. Zu den wichtigsten geh\u00f6ren: \"Wie man ein Kind lieben soll\" und \"Das Recht des Kindes auf Achtung\u201c.Korczaks wohl bekanntestes Kinderbuch ist K\u00f6nig H\u00e4nschen I. (Kr\u00f3l Maciu\u015b I), die Geschichte des K\u00f6nigsohns H\u00e4nschen, der 10-j\u00e4hrig Waise wird und ein Kinderparlament einrichtet. Keine einfache Sache \u2026"},{"@type":"ImageObject","inLanguage":"pl-PL","@id":"https:\/\/instytutpolski.pl\/duesseldorf\/2012\/05\/20\/tobias-bungter-liest-janusz-korczak\/#primaryimage","url":"https:\/\/instytutpolski.pl\/duesseldorf\/wp-content\/uploads\/sites\/5\/2021\/08\/janusz-korczak.jpg","contentUrl":"https:\/\/instytutpolski.pl\/duesseldorf\/wp-content\/uploads\/sites\/5\/2021\/08\/janusz-korczak.jpg","width":825,"height":550},{"@type":"BreadcrumbList","@id":"https:\/\/instytutpolski.pl\/duesseldorf\/2012\/05\/20\/tobias-bungter-liest-janusz-korczak\/#breadcrumb","itemListElement":[{"@type":"ListItem","position":1,"name":"Home","item":"https:\/\/instytutpolski.pl\/duesseldorf\/"},{"@type":"ListItem","position":2,"name":"Tobias Bungter liest Janusz Korczak"}]},{"@type":"WebSite","@id":"https:\/\/instytutpolski.pl\/duesseldorf\/#website","url":"https:\/\/instytutpolski.pl\/duesseldorf\/","name":"Instytut Polski w Dusseldorfie","description":"Instytuty Polskie","potentialAction":[{"@type":"SearchAction","target":{"@type":"EntryPoint","urlTemplate":"https:\/\/instytutpolski.pl\/duesseldorf\/?s={search_term_string}"},"query-input":{"@type":"PropertyValueSpecification","valueRequired":true,"valueName":"search_term_string"}}],"inLanguage":"pl-PL"},{"@type":"Person","@id":"https:\/\/instytutpolski.pl\/duesseldorf\/#\/schema\/person\/6b4b76776c5d49a1eb862046e311998e","name":"kolinskia","image":{"@type":"ImageObject","inLanguage":"pl-PL","@id":"https:\/\/instytutpolski.pl\/duesseldorf\/#\/schema\/person\/image\/","url":"https:\/\/secure.gravatar.com\/avatar\/9bb79075402c1d25f1e9e4e8260c2d13?s=96&d=mm&r=g","contentUrl":"https:\/\/secure.gravatar.com\/avatar\/9bb79075402c1d25f1e9e4e8260c2d13?s=96&d=mm&r=g","caption":"kolinskia"},"url":"https:\/\/instytutpolski.pl\/duesseldorf\/author\/kolinskia\/"}]}},"_links":{"self":[{"href":"https:\/\/instytutpolski.pl\/duesseldorf\/wp-json\/wp\/v2\/posts\/5732","targetHints":{"allow":["GET"]}}],"collection":[{"href":"https:\/\/instytutpolski.pl\/duesseldorf\/wp-json\/wp\/v2\/posts"}],"about":[{"href":"https:\/\/instytutpolski.pl\/duesseldorf\/wp-json\/wp\/v2\/types\/post"}],"author":[{"embeddable":true,"href":"https:\/\/instytutpolski.pl\/duesseldorf\/wp-json\/wp\/v2\/users\/103"}],"replies":[{"embeddable":true,"href":"https:\/\/instytutpolski.pl\/duesseldorf\/wp-json\/wp\/v2\/comments?post=5732"}],"version-history":[{"count":1,"href":"https:\/\/instytutpolski.pl\/duesseldorf\/wp-json\/wp\/v2\/posts\/5732\/revisions"}],"predecessor-version":[{"id":5734,"href":"https:\/\/instytutpolski.pl\/duesseldorf\/wp-json\/wp\/v2\/posts\/5732\/revisions\/5734"}],"wp:featuredmedia":[{"embeddable":true,"href":"https:\/\/instytutpolski.pl\/duesseldorf\/wp-json\/wp\/v2\/media\/5733"}],"wp:attachment":[{"href":"https:\/\/instytutpolski.pl\/duesseldorf\/wp-json\/wp\/v2\/media?parent=5732"}],"wp:term":[{"taxonomy":"category","embeddable":true,"href":"https:\/\/instytutpolski.pl\/duesseldorf\/wp-json\/wp\/v2\/categories?post=5732"},{"taxonomy":"post_tag","embeddable":true,"href":"https:\/\/instytutpolski.pl\/duesseldorf\/wp-json\/wp\/v2\/tags?post=5732"}],"curies":[{"name":"wp","href":"https:\/\/api.w.org\/{rel}","templated":true}]}}