{"id":5741,"date":"2012-05-02T15:08:00","date_gmt":"2012-05-02T13:08:00","guid":{"rendered":"https:\/\/instytutpolski.pl\/duesseldorf\/?p=5741"},"modified":"2021-08-02T15:11:03","modified_gmt":"2021-08-02T13:11:03","slug":"lesungen-mit-joanna-bator-in-wiesbaden-dusseldorf-und-dortmund","status":"publish","type":"post","link":"https:\/\/instytutpolski.pl\/duesseldorf\/2012\/05\/02\/lesungen-mit-joanna-bator-in-wiesbaden-dusseldorf-und-dortmund\/","title":{"rendered":"Lesungen mit JOANNA BATOR in Wiesbaden, D\u00fcsseldorf und Dortmund"},"content":{"rendered":"\n<h3 class=\"h3_title\">\u00a0<\/h3>\n<div class=\"edytor programm\">\n<p class=\"news-info\"><strong>Mi 02.05.2012 &#8211; Fr 04.05.2012 <\/strong>Wiesbaden, D\u00fcsseldorf, Dortmund<\/p>\n<strong>JOANNA BATOR<\/strong>\u00a0<em><strong>Der Sandberg\/ Piaskowa G\u00f3ra<\/strong><\/em><br \/><br \/>Termine und Orte:<br \/><br \/><u>Mittwoch, 02.05.2012, 19.00 Uhr<\/u><br \/>Wiesbaden, Hessisches Ministerium f\u00fcr Wissenschaft und Kunst<br \/><br \/><u>Donnerstag, 03.05.2012, 19.30 Uhr<\/u><br \/>M\u00fcller &amp; B\u00f6hm Literaturhandlung im Heine Haus, Bolker Str.53, 40213 D\u00fcsseldorf, Eintritt: 8,-\/6,- , T.0211 200 54 294,\u00a0<a href=\"http:\/\/www.literaturmueller.de\/\">http:\/\/www.literaturmueller.de<\/a><br \/><br \/><u>Freitag, 04.05.2012, 19.30 Uhr<\/u><br \/>Kulturhaus Taranta Babu, Humboldtstr. 44, 44137 Dortmund, Eintritt 5,-\/3,-,\u00a0<a href=\"http:\/\/www.tarantababu.de\/\">http:\/\/www.tarantababu.de<\/a><br \/>Im Rahmen von Literaturfestival &#8222;LesArt.Polska&#8221;:\u00a0<a href=\"http:\/\/www.lesart-literaturfestival.de\/\">http:\/\/www.lesart-literaturfestival.de<\/a><br \/><br \/>Das Leben im \u201eSandberg\u201c, der heruntergekommenen Plattenbausiedlung am Rande einer westpolnischen Kleinstadt, \u00f6det die rebellische Dominika an: der Dreck, der Suff; ihre Mutter, die von einem Schwiegersohn aus Castrop-Rauxel tr\u00e4umt; die von Kirche und Konsumwahn manipulierten Nachbarsfrauen. Eines Tages taucht ein Historiker aus Kalifornien auf, der die Spur eines ju\u0308dischen Freundes verfolgt und wie beil\u00e4ufig ins Gespinst der Lebenslu\u0308gen hineinsticht. \u00bbEin gro\u00dfes Epos aus den abgelegenen Provinzen Europas und des Herzens, ein erstaunliches Lesevergn\u00fcgen.\u00ab Iris Radisch (Die Zeit) JOANNA BATOR (geb. 1968) studierte in Wroc\u0142aw Kulturwissenschaft und Philosophie. Sie ist Hochschuldozentin und lebt in Japan und Polen.<br \/><br \/>Kooperation: Festival LesArt, Kulturhaus TarantaBabu, Literaturhandlung M\u00fcller&amp;B\u00f6hm im Heine Haus, DPG Mainz Wiesbaden.<br \/><br \/>Im Rahmen von &#8222;Klopsztanga.Polen_grenzenlos_NRW&#8221;:\u00a0<a href=\"http:\/\/www.klopsztanga.de\/\">http:\/\/www.klopsztanga.de<\/a><\/div>\n","protected":false},"excerpt":{"rendered":"<p>\u00a0 Mi 02.05.2012 &#8211; Fr 04.05.2012 Wiesbaden, D\u00fcsseldorf, Dortmund JOANNA BATOR\u00a0Der Sandberg\/ Piaskowa G\u00f3ra Termine und Orte: Mittwoch, 02.05.2012, 19.00 UhrWiesbaden, Hessisches Ministerium f\u00fcr Wissenschaft und Kunst Donnerstag, 03.05.2012, 19.30 UhrM\u00fcller &amp; B\u00f6hm Literaturhandlung im Heine Haus, Bolker Str.53, 40213 D\u00fcsseldorf, Eintritt: 8,-\/6,- , T.0211 200 54 294,\u00a0http:\/\/www.literaturmueller.de Freitag, 04.05.2012, 19.30 UhrKulturhaus Taranta Babu, Humboldtstr. [&hellip;]<\/p>\n","protected":false},"author":103,"featured_media":5731,"comment_status":"open","ping_status":"open","sticky":false,"template":"","format":"standard","meta":{"inline_featured_image":false,"_monsterinsights_skip_tracking":false,"_monsterinsights_sitenote_active":false,"_monsterinsights_sitenote_note":"","_monsterinsights_sitenote_category":0,"footnotes":""},"categories":[10,103],"tags":[],"class_list":["post-5741","post","type-post","status-publish","format-standard","has-post-thumbnail","hentry","category-literatur","category-programm"],"yoast_head":"<!-- This site is optimized with the Yoast SEO plugin v24.6 - https:\/\/yoast.com\/wordpress\/plugins\/seo\/ -->\n<title>Lesungen mit JOANNA BATOR in Wiesbaden, D\u00fcsseldorf und Dortmund - Instytut Polski w Dusseldorfie<\/title>\n<meta name=\"robots\" content=\"index, follow, max-snippet:-1, max-image-preview:large, max-video-preview:-1\" \/>\n<link rel=\"canonical\" href=\"https:\/\/instytutpolski.pl\/duesseldorf\/2012\/05\/02\/lesungen-mit-joanna-bator-in-wiesbaden-dusseldorf-und-dortmund\/\" \/>\n<meta property=\"og:locale\" content=\"pl_PL\" \/>\n<meta property=\"og:type\" content=\"article\" \/>\n<meta property=\"og:title\" content=\"Lesungen mit JOANNA BATOR in Wiesbaden, D\u00fcsseldorf und Dortmund - Instytut Polski w Dusseldorfie\" \/>\n<meta property=\"og:description\" content=\"\u00a0 Mi 02.05.2012 &#8211; Fr 04.05.2012 Wiesbaden, D\u00fcsseldorf, Dortmund JOANNA BATOR\u00a0Der Sandberg\/ Piaskowa G\u00f3ra Termine und Orte: Mittwoch, 02.05.2012, 19.00 UhrWiesbaden, Hessisches Ministerium f\u00fcr Wissenschaft und Kunst Donnerstag, 03.05.2012, 19.30 UhrM\u00fcller &amp; B\u00f6hm Literaturhandlung im Heine Haus, Bolker Str.53, 40213 D\u00fcsseldorf, Eintritt: 8,-\/6,- , T.0211 200 54 294,\u00a0http:\/\/www.literaturmueller.de Freitag, 04.05.2012, 19.30 UhrKulturhaus Taranta Babu, Humboldtstr. [&hellip;]\" \/>\n<meta property=\"og:url\" content=\"https:\/\/instytutpolski.pl\/duesseldorf\/2012\/05\/02\/lesungen-mit-joanna-bator-in-wiesbaden-dusseldorf-und-dortmund\/\" \/>\n<meta property=\"og:site_name\" content=\"Instytut Polski w Dusseldorfie\" \/>\n<meta property=\"article:published_time\" content=\"2012-05-02T13:08:00+00:00\" \/>\n<meta property=\"article:modified_time\" content=\"2021-08-02T13:11:03+00:00\" \/>\n<meta property=\"og:image\" content=\"https:\/\/instytutpolski.pl\/duesseldorf\/wp-content\/uploads\/sites\/5\/2012\/12\/Joanna-BatorcKrzysztofLukasiewicz-2.jpg\" \/>\n\t<meta property=\"og:image:width\" content=\"1886\" \/>\n\t<meta property=\"og:image:height\" content=\"1929\" \/>\n\t<meta property=\"og:image:type\" content=\"image\/jpeg\" \/>\n<meta name=\"author\" content=\"kolinskia\" \/>\n<meta name=\"twitter:card\" content=\"summary_large_image\" \/>\n<meta name=\"twitter:label1\" content=\"Napisane przez\" \/>\n\t<meta name=\"twitter:data1\" content=\"kolinskia\" \/>\n\t<meta name=\"twitter:label2\" content=\"Szacowany czas czytania\" \/>\n\t<meta name=\"twitter:data2\" content=\"1 minuta\" \/>\n<script type=\"application\/ld+json\" class=\"yoast-schema-graph\">{\"@context\":\"https:\/\/schema.org\",\"@graph\":[{\"@type\":\"event\",\"@id\":\"https:\/\/instytutpolski.pl\/duesseldorf\/2012\/05\/02\/lesungen-mit-joanna-bator-in-wiesbaden-dusseldorf-und-dortmund\/\",\"url\":\"https:\/\/instytutpolski.pl\/duesseldorf\/2012\/05\/02\/lesungen-mit-joanna-bator-in-wiesbaden-dusseldorf-und-dortmund\/\",\"name\":\"Lesungen mit JOANNA BATOR in Wiesbaden, D\u00fcsseldorf und Dortmund\",\"isPartOf\":{\"@id\":\"https:\/\/instytutpolski.pl\/duesseldorf\/#website\"},\"primaryImageOfPage\":{\"@id\":\"https:\/\/instytutpolski.pl\/duesseldorf\/2012\/05\/02\/lesungen-mit-joanna-bator-in-wiesbaden-dusseldorf-und-dortmund\/#primaryimage\"},\"image\":[\"https:\/\/instytutpolski.pl\/duesseldorf\/wp-content\/uploads\/sites\/5\/2012\/12\/Joanna-BatorcKrzysztofLukasiewicz-2.jpg\",\"https:\/\/instytutpolski.pl\/duesseldorf\/wp-content\/uploads\/sites\/5\/2012\/12\/Joanna-BatorcKrzysztofLukasiewicz-2-293x300.jpg\",\"https:\/\/instytutpolski.pl\/duesseldorf\/wp-content\/uploads\/sites\/5\/2012\/12\/Joanna-BatorcKrzysztofLukasiewicz-2-1001x1024.jpg\",\"https:\/\/instytutpolski.pl\/duesseldorf\/wp-content\/uploads\/sites\/5\/2012\/12\/Joanna-BatorcKrzysztofLukasiewicz-2.jpg\"],\"thumbnailUrl\":\"https:\/\/instytutpolski.pl\/duesseldorf\/wp-content\/uploads\/sites\/5\/2012\/12\/Joanna-BatorcKrzysztofLukasiewicz-2.jpg\",\"datePublished\":\"2012-05-02T13:08:00+02:00\",\"dateModified\":\"2021-08-02T13:11:03+02:00\",\"author\":{\"@id\":\"https:\/\/instytutpolski.pl\/duesseldorf\/#\/schema\/person\/6b4b76776c5d49a1eb862046e311998e\"},\"breadcrumb\":{\"@id\":\"https:\/\/instytutpolski.pl\/duesseldorf\/2012\/05\/02\/lesungen-mit-joanna-bator-in-wiesbaden-dusseldorf-und-dortmund\/#breadcrumb\"},\"inLanguage\":\"pl-PL\",\"potentialAction\":[{\"@type\":\"ReadAction\",\"target\":[\"https:\/\/instytutpolski.pl\/duesseldorf\/2012\/05\/02\/lesungen-mit-joanna-bator-in-wiesbaden-dusseldorf-und-dortmund\/\"]}],\"@context\":\"https:\/\/schema.org\",\"startDate\":\"2012-05-02\",\"endDate\":\"2012-05-04\",\"eventStatus\":\"EventScheduled\",\"eventAttendanceMode\":\"OfflineEventAttendanceMode\",\"location\":{\"@type\":\"place\",\"name\":\"\",\"address\":\"\",\"geo\":{\"@type\":\"GeoCoordinates\",\"latitude\":\"\",\"longitude\":\"\"}},\"description\":\"\u00a0\\nMi 02.05.2012 - Fr 04.05.2012 Wiesbaden, D\u00fcsseldorf, Dortmund\\nJOANNA BATOR\u00a0Der Sandberg\/ Piaskowa G\u00f3raTermine und Orte:Mittwoch, 02.05.2012, 19.00 UhrWiesbaden, Hessisches Ministerium f\u00fcr Wissenschaft und KunstDonnerstag, 03.05.2012, 19.30 UhrM\u00fcller &amp; B\u00f6hm Literaturhandlung im Heine Haus, Bolker Str.53, 40213 D\u00fcsseldorf, Eintritt: 8,-\/6,- , T.0211 200 54 294,\u00a0http:\/\/www.literaturmueller.deFreitag, 04.05.2012, 19.30 UhrKulturhaus Taranta Babu, Humboldtstr. 44, 44137 Dortmund, Eintritt 5,-\/3,-,\u00a0http:\/\/www.tarantababu.deIm Rahmen von Literaturfestival \\\"LesArt.Polska\\\":\u00a0http:\/\/www.lesart-literaturfestival.deDas Leben im \u201eSandberg\u201c, der heruntergekommenen Plattenbausiedlung am Rande einer westpolnischen Kleinstadt, \u00f6det die rebellische Dominika an: der Dreck, der Suff; ihre Mutter, die von einem Schwiegersohn aus Castrop-Rauxel tr\u00e4umt; die von Kirche und Konsumwahn manipulierten Nachbarsfrauen. Eines Tages taucht ein Historiker aus Kalifornien auf, der die Spur eines ju\u0308dischen Freundes verfolgt und wie beil\u00e4ufig ins Gespinst der Lebenslu\u0308gen hineinsticht. \u00bbEin gro\u00dfes Epos aus den abgelegenen Provinzen Europas und des Herzens, ein erstaunliches Lesevergn\u00fcgen.\u00ab Iris Radisch (Die Zeit) JOANNA BATOR (geb. 1968) studierte in Wroc\u0142aw Kulturwissenschaft und Philosophie. Sie ist Hochschuldozentin und lebt in Japan und Polen.Kooperation: Festival LesArt, Kulturhaus TarantaBabu, Literaturhandlung M\u00fcller&amp;B\u00f6hm im Heine Haus, DPG Mainz Wiesbaden.Im Rahmen von \\\"Klopsztanga.Polen_grenzenlos_NRW\\\":\u00a0http:\/\/www.klopsztanga.de\"},{\"@type\":\"ImageObject\",\"inLanguage\":\"pl-PL\",\"@id\":\"https:\/\/instytutpolski.pl\/duesseldorf\/2012\/05\/02\/lesungen-mit-joanna-bator-in-wiesbaden-dusseldorf-und-dortmund\/#primaryimage\",\"url\":\"https:\/\/instytutpolski.pl\/duesseldorf\/wp-content\/uploads\/sites\/5\/2012\/12\/Joanna-BatorcKrzysztofLukasiewicz-2.jpg\",\"contentUrl\":\"https:\/\/instytutpolski.pl\/duesseldorf\/wp-content\/uploads\/sites\/5\/2012\/12\/Joanna-BatorcKrzysztofLukasiewicz-2.jpg\",\"width\":1886,\"height\":1929},{\"@type\":\"BreadcrumbList\",\"@id\":\"https:\/\/instytutpolski.pl\/duesseldorf\/2012\/05\/02\/lesungen-mit-joanna-bator-in-wiesbaden-dusseldorf-und-dortmund\/#breadcrumb\",\"itemListElement\":[{\"@type\":\"ListItem\",\"position\":1,\"name\":\"Home\",\"item\":\"https:\/\/instytutpolski.pl\/duesseldorf\/\"},{\"@type\":\"ListItem\",\"position\":2,\"name\":\"Lesungen mit JOANNA BATOR in Wiesbaden, D\u00fcsseldorf und Dortmund\"}]},{\"@type\":\"WebSite\",\"@id\":\"https:\/\/instytutpolski.pl\/duesseldorf\/#website\",\"url\":\"https:\/\/instytutpolski.pl\/duesseldorf\/\",\"name\":\"Instytut Polski w Dusseldorfie\",\"description\":\"Instytuty Polskie\",\"potentialAction\":[{\"@type\":\"SearchAction\",\"target\":{\"@type\":\"EntryPoint\",\"urlTemplate\":\"https:\/\/instytutpolski.pl\/duesseldorf\/?s={search_term_string}\"},\"query-input\":{\"@type\":\"PropertyValueSpecification\",\"valueRequired\":true,\"valueName\":\"search_term_string\"}}],\"inLanguage\":\"pl-PL\"},{\"@type\":\"Person\",\"@id\":\"https:\/\/instytutpolski.pl\/duesseldorf\/#\/schema\/person\/6b4b76776c5d49a1eb862046e311998e\",\"name\":\"kolinskia\",\"image\":{\"@type\":\"ImageObject\",\"inLanguage\":\"pl-PL\",\"@id\":\"https:\/\/instytutpolski.pl\/duesseldorf\/#\/schema\/person\/image\/\",\"url\":\"https:\/\/secure.gravatar.com\/avatar\/9bb79075402c1d25f1e9e4e8260c2d13?s=96&d=mm&r=g\",\"contentUrl\":\"https:\/\/secure.gravatar.com\/avatar\/9bb79075402c1d25f1e9e4e8260c2d13?s=96&d=mm&r=g\",\"caption\":\"kolinskia\"},\"url\":\"https:\/\/instytutpolski.pl\/duesseldorf\/author\/kolinskia\/\"}]}<\/script>\n<!-- \/ Yoast SEO plugin. -->","yoast_head_json":{"title":"Lesungen mit JOANNA BATOR in Wiesbaden, D\u00fcsseldorf und Dortmund - Instytut Polski w Dusseldorfie","robots":{"index":"index","follow":"follow","max-snippet":"max-snippet:-1","max-image-preview":"max-image-preview:large","max-video-preview":"max-video-preview:-1"},"canonical":"https:\/\/instytutpolski.pl\/duesseldorf\/2012\/05\/02\/lesungen-mit-joanna-bator-in-wiesbaden-dusseldorf-und-dortmund\/","og_locale":"pl_PL","og_type":"article","og_title":"Lesungen mit JOANNA BATOR in Wiesbaden, D\u00fcsseldorf und Dortmund - Instytut Polski w Dusseldorfie","og_description":"\u00a0 Mi 02.05.2012 &#8211; Fr 04.05.2012 Wiesbaden, D\u00fcsseldorf, Dortmund JOANNA BATOR\u00a0Der Sandberg\/ Piaskowa G\u00f3ra Termine und Orte: Mittwoch, 02.05.2012, 19.00 UhrWiesbaden, Hessisches Ministerium f\u00fcr Wissenschaft und Kunst Donnerstag, 03.05.2012, 19.30 UhrM\u00fcller &amp; B\u00f6hm Literaturhandlung im Heine Haus, Bolker Str.53, 40213 D\u00fcsseldorf, Eintritt: 8,-\/6,- , T.0211 200 54 294,\u00a0http:\/\/www.literaturmueller.de Freitag, 04.05.2012, 19.30 UhrKulturhaus Taranta Babu, Humboldtstr. [&hellip;]","og_url":"https:\/\/instytutpolski.pl\/duesseldorf\/2012\/05\/02\/lesungen-mit-joanna-bator-in-wiesbaden-dusseldorf-und-dortmund\/","og_site_name":"Instytut Polski w Dusseldorfie","article_published_time":"2012-05-02T13:08:00+00:00","article_modified_time":"2021-08-02T13:11:03+00:00","og_image":[{"width":1886,"height":1929,"url":"https:\/\/instytutpolski.pl\/duesseldorf\/wp-content\/uploads\/sites\/5\/2012\/12\/Joanna-BatorcKrzysztofLukasiewicz-2.jpg","type":"image\/jpeg"}],"author":"kolinskia","twitter_card":"summary_large_image","twitter_misc":{"Napisane przez":"kolinskia","Szacowany czas czytania":"1 minuta"},"schema":{"@context":"https:\/\/schema.org","@graph":[{"@type":"event","@id":"https:\/\/instytutpolski.pl\/duesseldorf\/2012\/05\/02\/lesungen-mit-joanna-bator-in-wiesbaden-dusseldorf-und-dortmund\/","url":"https:\/\/instytutpolski.pl\/duesseldorf\/2012\/05\/02\/lesungen-mit-joanna-bator-in-wiesbaden-dusseldorf-und-dortmund\/","name":"Lesungen mit JOANNA BATOR in Wiesbaden, D\u00fcsseldorf und Dortmund","isPartOf":{"@id":"https:\/\/instytutpolski.pl\/duesseldorf\/#website"},"primaryImageOfPage":{"@id":"https:\/\/instytutpolski.pl\/duesseldorf\/2012\/05\/02\/lesungen-mit-joanna-bator-in-wiesbaden-dusseldorf-und-dortmund\/#primaryimage"},"image":["https:\/\/instytutpolski.pl\/duesseldorf\/wp-content\/uploads\/sites\/5\/2012\/12\/Joanna-BatorcKrzysztofLukasiewicz-2.jpg","https:\/\/instytutpolski.pl\/duesseldorf\/wp-content\/uploads\/sites\/5\/2012\/12\/Joanna-BatorcKrzysztofLukasiewicz-2-293x300.jpg","https:\/\/instytutpolski.pl\/duesseldorf\/wp-content\/uploads\/sites\/5\/2012\/12\/Joanna-BatorcKrzysztofLukasiewicz-2-1001x1024.jpg","https:\/\/instytutpolski.pl\/duesseldorf\/wp-content\/uploads\/sites\/5\/2012\/12\/Joanna-BatorcKrzysztofLukasiewicz-2.jpg"],"thumbnailUrl":"https:\/\/instytutpolski.pl\/duesseldorf\/wp-content\/uploads\/sites\/5\/2012\/12\/Joanna-BatorcKrzysztofLukasiewicz-2.jpg","datePublished":"2012-05-02T13:08:00+02:00","dateModified":"2021-08-02T13:11:03+02:00","author":{"@id":"https:\/\/instytutpolski.pl\/duesseldorf\/#\/schema\/person\/6b4b76776c5d49a1eb862046e311998e"},"breadcrumb":{"@id":"https:\/\/instytutpolski.pl\/duesseldorf\/2012\/05\/02\/lesungen-mit-joanna-bator-in-wiesbaden-dusseldorf-und-dortmund\/#breadcrumb"},"inLanguage":"pl-PL","potentialAction":[{"@type":"ReadAction","target":["https:\/\/instytutpolski.pl\/duesseldorf\/2012\/05\/02\/lesungen-mit-joanna-bator-in-wiesbaden-dusseldorf-und-dortmund\/"]}],"@context":"https:\/\/schema.org","startDate":"2012-05-02","endDate":"2012-05-04","eventStatus":"EventScheduled","eventAttendanceMode":"OfflineEventAttendanceMode","location":{"@type":"place","name":"","address":"","geo":{"@type":"GeoCoordinates","latitude":"","longitude":""}},"description":"\u00a0\nMi 02.05.2012 - Fr 04.05.2012 Wiesbaden, D\u00fcsseldorf, Dortmund\nJOANNA BATOR\u00a0Der Sandberg\/ Piaskowa G\u00f3raTermine und Orte:Mittwoch, 02.05.2012, 19.00 UhrWiesbaden, Hessisches Ministerium f\u00fcr Wissenschaft und KunstDonnerstag, 03.05.2012, 19.30 UhrM\u00fcller &amp; B\u00f6hm Literaturhandlung im Heine Haus, Bolker Str.53, 40213 D\u00fcsseldorf, Eintritt: 8,-\/6,- , T.0211 200 54 294,\u00a0http:\/\/www.literaturmueller.deFreitag, 04.05.2012, 19.30 UhrKulturhaus Taranta Babu, Humboldtstr. 44, 44137 Dortmund, Eintritt 5,-\/3,-,\u00a0http:\/\/www.tarantababu.deIm Rahmen von Literaturfestival \"LesArt.Polska\":\u00a0http:\/\/www.lesart-literaturfestival.deDas Leben im \u201eSandberg\u201c, der heruntergekommenen Plattenbausiedlung am Rande einer westpolnischen Kleinstadt, \u00f6det die rebellische Dominika an: der Dreck, der Suff; ihre Mutter, die von einem Schwiegersohn aus Castrop-Rauxel tr\u00e4umt; die von Kirche und Konsumwahn manipulierten Nachbarsfrauen. Eines Tages taucht ein Historiker aus Kalifornien auf, der die Spur eines ju\u0308dischen Freundes verfolgt und wie beil\u00e4ufig ins Gespinst der Lebenslu\u0308gen hineinsticht. \u00bbEin gro\u00dfes Epos aus den abgelegenen Provinzen Europas und des Herzens, ein erstaunliches Lesevergn\u00fcgen.\u00ab Iris Radisch (Die Zeit) JOANNA BATOR (geb. 1968) studierte in Wroc\u0142aw Kulturwissenschaft und Philosophie. Sie ist Hochschuldozentin und lebt in Japan und Polen.Kooperation: Festival LesArt, Kulturhaus TarantaBabu, Literaturhandlung M\u00fcller&amp;B\u00f6hm im Heine Haus, DPG Mainz Wiesbaden.Im Rahmen von \"Klopsztanga.Polen_grenzenlos_NRW\":\u00a0http:\/\/www.klopsztanga.de"},{"@type":"ImageObject","inLanguage":"pl-PL","@id":"https:\/\/instytutpolski.pl\/duesseldorf\/2012\/05\/02\/lesungen-mit-joanna-bator-in-wiesbaden-dusseldorf-und-dortmund\/#primaryimage","url":"https:\/\/instytutpolski.pl\/duesseldorf\/wp-content\/uploads\/sites\/5\/2012\/12\/Joanna-BatorcKrzysztofLukasiewicz-2.jpg","contentUrl":"https:\/\/instytutpolski.pl\/duesseldorf\/wp-content\/uploads\/sites\/5\/2012\/12\/Joanna-BatorcKrzysztofLukasiewicz-2.jpg","width":1886,"height":1929},{"@type":"BreadcrumbList","@id":"https:\/\/instytutpolski.pl\/duesseldorf\/2012\/05\/02\/lesungen-mit-joanna-bator-in-wiesbaden-dusseldorf-und-dortmund\/#breadcrumb","itemListElement":[{"@type":"ListItem","position":1,"name":"Home","item":"https:\/\/instytutpolski.pl\/duesseldorf\/"},{"@type":"ListItem","position":2,"name":"Lesungen mit JOANNA BATOR in Wiesbaden, D\u00fcsseldorf und Dortmund"}]},{"@type":"WebSite","@id":"https:\/\/instytutpolski.pl\/duesseldorf\/#website","url":"https:\/\/instytutpolski.pl\/duesseldorf\/","name":"Instytut Polski w Dusseldorfie","description":"Instytuty Polskie","potentialAction":[{"@type":"SearchAction","target":{"@type":"EntryPoint","urlTemplate":"https:\/\/instytutpolski.pl\/duesseldorf\/?s={search_term_string}"},"query-input":{"@type":"PropertyValueSpecification","valueRequired":true,"valueName":"search_term_string"}}],"inLanguage":"pl-PL"},{"@type":"Person","@id":"https:\/\/instytutpolski.pl\/duesseldorf\/#\/schema\/person\/6b4b76776c5d49a1eb862046e311998e","name":"kolinskia","image":{"@type":"ImageObject","inLanguage":"pl-PL","@id":"https:\/\/instytutpolski.pl\/duesseldorf\/#\/schema\/person\/image\/","url":"https:\/\/secure.gravatar.com\/avatar\/9bb79075402c1d25f1e9e4e8260c2d13?s=96&d=mm&r=g","contentUrl":"https:\/\/secure.gravatar.com\/avatar\/9bb79075402c1d25f1e9e4e8260c2d13?s=96&d=mm&r=g","caption":"kolinskia"},"url":"https:\/\/instytutpolski.pl\/duesseldorf\/author\/kolinskia\/"}]}},"_links":{"self":[{"href":"https:\/\/instytutpolski.pl\/duesseldorf\/wp-json\/wp\/v2\/posts\/5741","targetHints":{"allow":["GET"]}}],"collection":[{"href":"https:\/\/instytutpolski.pl\/duesseldorf\/wp-json\/wp\/v2\/posts"}],"about":[{"href":"https:\/\/instytutpolski.pl\/duesseldorf\/wp-json\/wp\/v2\/types\/post"}],"author":[{"embeddable":true,"href":"https:\/\/instytutpolski.pl\/duesseldorf\/wp-json\/wp\/v2\/users\/103"}],"replies":[{"embeddable":true,"href":"https:\/\/instytutpolski.pl\/duesseldorf\/wp-json\/wp\/v2\/comments?post=5741"}],"version-history":[{"count":1,"href":"https:\/\/instytutpolski.pl\/duesseldorf\/wp-json\/wp\/v2\/posts\/5741\/revisions"}],"predecessor-version":[{"id":5742,"href":"https:\/\/instytutpolski.pl\/duesseldorf\/wp-json\/wp\/v2\/posts\/5741\/revisions\/5742"}],"wp:featuredmedia":[{"embeddable":true,"href":"https:\/\/instytutpolski.pl\/duesseldorf\/wp-json\/wp\/v2\/media\/5731"}],"wp:attachment":[{"href":"https:\/\/instytutpolski.pl\/duesseldorf\/wp-json\/wp\/v2\/media?parent=5741"}],"wp:term":[{"taxonomy":"category","embeddable":true,"href":"https:\/\/instytutpolski.pl\/duesseldorf\/wp-json\/wp\/v2\/categories?post=5741"},{"taxonomy":"post_tag","embeddable":true,"href":"https:\/\/instytutpolski.pl\/duesseldorf\/wp-json\/wp\/v2\/tags?post=5741"}],"curies":[{"name":"wp","href":"https:\/\/api.w.org\/{rel}","templated":true}]}}