{"id":5798,"date":"2012-03-18T11:45:00","date_gmt":"2012-03-18T10:45:00","guid":{"rendered":"https:\/\/instytutpolski.pl\/duesseldorf\/?p=5798"},"modified":"2021-08-05T12:00:45","modified_gmt":"2021-08-05T10:00:45","slug":"sylwia-chutnik-bei-litcologne-2012","status":"publish","type":"post","link":"https:\/\/instytutpolski.pl\/duesseldorf\/2012\/03\/18\/sylwia-chutnik-bei-litcologne-2012\/","title":{"rendered":"Sylwia Chutnik bei litCOLOGNE 2012"},"content":{"rendered":"\n<h3 class=\"h3_title\">\u00a0<\/h3>\n<div class=\"edytor programm\">\n<p class=\"news-info\"><strong>So 18.03.2012 <\/strong>20.00 Uhr<br \/>WDR, Klaus-von-Bismarck-Saal, Wallrafplatz K\u00f6ln<\/p>\n<strong>Weibskram\/ Kieszonkowy atlas kobiet<\/strong><br \/>Buchpremiere bei litCologne:\u00a0<a href=\"http:\/\/www.litcologne.de\/events#\">http:\/\/www.litcologne.de\/events#<\/a><br \/><br \/><strong>Sylwia Chutnik<\/strong>\u00a0(geb. 1979 in Warschau) Kulturwissenschaftlerin, Gender Studies-Absolventin, Autorin, Aktivistin und \u201eradikalen Hausfrau\u201c, Gr\u00fcnderin und Leiterin der Stiftung \u201eMama\u201c, die sich f\u00fcr die Rechte der M\u00fctter in Polen einsetzt. F\u00fcr Ihren Deb\u00fctroman \u201eKieszonkowy atlas kobiet&#8221; (&#8222;Weibskram) erhielt sie 2008 den Preis der gr\u00f6\u00dften Wochenzeitschrift Polityka \u201ePaszport Polityki\u201c und 2009 wurde sie f\u00fcr den renommierten polnischen Literaturpreis \u201eNIKE\u201c nominiert.<br \/><br \/>Moderation: Olaf K\u00fchl<br \/>Lesung: Johanna Wokalek<\/div>\n","protected":false},"excerpt":{"rendered":"<p>\u00a0 So 18.03.2012 20.00 UhrWDR, Klaus-von-Bismarck-Saal, Wallrafplatz K\u00f6ln Weibskram\/ Kieszonkowy atlas kobietBuchpremiere bei litCologne:\u00a0http:\/\/www.litcologne.de\/events# Sylwia Chutnik\u00a0(geb. 1979 in Warschau) Kulturwissenschaftlerin, Gender Studies-Absolventin, Autorin, Aktivistin und \u201eradikalen Hausfrau\u201c, Gr\u00fcnderin und Leiterin der Stiftung \u201eMama\u201c, die sich f\u00fcr die Rechte der M\u00fctter in Polen einsetzt. F\u00fcr Ihren Deb\u00fctroman \u201eKieszonkowy atlas kobiet&#8221; (&#8222;Weibskram) erhielt sie 2008 den Preis [&hellip;]<\/p>\n","protected":false},"author":103,"featured_media":5729,"comment_status":"open","ping_status":"open","sticky":false,"template":"","format":"standard","meta":{"inline_featured_image":false,"_monsterinsights_skip_tracking":false,"_monsterinsights_sitenote_active":false,"_monsterinsights_sitenote_note":"","_monsterinsights_sitenote_category":0,"footnotes":""},"categories":[10,103],"tags":[],"class_list":["post-5798","post","type-post","status-publish","format-standard","has-post-thumbnail","hentry","category-literatur","category-programm"],"yoast_head":"<!-- This site is optimized with the Yoast SEO plugin v24.6 - https:\/\/yoast.com\/wordpress\/plugins\/seo\/ -->\n<title>Sylwia Chutnik bei litCOLOGNE 2012 - Instytut Polski w Dusseldorfie<\/title>\n<meta name=\"robots\" content=\"index, follow, max-snippet:-1, max-image-preview:large, max-video-preview:-1\" \/>\n<link rel=\"canonical\" href=\"https:\/\/instytutpolski.pl\/duesseldorf\/2012\/03\/18\/sylwia-chutnik-bei-litcologne-2012\/\" \/>\n<meta property=\"og:locale\" content=\"pl_PL\" \/>\n<meta property=\"og:type\" content=\"article\" \/>\n<meta property=\"og:title\" content=\"Sylwia Chutnik bei litCOLOGNE 2012 - Instytut Polski w Dusseldorfie\" \/>\n<meta property=\"og:description\" content=\"\u00a0 So 18.03.2012 20.00 UhrWDR, Klaus-von-Bismarck-Saal, Wallrafplatz K\u00f6ln Weibskram\/ Kieszonkowy atlas kobietBuchpremiere bei litCologne:\u00a0http:\/\/www.litcologne.de\/events# Sylwia Chutnik\u00a0(geb. 1979 in Warschau) Kulturwissenschaftlerin, Gender Studies-Absolventin, Autorin, Aktivistin und \u201eradikalen Hausfrau\u201c, Gr\u00fcnderin und Leiterin der Stiftung \u201eMama\u201c, die sich f\u00fcr die Rechte der M\u00fctter in Polen einsetzt. F\u00fcr Ihren Deb\u00fctroman \u201eKieszonkowy atlas kobiet&#8221; (&#8222;Weibskram) erhielt sie 2008 den Preis [&hellip;]\" \/>\n<meta property=\"og:url\" content=\"https:\/\/instytutpolski.pl\/duesseldorf\/2012\/03\/18\/sylwia-chutnik-bei-litcologne-2012\/\" \/>\n<meta property=\"og:site_name\" content=\"Instytut Polski w Dusseldorfie\" \/>\n<meta property=\"article:published_time\" content=\"2012-03-18T10:45:00+00:00\" \/>\n<meta property=\"article:modified_time\" content=\"2021-08-05T10:00:45+00:00\" \/>\n<meta property=\"og:image\" content=\"https:\/\/instytutpolski.pl\/duesseldorf\/wp-content\/uploads\/sites\/5\/2021\/08\/LesArt_Literatur_Sylwia-Chutnik_-Rafal-Leszczynski-2.png\" \/>\n\t<meta property=\"og:image:width\" content=\"895\" \/>\n\t<meta property=\"og:image:height\" content=\"850\" \/>\n\t<meta property=\"og:image:type\" content=\"image\/png\" \/>\n<meta name=\"author\" content=\"kolinskia\" \/>\n<meta name=\"twitter:card\" content=\"summary_large_image\" \/>\n<meta name=\"twitter:label1\" content=\"Napisane przez\" \/>\n\t<meta name=\"twitter:data1\" content=\"kolinskia\" \/>\n<script type=\"application\/ld+json\" class=\"yoast-schema-graph\">{\"@context\":\"https:\/\/schema.org\",\"@graph\":[{\"@type\":\"event\",\"@id\":\"https:\/\/instytutpolski.pl\/duesseldorf\/2012\/03\/18\/sylwia-chutnik-bei-litcologne-2012\/\",\"url\":\"https:\/\/instytutpolski.pl\/duesseldorf\/2012\/03\/18\/sylwia-chutnik-bei-litcologne-2012\/\",\"name\":\"Sylwia Chutnik bei litCOLOGNE 2012\",\"isPartOf\":{\"@id\":\"https:\/\/instytutpolski.pl\/duesseldorf\/#website\"},\"primaryImageOfPage\":{\"@id\":\"https:\/\/instytutpolski.pl\/duesseldorf\/2012\/03\/18\/sylwia-chutnik-bei-litcologne-2012\/#primaryimage\"},\"image\":[\"https:\/\/instytutpolski.pl\/duesseldorf\/wp-content\/uploads\/sites\/5\/2021\/08\/LesArt_Literatur_Sylwia-Chutnik_-Rafal-Leszczynski-2.png\",\"https:\/\/instytutpolski.pl\/duesseldorf\/wp-content\/uploads\/sites\/5\/2021\/08\/LesArt_Literatur_Sylwia-Chutnik_-Rafal-Leszczynski-2-300x285.png\",\"https:\/\/instytutpolski.pl\/duesseldorf\/wp-content\/uploads\/sites\/5\/2021\/08\/LesArt_Literatur_Sylwia-Chutnik_-Rafal-Leszczynski-2.png\",\"https:\/\/instytutpolski.pl\/duesseldorf\/wp-content\/uploads\/sites\/5\/2021\/08\/LesArt_Literatur_Sylwia-Chutnik_-Rafal-Leszczynski-2.png\"],\"thumbnailUrl\":\"https:\/\/instytutpolski.pl\/duesseldorf\/wp-content\/uploads\/sites\/5\/2021\/08\/LesArt_Literatur_Sylwia-Chutnik_-Rafal-Leszczynski-2.png\",\"datePublished\":\"2012-03-18T10:45:00+02:00\",\"dateModified\":\"2021-08-05T10:00:45+02:00\",\"author\":{\"@id\":\"https:\/\/instytutpolski.pl\/duesseldorf\/#\/schema\/person\/6b4b76776c5d49a1eb862046e311998e\"},\"breadcrumb\":{\"@id\":\"https:\/\/instytutpolski.pl\/duesseldorf\/2012\/03\/18\/sylwia-chutnik-bei-litcologne-2012\/#breadcrumb\"},\"inLanguage\":\"pl-PL\",\"potentialAction\":[{\"@type\":\"ReadAction\",\"target\":[\"https:\/\/instytutpolski.pl\/duesseldorf\/2012\/03\/18\/sylwia-chutnik-bei-litcologne-2012\/\"]}],\"@context\":\"https:\/\/schema.org\",\"startDate\":\"2012-03-18\",\"endDate\":\"2012-03-18\",\"eventStatus\":\"EventScheduled\",\"eventAttendanceMode\":\"OfflineEventAttendanceMode\",\"location\":{\"@type\":\"place\",\"name\":\"\",\"address\":\"\",\"geo\":{\"@type\":\"GeoCoordinates\",\"latitude\":\"\",\"longitude\":\"\"}},\"description\":\"\u00a0\\nSo 18.03.2012 20.00 UhrWDR, Klaus-von-Bismarck-Saal, Wallrafplatz K\u00f6ln\\nWeibskram\/ Kieszonkowy atlas kobietBuchpremiere bei litCologne:\u00a0http:\/\/www.litcologne.de\/events#Sylwia Chutnik\u00a0(geb. 1979 in Warschau) Kulturwissenschaftlerin, Gender Studies-Absolventin, Autorin, Aktivistin und \u201eradikalen Hausfrau\u201c, Gr\u00fcnderin und Leiterin der Stiftung \u201eMama\u201c, die sich f\u00fcr die Rechte der M\u00fctter in Polen einsetzt. F\u00fcr Ihren Deb\u00fctroman \u201eKieszonkowy atlas kobiet\\\" (\\\"Weibskram) erhielt sie 2008 den Preis der gr\u00f6\u00dften Wochenzeitschrift Polityka \u201ePaszport Polityki\u201c und 2009 wurde sie f\u00fcr den renommierten polnischen Literaturpreis \u201eNIKE\u201c nominiert.Moderation: Olaf K\u00fchlLesung: Johanna Wokalek\"},{\"@type\":\"ImageObject\",\"inLanguage\":\"pl-PL\",\"@id\":\"https:\/\/instytutpolski.pl\/duesseldorf\/2012\/03\/18\/sylwia-chutnik-bei-litcologne-2012\/#primaryimage\",\"url\":\"https:\/\/instytutpolski.pl\/duesseldorf\/wp-content\/uploads\/sites\/5\/2021\/08\/LesArt_Literatur_Sylwia-Chutnik_-Rafal-Leszczynski-2.png\",\"contentUrl\":\"https:\/\/instytutpolski.pl\/duesseldorf\/wp-content\/uploads\/sites\/5\/2021\/08\/LesArt_Literatur_Sylwia-Chutnik_-Rafal-Leszczynski-2.png\",\"width\":895,\"height\":850},{\"@type\":\"BreadcrumbList\",\"@id\":\"https:\/\/instytutpolski.pl\/duesseldorf\/2012\/03\/18\/sylwia-chutnik-bei-litcologne-2012\/#breadcrumb\",\"itemListElement\":[{\"@type\":\"ListItem\",\"position\":1,\"name\":\"Home\",\"item\":\"https:\/\/instytutpolski.pl\/duesseldorf\/\"},{\"@type\":\"ListItem\",\"position\":2,\"name\":\"Sylwia Chutnik bei litCOLOGNE 2012\"}]},{\"@type\":\"WebSite\",\"@id\":\"https:\/\/instytutpolski.pl\/duesseldorf\/#website\",\"url\":\"https:\/\/instytutpolski.pl\/duesseldorf\/\",\"name\":\"Instytut Polski w Dusseldorfie\",\"description\":\"Instytuty Polskie\",\"potentialAction\":[{\"@type\":\"SearchAction\",\"target\":{\"@type\":\"EntryPoint\",\"urlTemplate\":\"https:\/\/instytutpolski.pl\/duesseldorf\/?s={search_term_string}\"},\"query-input\":{\"@type\":\"PropertyValueSpecification\",\"valueRequired\":true,\"valueName\":\"search_term_string\"}}],\"inLanguage\":\"pl-PL\"},{\"@type\":\"Person\",\"@id\":\"https:\/\/instytutpolski.pl\/duesseldorf\/#\/schema\/person\/6b4b76776c5d49a1eb862046e311998e\",\"name\":\"kolinskia\",\"image\":{\"@type\":\"ImageObject\",\"inLanguage\":\"pl-PL\",\"@id\":\"https:\/\/instytutpolski.pl\/duesseldorf\/#\/schema\/person\/image\/\",\"url\":\"https:\/\/secure.gravatar.com\/avatar\/9bb79075402c1d25f1e9e4e8260c2d13?s=96&d=mm&r=g\",\"contentUrl\":\"https:\/\/secure.gravatar.com\/avatar\/9bb79075402c1d25f1e9e4e8260c2d13?s=96&d=mm&r=g\",\"caption\":\"kolinskia\"},\"url\":\"https:\/\/instytutpolski.pl\/duesseldorf\/author\/kolinskia\/\"}]}<\/script>\n<!-- \/ Yoast SEO plugin. -->","yoast_head_json":{"title":"Sylwia Chutnik bei litCOLOGNE 2012 - Instytut Polski w Dusseldorfie","robots":{"index":"index","follow":"follow","max-snippet":"max-snippet:-1","max-image-preview":"max-image-preview:large","max-video-preview":"max-video-preview:-1"},"canonical":"https:\/\/instytutpolski.pl\/duesseldorf\/2012\/03\/18\/sylwia-chutnik-bei-litcologne-2012\/","og_locale":"pl_PL","og_type":"article","og_title":"Sylwia Chutnik bei litCOLOGNE 2012 - Instytut Polski w Dusseldorfie","og_description":"\u00a0 So 18.03.2012 20.00 UhrWDR, Klaus-von-Bismarck-Saal, Wallrafplatz K\u00f6ln Weibskram\/ Kieszonkowy atlas kobietBuchpremiere bei litCologne:\u00a0http:\/\/www.litcologne.de\/events# Sylwia Chutnik\u00a0(geb. 1979 in Warschau) Kulturwissenschaftlerin, Gender Studies-Absolventin, Autorin, Aktivistin und \u201eradikalen Hausfrau\u201c, Gr\u00fcnderin und Leiterin der Stiftung \u201eMama\u201c, die sich f\u00fcr die Rechte der M\u00fctter in Polen einsetzt. F\u00fcr Ihren Deb\u00fctroman \u201eKieszonkowy atlas kobiet&#8221; (&#8222;Weibskram) erhielt sie 2008 den Preis [&hellip;]","og_url":"https:\/\/instytutpolski.pl\/duesseldorf\/2012\/03\/18\/sylwia-chutnik-bei-litcologne-2012\/","og_site_name":"Instytut Polski w Dusseldorfie","article_published_time":"2012-03-18T10:45:00+00:00","article_modified_time":"2021-08-05T10:00:45+00:00","og_image":[{"width":895,"height":850,"url":"https:\/\/instytutpolski.pl\/duesseldorf\/wp-content\/uploads\/sites\/5\/2021\/08\/LesArt_Literatur_Sylwia-Chutnik_-Rafal-Leszczynski-2.png","type":"image\/png"}],"author":"kolinskia","twitter_card":"summary_large_image","twitter_misc":{"Napisane przez":"kolinskia"},"schema":{"@context":"https:\/\/schema.org","@graph":[{"@type":"event","@id":"https:\/\/instytutpolski.pl\/duesseldorf\/2012\/03\/18\/sylwia-chutnik-bei-litcologne-2012\/","url":"https:\/\/instytutpolski.pl\/duesseldorf\/2012\/03\/18\/sylwia-chutnik-bei-litcologne-2012\/","name":"Sylwia Chutnik bei litCOLOGNE 2012","isPartOf":{"@id":"https:\/\/instytutpolski.pl\/duesseldorf\/#website"},"primaryImageOfPage":{"@id":"https:\/\/instytutpolski.pl\/duesseldorf\/2012\/03\/18\/sylwia-chutnik-bei-litcologne-2012\/#primaryimage"},"image":["https:\/\/instytutpolski.pl\/duesseldorf\/wp-content\/uploads\/sites\/5\/2021\/08\/LesArt_Literatur_Sylwia-Chutnik_-Rafal-Leszczynski-2.png","https:\/\/instytutpolski.pl\/duesseldorf\/wp-content\/uploads\/sites\/5\/2021\/08\/LesArt_Literatur_Sylwia-Chutnik_-Rafal-Leszczynski-2-300x285.png","https:\/\/instytutpolski.pl\/duesseldorf\/wp-content\/uploads\/sites\/5\/2021\/08\/LesArt_Literatur_Sylwia-Chutnik_-Rafal-Leszczynski-2.png","https:\/\/instytutpolski.pl\/duesseldorf\/wp-content\/uploads\/sites\/5\/2021\/08\/LesArt_Literatur_Sylwia-Chutnik_-Rafal-Leszczynski-2.png"],"thumbnailUrl":"https:\/\/instytutpolski.pl\/duesseldorf\/wp-content\/uploads\/sites\/5\/2021\/08\/LesArt_Literatur_Sylwia-Chutnik_-Rafal-Leszczynski-2.png","datePublished":"2012-03-18T10:45:00+02:00","dateModified":"2021-08-05T10:00:45+02:00","author":{"@id":"https:\/\/instytutpolski.pl\/duesseldorf\/#\/schema\/person\/6b4b76776c5d49a1eb862046e311998e"},"breadcrumb":{"@id":"https:\/\/instytutpolski.pl\/duesseldorf\/2012\/03\/18\/sylwia-chutnik-bei-litcologne-2012\/#breadcrumb"},"inLanguage":"pl-PL","potentialAction":[{"@type":"ReadAction","target":["https:\/\/instytutpolski.pl\/duesseldorf\/2012\/03\/18\/sylwia-chutnik-bei-litcologne-2012\/"]}],"@context":"https:\/\/schema.org","startDate":"2012-03-18","endDate":"2012-03-18","eventStatus":"EventScheduled","eventAttendanceMode":"OfflineEventAttendanceMode","location":{"@type":"place","name":"","address":"","geo":{"@type":"GeoCoordinates","latitude":"","longitude":""}},"description":"\u00a0\nSo 18.03.2012 20.00 UhrWDR, Klaus-von-Bismarck-Saal, Wallrafplatz K\u00f6ln\nWeibskram\/ Kieszonkowy atlas kobietBuchpremiere bei litCologne:\u00a0http:\/\/www.litcologne.de\/events#Sylwia Chutnik\u00a0(geb. 1979 in Warschau) Kulturwissenschaftlerin, Gender Studies-Absolventin, Autorin, Aktivistin und \u201eradikalen Hausfrau\u201c, Gr\u00fcnderin und Leiterin der Stiftung \u201eMama\u201c, die sich f\u00fcr die Rechte der M\u00fctter in Polen einsetzt. F\u00fcr Ihren Deb\u00fctroman \u201eKieszonkowy atlas kobiet\" (\"Weibskram) erhielt sie 2008 den Preis der gr\u00f6\u00dften Wochenzeitschrift Polityka \u201ePaszport Polityki\u201c und 2009 wurde sie f\u00fcr den renommierten polnischen Literaturpreis \u201eNIKE\u201c nominiert.Moderation: Olaf K\u00fchlLesung: Johanna Wokalek"},{"@type":"ImageObject","inLanguage":"pl-PL","@id":"https:\/\/instytutpolski.pl\/duesseldorf\/2012\/03\/18\/sylwia-chutnik-bei-litcologne-2012\/#primaryimage","url":"https:\/\/instytutpolski.pl\/duesseldorf\/wp-content\/uploads\/sites\/5\/2021\/08\/LesArt_Literatur_Sylwia-Chutnik_-Rafal-Leszczynski-2.png","contentUrl":"https:\/\/instytutpolski.pl\/duesseldorf\/wp-content\/uploads\/sites\/5\/2021\/08\/LesArt_Literatur_Sylwia-Chutnik_-Rafal-Leszczynski-2.png","width":895,"height":850},{"@type":"BreadcrumbList","@id":"https:\/\/instytutpolski.pl\/duesseldorf\/2012\/03\/18\/sylwia-chutnik-bei-litcologne-2012\/#breadcrumb","itemListElement":[{"@type":"ListItem","position":1,"name":"Home","item":"https:\/\/instytutpolski.pl\/duesseldorf\/"},{"@type":"ListItem","position":2,"name":"Sylwia Chutnik bei litCOLOGNE 2012"}]},{"@type":"WebSite","@id":"https:\/\/instytutpolski.pl\/duesseldorf\/#website","url":"https:\/\/instytutpolski.pl\/duesseldorf\/","name":"Instytut Polski w Dusseldorfie","description":"Instytuty Polskie","potentialAction":[{"@type":"SearchAction","target":{"@type":"EntryPoint","urlTemplate":"https:\/\/instytutpolski.pl\/duesseldorf\/?s={search_term_string}"},"query-input":{"@type":"PropertyValueSpecification","valueRequired":true,"valueName":"search_term_string"}}],"inLanguage":"pl-PL"},{"@type":"Person","@id":"https:\/\/instytutpolski.pl\/duesseldorf\/#\/schema\/person\/6b4b76776c5d49a1eb862046e311998e","name":"kolinskia","image":{"@type":"ImageObject","inLanguage":"pl-PL","@id":"https:\/\/instytutpolski.pl\/duesseldorf\/#\/schema\/person\/image\/","url":"https:\/\/secure.gravatar.com\/avatar\/9bb79075402c1d25f1e9e4e8260c2d13?s=96&d=mm&r=g","contentUrl":"https:\/\/secure.gravatar.com\/avatar\/9bb79075402c1d25f1e9e4e8260c2d13?s=96&d=mm&r=g","caption":"kolinskia"},"url":"https:\/\/instytutpolski.pl\/duesseldorf\/author\/kolinskia\/"}]}},"_links":{"self":[{"href":"https:\/\/instytutpolski.pl\/duesseldorf\/wp-json\/wp\/v2\/posts\/5798","targetHints":{"allow":["GET"]}}],"collection":[{"href":"https:\/\/instytutpolski.pl\/duesseldorf\/wp-json\/wp\/v2\/posts"}],"about":[{"href":"https:\/\/instytutpolski.pl\/duesseldorf\/wp-json\/wp\/v2\/types\/post"}],"author":[{"embeddable":true,"href":"https:\/\/instytutpolski.pl\/duesseldorf\/wp-json\/wp\/v2\/users\/103"}],"replies":[{"embeddable":true,"href":"https:\/\/instytutpolski.pl\/duesseldorf\/wp-json\/wp\/v2\/comments?post=5798"}],"version-history":[{"count":1,"href":"https:\/\/instytutpolski.pl\/duesseldorf\/wp-json\/wp\/v2\/posts\/5798\/revisions"}],"predecessor-version":[{"id":5799,"href":"https:\/\/instytutpolski.pl\/duesseldorf\/wp-json\/wp\/v2\/posts\/5798\/revisions\/5799"}],"wp:featuredmedia":[{"embeddable":true,"href":"https:\/\/instytutpolski.pl\/duesseldorf\/wp-json\/wp\/v2\/media\/5729"}],"wp:attachment":[{"href":"https:\/\/instytutpolski.pl\/duesseldorf\/wp-json\/wp\/v2\/media?parent=5798"}],"wp:term":[{"taxonomy":"category","embeddable":true,"href":"https:\/\/instytutpolski.pl\/duesseldorf\/wp-json\/wp\/v2\/categories?post=5798"},{"taxonomy":"post_tag","embeddable":true,"href":"https:\/\/instytutpolski.pl\/duesseldorf\/wp-json\/wp\/v2\/tags?post=5798"}],"curies":[{"name":"wp","href":"https:\/\/api.w.org\/{rel}","templated":true}]}}