{"id":5851,"date":"2010-08-31T13:16:00","date_gmt":"2010-08-31T11:16:00","guid":{"rendered":"https:\/\/instytutpolski.pl\/duesseldorf\/?p=5851"},"modified":"2021-08-06T13:21:24","modified_gmt":"2021-08-06T11:21:24","slug":"wanderer-der-nacht-eine-literarische-reportage-uber-afrika-lesung-und-autorengesprach-mit-dem-journalisten-der-gazeta-wyborcza-wojciech-jagielski-2","status":"publish","type":"post","link":"https:\/\/instytutpolski.pl\/duesseldorf\/2010\/08\/31\/wanderer-der-nacht-eine-literarische-reportage-uber-afrika-lesung-und-autorengesprach-mit-dem-journalisten-der-gazeta-wyborcza-wojciech-jagielski-2\/","title":{"rendered":"WANDERER DER NACHT. EINE LITERARISCHE REPORTAGE \u00dcBER AFRIKA. Lesung und Autorengespr\u00e4ch mit dem Journalisten der &#8222;Gazeta Wyborcza&#8221; WOJCIECH JAGIELSKI"},"content":{"rendered":"\n<h3 class=\"h3_title\">\u00a0<\/h3>\n<div class=\"edytor programm\">\n<p class=\"news-info\"><strong>Di 31.08.2010 &#8211; Do 02.09.2010 <\/strong>D\u00fcsseldorf, Essen, Dortmund<\/p>\nIn seinem neuesten Buch nimmt Jagielski den Leser mit auf eine finstere Reise nach Uganda. Er berichtet \u00fcber das von drei\u00dfig Jahre B\u00fcrgerkrieg gezeichnete Land, das von habgierigen und brutalen Despoten regiert wird, \u00fcber Kindersoldaten, die gleichzeitig Kriegsopfer und Kriegsverbrecher sind, und \u00fcber eine unfassbare Geisterwelt, an deren Einfluss auf die Wirklichkeit die Ugander fest glauben. Besonders eindrucksvoll sind seine Portr\u00e4ts von Kindersoldaten und von Partisanen, die fliehen konnten und jetzt mit ihrem Trauma leben m\u00fcssen. Sie verstecken sich vor dem Milit\u00e4r oder den Guerilleros, schleichen sich nachts aus den D\u00f6rfern in die St\u00e4dte, wo sie sicherer sind, um am Morgen wieder zur\u00fcckzukehren \u2013 sie sind die \u00bbWanderer der Nacht\u00ab.<br \/><br \/>&#8222;Das Werk Jagielskis ist eine konsequente Fortf\u00fchrung, eine vorz\u00fcgliche Weiterentwicklung und Bereicherung all dessen, was in der polnischen und europ\u00e4ischen Reportage am besten ist&#8221;. Ryszard Kapu\u015bci\u0144ski<\/div>\n","protected":false},"excerpt":{"rendered":"<p>\u00a0 Di 31.08.2010 &#8211; Do 02.09.2010 D\u00fcsseldorf, Essen, Dortmund In seinem neuesten Buch nimmt Jagielski den Leser mit auf eine finstere Reise nach Uganda. Er berichtet \u00fcber das von drei\u00dfig Jahre B\u00fcrgerkrieg gezeichnete Land, das von habgierigen und brutalen Despoten regiert wird, \u00fcber Kindersoldaten, die gleichzeitig Kriegsopfer und Kriegsverbrecher sind, und \u00fcber eine unfassbare Geisterwelt, [&hellip;]<\/p>\n","protected":false},"author":103,"featured_media":5708,"comment_status":"open","ping_status":"open","sticky":false,"template":"","format":"standard","meta":{"inline_featured_image":false,"_monsterinsights_skip_tracking":false,"_monsterinsights_sitenote_active":false,"_monsterinsights_sitenote_note":"","_monsterinsights_sitenote_category":0,"footnotes":""},"categories":[10,103],"tags":[],"class_list":["post-5851","post","type-post","status-publish","format-standard","has-post-thumbnail","hentry","category-literatur","category-programm"],"yoast_head":"<!-- This site is optimized with the Yoast SEO plugin v24.6 - https:\/\/yoast.com\/wordpress\/plugins\/seo\/ -->\n<title>WANDERER DER NACHT. EINE LITERARISCHE REPORTAGE \u00dcBER AFRIKA. Lesung und Autorengespr\u00e4ch mit dem Journalisten der &quot;Gazeta Wyborcza&quot; WOJCIECH JAGIELSKI - Instytut Polski w Dusseldorfie<\/title>\n<meta name=\"robots\" content=\"index, follow, max-snippet:-1, max-image-preview:large, max-video-preview:-1\" \/>\n<link rel=\"canonical\" href=\"https:\/\/instytutpolski.pl\/duesseldorf\/2010\/08\/31\/wanderer-der-nacht-eine-literarische-reportage-uber-afrika-lesung-und-autorengesprach-mit-dem-journalisten-der-gazeta-wyborcza-wojciech-jagielski-2\/\" \/>\n<meta property=\"og:locale\" content=\"pl_PL\" \/>\n<meta property=\"og:type\" content=\"article\" \/>\n<meta property=\"og:title\" content=\"WANDERER DER NACHT. EINE LITERARISCHE REPORTAGE \u00dcBER AFRIKA. Lesung und Autorengespr\u00e4ch mit dem Journalisten der &quot;Gazeta Wyborcza&quot; WOJCIECH JAGIELSKI - Instytut Polski w Dusseldorfie\" \/>\n<meta property=\"og:description\" content=\"\u00a0 Di 31.08.2010 &#8211; Do 02.09.2010 D\u00fcsseldorf, Essen, Dortmund In seinem neuesten Buch nimmt Jagielski den Leser mit auf eine finstere Reise nach Uganda. Er berichtet \u00fcber das von drei\u00dfig Jahre B\u00fcrgerkrieg gezeichnete Land, das von habgierigen und brutalen Despoten regiert wird, \u00fcber Kindersoldaten, die gleichzeitig Kriegsopfer und Kriegsverbrecher sind, und \u00fcber eine unfassbare Geisterwelt, [&hellip;]\" \/>\n<meta property=\"og:url\" content=\"https:\/\/instytutpolski.pl\/duesseldorf\/2010\/08\/31\/wanderer-der-nacht-eine-literarische-reportage-uber-afrika-lesung-und-autorengesprach-mit-dem-journalisten-der-gazeta-wyborcza-wojciech-jagielski-2\/\" \/>\n<meta property=\"og:site_name\" content=\"Instytut Polski w Dusseldorfie\" \/>\n<meta property=\"article:published_time\" content=\"2010-08-31T11:16:00+00:00\" \/>\n<meta property=\"article:modified_time\" content=\"2021-08-06T11:21:24+00:00\" \/>\n<meta property=\"og:image\" content=\"https:\/\/instytutpolski.pl\/duesseldorf\/wp-content\/uploads\/sites\/5\/2021\/08\/Jagielski_Wojciech_Foto-\u00a9-Krzystzof-Miller-Agencja-Gazeta.jpg\" \/>\n\t<meta property=\"og:image:width\" content=\"667\" \/>\n\t<meta property=\"og:image:height\" content=\"1000\" \/>\n\t<meta property=\"og:image:type\" content=\"image\/jpeg\" \/>\n<meta name=\"author\" content=\"kolinskia\" \/>\n<meta name=\"twitter:card\" content=\"summary_large_image\" \/>\n<meta name=\"twitter:label1\" content=\"Napisane przez\" \/>\n\t<meta name=\"twitter:data1\" content=\"kolinskia\" \/>\n\t<meta name=\"twitter:label2\" content=\"Szacowany czas czytania\" \/>\n\t<meta name=\"twitter:data2\" content=\"1 minuta\" \/>\n<script type=\"application\/ld+json\" class=\"yoast-schema-graph\">{\"@context\":\"https:\/\/schema.org\",\"@graph\":[{\"@type\":\"event\",\"@id\":\"https:\/\/instytutpolski.pl\/duesseldorf\/2010\/08\/31\/wanderer-der-nacht-eine-literarische-reportage-uber-afrika-lesung-und-autorengesprach-mit-dem-journalisten-der-gazeta-wyborcza-wojciech-jagielski-2\/\",\"url\":\"https:\/\/instytutpolski.pl\/duesseldorf\/2010\/08\/31\/wanderer-der-nacht-eine-literarische-reportage-uber-afrika-lesung-und-autorengesprach-mit-dem-journalisten-der-gazeta-wyborcza-wojciech-jagielski-2\/\",\"name\":\"WANDERER DER NACHT. EINE LITERARISCHE REPORTAGE \u00dcBER AFRIKA. Lesung und Autorengespr\u00e4ch mit dem Journalisten der \\\"Gazeta Wyborcza\\\" WOJCIECH JAGIELSKI\",\"isPartOf\":{\"@id\":\"https:\/\/instytutpolski.pl\/duesseldorf\/#website\"},\"primaryImageOfPage\":{\"@id\":\"https:\/\/instytutpolski.pl\/duesseldorf\/2010\/08\/31\/wanderer-der-nacht-eine-literarische-reportage-uber-afrika-lesung-und-autorengesprach-mit-dem-journalisten-der-gazeta-wyborcza-wojciech-jagielski-2\/#primaryimage\"},\"image\":[\"https:\/\/instytutpolski.pl\/duesseldorf\/wp-content\/uploads\/sites\/5\/2021\/08\/Jagielski_Wojciech_Foto-\u00a9-Krzystzof-Miller-Agencja-Gazeta.jpg\",\"https:\/\/instytutpolski.pl\/duesseldorf\/wp-content\/uploads\/sites\/5\/2021\/08\/Jagielski_Wojciech_Foto-\u00a9-Krzystzof-Miller-Agencja-Gazeta-200x300.jpg\",\"https:\/\/instytutpolski.pl\/duesseldorf\/wp-content\/uploads\/sites\/5\/2021\/08\/Jagielski_Wojciech_Foto-\u00a9-Krzystzof-Miller-Agencja-Gazeta.jpg\",\"https:\/\/instytutpolski.pl\/duesseldorf\/wp-content\/uploads\/sites\/5\/2021\/08\/Jagielski_Wojciech_Foto-\u00a9-Krzystzof-Miller-Agencja-Gazeta.jpg\"],\"thumbnailUrl\":\"https:\/\/instytutpolski.pl\/duesseldorf\/wp-content\/uploads\/sites\/5\/2021\/08\/Jagielski_Wojciech_Foto-\u00a9-Krzystzof-Miller-Agencja-Gazeta.jpg\",\"datePublished\":\"2010-08-31T11:16:00+02:00\",\"dateModified\":\"2021-08-06T11:21:24+02:00\",\"author\":{\"@id\":\"https:\/\/instytutpolski.pl\/duesseldorf\/#\/schema\/person\/6b4b76776c5d49a1eb862046e311998e\"},\"breadcrumb\":{\"@id\":\"https:\/\/instytutpolski.pl\/duesseldorf\/2010\/08\/31\/wanderer-der-nacht-eine-literarische-reportage-uber-afrika-lesung-und-autorengesprach-mit-dem-journalisten-der-gazeta-wyborcza-wojciech-jagielski-2\/#breadcrumb\"},\"inLanguage\":\"pl-PL\",\"potentialAction\":[{\"@type\":\"ReadAction\",\"target\":[\"https:\/\/instytutpolski.pl\/duesseldorf\/2010\/08\/31\/wanderer-der-nacht-eine-literarische-reportage-uber-afrika-lesung-und-autorengesprach-mit-dem-journalisten-der-gazeta-wyborcza-wojciech-jagielski-2\/\"]}],\"@context\":\"https:\/\/schema.org\",\"startDate\":\"2010-08-31\",\"endDate\":\"2010-09-02\",\"eventStatus\":\"EventScheduled\",\"eventAttendanceMode\":\"OfflineEventAttendanceMode\",\"location\":{\"@type\":\"place\",\"name\":\"\",\"address\":\"\",\"geo\":{\"@type\":\"GeoCoordinates\",\"latitude\":\"\",\"longitude\":\"\"}},\"description\":\"\u00a0\\nDi 31.08.2010 - Do 02.09.2010 D\u00fcsseldorf, Essen, Dortmund\\nIn seinem neuesten Buch nimmt Jagielski den Leser mit auf eine finstere Reise nach Uganda. Er berichtet \u00fcber das von drei\u00dfig Jahre B\u00fcrgerkrieg gezeichnete Land, das von habgierigen und brutalen Despoten regiert wird, \u00fcber Kindersoldaten, die gleichzeitig Kriegsopfer und Kriegsverbrecher sind, und \u00fcber eine unfassbare Geisterwelt, an deren Einfluss auf die Wirklichkeit die Ugander fest glauben. Besonders eindrucksvoll sind seine Portr\u00e4ts von Kindersoldaten und von Partisanen, die fliehen konnten und jetzt mit ihrem Trauma leben m\u00fcssen. Sie verstecken sich vor dem Milit\u00e4r oder den Guerilleros, schleichen sich nachts aus den D\u00f6rfern in die St\u00e4dte, wo sie sicherer sind, um am Morgen wieder zur\u00fcckzukehren \u2013 sie sind die \u00bbWanderer der Nacht\u00ab.\\\"Das Werk Jagielskis ist eine konsequente Fortf\u00fchrung, eine vorz\u00fcgliche Weiterentwicklung und Bereicherung all dessen, was in der polnischen und europ\u00e4ischen Reportage am besten ist\\\". Ryszard Kapu\u015bci\u0144ski\"},{\"@type\":\"ImageObject\",\"inLanguage\":\"pl-PL\",\"@id\":\"https:\/\/instytutpolski.pl\/duesseldorf\/2010\/08\/31\/wanderer-der-nacht-eine-literarische-reportage-uber-afrika-lesung-und-autorengesprach-mit-dem-journalisten-der-gazeta-wyborcza-wojciech-jagielski-2\/#primaryimage\",\"url\":\"https:\/\/instytutpolski.pl\/duesseldorf\/wp-content\/uploads\/sites\/5\/2021\/08\/Jagielski_Wojciech_Foto-\u00a9-Krzystzof-Miller-Agencja-Gazeta.jpg\",\"contentUrl\":\"https:\/\/instytutpolski.pl\/duesseldorf\/wp-content\/uploads\/sites\/5\/2021\/08\/Jagielski_Wojciech_Foto-\u00a9-Krzystzof-Miller-Agencja-Gazeta.jpg\",\"width\":667,\"height\":1000,\"caption\":\"02-27.10.2001 AFGANISTAN - SOJUSZ POLNOCNY FOT. KRZYSZTOF MILLER \/ AGENCJA GAZETA KM7035\"},{\"@type\":\"BreadcrumbList\",\"@id\":\"https:\/\/instytutpolski.pl\/duesseldorf\/2010\/08\/31\/wanderer-der-nacht-eine-literarische-reportage-uber-afrika-lesung-und-autorengesprach-mit-dem-journalisten-der-gazeta-wyborcza-wojciech-jagielski-2\/#breadcrumb\",\"itemListElement\":[{\"@type\":\"ListItem\",\"position\":1,\"name\":\"Home\",\"item\":\"https:\/\/instytutpolski.pl\/duesseldorf\/\"},{\"@type\":\"ListItem\",\"position\":2,\"name\":\"WANDERER DER NACHT. EINE LITERARISCHE REPORTAGE \u00dcBER AFRIKA. Lesung und Autorengespr\u00e4ch mit dem Journalisten der &#8222;Gazeta Wyborcza&#8220; WOJCIECH JAGIELSKI\"}]},{\"@type\":\"WebSite\",\"@id\":\"https:\/\/instytutpolski.pl\/duesseldorf\/#website\",\"url\":\"https:\/\/instytutpolski.pl\/duesseldorf\/\",\"name\":\"Instytut Polski w Dusseldorfie\",\"description\":\"Instytuty Polskie\",\"potentialAction\":[{\"@type\":\"SearchAction\",\"target\":{\"@type\":\"EntryPoint\",\"urlTemplate\":\"https:\/\/instytutpolski.pl\/duesseldorf\/?s={search_term_string}\"},\"query-input\":{\"@type\":\"PropertyValueSpecification\",\"valueRequired\":true,\"valueName\":\"search_term_string\"}}],\"inLanguage\":\"pl-PL\"},{\"@type\":\"Person\",\"@id\":\"https:\/\/instytutpolski.pl\/duesseldorf\/#\/schema\/person\/6b4b76776c5d49a1eb862046e311998e\",\"name\":\"kolinskia\",\"image\":{\"@type\":\"ImageObject\",\"inLanguage\":\"pl-PL\",\"@id\":\"https:\/\/instytutpolski.pl\/duesseldorf\/#\/schema\/person\/image\/\",\"url\":\"https:\/\/secure.gravatar.com\/avatar\/9bb79075402c1d25f1e9e4e8260c2d13?s=96&d=mm&r=g\",\"contentUrl\":\"https:\/\/secure.gravatar.com\/avatar\/9bb79075402c1d25f1e9e4e8260c2d13?s=96&d=mm&r=g\",\"caption\":\"kolinskia\"},\"url\":\"https:\/\/instytutpolski.pl\/duesseldorf\/author\/kolinskia\/\"}]}<\/script>\n<!-- \/ Yoast SEO plugin. -->","yoast_head_json":{"title":"WANDERER DER NACHT. EINE LITERARISCHE REPORTAGE \u00dcBER AFRIKA. Lesung und Autorengespr\u00e4ch mit dem Journalisten der \"Gazeta Wyborcza\" WOJCIECH JAGIELSKI - Instytut Polski w Dusseldorfie","robots":{"index":"index","follow":"follow","max-snippet":"max-snippet:-1","max-image-preview":"max-image-preview:large","max-video-preview":"max-video-preview:-1"},"canonical":"https:\/\/instytutpolski.pl\/duesseldorf\/2010\/08\/31\/wanderer-der-nacht-eine-literarische-reportage-uber-afrika-lesung-und-autorengesprach-mit-dem-journalisten-der-gazeta-wyborcza-wojciech-jagielski-2\/","og_locale":"pl_PL","og_type":"article","og_title":"WANDERER DER NACHT. EINE LITERARISCHE REPORTAGE \u00dcBER AFRIKA. Lesung und Autorengespr\u00e4ch mit dem Journalisten der \"Gazeta Wyborcza\" WOJCIECH JAGIELSKI - Instytut Polski w Dusseldorfie","og_description":"\u00a0 Di 31.08.2010 &#8211; Do 02.09.2010 D\u00fcsseldorf, Essen, Dortmund In seinem neuesten Buch nimmt Jagielski den Leser mit auf eine finstere Reise nach Uganda. Er berichtet \u00fcber das von drei\u00dfig Jahre B\u00fcrgerkrieg gezeichnete Land, das von habgierigen und brutalen Despoten regiert wird, \u00fcber Kindersoldaten, die gleichzeitig Kriegsopfer und Kriegsverbrecher sind, und \u00fcber eine unfassbare Geisterwelt, [&hellip;]","og_url":"https:\/\/instytutpolski.pl\/duesseldorf\/2010\/08\/31\/wanderer-der-nacht-eine-literarische-reportage-uber-afrika-lesung-und-autorengesprach-mit-dem-journalisten-der-gazeta-wyborcza-wojciech-jagielski-2\/","og_site_name":"Instytut Polski w Dusseldorfie","article_published_time":"2010-08-31T11:16:00+00:00","article_modified_time":"2021-08-06T11:21:24+00:00","og_image":[{"width":667,"height":1000,"url":"https:\/\/instytutpolski.pl\/duesseldorf\/wp-content\/uploads\/sites\/5\/2021\/08\/Jagielski_Wojciech_Foto-\u00a9-Krzystzof-Miller-Agencja-Gazeta.jpg","type":"image\/jpeg"}],"author":"kolinskia","twitter_card":"summary_large_image","twitter_misc":{"Napisane przez":"kolinskia","Szacowany czas czytania":"1 minuta"},"schema":{"@context":"https:\/\/schema.org","@graph":[{"@type":"event","@id":"https:\/\/instytutpolski.pl\/duesseldorf\/2010\/08\/31\/wanderer-der-nacht-eine-literarische-reportage-uber-afrika-lesung-und-autorengesprach-mit-dem-journalisten-der-gazeta-wyborcza-wojciech-jagielski-2\/","url":"https:\/\/instytutpolski.pl\/duesseldorf\/2010\/08\/31\/wanderer-der-nacht-eine-literarische-reportage-uber-afrika-lesung-und-autorengesprach-mit-dem-journalisten-der-gazeta-wyborcza-wojciech-jagielski-2\/","name":"WANDERER DER NACHT. EINE LITERARISCHE REPORTAGE \u00dcBER AFRIKA. Lesung und Autorengespr\u00e4ch mit dem Journalisten der \"Gazeta Wyborcza\" WOJCIECH JAGIELSKI","isPartOf":{"@id":"https:\/\/instytutpolski.pl\/duesseldorf\/#website"},"primaryImageOfPage":{"@id":"https:\/\/instytutpolski.pl\/duesseldorf\/2010\/08\/31\/wanderer-der-nacht-eine-literarische-reportage-uber-afrika-lesung-und-autorengesprach-mit-dem-journalisten-der-gazeta-wyborcza-wojciech-jagielski-2\/#primaryimage"},"image":["https:\/\/instytutpolski.pl\/duesseldorf\/wp-content\/uploads\/sites\/5\/2021\/08\/Jagielski_Wojciech_Foto-\u00a9-Krzystzof-Miller-Agencja-Gazeta.jpg","https:\/\/instytutpolski.pl\/duesseldorf\/wp-content\/uploads\/sites\/5\/2021\/08\/Jagielski_Wojciech_Foto-\u00a9-Krzystzof-Miller-Agencja-Gazeta-200x300.jpg","https:\/\/instytutpolski.pl\/duesseldorf\/wp-content\/uploads\/sites\/5\/2021\/08\/Jagielski_Wojciech_Foto-\u00a9-Krzystzof-Miller-Agencja-Gazeta.jpg","https:\/\/instytutpolski.pl\/duesseldorf\/wp-content\/uploads\/sites\/5\/2021\/08\/Jagielski_Wojciech_Foto-\u00a9-Krzystzof-Miller-Agencja-Gazeta.jpg"],"thumbnailUrl":"https:\/\/instytutpolski.pl\/duesseldorf\/wp-content\/uploads\/sites\/5\/2021\/08\/Jagielski_Wojciech_Foto-\u00a9-Krzystzof-Miller-Agencja-Gazeta.jpg","datePublished":"2010-08-31T11:16:00+02:00","dateModified":"2021-08-06T11:21:24+02:00","author":{"@id":"https:\/\/instytutpolski.pl\/duesseldorf\/#\/schema\/person\/6b4b76776c5d49a1eb862046e311998e"},"breadcrumb":{"@id":"https:\/\/instytutpolski.pl\/duesseldorf\/2010\/08\/31\/wanderer-der-nacht-eine-literarische-reportage-uber-afrika-lesung-und-autorengesprach-mit-dem-journalisten-der-gazeta-wyborcza-wojciech-jagielski-2\/#breadcrumb"},"inLanguage":"pl-PL","potentialAction":[{"@type":"ReadAction","target":["https:\/\/instytutpolski.pl\/duesseldorf\/2010\/08\/31\/wanderer-der-nacht-eine-literarische-reportage-uber-afrika-lesung-und-autorengesprach-mit-dem-journalisten-der-gazeta-wyborcza-wojciech-jagielski-2\/"]}],"@context":"https:\/\/schema.org","startDate":"2010-08-31","endDate":"2010-09-02","eventStatus":"EventScheduled","eventAttendanceMode":"OfflineEventAttendanceMode","location":{"@type":"place","name":"","address":"","geo":{"@type":"GeoCoordinates","latitude":"","longitude":""}},"description":"\u00a0\nDi 31.08.2010 - Do 02.09.2010 D\u00fcsseldorf, Essen, Dortmund\nIn seinem neuesten Buch nimmt Jagielski den Leser mit auf eine finstere Reise nach Uganda. Er berichtet \u00fcber das von drei\u00dfig Jahre B\u00fcrgerkrieg gezeichnete Land, das von habgierigen und brutalen Despoten regiert wird, \u00fcber Kindersoldaten, die gleichzeitig Kriegsopfer und Kriegsverbrecher sind, und \u00fcber eine unfassbare Geisterwelt, an deren Einfluss auf die Wirklichkeit die Ugander fest glauben. Besonders eindrucksvoll sind seine Portr\u00e4ts von Kindersoldaten und von Partisanen, die fliehen konnten und jetzt mit ihrem Trauma leben m\u00fcssen. Sie verstecken sich vor dem Milit\u00e4r oder den Guerilleros, schleichen sich nachts aus den D\u00f6rfern in die St\u00e4dte, wo sie sicherer sind, um am Morgen wieder zur\u00fcckzukehren \u2013 sie sind die \u00bbWanderer der Nacht\u00ab.\"Das Werk Jagielskis ist eine konsequente Fortf\u00fchrung, eine vorz\u00fcgliche Weiterentwicklung und Bereicherung all dessen, was in der polnischen und europ\u00e4ischen Reportage am besten ist\". Ryszard Kapu\u015bci\u0144ski"},{"@type":"ImageObject","inLanguage":"pl-PL","@id":"https:\/\/instytutpolski.pl\/duesseldorf\/2010\/08\/31\/wanderer-der-nacht-eine-literarische-reportage-uber-afrika-lesung-und-autorengesprach-mit-dem-journalisten-der-gazeta-wyborcza-wojciech-jagielski-2\/#primaryimage","url":"https:\/\/instytutpolski.pl\/duesseldorf\/wp-content\/uploads\/sites\/5\/2021\/08\/Jagielski_Wojciech_Foto-\u00a9-Krzystzof-Miller-Agencja-Gazeta.jpg","contentUrl":"https:\/\/instytutpolski.pl\/duesseldorf\/wp-content\/uploads\/sites\/5\/2021\/08\/Jagielski_Wojciech_Foto-\u00a9-Krzystzof-Miller-Agencja-Gazeta.jpg","width":667,"height":1000,"caption":"02-27.10.2001 AFGANISTAN - SOJUSZ POLNOCNY FOT. KRZYSZTOF MILLER \/ AGENCJA GAZETA KM7035"},{"@type":"BreadcrumbList","@id":"https:\/\/instytutpolski.pl\/duesseldorf\/2010\/08\/31\/wanderer-der-nacht-eine-literarische-reportage-uber-afrika-lesung-und-autorengesprach-mit-dem-journalisten-der-gazeta-wyborcza-wojciech-jagielski-2\/#breadcrumb","itemListElement":[{"@type":"ListItem","position":1,"name":"Home","item":"https:\/\/instytutpolski.pl\/duesseldorf\/"},{"@type":"ListItem","position":2,"name":"WANDERER DER NACHT. EINE LITERARISCHE REPORTAGE \u00dcBER AFRIKA. Lesung und Autorengespr\u00e4ch mit dem Journalisten der &#8222;Gazeta Wyborcza&#8220; WOJCIECH JAGIELSKI"}]},{"@type":"WebSite","@id":"https:\/\/instytutpolski.pl\/duesseldorf\/#website","url":"https:\/\/instytutpolski.pl\/duesseldorf\/","name":"Instytut Polski w Dusseldorfie","description":"Instytuty Polskie","potentialAction":[{"@type":"SearchAction","target":{"@type":"EntryPoint","urlTemplate":"https:\/\/instytutpolski.pl\/duesseldorf\/?s={search_term_string}"},"query-input":{"@type":"PropertyValueSpecification","valueRequired":true,"valueName":"search_term_string"}}],"inLanguage":"pl-PL"},{"@type":"Person","@id":"https:\/\/instytutpolski.pl\/duesseldorf\/#\/schema\/person\/6b4b76776c5d49a1eb862046e311998e","name":"kolinskia","image":{"@type":"ImageObject","inLanguage":"pl-PL","@id":"https:\/\/instytutpolski.pl\/duesseldorf\/#\/schema\/person\/image\/","url":"https:\/\/secure.gravatar.com\/avatar\/9bb79075402c1d25f1e9e4e8260c2d13?s=96&d=mm&r=g","contentUrl":"https:\/\/secure.gravatar.com\/avatar\/9bb79075402c1d25f1e9e4e8260c2d13?s=96&d=mm&r=g","caption":"kolinskia"},"url":"https:\/\/instytutpolski.pl\/duesseldorf\/author\/kolinskia\/"}]}},"_links":{"self":[{"href":"https:\/\/instytutpolski.pl\/duesseldorf\/wp-json\/wp\/v2\/posts\/5851","targetHints":{"allow":["GET"]}}],"collection":[{"href":"https:\/\/instytutpolski.pl\/duesseldorf\/wp-json\/wp\/v2\/posts"}],"about":[{"href":"https:\/\/instytutpolski.pl\/duesseldorf\/wp-json\/wp\/v2\/types\/post"}],"author":[{"embeddable":true,"href":"https:\/\/instytutpolski.pl\/duesseldorf\/wp-json\/wp\/v2\/users\/103"}],"replies":[{"embeddable":true,"href":"https:\/\/instytutpolski.pl\/duesseldorf\/wp-json\/wp\/v2\/comments?post=5851"}],"version-history":[{"count":1,"href":"https:\/\/instytutpolski.pl\/duesseldorf\/wp-json\/wp\/v2\/posts\/5851\/revisions"}],"predecessor-version":[{"id":5852,"href":"https:\/\/instytutpolski.pl\/duesseldorf\/wp-json\/wp\/v2\/posts\/5851\/revisions\/5852"}],"wp:featuredmedia":[{"embeddable":true,"href":"https:\/\/instytutpolski.pl\/duesseldorf\/wp-json\/wp\/v2\/media\/5708"}],"wp:attachment":[{"href":"https:\/\/instytutpolski.pl\/duesseldorf\/wp-json\/wp\/v2\/media?parent=5851"}],"wp:term":[{"taxonomy":"category","embeddable":true,"href":"https:\/\/instytutpolski.pl\/duesseldorf\/wp-json\/wp\/v2\/categories?post=5851"},{"taxonomy":"post_tag","embeddable":true,"href":"https:\/\/instytutpolski.pl\/duesseldorf\/wp-json\/wp\/v2\/tags?post=5851"}],"curies":[{"name":"wp","href":"https:\/\/api.w.org\/{rel}","templated":true}]}}