{"id":6031,"date":"2021-10-04T13:46:00","date_gmt":"2021-10-04T11:46:00","guid":{"rendered":"https:\/\/instytutpolski.pl\/duesseldorf\/?p=6031"},"modified":"2021-10-20T10:49:21","modified_gmt":"2021-10-20T08:49:21","slug":"andrzej-munk-der-polnische-citizen-kane","status":"publish","type":"post","link":"https:\/\/instytutpolski.pl\/duesseldorf\/2021\/10\/04\/andrzej-munk-der-polnische-citizen-kane\/","title":{"rendered":"Andrzej Munk &#8211; der polnische Citizen Kane"},"content":{"rendered":"\n<figure class=\"wp-block-gallery columns-2 is-cropped wp-block-gallery-1 is-layout-flex wp-block-gallery-is-layout-flex\"><ul class=\"blocks-gallery-grid\"><li class=\"blocks-gallery-item\"><figure><img loading=\"lazy\" decoding=\"async\" width=\"960\" height=\"540\" src=\"https:\/\/instytutpolski.pl\/duesseldorf\/wp-content\/uploads\/sites\/5\/2021\/10\/Kazimierz-Opalinski-im-Film-Der-Mann-auf-den-Schienen-1.jpg\" alt=\"\" data-id=\"6033\" data-link=\"https:\/\/instytutpolski.pl\/duesseldorf\/?attachment_id=6033\" class=\"wp-image-6033\" srcset=\"https:\/\/instytutpolski.pl\/duesseldorf\/wp-content\/uploads\/sites\/5\/2021\/10\/Kazimierz-Opalinski-im-Film-Der-Mann-auf-den-Schienen-1.jpg 960w, https:\/\/instytutpolski.pl\/duesseldorf\/wp-content\/uploads\/sites\/5\/2021\/10\/Kazimierz-Opalinski-im-Film-Der-Mann-auf-den-Schienen-1-300x169.jpg 300w, https:\/\/instytutpolski.pl\/duesseldorf\/wp-content\/uploads\/sites\/5\/2021\/10\/Kazimierz-Opalinski-im-Film-Der-Mann-auf-den-Schienen-1-768x432.jpg 768w\" sizes=\"auto, (max-width: 960px) 100vw, 960px\" \/><figcaption class=\"blocks-gallery-item__caption\">Kazimierz Opali\u0144ski im Film Der Mann auf den Schienen, WFDiF<\/figcaption><\/figure><\/li><li class=\"blocks-gallery-item\"><figure><img loading=\"lazy\" decoding=\"async\" width=\"921\" height=\"576\" src=\"https:\/\/instytutpolski.pl\/duesseldorf\/wp-content\/uploads\/sites\/5\/2021\/10\/Aleksandra-Slaska-im-Film-Die-Passagierin-1.jpg\" alt=\"\" data-id=\"6034\" data-full-url=\"https:\/\/instytutpolski.pl\/duesseldorf\/wp-content\/uploads\/sites\/5\/2021\/10\/Aleksandra-Slaska-im-Film-Die-Passagierin-1.jpg\" data-link=\"https:\/\/instytutpolski.pl\/duesseldorf\/?attachment_id=6034\" class=\"wp-image-6034\" srcset=\"https:\/\/instytutpolski.pl\/duesseldorf\/wp-content\/uploads\/sites\/5\/2021\/10\/Aleksandra-Slaska-im-Film-Die-Passagierin-1.jpg 921w, https:\/\/instytutpolski.pl\/duesseldorf\/wp-content\/uploads\/sites\/5\/2021\/10\/Aleksandra-Slaska-im-Film-Die-Passagierin-1-300x188.jpg 300w, https:\/\/instytutpolski.pl\/duesseldorf\/wp-content\/uploads\/sites\/5\/2021\/10\/Aleksandra-Slaska-im-Film-Die-Passagierin-1-768x480.jpg 768w\" sizes=\"auto, (max-width: 921px) 100vw, 921px\" \/><figcaption class=\"blocks-gallery-item__caption\">Aleksandra Sl\u0105ska im Film Die Passagierin, WFDiF Warszawa<\/figcaption><\/figure><\/li><\/ul><\/figure>\n\n\n\n<p>In der Reihe Stationen der Filmgeschichte<br \/><br \/><strong>Andrzej Munk \u2013 der polnische Citizen Kane<\/strong><br \/><strong>Doppelprogramm zum 100. Geburtstag des Regisseurs<\/strong><br \/><br \/><strong>Mann auf den Schienen \/ Cz\u0142owiek na torze<\/strong><br \/><strong>Die Passagierin \/ Pasa\u017cerka<\/strong><br \/><strong>Einf\u00fchrung: Daniel Kothenschulte (<\/strong><a href=\"https:\/\/de.wikipedia.org\/wiki\/Filmkritiker\"><strong>Filmkritiker<\/strong><\/a><strong>, Kurator und <\/strong><a href=\"https:\/\/de.wikipedia.org\/wiki\/Filmwissenschaft\"><strong>Filmwissenschaftler<\/strong><\/a><strong>)<\/strong><br \/><strong><br \/>Dienstag, 12.10.2021, 20:00 Uhr<\/strong><br \/><strong>Black Box Kino im Filmmuseum der Landeshauptstadt D\u00fcsseldorf, Schulstrasse 4, 40213 D\u00fcsseldorf<\/strong><br \/><br \/><br \/><strong>Der Mann auf den Schienen \/ Cz\u0142owiek na torze<\/strong><br \/><br \/>Der Film erz\u00e4hlt die Geschichte des erfahrenen Lokf\u00fchrers W\u0142adys\u0142aw Orzechowski, der wegen eines falschen Sabotage-Vorwurfs entlassen wird. Kurz darauf verungl\u00fcckt er in einem Bahnhofsgebiet t\u00f6dlich. Eine Kommission wird einberufen, um den Ungl\u00fcckshergang zu ermitteln. W\u0142adys\u0142aws Arbeitskollegen stellen ihn aus ihrer eigenen subjektiven Perspektive dar. Ihre widerspr\u00fcchlichen Aussagen erschweren die Ermittlungen. Andrzej Munk erz\u00e4hlt die Geschichte fast ausschlie\u00dflich in <a href=\"https:\/\/dewiki.de\/Lexikon\/R%c3%bcckblende\">R\u00fcckblenden<\/a>, die an Orson Welles&#8217; <em>Citizen Kane<\/em> (1941) oder Akira Kurosawas <em>Rashomon<\/em> (1950) erinnern. Zus\u00e4tzlich brachte der <em>Der Mann auf den Schienen <\/em>einen neuen Blick auf die Realit\u00e4t des von der kommunistischen Propaganda gepr\u00e4gten Polens Mitte der 1950er Jahre ein.<br \/>PL 1956, 80 Min., OmU<br \/>R: Andrzej Munk, B: Andrzej Munk und Jerzy Stefan Stawi\u0144ski, K: Romuald Kropot und Jerzy W\u00f3jcik, D: Kazimierz Opali\u0144ski, Zygmunt Maciejewski, Zygmunt Zintel, Roman K\u0142osowski u.a.<br \/><br \/><br \/><strong>Die Passagierin \/ Pasa\u017cerka<\/strong><br \/><br \/>Walter und Liza befinden sich an Bord eines Kreuzfahrtschiffes. Das Ehepaar wei\u00dft wenig \u00fcber ihre eigene Vergangenheit, dennoch f\u00fchren sie eine harmonische Beziehung. In einem der H\u00e4fen, die sie w\u00e4hrend ihrer Kreuzfahrt anlaufen, geht eine Frau an Bord, die in Liza Erinnerungen wachruft. Erst jetzt offenbart sich, dass Liza teile ihrer Biografie verleugnet hat: W\u00e4hrend des Zweiten Weltkrieges geh\u00f6rte sie einer SS-Einheit an und war Aufseherin im KZ Auschwitz. Lizas Lagervergangenheit kommt ans Licht und konkrete Erinnerungen an die KZ-Gefangene Marta, die ein Opfer von Liza war. Handelt es sich um bei der Passagierin um Marta? Das Drehbuch basiert auf dem H\u00f6rspiel <em>Die Passagierin aus der Kabine 45<\/em> (1959) der KZ-Auschwitz \u00dcberlebende Zofia Posmysz.<br \/>PL 1963, 62 Min., OmU<br \/>R: Andrzej Munk, Witold Lesiewicz, B: Zofia Posmysz und Andrzej Munk, K: Krzysztof Winiewicz, D: Aleksandra \u015al\u0105ska, Anna Ciepielewska, Jan Kreczmar u.a.<br \/><br \/><strong>Andrzej Munk<\/strong> (1921-1961) war Regisseur, Drehbuchautor und Kameramann. Er gilt als einer der wichtigsten Mitbegr\u00fcnder der <em>Polnischen Filmschule<\/em>. Er wurde am 16. Oktober 1921 in Krak\u00f3w geboren. 1951 absolvierte er die Filmhochschule in \u0141\u00f3d\u017a und deb\u00fctierte mit <em>Der Mann auf den Schienen<\/em> \/ <em>Cz\u0142owiek na torze<\/em>, 1956. Der Film war f\u00fcr die damalige Zeit ungew\u00f6hnlich, weil er deutlich von der bis dahin \u00fcblichen \u00c4sthetik des Sozialistischen Realismus abwich. Er initiierte damit eine lange Reihe von Werken der <em>Polnischen Filmschule<\/em>, die in den kommenden Jahren folgen w\u00fcrden, darunter befanden sich zwei weitere Filme von Munk: <em>Eroica \u2013 Eine Heldensymphonie in zwei Teilen<\/em> (<em>Eroica \u2013 Symfonia bohaterska w dw\u00f3ch cz\u0119\u015bciach, <\/em>1957) und <em>Das schielende Gl\u00fcck<\/em> (<em>Zezowate szcz\u0119\u015bcie<\/em>, 1960). Sie waren auch Prosaadaptionen von Jerzy Stefan Stawi\u0144ski, einem hervorragenden Schriftsteller und f\u00fchrenden Drehbuchautor der <em>Schule<\/em>. W\u00e4hrend der Dreharbeiten zu <em>Die Passagierin<\/em> (<em>Pasa\u017cerka<\/em>, 1963) am 20. September 1961 starb Andrzej Munk bei einem Autounfall. Der Film wurde schlie\u00dflich von Witold Lesiewicz zu Ende gedreht.<br \/><br \/><em>Die Passagierin<\/em> wurde am zweiten Jahrestag des tragischen Todes des Regisseurs 1963 in Polen uraufgef\u00fchrt. In den Jahren 1957-1961 lehrte Munk an der Regieabteilung der Filmhochschule in \u0141\u00f3d\u017a. Zu seinen Studenten geh\u00f6rten u.a. Roman Pola\u0144ski, Jerzy Skolimowski und Krzysztof Zanussi. F\u00fcr <em>Der Mann auf den Schienen<\/em> erhielt der Regisseur 1957 den Regiepreis auf dem IFF in Karlovy Vary. <em>Eroica<\/em> brachte ihm 1959 den FIPRESCI-Jurypreis auf dem IFF in Mar del Plata. F\u00fcr <em>Das schielende Gl\u00fcck<\/em> erhielt er 1960 eine besondere Erw\u00e4hnung beim Edinburgh Filmfestival. <em>Die Passagierin<\/em> gewann 1964 den FIPRESCI-Preis bei den Filmfestspielen in Cannes und den Preis der italienischen Filmjournalistenvereinigung beim IFF in Venedig.<br \/><br \/>Eine gemeinsame Veranstaltung mit dem Filmmuseum der Landeshauptstadt D\u00fcsseldorf.<\/p>\n","protected":false},"excerpt":{"rendered":"<p>In der Reihe Stationen der Filmgeschichte Andrzej Munk \u2013 der polnische Citizen KaneDoppelprogramm zum 100. Geburtstag des Regisseurs Mann auf den Schienen \/ Cz\u0142owiek na torzeDie Passagierin \/ Pasa\u017cerkaEinf\u00fchrung: Daniel Kothenschulte (Filmkritiker, Kurator und Filmwissenschaftler)Dienstag, 12.10.2021, 20:00 UhrBlack Box Kino im Filmmuseum der Landeshauptstadt D\u00fcsseldorf, Schulstrasse 4, 40213 D\u00fcsseldorf Der Mann auf den Schienen \/ [&hellip;]<\/p>\n","protected":false},"author":103,"featured_media":6032,"comment_status":"open","ping_status":"open","sticky":false,"template":"","format":"standard","meta":{"inline_featured_image":false,"_monsterinsights_skip_tracking":false,"_monsterinsights_sitenote_active":false,"_monsterinsights_sitenote_note":"","_monsterinsights_sitenote_category":0,"footnotes":""},"categories":[1],"tags":[],"class_list":["post-6031","post","type-post","status-publish","format-standard","has-post-thumbnail","hentry","category-bez-kategorii"],"yoast_head":"<!-- This site is optimized with the Yoast SEO plugin v24.6 - https:\/\/yoast.com\/wordpress\/plugins\/seo\/ -->\n<title>Andrzej Munk - der polnische Citizen Kane - Instytut Polski w Dusseldorfie<\/title>\n<meta name=\"description\" content=\"Zum 100. Geburtstag des polnischen Regisseurs Andrzej Munk.\" \/>\n<meta name=\"robots\" content=\"index, follow, max-snippet:-1, max-image-preview:large, max-video-preview:-1\" \/>\n<link rel=\"canonical\" href=\"https:\/\/instytutpolski.pl\/duesseldorf\/2021\/10\/04\/andrzej-munk-der-polnische-citizen-kane\/\" \/>\n<meta property=\"og:locale\" content=\"pl_PL\" \/>\n<meta property=\"og:type\" content=\"article\" \/>\n<meta property=\"og:title\" content=\"Andrzej Munk - der polnische Citizen Kane - Instytut Polski w Dusseldorfie\" \/>\n<meta property=\"og:description\" content=\"Zum 100. Geburtstag des polnischen Regisseurs Andrzej Munk.\" \/>\n<meta property=\"og:url\" content=\"https:\/\/instytutpolski.pl\/duesseldorf\/2021\/10\/04\/andrzej-munk-der-polnische-citizen-kane\/\" \/>\n<meta property=\"og:site_name\" content=\"Instytut Polski w Dusseldorfie\" \/>\n<meta property=\"article:published_time\" content=\"2021-10-04T11:46:00+00:00\" \/>\n<meta property=\"article:modified_time\" content=\"2021-10-20T08:49:21+00:00\" \/>\n<meta property=\"og:image\" content=\"https:\/\/instytutpolski.pl\/duesseldorf\/wp-content\/uploads\/sites\/5\/2021\/10\/0-Munk-Screenshot-2021-10-05-14.13.11.png\" \/>\n\t<meta property=\"og:image:width\" content=\"743\" \/>\n\t<meta property=\"og:image:height\" content=\"669\" \/>\n\t<meta property=\"og:image:type\" content=\"image\/png\" \/>\n<meta name=\"author\" content=\"kolinskia\" \/>\n<meta name=\"twitter:card\" content=\"summary_large_image\" \/>\n<meta name=\"twitter:label1\" content=\"Napisane przez\" \/>\n\t<meta name=\"twitter:data1\" content=\"kolinskia\" \/>\n\t<meta name=\"twitter:label2\" content=\"Szacowany czas czytania\" \/>\n\t<meta name=\"twitter:data2\" content=\"4 minuty\" \/>\n<script type=\"application\/ld+json\" class=\"yoast-schema-graph\">{\"@context\":\"https:\/\/schema.org\",\"@graph\":[{\"@type\":\"event\",\"@id\":\"https:\/\/instytutpolski.pl\/duesseldorf\/2021\/10\/04\/andrzej-munk-der-polnische-citizen-kane\/\",\"url\":\"https:\/\/instytutpolski.pl\/duesseldorf\/2021\/10\/04\/andrzej-munk-der-polnische-citizen-kane\/\",\"name\":\"Andrzej Munk - der polnische Citizen Kane\",\"isPartOf\":{\"@id\":\"https:\/\/instytutpolski.pl\/duesseldorf\/#website\"},\"primaryImageOfPage\":{\"@id\":\"https:\/\/instytutpolski.pl\/duesseldorf\/2021\/10\/04\/andrzej-munk-der-polnische-citizen-kane\/#primaryimage\"},\"image\":[\"https:\/\/instytutpolski.pl\/duesseldorf\/wp-content\/uploads\/sites\/5\/2021\/10\/0-Munk-Screenshot-2021-10-05-14.13.11.png\",\"https:\/\/instytutpolski.pl\/duesseldorf\/wp-content\/uploads\/sites\/5\/2021\/10\/0-Munk-Screenshot-2021-10-05-14.13.11-300x270.png\",\"https:\/\/instytutpolski.pl\/duesseldorf\/wp-content\/uploads\/sites\/5\/2021\/10\/0-Munk-Screenshot-2021-10-05-14.13.11.png\",\"https:\/\/instytutpolski.pl\/duesseldorf\/wp-content\/uploads\/sites\/5\/2021\/10\/0-Munk-Screenshot-2021-10-05-14.13.11.png\"],\"thumbnailUrl\":\"https:\/\/instytutpolski.pl\/duesseldorf\/wp-content\/uploads\/sites\/5\/2021\/10\/0-Munk-Screenshot-2021-10-05-14.13.11.png\",\"datePublished\":\"2021-10-04T11:46:00+02:00\",\"dateModified\":\"2021-10-20T08:49:21+02:00\",\"author\":{\"@id\":\"https:\/\/instytutpolski.pl\/duesseldorf\/#\/schema\/person\/6b4b76776c5d49a1eb862046e311998e\"},\"description\":\"In der Reihe Stationen der FilmgeschichteAndrzej Munk \u2013 der polnische Citizen KaneDoppelprogramm zum 100. Geburtstag des RegisseursMann auf den Schienen \/ Cz\u0142owiek na torzeDie Passagierin \/ Pasa\u017cerkaEinf\u00fchrung: Daniel Kothenschulte (Filmkritiker, Kurator und Filmwissenschaftler)Dienstag, 12.10.2021, 20:00 UhrBlack Box Kino im Filmmuseum der Landeshauptstadt D\u00fcsseldorf, Schulstrasse 4, 40213 D\u00fcsseldorfDer Mann auf den Schienen \/ Cz\u0142owiek na torzeDer Film erz\u00e4hlt die Geschichte des erfahrenen Lokf\u00fchrers W\u0142adys\u0142aw Orzechowski, der wegen eines falschen Sabotage-Vorwurfs entlassen wird. Kurz darauf verungl\u00fcckt er in einem Bahnhofsgebiet t\u00f6dlich. Eine Kommission wird einberufen, um den Ungl\u00fcckshergang zu ermitteln. W\u0142adys\u0142aws Arbeitskollegen stellen ihn aus ihrer eigenen subjektiven Perspektive dar. Ihre widerspr\u00fcchlichen Aussagen erschweren die Ermittlungen. Andrzej Munk erz\u00e4hlt die Geschichte fast ausschlie\u00dflich in R\u00fcckblenden, die an Orson Welles' Citizen Kane (1941) oder Akira Kurosawas Rashomon (1950) erinnern. Zus\u00e4tzlich brachte der Der Mann auf den Schienen einen neuen Blick auf die Realit\u00e4t des von der kommunistischen Propaganda gepr\u00e4gten Polens Mitte der 1950er Jahre ein.PL 1956, 80 Min., OmUR: Andrzej Munk, B: Andrzej Munk und Jerzy Stefan Stawi\u0144ski, K: Romuald Kropot und Jerzy W\u00f3jcik, D: Kazimierz Opali\u0144ski, Zygmunt Maciejewski, Zygmunt Zintel, Roman K\u0142osowski u.a.Die Passagierin \/ Pasa\u017cerkaWalter und Liza befinden sich an Bord eines Kreuzfahrtschiffes. Das Ehepaar wei\u00dft wenig \u00fcber ihre eigene Vergangenheit, dennoch f\u00fchren sie eine harmonische Beziehung. In einem der H\u00e4fen, die sie w\u00e4hrend ihrer Kreuzfahrt anlaufen, geht eine Frau an Bord, die in Liza Erinnerungen wachruft. Erst jetzt offenbart sich, dass Liza teile ihrer Biografie verleugnet hat: W\u00e4hrend des Zweiten Weltkrieges geh\u00f6rte sie einer SS-Einheit an und war Aufseherin im KZ Auschwitz. Lizas Lagervergangenheit kommt ans Licht und konkrete Erinnerungen an die KZ-Gefangene Marta, die ein Opfer von Liza war. Handelt es sich um bei der Passagierin um Marta? Das Drehbuch basiert auf dem H\u00f6rspiel Die Passagierin aus der Kabine 45 (1959) der KZ-Auschwitz \u00dcberlebende Zofia Posmysz.PL 1963, 62 Min., OmUR: Andrzej Munk, Witold Lesiewicz, B: Zofia Posmysz und Andrzej Munk, K: Krzysztof Winiewicz, D: Aleksandra \u015al\u0105ska, Anna Ciepielewska, Jan Kreczmar u.a.Andrzej Munk (1921-1961) war Regisseur, Drehbuchautor und Kameramann. Er gilt als einer der wichtigsten Mitbegr\u00fcnder der Polnischen Filmschule. Er wurde am 16. Oktober 1921 in Krak\u00f3w geboren. 1951 absolvierte er die Filmhochschule in \u0141\u00f3d\u017a und deb\u00fctierte mit Der Mann auf den Schienen \/ Cz\u0142owiek na torze, 1956. Der Film war f\u00fcr die damalige Zeit ungew\u00f6hnlich, weil er deutlich von der bis dahin \u00fcblichen \u00c4sthetik des Sozialistischen Realismus abwich. Er initiierte damit eine lange Reihe von Werken der Polnischen Filmschule, die in den kommenden Jahren folgen w\u00fcrden, darunter befanden sich zwei weitere Filme von Munk: Eroica \u2013 Eine Heldensymphonie in zwei Teilen (Eroica \u2013 Symfonia bohaterska w dw\u00f3ch cz\u0119\u015bciach, 1957) und Das schielende Gl\u00fcck (Zezowate szcz\u0119\u015bcie, 1960). Sie waren auch Prosaadaptionen von Jerzy Stefan Stawi\u0144ski, einem hervorragenden Schriftsteller und f\u00fchrenden Drehbuchautor der Schule. W\u00e4hrend der Dreharbeiten zu Die Passagierin (Pasa\u017cerka, 1963) am 20. September 1961 starb Andrzej Munk bei einem Autounfall. Der Film wurde schlie\u00dflich von Witold Lesiewicz zu Ende gedreht.Die Passagierin wurde am zweiten Jahrestag des tragischen Todes des Regisseurs 1963 in Polen uraufgef\u00fchrt. In den Jahren 1957-1961 lehrte Munk an der Regieabteilung der Filmhochschule in \u0141\u00f3d\u017a. Zu seinen Studenten geh\u00f6rten u.a. Roman Pola\u0144ski, Jerzy Skolimowski und Krzysztof Zanussi. F\u00fcr Der Mann auf den Schienen erhielt der Regisseur 1957 den Regiepreis auf dem IFF in Karlovy Vary. Eroica brachte ihm 1959 den FIPRESCI-Jurypreis auf dem IFF in Mar del Plata. F\u00fcr Das schielende Gl\u00fcck erhielt er 1960 eine besondere Erw\u00e4hnung beim Edinburgh Filmfestival. Die Passagierin gewann 1964 den FIPRESCI-Preis bei den Filmfestspielen in Cannes und den Preis der italienischen Filmjournalistenvereinigung beim IFF in Venedig.Eine gemeinsame Veranstaltung mit dem Filmmuseum der Landeshauptstadt D\u00fcsseldorf.\",\"breadcrumb\":{\"@id\":\"https:\/\/instytutpolski.pl\/duesseldorf\/2021\/10\/04\/andrzej-munk-der-polnische-citizen-kane\/#breadcrumb\"},\"inLanguage\":\"pl-PL\",\"potentialAction\":[{\"@type\":\"ReadAction\",\"target\":[\"https:\/\/instytutpolski.pl\/duesseldorf\/2021\/10\/04\/andrzej-munk-der-polnische-citizen-kane\/\"]}],\"@context\":\"https:\/\/schema.org\",\"startDate\":\"2021-10-12T08:00:00+02:00\",\"endDate\":\"2021-10-12T10:00:00+02:00\",\"eventStatus\":\"EventScheduled\",\"eventAttendanceMode\":\"OfflineEventAttendanceMode\",\"location\":{\"@type\":\"place\",\"name\":\"\",\"address\":\"\",\"geo\":{\"@type\":\"GeoCoordinates\",\"latitude\":\"\",\"longitude\":\"\"}}},{\"@type\":\"ImageObject\",\"inLanguage\":\"pl-PL\",\"@id\":\"https:\/\/instytutpolski.pl\/duesseldorf\/2021\/10\/04\/andrzej-munk-der-polnische-citizen-kane\/#primaryimage\",\"url\":\"https:\/\/instytutpolski.pl\/duesseldorf\/wp-content\/uploads\/sites\/5\/2021\/10\/0-Munk-Screenshot-2021-10-05-14.13.11.png\",\"contentUrl\":\"https:\/\/instytutpolski.pl\/duesseldorf\/wp-content\/uploads\/sites\/5\/2021\/10\/0-Munk-Screenshot-2021-10-05-14.13.11.png\",\"width\":743,\"height\":669,\"caption\":\"Andrzej Munk na planie, WFDiF Warszawa\"},{\"@type\":\"BreadcrumbList\",\"@id\":\"https:\/\/instytutpolski.pl\/duesseldorf\/2021\/10\/04\/andrzej-munk-der-polnische-citizen-kane\/#breadcrumb\",\"itemListElement\":[{\"@type\":\"ListItem\",\"position\":1,\"name\":\"Home\",\"item\":\"https:\/\/instytutpolski.pl\/duesseldorf\/\"},{\"@type\":\"ListItem\",\"position\":2,\"name\":\"Andrzej Munk &#8211; der polnische Citizen Kane\"}]},{\"@type\":\"WebSite\",\"@id\":\"https:\/\/instytutpolski.pl\/duesseldorf\/#website\",\"url\":\"https:\/\/instytutpolski.pl\/duesseldorf\/\",\"name\":\"Instytut Polski w Dusseldorfie\",\"description\":\"Instytuty Polskie\",\"potentialAction\":[{\"@type\":\"SearchAction\",\"target\":{\"@type\":\"EntryPoint\",\"urlTemplate\":\"https:\/\/instytutpolski.pl\/duesseldorf\/?s={search_term_string}\"},\"query-input\":{\"@type\":\"PropertyValueSpecification\",\"valueRequired\":true,\"valueName\":\"search_term_string\"}}],\"inLanguage\":\"pl-PL\"},{\"@type\":\"Person\",\"@id\":\"https:\/\/instytutpolski.pl\/duesseldorf\/#\/schema\/person\/6b4b76776c5d49a1eb862046e311998e\",\"name\":\"kolinskia\",\"image\":{\"@type\":\"ImageObject\",\"inLanguage\":\"pl-PL\",\"@id\":\"https:\/\/instytutpolski.pl\/duesseldorf\/#\/schema\/person\/image\/\",\"url\":\"https:\/\/secure.gravatar.com\/avatar\/9bb79075402c1d25f1e9e4e8260c2d13?s=96&d=mm&r=g\",\"contentUrl\":\"https:\/\/secure.gravatar.com\/avatar\/9bb79075402c1d25f1e9e4e8260c2d13?s=96&d=mm&r=g\",\"caption\":\"kolinskia\"},\"url\":\"https:\/\/instytutpolski.pl\/duesseldorf\/author\/kolinskia\/\"}]}<\/script>\n<!-- \/ Yoast SEO plugin. -->","yoast_head_json":{"title":"Andrzej Munk - der polnische Citizen Kane - Instytut Polski w Dusseldorfie","description":"Zum 100. Geburtstag des polnischen Regisseurs Andrzej Munk.","robots":{"index":"index","follow":"follow","max-snippet":"max-snippet:-1","max-image-preview":"max-image-preview:large","max-video-preview":"max-video-preview:-1"},"canonical":"https:\/\/instytutpolski.pl\/duesseldorf\/2021\/10\/04\/andrzej-munk-der-polnische-citizen-kane\/","og_locale":"pl_PL","og_type":"article","og_title":"Andrzej Munk - der polnische Citizen Kane - Instytut Polski w Dusseldorfie","og_description":"Zum 100. Geburtstag des polnischen Regisseurs Andrzej Munk.","og_url":"https:\/\/instytutpolski.pl\/duesseldorf\/2021\/10\/04\/andrzej-munk-der-polnische-citizen-kane\/","og_site_name":"Instytut Polski w Dusseldorfie","article_published_time":"2021-10-04T11:46:00+00:00","article_modified_time":"2021-10-20T08:49:21+00:00","og_image":[{"width":743,"height":669,"url":"https:\/\/instytutpolski.pl\/duesseldorf\/wp-content\/uploads\/sites\/5\/2021\/10\/0-Munk-Screenshot-2021-10-05-14.13.11.png","type":"image\/png"}],"author":"kolinskia","twitter_card":"summary_large_image","twitter_misc":{"Napisane przez":"kolinskia","Szacowany czas czytania":"4 minuty"},"schema":{"@context":"https:\/\/schema.org","@graph":[{"@type":"event","@id":"https:\/\/instytutpolski.pl\/duesseldorf\/2021\/10\/04\/andrzej-munk-der-polnische-citizen-kane\/","url":"https:\/\/instytutpolski.pl\/duesseldorf\/2021\/10\/04\/andrzej-munk-der-polnische-citizen-kane\/","name":"Andrzej Munk - der polnische Citizen Kane","isPartOf":{"@id":"https:\/\/instytutpolski.pl\/duesseldorf\/#website"},"primaryImageOfPage":{"@id":"https:\/\/instytutpolski.pl\/duesseldorf\/2021\/10\/04\/andrzej-munk-der-polnische-citizen-kane\/#primaryimage"},"image":["https:\/\/instytutpolski.pl\/duesseldorf\/wp-content\/uploads\/sites\/5\/2021\/10\/0-Munk-Screenshot-2021-10-05-14.13.11.png","https:\/\/instytutpolski.pl\/duesseldorf\/wp-content\/uploads\/sites\/5\/2021\/10\/0-Munk-Screenshot-2021-10-05-14.13.11-300x270.png","https:\/\/instytutpolski.pl\/duesseldorf\/wp-content\/uploads\/sites\/5\/2021\/10\/0-Munk-Screenshot-2021-10-05-14.13.11.png","https:\/\/instytutpolski.pl\/duesseldorf\/wp-content\/uploads\/sites\/5\/2021\/10\/0-Munk-Screenshot-2021-10-05-14.13.11.png"],"thumbnailUrl":"https:\/\/instytutpolski.pl\/duesseldorf\/wp-content\/uploads\/sites\/5\/2021\/10\/0-Munk-Screenshot-2021-10-05-14.13.11.png","datePublished":"2021-10-04T11:46:00+02:00","dateModified":"2021-10-20T08:49:21+02:00","author":{"@id":"https:\/\/instytutpolski.pl\/duesseldorf\/#\/schema\/person\/6b4b76776c5d49a1eb862046e311998e"},"description":"In der Reihe Stationen der FilmgeschichteAndrzej Munk \u2013 der polnische Citizen KaneDoppelprogramm zum 100. Geburtstag des RegisseursMann auf den Schienen \/ Cz\u0142owiek na torzeDie Passagierin \/ Pasa\u017cerkaEinf\u00fchrung: Daniel Kothenschulte (Filmkritiker, Kurator und Filmwissenschaftler)Dienstag, 12.10.2021, 20:00 UhrBlack Box Kino im Filmmuseum der Landeshauptstadt D\u00fcsseldorf, Schulstrasse 4, 40213 D\u00fcsseldorfDer Mann auf den Schienen \/ Cz\u0142owiek na torzeDer Film erz\u00e4hlt die Geschichte des erfahrenen Lokf\u00fchrers W\u0142adys\u0142aw Orzechowski, der wegen eines falschen Sabotage-Vorwurfs entlassen wird. Kurz darauf verungl\u00fcckt er in einem Bahnhofsgebiet t\u00f6dlich. Eine Kommission wird einberufen, um den Ungl\u00fcckshergang zu ermitteln. W\u0142adys\u0142aws Arbeitskollegen stellen ihn aus ihrer eigenen subjektiven Perspektive dar. Ihre widerspr\u00fcchlichen Aussagen erschweren die Ermittlungen. Andrzej Munk erz\u00e4hlt die Geschichte fast ausschlie\u00dflich in R\u00fcckblenden, die an Orson Welles' Citizen Kane (1941) oder Akira Kurosawas Rashomon (1950) erinnern. Zus\u00e4tzlich brachte der Der Mann auf den Schienen einen neuen Blick auf die Realit\u00e4t des von der kommunistischen Propaganda gepr\u00e4gten Polens Mitte der 1950er Jahre ein.PL 1956, 80 Min., OmUR: Andrzej Munk, B: Andrzej Munk und Jerzy Stefan Stawi\u0144ski, K: Romuald Kropot und Jerzy W\u00f3jcik, D: Kazimierz Opali\u0144ski, Zygmunt Maciejewski, Zygmunt Zintel, Roman K\u0142osowski u.a.Die Passagierin \/ Pasa\u017cerkaWalter und Liza befinden sich an Bord eines Kreuzfahrtschiffes. Das Ehepaar wei\u00dft wenig \u00fcber ihre eigene Vergangenheit, dennoch f\u00fchren sie eine harmonische Beziehung. In einem der H\u00e4fen, die sie w\u00e4hrend ihrer Kreuzfahrt anlaufen, geht eine Frau an Bord, die in Liza Erinnerungen wachruft. Erst jetzt offenbart sich, dass Liza teile ihrer Biografie verleugnet hat: W\u00e4hrend des Zweiten Weltkrieges geh\u00f6rte sie einer SS-Einheit an und war Aufseherin im KZ Auschwitz. Lizas Lagervergangenheit kommt ans Licht und konkrete Erinnerungen an die KZ-Gefangene Marta, die ein Opfer von Liza war. Handelt es sich um bei der Passagierin um Marta? Das Drehbuch basiert auf dem H\u00f6rspiel Die Passagierin aus der Kabine 45 (1959) der KZ-Auschwitz \u00dcberlebende Zofia Posmysz.PL 1963, 62 Min., OmUR: Andrzej Munk, Witold Lesiewicz, B: Zofia Posmysz und Andrzej Munk, K: Krzysztof Winiewicz, D: Aleksandra \u015al\u0105ska, Anna Ciepielewska, Jan Kreczmar u.a.Andrzej Munk (1921-1961) war Regisseur, Drehbuchautor und Kameramann. Er gilt als einer der wichtigsten Mitbegr\u00fcnder der Polnischen Filmschule. Er wurde am 16. Oktober 1921 in Krak\u00f3w geboren. 1951 absolvierte er die Filmhochschule in \u0141\u00f3d\u017a und deb\u00fctierte mit Der Mann auf den Schienen \/ Cz\u0142owiek na torze, 1956. Der Film war f\u00fcr die damalige Zeit ungew\u00f6hnlich, weil er deutlich von der bis dahin \u00fcblichen \u00c4sthetik des Sozialistischen Realismus abwich. Er initiierte damit eine lange Reihe von Werken der Polnischen Filmschule, die in den kommenden Jahren folgen w\u00fcrden, darunter befanden sich zwei weitere Filme von Munk: Eroica \u2013 Eine Heldensymphonie in zwei Teilen (Eroica \u2013 Symfonia bohaterska w dw\u00f3ch cz\u0119\u015bciach, 1957) und Das schielende Gl\u00fcck (Zezowate szcz\u0119\u015bcie, 1960). Sie waren auch Prosaadaptionen von Jerzy Stefan Stawi\u0144ski, einem hervorragenden Schriftsteller und f\u00fchrenden Drehbuchautor der Schule. W\u00e4hrend der Dreharbeiten zu Die Passagierin (Pasa\u017cerka, 1963) am 20. September 1961 starb Andrzej Munk bei einem Autounfall. Der Film wurde schlie\u00dflich von Witold Lesiewicz zu Ende gedreht.Die Passagierin wurde am zweiten Jahrestag des tragischen Todes des Regisseurs 1963 in Polen uraufgef\u00fchrt. In den Jahren 1957-1961 lehrte Munk an der Regieabteilung der Filmhochschule in \u0141\u00f3d\u017a. Zu seinen Studenten geh\u00f6rten u.a. Roman Pola\u0144ski, Jerzy Skolimowski und Krzysztof Zanussi. F\u00fcr Der Mann auf den Schienen erhielt der Regisseur 1957 den Regiepreis auf dem IFF in Karlovy Vary. Eroica brachte ihm 1959 den FIPRESCI-Jurypreis auf dem IFF in Mar del Plata. F\u00fcr Das schielende Gl\u00fcck erhielt er 1960 eine besondere Erw\u00e4hnung beim Edinburgh Filmfestival. Die Passagierin gewann 1964 den FIPRESCI-Preis bei den Filmfestspielen in Cannes und den Preis der italienischen Filmjournalistenvereinigung beim IFF in Venedig.Eine gemeinsame Veranstaltung mit dem Filmmuseum der Landeshauptstadt D\u00fcsseldorf.","breadcrumb":{"@id":"https:\/\/instytutpolski.pl\/duesseldorf\/2021\/10\/04\/andrzej-munk-der-polnische-citizen-kane\/#breadcrumb"},"inLanguage":"pl-PL","potentialAction":[{"@type":"ReadAction","target":["https:\/\/instytutpolski.pl\/duesseldorf\/2021\/10\/04\/andrzej-munk-der-polnische-citizen-kane\/"]}],"@context":"https:\/\/schema.org","startDate":"2021-10-12T08:00:00+02:00","endDate":"2021-10-12T10:00:00+02:00","eventStatus":"EventScheduled","eventAttendanceMode":"OfflineEventAttendanceMode","location":{"@type":"place","name":"","address":"","geo":{"@type":"GeoCoordinates","latitude":"","longitude":""}}},{"@type":"ImageObject","inLanguage":"pl-PL","@id":"https:\/\/instytutpolski.pl\/duesseldorf\/2021\/10\/04\/andrzej-munk-der-polnische-citizen-kane\/#primaryimage","url":"https:\/\/instytutpolski.pl\/duesseldorf\/wp-content\/uploads\/sites\/5\/2021\/10\/0-Munk-Screenshot-2021-10-05-14.13.11.png","contentUrl":"https:\/\/instytutpolski.pl\/duesseldorf\/wp-content\/uploads\/sites\/5\/2021\/10\/0-Munk-Screenshot-2021-10-05-14.13.11.png","width":743,"height":669,"caption":"Andrzej Munk na planie, WFDiF Warszawa"},{"@type":"BreadcrumbList","@id":"https:\/\/instytutpolski.pl\/duesseldorf\/2021\/10\/04\/andrzej-munk-der-polnische-citizen-kane\/#breadcrumb","itemListElement":[{"@type":"ListItem","position":1,"name":"Home","item":"https:\/\/instytutpolski.pl\/duesseldorf\/"},{"@type":"ListItem","position":2,"name":"Andrzej Munk &#8211; der polnische Citizen Kane"}]},{"@type":"WebSite","@id":"https:\/\/instytutpolski.pl\/duesseldorf\/#website","url":"https:\/\/instytutpolski.pl\/duesseldorf\/","name":"Instytut Polski w Dusseldorfie","description":"Instytuty Polskie","potentialAction":[{"@type":"SearchAction","target":{"@type":"EntryPoint","urlTemplate":"https:\/\/instytutpolski.pl\/duesseldorf\/?s={search_term_string}"},"query-input":{"@type":"PropertyValueSpecification","valueRequired":true,"valueName":"search_term_string"}}],"inLanguage":"pl-PL"},{"@type":"Person","@id":"https:\/\/instytutpolski.pl\/duesseldorf\/#\/schema\/person\/6b4b76776c5d49a1eb862046e311998e","name":"kolinskia","image":{"@type":"ImageObject","inLanguage":"pl-PL","@id":"https:\/\/instytutpolski.pl\/duesseldorf\/#\/schema\/person\/image\/","url":"https:\/\/secure.gravatar.com\/avatar\/9bb79075402c1d25f1e9e4e8260c2d13?s=96&d=mm&r=g","contentUrl":"https:\/\/secure.gravatar.com\/avatar\/9bb79075402c1d25f1e9e4e8260c2d13?s=96&d=mm&r=g","caption":"kolinskia"},"url":"https:\/\/instytutpolski.pl\/duesseldorf\/author\/kolinskia\/"}]}},"_links":{"self":[{"href":"https:\/\/instytutpolski.pl\/duesseldorf\/wp-json\/wp\/v2\/posts\/6031","targetHints":{"allow":["GET"]}}],"collection":[{"href":"https:\/\/instytutpolski.pl\/duesseldorf\/wp-json\/wp\/v2\/posts"}],"about":[{"href":"https:\/\/instytutpolski.pl\/duesseldorf\/wp-json\/wp\/v2\/types\/post"}],"author":[{"embeddable":true,"href":"https:\/\/instytutpolski.pl\/duesseldorf\/wp-json\/wp\/v2\/users\/103"}],"replies":[{"embeddable":true,"href":"https:\/\/instytutpolski.pl\/duesseldorf\/wp-json\/wp\/v2\/comments?post=6031"}],"version-history":[{"count":4,"href":"https:\/\/instytutpolski.pl\/duesseldorf\/wp-json\/wp\/v2\/posts\/6031\/revisions"}],"predecessor-version":[{"id":6038,"href":"https:\/\/instytutpolski.pl\/duesseldorf\/wp-json\/wp\/v2\/posts\/6031\/revisions\/6038"}],"wp:featuredmedia":[{"embeddable":true,"href":"https:\/\/instytutpolski.pl\/duesseldorf\/wp-json\/wp\/v2\/media\/6032"}],"wp:attachment":[{"href":"https:\/\/instytutpolski.pl\/duesseldorf\/wp-json\/wp\/v2\/media?parent=6031"}],"wp:term":[{"taxonomy":"category","embeddable":true,"href":"https:\/\/instytutpolski.pl\/duesseldorf\/wp-json\/wp\/v2\/categories?post=6031"},{"taxonomy":"post_tag","embeddable":true,"href":"https:\/\/instytutpolski.pl\/duesseldorf\/wp-json\/wp\/v2\/tags?post=6031"}],"curies":[{"name":"wp","href":"https:\/\/api.w.org\/{rel}","templated":true}]}}