{"id":6185,"date":"2014-03-15T15:37:00","date_gmt":"2014-03-15T14:37:00","guid":{"rendered":"https:\/\/instytutpolski.pl\/duesseldorf\/?p=6185"},"modified":"2021-10-20T15:48:10","modified_gmt":"2021-10-20T13:48:10","slug":"caligula-nach-albert-camus-regie-krzysztof-garbaczewski","status":"publish","type":"post","link":"https:\/\/instytutpolski.pl\/duesseldorf\/2014\/03\/15\/caligula-nach-albert-camus-regie-krzysztof-garbaczewski\/","title":{"rendered":"CALIGULA nach Albert Camus, Regie: Krzysztof Garbaczewski"},"content":{"rendered":"\n<h3 class=\"h3_title\">\u00a0<\/h3>\n<div class=\"edytor programm\">\n<p class=\"news-info\"><strong>Sa 15.03.2014 &#8211; Mi 28.05.2014 <\/strong>20.00 Uhr<br \/>Schauspiel Stuttgart, Oberer Schlossgarten 6, 70173 Stuttgart, www.schauspiel-stuttgart.de<\/p>\nGelungene THEATERPREMIERE in Stuttgart<br \/><a href=\"http:\/\/www.nachtkritik.de\/index.php?option=com_content&amp;view=article&amp;id=9276:caligula-in-stuttgart-macht-krzysztof-garbaczewski-astrid-meyerfeldt-zum-nihilistischen-roemer-kaiser&amp;catid=38:die-nachtkritik&amp;Itemid=40\">http:\/\/www.nachtkritik.de\/index.php?option=com_content&amp;view=article&amp;id=9276:caligula-in-stuttgart-macht-krzysztof-garbaczewski-astrid-meyerfeldt-zum-nihilistischen-roemer-kaiser&amp;catid=38:die-nachtkritik&amp;Itemid=40<\/a><br \/><br \/>Camus ist 25 Jahre alt als er Caligula schreibt und bereits von der Sinnlosigkeit der Welt \u00fcberzeugt. Aus Schmerz \u00fcber den Tod seiner Geliebten wird Caligula zum Gewaltt\u00e4ter. Er erkennt sich selbst als Opfer des Zufalls in einer sinnlosen Welt und will sie herausfordern. Wie in einem Experiment treibt er seine Untertanen immer weiter und weiter, um zu \u00fcberpr\u00fcfen, was sie erdulden. Die Abgr\u00fcnde der menschlichen Existenz zeigen sich als grausame Visionen von Mord und Tyrannei.<br \/><br \/><strong>Krzysztof Garbaczewski<\/strong>\u00a0geh\u00f6rt zu den herausragenden jungen Regisseuren des polnischen Gegenwartstheaters und inszeniert nun zum ersten Mal in Deutschland. Er beleuchtet den Stoff aus unserer Zeit: Auf der Suche nach dem Grund seiner Grausamkeit blickt er in die seelischen Abgr\u00fcnde des kompromisslosen Herrschers, der in seiner Inszenierung von einer Frau verk\u00f6rpert wird: Astrid Meyerfeldt spielt Caligula.<br \/><br \/>Mit Sandra Gerling, Katharina Knap, Astrid Meyerfeldt, Sebastian R\u00f6hrle, Paul Schr\u00f6der<br \/>Regie &amp; B\u00fchne Krzysztof Garbaczewski<br \/>Kost\u00fcme Svenja Gassen, Video Robert Mleczko, Dramaturgie Anna Haas<br \/>In Kooperation mit dem Polnischen Institut D\u00fcsseldorf.<br \/><br \/>Schauspiel Stuttgart, Oberer Schlossgarten 6, 70173 Stuttgart,\u00a0<a href=\"http:\/\/www.schauspiel-stuttgart.de\/\">www.schauspiel-stuttgart.de<\/a><\/div>\n","protected":false},"excerpt":{"rendered":"<p>\u00a0 Sa 15.03.2014 &#8211; Mi 28.05.2014 20.00 UhrSchauspiel Stuttgart, Oberer Schlossgarten 6, 70173 Stuttgart, www.schauspiel-stuttgart.de Gelungene THEATERPREMIERE in Stuttgarthttp:\/\/www.nachtkritik.de\/index.php?option=com_content&amp;view=article&amp;id=9276:caligula-in-stuttgart-macht-krzysztof-garbaczewski-astrid-meyerfeldt-zum-nihilistischen-roemer-kaiser&amp;catid=38:die-nachtkritik&amp;Itemid=40 Camus ist 25 Jahre alt als er Caligula schreibt und bereits von der Sinnlosigkeit der Welt \u00fcberzeugt. Aus Schmerz \u00fcber den Tod seiner Geliebten wird Caligula zum Gewaltt\u00e4ter. Er erkennt sich selbst als Opfer des Zufalls [&hellip;]<\/p>\n","protected":false},"author":103,"featured_media":6186,"comment_status":"open","ping_status":"open","sticky":false,"template":"","format":"standard","meta":{"inline_featured_image":false,"_monsterinsights_skip_tracking":false,"_monsterinsights_sitenote_active":false,"_monsterinsights_sitenote_note":"","_monsterinsights_sitenote_category":0,"footnotes":""},"categories":[8],"tags":[],"class_list":["post-6185","post","type-post","status-publish","format-standard","has-post-thumbnail","hentry","category-theaterundtanz"],"yoast_head":"<!-- This site is optimized with the Yoast SEO plugin v24.6 - https:\/\/yoast.com\/wordpress\/plugins\/seo\/ -->\n<title>CALIGULA nach Albert Camus, Regie: Krzysztof Garbaczewski - Instytut Polski w Dusseldorfie<\/title>\n<meta name=\"robots\" content=\"index, follow, max-snippet:-1, max-image-preview:large, max-video-preview:-1\" \/>\n<link rel=\"canonical\" href=\"https:\/\/instytutpolski.pl\/duesseldorf\/2014\/03\/15\/caligula-nach-albert-camus-regie-krzysztof-garbaczewski\/\" \/>\n<meta property=\"og:locale\" content=\"pl_PL\" \/>\n<meta property=\"og:type\" content=\"article\" \/>\n<meta property=\"og:title\" content=\"CALIGULA nach Albert Camus, Regie: Krzysztof Garbaczewski - Instytut Polski w Dusseldorfie\" \/>\n<meta property=\"og:description\" content=\"\u00a0 Sa 15.03.2014 &#8211; Mi 28.05.2014 20.00 UhrSchauspiel Stuttgart, Oberer Schlossgarten 6, 70173 Stuttgart, www.schauspiel-stuttgart.de Gelungene THEATERPREMIERE in Stuttgarthttp:\/\/www.nachtkritik.de\/index.php?option=com_content&amp;view=article&amp;id=9276:caligula-in-stuttgart-macht-krzysztof-garbaczewski-astrid-meyerfeldt-zum-nihilistischen-roemer-kaiser&amp;catid=38:die-nachtkritik&amp;Itemid=40 Camus ist 25 Jahre alt als er Caligula schreibt und bereits von der Sinnlosigkeit der Welt \u00fcberzeugt. Aus Schmerz \u00fcber den Tod seiner Geliebten wird Caligula zum Gewaltt\u00e4ter. Er erkennt sich selbst als Opfer des Zufalls [&hellip;]\" \/>\n<meta property=\"og:url\" content=\"https:\/\/instytutpolski.pl\/duesseldorf\/2014\/03\/15\/caligula-nach-albert-camus-regie-krzysztof-garbaczewski\/\" \/>\n<meta property=\"og:site_name\" content=\"Instytut Polski w Dusseldorfie\" \/>\n<meta property=\"article:published_time\" content=\"2014-03-15T14:37:00+00:00\" \/>\n<meta property=\"article:modified_time\" content=\"2021-10-20T13:48:10+00:00\" \/>\n<meta property=\"og:image\" content=\"https:\/\/instytutpolski.pl\/duesseldorf\/wp-content\/uploads\/sites\/5\/2021\/10\/presse_274621.jpg\" \/>\n\t<meta property=\"og:image:width\" content=\"400\" \/>\n\t<meta property=\"og:image:height\" content=\"267\" \/>\n\t<meta property=\"og:image:type\" content=\"image\/jpeg\" \/>\n<meta name=\"author\" content=\"kolinskia\" \/>\n<meta name=\"twitter:card\" content=\"summary_large_image\" \/>\n<meta name=\"twitter:label1\" content=\"Napisane przez\" \/>\n\t<meta name=\"twitter:data1\" content=\"kolinskia\" \/>\n\t<meta name=\"twitter:label2\" content=\"Szacowany czas czytania\" \/>\n\t<meta name=\"twitter:data2\" content=\"1 minuta\" \/>\n<script type=\"application\/ld+json\" class=\"yoast-schema-graph\">{\"@context\":\"https:\/\/schema.org\",\"@graph\":[{\"@type\":\"event\",\"@id\":\"https:\/\/instytutpolski.pl\/duesseldorf\/2014\/03\/15\/caligula-nach-albert-camus-regie-krzysztof-garbaczewski\/\",\"url\":\"https:\/\/instytutpolski.pl\/duesseldorf\/2014\/03\/15\/caligula-nach-albert-camus-regie-krzysztof-garbaczewski\/\",\"name\":\"CALIGULA nach Albert Camus, Regie: Krzysztof Garbaczewski\",\"isPartOf\":{\"@id\":\"https:\/\/instytutpolski.pl\/duesseldorf\/#website\"},\"primaryImageOfPage\":{\"@id\":\"https:\/\/instytutpolski.pl\/duesseldorf\/2014\/03\/15\/caligula-nach-albert-camus-regie-krzysztof-garbaczewski\/#primaryimage\"},\"image\":[\"https:\/\/instytutpolski.pl\/duesseldorf\/wp-content\/uploads\/sites\/5\/2021\/10\/presse_274621.jpg\",\"https:\/\/instytutpolski.pl\/duesseldorf\/wp-content\/uploads\/sites\/5\/2021\/10\/presse_274621-300x200.jpg\",\"https:\/\/instytutpolski.pl\/duesseldorf\/wp-content\/uploads\/sites\/5\/2021\/10\/presse_274621.jpg\",\"https:\/\/instytutpolski.pl\/duesseldorf\/wp-content\/uploads\/sites\/5\/2021\/10\/presse_274621.jpg\"],\"thumbnailUrl\":\"https:\/\/instytutpolski.pl\/duesseldorf\/wp-content\/uploads\/sites\/5\/2021\/10\/presse_274621.jpg\",\"datePublished\":\"2014-03-15T14:37:00+02:00\",\"dateModified\":\"2021-10-20T13:48:10+02:00\",\"author\":{\"@id\":\"https:\/\/instytutpolski.pl\/duesseldorf\/#\/schema\/person\/6b4b76776c5d49a1eb862046e311998e\"},\"breadcrumb\":{\"@id\":\"https:\/\/instytutpolski.pl\/duesseldorf\/2014\/03\/15\/caligula-nach-albert-camus-regie-krzysztof-garbaczewski\/#breadcrumb\"},\"inLanguage\":\"pl-PL\",\"potentialAction\":[{\"@type\":\"ReadAction\",\"target\":[\"https:\/\/instytutpolski.pl\/duesseldorf\/2014\/03\/15\/caligula-nach-albert-camus-regie-krzysztof-garbaczewski\/\"]}],\"@context\":\"https:\/\/schema.org\",\"startDate\":\"2014-03-15\",\"endDate\":\"2014-05-28\",\"eventStatus\":\"EventScheduled\",\"eventAttendanceMode\":\"OfflineEventAttendanceMode\",\"location\":{\"@type\":\"place\",\"name\":\"\",\"address\":\"\",\"geo\":{\"@type\":\"GeoCoordinates\",\"latitude\":\"\",\"longitude\":\"\"}},\"description\":\"\u00a0\\nSa 15.03.2014 - Mi 28.05.2014 20.00 UhrSchauspiel Stuttgart, Oberer Schlossgarten 6, 70173 Stuttgart, www.schauspiel-stuttgart.de\\nGelungene THEATERPREMIERE in Stuttgarthttp:\/\/www.nachtkritik.de\/index.php?option=com_content&amp;view=article&amp;id=9276:caligula-in-stuttgart-macht-krzysztof-garbaczewski-astrid-meyerfeldt-zum-nihilistischen-roemer-kaiser&amp;catid=38:die-nachtkritik&amp;Itemid=40Camus ist 25 Jahre alt als er Caligula schreibt und bereits von der Sinnlosigkeit der Welt \u00fcberzeugt. Aus Schmerz \u00fcber den Tod seiner Geliebten wird Caligula zum Gewaltt\u00e4ter. Er erkennt sich selbst als Opfer des Zufalls in einer sinnlosen Welt und will sie herausfordern. Wie in einem Experiment treibt er seine Untertanen immer weiter und weiter, um zu \u00fcberpr\u00fcfen, was sie erdulden. Die Abgr\u00fcnde der menschlichen Existenz zeigen sich als grausame Visionen von Mord und Tyrannei.Krzysztof Garbaczewski\u00a0geh\u00f6rt zu den herausragenden jungen Regisseuren des polnischen Gegenwartstheaters und inszeniert nun zum ersten Mal in Deutschland. Er beleuchtet den Stoff aus unserer Zeit: Auf der Suche nach dem Grund seiner Grausamkeit blickt er in die seelischen Abgr\u00fcnde des kompromisslosen Herrschers, der in seiner Inszenierung von einer Frau verk\u00f6rpert wird: Astrid Meyerfeldt spielt Caligula.Mit Sandra Gerling, Katharina Knap, Astrid Meyerfeldt, Sebastian R\u00f6hrle, Paul Schr\u00f6derRegie &amp; B\u00fchne Krzysztof GarbaczewskiKost\u00fcme Svenja Gassen, Video Robert Mleczko, Dramaturgie Anna HaasIn Kooperation mit dem Polnischen Institut D\u00fcsseldorf.Schauspiel Stuttgart, Oberer Schlossgarten 6, 70173 Stuttgart,\u00a0www.schauspiel-stuttgart.de\"},{\"@type\":\"ImageObject\",\"inLanguage\":\"pl-PL\",\"@id\":\"https:\/\/instytutpolski.pl\/duesseldorf\/2014\/03\/15\/caligula-nach-albert-camus-regie-krzysztof-garbaczewski\/#primaryimage\",\"url\":\"https:\/\/instytutpolski.pl\/duesseldorf\/wp-content\/uploads\/sites\/5\/2021\/10\/presse_274621.jpg\",\"contentUrl\":\"https:\/\/instytutpolski.pl\/duesseldorf\/wp-content\/uploads\/sites\/5\/2021\/10\/presse_274621.jpg\",\"width\":400,\"height\":267},{\"@type\":\"BreadcrumbList\",\"@id\":\"https:\/\/instytutpolski.pl\/duesseldorf\/2014\/03\/15\/caligula-nach-albert-camus-regie-krzysztof-garbaczewski\/#breadcrumb\",\"itemListElement\":[{\"@type\":\"ListItem\",\"position\":1,\"name\":\"Home\",\"item\":\"https:\/\/instytutpolski.pl\/duesseldorf\/\"},{\"@type\":\"ListItem\",\"position\":2,\"name\":\"CALIGULA nach Albert Camus, Regie: Krzysztof Garbaczewski\"}]},{\"@type\":\"WebSite\",\"@id\":\"https:\/\/instytutpolski.pl\/duesseldorf\/#website\",\"url\":\"https:\/\/instytutpolski.pl\/duesseldorf\/\",\"name\":\"Instytut Polski w Dusseldorfie\",\"description\":\"Instytuty Polskie\",\"potentialAction\":[{\"@type\":\"SearchAction\",\"target\":{\"@type\":\"EntryPoint\",\"urlTemplate\":\"https:\/\/instytutpolski.pl\/duesseldorf\/?s={search_term_string}\"},\"query-input\":{\"@type\":\"PropertyValueSpecification\",\"valueRequired\":true,\"valueName\":\"search_term_string\"}}],\"inLanguage\":\"pl-PL\"},{\"@type\":\"Person\",\"@id\":\"https:\/\/instytutpolski.pl\/duesseldorf\/#\/schema\/person\/6b4b76776c5d49a1eb862046e311998e\",\"name\":\"kolinskia\",\"image\":{\"@type\":\"ImageObject\",\"inLanguage\":\"pl-PL\",\"@id\":\"https:\/\/instytutpolski.pl\/duesseldorf\/#\/schema\/person\/image\/\",\"url\":\"https:\/\/secure.gravatar.com\/avatar\/9bb79075402c1d25f1e9e4e8260c2d13?s=96&d=mm&r=g\",\"contentUrl\":\"https:\/\/secure.gravatar.com\/avatar\/9bb79075402c1d25f1e9e4e8260c2d13?s=96&d=mm&r=g\",\"caption\":\"kolinskia\"},\"url\":\"https:\/\/instytutpolski.pl\/duesseldorf\/author\/kolinskia\/\"}]}<\/script>\n<!-- \/ Yoast SEO plugin. -->","yoast_head_json":{"title":"CALIGULA nach Albert Camus, Regie: Krzysztof Garbaczewski - Instytut Polski w Dusseldorfie","robots":{"index":"index","follow":"follow","max-snippet":"max-snippet:-1","max-image-preview":"max-image-preview:large","max-video-preview":"max-video-preview:-1"},"canonical":"https:\/\/instytutpolski.pl\/duesseldorf\/2014\/03\/15\/caligula-nach-albert-camus-regie-krzysztof-garbaczewski\/","og_locale":"pl_PL","og_type":"article","og_title":"CALIGULA nach Albert Camus, Regie: Krzysztof Garbaczewski - Instytut Polski w Dusseldorfie","og_description":"\u00a0 Sa 15.03.2014 &#8211; Mi 28.05.2014 20.00 UhrSchauspiel Stuttgart, Oberer Schlossgarten 6, 70173 Stuttgart, www.schauspiel-stuttgart.de Gelungene THEATERPREMIERE in Stuttgarthttp:\/\/www.nachtkritik.de\/index.php?option=com_content&amp;view=article&amp;id=9276:caligula-in-stuttgart-macht-krzysztof-garbaczewski-astrid-meyerfeldt-zum-nihilistischen-roemer-kaiser&amp;catid=38:die-nachtkritik&amp;Itemid=40 Camus ist 25 Jahre alt als er Caligula schreibt und bereits von der Sinnlosigkeit der Welt \u00fcberzeugt. Aus Schmerz \u00fcber den Tod seiner Geliebten wird Caligula zum Gewaltt\u00e4ter. Er erkennt sich selbst als Opfer des Zufalls [&hellip;]","og_url":"https:\/\/instytutpolski.pl\/duesseldorf\/2014\/03\/15\/caligula-nach-albert-camus-regie-krzysztof-garbaczewski\/","og_site_name":"Instytut Polski w Dusseldorfie","article_published_time":"2014-03-15T14:37:00+00:00","article_modified_time":"2021-10-20T13:48:10+00:00","og_image":[{"width":400,"height":267,"url":"https:\/\/instytutpolski.pl\/duesseldorf\/wp-content\/uploads\/sites\/5\/2021\/10\/presse_274621.jpg","type":"image\/jpeg"}],"author":"kolinskia","twitter_card":"summary_large_image","twitter_misc":{"Napisane przez":"kolinskia","Szacowany czas czytania":"1 minuta"},"schema":{"@context":"https:\/\/schema.org","@graph":[{"@type":"event","@id":"https:\/\/instytutpolski.pl\/duesseldorf\/2014\/03\/15\/caligula-nach-albert-camus-regie-krzysztof-garbaczewski\/","url":"https:\/\/instytutpolski.pl\/duesseldorf\/2014\/03\/15\/caligula-nach-albert-camus-regie-krzysztof-garbaczewski\/","name":"CALIGULA nach Albert Camus, Regie: Krzysztof Garbaczewski","isPartOf":{"@id":"https:\/\/instytutpolski.pl\/duesseldorf\/#website"},"primaryImageOfPage":{"@id":"https:\/\/instytutpolski.pl\/duesseldorf\/2014\/03\/15\/caligula-nach-albert-camus-regie-krzysztof-garbaczewski\/#primaryimage"},"image":["https:\/\/instytutpolski.pl\/duesseldorf\/wp-content\/uploads\/sites\/5\/2021\/10\/presse_274621.jpg","https:\/\/instytutpolski.pl\/duesseldorf\/wp-content\/uploads\/sites\/5\/2021\/10\/presse_274621-300x200.jpg","https:\/\/instytutpolski.pl\/duesseldorf\/wp-content\/uploads\/sites\/5\/2021\/10\/presse_274621.jpg","https:\/\/instytutpolski.pl\/duesseldorf\/wp-content\/uploads\/sites\/5\/2021\/10\/presse_274621.jpg"],"thumbnailUrl":"https:\/\/instytutpolski.pl\/duesseldorf\/wp-content\/uploads\/sites\/5\/2021\/10\/presse_274621.jpg","datePublished":"2014-03-15T14:37:00+02:00","dateModified":"2021-10-20T13:48:10+02:00","author":{"@id":"https:\/\/instytutpolski.pl\/duesseldorf\/#\/schema\/person\/6b4b76776c5d49a1eb862046e311998e"},"breadcrumb":{"@id":"https:\/\/instytutpolski.pl\/duesseldorf\/2014\/03\/15\/caligula-nach-albert-camus-regie-krzysztof-garbaczewski\/#breadcrumb"},"inLanguage":"pl-PL","potentialAction":[{"@type":"ReadAction","target":["https:\/\/instytutpolski.pl\/duesseldorf\/2014\/03\/15\/caligula-nach-albert-camus-regie-krzysztof-garbaczewski\/"]}],"@context":"https:\/\/schema.org","startDate":"2014-03-15","endDate":"2014-05-28","eventStatus":"EventScheduled","eventAttendanceMode":"OfflineEventAttendanceMode","location":{"@type":"place","name":"","address":"","geo":{"@type":"GeoCoordinates","latitude":"","longitude":""}},"description":"\u00a0\nSa 15.03.2014 - Mi 28.05.2014 20.00 UhrSchauspiel Stuttgart, Oberer Schlossgarten 6, 70173 Stuttgart, www.schauspiel-stuttgart.de\nGelungene THEATERPREMIERE in Stuttgarthttp:\/\/www.nachtkritik.de\/index.php?option=com_content&amp;view=article&amp;id=9276:caligula-in-stuttgart-macht-krzysztof-garbaczewski-astrid-meyerfeldt-zum-nihilistischen-roemer-kaiser&amp;catid=38:die-nachtkritik&amp;Itemid=40Camus ist 25 Jahre alt als er Caligula schreibt und bereits von der Sinnlosigkeit der Welt \u00fcberzeugt. Aus Schmerz \u00fcber den Tod seiner Geliebten wird Caligula zum Gewaltt\u00e4ter. Er erkennt sich selbst als Opfer des Zufalls in einer sinnlosen Welt und will sie herausfordern. Wie in einem Experiment treibt er seine Untertanen immer weiter und weiter, um zu \u00fcberpr\u00fcfen, was sie erdulden. Die Abgr\u00fcnde der menschlichen Existenz zeigen sich als grausame Visionen von Mord und Tyrannei.Krzysztof Garbaczewski\u00a0geh\u00f6rt zu den herausragenden jungen Regisseuren des polnischen Gegenwartstheaters und inszeniert nun zum ersten Mal in Deutschland. Er beleuchtet den Stoff aus unserer Zeit: Auf der Suche nach dem Grund seiner Grausamkeit blickt er in die seelischen Abgr\u00fcnde des kompromisslosen Herrschers, der in seiner Inszenierung von einer Frau verk\u00f6rpert wird: Astrid Meyerfeldt spielt Caligula.Mit Sandra Gerling, Katharina Knap, Astrid Meyerfeldt, Sebastian R\u00f6hrle, Paul Schr\u00f6derRegie &amp; B\u00fchne Krzysztof GarbaczewskiKost\u00fcme Svenja Gassen, Video Robert Mleczko, Dramaturgie Anna HaasIn Kooperation mit dem Polnischen Institut D\u00fcsseldorf.Schauspiel Stuttgart, Oberer Schlossgarten 6, 70173 Stuttgart,\u00a0www.schauspiel-stuttgart.de"},{"@type":"ImageObject","inLanguage":"pl-PL","@id":"https:\/\/instytutpolski.pl\/duesseldorf\/2014\/03\/15\/caligula-nach-albert-camus-regie-krzysztof-garbaczewski\/#primaryimage","url":"https:\/\/instytutpolski.pl\/duesseldorf\/wp-content\/uploads\/sites\/5\/2021\/10\/presse_274621.jpg","contentUrl":"https:\/\/instytutpolski.pl\/duesseldorf\/wp-content\/uploads\/sites\/5\/2021\/10\/presse_274621.jpg","width":400,"height":267},{"@type":"BreadcrumbList","@id":"https:\/\/instytutpolski.pl\/duesseldorf\/2014\/03\/15\/caligula-nach-albert-camus-regie-krzysztof-garbaczewski\/#breadcrumb","itemListElement":[{"@type":"ListItem","position":1,"name":"Home","item":"https:\/\/instytutpolski.pl\/duesseldorf\/"},{"@type":"ListItem","position":2,"name":"CALIGULA nach Albert Camus, Regie: Krzysztof Garbaczewski"}]},{"@type":"WebSite","@id":"https:\/\/instytutpolski.pl\/duesseldorf\/#website","url":"https:\/\/instytutpolski.pl\/duesseldorf\/","name":"Instytut Polski w Dusseldorfie","description":"Instytuty Polskie","potentialAction":[{"@type":"SearchAction","target":{"@type":"EntryPoint","urlTemplate":"https:\/\/instytutpolski.pl\/duesseldorf\/?s={search_term_string}"},"query-input":{"@type":"PropertyValueSpecification","valueRequired":true,"valueName":"search_term_string"}}],"inLanguage":"pl-PL"},{"@type":"Person","@id":"https:\/\/instytutpolski.pl\/duesseldorf\/#\/schema\/person\/6b4b76776c5d49a1eb862046e311998e","name":"kolinskia","image":{"@type":"ImageObject","inLanguage":"pl-PL","@id":"https:\/\/instytutpolski.pl\/duesseldorf\/#\/schema\/person\/image\/","url":"https:\/\/secure.gravatar.com\/avatar\/9bb79075402c1d25f1e9e4e8260c2d13?s=96&d=mm&r=g","contentUrl":"https:\/\/secure.gravatar.com\/avatar\/9bb79075402c1d25f1e9e4e8260c2d13?s=96&d=mm&r=g","caption":"kolinskia"},"url":"https:\/\/instytutpolski.pl\/duesseldorf\/author\/kolinskia\/"}]}},"_links":{"self":[{"href":"https:\/\/instytutpolski.pl\/duesseldorf\/wp-json\/wp\/v2\/posts\/6185","targetHints":{"allow":["GET"]}}],"collection":[{"href":"https:\/\/instytutpolski.pl\/duesseldorf\/wp-json\/wp\/v2\/posts"}],"about":[{"href":"https:\/\/instytutpolski.pl\/duesseldorf\/wp-json\/wp\/v2\/types\/post"}],"author":[{"embeddable":true,"href":"https:\/\/instytutpolski.pl\/duesseldorf\/wp-json\/wp\/v2\/users\/103"}],"replies":[{"embeddable":true,"href":"https:\/\/instytutpolski.pl\/duesseldorf\/wp-json\/wp\/v2\/comments?post=6185"}],"version-history":[{"count":1,"href":"https:\/\/instytutpolski.pl\/duesseldorf\/wp-json\/wp\/v2\/posts\/6185\/revisions"}],"predecessor-version":[{"id":6187,"href":"https:\/\/instytutpolski.pl\/duesseldorf\/wp-json\/wp\/v2\/posts\/6185\/revisions\/6187"}],"wp:featuredmedia":[{"embeddable":true,"href":"https:\/\/instytutpolski.pl\/duesseldorf\/wp-json\/wp\/v2\/media\/6186"}],"wp:attachment":[{"href":"https:\/\/instytutpolski.pl\/duesseldorf\/wp-json\/wp\/v2\/media?parent=6185"}],"wp:term":[{"taxonomy":"category","embeddable":true,"href":"https:\/\/instytutpolski.pl\/duesseldorf\/wp-json\/wp\/v2\/categories?post=6185"},{"taxonomy":"post_tag","embeddable":true,"href":"https:\/\/instytutpolski.pl\/duesseldorf\/wp-json\/wp\/v2\/tags?post=6185"}],"curies":[{"name":"wp","href":"https:\/\/api.w.org\/{rel}","templated":true}]}}