{"id":6383,"date":"2021-12-12T09:53:58","date_gmt":"2021-12-12T08:53:58","guid":{"rendered":"https:\/\/instytutpolski.pl\/duesseldorf\/?p=6383"},"modified":"2021-12-12T10:13:13","modified_gmt":"2021-12-12T09:13:13","slug":"prezydent-rzeczypospolitej-polskiej-andrzej-duda","status":"publish","type":"post","link":"https:\/\/instytutpolski.pl\/duesseldorf\/pl\/2021\/12\/12\/prezydent-rzeczypospolitej-polskiej-andrzej-duda\/","title":{"rendered":"Prezydent Andrzej Duda w 40-t\u0105 rocznic\u0119 wprowadzenia stanu wojennego w Polsce"},"content":{"rendered":"\n<p>Prezydent Rzeczypospolitej Polskiej Andrzej Duda zach\u0119ca do udzia\u0142u w kampanii spo\u0142ecznej \u201eZapal \u015awiat\u0142o Wolno\u015bci\u201d<br \/>w 40. rocznic\u0119 wprowadzenia stanu wojennego: 13 grudnia 2021 roku<\/p>\n<p>Szanowni Pa\u0144stwo, Drodzy Rodacy!<\/p>\n<p>Zbli\u017ca si\u0119 40. rocznica wprowadzenia stanu wojennego. Re\u017cim komunistyczny wyda\u0142 wtedy\u00a0wojn\u0119 Polakom. Tysi\u0105ce dzia\u0142aczy \u201eSolidarno\u015bci\u201d uwi\u0119ziono, walcz\u0105cych o wolno\u015b\u0107\u00a0wyrzucano z pracy i uczelni, brutalnie bito, t\u0142umi\u0105c protesty. Niekt\u00f3rym odebrano \u017cycie.<\/p>\n<p>Pami\u0119tamy o wszystkich ofiarach i represjonowanych w stanie wojennym. Pami\u0119tajmy o\u00a0Bohaterach! To dzi\u0119ki ich odwadze i sile komunizm w ko\u0144cu upad\u0142, a Polska odzyska\u0142a\u00a0wolno\u015b\u0107. Im zawdzi\u0119czamy to, \u017ce \u017cyjemy dzi\u015b we w\u0142asnym suwerennym, demokratycznym\u00a0pa\u0144stwie.<\/p>\n<p>Na znak tej pami\u0119ci 13 grudnia zapalmy \u015awiat\u0142o Wolno\u015bci w oknach naszych dom\u00f3w. Niech\u00a0jego p\u0142omie\u0144 przypomni o ofiarach. Niech przypomni o zwyci\u0119skiej walce ze zniewoleniem i\u00a0o odzyskaniu wolnej Polski.<\/p>\n","protected":false},"excerpt":{"rendered":"<p>Prezydent Rzeczypospolitej Polskiej Andrzej Duda zach\u0119ca do udzia\u0142u w kampanii spo\u0142ecznej \u201eZapal \u015awiat\u0142o Wolno\u015bci\u201dw 40. rocznic\u0119 wprowadzenia stanu wojennego: 13 grudnia 2021 roku Szanowni Pa\u0144stwo, Drodzy Rodacy! Zbli\u017ca si\u0119 40. rocznica wprowadzenia stanu wojennego. Re\u017cim komunistyczny wyda\u0142 wtedy\u00a0wojn\u0119 Polakom. Tysi\u0105ce dzia\u0142aczy \u201eSolidarno\u015bci\u201d uwi\u0119ziono, walcz\u0105cych o wolno\u015b\u0107\u00a0wyrzucano z pracy i uczelni, brutalnie bito, t\u0142umi\u0105c protesty. Niekt\u00f3rym [&hellip;]<\/p>\n","protected":false},"author":103,"featured_media":6378,"comment_status":"open","ping_status":"open","sticky":false,"template":"","format":"standard","meta":{"inline_featured_image":false,"_monsterinsights_skip_tracking":false,"_monsterinsights_sitenote_active":false,"_monsterinsights_sitenote_note":"","_monsterinsights_sitenote_category":0,"footnotes":""},"categories":[185,197],"tags":[],"class_list":["post-6383","post","type-post","status-publish","format-standard","has-post-thumbnail","hentry","category-aktualnosc","category-historiaidyskusje"],"yoast_head":"<!-- This site is optimized with the Yoast SEO plugin v24.6 - https:\/\/yoast.com\/wordpress\/plugins\/seo\/ -->\n<title>Prezydent Andrzej Duda w 40-t\u0105 rocznic\u0119 wprowadzenia stanu wojennego w Polsce - Instytut Polski w Dusseldorfie<\/title>\n<meta name=\"description\" content=\"Der Pr\u00e4sident der Republik Polen Andrzej Duda\u00a0sendet eine Botschaft, in der er dazu aufruft, sich an der sozialen Kampagne &quot;Das Licht der Freiheit anz\u00fcnden&quot; zu beteiligen - zum 40. Jahrestag der Verh\u00e4ngung des Kriegsrechts in Polen 13. Dezember 2021.\" \/>\n<meta name=\"robots\" content=\"index, follow, max-snippet:-1, max-image-preview:large, max-video-preview:-1\" \/>\n<link rel=\"canonical\" href=\"https:\/\/instytutpolski.pl\/duesseldorf\/pl\/2021\/12\/12\/prezydent-rzeczypospolitej-polskiej-andrzej-duda\/\" \/>\n<meta property=\"og:locale\" content=\"pl_PL\" \/>\n<meta property=\"og:type\" content=\"article\" \/>\n<meta property=\"og:title\" content=\"Prezydent Andrzej Duda w 40-t\u0105 rocznic\u0119 wprowadzenia stanu wojennego w Polsce - Instytut Polski w Dusseldorfie\" \/>\n<meta property=\"og:description\" content=\"Der Pr\u00e4sident der Republik Polen Andrzej Duda\u00a0sendet eine Botschaft, in der er dazu aufruft, sich an der sozialen Kampagne &quot;Das Licht der Freiheit anz\u00fcnden&quot; zu beteiligen - zum 40. Jahrestag der Verh\u00e4ngung des Kriegsrechts in Polen 13. Dezember 2021.\" \/>\n<meta property=\"og:url\" content=\"https:\/\/instytutpolski.pl\/duesseldorf\/pl\/2021\/12\/12\/prezydent-rzeczypospolitej-polskiej-andrzej-duda\/\" \/>\n<meta property=\"og:site_name\" content=\"Instytut Polski w Dusseldorfie\" \/>\n<meta property=\"article:published_time\" content=\"2021-12-12T08:53:58+00:00\" \/>\n<meta property=\"article:modified_time\" content=\"2021-12-12T09:13:13+00:00\" \/>\n<meta property=\"og:image\" content=\"https:\/\/instytutpolski.pl\/duesseldorf\/wp-content\/uploads\/sites\/5\/2021\/12\/Plakat-swieczka-2.png\" \/>\n\t<meta property=\"og:image:width\" content=\"769\" \/>\n\t<meta property=\"og:image:height\" content=\"546\" \/>\n\t<meta property=\"og:image:type\" content=\"image\/png\" \/>\n<meta name=\"author\" content=\"kolinskia\" \/>\n<meta name=\"twitter:card\" content=\"summary_large_image\" \/>\n<meta name=\"twitter:label1\" content=\"Napisane przez\" \/>\n\t<meta name=\"twitter:data1\" content=\"kolinskia\" \/>\n\t<meta name=\"twitter:label2\" content=\"Szacowany czas czytania\" \/>\n\t<meta name=\"twitter:data2\" content=\"1 minuta\" \/>\n<script type=\"application\/ld+json\" class=\"yoast-schema-graph\">{\"@context\":\"https:\/\/schema.org\",\"@graph\":[{\"@type\":\"event\",\"@id\":\"https:\/\/instytutpolski.pl\/duesseldorf\/pl\/2021\/12\/12\/prezydent-rzeczypospolitej-polskiej-andrzej-duda\/\",\"url\":\"https:\/\/instytutpolski.pl\/duesseldorf\/pl\/2021\/12\/12\/prezydent-rzeczypospolitej-polskiej-andrzej-duda\/\",\"name\":\"Prezydent Andrzej Duda w 40-t\u0105 rocznic\u0119 wprowadzenia stanu wojennego w Polsce\",\"isPartOf\":{\"@id\":\"https:\/\/instytutpolski.pl\/duesseldorf\/#website\"},\"primaryImageOfPage\":{\"@id\":\"https:\/\/instytutpolski.pl\/duesseldorf\/pl\/2021\/12\/12\/prezydent-rzeczypospolitej-polskiej-andrzej-duda\/#primaryimage\"},\"image\":[\"https:\/\/instytutpolski.pl\/duesseldorf\/wp-content\/uploads\/sites\/5\/2021\/12\/Plakat-swieczka-2.png\",\"https:\/\/instytutpolski.pl\/duesseldorf\/wp-content\/uploads\/sites\/5\/2021\/12\/Plakat-swieczka-2-300x213.png\",\"https:\/\/instytutpolski.pl\/duesseldorf\/wp-content\/uploads\/sites\/5\/2021\/12\/Plakat-swieczka-2.png\",\"https:\/\/instytutpolski.pl\/duesseldorf\/wp-content\/uploads\/sites\/5\/2021\/12\/Plakat-swieczka-2.png\"],\"thumbnailUrl\":\"https:\/\/instytutpolski.pl\/duesseldorf\/wp-content\/uploads\/sites\/5\/2021\/12\/Plakat-swieczka-2.png\",\"datePublished\":\"2021-12-12T08:53:58+02:00\",\"dateModified\":\"2021-12-12T09:13:13+02:00\",\"author\":{\"@id\":\"https:\/\/instytutpolski.pl\/duesseldorf\/#\/schema\/person\/6b4b76776c5d49a1eb862046e311998e\"},\"description\":\"Prezydent Rzeczypospolitej Polskiej Andrzej Duda zach\u0119ca do udzia\u0142u w kampanii spo\u0142ecznej \u201eZapal \u015awiat\u0142o Wolno\u015bci\u201dw 40. rocznic\u0119 wprowadzenia stanu wojennego: 13 grudnia 2021 roku\\nSzanowni Pa\u0144stwo, Drodzy Rodacy!\\nZbli\u017ca si\u0119 40. rocznica wprowadzenia stanu wojennego. Re\u017cim komunistyczny wyda\u0142 wtedy\u00a0wojn\u0119 Polakom. Tysi\u0105ce dzia\u0142aczy \u201eSolidarno\u015bci\u201d uwi\u0119ziono, walcz\u0105cych o wolno\u015b\u0107\u00a0wyrzucano z pracy i uczelni, brutalnie bito, t\u0142umi\u0105c protesty. Niekt\u00f3rym odebrano \u017cycie.\\nPami\u0119tamy o wszystkich ofiarach i represjonowanych w stanie wojennym. Pami\u0119tajmy o\u00a0Bohaterach! To dzi\u0119ki ich odwadze i sile komunizm w ko\u0144cu upad\u0142, a Polska odzyska\u0142a\u00a0wolno\u015b\u0107. Im zawdzi\u0119czamy to, \u017ce \u017cyjemy dzi\u015b we w\u0142asnym suwerennym, demokratycznym\u00a0pa\u0144stwie.\\nNa znak tej pami\u0119ci 13 grudnia zapalmy \u015awiat\u0142o Wolno\u015bci w oknach naszych dom\u00f3w. Niech\u00a0jego p\u0142omie\u0144 przypomni o ofiarach. Niech przypomni o zwyci\u0119skiej walce ze zniewoleniem i\u00a0o odzyskaniu wolnej Polski.\",\"breadcrumb\":{\"@id\":\"https:\/\/instytutpolski.pl\/duesseldorf\/pl\/2021\/12\/12\/prezydent-rzeczypospolitej-polskiej-andrzej-duda\/#breadcrumb\"},\"inLanguage\":\"pl-PL\",\"potentialAction\":[{\"@type\":\"ReadAction\",\"target\":[\"https:\/\/instytutpolski.pl\/duesseldorf\/pl\/2021\/12\/12\/prezydent-rzeczypospolitej-polskiej-andrzej-duda\/\"]}],\"@context\":\"https:\/\/schema.org\",\"startDate\":\"2021-12-13\",\"endDate\":\"2021-12-31\",\"eventStatus\":\"EventScheduled\",\"eventAttendanceMode\":\"OfflineEventAttendanceMode\",\"location\":{\"@type\":\"place\",\"name\":\"\",\"address\":\"\",\"geo\":{\"@type\":\"GeoCoordinates\",\"latitude\":\"\",\"longitude\":\"\"}}},{\"@type\":\"ImageObject\",\"inLanguage\":\"pl-PL\",\"@id\":\"https:\/\/instytutpolski.pl\/duesseldorf\/pl\/2021\/12\/12\/prezydent-rzeczypospolitej-polskiej-andrzej-duda\/#primaryimage\",\"url\":\"https:\/\/instytutpolski.pl\/duesseldorf\/wp-content\/uploads\/sites\/5\/2021\/12\/Plakat-swieczka-2.png\",\"contentUrl\":\"https:\/\/instytutpolski.pl\/duesseldorf\/wp-content\/uploads\/sites\/5\/2021\/12\/Plakat-swieczka-2.png\",\"width\":769,\"height\":546},{\"@type\":\"BreadcrumbList\",\"@id\":\"https:\/\/instytutpolski.pl\/duesseldorf\/pl\/2021\/12\/12\/prezydent-rzeczypospolitej-polskiej-andrzej-duda\/#breadcrumb\",\"itemListElement\":[{\"@type\":\"ListItem\",\"position\":1,\"name\":\"Home\",\"item\":\"https:\/\/instytutpolski.pl\/duesseldorf\/\"},{\"@type\":\"ListItem\",\"position\":2,\"name\":\"Prezydent Andrzej Duda w 40-t\u0105 rocznic\u0119 wprowadzenia stanu wojennego w Polsce\"}]},{\"@type\":\"WebSite\",\"@id\":\"https:\/\/instytutpolski.pl\/duesseldorf\/#website\",\"url\":\"https:\/\/instytutpolski.pl\/duesseldorf\/\",\"name\":\"Instytut Polski w Dusseldorfie\",\"description\":\"Instytuty Polskie\",\"potentialAction\":[{\"@type\":\"SearchAction\",\"target\":{\"@type\":\"EntryPoint\",\"urlTemplate\":\"https:\/\/instytutpolski.pl\/duesseldorf\/?s={search_term_string}\"},\"query-input\":{\"@type\":\"PropertyValueSpecification\",\"valueRequired\":true,\"valueName\":\"search_term_string\"}}],\"inLanguage\":\"pl-PL\"},{\"@type\":\"Person\",\"@id\":\"https:\/\/instytutpolski.pl\/duesseldorf\/#\/schema\/person\/6b4b76776c5d49a1eb862046e311998e\",\"name\":\"kolinskia\",\"image\":{\"@type\":\"ImageObject\",\"inLanguage\":\"pl-PL\",\"@id\":\"https:\/\/instytutpolski.pl\/duesseldorf\/#\/schema\/person\/image\/\",\"url\":\"https:\/\/secure.gravatar.com\/avatar\/9bb79075402c1d25f1e9e4e8260c2d13?s=96&d=mm&r=g\",\"contentUrl\":\"https:\/\/secure.gravatar.com\/avatar\/9bb79075402c1d25f1e9e4e8260c2d13?s=96&d=mm&r=g\",\"caption\":\"kolinskia\"},\"url\":\"https:\/\/instytutpolski.pl\/duesseldorf\/author\/kolinskia\/\"}]}<\/script>\n<!-- \/ Yoast SEO plugin. -->","yoast_head_json":{"title":"Prezydent Andrzej Duda w 40-t\u0105 rocznic\u0119 wprowadzenia stanu wojennego w Polsce - Instytut Polski w Dusseldorfie","description":"Der Pr\u00e4sident der Republik Polen Andrzej Duda\u00a0sendet eine Botschaft, in der er dazu aufruft, sich an der sozialen Kampagne \"Das Licht der Freiheit anz\u00fcnden\" zu beteiligen - zum 40. Jahrestag der Verh\u00e4ngung des Kriegsrechts in Polen 13. Dezember 2021.","robots":{"index":"index","follow":"follow","max-snippet":"max-snippet:-1","max-image-preview":"max-image-preview:large","max-video-preview":"max-video-preview:-1"},"canonical":"https:\/\/instytutpolski.pl\/duesseldorf\/pl\/2021\/12\/12\/prezydent-rzeczypospolitej-polskiej-andrzej-duda\/","og_locale":"pl_PL","og_type":"article","og_title":"Prezydent Andrzej Duda w 40-t\u0105 rocznic\u0119 wprowadzenia stanu wojennego w Polsce - Instytut Polski w Dusseldorfie","og_description":"Der Pr\u00e4sident der Republik Polen Andrzej Duda\u00a0sendet eine Botschaft, in der er dazu aufruft, sich an der sozialen Kampagne \"Das Licht der Freiheit anz\u00fcnden\" zu beteiligen - zum 40. Jahrestag der Verh\u00e4ngung des Kriegsrechts in Polen 13. Dezember 2021.","og_url":"https:\/\/instytutpolski.pl\/duesseldorf\/pl\/2021\/12\/12\/prezydent-rzeczypospolitej-polskiej-andrzej-duda\/","og_site_name":"Instytut Polski w Dusseldorfie","article_published_time":"2021-12-12T08:53:58+00:00","article_modified_time":"2021-12-12T09:13:13+00:00","og_image":[{"width":769,"height":546,"url":"https:\/\/instytutpolski.pl\/duesseldorf\/wp-content\/uploads\/sites\/5\/2021\/12\/Plakat-swieczka-2.png","type":"image\/png"}],"author":"kolinskia","twitter_card":"summary_large_image","twitter_misc":{"Napisane przez":"kolinskia","Szacowany czas czytania":"1 minuta"},"schema":{"@context":"https:\/\/schema.org","@graph":[{"@type":"event","@id":"https:\/\/instytutpolski.pl\/duesseldorf\/pl\/2021\/12\/12\/prezydent-rzeczypospolitej-polskiej-andrzej-duda\/","url":"https:\/\/instytutpolski.pl\/duesseldorf\/pl\/2021\/12\/12\/prezydent-rzeczypospolitej-polskiej-andrzej-duda\/","name":"Prezydent Andrzej Duda w 40-t\u0105 rocznic\u0119 wprowadzenia stanu wojennego w Polsce","isPartOf":{"@id":"https:\/\/instytutpolski.pl\/duesseldorf\/#website"},"primaryImageOfPage":{"@id":"https:\/\/instytutpolski.pl\/duesseldorf\/pl\/2021\/12\/12\/prezydent-rzeczypospolitej-polskiej-andrzej-duda\/#primaryimage"},"image":["https:\/\/instytutpolski.pl\/duesseldorf\/wp-content\/uploads\/sites\/5\/2021\/12\/Plakat-swieczka-2.png","https:\/\/instytutpolski.pl\/duesseldorf\/wp-content\/uploads\/sites\/5\/2021\/12\/Plakat-swieczka-2-300x213.png","https:\/\/instytutpolski.pl\/duesseldorf\/wp-content\/uploads\/sites\/5\/2021\/12\/Plakat-swieczka-2.png","https:\/\/instytutpolski.pl\/duesseldorf\/wp-content\/uploads\/sites\/5\/2021\/12\/Plakat-swieczka-2.png"],"thumbnailUrl":"https:\/\/instytutpolski.pl\/duesseldorf\/wp-content\/uploads\/sites\/5\/2021\/12\/Plakat-swieczka-2.png","datePublished":"2021-12-12T08:53:58+02:00","dateModified":"2021-12-12T09:13:13+02:00","author":{"@id":"https:\/\/instytutpolski.pl\/duesseldorf\/#\/schema\/person\/6b4b76776c5d49a1eb862046e311998e"},"description":"Prezydent Rzeczypospolitej Polskiej Andrzej Duda zach\u0119ca do udzia\u0142u w kampanii spo\u0142ecznej \u201eZapal \u015awiat\u0142o Wolno\u015bci\u201dw 40. rocznic\u0119 wprowadzenia stanu wojennego: 13 grudnia 2021 roku\nSzanowni Pa\u0144stwo, Drodzy Rodacy!\nZbli\u017ca si\u0119 40. rocznica wprowadzenia stanu wojennego. Re\u017cim komunistyczny wyda\u0142 wtedy\u00a0wojn\u0119 Polakom. Tysi\u0105ce dzia\u0142aczy \u201eSolidarno\u015bci\u201d uwi\u0119ziono, walcz\u0105cych o wolno\u015b\u0107\u00a0wyrzucano z pracy i uczelni, brutalnie bito, t\u0142umi\u0105c protesty. Niekt\u00f3rym odebrano \u017cycie.\nPami\u0119tamy o wszystkich ofiarach i represjonowanych w stanie wojennym. Pami\u0119tajmy o\u00a0Bohaterach! To dzi\u0119ki ich odwadze i sile komunizm w ko\u0144cu upad\u0142, a Polska odzyska\u0142a\u00a0wolno\u015b\u0107. Im zawdzi\u0119czamy to, \u017ce \u017cyjemy dzi\u015b we w\u0142asnym suwerennym, demokratycznym\u00a0pa\u0144stwie.\nNa znak tej pami\u0119ci 13 grudnia zapalmy \u015awiat\u0142o Wolno\u015bci w oknach naszych dom\u00f3w. Niech\u00a0jego p\u0142omie\u0144 przypomni o ofiarach. Niech przypomni o zwyci\u0119skiej walce ze zniewoleniem i\u00a0o odzyskaniu wolnej Polski.","breadcrumb":{"@id":"https:\/\/instytutpolski.pl\/duesseldorf\/pl\/2021\/12\/12\/prezydent-rzeczypospolitej-polskiej-andrzej-duda\/#breadcrumb"},"inLanguage":"pl-PL","potentialAction":[{"@type":"ReadAction","target":["https:\/\/instytutpolski.pl\/duesseldorf\/pl\/2021\/12\/12\/prezydent-rzeczypospolitej-polskiej-andrzej-duda\/"]}],"@context":"https:\/\/schema.org","startDate":"2021-12-13","endDate":"2021-12-31","eventStatus":"EventScheduled","eventAttendanceMode":"OfflineEventAttendanceMode","location":{"@type":"place","name":"","address":"","geo":{"@type":"GeoCoordinates","latitude":"","longitude":""}}},{"@type":"ImageObject","inLanguage":"pl-PL","@id":"https:\/\/instytutpolski.pl\/duesseldorf\/pl\/2021\/12\/12\/prezydent-rzeczypospolitej-polskiej-andrzej-duda\/#primaryimage","url":"https:\/\/instytutpolski.pl\/duesseldorf\/wp-content\/uploads\/sites\/5\/2021\/12\/Plakat-swieczka-2.png","contentUrl":"https:\/\/instytutpolski.pl\/duesseldorf\/wp-content\/uploads\/sites\/5\/2021\/12\/Plakat-swieczka-2.png","width":769,"height":546},{"@type":"BreadcrumbList","@id":"https:\/\/instytutpolski.pl\/duesseldorf\/pl\/2021\/12\/12\/prezydent-rzeczypospolitej-polskiej-andrzej-duda\/#breadcrumb","itemListElement":[{"@type":"ListItem","position":1,"name":"Home","item":"https:\/\/instytutpolski.pl\/duesseldorf\/"},{"@type":"ListItem","position":2,"name":"Prezydent Andrzej Duda w 40-t\u0105 rocznic\u0119 wprowadzenia stanu wojennego w Polsce"}]},{"@type":"WebSite","@id":"https:\/\/instytutpolski.pl\/duesseldorf\/#website","url":"https:\/\/instytutpolski.pl\/duesseldorf\/","name":"Instytut Polski w Dusseldorfie","description":"Instytuty Polskie","potentialAction":[{"@type":"SearchAction","target":{"@type":"EntryPoint","urlTemplate":"https:\/\/instytutpolski.pl\/duesseldorf\/?s={search_term_string}"},"query-input":{"@type":"PropertyValueSpecification","valueRequired":true,"valueName":"search_term_string"}}],"inLanguage":"pl-PL"},{"@type":"Person","@id":"https:\/\/instytutpolski.pl\/duesseldorf\/#\/schema\/person\/6b4b76776c5d49a1eb862046e311998e","name":"kolinskia","image":{"@type":"ImageObject","inLanguage":"pl-PL","@id":"https:\/\/instytutpolski.pl\/duesseldorf\/#\/schema\/person\/image\/","url":"https:\/\/secure.gravatar.com\/avatar\/9bb79075402c1d25f1e9e4e8260c2d13?s=96&d=mm&r=g","contentUrl":"https:\/\/secure.gravatar.com\/avatar\/9bb79075402c1d25f1e9e4e8260c2d13?s=96&d=mm&r=g","caption":"kolinskia"},"url":"https:\/\/instytutpolski.pl\/duesseldorf\/author\/kolinskia\/"}]}},"_links":{"self":[{"href":"https:\/\/instytutpolski.pl\/duesseldorf\/wp-json\/wp\/v2\/posts\/6383","targetHints":{"allow":["GET"]}}],"collection":[{"href":"https:\/\/instytutpolski.pl\/duesseldorf\/wp-json\/wp\/v2\/posts"}],"about":[{"href":"https:\/\/instytutpolski.pl\/duesseldorf\/wp-json\/wp\/v2\/types\/post"}],"author":[{"embeddable":true,"href":"https:\/\/instytutpolski.pl\/duesseldorf\/wp-json\/wp\/v2\/users\/103"}],"replies":[{"embeddable":true,"href":"https:\/\/instytutpolski.pl\/duesseldorf\/wp-json\/wp\/v2\/comments?post=6383"}],"version-history":[{"count":5,"href":"https:\/\/instytutpolski.pl\/duesseldorf\/wp-json\/wp\/v2\/posts\/6383\/revisions"}],"predecessor-version":[{"id":6390,"href":"https:\/\/instytutpolski.pl\/duesseldorf\/wp-json\/wp\/v2\/posts\/6383\/revisions\/6390"}],"wp:featuredmedia":[{"embeddable":true,"href":"https:\/\/instytutpolski.pl\/duesseldorf\/wp-json\/wp\/v2\/media\/6378"}],"wp:attachment":[{"href":"https:\/\/instytutpolski.pl\/duesseldorf\/wp-json\/wp\/v2\/media?parent=6383"}],"wp:term":[{"taxonomy":"category","embeddable":true,"href":"https:\/\/instytutpolski.pl\/duesseldorf\/wp-json\/wp\/v2\/categories?post=6383"},{"taxonomy":"post_tag","embeddable":true,"href":"https:\/\/instytutpolski.pl\/duesseldorf\/wp-json\/wp\/v2\/tags?post=6383"}],"curies":[{"name":"wp","href":"https:\/\/api.w.org\/{rel}","templated":true}]}}