{"id":6716,"date":"2022-03-10T14:20:00","date_gmt":"2022-03-10T13:20:00","guid":{"rendered":"https:\/\/instytutpolski.pl\/duesseldorf\/?p=6716"},"modified":"2022-03-28T16:49:16","modified_gmt":"2022-03-28T14:49:16","slug":"szczepan-twardoch-demut-lit-cologne-2022","status":"publish","type":"post","link":"https:\/\/instytutpolski.pl\/duesseldorf\/2022\/03\/10\/szczepan-twardoch-demut-lit-cologne-2022\/","title":{"rendered":"Szczepan Twardoch DEMUT &#8211; lit.COLOGNE 2022"},"content":{"rendered":"\n<p>Demut \u2013 Szczepan Twardoch<br \/>mit <a href=\"https:\/\/www.litcologne.de\/de\/mitwirkende\/szczepan-twardoch\"><i class=\"far fa-dot-circle\"><\/i>\u00a0Szczepan Twardoch\u00a0<\/a><a href=\"https:\/\/www.litcologne.de\/de\/mitwirkende\/florian-lukas\"><i class=\"far fa-dot-circle\"><\/i>\u00a0Florian Lukas\u00a0<\/a><a href=\"https:\/\/www.litcologne.de\/de\/mitwirkende\/olga-mannheimer\"><i class=\"far fa-dot-circle\"><\/i>\u00a0Olga Mannheimer<\/a><br \/><br \/>Freitag, 25. M\u00e4rz 2022, 19:30 Uhr <br \/>COMEDIA Theater, Gr\u00fcner Saal, <span style=\"font-size: revert;color: initial\">Vondelstra\u00dfe 4-8, <\/span><span style=\"font-size: revert;color: initial\">K\u00f6ln-S\u00fcdstadt<\/span><br \/><br \/>Anfang des 20. Jahrhunderts in Schlesien: Nach seinem Einsatz im Weltkrieg muss sich der Bergmannssohn Alois Pokora unerwartet der eigenen Herkunft stellen und trifft seine gro\u00dfe Liebe wieder. <strong>Szczepan Twardoch<\/strong>\u00a0erz\u00e4hlt in\u00a0<strong>Demut<\/strong>\u00a0mit mitrei\u00dfender Wucht von einer Welt im Wandel. \u201eIn seinen Pageturnern gelingt es ihm, die gewaltsamen Umbru\u0308che des zwanzigsten Jahrhunderts literarisch zu vergegenw\u00e4rtigen.\u201c (FAZ) Mod.:\u00a0<strong>Olga Mannheimer<\/strong>, dt. Text:\u00a0<strong>Florian Lukas<\/strong><\/p>\n<p>EAN: 9783737101219<br \/>ISBN: 3737101213<br \/>Libri: 2813752<br \/>Originaltitel: Pokora.<br \/>\u00dcbersetzt von Olaf K\u00fchl<br \/>Rowohlt Berlin<br \/>Februar 2022\u00a0&#8211;\u00a0462 Seiten<br \/><br \/><a href=\"https:\/\/www.litcologne.de\/de\/programm\/lit-cologne-2022\/demut-szczepan-twardoch-und-florian-lukas\">https:\/\/www.litcologne.de\/de\/programm\/lit-cologne-2022\/demut-szczepan-twardoch-und-florian-lukas<\/a><\/p>\n","protected":false},"excerpt":{"rendered":"<p>Demut \u2013 Szczepan Twardochmit \u00a0Szczepan Twardoch\u00a0\u00a0Florian Lukas\u00a0\u00a0Olga Mannheimer Freitag, 25. M\u00e4rz 2022, 19:30 Uhr COMEDIA Theater, Gr\u00fcner Saal, Vondelstra\u00dfe 4-8, K\u00f6ln-S\u00fcdstadt Anfang des 20. Jahrhunderts in Schlesien: Nach seinem Einsatz im Weltkrieg muss sich der Bergmannssohn Alois Pokora unerwartet der eigenen Herkunft stellen und trifft seine gro\u00dfe Liebe wieder. Szczepan Twardoch\u00a0erz\u00e4hlt in\u00a0Demut\u00a0mit mitrei\u00dfender Wucht von [&hellip;]<\/p>\n","protected":false},"author":103,"featured_media":6717,"comment_status":"open","ping_status":"open","sticky":false,"template":"","format":"standard","meta":{"inline_featured_image":false,"_monsterinsights_skip_tracking":false,"_monsterinsights_sitenote_active":false,"_monsterinsights_sitenote_note":"","_monsterinsights_sitenote_category":0,"footnotes":""},"categories":[10],"tags":[],"class_list":["post-6716","post","type-post","status-publish","format-standard","has-post-thumbnail","hentry","category-literatur"],"yoast_head":"<!-- This site is optimized with the Yoast SEO plugin v24.6 - https:\/\/yoast.com\/wordpress\/plugins\/seo\/ -->\n<title>Szczepan Twardoch DEMUT - lit.COLOGNE 2022 - Instytut Polski w Dusseldorfie<\/title>\n<meta name=\"description\" content=\"\u00abDemut\u00bb ist ein gewaltiger Roman \u00fcber einen Mann im Strudel der Zeit, der zwischen Emanzipation und Selbstzweifel steht und in einer explosiven, ungeheuer freien Epoche seinen Weg sucht.\" \/>\n<meta name=\"robots\" content=\"index, follow, max-snippet:-1, max-image-preview:large, max-video-preview:-1\" \/>\n<link rel=\"canonical\" href=\"https:\/\/instytutpolski.pl\/duesseldorf\/2022\/03\/10\/szczepan-twardoch-demut-lit-cologne-2022\/\" \/>\n<meta property=\"og:locale\" content=\"pl_PL\" \/>\n<meta property=\"og:type\" content=\"article\" \/>\n<meta property=\"og:title\" content=\"Szczepan Twardoch DEMUT - lit.COLOGNE 2022 - Instytut Polski w Dusseldorfie\" \/>\n<meta property=\"og:description\" content=\"\u00abDemut\u00bb ist ein gewaltiger Roman \u00fcber einen Mann im Strudel der Zeit, der zwischen Emanzipation und Selbstzweifel steht und in einer explosiven, ungeheuer freien Epoche seinen Weg sucht.\" \/>\n<meta property=\"og:url\" content=\"https:\/\/instytutpolski.pl\/duesseldorf\/2022\/03\/10\/szczepan-twardoch-demut-lit-cologne-2022\/\" \/>\n<meta property=\"og:site_name\" content=\"Instytut Polski w Dusseldorfie\" \/>\n<meta property=\"article:published_time\" content=\"2022-03-10T13:20:00+00:00\" \/>\n<meta property=\"article:modified_time\" content=\"2022-03-28T14:49:16+00:00\" \/>\n<meta property=\"og:image\" content=\"https:\/\/instytutpolski.pl\/duesseldorf\/wp-content\/uploads\/sites\/5\/2022\/03\/Szczepan-Twardoch_Demut-Titelblatt.jpeg\" \/>\n\t<meta property=\"og:image:width\" content=\"1220\" \/>\n\t<meta property=\"og:image:height\" content=\"2000\" \/>\n\t<meta property=\"og:image:type\" content=\"image\/jpeg\" \/>\n<meta name=\"author\" content=\"kolinskia\" \/>\n<meta name=\"twitter:card\" content=\"summary_large_image\" \/>\n<meta name=\"twitter:label1\" content=\"Napisane przez\" \/>\n\t<meta name=\"twitter:data1\" content=\"kolinskia\" \/>\n\t<meta name=\"twitter:label2\" content=\"Szacowany czas czytania\" \/>\n\t<meta name=\"twitter:data2\" content=\"1 minuta\" \/>\n<script type=\"application\/ld+json\" class=\"yoast-schema-graph\">{\"@context\":\"https:\/\/schema.org\",\"@graph\":[{\"@type\":\"event\",\"@id\":\"https:\/\/instytutpolski.pl\/duesseldorf\/2022\/03\/10\/szczepan-twardoch-demut-lit-cologne-2022\/\",\"url\":\"https:\/\/instytutpolski.pl\/duesseldorf\/2022\/03\/10\/szczepan-twardoch-demut-lit-cologne-2022\/\",\"name\":\"Szczepan Twardoch DEMUT - lit.COLOGNE 2022\",\"isPartOf\":{\"@id\":\"https:\/\/instytutpolski.pl\/duesseldorf\/#website\"},\"primaryImageOfPage\":{\"@id\":\"https:\/\/instytutpolski.pl\/duesseldorf\/2022\/03\/10\/szczepan-twardoch-demut-lit-cologne-2022\/#primaryimage\"},\"image\":[\"https:\/\/instytutpolski.pl\/duesseldorf\/wp-content\/uploads\/sites\/5\/2022\/03\/Szczepan-Twardoch_Demut-Titelblatt.jpeg\",\"https:\/\/instytutpolski.pl\/duesseldorf\/wp-content\/uploads\/sites\/5\/2022\/03\/Szczepan-Twardoch_Demut-Titelblatt-183x300.jpeg\",\"https:\/\/instytutpolski.pl\/duesseldorf\/wp-content\/uploads\/sites\/5\/2022\/03\/Szczepan-Twardoch_Demut-Titelblatt-625x1024.jpeg\",\"https:\/\/instytutpolski.pl\/duesseldorf\/wp-content\/uploads\/sites\/5\/2022\/03\/Szczepan-Twardoch_Demut-Titelblatt.jpeg\"],\"thumbnailUrl\":\"https:\/\/instytutpolski.pl\/duesseldorf\/wp-content\/uploads\/sites\/5\/2022\/03\/Szczepan-Twardoch_Demut-Titelblatt.jpeg\",\"datePublished\":\"2022-03-10T13:20:00+02:00\",\"dateModified\":\"2022-03-28T14:49:16+02:00\",\"author\":{\"@id\":\"https:\/\/instytutpolski.pl\/duesseldorf\/#\/schema\/person\/6b4b76776c5d49a1eb862046e311998e\"},\"description\":\"Demut \u2013 Szczepan Twardochmit \u00a0Szczepan Twardoch\u00a0\u00a0Florian Lukas\u00a0\u00a0Olga MannheimerFreitag, 25. M\u00e4rz 2022, 19:30 Uhr COMEDIA Theater, Gr\u00fcner Saal, Vondelstra\u00dfe 4-8, K\u00f6ln-S\u00fcdstadtAnfang des 20. Jahrhunderts in Schlesien: Nach seinem Einsatz im Weltkrieg muss sich der Bergmannssohn Alois Pokora unerwartet der eigenen Herkunft stellen und trifft seine gro\u00dfe Liebe wieder. Szczepan Twardoch\u00a0erz\u00e4hlt in\u00a0Demut\u00a0mit mitrei\u00dfender Wucht von einer Welt im Wandel. \u201eIn seinen Pageturnern gelingt es ihm, die gewaltsamen Umbru\u0308che des zwanzigsten Jahrhunderts literarisch zu vergegenw\u00e4rtigen.\u201c (FAZ) Mod.:\u00a0Olga Mannheimer, dt. Text:\u00a0Florian Lukas\\nEAN: 9783737101219ISBN: 3737101213Libri: 2813752Originaltitel: Pokora.\u00dcbersetzt von Olaf K\u00fchlRowohlt BerlinFebruar 2022\u00a0-\u00a0462 Seitenhttps:\/\/www.litcologne.de\/de\/programm\/lit-cologne-2022\/demut-szczepan-twardoch-und-florian-lukas\",\"breadcrumb\":{\"@id\":\"https:\/\/instytutpolski.pl\/duesseldorf\/2022\/03\/10\/szczepan-twardoch-demut-lit-cologne-2022\/#breadcrumb\"},\"inLanguage\":\"pl-PL\",\"potentialAction\":[{\"@type\":\"ReadAction\",\"target\":[\"https:\/\/instytutpolski.pl\/duesseldorf\/2022\/03\/10\/szczepan-twardoch-demut-lit-cologne-2022\/\"]}],\"@context\":\"https:\/\/schema.org\",\"startDate\":\"2022-03-25T07:30:00+02:00\",\"endDate\":\"2022-03-25T09:00:00+02:00\",\"eventStatus\":\"EventScheduled\",\"eventAttendanceMode\":\"OfflineEventAttendanceMode\",\"location\":{\"@type\":\"place\",\"name\":\"\",\"address\":\"\",\"geo\":{\"@type\":\"GeoCoordinates\",\"latitude\":\"\",\"longitude\":\"\"}}},{\"@type\":\"ImageObject\",\"inLanguage\":\"pl-PL\",\"@id\":\"https:\/\/instytutpolski.pl\/duesseldorf\/2022\/03\/10\/szczepan-twardoch-demut-lit-cologne-2022\/#primaryimage\",\"url\":\"https:\/\/instytutpolski.pl\/duesseldorf\/wp-content\/uploads\/sites\/5\/2022\/03\/Szczepan-Twardoch_Demut-Titelblatt.jpeg\",\"contentUrl\":\"https:\/\/instytutpolski.pl\/duesseldorf\/wp-content\/uploads\/sites\/5\/2022\/03\/Szczepan-Twardoch_Demut-Titelblatt.jpeg\",\"width\":1220,\"height\":2000},{\"@type\":\"BreadcrumbList\",\"@id\":\"https:\/\/instytutpolski.pl\/duesseldorf\/2022\/03\/10\/szczepan-twardoch-demut-lit-cologne-2022\/#breadcrumb\",\"itemListElement\":[{\"@type\":\"ListItem\",\"position\":1,\"name\":\"Home\",\"item\":\"https:\/\/instytutpolski.pl\/duesseldorf\/\"},{\"@type\":\"ListItem\",\"position\":2,\"name\":\"Szczepan Twardoch DEMUT &#8211; lit.COLOGNE 2022\"}]},{\"@type\":\"WebSite\",\"@id\":\"https:\/\/instytutpolski.pl\/duesseldorf\/#website\",\"url\":\"https:\/\/instytutpolski.pl\/duesseldorf\/\",\"name\":\"Instytut Polski w Dusseldorfie\",\"description\":\"Instytuty Polskie\",\"potentialAction\":[{\"@type\":\"SearchAction\",\"target\":{\"@type\":\"EntryPoint\",\"urlTemplate\":\"https:\/\/instytutpolski.pl\/duesseldorf\/?s={search_term_string}\"},\"query-input\":{\"@type\":\"PropertyValueSpecification\",\"valueRequired\":true,\"valueName\":\"search_term_string\"}}],\"inLanguage\":\"pl-PL\"},{\"@type\":\"Person\",\"@id\":\"https:\/\/instytutpolski.pl\/duesseldorf\/#\/schema\/person\/6b4b76776c5d49a1eb862046e311998e\",\"name\":\"kolinskia\",\"image\":{\"@type\":\"ImageObject\",\"inLanguage\":\"pl-PL\",\"@id\":\"https:\/\/instytutpolski.pl\/duesseldorf\/#\/schema\/person\/image\/\",\"url\":\"https:\/\/secure.gravatar.com\/avatar\/9bb79075402c1d25f1e9e4e8260c2d13?s=96&d=mm&r=g\",\"contentUrl\":\"https:\/\/secure.gravatar.com\/avatar\/9bb79075402c1d25f1e9e4e8260c2d13?s=96&d=mm&r=g\",\"caption\":\"kolinskia\"},\"url\":\"https:\/\/instytutpolski.pl\/duesseldorf\/author\/kolinskia\/\"}]}<\/script>\n<!-- \/ Yoast SEO plugin. -->","yoast_head_json":{"title":"Szczepan Twardoch DEMUT - lit.COLOGNE 2022 - Instytut Polski w Dusseldorfie","description":"\u00abDemut\u00bb ist ein gewaltiger Roman \u00fcber einen Mann im Strudel der Zeit, der zwischen Emanzipation und Selbstzweifel steht und in einer explosiven, ungeheuer freien Epoche seinen Weg sucht.","robots":{"index":"index","follow":"follow","max-snippet":"max-snippet:-1","max-image-preview":"max-image-preview:large","max-video-preview":"max-video-preview:-1"},"canonical":"https:\/\/instytutpolski.pl\/duesseldorf\/2022\/03\/10\/szczepan-twardoch-demut-lit-cologne-2022\/","og_locale":"pl_PL","og_type":"article","og_title":"Szczepan Twardoch DEMUT - lit.COLOGNE 2022 - Instytut Polski w Dusseldorfie","og_description":"\u00abDemut\u00bb ist ein gewaltiger Roman \u00fcber einen Mann im Strudel der Zeit, der zwischen Emanzipation und Selbstzweifel steht und in einer explosiven, ungeheuer freien Epoche seinen Weg sucht.","og_url":"https:\/\/instytutpolski.pl\/duesseldorf\/2022\/03\/10\/szczepan-twardoch-demut-lit-cologne-2022\/","og_site_name":"Instytut Polski w Dusseldorfie","article_published_time":"2022-03-10T13:20:00+00:00","article_modified_time":"2022-03-28T14:49:16+00:00","og_image":[{"width":1220,"height":2000,"url":"https:\/\/instytutpolski.pl\/duesseldorf\/wp-content\/uploads\/sites\/5\/2022\/03\/Szczepan-Twardoch_Demut-Titelblatt.jpeg","type":"image\/jpeg"}],"author":"kolinskia","twitter_card":"summary_large_image","twitter_misc":{"Napisane przez":"kolinskia","Szacowany czas czytania":"1 minuta"},"schema":{"@context":"https:\/\/schema.org","@graph":[{"@type":"event","@id":"https:\/\/instytutpolski.pl\/duesseldorf\/2022\/03\/10\/szczepan-twardoch-demut-lit-cologne-2022\/","url":"https:\/\/instytutpolski.pl\/duesseldorf\/2022\/03\/10\/szczepan-twardoch-demut-lit-cologne-2022\/","name":"Szczepan Twardoch DEMUT - lit.COLOGNE 2022","isPartOf":{"@id":"https:\/\/instytutpolski.pl\/duesseldorf\/#website"},"primaryImageOfPage":{"@id":"https:\/\/instytutpolski.pl\/duesseldorf\/2022\/03\/10\/szczepan-twardoch-demut-lit-cologne-2022\/#primaryimage"},"image":["https:\/\/instytutpolski.pl\/duesseldorf\/wp-content\/uploads\/sites\/5\/2022\/03\/Szczepan-Twardoch_Demut-Titelblatt.jpeg","https:\/\/instytutpolski.pl\/duesseldorf\/wp-content\/uploads\/sites\/5\/2022\/03\/Szczepan-Twardoch_Demut-Titelblatt-183x300.jpeg","https:\/\/instytutpolski.pl\/duesseldorf\/wp-content\/uploads\/sites\/5\/2022\/03\/Szczepan-Twardoch_Demut-Titelblatt-625x1024.jpeg","https:\/\/instytutpolski.pl\/duesseldorf\/wp-content\/uploads\/sites\/5\/2022\/03\/Szczepan-Twardoch_Demut-Titelblatt.jpeg"],"thumbnailUrl":"https:\/\/instytutpolski.pl\/duesseldorf\/wp-content\/uploads\/sites\/5\/2022\/03\/Szczepan-Twardoch_Demut-Titelblatt.jpeg","datePublished":"2022-03-10T13:20:00+02:00","dateModified":"2022-03-28T14:49:16+02:00","author":{"@id":"https:\/\/instytutpolski.pl\/duesseldorf\/#\/schema\/person\/6b4b76776c5d49a1eb862046e311998e"},"description":"Demut \u2013 Szczepan Twardochmit \u00a0Szczepan Twardoch\u00a0\u00a0Florian Lukas\u00a0\u00a0Olga MannheimerFreitag, 25. M\u00e4rz 2022, 19:30 Uhr COMEDIA Theater, Gr\u00fcner Saal, Vondelstra\u00dfe 4-8, K\u00f6ln-S\u00fcdstadtAnfang des 20. Jahrhunderts in Schlesien: Nach seinem Einsatz im Weltkrieg muss sich der Bergmannssohn Alois Pokora unerwartet der eigenen Herkunft stellen und trifft seine gro\u00dfe Liebe wieder. Szczepan Twardoch\u00a0erz\u00e4hlt in\u00a0Demut\u00a0mit mitrei\u00dfender Wucht von einer Welt im Wandel. \u201eIn seinen Pageturnern gelingt es ihm, die gewaltsamen Umbru\u0308che des zwanzigsten Jahrhunderts literarisch zu vergegenw\u00e4rtigen.\u201c (FAZ) Mod.:\u00a0Olga Mannheimer, dt. Text:\u00a0Florian Lukas\nEAN: 9783737101219ISBN: 3737101213Libri: 2813752Originaltitel: Pokora.\u00dcbersetzt von Olaf K\u00fchlRowohlt BerlinFebruar 2022\u00a0-\u00a0462 Seitenhttps:\/\/www.litcologne.de\/de\/programm\/lit-cologne-2022\/demut-szczepan-twardoch-und-florian-lukas","breadcrumb":{"@id":"https:\/\/instytutpolski.pl\/duesseldorf\/2022\/03\/10\/szczepan-twardoch-demut-lit-cologne-2022\/#breadcrumb"},"inLanguage":"pl-PL","potentialAction":[{"@type":"ReadAction","target":["https:\/\/instytutpolski.pl\/duesseldorf\/2022\/03\/10\/szczepan-twardoch-demut-lit-cologne-2022\/"]}],"@context":"https:\/\/schema.org","startDate":"2022-03-25T07:30:00+02:00","endDate":"2022-03-25T09:00:00+02:00","eventStatus":"EventScheduled","eventAttendanceMode":"OfflineEventAttendanceMode","location":{"@type":"place","name":"","address":"","geo":{"@type":"GeoCoordinates","latitude":"","longitude":""}}},{"@type":"ImageObject","inLanguage":"pl-PL","@id":"https:\/\/instytutpolski.pl\/duesseldorf\/2022\/03\/10\/szczepan-twardoch-demut-lit-cologne-2022\/#primaryimage","url":"https:\/\/instytutpolski.pl\/duesseldorf\/wp-content\/uploads\/sites\/5\/2022\/03\/Szczepan-Twardoch_Demut-Titelblatt.jpeg","contentUrl":"https:\/\/instytutpolski.pl\/duesseldorf\/wp-content\/uploads\/sites\/5\/2022\/03\/Szczepan-Twardoch_Demut-Titelblatt.jpeg","width":1220,"height":2000},{"@type":"BreadcrumbList","@id":"https:\/\/instytutpolski.pl\/duesseldorf\/2022\/03\/10\/szczepan-twardoch-demut-lit-cologne-2022\/#breadcrumb","itemListElement":[{"@type":"ListItem","position":1,"name":"Home","item":"https:\/\/instytutpolski.pl\/duesseldorf\/"},{"@type":"ListItem","position":2,"name":"Szczepan Twardoch DEMUT &#8211; lit.COLOGNE 2022"}]},{"@type":"WebSite","@id":"https:\/\/instytutpolski.pl\/duesseldorf\/#website","url":"https:\/\/instytutpolski.pl\/duesseldorf\/","name":"Instytut Polski w Dusseldorfie","description":"Instytuty Polskie","potentialAction":[{"@type":"SearchAction","target":{"@type":"EntryPoint","urlTemplate":"https:\/\/instytutpolski.pl\/duesseldorf\/?s={search_term_string}"},"query-input":{"@type":"PropertyValueSpecification","valueRequired":true,"valueName":"search_term_string"}}],"inLanguage":"pl-PL"},{"@type":"Person","@id":"https:\/\/instytutpolski.pl\/duesseldorf\/#\/schema\/person\/6b4b76776c5d49a1eb862046e311998e","name":"kolinskia","image":{"@type":"ImageObject","inLanguage":"pl-PL","@id":"https:\/\/instytutpolski.pl\/duesseldorf\/#\/schema\/person\/image\/","url":"https:\/\/secure.gravatar.com\/avatar\/9bb79075402c1d25f1e9e4e8260c2d13?s=96&d=mm&r=g","contentUrl":"https:\/\/secure.gravatar.com\/avatar\/9bb79075402c1d25f1e9e4e8260c2d13?s=96&d=mm&r=g","caption":"kolinskia"},"url":"https:\/\/instytutpolski.pl\/duesseldorf\/author\/kolinskia\/"}]}},"_links":{"self":[{"href":"https:\/\/instytutpolski.pl\/duesseldorf\/wp-json\/wp\/v2\/posts\/6716","targetHints":{"allow":["GET"]}}],"collection":[{"href":"https:\/\/instytutpolski.pl\/duesseldorf\/wp-json\/wp\/v2\/posts"}],"about":[{"href":"https:\/\/instytutpolski.pl\/duesseldorf\/wp-json\/wp\/v2\/types\/post"}],"author":[{"embeddable":true,"href":"https:\/\/instytutpolski.pl\/duesseldorf\/wp-json\/wp\/v2\/users\/103"}],"replies":[{"embeddable":true,"href":"https:\/\/instytutpolski.pl\/duesseldorf\/wp-json\/wp\/v2\/comments?post=6716"}],"version-history":[{"count":3,"href":"https:\/\/instytutpolski.pl\/duesseldorf\/wp-json\/wp\/v2\/posts\/6716\/revisions"}],"predecessor-version":[{"id":6735,"href":"https:\/\/instytutpolski.pl\/duesseldorf\/wp-json\/wp\/v2\/posts\/6716\/revisions\/6735"}],"wp:featuredmedia":[{"embeddable":true,"href":"https:\/\/instytutpolski.pl\/duesseldorf\/wp-json\/wp\/v2\/media\/6717"}],"wp:attachment":[{"href":"https:\/\/instytutpolski.pl\/duesseldorf\/wp-json\/wp\/v2\/media?parent=6716"}],"wp:term":[{"taxonomy":"category","embeddable":true,"href":"https:\/\/instytutpolski.pl\/duesseldorf\/wp-json\/wp\/v2\/categories?post=6716"},{"taxonomy":"post_tag","embeddable":true,"href":"https:\/\/instytutpolski.pl\/duesseldorf\/wp-json\/wp\/v2\/tags?post=6716"}],"curies":[{"name":"wp","href":"https:\/\/api.w.org\/{rel}","templated":true}]}}