{"id":8089,"date":"2002-05-05T13:49:00","date_gmt":"2002-05-05T11:49:00","guid":{"rendered":"https:\/\/instytutpolski.pl\/duesseldorf\/?p=8089"},"modified":"2022-10-20T13:54:22","modified_gmt":"2022-10-20T11:54:22","slug":"europatag","status":"publish","type":"post","link":"https:\/\/instytutpolski.pl\/duesseldorf\/2002\/05\/05\/europatag\/","title":{"rendered":"Europatag"},"content":{"rendered":"\n\n\n<h3 class=\"h3_title\">\u00a0<\/h3>\n<div class=\"edytor programm\">\n<p class=\"news-info\"><strong>Sa 04.05.2002 <\/strong>Uhr Marktplatz, D\u00fcsseldorf<\/p>\n<br \/>Am Europatag 2002 werden Sie das Polnische Institut wieder im Reigen der europ\u00e4ischen Nachbarn mit Informationen \u00fcber uns und unser Land antreffen. Wir freuen uns, Ihnen an diesem Tag in Zusammenarbeit mit der Wojewodschaft Kujawien-Pommern und ihrer D\u00fcsseldorfer Vertretung zus\u00e4tzlich eine besondere Region Polens vorstellen zu d\u00fcrfen, die sich mit einem eigenen Informationsstand und im Programm mit zwei hervorragenden K\u00fcnstlergruppen pr\u00e4sentieren wird, der Bluesgruppe \u201eNocna Zmiana Bluesa \u201c (Blues-Nacht-Schicht) und der Disco-Dance-Group \u201eFIX \u201c aus Toru\u0144 \/Thorn.<\/div>\n","protected":false},"excerpt":{"rendered":"<p>\u00a0 Sa 04.05.2002 Uhr Marktplatz, D\u00fcsseldorf Am Europatag 2002 werden Sie das Polnische Institut wieder im Reigen der europ\u00e4ischen Nachbarn mit Informationen \u00fcber uns und unser Land antreffen. Wir freuen uns, Ihnen an diesem Tag in Zusammenarbeit mit der Wojewodschaft Kujawien-Pommern und ihrer D\u00fcsseldorfer Vertretung zus\u00e4tzlich eine besondere Region Polens vorstellen zu d\u00fcrfen, die sich [&hellip;]<\/p>\n","protected":false},"author":103,"featured_media":8090,"comment_status":"open","ping_status":"open","sticky":false,"template":"","format":"standard","meta":{"inline_featured_image":false,"_monsterinsights_skip_tracking":false,"_monsterinsights_sitenote_active":false,"_monsterinsights_sitenote_note":"","_monsterinsights_sitenote_category":0,"footnotes":""},"categories":[23],"tags":[],"class_list":["post-8089","post","type-post","status-publish","format-standard","has-post-thumbnail","hentry","category-bildung"],"yoast_head":"<!-- This site is optimized with the Yoast SEO plugin v24.6 - https:\/\/yoast.com\/wordpress\/plugins\/seo\/ -->\n<title>Europatag - Instytut Polski w Dusseldorfie<\/title>\n<meta name=\"robots\" content=\"index, follow, max-snippet:-1, max-image-preview:large, max-video-preview:-1\" \/>\n<link rel=\"canonical\" href=\"https:\/\/instytutpolski.pl\/duesseldorf\/2002\/05\/05\/europatag\/\" \/>\n<meta property=\"og:locale\" content=\"pl_PL\" \/>\n<meta property=\"og:type\" content=\"article\" \/>\n<meta property=\"og:title\" content=\"Europatag - Instytut Polski w Dusseldorfie\" \/>\n<meta property=\"og:description\" content=\"\u00a0 Sa 04.05.2002 Uhr Marktplatz, D\u00fcsseldorf Am Europatag 2002 werden Sie das Polnische Institut wieder im Reigen der europ\u00e4ischen Nachbarn mit Informationen \u00fcber uns und unser Land antreffen. Wir freuen uns, Ihnen an diesem Tag in Zusammenarbeit mit der Wojewodschaft Kujawien-Pommern und ihrer D\u00fcsseldorfer Vertretung zus\u00e4tzlich eine besondere Region Polens vorstellen zu d\u00fcrfen, die sich [&hellip;]\" \/>\n<meta property=\"og:url\" content=\"https:\/\/instytutpolski.pl\/duesseldorf\/2002\/05\/05\/europatag\/\" \/>\n<meta property=\"og:site_name\" content=\"Instytut Polski w Dusseldorfie\" \/>\n<meta property=\"article:published_time\" content=\"2002-05-05T11:49:00+00:00\" \/>\n<meta property=\"article:modified_time\" content=\"2022-10-20T11:54:22+00:00\" \/>\n<meta property=\"og:image\" content=\"https:\/\/instytutpolski.pl\/duesseldorf\/wp-content\/uploads\/sites\/5\/2022\/10\/WaPom.jpg\" \/>\n\t<meta property=\"og:image:width\" content=\"71\" \/>\n\t<meta property=\"og:image:height\" content=\"77\" \/>\n\t<meta property=\"og:image:type\" content=\"image\/jpeg\" \/>\n<meta name=\"author\" content=\"kolinskia\" \/>\n<meta name=\"twitter:card\" content=\"summary_large_image\" \/>\n<meta name=\"twitter:label1\" content=\"Napisane przez\" \/>\n\t<meta name=\"twitter:data1\" content=\"kolinskia\" \/>\n\t<meta name=\"twitter:label2\" content=\"Szacowany czas czytania\" \/>\n\t<meta name=\"twitter:data2\" content=\"1 minuta\" \/>\n<script type=\"application\/ld+json\" class=\"yoast-schema-graph\">{\"@context\":\"https:\/\/schema.org\",\"@graph\":[{\"@type\":\"event\",\"@id\":\"https:\/\/instytutpolski.pl\/duesseldorf\/2002\/05\/05\/europatag\/\",\"url\":\"https:\/\/instytutpolski.pl\/duesseldorf\/2002\/05\/05\/europatag\/\",\"name\":\"Europatag\",\"isPartOf\":{\"@id\":\"https:\/\/instytutpolski.pl\/duesseldorf\/#website\"},\"primaryImageOfPage\":{\"@id\":\"https:\/\/instytutpolski.pl\/duesseldorf\/2002\/05\/05\/europatag\/#primaryimage\"},\"image\":[\"https:\/\/instytutpolski.pl\/duesseldorf\/wp-content\/uploads\/sites\/5\/2022\/10\/WaPom.jpg\",\"https:\/\/instytutpolski.pl\/duesseldorf\/wp-content\/uploads\/sites\/5\/2022\/10\/WaPom.jpg\",\"https:\/\/instytutpolski.pl\/duesseldorf\/wp-content\/uploads\/sites\/5\/2022\/10\/WaPom.jpg\",\"https:\/\/instytutpolski.pl\/duesseldorf\/wp-content\/uploads\/sites\/5\/2022\/10\/WaPom.jpg\"],\"thumbnailUrl\":\"https:\/\/instytutpolski.pl\/duesseldorf\/wp-content\/uploads\/sites\/5\/2022\/10\/WaPom.jpg\",\"datePublished\":\"2002-05-05T11:49:00+02:00\",\"dateModified\":\"2022-10-20T11:54:22+02:00\",\"author\":{\"@id\":\"https:\/\/instytutpolski.pl\/duesseldorf\/#\/schema\/person\/6b4b76776c5d49a1eb862046e311998e\"},\"breadcrumb\":{\"@id\":\"https:\/\/instytutpolski.pl\/duesseldorf\/2002\/05\/05\/europatag\/#breadcrumb\"},\"inLanguage\":\"pl-PL\",\"potentialAction\":[{\"@type\":\"ReadAction\",\"target\":[\"https:\/\/instytutpolski.pl\/duesseldorf\/2002\/05\/05\/europatag\/\"]}],\"@context\":\"https:\/\/schema.org\",\"startDate\":\"2002-05-04\",\"endDate\":\"2002-05-04\",\"eventStatus\":\"EventScheduled\",\"eventAttendanceMode\":\"OfflineEventAttendanceMode\",\"location\":{\"@type\":\"place\",\"name\":\"\",\"address\":\"\",\"geo\":{\"@type\":\"GeoCoordinates\",\"latitude\":\"\",\"longitude\":\"\"}},\"description\":\"\u00a0\\nSa 04.05.2002 Uhr Marktplatz, D\u00fcsseldorf\\nAm Europatag 2002 werden Sie das Polnische Institut wieder im Reigen der europ\u00e4ischen Nachbarn mit Informationen \u00fcber uns und unser Land antreffen. Wir freuen uns, Ihnen an diesem Tag in Zusammenarbeit mit der Wojewodschaft Kujawien-Pommern und ihrer D\u00fcsseldorfer Vertretung zus\u00e4tzlich eine besondere Region Polens vorstellen zu d\u00fcrfen, die sich mit einem eigenen Informationsstand und im Programm mit zwei hervorragenden K\u00fcnstlergruppen pr\u00e4sentieren wird, der Bluesgruppe \u201eNocna Zmiana Bluesa \u201c (Blues-Nacht-Schicht) und der Disco-Dance-Group \u201eFIX \u201c aus Toru\u0144 \/Thorn.\"},{\"@type\":\"ImageObject\",\"inLanguage\":\"pl-PL\",\"@id\":\"https:\/\/instytutpolski.pl\/duesseldorf\/2002\/05\/05\/europatag\/#primaryimage\",\"url\":\"https:\/\/instytutpolski.pl\/duesseldorf\/wp-content\/uploads\/sites\/5\/2022\/10\/WaPom.jpg\",\"contentUrl\":\"https:\/\/instytutpolski.pl\/duesseldorf\/wp-content\/uploads\/sites\/5\/2022\/10\/WaPom.jpg\",\"width\":71,\"height\":77},{\"@type\":\"BreadcrumbList\",\"@id\":\"https:\/\/instytutpolski.pl\/duesseldorf\/2002\/05\/05\/europatag\/#breadcrumb\",\"itemListElement\":[{\"@type\":\"ListItem\",\"position\":1,\"name\":\"Home\",\"item\":\"https:\/\/instytutpolski.pl\/duesseldorf\/\"},{\"@type\":\"ListItem\",\"position\":2,\"name\":\"Europatag\"}]},{\"@type\":\"WebSite\",\"@id\":\"https:\/\/instytutpolski.pl\/duesseldorf\/#website\",\"url\":\"https:\/\/instytutpolski.pl\/duesseldorf\/\",\"name\":\"Instytut Polski w Dusseldorfie\",\"description\":\"Instytuty Polskie\",\"potentialAction\":[{\"@type\":\"SearchAction\",\"target\":{\"@type\":\"EntryPoint\",\"urlTemplate\":\"https:\/\/instytutpolski.pl\/duesseldorf\/?s={search_term_string}\"},\"query-input\":{\"@type\":\"PropertyValueSpecification\",\"valueRequired\":true,\"valueName\":\"search_term_string\"}}],\"inLanguage\":\"pl-PL\"},{\"@type\":\"Person\",\"@id\":\"https:\/\/instytutpolski.pl\/duesseldorf\/#\/schema\/person\/6b4b76776c5d49a1eb862046e311998e\",\"name\":\"kolinskia\",\"image\":{\"@type\":\"ImageObject\",\"inLanguage\":\"pl-PL\",\"@id\":\"https:\/\/instytutpolski.pl\/duesseldorf\/#\/schema\/person\/image\/\",\"url\":\"https:\/\/secure.gravatar.com\/avatar\/9bb79075402c1d25f1e9e4e8260c2d13?s=96&d=mm&r=g\",\"contentUrl\":\"https:\/\/secure.gravatar.com\/avatar\/9bb79075402c1d25f1e9e4e8260c2d13?s=96&d=mm&r=g\",\"caption\":\"kolinskia\"},\"url\":\"https:\/\/instytutpolski.pl\/duesseldorf\/author\/kolinskia\/\"}]}<\/script>\n<!-- \/ Yoast SEO plugin. -->","yoast_head_json":{"title":"Europatag - Instytut Polski w Dusseldorfie","robots":{"index":"index","follow":"follow","max-snippet":"max-snippet:-1","max-image-preview":"max-image-preview:large","max-video-preview":"max-video-preview:-1"},"canonical":"https:\/\/instytutpolski.pl\/duesseldorf\/2002\/05\/05\/europatag\/","og_locale":"pl_PL","og_type":"article","og_title":"Europatag - Instytut Polski w Dusseldorfie","og_description":"\u00a0 Sa 04.05.2002 Uhr Marktplatz, D\u00fcsseldorf Am Europatag 2002 werden Sie das Polnische Institut wieder im Reigen der europ\u00e4ischen Nachbarn mit Informationen \u00fcber uns und unser Land antreffen. Wir freuen uns, Ihnen an diesem Tag in Zusammenarbeit mit der Wojewodschaft Kujawien-Pommern und ihrer D\u00fcsseldorfer Vertretung zus\u00e4tzlich eine besondere Region Polens vorstellen zu d\u00fcrfen, die sich [&hellip;]","og_url":"https:\/\/instytutpolski.pl\/duesseldorf\/2002\/05\/05\/europatag\/","og_site_name":"Instytut Polski w Dusseldorfie","article_published_time":"2002-05-05T11:49:00+00:00","article_modified_time":"2022-10-20T11:54:22+00:00","og_image":[{"width":71,"height":77,"url":"https:\/\/instytutpolski.pl\/duesseldorf\/wp-content\/uploads\/sites\/5\/2022\/10\/WaPom.jpg","type":"image\/jpeg"}],"author":"kolinskia","twitter_card":"summary_large_image","twitter_misc":{"Napisane przez":"kolinskia","Szacowany czas czytania":"1 minuta"},"schema":{"@context":"https:\/\/schema.org","@graph":[{"@type":"event","@id":"https:\/\/instytutpolski.pl\/duesseldorf\/2002\/05\/05\/europatag\/","url":"https:\/\/instytutpolski.pl\/duesseldorf\/2002\/05\/05\/europatag\/","name":"Europatag","isPartOf":{"@id":"https:\/\/instytutpolski.pl\/duesseldorf\/#website"},"primaryImageOfPage":{"@id":"https:\/\/instytutpolski.pl\/duesseldorf\/2002\/05\/05\/europatag\/#primaryimage"},"image":["https:\/\/instytutpolski.pl\/duesseldorf\/wp-content\/uploads\/sites\/5\/2022\/10\/WaPom.jpg","https:\/\/instytutpolski.pl\/duesseldorf\/wp-content\/uploads\/sites\/5\/2022\/10\/WaPom.jpg","https:\/\/instytutpolski.pl\/duesseldorf\/wp-content\/uploads\/sites\/5\/2022\/10\/WaPom.jpg","https:\/\/instytutpolski.pl\/duesseldorf\/wp-content\/uploads\/sites\/5\/2022\/10\/WaPom.jpg"],"thumbnailUrl":"https:\/\/instytutpolski.pl\/duesseldorf\/wp-content\/uploads\/sites\/5\/2022\/10\/WaPom.jpg","datePublished":"2002-05-05T11:49:00+02:00","dateModified":"2022-10-20T11:54:22+02:00","author":{"@id":"https:\/\/instytutpolski.pl\/duesseldorf\/#\/schema\/person\/6b4b76776c5d49a1eb862046e311998e"},"breadcrumb":{"@id":"https:\/\/instytutpolski.pl\/duesseldorf\/2002\/05\/05\/europatag\/#breadcrumb"},"inLanguage":"pl-PL","potentialAction":[{"@type":"ReadAction","target":["https:\/\/instytutpolski.pl\/duesseldorf\/2002\/05\/05\/europatag\/"]}],"@context":"https:\/\/schema.org","startDate":"2002-05-04","endDate":"2002-05-04","eventStatus":"EventScheduled","eventAttendanceMode":"OfflineEventAttendanceMode","location":{"@type":"place","name":"","address":"","geo":{"@type":"GeoCoordinates","latitude":"","longitude":""}},"description":"\u00a0\nSa 04.05.2002 Uhr Marktplatz, D\u00fcsseldorf\nAm Europatag 2002 werden Sie das Polnische Institut wieder im Reigen der europ\u00e4ischen Nachbarn mit Informationen \u00fcber uns und unser Land antreffen. Wir freuen uns, Ihnen an diesem Tag in Zusammenarbeit mit der Wojewodschaft Kujawien-Pommern und ihrer D\u00fcsseldorfer Vertretung zus\u00e4tzlich eine besondere Region Polens vorstellen zu d\u00fcrfen, die sich mit einem eigenen Informationsstand und im Programm mit zwei hervorragenden K\u00fcnstlergruppen pr\u00e4sentieren wird, der Bluesgruppe \u201eNocna Zmiana Bluesa \u201c (Blues-Nacht-Schicht) und der Disco-Dance-Group \u201eFIX \u201c aus Toru\u0144 \/Thorn."},{"@type":"ImageObject","inLanguage":"pl-PL","@id":"https:\/\/instytutpolski.pl\/duesseldorf\/2002\/05\/05\/europatag\/#primaryimage","url":"https:\/\/instytutpolski.pl\/duesseldorf\/wp-content\/uploads\/sites\/5\/2022\/10\/WaPom.jpg","contentUrl":"https:\/\/instytutpolski.pl\/duesseldorf\/wp-content\/uploads\/sites\/5\/2022\/10\/WaPom.jpg","width":71,"height":77},{"@type":"BreadcrumbList","@id":"https:\/\/instytutpolski.pl\/duesseldorf\/2002\/05\/05\/europatag\/#breadcrumb","itemListElement":[{"@type":"ListItem","position":1,"name":"Home","item":"https:\/\/instytutpolski.pl\/duesseldorf\/"},{"@type":"ListItem","position":2,"name":"Europatag"}]},{"@type":"WebSite","@id":"https:\/\/instytutpolski.pl\/duesseldorf\/#website","url":"https:\/\/instytutpolski.pl\/duesseldorf\/","name":"Instytut Polski w Dusseldorfie","description":"Instytuty Polskie","potentialAction":[{"@type":"SearchAction","target":{"@type":"EntryPoint","urlTemplate":"https:\/\/instytutpolski.pl\/duesseldorf\/?s={search_term_string}"},"query-input":{"@type":"PropertyValueSpecification","valueRequired":true,"valueName":"search_term_string"}}],"inLanguage":"pl-PL"},{"@type":"Person","@id":"https:\/\/instytutpolski.pl\/duesseldorf\/#\/schema\/person\/6b4b76776c5d49a1eb862046e311998e","name":"kolinskia","image":{"@type":"ImageObject","inLanguage":"pl-PL","@id":"https:\/\/instytutpolski.pl\/duesseldorf\/#\/schema\/person\/image\/","url":"https:\/\/secure.gravatar.com\/avatar\/9bb79075402c1d25f1e9e4e8260c2d13?s=96&d=mm&r=g","contentUrl":"https:\/\/secure.gravatar.com\/avatar\/9bb79075402c1d25f1e9e4e8260c2d13?s=96&d=mm&r=g","caption":"kolinskia"},"url":"https:\/\/instytutpolski.pl\/duesseldorf\/author\/kolinskia\/"}]}},"_links":{"self":[{"href":"https:\/\/instytutpolski.pl\/duesseldorf\/wp-json\/wp\/v2\/posts\/8089","targetHints":{"allow":["GET"]}}],"collection":[{"href":"https:\/\/instytutpolski.pl\/duesseldorf\/wp-json\/wp\/v2\/posts"}],"about":[{"href":"https:\/\/instytutpolski.pl\/duesseldorf\/wp-json\/wp\/v2\/types\/post"}],"author":[{"embeddable":true,"href":"https:\/\/instytutpolski.pl\/duesseldorf\/wp-json\/wp\/v2\/users\/103"}],"replies":[{"embeddable":true,"href":"https:\/\/instytutpolski.pl\/duesseldorf\/wp-json\/wp\/v2\/comments?post=8089"}],"version-history":[{"count":1,"href":"https:\/\/instytutpolski.pl\/duesseldorf\/wp-json\/wp\/v2\/posts\/8089\/revisions"}],"predecessor-version":[{"id":8091,"href":"https:\/\/instytutpolski.pl\/duesseldorf\/wp-json\/wp\/v2\/posts\/8089\/revisions\/8091"}],"wp:featuredmedia":[{"embeddable":true,"href":"https:\/\/instytutpolski.pl\/duesseldorf\/wp-json\/wp\/v2\/media\/8090"}],"wp:attachment":[{"href":"https:\/\/instytutpolski.pl\/duesseldorf\/wp-json\/wp\/v2\/media?parent=8089"}],"wp:term":[{"taxonomy":"category","embeddable":true,"href":"https:\/\/instytutpolski.pl\/duesseldorf\/wp-json\/wp\/v2\/categories?post=8089"},{"taxonomy":"post_tag","embeddable":true,"href":"https:\/\/instytutpolski.pl\/duesseldorf\/wp-json\/wp\/v2\/tags?post=8089"}],"curies":[{"name":"wp","href":"https:\/\/api.w.org\/{rel}","templated":true}]}}