{"id":8587,"date":"2023-01-11T13:00:00","date_gmt":"2023-01-11T12:00:00","guid":{"rendered":"https:\/\/instytutpolski.pl\/duesseldorf\/?p=8587"},"modified":"2023-04-27T10:56:12","modified_gmt":"2023-04-27T08:56:12","slug":"internationales-folkwang-gitarrenfestival","status":"publish","type":"post","link":"https:\/\/instytutpolski.pl\/duesseldorf\/2023\/01\/11\/internationales-folkwang-gitarrenfestival\/","title":{"rendered":"6. Internationales Folkwang Gitarrenfestival"},"content":{"rendered":"\n<p><strong>Internationales Folkwang Gitarrenfestival<\/strong><\/p>\n<p>K\u00fcnstlerischer Leiter: <strong>Prof. Tomasz Zawierucha, Folkwang Universit\u00e4t der K\u00fcnste<\/strong><\/p>\n<p>16.-18.02.2023<\/p>\n<p>Essen, Folkwang Universit\u00e4t der K\u00fcnste, Essen: <a href=\"http:\/\/www.folkwang-gitarre.de\/konzerte\/essen-werden\/\">http:\/\/www.folkwang-gitarre.de\/konzerte\/essen-werden\/<\/a><\/p>\n<p>Bottrop, M\u00fclheim\/Ruhr, Kamp-Lintfort: <a href=\"http:\/\/www.folkwang-gitarre.de\/konzerte\/festival-on-tour\/\">http:\/\/www.folkwang-gitarre.de\/konzerte\/festival-on-tour\/<\/a><\/p>\n<p><a href=\"http:\/\/www.folkwang-gitarre.de\/\">http:\/\/www.folkwang-gitarre.de\/<\/a><\/p>\n<p>Im Februar steht die Folkwang Universit\u00e4t der K\u00fcnste im Zeichen der Gitarre: \u00d6ffentliche Konzerte, Meisterkurse, Instrumentenausstellung und Vortr\u00e4ge vom 16. bis zum 18. Februar 2023 sowie weitere Konzerte im Ruhrgebiet.<\/p>\n<p><strong>Das Internationale Folkwang Gitarrenfestival<\/strong> ist zum sechsten Mal <strong>am Campus Essen-Werden<\/strong> zu erleben. Neben hochkar\u00e4tig besetzten Meisterkursen, Vortr\u00e4gen sowie einem Gitarrenwettbewerb finden drei Konzerte statt, zu denen das interessierte Publikum herzlich eingeladen ist. <br \/>Die k\u00fcnstlerische Leitung hat Tomasz Zawierucha, Folkwang Professor f\u00fcr Gitarre. Neben Folkwang Studierenden und Lehrenden sind renommierte Gitarrenk\u00fcnstler*innen aus Polen, Finnland, Chile, Gro\u00dfbritannien und Deutschland zu Gast. Es werden Meisterkurse angeboten, in denen die Musiker*innen ihr Wissen an die Folkwang Studierenden vermitteln.<\/p>\n<p>Am <strong>Donnerstag, 16<\/strong><strong>. Februar<\/strong> findet um 19.30 Uhr das Er\u00f6ffnungskonzert statt. Es spielen Gewinner und Preistr\u00e4ger*innen des NRW Gitarrenpreises 2022: Andr\u00e9s Madariaga (Chile), Eugen Treichel (Deutschland) und Bianka Szalaty (Polen).<\/p>\n<p>Am <strong>Freitag, 17<\/strong><strong>. Februar<\/strong> konzertieren um 19.30 Uhr im Meisterkonzert Liying Zhu, Tomasz Zawierucha, Otto Tolonen und das KM Guitar Duo.<\/p>\n<p>Das Internationale Folkwang Gitarrenfestival endet am <strong>Samstag, 18<\/strong><strong>. Februar<\/strong> mit einer Instrumentenausstellung, dem verliehenen NRW Gitarrenpreis sowie dem Abschlusskonzert\u00a0um 19.30 Uhr: Folkwang Studierende zeigen die Ergebnisse aus den vorausgegangenen Meisterkursen. \u00a0<br \/><br \/>Die Konzerte finden<strong> in der Neuen Aula und im Kammermusiksaal am Campus Essen-Werden <\/strong>statt.<\/p>\n<p>Zum ersten Mal expandiert das Internationale Folkwang Gitarrenfestival auf andere Spielst\u00e4tten des Ruhrgebiets. Weitere Konzerte finden in Kamp-Lintfort, M\u00fclheim an der Ruhr und Bottrop statt. Einzelheiten finden Sie auf der Homepage des Festivals unter: www.folkwang-gitarre.de\u00a0<\/p>\n<p>\u00c4nderungen sind coronabedingt jederzeit m\u00f6glich.<\/p>\n\n\n\n<figure class=\"wp-block-gallery has-nested-images columns-default is-cropped wp-block-gallery-1 is-layout-flex wp-block-gallery-is-layout-flex\">\n<figure class=\"wp-block-image size-large\"><img loading=\"lazy\" decoding=\"async\" width=\"500\" height=\"500\" data-id=\"8593\" src=\"https:\/\/instytutpolski.pl\/duesseldorf\/wp-content\/uploads\/sites\/5\/2023\/01\/Andres-Madariaga_square.jpg\" alt=\"\" class=\"wp-image-8593\" srcset=\"https:\/\/instytutpolski.pl\/duesseldorf\/wp-content\/uploads\/sites\/5\/2023\/01\/Andres-Madariaga_square.jpg 500w, https:\/\/instytutpolski.pl\/duesseldorf\/wp-content\/uploads\/sites\/5\/2023\/01\/Andres-Madariaga_square-300x300.jpg 300w, https:\/\/instytutpolski.pl\/duesseldorf\/wp-content\/uploads\/sites\/5\/2023\/01\/Andres-Madariaga_square-150x150.jpg 150w\" sizes=\"auto, (max-width: 500px) 100vw, 500px\" \/><figcaption>Andres-Madariaga<\/figcaption><\/figure>\n\n\n\n<figure class=\"wp-block-image size-large\"><img loading=\"lazy\" decoding=\"async\" width=\"500\" height=\"500\" data-id=\"8596\" src=\"https:\/\/instytutpolski.pl\/duesseldorf\/wp-content\/uploads\/sites\/5\/2023\/01\/Bianka-Szalaty_square.jpg\" alt=\"\" class=\"wp-image-8596\" srcset=\"https:\/\/instytutpolski.pl\/duesseldorf\/wp-content\/uploads\/sites\/5\/2023\/01\/Bianka-Szalaty_square.jpg 500w, https:\/\/instytutpolski.pl\/duesseldorf\/wp-content\/uploads\/sites\/5\/2023\/01\/Bianka-Szalaty_square-300x300.jpg 300w, https:\/\/instytutpolski.pl\/duesseldorf\/wp-content\/uploads\/sites\/5\/2023\/01\/Bianka-Szalaty_square-150x150.jpg 150w\" sizes=\"auto, (max-width: 500px) 100vw, 500px\" \/><figcaption>Bianka-Szalaty<\/figcaption><\/figure>\n\n\n\n<figure class=\"wp-block-image size-large\"><img loading=\"lazy\" decoding=\"async\" width=\"500\" height=\"500\" data-id=\"8597\" src=\"https:\/\/instytutpolski.pl\/duesseldorf\/wp-content\/uploads\/sites\/5\/2023\/01\/Duo-KM_square.jpg\" alt=\"\" class=\"wp-image-8597\" srcset=\"https:\/\/instytutpolski.pl\/duesseldorf\/wp-content\/uploads\/sites\/5\/2023\/01\/Duo-KM_square.jpg 500w, https:\/\/instytutpolski.pl\/duesseldorf\/wp-content\/uploads\/sites\/5\/2023\/01\/Duo-KM_square-300x300.jpg 300w, https:\/\/instytutpolski.pl\/duesseldorf\/wp-content\/uploads\/sites\/5\/2023\/01\/Duo-KM_square-150x150.jpg 150w\" sizes=\"auto, (max-width: 500px) 100vw, 500px\" \/><figcaption>Duo-KM<\/figcaption><\/figure>\n\n\n\n<figure class=\"wp-block-image size-large\"><img loading=\"lazy\" decoding=\"async\" width=\"500\" height=\"500\" data-id=\"8600\" src=\"https:\/\/instytutpolski.pl\/duesseldorf\/wp-content\/uploads\/sites\/5\/2023\/01\/Eugen-Treichel_square.jpg\" alt=\"\" class=\"wp-image-8600\" srcset=\"https:\/\/instytutpolski.pl\/duesseldorf\/wp-content\/uploads\/sites\/5\/2023\/01\/Eugen-Treichel_square.jpg 500w, https:\/\/instytutpolski.pl\/duesseldorf\/wp-content\/uploads\/sites\/5\/2023\/01\/Eugen-Treichel_square-300x300.jpg 300w, https:\/\/instytutpolski.pl\/duesseldorf\/wp-content\/uploads\/sites\/5\/2023\/01\/Eugen-Treichel_square-150x150.jpg 150w\" sizes=\"auto, (max-width: 500px) 100vw, 500px\" \/><figcaption>Eugen-Treichel<\/figcaption><\/figure>\n\n\n\n<figure class=\"wp-block-image size-large\"><img loading=\"lazy\" decoding=\"async\" width=\"213\" height=\"213\" data-id=\"8594\" src=\"https:\/\/instytutpolski.pl\/duesseldorf\/wp-content\/uploads\/sites\/5\/2023\/01\/Olaf-van-Gonnissen_square.jpg\" alt=\"\" class=\"wp-image-8594\" srcset=\"https:\/\/instytutpolski.pl\/duesseldorf\/wp-content\/uploads\/sites\/5\/2023\/01\/Olaf-van-Gonnissen_square.jpg 213w, https:\/\/instytutpolski.pl\/duesseldorf\/wp-content\/uploads\/sites\/5\/2023\/01\/Olaf-van-Gonnissen_square-150x150.jpg 150w\" sizes=\"auto, (max-width: 213px) 100vw, 213px\" \/><figcaption>Olaf-van-Gonnissen<\/figcaption><\/figure>\n\n\n\n<figure class=\"wp-block-image size-large\"><img loading=\"lazy\" decoding=\"async\" width=\"500\" height=\"500\" data-id=\"8599\" src=\"https:\/\/instytutpolski.pl\/duesseldorf\/wp-content\/uploads\/sites\/5\/2023\/01\/Otto-Tolonen_square.jpg\" alt=\"\" class=\"wp-image-8599\" srcset=\"https:\/\/instytutpolski.pl\/duesseldorf\/wp-content\/uploads\/sites\/5\/2023\/01\/Otto-Tolonen_square.jpg 500w, https:\/\/instytutpolski.pl\/duesseldorf\/wp-content\/uploads\/sites\/5\/2023\/01\/Otto-Tolonen_square-300x300.jpg 300w, https:\/\/instytutpolski.pl\/duesseldorf\/wp-content\/uploads\/sites\/5\/2023\/01\/Otto-Tolonen_square-150x150.jpg 150w\" sizes=\"auto, (max-width: 500px) 100vw, 500px\" \/><figcaption>Otto-Tolonen_square<\/figcaption><\/figure>\n\n\n\n<figure class=\"wp-block-image size-large\"><img loading=\"lazy\" decoding=\"async\" width=\"500\" height=\"500\" data-id=\"8598\" src=\"https:\/\/instytutpolski.pl\/duesseldorf\/wp-content\/uploads\/sites\/5\/2023\/01\/Susanne-Hilker_square.jpg\" alt=\"\" class=\"wp-image-8598\" srcset=\"https:\/\/instytutpolski.pl\/duesseldorf\/wp-content\/uploads\/sites\/5\/2023\/01\/Susanne-Hilker_square.jpg 500w, https:\/\/instytutpolski.pl\/duesseldorf\/wp-content\/uploads\/sites\/5\/2023\/01\/Susanne-Hilker_square-300x300.jpg 300w, https:\/\/instytutpolski.pl\/duesseldorf\/wp-content\/uploads\/sites\/5\/2023\/01\/Susanne-Hilker_square-150x150.jpg 150w\" sizes=\"auto, (max-width: 500px) 100vw, 500px\" \/><figcaption>Susanne Hilker<\/figcaption><\/figure>\n\n\n\n<figure class=\"wp-block-image size-large\"><img loading=\"lazy\" decoding=\"async\" width=\"500\" height=\"500\" data-id=\"8595\" src=\"https:\/\/instytutpolski.pl\/duesseldorf\/wp-content\/uploads\/sites\/5\/2023\/01\/Tomasz-Zawierucha_square.jpg\" alt=\"\" class=\"wp-image-8595\" srcset=\"https:\/\/instytutpolski.pl\/duesseldorf\/wp-content\/uploads\/sites\/5\/2023\/01\/Tomasz-Zawierucha_square.jpg 500w, https:\/\/instytutpolski.pl\/duesseldorf\/wp-content\/uploads\/sites\/5\/2023\/01\/Tomasz-Zawierucha_square-300x300.jpg 300w, https:\/\/instytutpolski.pl\/duesseldorf\/wp-content\/uploads\/sites\/5\/2023\/01\/Tomasz-Zawierucha_square-150x150.jpg 150w\" sizes=\"auto, (max-width: 500px) 100vw, 500px\" \/><figcaption>Tomasz Zawierucha<\/figcaption><\/figure>\n<\/figure>\n","protected":false},"excerpt":{"rendered":"<p>Internationales Folkwang Gitarrenfestival K\u00fcnstlerischer Leiter: Prof. Tomasz Zawierucha, Folkwang Universit\u00e4t der K\u00fcnste 16.-18.02.2023 Essen, Folkwang Universit\u00e4t der K\u00fcnste, Essen: http:\/\/www.folkwang-gitarre.de\/konzerte\/essen-werden\/ Bottrop, M\u00fclheim\/Ruhr, Kamp-Lintfort: http:\/\/www.folkwang-gitarre.de\/konzerte\/festival-on-tour\/ http:\/\/www.folkwang-gitarre.de\/ Im Februar steht die Folkwang Universit\u00e4t der K\u00fcnste im Zeichen der Gitarre: \u00d6ffentliche Konzerte, Meisterkurse, Instrumentenausstellung und Vortr\u00e4ge vom 16. bis zum 18. Februar 2023 sowie weitere Konzerte im Ruhrgebiet. [&hellip;]<\/p>\n","protected":false},"author":103,"featured_media":8588,"comment_status":"open","ping_status":"open","sticky":false,"template":"","format":"standard","meta":{"inline_featured_image":false,"_monsterinsights_skip_tracking":false,"_monsterinsights_sitenote_active":false,"_monsterinsights_sitenote_note":"","_monsterinsights_sitenote_category":0,"footnotes":""},"categories":[12],"tags":[],"class_list":["post-8587","post","type-post","status-publish","format-standard","has-post-thumbnail","hentry","category-musik"],"yoast_head":"<!-- This site is optimized with the Yoast SEO plugin v24.6 - https:\/\/yoast.com\/wordpress\/plugins\/seo\/ -->\n<title>6. Internationales Folkwang Gitarrenfestival - Instytut Polski w Dusseldorfie<\/title>\n<meta name=\"robots\" content=\"index, follow, max-snippet:-1, max-image-preview:large, max-video-preview:-1\" \/>\n<link rel=\"canonical\" href=\"https:\/\/instytutpolski.pl\/duesseldorf\/2023\/01\/11\/internationales-folkwang-gitarrenfestival\/\" \/>\n<meta property=\"og:locale\" content=\"pl_PL\" \/>\n<meta property=\"og:type\" content=\"article\" \/>\n<meta property=\"og:title\" content=\"6. Internationales Folkwang Gitarrenfestival - Instytut Polski w Dusseldorfie\" \/>\n<meta property=\"og:description\" content=\"Internationales Folkwang Gitarrenfestival K\u00fcnstlerischer Leiter: Prof. Tomasz Zawierucha, Folkwang Universit\u00e4t der K\u00fcnste 16.-18.02.2023 Essen, Folkwang Universit\u00e4t der K\u00fcnste, Essen: http:\/\/www.folkwang-gitarre.de\/konzerte\/essen-werden\/ Bottrop, M\u00fclheim\/Ruhr, Kamp-Lintfort: http:\/\/www.folkwang-gitarre.de\/konzerte\/festival-on-tour\/ http:\/\/www.folkwang-gitarre.de\/ Im Februar steht die Folkwang Universit\u00e4t der K\u00fcnste im Zeichen der Gitarre: \u00d6ffentliche Konzerte, Meisterkurse, Instrumentenausstellung und Vortr\u00e4ge vom 16. bis zum 18. Februar 2023 sowie weitere Konzerte im Ruhrgebiet. [&hellip;]\" \/>\n<meta property=\"og:url\" content=\"https:\/\/instytutpolski.pl\/duesseldorf\/2023\/01\/11\/internationales-folkwang-gitarrenfestival\/\" \/>\n<meta property=\"og:site_name\" content=\"Instytut Polski w Dusseldorfie\" \/>\n<meta property=\"article:published_time\" content=\"2023-01-11T12:00:00+00:00\" \/>\n<meta property=\"article:modified_time\" content=\"2023-04-27T08:56:12+00:00\" \/>\n<meta property=\"og:image\" content=\"https:\/\/instytutpolski.pl\/duesseldorf\/wp-content\/uploads\/sites\/5\/2023\/01\/1.png\" \/>\n\t<meta property=\"og:image:width\" content=\"1383\" \/>\n\t<meta property=\"og:image:height\" content=\"781\" \/>\n\t<meta property=\"og:image:type\" content=\"image\/png\" \/>\n<meta name=\"author\" content=\"kolinskia\" \/>\n<meta name=\"twitter:card\" content=\"summary_large_image\" \/>\n<meta name=\"twitter:label1\" content=\"Napisane przez\" \/>\n\t<meta name=\"twitter:data1\" content=\"kolinskia\" \/>\n\t<meta name=\"twitter:label2\" content=\"Szacowany czas czytania\" \/>\n\t<meta name=\"twitter:data2\" content=\"4 minuty\" \/>\n<script type=\"application\/ld+json\" class=\"yoast-schema-graph\">{\"@context\":\"https:\/\/schema.org\",\"@graph\":[{\"@type\":\"event\",\"@id\":\"https:\/\/instytutpolski.pl\/duesseldorf\/2023\/01\/11\/internationales-folkwang-gitarrenfestival\/\",\"url\":\"https:\/\/instytutpolski.pl\/duesseldorf\/2023\/01\/11\/internationales-folkwang-gitarrenfestival\/\",\"name\":\"6. Internationales Folkwang Gitarrenfestival\",\"isPartOf\":{\"@id\":\"https:\/\/instytutpolski.pl\/duesseldorf\/#website\"},\"primaryImageOfPage\":{\"@id\":\"https:\/\/instytutpolski.pl\/duesseldorf\/2023\/01\/11\/internationales-folkwang-gitarrenfestival\/#primaryimage\"},\"image\":[\"https:\/\/instytutpolski.pl\/duesseldorf\/wp-content\/uploads\/sites\/5\/2023\/01\/1.png\",\"https:\/\/instytutpolski.pl\/duesseldorf\/wp-content\/uploads\/sites\/5\/2023\/01\/1-300x169.png\",\"https:\/\/instytutpolski.pl\/duesseldorf\/wp-content\/uploads\/sites\/5\/2023\/01\/1-1024x578.png\",\"https:\/\/instytutpolski.pl\/duesseldorf\/wp-content\/uploads\/sites\/5\/2023\/01\/1.png\"],\"thumbnailUrl\":\"https:\/\/instytutpolski.pl\/duesseldorf\/wp-content\/uploads\/sites\/5\/2023\/01\/1.png\",\"datePublished\":\"2023-01-11T12:00:00+02:00\",\"dateModified\":\"2023-04-27T08:56:12+02:00\",\"author\":{\"@id\":\"https:\/\/instytutpolski.pl\/duesseldorf\/#\/schema\/person\/6b4b76776c5d49a1eb862046e311998e\"},\"breadcrumb\":{\"@id\":\"https:\/\/instytutpolski.pl\/duesseldorf\/2023\/01\/11\/internationales-folkwang-gitarrenfestival\/#breadcrumb\"},\"inLanguage\":\"pl-PL\",\"potentialAction\":[{\"@type\":\"ReadAction\",\"target\":[\"https:\/\/instytutpolski.pl\/duesseldorf\/2023\/01\/11\/internationales-folkwang-gitarrenfestival\/\"]}],\"@context\":\"https:\/\/schema.org\",\"startDate\":\"2023-02-16\",\"endDate\":\"2023-02-18\",\"eventStatus\":\"EventScheduled\",\"eventAttendanceMode\":\"OfflineEventAttendanceMode\",\"location\":{\"@type\":\"place\",\"name\":\"\",\"address\":\"\",\"geo\":{\"@type\":\"GeoCoordinates\",\"latitude\":\"\",\"longitude\":\"\"}},\"description\":\"Internationales Folkwang Gitarrenfestival\\nK\u00fcnstlerischer Leiter: Prof. Tomasz Zawierucha, Folkwang Universit\u00e4t der K\u00fcnste\\n16.-18.02.2023\\nEssen, Folkwang Universit\u00e4t der K\u00fcnste, Essen: http:\/\/www.folkwang-gitarre.de\/konzerte\/essen-werden\/\\nBottrop, M\u00fclheim\/Ruhr, Kamp-Lintfort: http:\/\/www.folkwang-gitarre.de\/konzerte\/festival-on-tour\/\\nhttp:\/\/www.folkwang-gitarre.de\/\\nIm Februar steht die Folkwang Universit\u00e4t der K\u00fcnste im Zeichen der Gitarre: \u00d6ffentliche Konzerte, Meisterkurse, Instrumentenausstellung und Vortr\u00e4ge vom 16. bis zum 18. Februar 2023 sowie weitere Konzerte im Ruhrgebiet.\\nDas Internationale Folkwang Gitarrenfestival ist zum sechsten Mal am Campus Essen-Werden zu erleben. Neben hochkar\u00e4tig besetzten Meisterkursen, Vortr\u00e4gen sowie einem Gitarrenwettbewerb finden drei Konzerte statt, zu denen das interessierte Publikum herzlich eingeladen ist. Die k\u00fcnstlerische Leitung hat Tomasz Zawierucha, Folkwang Professor f\u00fcr Gitarre. Neben Folkwang Studierenden und Lehrenden sind renommierte Gitarrenk\u00fcnstler*innen aus Polen, Finnland, Chile, Gro\u00dfbritannien und Deutschland zu Gast. Es werden Meisterkurse angeboten, in denen die Musiker*innen ihr Wissen an die Folkwang Studierenden vermitteln.\\nAm Donnerstag, 16. Februar findet um 19.30 Uhr das Er\u00f6ffnungskonzert statt. Es spielen Gewinner und Preistr\u00e4ger*innen des NRW Gitarrenpreises 2022: Andr\u00e9s Madariaga (Chile), Eugen Treichel (Deutschland) und Bianka Szalaty (Polen).\\nAm Freitag, 17. Februar konzertieren um 19.30 Uhr im Meisterkonzert Liying Zhu, Tomasz Zawierucha, Otto Tolonen und das KM Guitar Duo.\\nDas Internationale Folkwang Gitarrenfestival endet am Samstag, 18. Februar mit einer Instrumentenausstellung, dem verliehenen NRW Gitarrenpreis sowie dem Abschlusskonzert\u00a0um 19.30 Uhr: Folkwang Studierende zeigen die Ergebnisse aus den vorausgegangenen Meisterkursen. \u00a0Die Konzerte finden in der Neuen Aula und im Kammermusiksaal am Campus Essen-Werden statt.\\nZum ersten Mal expandiert das Internationale Folkwang Gitarrenfestival auf andere Spielst\u00e4tten des Ruhrgebiets. Weitere Konzerte finden in Kamp-Lintfort, M\u00fclheim an der Ruhr und Bottrop statt. Einzelheiten finden Sie auf der Homepage des Festivals unter: www.folkwang-gitarre.de\u00a0\\n\u00c4nderungen sind coronabedingt jederzeit m\u00f6glich.\"},{\"@type\":\"ImageObject\",\"inLanguage\":\"pl-PL\",\"@id\":\"https:\/\/instytutpolski.pl\/duesseldorf\/2023\/01\/11\/internationales-folkwang-gitarrenfestival\/#primaryimage\",\"url\":\"https:\/\/instytutpolski.pl\/duesseldorf\/wp-content\/uploads\/sites\/5\/2023\/01\/1.png\",\"contentUrl\":\"https:\/\/instytutpolski.pl\/duesseldorf\/wp-content\/uploads\/sites\/5\/2023\/01\/1.png\",\"width\":1383,\"height\":781},{\"@type\":\"BreadcrumbList\",\"@id\":\"https:\/\/instytutpolski.pl\/duesseldorf\/2023\/01\/11\/internationales-folkwang-gitarrenfestival\/#breadcrumb\",\"itemListElement\":[{\"@type\":\"ListItem\",\"position\":1,\"name\":\"Home\",\"item\":\"https:\/\/instytutpolski.pl\/duesseldorf\/\"},{\"@type\":\"ListItem\",\"position\":2,\"name\":\"6. Internationales Folkwang Gitarrenfestival\"}]},{\"@type\":\"WebSite\",\"@id\":\"https:\/\/instytutpolski.pl\/duesseldorf\/#website\",\"url\":\"https:\/\/instytutpolski.pl\/duesseldorf\/\",\"name\":\"Instytut Polski w Dusseldorfie\",\"description\":\"Instytuty Polskie\",\"potentialAction\":[{\"@type\":\"SearchAction\",\"target\":{\"@type\":\"EntryPoint\",\"urlTemplate\":\"https:\/\/instytutpolski.pl\/duesseldorf\/?s={search_term_string}\"},\"query-input\":{\"@type\":\"PropertyValueSpecification\",\"valueRequired\":true,\"valueName\":\"search_term_string\"}}],\"inLanguage\":\"pl-PL\"},{\"@type\":\"Person\",\"@id\":\"https:\/\/instytutpolski.pl\/duesseldorf\/#\/schema\/person\/6b4b76776c5d49a1eb862046e311998e\",\"name\":\"kolinskia\",\"image\":{\"@type\":\"ImageObject\",\"inLanguage\":\"pl-PL\",\"@id\":\"https:\/\/instytutpolski.pl\/duesseldorf\/#\/schema\/person\/image\/\",\"url\":\"https:\/\/secure.gravatar.com\/avatar\/9bb79075402c1d25f1e9e4e8260c2d13?s=96&d=mm&r=g\",\"contentUrl\":\"https:\/\/secure.gravatar.com\/avatar\/9bb79075402c1d25f1e9e4e8260c2d13?s=96&d=mm&r=g\",\"caption\":\"kolinskia\"},\"url\":\"https:\/\/instytutpolski.pl\/duesseldorf\/author\/kolinskia\/\"}]}<\/script>\n<!-- \/ Yoast SEO plugin. -->","yoast_head_json":{"title":"6. Internationales Folkwang Gitarrenfestival - Instytut Polski w Dusseldorfie","robots":{"index":"index","follow":"follow","max-snippet":"max-snippet:-1","max-image-preview":"max-image-preview:large","max-video-preview":"max-video-preview:-1"},"canonical":"https:\/\/instytutpolski.pl\/duesseldorf\/2023\/01\/11\/internationales-folkwang-gitarrenfestival\/","og_locale":"pl_PL","og_type":"article","og_title":"6. Internationales Folkwang Gitarrenfestival - Instytut Polski w Dusseldorfie","og_description":"Internationales Folkwang Gitarrenfestival K\u00fcnstlerischer Leiter: Prof. Tomasz Zawierucha, Folkwang Universit\u00e4t der K\u00fcnste 16.-18.02.2023 Essen, Folkwang Universit\u00e4t der K\u00fcnste, Essen: http:\/\/www.folkwang-gitarre.de\/konzerte\/essen-werden\/ Bottrop, M\u00fclheim\/Ruhr, Kamp-Lintfort: http:\/\/www.folkwang-gitarre.de\/konzerte\/festival-on-tour\/ http:\/\/www.folkwang-gitarre.de\/ Im Februar steht die Folkwang Universit\u00e4t der K\u00fcnste im Zeichen der Gitarre: \u00d6ffentliche Konzerte, Meisterkurse, Instrumentenausstellung und Vortr\u00e4ge vom 16. bis zum 18. Februar 2023 sowie weitere Konzerte im Ruhrgebiet. [&hellip;]","og_url":"https:\/\/instytutpolski.pl\/duesseldorf\/2023\/01\/11\/internationales-folkwang-gitarrenfestival\/","og_site_name":"Instytut Polski w Dusseldorfie","article_published_time":"2023-01-11T12:00:00+00:00","article_modified_time":"2023-04-27T08:56:12+00:00","og_image":[{"width":1383,"height":781,"url":"https:\/\/instytutpolski.pl\/duesseldorf\/wp-content\/uploads\/sites\/5\/2023\/01\/1.png","type":"image\/png"}],"author":"kolinskia","twitter_card":"summary_large_image","twitter_misc":{"Napisane przez":"kolinskia","Szacowany czas czytania":"4 minuty"},"schema":{"@context":"https:\/\/schema.org","@graph":[{"@type":"event","@id":"https:\/\/instytutpolski.pl\/duesseldorf\/2023\/01\/11\/internationales-folkwang-gitarrenfestival\/","url":"https:\/\/instytutpolski.pl\/duesseldorf\/2023\/01\/11\/internationales-folkwang-gitarrenfestival\/","name":"6. Internationales Folkwang Gitarrenfestival","isPartOf":{"@id":"https:\/\/instytutpolski.pl\/duesseldorf\/#website"},"primaryImageOfPage":{"@id":"https:\/\/instytutpolski.pl\/duesseldorf\/2023\/01\/11\/internationales-folkwang-gitarrenfestival\/#primaryimage"},"image":["https:\/\/instytutpolski.pl\/duesseldorf\/wp-content\/uploads\/sites\/5\/2023\/01\/1.png","https:\/\/instytutpolski.pl\/duesseldorf\/wp-content\/uploads\/sites\/5\/2023\/01\/1-300x169.png","https:\/\/instytutpolski.pl\/duesseldorf\/wp-content\/uploads\/sites\/5\/2023\/01\/1-1024x578.png","https:\/\/instytutpolski.pl\/duesseldorf\/wp-content\/uploads\/sites\/5\/2023\/01\/1.png"],"thumbnailUrl":"https:\/\/instytutpolski.pl\/duesseldorf\/wp-content\/uploads\/sites\/5\/2023\/01\/1.png","datePublished":"2023-01-11T12:00:00+02:00","dateModified":"2023-04-27T08:56:12+02:00","author":{"@id":"https:\/\/instytutpolski.pl\/duesseldorf\/#\/schema\/person\/6b4b76776c5d49a1eb862046e311998e"},"breadcrumb":{"@id":"https:\/\/instytutpolski.pl\/duesseldorf\/2023\/01\/11\/internationales-folkwang-gitarrenfestival\/#breadcrumb"},"inLanguage":"pl-PL","potentialAction":[{"@type":"ReadAction","target":["https:\/\/instytutpolski.pl\/duesseldorf\/2023\/01\/11\/internationales-folkwang-gitarrenfestival\/"]}],"@context":"https:\/\/schema.org","startDate":"2023-02-16","endDate":"2023-02-18","eventStatus":"EventScheduled","eventAttendanceMode":"OfflineEventAttendanceMode","location":{"@type":"place","name":"","address":"","geo":{"@type":"GeoCoordinates","latitude":"","longitude":""}},"description":"Internationales Folkwang Gitarrenfestival\nK\u00fcnstlerischer Leiter: Prof. Tomasz Zawierucha, Folkwang Universit\u00e4t der K\u00fcnste\n16.-18.02.2023\nEssen, Folkwang Universit\u00e4t der K\u00fcnste, Essen: http:\/\/www.folkwang-gitarre.de\/konzerte\/essen-werden\/\nBottrop, M\u00fclheim\/Ruhr, Kamp-Lintfort: http:\/\/www.folkwang-gitarre.de\/konzerte\/festival-on-tour\/\nhttp:\/\/www.folkwang-gitarre.de\/\nIm Februar steht die Folkwang Universit\u00e4t der K\u00fcnste im Zeichen der Gitarre: \u00d6ffentliche Konzerte, Meisterkurse, Instrumentenausstellung und Vortr\u00e4ge vom 16. bis zum 18. Februar 2023 sowie weitere Konzerte im Ruhrgebiet.\nDas Internationale Folkwang Gitarrenfestival ist zum sechsten Mal am Campus Essen-Werden zu erleben. Neben hochkar\u00e4tig besetzten Meisterkursen, Vortr\u00e4gen sowie einem Gitarrenwettbewerb finden drei Konzerte statt, zu denen das interessierte Publikum herzlich eingeladen ist. Die k\u00fcnstlerische Leitung hat Tomasz Zawierucha, Folkwang Professor f\u00fcr Gitarre. Neben Folkwang Studierenden und Lehrenden sind renommierte Gitarrenk\u00fcnstler*innen aus Polen, Finnland, Chile, Gro\u00dfbritannien und Deutschland zu Gast. Es werden Meisterkurse angeboten, in denen die Musiker*innen ihr Wissen an die Folkwang Studierenden vermitteln.\nAm Donnerstag, 16. Februar findet um 19.30 Uhr das Er\u00f6ffnungskonzert statt. Es spielen Gewinner und Preistr\u00e4ger*innen des NRW Gitarrenpreises 2022: Andr\u00e9s Madariaga (Chile), Eugen Treichel (Deutschland) und Bianka Szalaty (Polen).\nAm Freitag, 17. Februar konzertieren um 19.30 Uhr im Meisterkonzert Liying Zhu, Tomasz Zawierucha, Otto Tolonen und das KM Guitar Duo.\nDas Internationale Folkwang Gitarrenfestival endet am Samstag, 18. Februar mit einer Instrumentenausstellung, dem verliehenen NRW Gitarrenpreis sowie dem Abschlusskonzert\u00a0um 19.30 Uhr: Folkwang Studierende zeigen die Ergebnisse aus den vorausgegangenen Meisterkursen. \u00a0Die Konzerte finden in der Neuen Aula und im Kammermusiksaal am Campus Essen-Werden statt.\nZum ersten Mal expandiert das Internationale Folkwang Gitarrenfestival auf andere Spielst\u00e4tten des Ruhrgebiets. Weitere Konzerte finden in Kamp-Lintfort, M\u00fclheim an der Ruhr und Bottrop statt. Einzelheiten finden Sie auf der Homepage des Festivals unter: www.folkwang-gitarre.de\u00a0\n\u00c4nderungen sind coronabedingt jederzeit m\u00f6glich."},{"@type":"ImageObject","inLanguage":"pl-PL","@id":"https:\/\/instytutpolski.pl\/duesseldorf\/2023\/01\/11\/internationales-folkwang-gitarrenfestival\/#primaryimage","url":"https:\/\/instytutpolski.pl\/duesseldorf\/wp-content\/uploads\/sites\/5\/2023\/01\/1.png","contentUrl":"https:\/\/instytutpolski.pl\/duesseldorf\/wp-content\/uploads\/sites\/5\/2023\/01\/1.png","width":1383,"height":781},{"@type":"BreadcrumbList","@id":"https:\/\/instytutpolski.pl\/duesseldorf\/2023\/01\/11\/internationales-folkwang-gitarrenfestival\/#breadcrumb","itemListElement":[{"@type":"ListItem","position":1,"name":"Home","item":"https:\/\/instytutpolski.pl\/duesseldorf\/"},{"@type":"ListItem","position":2,"name":"6. Internationales Folkwang Gitarrenfestival"}]},{"@type":"WebSite","@id":"https:\/\/instytutpolski.pl\/duesseldorf\/#website","url":"https:\/\/instytutpolski.pl\/duesseldorf\/","name":"Instytut Polski w Dusseldorfie","description":"Instytuty Polskie","potentialAction":[{"@type":"SearchAction","target":{"@type":"EntryPoint","urlTemplate":"https:\/\/instytutpolski.pl\/duesseldorf\/?s={search_term_string}"},"query-input":{"@type":"PropertyValueSpecification","valueRequired":true,"valueName":"search_term_string"}}],"inLanguage":"pl-PL"},{"@type":"Person","@id":"https:\/\/instytutpolski.pl\/duesseldorf\/#\/schema\/person\/6b4b76776c5d49a1eb862046e311998e","name":"kolinskia","image":{"@type":"ImageObject","inLanguage":"pl-PL","@id":"https:\/\/instytutpolski.pl\/duesseldorf\/#\/schema\/person\/image\/","url":"https:\/\/secure.gravatar.com\/avatar\/9bb79075402c1d25f1e9e4e8260c2d13?s=96&d=mm&r=g","contentUrl":"https:\/\/secure.gravatar.com\/avatar\/9bb79075402c1d25f1e9e4e8260c2d13?s=96&d=mm&r=g","caption":"kolinskia"},"url":"https:\/\/instytutpolski.pl\/duesseldorf\/author\/kolinskia\/"}]}},"_links":{"self":[{"href":"https:\/\/instytutpolski.pl\/duesseldorf\/wp-json\/wp\/v2\/posts\/8587","targetHints":{"allow":["GET"]}}],"collection":[{"href":"https:\/\/instytutpolski.pl\/duesseldorf\/wp-json\/wp\/v2\/posts"}],"about":[{"href":"https:\/\/instytutpolski.pl\/duesseldorf\/wp-json\/wp\/v2\/types\/post"}],"author":[{"embeddable":true,"href":"https:\/\/instytutpolski.pl\/duesseldorf\/wp-json\/wp\/v2\/users\/103"}],"replies":[{"embeddable":true,"href":"https:\/\/instytutpolski.pl\/duesseldorf\/wp-json\/wp\/v2\/comments?post=8587"}],"version-history":[{"count":7,"href":"https:\/\/instytutpolski.pl\/duesseldorf\/wp-json\/wp\/v2\/posts\/8587\/revisions"}],"predecessor-version":[{"id":8863,"href":"https:\/\/instytutpolski.pl\/duesseldorf\/wp-json\/wp\/v2\/posts\/8587\/revisions\/8863"}],"wp:featuredmedia":[{"embeddable":true,"href":"https:\/\/instytutpolski.pl\/duesseldorf\/wp-json\/wp\/v2\/media\/8588"}],"wp:attachment":[{"href":"https:\/\/instytutpolski.pl\/duesseldorf\/wp-json\/wp\/v2\/media?parent=8587"}],"wp:term":[{"taxonomy":"category","embeddable":true,"href":"https:\/\/instytutpolski.pl\/duesseldorf\/wp-json\/wp\/v2\/categories?post=8587"},{"taxonomy":"post_tag","embeddable":true,"href":"https:\/\/instytutpolski.pl\/duesseldorf\/wp-json\/wp\/v2\/tags?post=8587"}],"curies":[{"name":"wp","href":"https:\/\/api.w.org\/{rel}","templated":true}]}}