{"id":8932,"date":"2023-05-17T11:38:00","date_gmt":"2023-05-17T09:38:00","guid":{"rendered":"https:\/\/instytutpolski.pl\/duesseldorf\/?p=8932"},"modified":"2023-08-03T16:18:09","modified_gmt":"2023-08-03T14:18:09","slug":"hanka-grupinska-czytac-liste","status":"publish","type":"post","link":"https:\/\/instytutpolski.pl\/duesseldorf\/pl\/2023\/05\/17\/hanka-grupinska-czytac-liste\/","title":{"rendered":"Hanka Grupi\u0144ska &#8222;Czyta\u0107 list\u0119&#8221;"},"content":{"rendered":"\n<div class=\"lead\">80. rocznica Powstania w Getcie Warszawskim 1943<\/div>\n<p><strong>HANKA GRUPI\u0143SKA: DIE LISTE LESEN \/ Odczyta\u0107 list\u0119<\/strong><\/p>\n<p>Autorin Hanka Grupi\u0144ska im Gespr\u00e4ch mit dem \u00dcbersetzer Andreas Volk<\/p>\n<p>Aus dem Buch liest Anja Jazeschann<\/p>\n<p>23. Maj 2023 \/ g. 18.30: Mahn- und Gedenkst\u00e4tte, M\u00fchlenstra\u00dfe 29, 40213 D\u00fcsseldorf<\/p>\n<p>25. Maj 2023 \/ g. 10.15 \u2013 11.45\u00a0 \/ Raum P 15, Johannes Gutenberg-Universit\u00e4t Mainz, Philosophicum, Jakob-Welder-Weg 18, 55128 Mainz;<\/p>\n<p><strong>\u00a0<\/strong>Kurz nach dem Ende des Zweiten Weltkriegs fertigte Marek Edelman, einer der Kommandeure des Aufstands im Warschauer Ghetto, eine Liste der K\u00e4mpferinnen und K\u00e4mpfer an. Jahrzehnte sp\u00e4ter hat die polnische Publizistin Hanka Grupi\u0144ska die Liste in einem Londoner Archiv wiederentdeckt. Sie machte es sich zur Aufgabe, den Lebenswegen der zumeist jungen Menschen, die sich den deutschen Besatzern mit der Waffe in der Hand entgegenstellten, nachzugehen. Auf Basis zahlreicher Gespr\u00e4che mit \u00dcberlebenden sowie der Auswertung der Literatur sind ersch\u00fctternde Kurzbiografien von 308 namentlich bekannten Aufst\u00e4ndischen entstanden. In Polen gilt das Buch als Standardwerk. Mit dieser Ausgabe liegt es nun auch auf Deutsch vor.<\/p>\n<p><strong>Hanka Grupi\u0144ska<\/strong>\u00a0ist Kolumnistin, Journalistin und Buchautorin, in den 1990er Jahren war sie Kulturattach\u00e9 an der polnischen Botschaft in Tel Aviv. Ihr Forschungsinteresse gilt der Geschichte des Holocaust und der israelischen Gegenwartskultur. In Polen hat sie u.a. \u201e12 opowie\u015bci \u017cydowskich\u201c\u00a0 (12 j\u00fcdische Geschichten), \u201eCi\u0105gle po kolei\u201c (Eins nach dem anderen) und \u201eOdczytanie Listy\u201c (Die Liste lesen) ver\u00f6ffentlicht. \u201eDie Liste lesen\u201c erscheint im Mai 2023 im Verlag Metropol in deutscher \u00dcbersetzung von Andreas Volk.<\/p>\n<p>Kooperation: Polnisches Institut D\u00fcsseldorf, Mahn- und Gedenkst\u00e4tte, Gesellschaft f\u00fcr Christlich-J\u00fcdische Zusammenarbeit in D\u00fcsseldorf e.V., Polonicum Mainz<\/p>\n<p>\u00a0<\/p>\n<p>Buch:\u00a0HANKA GRUPI\u0143SKA DIELISTE LESEN<\/p>\n<p>ERZ\u00c4HLUNGEN \u00dcBER DIE WARSCHAUER AUFST\u00c4NDISCHEN DER J\u00dcDISCHEN KAMPFORGANISATION<\/p>\n<p>Verlag Metropol, Berlin, 2023<\/p>\n<p>Aus dem Polnischen von Andreas Volk<\/p>\n<p>ISBN: 978-3-86331-704-1<\/p>\n","protected":false},"excerpt":{"rendered":"<p>80. rocznica Powstania w Getcie Warszawskim 1943 HANKA GRUPI\u0143SKA: DIE LISTE LESEN \/ Odczyta\u0107 list\u0119 Autorin Hanka Grupi\u0144ska im Gespr\u00e4ch mit dem \u00dcbersetzer Andreas Volk Aus dem Buch liest Anja Jazeschann 23. Maj 2023 \/ g. 18.30: Mahn- und Gedenkst\u00e4tte, M\u00fchlenstra\u00dfe 29, 40213 D\u00fcsseldorf 25. Maj 2023 \/ g. 10.15 \u2013 11.45\u00a0 \/ Raum P [&hellip;]<\/p>\n","protected":false},"author":103,"featured_media":8893,"comment_status":"open","ping_status":"open","sticky":false,"template":"","format":"standard","meta":{"inline_featured_image":false,"_monsterinsights_skip_tracking":false,"_monsterinsights_sitenote_active":false,"_monsterinsights_sitenote_note":"","_monsterinsights_sitenote_category":0,"footnotes":""},"categories":[197,203],"tags":[],"class_list":["post-8932","post","type-post","status-publish","format-standard","has-post-thumbnail","hentry","category-historiaidyskusje","category-literatura-pl"],"yoast_head":"<!-- This site is optimized with the Yoast SEO plugin v24.6 - https:\/\/yoast.com\/wordpress\/plugins\/seo\/ -->\n<title>Hanka Grupi\u0144ska &quot;Czyta\u0107 list\u0119&quot; - Instytut Polski w Dusseldorfie<\/title>\n<meta name=\"description\" content=\"Zum 80. Jahrestag des Aufstands im Warschauer Ghetto 1943\" \/>\n<meta name=\"robots\" content=\"index, follow, max-snippet:-1, max-image-preview:large, max-video-preview:-1\" \/>\n<link rel=\"canonical\" href=\"https:\/\/instytutpolski.pl\/duesseldorf\/pl\/2023\/05\/17\/hanka-grupinska-czytac-liste\/\" \/>\n<meta property=\"og:locale\" content=\"pl_PL\" \/>\n<meta property=\"og:type\" content=\"article\" \/>\n<meta property=\"og:title\" content=\"Hanka Grupi\u0144ska &quot;Czyta\u0107 list\u0119&quot; - Instytut Polski w Dusseldorfie\" \/>\n<meta property=\"og:description\" content=\"Zum 80. Jahrestag des Aufstands im Warschauer Ghetto 1943\" \/>\n<meta property=\"og:url\" content=\"https:\/\/instytutpolski.pl\/duesseldorf\/pl\/2023\/05\/17\/hanka-grupinska-czytac-liste\/\" \/>\n<meta property=\"og:site_name\" content=\"Instytut Polski w Dusseldorfie\" \/>\n<meta property=\"article:published_time\" content=\"2023-05-17T09:38:00+00:00\" \/>\n<meta property=\"article:modified_time\" content=\"2023-08-03T14:18:09+00:00\" \/>\n<meta property=\"og:image\" content=\"https:\/\/instytutpolski.pl\/duesseldorf\/wp-content\/uploads\/sites\/5\/2023\/04\/Motyw-na-INT.png\" \/>\n\t<meta property=\"og:image:width\" content=\"1360\" \/>\n\t<meta property=\"og:image:height\" content=\"767\" \/>\n\t<meta property=\"og:image:type\" content=\"image\/png\" \/>\n<meta name=\"author\" content=\"kolinskia\" \/>\n<meta name=\"twitter:card\" content=\"summary_large_image\" \/>\n<meta name=\"twitter:label1\" content=\"Napisane przez\" \/>\n\t<meta name=\"twitter:data1\" content=\"kolinskia\" \/>\n\t<meta name=\"twitter:label2\" content=\"Szacowany czas czytania\" \/>\n\t<meta name=\"twitter:data2\" content=\"2 minuty\" \/>\n<script type=\"application\/ld+json\" class=\"yoast-schema-graph\">{\"@context\":\"https:\/\/schema.org\",\"@graph\":[{\"@type\":\"event\",\"@id\":\"https:\/\/instytutpolski.pl\/duesseldorf\/pl\/2023\/05\/17\/hanka-grupinska-czytac-liste\/\",\"url\":\"https:\/\/instytutpolski.pl\/duesseldorf\/pl\/2023\/05\/17\/hanka-grupinska-czytac-liste\/\",\"name\":\"Hanka Grupi\u0144ska \\\"Czyta\u0107 list\u0119\\\"\",\"isPartOf\":{\"@id\":\"https:\/\/instytutpolski.pl\/duesseldorf\/#website\"},\"primaryImageOfPage\":{\"@id\":\"https:\/\/instytutpolski.pl\/duesseldorf\/pl\/2023\/05\/17\/hanka-grupinska-czytac-liste\/#primaryimage\"},\"image\":[\"https:\/\/instytutpolski.pl\/duesseldorf\/wp-content\/uploads\/sites\/5\/2023\/04\/Motyw-na-INT.png\",\"https:\/\/instytutpolski.pl\/duesseldorf\/wp-content\/uploads\/sites\/5\/2023\/04\/Motyw-na-INT-300x169.png\",\"https:\/\/instytutpolski.pl\/duesseldorf\/wp-content\/uploads\/sites\/5\/2023\/04\/Motyw-na-INT-1024x578.png\",\"https:\/\/instytutpolski.pl\/duesseldorf\/wp-content\/uploads\/sites\/5\/2023\/04\/Motyw-na-INT.png\"],\"thumbnailUrl\":\"https:\/\/instytutpolski.pl\/duesseldorf\/wp-content\/uploads\/sites\/5\/2023\/04\/Motyw-na-INT.png\",\"datePublished\":\"2023-05-17T09:38:00+02:00\",\"dateModified\":\"2023-08-03T14:18:09+02:00\",\"author\":{\"@id\":\"https:\/\/instytutpolski.pl\/duesseldorf\/#\/schema\/person\/6b4b76776c5d49a1eb862046e311998e\"},\"description\":\"80. rocznica Powstania w Getcie Warszawskim 1943\\nHANKA GRUPI\u0143SKA: DIE LISTE LESEN \/ Odczyta\u0107 list\u0119\\nAutorin Hanka Grupi\u0144ska im Gespr\u00e4ch mit dem \u00dcbersetzer Andreas Volk\\nAus dem Buch liest Anja Jazeschann\\n23. Maj 2023 \/ g. 18.30: Mahn- und Gedenkst\u00e4tte, M\u00fchlenstra\u00dfe 29, 40213 D\u00fcsseldorf\\n25. Maj 2023 \/ g. 10.15 \u2013 11.45\u00a0 \/ Raum P 15, Johannes Gutenberg-Universit\u00e4t Mainz, Philosophicum, Jakob-Welder-Weg 18, 55128 Mainz;\\n\u00a0Kurz nach dem Ende des Zweiten Weltkriegs fertigte Marek Edelman, einer der Kommandeure des Aufstands im Warschauer Ghetto, eine Liste der K\u00e4mpferinnen und K\u00e4mpfer an. Jahrzehnte sp\u00e4ter hat die polnische Publizistin Hanka Grupi\u0144ska die Liste in einem Londoner Archiv wiederentdeckt. Sie machte es sich zur Aufgabe, den Lebenswegen der zumeist jungen Menschen, die sich den deutschen Besatzern mit der Waffe in der Hand entgegenstellten, nachzugehen. Auf Basis zahlreicher Gespr\u00e4che mit \u00dcberlebenden sowie der Auswertung der Literatur sind ersch\u00fctternde Kurzbiografien von 308 namentlich bekannten Aufst\u00e4ndischen entstanden. In Polen gilt das Buch als Standardwerk. Mit dieser Ausgabe liegt es nun auch auf Deutsch vor.\\nHanka Grupi\u0144ska\u00a0ist Kolumnistin, Journalistin und Buchautorin, in den 1990er Jahren war sie Kulturattach\u00e9 an der polnischen Botschaft in Tel Aviv. Ihr Forschungsinteresse gilt der Geschichte des Holocaust und der israelischen Gegenwartskultur. In Polen hat sie u.a. \u201e12 opowie\u015bci \u017cydowskich\u201c\u00a0 (12 j\u00fcdische Geschichten), \u201eCi\u0105gle po kolei\u201c (Eins nach dem anderen) und \u201eOdczytanie Listy\u201c (Die Liste lesen) ver\u00f6ffentlicht. \u201eDie Liste lesen\u201c erscheint im Mai 2023 im Verlag Metropol in deutscher \u00dcbersetzung von Andreas Volk.\\nKooperation: Polnisches Institut D\u00fcsseldorf, Mahn- und Gedenkst\u00e4tte, Gesellschaft f\u00fcr Christlich-J\u00fcdische Zusammenarbeit in D\u00fcsseldorf e.V., Polonicum Mainz\\n\u00a0\\nBuch:\u00a0HANKA GRUPI\u0143SKA DIELISTE LESEN\\nERZ\u00c4HLUNGEN \u00dcBER DIE WARSCHAUER AUFST\u00c4NDISCHEN DER J\u00dcDISCHEN KAMPFORGANISATION\\nVerlag Metropol, Berlin, 2023\\nAus dem Polnischen von Andreas Volk\\nISBN: 978-3-86331-704-1\",\"breadcrumb\":{\"@id\":\"https:\/\/instytutpolski.pl\/duesseldorf\/pl\/2023\/05\/17\/hanka-grupinska-czytac-liste\/#breadcrumb\"},\"inLanguage\":\"pl-PL\",\"potentialAction\":[{\"@type\":\"ReadAction\",\"target\":[\"https:\/\/instytutpolski.pl\/duesseldorf\/pl\/2023\/05\/17\/hanka-grupinska-czytac-liste\/\"]}],\"@context\":\"https:\/\/schema.org\",\"startDate\":\"2023-05-23T07:00:00+02:00\",\"endDate\":\"2023-05-25T10:15:00+02:00\",\"eventStatus\":\"EventScheduled\",\"eventAttendanceMode\":\"OfflineEventAttendanceMode\",\"location\":{\"@type\":\"place\",\"name\":\"\",\"address\":\"\",\"geo\":{\"@type\":\"GeoCoordinates\",\"latitude\":\"\",\"longitude\":\"\"}}},{\"@type\":\"ImageObject\",\"inLanguage\":\"pl-PL\",\"@id\":\"https:\/\/instytutpolski.pl\/duesseldorf\/pl\/2023\/05\/17\/hanka-grupinska-czytac-liste\/#primaryimage\",\"url\":\"https:\/\/instytutpolski.pl\/duesseldorf\/wp-content\/uploads\/sites\/5\/2023\/04\/Motyw-na-INT.png\",\"contentUrl\":\"https:\/\/instytutpolski.pl\/duesseldorf\/wp-content\/uploads\/sites\/5\/2023\/04\/Motyw-na-INT.png\",\"width\":1360,\"height\":767,\"caption\":\"Foto von Hanka Grupi\u0144ska Jakub Celej\"},{\"@type\":\"BreadcrumbList\",\"@id\":\"https:\/\/instytutpolski.pl\/duesseldorf\/pl\/2023\/05\/17\/hanka-grupinska-czytac-liste\/#breadcrumb\",\"itemListElement\":[{\"@type\":\"ListItem\",\"position\":1,\"name\":\"Home\",\"item\":\"https:\/\/instytutpolski.pl\/duesseldorf\/\"},{\"@type\":\"ListItem\",\"position\":2,\"name\":\"Hanka Grupi\u0144ska &#8222;Czyta\u0107 list\u0119&#8221;\"}]},{\"@type\":\"WebSite\",\"@id\":\"https:\/\/instytutpolski.pl\/duesseldorf\/#website\",\"url\":\"https:\/\/instytutpolski.pl\/duesseldorf\/\",\"name\":\"Instytut Polski w Dusseldorfie\",\"description\":\"Instytuty Polskie\",\"potentialAction\":[{\"@type\":\"SearchAction\",\"target\":{\"@type\":\"EntryPoint\",\"urlTemplate\":\"https:\/\/instytutpolski.pl\/duesseldorf\/?s={search_term_string}\"},\"query-input\":{\"@type\":\"PropertyValueSpecification\",\"valueRequired\":true,\"valueName\":\"search_term_string\"}}],\"inLanguage\":\"pl-PL\"},{\"@type\":\"Person\",\"@id\":\"https:\/\/instytutpolski.pl\/duesseldorf\/#\/schema\/person\/6b4b76776c5d49a1eb862046e311998e\",\"name\":\"kolinskia\",\"image\":{\"@type\":\"ImageObject\",\"inLanguage\":\"pl-PL\",\"@id\":\"https:\/\/instytutpolski.pl\/duesseldorf\/#\/schema\/person\/image\/\",\"url\":\"https:\/\/secure.gravatar.com\/avatar\/9bb79075402c1d25f1e9e4e8260c2d13?s=96&d=mm&r=g\",\"contentUrl\":\"https:\/\/secure.gravatar.com\/avatar\/9bb79075402c1d25f1e9e4e8260c2d13?s=96&d=mm&r=g\",\"caption\":\"kolinskia\"},\"url\":\"https:\/\/instytutpolski.pl\/duesseldorf\/author\/kolinskia\/\"}]}<\/script>\n<!-- \/ Yoast SEO plugin. -->","yoast_head_json":{"title":"Hanka Grupi\u0144ska \"Czyta\u0107 list\u0119\" - Instytut Polski w Dusseldorfie","description":"Zum 80. Jahrestag des Aufstands im Warschauer Ghetto 1943","robots":{"index":"index","follow":"follow","max-snippet":"max-snippet:-1","max-image-preview":"max-image-preview:large","max-video-preview":"max-video-preview:-1"},"canonical":"https:\/\/instytutpolski.pl\/duesseldorf\/pl\/2023\/05\/17\/hanka-grupinska-czytac-liste\/","og_locale":"pl_PL","og_type":"article","og_title":"Hanka Grupi\u0144ska \"Czyta\u0107 list\u0119\" - Instytut Polski w Dusseldorfie","og_description":"Zum 80. Jahrestag des Aufstands im Warschauer Ghetto 1943","og_url":"https:\/\/instytutpolski.pl\/duesseldorf\/pl\/2023\/05\/17\/hanka-grupinska-czytac-liste\/","og_site_name":"Instytut Polski w Dusseldorfie","article_published_time":"2023-05-17T09:38:00+00:00","article_modified_time":"2023-08-03T14:18:09+00:00","og_image":[{"width":1360,"height":767,"url":"https:\/\/instytutpolski.pl\/duesseldorf\/wp-content\/uploads\/sites\/5\/2023\/04\/Motyw-na-INT.png","type":"image\/png"}],"author":"kolinskia","twitter_card":"summary_large_image","twitter_misc":{"Napisane przez":"kolinskia","Szacowany czas czytania":"2 minuty"},"schema":{"@context":"https:\/\/schema.org","@graph":[{"@type":"event","@id":"https:\/\/instytutpolski.pl\/duesseldorf\/pl\/2023\/05\/17\/hanka-grupinska-czytac-liste\/","url":"https:\/\/instytutpolski.pl\/duesseldorf\/pl\/2023\/05\/17\/hanka-grupinska-czytac-liste\/","name":"Hanka Grupi\u0144ska \"Czyta\u0107 list\u0119\"","isPartOf":{"@id":"https:\/\/instytutpolski.pl\/duesseldorf\/#website"},"primaryImageOfPage":{"@id":"https:\/\/instytutpolski.pl\/duesseldorf\/pl\/2023\/05\/17\/hanka-grupinska-czytac-liste\/#primaryimage"},"image":["https:\/\/instytutpolski.pl\/duesseldorf\/wp-content\/uploads\/sites\/5\/2023\/04\/Motyw-na-INT.png","https:\/\/instytutpolski.pl\/duesseldorf\/wp-content\/uploads\/sites\/5\/2023\/04\/Motyw-na-INT-300x169.png","https:\/\/instytutpolski.pl\/duesseldorf\/wp-content\/uploads\/sites\/5\/2023\/04\/Motyw-na-INT-1024x578.png","https:\/\/instytutpolski.pl\/duesseldorf\/wp-content\/uploads\/sites\/5\/2023\/04\/Motyw-na-INT.png"],"thumbnailUrl":"https:\/\/instytutpolski.pl\/duesseldorf\/wp-content\/uploads\/sites\/5\/2023\/04\/Motyw-na-INT.png","datePublished":"2023-05-17T09:38:00+02:00","dateModified":"2023-08-03T14:18:09+02:00","author":{"@id":"https:\/\/instytutpolski.pl\/duesseldorf\/#\/schema\/person\/6b4b76776c5d49a1eb862046e311998e"},"description":"80. rocznica Powstania w Getcie Warszawskim 1943\nHANKA GRUPI\u0143SKA: DIE LISTE LESEN \/ Odczyta\u0107 list\u0119\nAutorin Hanka Grupi\u0144ska im Gespr\u00e4ch mit dem \u00dcbersetzer Andreas Volk\nAus dem Buch liest Anja Jazeschann\n23. Maj 2023 \/ g. 18.30: Mahn- und Gedenkst\u00e4tte, M\u00fchlenstra\u00dfe 29, 40213 D\u00fcsseldorf\n25. Maj 2023 \/ g. 10.15 \u2013 11.45\u00a0 \/ Raum P 15, Johannes Gutenberg-Universit\u00e4t Mainz, Philosophicum, Jakob-Welder-Weg 18, 55128 Mainz;\n\u00a0Kurz nach dem Ende des Zweiten Weltkriegs fertigte Marek Edelman, einer der Kommandeure des Aufstands im Warschauer Ghetto, eine Liste der K\u00e4mpferinnen und K\u00e4mpfer an. Jahrzehnte sp\u00e4ter hat die polnische Publizistin Hanka Grupi\u0144ska die Liste in einem Londoner Archiv wiederentdeckt. Sie machte es sich zur Aufgabe, den Lebenswegen der zumeist jungen Menschen, die sich den deutschen Besatzern mit der Waffe in der Hand entgegenstellten, nachzugehen. Auf Basis zahlreicher Gespr\u00e4che mit \u00dcberlebenden sowie der Auswertung der Literatur sind ersch\u00fctternde Kurzbiografien von 308 namentlich bekannten Aufst\u00e4ndischen entstanden. In Polen gilt das Buch als Standardwerk. Mit dieser Ausgabe liegt es nun auch auf Deutsch vor.\nHanka Grupi\u0144ska\u00a0ist Kolumnistin, Journalistin und Buchautorin, in den 1990er Jahren war sie Kulturattach\u00e9 an der polnischen Botschaft in Tel Aviv. Ihr Forschungsinteresse gilt der Geschichte des Holocaust und der israelischen Gegenwartskultur. In Polen hat sie u.a. \u201e12 opowie\u015bci \u017cydowskich\u201c\u00a0 (12 j\u00fcdische Geschichten), \u201eCi\u0105gle po kolei\u201c (Eins nach dem anderen) und \u201eOdczytanie Listy\u201c (Die Liste lesen) ver\u00f6ffentlicht. \u201eDie Liste lesen\u201c erscheint im Mai 2023 im Verlag Metropol in deutscher \u00dcbersetzung von Andreas Volk.\nKooperation: Polnisches Institut D\u00fcsseldorf, Mahn- und Gedenkst\u00e4tte, Gesellschaft f\u00fcr Christlich-J\u00fcdische Zusammenarbeit in D\u00fcsseldorf e.V., Polonicum Mainz\n\u00a0\nBuch:\u00a0HANKA GRUPI\u0143SKA DIELISTE LESEN\nERZ\u00c4HLUNGEN \u00dcBER DIE WARSCHAUER AUFST\u00c4NDISCHEN DER J\u00dcDISCHEN KAMPFORGANISATION\nVerlag Metropol, Berlin, 2023\nAus dem Polnischen von Andreas Volk\nISBN: 978-3-86331-704-1","breadcrumb":{"@id":"https:\/\/instytutpolski.pl\/duesseldorf\/pl\/2023\/05\/17\/hanka-grupinska-czytac-liste\/#breadcrumb"},"inLanguage":"pl-PL","potentialAction":[{"@type":"ReadAction","target":["https:\/\/instytutpolski.pl\/duesseldorf\/pl\/2023\/05\/17\/hanka-grupinska-czytac-liste\/"]}],"@context":"https:\/\/schema.org","startDate":"2023-05-23T07:00:00+02:00","endDate":"2023-05-25T10:15:00+02:00","eventStatus":"EventScheduled","eventAttendanceMode":"OfflineEventAttendanceMode","location":{"@type":"place","name":"","address":"","geo":{"@type":"GeoCoordinates","latitude":"","longitude":""}}},{"@type":"ImageObject","inLanguage":"pl-PL","@id":"https:\/\/instytutpolski.pl\/duesseldorf\/pl\/2023\/05\/17\/hanka-grupinska-czytac-liste\/#primaryimage","url":"https:\/\/instytutpolski.pl\/duesseldorf\/wp-content\/uploads\/sites\/5\/2023\/04\/Motyw-na-INT.png","contentUrl":"https:\/\/instytutpolski.pl\/duesseldorf\/wp-content\/uploads\/sites\/5\/2023\/04\/Motyw-na-INT.png","width":1360,"height":767,"caption":"Foto von Hanka Grupi\u0144ska Jakub Celej"},{"@type":"BreadcrumbList","@id":"https:\/\/instytutpolski.pl\/duesseldorf\/pl\/2023\/05\/17\/hanka-grupinska-czytac-liste\/#breadcrumb","itemListElement":[{"@type":"ListItem","position":1,"name":"Home","item":"https:\/\/instytutpolski.pl\/duesseldorf\/"},{"@type":"ListItem","position":2,"name":"Hanka Grupi\u0144ska &#8222;Czyta\u0107 list\u0119&#8221;"}]},{"@type":"WebSite","@id":"https:\/\/instytutpolski.pl\/duesseldorf\/#website","url":"https:\/\/instytutpolski.pl\/duesseldorf\/","name":"Instytut Polski w Dusseldorfie","description":"Instytuty Polskie","potentialAction":[{"@type":"SearchAction","target":{"@type":"EntryPoint","urlTemplate":"https:\/\/instytutpolski.pl\/duesseldorf\/?s={search_term_string}"},"query-input":{"@type":"PropertyValueSpecification","valueRequired":true,"valueName":"search_term_string"}}],"inLanguage":"pl-PL"},{"@type":"Person","@id":"https:\/\/instytutpolski.pl\/duesseldorf\/#\/schema\/person\/6b4b76776c5d49a1eb862046e311998e","name":"kolinskia","image":{"@type":"ImageObject","inLanguage":"pl-PL","@id":"https:\/\/instytutpolski.pl\/duesseldorf\/#\/schema\/person\/image\/","url":"https:\/\/secure.gravatar.com\/avatar\/9bb79075402c1d25f1e9e4e8260c2d13?s=96&d=mm&r=g","contentUrl":"https:\/\/secure.gravatar.com\/avatar\/9bb79075402c1d25f1e9e4e8260c2d13?s=96&d=mm&r=g","caption":"kolinskia"},"url":"https:\/\/instytutpolski.pl\/duesseldorf\/author\/kolinskia\/"}]}},"_links":{"self":[{"href":"https:\/\/instytutpolski.pl\/duesseldorf\/wp-json\/wp\/v2\/posts\/8932","targetHints":{"allow":["GET"]}}],"collection":[{"href":"https:\/\/instytutpolski.pl\/duesseldorf\/wp-json\/wp\/v2\/posts"}],"about":[{"href":"https:\/\/instytutpolski.pl\/duesseldorf\/wp-json\/wp\/v2\/types\/post"}],"author":[{"embeddable":true,"href":"https:\/\/instytutpolski.pl\/duesseldorf\/wp-json\/wp\/v2\/users\/103"}],"replies":[{"embeddable":true,"href":"https:\/\/instytutpolski.pl\/duesseldorf\/wp-json\/wp\/v2\/comments?post=8932"}],"version-history":[{"count":2,"href":"https:\/\/instytutpolski.pl\/duesseldorf\/wp-json\/wp\/v2\/posts\/8932\/revisions"}],"predecessor-version":[{"id":9156,"href":"https:\/\/instytutpolski.pl\/duesseldorf\/wp-json\/wp\/v2\/posts\/8932\/revisions\/9156"}],"wp:featuredmedia":[{"embeddable":true,"href":"https:\/\/instytutpolski.pl\/duesseldorf\/wp-json\/wp\/v2\/media\/8893"}],"wp:attachment":[{"href":"https:\/\/instytutpolski.pl\/duesseldorf\/wp-json\/wp\/v2\/media?parent=8932"}],"wp:term":[{"taxonomy":"category","embeddable":true,"href":"https:\/\/instytutpolski.pl\/duesseldorf\/wp-json\/wp\/v2\/categories?post=8932"},{"taxonomy":"post_tag","embeddable":true,"href":"https:\/\/instytutpolski.pl\/duesseldorf\/wp-json\/wp\/v2\/tags?post=8932"}],"curies":[{"name":"wp","href":"https:\/\/api.w.org\/{rel}","templated":true}]}}