{"id":9162,"date":"2023-08-08T11:01:42","date_gmt":"2023-08-08T09:01:42","guid":{"rendered":"https:\/\/instytutpolski.pl\/duesseldorf\/?p=9162"},"modified":"2023-09-11T15:33:53","modified_gmt":"2023-09-11T13:33:53","slug":"tag-des-offenen-denkmals-im-polnischen-institut-dusseldorf","status":"publish","type":"post","link":"https:\/\/instytutpolski.pl\/duesseldorf\/2023\/08\/08\/tag-des-offenen-denkmals-im-polnischen-institut-dusseldorf\/","title":{"rendered":"30 Jahre Tag des offenen Denkmals im Polnischen Institut D\u00fcsseldorf"},"content":{"rendered":"\n<figure class=\"wp-block-gallery has-nested-images columns-default is-cropped wp-block-gallery-1 is-layout-flex wp-block-gallery-is-layout-flex\">\n<figure class=\"wp-block-image size-large\"><img loading=\"lazy\" decoding=\"async\" width=\"735\" height=\"1024\" data-id=\"9169\" src=\"https:\/\/instytutpolski.pl\/duesseldorf\/wp-content\/uploads\/sites\/5\/2023\/08\/Rossner_ToffD_1993_Plakat_leuchtend_Web-735x1024.jpg\" alt=\"\" class=\"wp-image-9169\" srcset=\"https:\/\/instytutpolski.pl\/duesseldorf\/wp-content\/uploads\/sites\/5\/2023\/08\/Rossner_ToffD_1993_Plakat_leuchtend_Web-735x1024.jpg 735w, https:\/\/instytutpolski.pl\/duesseldorf\/wp-content\/uploads\/sites\/5\/2023\/08\/Rossner_ToffD_1993_Plakat_leuchtend_Web-215x300.jpg 215w, https:\/\/instytutpolski.pl\/duesseldorf\/wp-content\/uploads\/sites\/5\/2023\/08\/Rossner_ToffD_1993_Plakat_leuchtend_Web-768x1071.jpg 768w, https:\/\/instytutpolski.pl\/duesseldorf\/wp-content\/uploads\/sites\/5\/2023\/08\/Rossner_ToffD_1993_Plakat_leuchtend_Web-1102x1536.jpg 1102w, https:\/\/instytutpolski.pl\/duesseldorf\/wp-content\/uploads\/sites\/5\/2023\/08\/Rossner_ToffD_1993_Plakat_leuchtend_Web.jpg 1406w\" sizes=\"auto, (max-width: 735px) 100vw, 735px\" \/><figcaption>Kunstwerk<\/figcaption><\/figure>\n\n\n\n<figure class=\"wp-block-image size-large\"><img loading=\"lazy\" decoding=\"async\" width=\"1024\" height=\"756\" data-id=\"9171\" src=\"https:\/\/instytutpolski.pl\/duesseldorf\/wp-content\/uploads\/sites\/5\/2023\/08\/1-1024x756.png\" alt=\"\" class=\"wp-image-9171\" srcset=\"https:\/\/instytutpolski.pl\/duesseldorf\/wp-content\/uploads\/sites\/5\/2023\/08\/1-1024x756.png 1024w, https:\/\/instytutpolski.pl\/duesseldorf\/wp-content\/uploads\/sites\/5\/2023\/08\/1-300x222.png 300w, https:\/\/instytutpolski.pl\/duesseldorf\/wp-content\/uploads\/sites\/5\/2023\/08\/1-768x567.png 768w, https:\/\/instytutpolski.pl\/duesseldorf\/wp-content\/uploads\/sites\/5\/2023\/08\/1.png 1535w\" sizes=\"auto, (max-width: 1024px) 100vw, 1024px\" \/><\/figure>\n\n\n\n<figure class=\"wp-block-image size-large\"><img loading=\"lazy\" decoding=\"async\" width=\"724\" height=\"1024\" data-id=\"9170\" src=\"https:\/\/instytutpolski.pl\/duesseldorf\/wp-content\/uploads\/sites\/5\/2023\/08\/Plakat_ToffD_2023-724x1024.jpg\" alt=\"\" class=\"wp-image-9170\" srcset=\"https:\/\/instytutpolski.pl\/duesseldorf\/wp-content\/uploads\/sites\/5\/2023\/08\/Plakat_ToffD_2023-724x1024.jpg 724w, https:\/\/instytutpolski.pl\/duesseldorf\/wp-content\/uploads\/sites\/5\/2023\/08\/Plakat_ToffD_2023-212x300.jpg 212w, https:\/\/instytutpolski.pl\/duesseldorf\/wp-content\/uploads\/sites\/5\/2023\/08\/Plakat_ToffD_2023-768x1086.jpg 768w, https:\/\/instytutpolski.pl\/duesseldorf\/wp-content\/uploads\/sites\/5\/2023\/08\/Plakat_ToffD_2023-1086x1536.jpg 1086w, https:\/\/instytutpolski.pl\/duesseldorf\/wp-content\/uploads\/sites\/5\/2023\/08\/Plakat_ToffD_2023-1448x2048.jpg 1448w, https:\/\/instytutpolski.pl\/duesseldorf\/wp-content\/uploads\/sites\/5\/2023\/08\/Plakat_ToffD_2023-scaled.jpg 1810w\" sizes=\"auto, (max-width: 724px) 100vw, 724px\" \/><\/figure>\n\n\n\n<figure class=\"wp-block-image size-large\"><img loading=\"lazy\" decoding=\"async\" width=\"200\" height=\"133\" data-id=\"9172\" src=\"https:\/\/instytutpolski.pl\/duesseldorf\/wp-content\/uploads\/sites\/5\/2023\/08\/Bild_2.jpg\" alt=\"\" class=\"wp-image-9172\" \/><\/figure>\n\n\n\n<figure class=\"wp-block-image size-large\"><img loading=\"lazy\" decoding=\"async\" width=\"1024\" height=\"682\" data-id=\"9173\" src=\"https:\/\/instytutpolski.pl\/duesseldorf\/wp-content\/uploads\/sites\/5\/2023\/08\/Patia.jpg\" alt=\"\" class=\"wp-image-9173\" srcset=\"https:\/\/instytutpolski.pl\/duesseldorf\/wp-content\/uploads\/sites\/5\/2023\/08\/Patia.jpg 1024w, https:\/\/instytutpolski.pl\/duesseldorf\/wp-content\/uploads\/sites\/5\/2023\/08\/Patia-300x200.jpg 300w, https:\/\/instytutpolski.pl\/duesseldorf\/wp-content\/uploads\/sites\/5\/2023\/08\/Patia-768x512.jpg 768w\" sizes=\"auto, (max-width: 1024px) 100vw, 1024px\" \/><\/figure>\n\n\n\n<figure class=\"wp-block-image size-large\"><img loading=\"lazy\" decoding=\"async\" width=\"1024\" height=\"920\" data-id=\"9174\" src=\"https:\/\/instytutpolski.pl\/duesseldorf\/wp-content\/uploads\/sites\/5\/2023\/08\/PolnInstitut2010-RolfPurpar_9454m_mo-1-1024x920.jpg\" alt=\"\" class=\"wp-image-9174\" srcset=\"https:\/\/instytutpolski.pl\/duesseldorf\/wp-content\/uploads\/sites\/5\/2023\/08\/PolnInstitut2010-RolfPurpar_9454m_mo-1-1024x920.jpg 1024w, https:\/\/instytutpolski.pl\/duesseldorf\/wp-content\/uploads\/sites\/5\/2023\/08\/PolnInstitut2010-RolfPurpar_9454m_mo-1-300x270.jpg 300w, https:\/\/instytutpolski.pl\/duesseldorf\/wp-content\/uploads\/sites\/5\/2023\/08\/PolnInstitut2010-RolfPurpar_9454m_mo-1-768x690.jpg 768w, https:\/\/instytutpolski.pl\/duesseldorf\/wp-content\/uploads\/sites\/5\/2023\/08\/PolnInstitut2010-RolfPurpar_9454m_mo-1.jpg 1379w\" sizes=\"auto, (max-width: 1024px) 100vw, 1024px\" \/><\/figure>\n<\/figure>\n\n\n\n<p><strong>Programm des Polnischen Instituts D\u00fcsseldorf am 30. Tag des Offenen Denkmals:<\/strong><\/p>\n<p>Sonntag, 10.09.2023, 11.00 &#8211; 18.00 Uhr<br>Citadellstra\u00dfe 7, 40213 D\u00fcsseldorf<br><br>Kunstausstellung: Die Kunst des Jerzy Nowosielski: Frau, Strand, Strasse, orthodoxe Kirche&#8230;<\/p>\n<p>Filmvorf\u00fchrungen: \u201e<strong>Depolma<\/strong>\u201c (15\u00b4) \u00fcber die Restaurierung des Hauses Citadellstrasse 7 1979-1980 durch Krakauer Werkst\u00e4tten f\u00fcr Denkmalpflege: Ab 11 Uhr jede volle Stunde.<\/p>\n<p>16.00 Uhr: Buchvorstellung und Diskussion: \u201e<strong>Ordnungswahn. Architekten planen im \u201eeingedeutschten Osten\u201c 1939-1945<\/strong>\u201c von Niels Gutschow<\/p>\n<p><br><a href=\"https:\/\/www.duesseldorf.de\/fileadmin\/Amt63\/denkmalschutz\/pdf\/Programm_Tag-des-offenen-Denkmals-2021_Duesseldorf.pdf\">Tag des Offenen Denkmals in D\u00fcsseldorf<\/a><\/p>\n<p><a href=\"https:\/\/www.tag-des-offenen-denkmals.de\/aktionstag\/denkmal\/2b0f66c4-c696-11ea-ab68-960000611c47\">Internetseite Tag des Offenen Denkmals<\/a><\/p>\n<p><strong>Beschreibung des Denkmals: Citadellstra\u00dfe 7, 40213 D\u00fcsseldorf<\/strong><br>Um 1640 gestattete Pfalzgraf Wolfgang Wilhelm den Bau von Wohnh\u00e4usern auf der Zitadelle. Die Bebauung verlief in den folgenden Jahrzenten jedoch eher z\u00f6gerlich. Erst unter Johann Wilhelm wurde die Bebauung der Zitadelle forciert. Vor allem Milit\u00e4r- und Hofbeamte errichteten hier Wohnbauten. Die ersten Geb\u00e4ude aus dieser Bauperiode waren 1684 fertiggestellt. Aus diesem Jahr datiert auch das Haus Citadellstra\u00dfe 7. Es wurde von dem kurf\u00fcrstlichen Kammerfourier Johann Georg Geinier errichtet. Es z\u00e4hlt zu den sch\u00f6nsten H\u00e4usern D\u00fcsseldorf.<br>Ende des 18. Jahrhundert wurde das Geb\u00e4ude modernisiert. Hofrat Daniels, der das Objekt 1779 erwarb, lie\u00df das Haus in barockem Stil dekorieren.<br>Die Fassade des Vorderhauses ist in f\u00fcnf Achsen gegliedert, deren mittlere als \u00fcbergiebelter Risalit vortritt. Hier befindet sich der von Pfeilern mit Volutenkapitellen flankierte Eingang unterhalb eines Rundbogens, der das Oberlicht des Turst\u00fcrzes aufnimmt. Ein Gesims teilt den Risalit. Am Erdgescho\u00df zieren Frucht- und Bl\u00fctengebinde die Fensterst\u00fcrze. Ein Lorbeerkranz schm\u00fcckt das Giebelfeld. Die architekturgebundene Ausstattung des 18. Jahrhunderts ist im Inneren fast vollst\u00e4ndig erhalten. Hierzu z\u00e4hlen die reich verzierten Stuckdecken, Ofennischen mit Medaillonschmuck , Wandgliederung und die barocke Treppenanlage.<br>Im Rahmen einer aufw\u00e4ndigen Sanierung von 1979 bis 1980 durch die Krakauer Werkst\u00e4tten f\u00fcr Denkmalpflege wurdn die Kellergew\u00f6lbe ausgebaut und das ganze Haus restauriert. In den Jahren 1981-1989 wurde das Haus von der polnischen staatlichen Galerie Ars Polona genutzt. 1993 wurde das Haus erneut restauriert, seitdem beherbergt es das Polnische Institut D\u00fcsseldorf.<\/p>\n\n\n<a href=\"https:\/\/instytutpolski.pl\/duesseldorf\/wp-content\/uploads\/sites\/5\/2023\/08\/Citadellstrasse-7-Dusseldorfer-Stadtbild-Denkmaltag-5.pdf\" class=\"pdfemb-viewer\" style=\"\" data-width=\"max\" data-height=\"max\" data-toolbar=\"bottom\" data-toolbar-fixed=\"off\">Citadellstrasse-7-Dusseldorfer-Stadtbild-Denkmaltag-5<\/a>\n<p class=\"wp-block-pdfemb-pdf-embedder-viewer\"><\/p>\n","protected":false},"excerpt":{"rendered":"<p>Programm des Polnischen Instituts D\u00fcsseldorf am 30. Tag des Offenen Denkmals: Sonntag, 10.09.2023, 11.00 &#8211; 18.00 UhrCitadellstra\u00dfe 7, 40213 D\u00fcsseldorf Kunstausstellung: Die Kunst des Jerzy Nowosielski: Frau, Strand, Strasse, orthodoxe Kirche&#8230; Filmvorf\u00fchrungen: \u201eDepolma\u201c (15\u00b4) \u00fcber die Restaurierung des Hauses Citadellstrasse 7 1979-1980 durch Krakauer Werkst\u00e4tten f\u00fcr Denkmalpflege: Ab 11 Uhr jede volle Stunde. 16.00 Uhr: [&hellip;]<\/p>\n","protected":false},"author":103,"featured_media":9163,"comment_status":"open","ping_status":"open","sticky":false,"template":"","format":"standard","meta":{"inline_featured_image":false,"_monsterinsights_skip_tracking":false,"_monsterinsights_sitenote_active":false,"_monsterinsights_sitenote_note":"","_monsterinsights_sitenote_category":0,"footnotes":""},"categories":[16],"tags":[],"class_list":["post-9162","post","type-post","status-publish","format-standard","has-post-thumbnail","hentry","category-geschichteunddiskussionen"],"yoast_head":"<!-- This site is optimized with the Yoast SEO plugin v24.6 - https:\/\/yoast.com\/wordpress\/plugins\/seo\/ -->\n<title>30 Jahre Tag des offenen Denkmals im Polnischen Institut D\u00fcsseldorf - Instytut Polski w Dusseldorfie<\/title>\n<meta name=\"robots\" content=\"index, follow, max-snippet:-1, max-image-preview:large, max-video-preview:-1\" \/>\n<link rel=\"canonical\" href=\"https:\/\/instytutpolski.pl\/duesseldorf\/2023\/08\/08\/tag-des-offenen-denkmals-im-polnischen-institut-dusseldorf\/\" \/>\n<meta property=\"og:locale\" content=\"pl_PL\" \/>\n<meta property=\"og:type\" content=\"article\" \/>\n<meta property=\"og:title\" content=\"30 Jahre Tag des offenen Denkmals im Polnischen Institut D\u00fcsseldorf - Instytut Polski w Dusseldorfie\" \/>\n<meta property=\"og:description\" content=\"Programm des Polnischen Instituts D\u00fcsseldorf am 30. Tag des Offenen Denkmals: Sonntag, 10.09.2023, 11.00 &#8211; 18.00 UhrCitadellstra\u00dfe 7, 40213 D\u00fcsseldorf Kunstausstellung: Die Kunst des Jerzy Nowosielski: Frau, Strand, Strasse, orthodoxe Kirche&#8230; Filmvorf\u00fchrungen: \u201eDepolma\u201c (15\u00b4) \u00fcber die Restaurierung des Hauses Citadellstrasse 7 1979-1980 durch Krakauer Werkst\u00e4tten f\u00fcr Denkmalpflege: Ab 11 Uhr jede volle Stunde. 16.00 Uhr: [&hellip;]\" \/>\n<meta property=\"og:url\" content=\"https:\/\/instytutpolski.pl\/duesseldorf\/2023\/08\/08\/tag-des-offenen-denkmals-im-polnischen-institut-dusseldorf\/\" \/>\n<meta property=\"og:site_name\" content=\"Instytut Polski w Dusseldorfie\" \/>\n<meta property=\"article:published_time\" content=\"2023-08-08T09:01:42+00:00\" \/>\n<meta property=\"article:modified_time\" content=\"2023-09-11T13:33:53+00:00\" \/>\n<meta property=\"og:image\" content=\"https:\/\/instytutpolski.pl\/duesseldorf\/wp-content\/uploads\/sites\/5\/2023\/08\/30-Jahre-Polnisches-Institut-Dusseldorf-2023-Gebaude-Foto-Rolf-Purpar.png\" \/>\n\t<meta property=\"og:image:width\" content=\"1606\" \/>\n\t<meta property=\"og:image:height\" content=\"901\" \/>\n\t<meta property=\"og:image:type\" content=\"image\/png\" \/>\n<meta name=\"author\" content=\"kolinskia\" \/>\n<meta name=\"twitter:card\" content=\"summary_large_image\" \/>\n<meta name=\"twitter:label1\" content=\"Napisane przez\" \/>\n\t<meta name=\"twitter:data1\" content=\"kolinskia\" \/>\n\t<meta name=\"twitter:label2\" content=\"Szacowany czas czytania\" \/>\n\t<meta name=\"twitter:data2\" content=\"4 minuty\" \/>\n<script type=\"application\/ld+json\" class=\"yoast-schema-graph\">{\"@context\":\"https:\/\/schema.org\",\"@graph\":[{\"@type\":\"event\",\"@id\":\"https:\/\/instytutpolski.pl\/duesseldorf\/2023\/08\/08\/tag-des-offenen-denkmals-im-polnischen-institut-dusseldorf\/\",\"url\":\"https:\/\/instytutpolski.pl\/duesseldorf\/2023\/08\/08\/tag-des-offenen-denkmals-im-polnischen-institut-dusseldorf\/\",\"name\":\"30 Jahre Tag des offenen Denkmals im Polnischen Institut D\u00fcsseldorf\",\"isPartOf\":{\"@id\":\"https:\/\/instytutpolski.pl\/duesseldorf\/#website\"},\"primaryImageOfPage\":{\"@id\":\"https:\/\/instytutpolski.pl\/duesseldorf\/2023\/08\/08\/tag-des-offenen-denkmals-im-polnischen-institut-dusseldorf\/#primaryimage\"},\"image\":[\"https:\/\/instytutpolski.pl\/duesseldorf\/wp-content\/uploads\/sites\/5\/2023\/08\/30-Jahre-Polnisches-Institut-Dusseldorf-2023-Gebaude-Foto-Rolf-Purpar.png\",\"https:\/\/instytutpolski.pl\/duesseldorf\/wp-content\/uploads\/sites\/5\/2023\/08\/30-Jahre-Polnisches-Institut-Dusseldorf-2023-Gebaude-Foto-Rolf-Purpar-300x168.png\",\"https:\/\/instytutpolski.pl\/duesseldorf\/wp-content\/uploads\/sites\/5\/2023\/08\/30-Jahre-Polnisches-Institut-Dusseldorf-2023-Gebaude-Foto-Rolf-Purpar-1024x574.png\",\"https:\/\/instytutpolski.pl\/duesseldorf\/wp-content\/uploads\/sites\/5\/2023\/08\/30-Jahre-Polnisches-Institut-Dusseldorf-2023-Gebaude-Foto-Rolf-Purpar.png\"],\"thumbnailUrl\":\"https:\/\/instytutpolski.pl\/duesseldorf\/wp-content\/uploads\/sites\/5\/2023\/08\/30-Jahre-Polnisches-Institut-Dusseldorf-2023-Gebaude-Foto-Rolf-Purpar.png\",\"datePublished\":\"2023-08-08T09:01:42+02:00\",\"dateModified\":\"2023-09-11T13:33:53+02:00\",\"author\":{\"@id\":\"https:\/\/instytutpolski.pl\/duesseldorf\/#\/schema\/person\/6b4b76776c5d49a1eb862046e311998e\"},\"breadcrumb\":{\"@id\":\"https:\/\/instytutpolski.pl\/duesseldorf\/2023\/08\/08\/tag-des-offenen-denkmals-im-polnischen-institut-dusseldorf\/#breadcrumb\"},\"inLanguage\":\"pl-PL\",\"potentialAction\":[{\"@type\":\"ReadAction\",\"target\":[\"https:\/\/instytutpolski.pl\/duesseldorf\/2023\/08\/08\/tag-des-offenen-denkmals-im-polnischen-institut-dusseldorf\/\"]}],\"@context\":\"https:\/\/schema.org\",\"startDate\":\"2023-09-10T11:00:00+02:00\",\"endDate\":\"2023-09-10T06:00:00+02:00\",\"eventStatus\":\"EventScheduled\",\"eventAttendanceMode\":\"OfflineEventAttendanceMode\",\"location\":{\"@type\":\"place\",\"name\":\"\",\"address\":\"\",\"geo\":{\"@type\":\"GeoCoordinates\",\"latitude\":\"\",\"longitude\":\"\"}},\"description\":\"Programm des Polnischen Instituts D\u00fcsseldorf am 30. Tag des Offenen Denkmals:\\nSonntag, 10.09.2023, 11.00 - 18.00 UhrCitadellstra\u00dfe 7, 40213 D\u00fcsseldorfKunstausstellung: Die Kunst des Jerzy Nowosielski: Frau, Strand, Strasse, orthodoxe Kirche...\\nFilmvorf\u00fchrungen: \u201eDepolma\u201c (15\u00b4) \u00fcber die Restaurierung des Hauses Citadellstrasse 7 1979-1980 durch Krakauer Werkst\u00e4tten f\u00fcr Denkmalpflege: Ab 11 Uhr jede volle Stunde.\\n16.00 Uhr: Buchvorstellung und Diskussion: \u201eOrdnungswahn. Architekten planen im \u201eeingedeutschten Osten\u201c 1939-1945\u201c von Niels Gutschow\\nTag des Offenen Denkmals in D\u00fcsseldorf\\nInternetseite Tag des Offenen Denkmals\\nBeschreibung des Denkmals: Citadellstra\u00dfe 7, 40213 D\u00fcsseldorfUm 1640 gestattete Pfalzgraf Wolfgang Wilhelm den Bau von Wohnh\u00e4usern auf der Zitadelle. Die Bebauung verlief in den folgenden Jahrzenten jedoch eher z\u00f6gerlich. Erst unter Johann Wilhelm wurde die Bebauung der Zitadelle forciert. Vor allem Milit\u00e4r- und Hofbeamte errichteten hier Wohnbauten. Die ersten Geb\u00e4ude aus dieser Bauperiode waren 1684 fertiggestellt. Aus diesem Jahr datiert auch das Haus Citadellstra\u00dfe 7. Es wurde von dem kurf\u00fcrstlichen Kammerfourier Johann Georg Geinier errichtet. Es z\u00e4hlt zu den sch\u00f6nsten H\u00e4usern D\u00fcsseldorf.Ende des 18. Jahrhundert wurde das Geb\u00e4ude modernisiert. Hofrat Daniels, der das Objekt 1779 erwarb, lie\u00df das Haus in barockem Stil dekorieren.Die Fassade des Vorderhauses ist in f\u00fcnf Achsen gegliedert, deren mittlere als \u00fcbergiebelter Risalit vortritt. Hier befindet sich der von Pfeilern mit Volutenkapitellen flankierte Eingang unterhalb eines Rundbogens, der das Oberlicht des Turst\u00fcrzes aufnimmt. Ein Gesims teilt den Risalit. Am Erdgescho\u00df zieren Frucht- und Bl\u00fctengebinde die Fensterst\u00fcrze. Ein Lorbeerkranz schm\u00fcckt das Giebelfeld. Die architekturgebundene Ausstattung des 18. Jahrhunderts ist im Inneren fast vollst\u00e4ndig erhalten. Hierzu z\u00e4hlen die reich verzierten Stuckdecken, Ofennischen mit Medaillonschmuck , Wandgliederung und die barocke Treppenanlage.Im Rahmen einer aufw\u00e4ndigen Sanierung von 1979 bis 1980 durch die Krakauer Werkst\u00e4tten f\u00fcr Denkmalpflege wurdn die Kellergew\u00f6lbe ausgebaut und das ganze Haus restauriert. In den Jahren 1981-1989 wurde das Haus von der polnischen staatlichen Galerie Ars Polona genutzt. 1993 wurde das Haus erneut restauriert, seitdem beherbergt es das Polnische Institut D\u00fcsseldorf.\"},{\"@type\":\"ImageObject\",\"inLanguage\":\"pl-PL\",\"@id\":\"https:\/\/instytutpolski.pl\/duesseldorf\/2023\/08\/08\/tag-des-offenen-denkmals-im-polnischen-institut-dusseldorf\/#primaryimage\",\"url\":\"https:\/\/instytutpolski.pl\/duesseldorf\/wp-content\/uploads\/sites\/5\/2023\/08\/30-Jahre-Polnisches-Institut-Dusseldorf-2023-Gebaude-Foto-Rolf-Purpar.png\",\"contentUrl\":\"https:\/\/instytutpolski.pl\/duesseldorf\/wp-content\/uploads\/sites\/5\/2023\/08\/30-Jahre-Polnisches-Institut-Dusseldorf-2023-Gebaude-Foto-Rolf-Purpar.png\",\"width\":1606,\"height\":901},{\"@type\":\"BreadcrumbList\",\"@id\":\"https:\/\/instytutpolski.pl\/duesseldorf\/2023\/08\/08\/tag-des-offenen-denkmals-im-polnischen-institut-dusseldorf\/#breadcrumb\",\"itemListElement\":[{\"@type\":\"ListItem\",\"position\":1,\"name\":\"Home\",\"item\":\"https:\/\/instytutpolski.pl\/duesseldorf\/\"},{\"@type\":\"ListItem\",\"position\":2,\"name\":\"30 Jahre Tag des offenen Denkmals im Polnischen Institut D\u00fcsseldorf\"}]},{\"@type\":\"WebSite\",\"@id\":\"https:\/\/instytutpolski.pl\/duesseldorf\/#website\",\"url\":\"https:\/\/instytutpolski.pl\/duesseldorf\/\",\"name\":\"Instytut Polski w Dusseldorfie\",\"description\":\"Instytuty Polskie\",\"potentialAction\":[{\"@type\":\"SearchAction\",\"target\":{\"@type\":\"EntryPoint\",\"urlTemplate\":\"https:\/\/instytutpolski.pl\/duesseldorf\/?s={search_term_string}\"},\"query-input\":{\"@type\":\"PropertyValueSpecification\",\"valueRequired\":true,\"valueName\":\"search_term_string\"}}],\"inLanguage\":\"pl-PL\"},{\"@type\":\"Person\",\"@id\":\"https:\/\/instytutpolski.pl\/duesseldorf\/#\/schema\/person\/6b4b76776c5d49a1eb862046e311998e\",\"name\":\"kolinskia\",\"image\":{\"@type\":\"ImageObject\",\"inLanguage\":\"pl-PL\",\"@id\":\"https:\/\/instytutpolski.pl\/duesseldorf\/#\/schema\/person\/image\/\",\"url\":\"https:\/\/secure.gravatar.com\/avatar\/9bb79075402c1d25f1e9e4e8260c2d13?s=96&d=mm&r=g\",\"contentUrl\":\"https:\/\/secure.gravatar.com\/avatar\/9bb79075402c1d25f1e9e4e8260c2d13?s=96&d=mm&r=g\",\"caption\":\"kolinskia\"},\"url\":\"https:\/\/instytutpolski.pl\/duesseldorf\/author\/kolinskia\/\"}]}<\/script>\n<!-- \/ Yoast SEO plugin. -->","yoast_head_json":{"title":"30 Jahre Tag des offenen Denkmals im Polnischen Institut D\u00fcsseldorf - Instytut Polski w Dusseldorfie","robots":{"index":"index","follow":"follow","max-snippet":"max-snippet:-1","max-image-preview":"max-image-preview:large","max-video-preview":"max-video-preview:-1"},"canonical":"https:\/\/instytutpolski.pl\/duesseldorf\/2023\/08\/08\/tag-des-offenen-denkmals-im-polnischen-institut-dusseldorf\/","og_locale":"pl_PL","og_type":"article","og_title":"30 Jahre Tag des offenen Denkmals im Polnischen Institut D\u00fcsseldorf - Instytut Polski w Dusseldorfie","og_description":"Programm des Polnischen Instituts D\u00fcsseldorf am 30. Tag des Offenen Denkmals: Sonntag, 10.09.2023, 11.00 &#8211; 18.00 UhrCitadellstra\u00dfe 7, 40213 D\u00fcsseldorf Kunstausstellung: Die Kunst des Jerzy Nowosielski: Frau, Strand, Strasse, orthodoxe Kirche&#8230; Filmvorf\u00fchrungen: \u201eDepolma\u201c (15\u00b4) \u00fcber die Restaurierung des Hauses Citadellstrasse 7 1979-1980 durch Krakauer Werkst\u00e4tten f\u00fcr Denkmalpflege: Ab 11 Uhr jede volle Stunde. 16.00 Uhr: [&hellip;]","og_url":"https:\/\/instytutpolski.pl\/duesseldorf\/2023\/08\/08\/tag-des-offenen-denkmals-im-polnischen-institut-dusseldorf\/","og_site_name":"Instytut Polski w Dusseldorfie","article_published_time":"2023-08-08T09:01:42+00:00","article_modified_time":"2023-09-11T13:33:53+00:00","og_image":[{"width":1606,"height":901,"url":"https:\/\/instytutpolski.pl\/duesseldorf\/wp-content\/uploads\/sites\/5\/2023\/08\/30-Jahre-Polnisches-Institut-Dusseldorf-2023-Gebaude-Foto-Rolf-Purpar.png","type":"image\/png"}],"author":"kolinskia","twitter_card":"summary_large_image","twitter_misc":{"Napisane przez":"kolinskia","Szacowany czas czytania":"4 minuty"},"schema":{"@context":"https:\/\/schema.org","@graph":[{"@type":"event","@id":"https:\/\/instytutpolski.pl\/duesseldorf\/2023\/08\/08\/tag-des-offenen-denkmals-im-polnischen-institut-dusseldorf\/","url":"https:\/\/instytutpolski.pl\/duesseldorf\/2023\/08\/08\/tag-des-offenen-denkmals-im-polnischen-institut-dusseldorf\/","name":"30 Jahre Tag des offenen Denkmals im Polnischen Institut D\u00fcsseldorf","isPartOf":{"@id":"https:\/\/instytutpolski.pl\/duesseldorf\/#website"},"primaryImageOfPage":{"@id":"https:\/\/instytutpolski.pl\/duesseldorf\/2023\/08\/08\/tag-des-offenen-denkmals-im-polnischen-institut-dusseldorf\/#primaryimage"},"image":["https:\/\/instytutpolski.pl\/duesseldorf\/wp-content\/uploads\/sites\/5\/2023\/08\/30-Jahre-Polnisches-Institut-Dusseldorf-2023-Gebaude-Foto-Rolf-Purpar.png","https:\/\/instytutpolski.pl\/duesseldorf\/wp-content\/uploads\/sites\/5\/2023\/08\/30-Jahre-Polnisches-Institut-Dusseldorf-2023-Gebaude-Foto-Rolf-Purpar-300x168.png","https:\/\/instytutpolski.pl\/duesseldorf\/wp-content\/uploads\/sites\/5\/2023\/08\/30-Jahre-Polnisches-Institut-Dusseldorf-2023-Gebaude-Foto-Rolf-Purpar-1024x574.png","https:\/\/instytutpolski.pl\/duesseldorf\/wp-content\/uploads\/sites\/5\/2023\/08\/30-Jahre-Polnisches-Institut-Dusseldorf-2023-Gebaude-Foto-Rolf-Purpar.png"],"thumbnailUrl":"https:\/\/instytutpolski.pl\/duesseldorf\/wp-content\/uploads\/sites\/5\/2023\/08\/30-Jahre-Polnisches-Institut-Dusseldorf-2023-Gebaude-Foto-Rolf-Purpar.png","datePublished":"2023-08-08T09:01:42+02:00","dateModified":"2023-09-11T13:33:53+02:00","author":{"@id":"https:\/\/instytutpolski.pl\/duesseldorf\/#\/schema\/person\/6b4b76776c5d49a1eb862046e311998e"},"breadcrumb":{"@id":"https:\/\/instytutpolski.pl\/duesseldorf\/2023\/08\/08\/tag-des-offenen-denkmals-im-polnischen-institut-dusseldorf\/#breadcrumb"},"inLanguage":"pl-PL","potentialAction":[{"@type":"ReadAction","target":["https:\/\/instytutpolski.pl\/duesseldorf\/2023\/08\/08\/tag-des-offenen-denkmals-im-polnischen-institut-dusseldorf\/"]}],"@context":"https:\/\/schema.org","startDate":"2023-09-10T11:00:00+02:00","endDate":"2023-09-10T06:00:00+02:00","eventStatus":"EventScheduled","eventAttendanceMode":"OfflineEventAttendanceMode","location":{"@type":"place","name":"","address":"","geo":{"@type":"GeoCoordinates","latitude":"","longitude":""}},"description":"Programm des Polnischen Instituts D\u00fcsseldorf am 30. Tag des Offenen Denkmals:\nSonntag, 10.09.2023, 11.00 - 18.00 UhrCitadellstra\u00dfe 7, 40213 D\u00fcsseldorfKunstausstellung: Die Kunst des Jerzy Nowosielski: Frau, Strand, Strasse, orthodoxe Kirche...\nFilmvorf\u00fchrungen: \u201eDepolma\u201c (15\u00b4) \u00fcber die Restaurierung des Hauses Citadellstrasse 7 1979-1980 durch Krakauer Werkst\u00e4tten f\u00fcr Denkmalpflege: Ab 11 Uhr jede volle Stunde.\n16.00 Uhr: Buchvorstellung und Diskussion: \u201eOrdnungswahn. Architekten planen im \u201eeingedeutschten Osten\u201c 1939-1945\u201c von Niels Gutschow\nTag des Offenen Denkmals in D\u00fcsseldorf\nInternetseite Tag des Offenen Denkmals\nBeschreibung des Denkmals: Citadellstra\u00dfe 7, 40213 D\u00fcsseldorfUm 1640 gestattete Pfalzgraf Wolfgang Wilhelm den Bau von Wohnh\u00e4usern auf der Zitadelle. Die Bebauung verlief in den folgenden Jahrzenten jedoch eher z\u00f6gerlich. Erst unter Johann Wilhelm wurde die Bebauung der Zitadelle forciert. Vor allem Milit\u00e4r- und Hofbeamte errichteten hier Wohnbauten. Die ersten Geb\u00e4ude aus dieser Bauperiode waren 1684 fertiggestellt. Aus diesem Jahr datiert auch das Haus Citadellstra\u00dfe 7. Es wurde von dem kurf\u00fcrstlichen Kammerfourier Johann Georg Geinier errichtet. Es z\u00e4hlt zu den sch\u00f6nsten H\u00e4usern D\u00fcsseldorf.Ende des 18. Jahrhundert wurde das Geb\u00e4ude modernisiert. Hofrat Daniels, der das Objekt 1779 erwarb, lie\u00df das Haus in barockem Stil dekorieren.Die Fassade des Vorderhauses ist in f\u00fcnf Achsen gegliedert, deren mittlere als \u00fcbergiebelter Risalit vortritt. Hier befindet sich der von Pfeilern mit Volutenkapitellen flankierte Eingang unterhalb eines Rundbogens, der das Oberlicht des Turst\u00fcrzes aufnimmt. Ein Gesims teilt den Risalit. Am Erdgescho\u00df zieren Frucht- und Bl\u00fctengebinde die Fensterst\u00fcrze. Ein Lorbeerkranz schm\u00fcckt das Giebelfeld. Die architekturgebundene Ausstattung des 18. Jahrhunderts ist im Inneren fast vollst\u00e4ndig erhalten. Hierzu z\u00e4hlen die reich verzierten Stuckdecken, Ofennischen mit Medaillonschmuck , Wandgliederung und die barocke Treppenanlage.Im Rahmen einer aufw\u00e4ndigen Sanierung von 1979 bis 1980 durch die Krakauer Werkst\u00e4tten f\u00fcr Denkmalpflege wurdn die Kellergew\u00f6lbe ausgebaut und das ganze Haus restauriert. In den Jahren 1981-1989 wurde das Haus von der polnischen staatlichen Galerie Ars Polona genutzt. 1993 wurde das Haus erneut restauriert, seitdem beherbergt es das Polnische Institut D\u00fcsseldorf."},{"@type":"ImageObject","inLanguage":"pl-PL","@id":"https:\/\/instytutpolski.pl\/duesseldorf\/2023\/08\/08\/tag-des-offenen-denkmals-im-polnischen-institut-dusseldorf\/#primaryimage","url":"https:\/\/instytutpolski.pl\/duesseldorf\/wp-content\/uploads\/sites\/5\/2023\/08\/30-Jahre-Polnisches-Institut-Dusseldorf-2023-Gebaude-Foto-Rolf-Purpar.png","contentUrl":"https:\/\/instytutpolski.pl\/duesseldorf\/wp-content\/uploads\/sites\/5\/2023\/08\/30-Jahre-Polnisches-Institut-Dusseldorf-2023-Gebaude-Foto-Rolf-Purpar.png","width":1606,"height":901},{"@type":"BreadcrumbList","@id":"https:\/\/instytutpolski.pl\/duesseldorf\/2023\/08\/08\/tag-des-offenen-denkmals-im-polnischen-institut-dusseldorf\/#breadcrumb","itemListElement":[{"@type":"ListItem","position":1,"name":"Home","item":"https:\/\/instytutpolski.pl\/duesseldorf\/"},{"@type":"ListItem","position":2,"name":"30 Jahre Tag des offenen Denkmals im Polnischen Institut D\u00fcsseldorf"}]},{"@type":"WebSite","@id":"https:\/\/instytutpolski.pl\/duesseldorf\/#website","url":"https:\/\/instytutpolski.pl\/duesseldorf\/","name":"Instytut Polski w Dusseldorfie","description":"Instytuty Polskie","potentialAction":[{"@type":"SearchAction","target":{"@type":"EntryPoint","urlTemplate":"https:\/\/instytutpolski.pl\/duesseldorf\/?s={search_term_string}"},"query-input":{"@type":"PropertyValueSpecification","valueRequired":true,"valueName":"search_term_string"}}],"inLanguage":"pl-PL"},{"@type":"Person","@id":"https:\/\/instytutpolski.pl\/duesseldorf\/#\/schema\/person\/6b4b76776c5d49a1eb862046e311998e","name":"kolinskia","image":{"@type":"ImageObject","inLanguage":"pl-PL","@id":"https:\/\/instytutpolski.pl\/duesseldorf\/#\/schema\/person\/image\/","url":"https:\/\/secure.gravatar.com\/avatar\/9bb79075402c1d25f1e9e4e8260c2d13?s=96&d=mm&r=g","contentUrl":"https:\/\/secure.gravatar.com\/avatar\/9bb79075402c1d25f1e9e4e8260c2d13?s=96&d=mm&r=g","caption":"kolinskia"},"url":"https:\/\/instytutpolski.pl\/duesseldorf\/author\/kolinskia\/"}]}},"_links":{"self":[{"href":"https:\/\/instytutpolski.pl\/duesseldorf\/wp-json\/wp\/v2\/posts\/9162","targetHints":{"allow":["GET"]}}],"collection":[{"href":"https:\/\/instytutpolski.pl\/duesseldorf\/wp-json\/wp\/v2\/posts"}],"about":[{"href":"https:\/\/instytutpolski.pl\/duesseldorf\/wp-json\/wp\/v2\/types\/post"}],"author":[{"embeddable":true,"href":"https:\/\/instytutpolski.pl\/duesseldorf\/wp-json\/wp\/v2\/users\/103"}],"replies":[{"embeddable":true,"href":"https:\/\/instytutpolski.pl\/duesseldorf\/wp-json\/wp\/v2\/comments?post=9162"}],"version-history":[{"count":4,"href":"https:\/\/instytutpolski.pl\/duesseldorf\/wp-json\/wp\/v2\/posts\/9162\/revisions"}],"predecessor-version":[{"id":9242,"href":"https:\/\/instytutpolski.pl\/duesseldorf\/wp-json\/wp\/v2\/posts\/9162\/revisions\/9242"}],"wp:featuredmedia":[{"embeddable":true,"href":"https:\/\/instytutpolski.pl\/duesseldorf\/wp-json\/wp\/v2\/media\/9163"}],"wp:attachment":[{"href":"https:\/\/instytutpolski.pl\/duesseldorf\/wp-json\/wp\/v2\/media?parent=9162"}],"wp:term":[{"taxonomy":"category","embeddable":true,"href":"https:\/\/instytutpolski.pl\/duesseldorf\/wp-json\/wp\/v2\/categories?post=9162"},{"taxonomy":"post_tag","embeddable":true,"href":"https:\/\/instytutpolski.pl\/duesseldorf\/wp-json\/wp\/v2\/tags?post=9162"}],"curies":[{"name":"wp","href":"https:\/\/api.w.org\/{rel}","templated":true}]}}