{"id":11016,"date":"2008-11-11T11:47:00","date_gmt":"2008-11-11T10:47:00","guid":{"rendered":"https:\/\/instytutpolski.pl\/kyiv\/?p=11016"},"modified":"2022-02-02T11:50:03","modified_gmt":"2022-02-02T10:50:03","slug":"90-rocznica-odzyskania-niepodleglosci-rzeczypospolitej-polskiej","status":"publish","type":"post","link":"https:\/\/instytutpolski.pl\/kyiv\/pl\/2008\/11\/11\/90-rocznica-odzyskania-niepodleglosci-rzeczypospolitej-polskiej\/","title":{"rendered":"90 ROCZNICA ODZYSKANIA NIEPODLEG\u0141O\u015aCI RZECZYPOSPOLITEJ POLSKIEJ"},"content":{"rendered":"\n<p>11 listopada 1918 roku po 123 latach zabor\u00f3w Polska odzyska\u0142a Niepodleg\u0142o\u015b\u0107. D\u0105\u017cenia kilku pokole\u0144 Polak\u00f3w, kt\u00f3rzy powsta\u0144czym wysi\u0142kiem zbrojnym i codzienn\u0105 prac\u0105 organiczn\u0105 walczyli o woln\u0105 Polsk\u0119, zosta\u0142y zwie\u0144czone sukcesem.<\/p>\n\n\n\n<p>Sukces ten by\u0142 mo\u017cliwy dzi\u0119ki zaanga\u017cowaniu si\u0119 ca\u0142ego narodu, kt\u00f3ry w walce o Niepodleg\u0142o\u015b\u0107 Ojczyzny potrafi\u0142 zjednoczy\u0107 si\u0119 pod m\u0105drym przyw\u00f3dztwem polityk\u00f3w reprezentuj\u0105cych wszystkie nurty i stronnictwa.<\/p>\n\n\n\n<p>Wolna i demokratyczna Polska narodzi\u0142a si\u0119 dzi\u0119ki \u00f3wczesnej niepodleg\u0142o\u015bciowej lewicy, narodowej prawicy, ludowcom, ugrupowaniom chadeckim i konserwatystom jako pa\u0144stwo tolerancyjne, wielonarodowe i wra\u017cliwe spo\u0142ecznie. Na jego rzecz pracowa\u0142 ca\u0142y nar\u00f3d &#8211; inteligencja, robotnicy oraz ch\u0142opi.<\/p>\n\n\n\n<p>W niezwykle kr\u00f3tkim czasie, mimo przeszk\u00f3d wynikaj\u0105cych z ogromu r\u00f3\u017cnic mi\u0119dzy trzema odr\u0119bnymi zaborami, powsta\u0142o pa\u0144stwo zdolne do samodzielnego bytu, do skutecznej obrony swoich granic.<br><br>11 listopada 1918 podpisano akt kapitulacji Niemiec ko\u0144cz\u0105cy I wojn\u0119 \u015bwiatow\u0105. Przyw\u00f3dca ruchu niepodleg\u0142o\u015bciowego J\u00f3zef Pi\u0142sudski, uwolniony pod naciskiem opinii publicznej z wi\u0119zienia w Magdeburgu, przyjecha\u0142 do Warszawy 10 listopada.<\/p>\n\n\n\n<p>Dzie\u0144 p\u00f3\u017aniej Rada Regencyjna przekaza\u0142a Pi\u0142sudskiemu naczelne dow\u00f3dztwo nad si\u0142ami zbrojnymi, 14 listopada przej\u0105\u0142 on w\u0142adz\u0119 cywiln\u0105, a 16 listopada w depeszy do pa\u0144stw Ententy, Pi\u0142sudski og\u0142osi\u0142 powstanie niepodleg\u0142ego pa\u0144stwa polskiego obejmuj\u0105cego wszystkie wyzwolone ziemie polskie. Cho\u0107 granice niepodleg\u0142ej Polski w 1918 roku zaczyna\u0142y si\u0119 dopiero kszta\u0142towa\u0107, 11 listopada 1918 roku pozostaje oficjalnym pocz\u0105tkiem odrodzonej po zaborach Rzeczypospolitej.<\/p>\n\n\n\n<p>Nikt w prezencie nie da\u0142 nam Polski w 1918 roku.&nbsp;Zbudowali j\u0105 sami Polacy, walcz\u0105c zbrojnie o jej byt i granice, o prawo urz\u0105dzenia si\u0119 wedle w\u0142asnej woli, tworz\u0105c zr\u0119by wojska i administracji, skutecznie zabiegaj\u0105c o uznanie naszych d\u0105\u017ce\u0144 na arenie mi\u0119dzynarodowej.<\/p>\n\n\n\n<p>Po 123 latach niewoli okoliczno\u015bci nareszcie sprzyja\u0142y temu dzie\u0142u, bo rozpad\u0142y si\u0119 wszystkie trzy zaborcze mocarstwa. Nasi przodkowie dostali swoje pi\u0119\u0107 minut. To, \u017ce potrafili \u00f3w moment wykorzysta\u0107, \u015bwiadczy o ich odwadze, sile woli, ofiarno\u015bci.<\/p>\n","protected":false},"excerpt":{"rendered":"<p>11 listopada 1918 roku po 123 latach zabor\u00f3w Polska odzyska\u0142a Niepodleg\u0142o\u015b\u0107. D\u0105\u017cenia kilku pokole\u0144 Polak\u00f3w, kt\u00f3rzy powsta\u0144czym wysi\u0142kiem zbrojnym i codzienn\u0105 prac\u0105 organiczn\u0105 walczyli o woln\u0105 Polsk\u0119, zosta\u0142y zwie\u0144czone sukcesem. Sukces ten by\u0142 mo\u017cliwy dzi\u0119ki zaanga\u017cowaniu si\u0119 ca\u0142ego narodu, kt\u00f3ry w walce o Niepodleg\u0142o\u015b\u0107 Ojczyzny potrafi\u0142 zjednoczy\u0107 si\u0119 pod m\u0105drym przyw\u00f3dztwem polityk\u00f3w reprezentuj\u0105cych wszystkie nurty [&hellip;]<\/p>\n","protected":false},"author":160,"featured_media":0,"comment_status":"open","ping_status":"open","sticky":false,"template":"","format":"standard","meta":{"inline_featured_image":false,"_monsterinsights_skip_tracking":false,"_monsterinsights_sitenote_active":false,"_monsterinsights_sitenote_note":"","_monsterinsights_sitenote_category":0,"footnotes":""},"categories":[107,75],"tags":[],"class_list":["post-11016","post","type-post","status-publish","format-standard","hentry","category-aktualnosci","category-wydarzenia"],"yoast_head":"<!-- This site is optimized with the Yoast SEO plugin v24.6 - https:\/\/yoast.com\/wordpress\/plugins\/seo\/ -->\n<title>90 ROCZNICA ODZYSKANIA NIEPODLEG\u0141O\u015aCI RZECZYPOSPOLITEJ POLSKIEJ - Instytut Polski w Kijowie<\/title>\n<meta name=\"robots\" content=\"index, follow, max-snippet:-1, max-image-preview:large, max-video-preview:-1\" \/>\n<link rel=\"canonical\" href=\"https:\/\/instytutpolski.pl\/kyiv\/pl\/2008\/11\/11\/90-rocznica-odzyskania-niepodleglosci-rzeczypospolitej-polskiej\/\" \/>\n<meta property=\"og:locale\" content=\"pl_PL\" \/>\n<meta property=\"og:type\" content=\"article\" \/>\n<meta property=\"og:title\" content=\"90 ROCZNICA ODZYSKANIA NIEPODLEG\u0141O\u015aCI RZECZYPOSPOLITEJ POLSKIEJ - Instytut Polski w Kijowie\" \/>\n<meta property=\"og:description\" content=\"11 listopada 1918 roku po 123 latach zabor\u00f3w Polska odzyska\u0142a Niepodleg\u0142o\u015b\u0107. D\u0105\u017cenia kilku pokole\u0144 Polak\u00f3w, kt\u00f3rzy powsta\u0144czym wysi\u0142kiem zbrojnym i codzienn\u0105 prac\u0105 organiczn\u0105 walczyli o woln\u0105 Polsk\u0119, zosta\u0142y zwie\u0144czone sukcesem. Sukces ten by\u0142 mo\u017cliwy dzi\u0119ki zaanga\u017cowaniu si\u0119 ca\u0142ego narodu, kt\u00f3ry w walce o Niepodleg\u0142o\u015b\u0107 Ojczyzny potrafi\u0142 zjednoczy\u0107 si\u0119 pod m\u0105drym przyw\u00f3dztwem polityk\u00f3w reprezentuj\u0105cych wszystkie nurty [&hellip;]\" \/>\n<meta property=\"og:url\" content=\"https:\/\/instytutpolski.pl\/kyiv\/pl\/2008\/11\/11\/90-rocznica-odzyskania-niepodleglosci-rzeczypospolitej-polskiej\/\" \/>\n<meta property=\"og:site_name\" content=\"Instytut Polski w Kijowie\" \/>\n<meta property=\"article:published_time\" content=\"2008-11-11T10:47:00+00:00\" \/>\n<meta property=\"article:modified_time\" content=\"2022-02-02T10:50:03+00:00\" \/>\n<meta name=\"author\" content=\"romanenkoj\" \/>\n<meta name=\"twitter:card\" content=\"summary_large_image\" \/>\n<meta name=\"twitter:label1\" content=\"Napisane przez\" \/>\n\t<meta name=\"twitter:data1\" content=\"romanenkoj\" \/>\n\t<meta name=\"twitter:label2\" content=\"Szacowany czas czytania\" \/>\n\t<meta name=\"twitter:data2\" content=\"2 minuty\" \/>\n<script type=\"application\/ld+json\" class=\"yoast-schema-graph\">{\"@context\":\"https:\/\/schema.org\",\"@graph\":[{\"@type\":\"event\",\"@id\":\"https:\/\/instytutpolski.pl\/kyiv\/pl\/2008\/11\/11\/90-rocznica-odzyskania-niepodleglosci-rzeczypospolitej-polskiej\/\",\"url\":\"https:\/\/instytutpolski.pl\/kyiv\/pl\/2008\/11\/11\/90-rocznica-odzyskania-niepodleglosci-rzeczypospolitej-polskiej\/\",\"name\":\"90 ROCZNICA ODZYSKANIA NIEPODLEG\u0141O\u015aCI RZECZYPOSPOLITEJ POLSKIEJ\",\"isPartOf\":{\"@id\":\"https:\/\/instytutpolski.pl\/kyiv\/#website\"},\"datePublished\":\"2008-11-11T10:47:00+02:00\",\"dateModified\":\"2022-02-02T10:50:03+02:00\",\"author\":{\"@id\":\"https:\/\/instytutpolski.pl\/kyiv\/#\/schema\/person\/f7fff8f498c6e1e8a6ecb7996fbf4d74\"},\"breadcrumb\":{\"@id\":\"https:\/\/instytutpolski.pl\/kyiv\/pl\/2008\/11\/11\/90-rocznica-odzyskania-niepodleglosci-rzeczypospolitej-polskiej\/#breadcrumb\"},\"inLanguage\":\"pl-PL\",\"potentialAction\":[{\"@type\":\"ReadAction\",\"target\":[\"https:\/\/instytutpolski.pl\/kyiv\/pl\/2008\/11\/11\/90-rocznica-odzyskania-niepodleglosci-rzeczypospolitej-polskiej\/\"]}],\"@context\":\"https:\/\/schema.org\",\"startDate\":\"2008-11-11\",\"endDate\":\"2008-11-11\",\"eventStatus\":\"EventScheduled\",\"eventAttendanceMode\":\"OfflineEventAttendanceMode\",\"location\":{\"@type\":\"place\",\"name\":\"\",\"address\":\"\",\"geo\":{\"@type\":\"GeoCoordinates\",\"latitude\":\"\",\"longitude\":\"\"}},\"image\":null,\"description\":\"11 listopada 1918 roku po 123 latach zabor\u00f3w Polska odzyska\u0142a Niepodleg\u0142o\u015b\u0107. D\u0105\u017cenia kilku pokole\u0144 Polak\u00f3w, kt\u00f3rzy powsta\u0144czym wysi\u0142kiem zbrojnym i codzienn\u0105 prac\u0105 organiczn\u0105 walczyli o woln\u0105 Polsk\u0119, zosta\u0142y zwie\u0144czone sukcesem.\\nSukces ten by\u0142 mo\u017cliwy dzi\u0119ki zaanga\u017cowaniu si\u0119 ca\u0142ego narodu, kt\u00f3ry w walce o Niepodleg\u0142o\u015b\u0107 Ojczyzny potrafi\u0142 zjednoczy\u0107 si\u0119 pod m\u0105drym przyw\u00f3dztwem polityk\u00f3w reprezentuj\u0105cych wszystkie nurty i stronnictwa.\\nWolna i demokratyczna Polska narodzi\u0142a si\u0119 dzi\u0119ki \u00f3wczesnej niepodleg\u0142o\u015bciowej lewicy, narodowej prawicy, ludowcom, ugrupowaniom chadeckim i konserwatystom jako pa\u0144stwo tolerancyjne, wielonarodowe i wra\u017cliwe spo\u0142ecznie. Na jego rzecz pracowa\u0142 ca\u0142y nar\u00f3d - inteligencja, robotnicy oraz ch\u0142opi.\\nW niezwykle kr\u00f3tkim czasie, mimo przeszk\u00f3d wynikaj\u0105cych z ogromu r\u00f3\u017cnic mi\u0119dzy trzema odr\u0119bnymi zaborami, powsta\u0142o pa\u0144stwo zdolne do samodzielnego bytu, do skutecznej obrony swoich granic.11 listopada 1918 podpisano akt kapitulacji Niemiec ko\u0144cz\u0105cy I wojn\u0119 \u015bwiatow\u0105. Przyw\u00f3dca ruchu niepodleg\u0142o\u015bciowego J\u00f3zef Pi\u0142sudski, uwolniony pod naciskiem opinii publicznej z wi\u0119zienia w Magdeburgu, przyjecha\u0142 do Warszawy 10 listopada.\\nDzie\u0144 p\u00f3\u017aniej Rada Regencyjna przekaza\u0142a Pi\u0142sudskiemu naczelne dow\u00f3dztwo nad si\u0142ami zbrojnymi, 14 listopada przej\u0105\u0142 on w\u0142adz\u0119 cywiln\u0105, a 16 listopada w depeszy do pa\u0144stw Ententy, Pi\u0142sudski og\u0142osi\u0142 powstanie niepodleg\u0142ego pa\u0144stwa polskiego obejmuj\u0105cego wszystkie wyzwolone ziemie polskie. Cho\u0107 granice niepodleg\u0142ej Polski w 1918 roku zaczyna\u0142y si\u0119 dopiero kszta\u0142towa\u0107, 11 listopada 1918 roku pozostaje oficjalnym pocz\u0105tkiem odrodzonej po zaborach Rzeczypospolitej.\\nNikt w prezencie nie da\u0142 nam Polski w 1918 roku. Zbudowali j\u0105 sami Polacy, walcz\u0105c zbrojnie o jej byt i granice, o prawo urz\u0105dzenia si\u0119 wedle w\u0142asnej woli, tworz\u0105c zr\u0119by wojska i administracji, skutecznie zabiegaj\u0105c o uznanie naszych d\u0105\u017ce\u0144 na arenie mi\u0119dzynarodowej.\\nPo 123 latach niewoli okoliczno\u015bci nareszcie sprzyja\u0142y temu dzie\u0142u, bo rozpad\u0142y si\u0119 wszystkie trzy zaborcze mocarstwa. Nasi przodkowie dostali swoje pi\u0119\u0107 minut. To, \u017ce potrafili \u00f3w moment wykorzysta\u0107, \u015bwiadczy o ich odwadze, sile woli, ofiarno\u015bci.\"},{\"@type\":\"BreadcrumbList\",\"@id\":\"https:\/\/instytutpolski.pl\/kyiv\/pl\/2008\/11\/11\/90-rocznica-odzyskania-niepodleglosci-rzeczypospolitej-polskiej\/#breadcrumb\",\"itemListElement\":[{\"@type\":\"ListItem\",\"position\":1,\"name\":\"Home\",\"item\":\"https:\/\/instytutpolski.pl\/kyiv\/\"},{\"@type\":\"ListItem\",\"position\":2,\"name\":\"90 ROCZNICA ODZYSKANIA NIEPODLEG\u0141O\u015aCI RZECZYPOSPOLITEJ POLSKIEJ\"}]},{\"@type\":\"WebSite\",\"@id\":\"https:\/\/instytutpolski.pl\/kyiv\/#website\",\"url\":\"https:\/\/instytutpolski.pl\/kyiv\/\",\"name\":\"Instytut Polski w Kijowie\",\"description\":\"Instytuty Polskie\",\"potentialAction\":[{\"@type\":\"SearchAction\",\"target\":{\"@type\":\"EntryPoint\",\"urlTemplate\":\"https:\/\/instytutpolski.pl\/kyiv\/?s={search_term_string}\"},\"query-input\":{\"@type\":\"PropertyValueSpecification\",\"valueRequired\":true,\"valueName\":\"search_term_string\"}}],\"inLanguage\":\"pl-PL\"},{\"@type\":\"Person\",\"@id\":\"https:\/\/instytutpolski.pl\/kyiv\/#\/schema\/person\/f7fff8f498c6e1e8a6ecb7996fbf4d74\",\"name\":\"romanenkoj\",\"image\":{\"@type\":\"ImageObject\",\"inLanguage\":\"pl-PL\",\"@id\":\"https:\/\/instytutpolski.pl\/kyiv\/#\/schema\/person\/image\/\",\"url\":\"https:\/\/secure.gravatar.com\/avatar\/4482ff5ea3b988e63e7a3f80c436396b?s=96&d=mm&r=g\",\"contentUrl\":\"https:\/\/secure.gravatar.com\/avatar\/4482ff5ea3b988e63e7a3f80c436396b?s=96&d=mm&r=g\",\"caption\":\"romanenkoj\"},\"sameAs\":[\"stakhivskaj\"],\"url\":\"https:\/\/instytutpolski.pl\/kyiv\/author\/romanenkoj\/\"}]}<\/script>\n<!-- \/ Yoast SEO plugin. -->","yoast_head_json":{"title":"90 ROCZNICA ODZYSKANIA NIEPODLEG\u0141O\u015aCI RZECZYPOSPOLITEJ POLSKIEJ - Instytut Polski w Kijowie","robots":{"index":"index","follow":"follow","max-snippet":"max-snippet:-1","max-image-preview":"max-image-preview:large","max-video-preview":"max-video-preview:-1"},"canonical":"https:\/\/instytutpolski.pl\/kyiv\/pl\/2008\/11\/11\/90-rocznica-odzyskania-niepodleglosci-rzeczypospolitej-polskiej\/","og_locale":"pl_PL","og_type":"article","og_title":"90 ROCZNICA ODZYSKANIA NIEPODLEG\u0141O\u015aCI RZECZYPOSPOLITEJ POLSKIEJ - Instytut Polski w Kijowie","og_description":"11 listopada 1918 roku po 123 latach zabor\u00f3w Polska odzyska\u0142a Niepodleg\u0142o\u015b\u0107. D\u0105\u017cenia kilku pokole\u0144 Polak\u00f3w, kt\u00f3rzy powsta\u0144czym wysi\u0142kiem zbrojnym i codzienn\u0105 prac\u0105 organiczn\u0105 walczyli o woln\u0105 Polsk\u0119, zosta\u0142y zwie\u0144czone sukcesem. Sukces ten by\u0142 mo\u017cliwy dzi\u0119ki zaanga\u017cowaniu si\u0119 ca\u0142ego narodu, kt\u00f3ry w walce o Niepodleg\u0142o\u015b\u0107 Ojczyzny potrafi\u0142 zjednoczy\u0107 si\u0119 pod m\u0105drym przyw\u00f3dztwem polityk\u00f3w reprezentuj\u0105cych wszystkie nurty [&hellip;]","og_url":"https:\/\/instytutpolski.pl\/kyiv\/pl\/2008\/11\/11\/90-rocznica-odzyskania-niepodleglosci-rzeczypospolitej-polskiej\/","og_site_name":"Instytut Polski w Kijowie","article_published_time":"2008-11-11T10:47:00+00:00","article_modified_time":"2022-02-02T10:50:03+00:00","author":"romanenkoj","twitter_card":"summary_large_image","twitter_misc":{"Napisane przez":"romanenkoj","Szacowany czas czytania":"2 minuty"},"schema":{"@context":"https:\/\/schema.org","@graph":[{"@type":"event","@id":"https:\/\/instytutpolski.pl\/kyiv\/pl\/2008\/11\/11\/90-rocznica-odzyskania-niepodleglosci-rzeczypospolitej-polskiej\/","url":"https:\/\/instytutpolski.pl\/kyiv\/pl\/2008\/11\/11\/90-rocznica-odzyskania-niepodleglosci-rzeczypospolitej-polskiej\/","name":"90 ROCZNICA ODZYSKANIA NIEPODLEG\u0141O\u015aCI RZECZYPOSPOLITEJ POLSKIEJ","isPartOf":{"@id":"https:\/\/instytutpolski.pl\/kyiv\/#website"},"datePublished":"2008-11-11T10:47:00+02:00","dateModified":"2022-02-02T10:50:03+02:00","author":{"@id":"https:\/\/instytutpolski.pl\/kyiv\/#\/schema\/person\/f7fff8f498c6e1e8a6ecb7996fbf4d74"},"breadcrumb":{"@id":"https:\/\/instytutpolski.pl\/kyiv\/pl\/2008\/11\/11\/90-rocznica-odzyskania-niepodleglosci-rzeczypospolitej-polskiej\/#breadcrumb"},"inLanguage":"pl-PL","potentialAction":[{"@type":"ReadAction","target":["https:\/\/instytutpolski.pl\/kyiv\/pl\/2008\/11\/11\/90-rocznica-odzyskania-niepodleglosci-rzeczypospolitej-polskiej\/"]}],"@context":"https:\/\/schema.org","startDate":"2008-11-11","endDate":"2008-11-11","eventStatus":"EventScheduled","eventAttendanceMode":"OfflineEventAttendanceMode","location":{"@type":"place","name":"","address":"","geo":{"@type":"GeoCoordinates","latitude":"","longitude":""}},"image":null,"description":"11 listopada 1918 roku po 123 latach zabor\u00f3w Polska odzyska\u0142a Niepodleg\u0142o\u015b\u0107. D\u0105\u017cenia kilku pokole\u0144 Polak\u00f3w, kt\u00f3rzy powsta\u0144czym wysi\u0142kiem zbrojnym i codzienn\u0105 prac\u0105 organiczn\u0105 walczyli o woln\u0105 Polsk\u0119, zosta\u0142y zwie\u0144czone sukcesem.\nSukces ten by\u0142 mo\u017cliwy dzi\u0119ki zaanga\u017cowaniu si\u0119 ca\u0142ego narodu, kt\u00f3ry w walce o Niepodleg\u0142o\u015b\u0107 Ojczyzny potrafi\u0142 zjednoczy\u0107 si\u0119 pod m\u0105drym przyw\u00f3dztwem polityk\u00f3w reprezentuj\u0105cych wszystkie nurty i stronnictwa.\nWolna i demokratyczna Polska narodzi\u0142a si\u0119 dzi\u0119ki \u00f3wczesnej niepodleg\u0142o\u015bciowej lewicy, narodowej prawicy, ludowcom, ugrupowaniom chadeckim i konserwatystom jako pa\u0144stwo tolerancyjne, wielonarodowe i wra\u017cliwe spo\u0142ecznie. Na jego rzecz pracowa\u0142 ca\u0142y nar\u00f3d - inteligencja, robotnicy oraz ch\u0142opi.\nW niezwykle kr\u00f3tkim czasie, mimo przeszk\u00f3d wynikaj\u0105cych z ogromu r\u00f3\u017cnic mi\u0119dzy trzema odr\u0119bnymi zaborami, powsta\u0142o pa\u0144stwo zdolne do samodzielnego bytu, do skutecznej obrony swoich granic.11 listopada 1918 podpisano akt kapitulacji Niemiec ko\u0144cz\u0105cy I wojn\u0119 \u015bwiatow\u0105. Przyw\u00f3dca ruchu niepodleg\u0142o\u015bciowego J\u00f3zef Pi\u0142sudski, uwolniony pod naciskiem opinii publicznej z wi\u0119zienia w Magdeburgu, przyjecha\u0142 do Warszawy 10 listopada.\nDzie\u0144 p\u00f3\u017aniej Rada Regencyjna przekaza\u0142a Pi\u0142sudskiemu naczelne dow\u00f3dztwo nad si\u0142ami zbrojnymi, 14 listopada przej\u0105\u0142 on w\u0142adz\u0119 cywiln\u0105, a 16 listopada w depeszy do pa\u0144stw Ententy, Pi\u0142sudski og\u0142osi\u0142 powstanie niepodleg\u0142ego pa\u0144stwa polskiego obejmuj\u0105cego wszystkie wyzwolone ziemie polskie. Cho\u0107 granice niepodleg\u0142ej Polski w 1918 roku zaczyna\u0142y si\u0119 dopiero kszta\u0142towa\u0107, 11 listopada 1918 roku pozostaje oficjalnym pocz\u0105tkiem odrodzonej po zaborach Rzeczypospolitej.\nNikt w prezencie nie da\u0142 nam Polski w 1918 roku. Zbudowali j\u0105 sami Polacy, walcz\u0105c zbrojnie o jej byt i granice, o prawo urz\u0105dzenia si\u0119 wedle w\u0142asnej woli, tworz\u0105c zr\u0119by wojska i administracji, skutecznie zabiegaj\u0105c o uznanie naszych d\u0105\u017ce\u0144 na arenie mi\u0119dzynarodowej.\nPo 123 latach niewoli okoliczno\u015bci nareszcie sprzyja\u0142y temu dzie\u0142u, bo rozpad\u0142y si\u0119 wszystkie trzy zaborcze mocarstwa. Nasi przodkowie dostali swoje pi\u0119\u0107 minut. To, \u017ce potrafili \u00f3w moment wykorzysta\u0107, \u015bwiadczy o ich odwadze, sile woli, ofiarno\u015bci."},{"@type":"BreadcrumbList","@id":"https:\/\/instytutpolski.pl\/kyiv\/pl\/2008\/11\/11\/90-rocznica-odzyskania-niepodleglosci-rzeczypospolitej-polskiej\/#breadcrumb","itemListElement":[{"@type":"ListItem","position":1,"name":"Home","item":"https:\/\/instytutpolski.pl\/kyiv\/"},{"@type":"ListItem","position":2,"name":"90 ROCZNICA ODZYSKANIA NIEPODLEG\u0141O\u015aCI RZECZYPOSPOLITEJ POLSKIEJ"}]},{"@type":"WebSite","@id":"https:\/\/instytutpolski.pl\/kyiv\/#website","url":"https:\/\/instytutpolski.pl\/kyiv\/","name":"Instytut Polski w Kijowie","description":"Instytuty Polskie","potentialAction":[{"@type":"SearchAction","target":{"@type":"EntryPoint","urlTemplate":"https:\/\/instytutpolski.pl\/kyiv\/?s={search_term_string}"},"query-input":{"@type":"PropertyValueSpecification","valueRequired":true,"valueName":"search_term_string"}}],"inLanguage":"pl-PL"},{"@type":"Person","@id":"https:\/\/instytutpolski.pl\/kyiv\/#\/schema\/person\/f7fff8f498c6e1e8a6ecb7996fbf4d74","name":"romanenkoj","image":{"@type":"ImageObject","inLanguage":"pl-PL","@id":"https:\/\/instytutpolski.pl\/kyiv\/#\/schema\/person\/image\/","url":"https:\/\/secure.gravatar.com\/avatar\/4482ff5ea3b988e63e7a3f80c436396b?s=96&d=mm&r=g","contentUrl":"https:\/\/secure.gravatar.com\/avatar\/4482ff5ea3b988e63e7a3f80c436396b?s=96&d=mm&r=g","caption":"romanenkoj"},"sameAs":["stakhivskaj"],"url":"https:\/\/instytutpolski.pl\/kyiv\/author\/romanenkoj\/"}]}},"_links":{"self":[{"href":"https:\/\/instytutpolski.pl\/kyiv\/wp-json\/wp\/v2\/posts\/11016","targetHints":{"allow":["GET"]}}],"collection":[{"href":"https:\/\/instytutpolski.pl\/kyiv\/wp-json\/wp\/v2\/posts"}],"about":[{"href":"https:\/\/instytutpolski.pl\/kyiv\/wp-json\/wp\/v2\/types\/post"}],"author":[{"embeddable":true,"href":"https:\/\/instytutpolski.pl\/kyiv\/wp-json\/wp\/v2\/users\/160"}],"replies":[{"embeddable":true,"href":"https:\/\/instytutpolski.pl\/kyiv\/wp-json\/wp\/v2\/comments?post=11016"}],"version-history":[{"count":1,"href":"https:\/\/instytutpolski.pl\/kyiv\/wp-json\/wp\/v2\/posts\/11016\/revisions"}],"predecessor-version":[{"id":11017,"href":"https:\/\/instytutpolski.pl\/kyiv\/wp-json\/wp\/v2\/posts\/11016\/revisions\/11017"}],"wp:attachment":[{"href":"https:\/\/instytutpolski.pl\/kyiv\/wp-json\/wp\/v2\/media?parent=11016"}],"wp:term":[{"taxonomy":"category","embeddable":true,"href":"https:\/\/instytutpolski.pl\/kyiv\/wp-json\/wp\/v2\/categories?post=11016"},{"taxonomy":"post_tag","embeddable":true,"href":"https:\/\/instytutpolski.pl\/kyiv\/wp-json\/wp\/v2\/tags?post=11016"}],"curies":[{"name":"wp","href":"https:\/\/api.w.org\/{rel}","templated":true}]}}