{"id":11029,"date":"2008-11-16T12:02:00","date_gmt":"2008-11-16T11:02:00","guid":{"rendered":"https:\/\/instytutpolski.pl\/kyiv\/?p=11029"},"modified":"2022-02-02T12:04:07","modified_gmt":"2022-02-02T11:04:07","slug":"koncert-leszka-mozdzera-improwizacje-chopinowskie","status":"publish","type":"post","link":"https:\/\/instytutpolski.pl\/kyiv\/pl\/2008\/11\/16\/koncert-leszka-mozdzera-improwizacje-chopinowskie\/","title":{"rendered":"\u00a0Koncert Leszka Mo\u017cd\u017cera &#8222;Improwizacje Chopinowskie&#8221;"},"content":{"rendered":"\n<p><strong>Leszek Mo\u017cd\u017cer<\/strong>&nbsp;jest jednym z najwybitniejszych polskich muzyk\u00f3w jazzowych, pianista \u015bwiatowej klasy, odwa\u017cny eksplorator, oryginalny tw\u00f3rca posiadaj\u0105cy w\u0142asny j\u0119zyk muzyczny. Urodzi\u0142 si\u0119 23 marca 1971 roku w Gda\u0144sku, nauk\u0119 gry na fortepianie rozpocz\u0105\u0142 w pi\u0105tym roku \u017cycia i przeszed\u0142szy&nbsp; wszystkie szczeble edukacji uzyska\u0142 dyplom gda\u0144skiej Akademii Muzycznej w 1996 roku. Jazzem zainteresowa\u0142 si\u0119 w klasie maturalnej, zdobywa\u0142 ostrogi w zespole klarnecisty Emila Kowalskiego, a pierwsz\u0105 pr\u00f3b\u0119 z zespo\u0142em Mi\u0142o\u015b\u0107 odby\u0142 na swoje 20 urodziny. W roku 1993 otrzyma\u0142 wyr\u00f3\u017cnienie indywidualne na Jazz Juniors, rok p\u00f3\u017aniej zaj\u0105\u0142 I miejsce w Mi\u0119dzynarodowym Konkursie Improwizacji Jazzowej w Katowicach. Od tamtego czasu zwyci\u0119\u017ca we wszystkich kolejnych ankietach czytelnik\u00f3w &#8222;Jazz Forum&#8221; w kategorii fortepianu (nieprzerwanie od 1994- 2007), dwa razy zosta\u0142 uznany Muzykiem Roku (1995-96), w tej samej roli otrzyma\u0142 nagrod\u0119 Fryderyka (1998).<\/p>\n\n\n\n<p>Przez sze\u015b\u0107 lat (1991-97) by\u0142 cz\u0142onkiem Mi\u0142o\u015bci &#8211; najwa\u017cniejszego jazzowego (i yassowego) zespo\u0142u lat 90, z kt\u00f3rym nagra\u0142 sze\u015b\u0107 p\u0142yt, w tym dwie z Lesterem Bowie. R\u00f3wnolegle (1992-1995) by\u0142 podpor\u0105 Kwartetu Zbyszka Namys\u0142owskiego (&#8222;Secretly &amp; Confidentially&#8221;), &#8222;Zbigniew Namys\u0142owski Quartet &amp; Zakopane Highlanders Band&#8221;) oraz grupy Eryka Kulma Qunitessence (1993-95).<\/p>\n\n\n\n<p>Od po\u0142owy lat 90 prowadzi w\u0142asne zespo\u0142y i nagrywa p\u0142yty autorskie (m.in. &#8222;Talk To Jesus&#8221; z Sekstetem i &#8222;Facing The Wind&#8221; w duecie z ameryka\u0144skim kontrabasist\u0105 Davidem Friesenem, 1996). Pod w\u0142asnym nazwiskiem zadebiutowa\u0142 jeszcze w roku 1994 solowym nagraniem &#8222;Chopin &#8211; Impresje&#8221;, w\u0142\u0105czaj\u0105c si\u0119 tym samym w chopinowski nurt polskiego jazzu. Pi\u0119\u0107 lat p\u00f3\u017aniej we Francji ukaza\u0142 si\u0119 jego album &#8222;Impressions On Chopin&#8221;. Kolejny solowy kr\u0105\u017cek to zapis koncert\u00f3w filharmonicznych (m.in. w\u0142a\u015bnie interpretacje Chopina), jakie mia\u0142y miejsce w Kijowie i Lwowie, wydany nak\u0142adem krakowskiej oficyny Gowi pt. &#8222;Solo In Ukraine 2000-2001&#8221;. Jeszcze w tym samym roku ukaza\u0142 si\u0119 album &#8222;Pub700&#8221;, zawieraj\u0105cy muzyk\u0119 z Trans-opery &#8222;Sen Nocy Letniej&#8221;.<\/p>\n\n\n\n<figure class=\"wp-block-image\"><img decoding=\"async\" src=\"http:\/\/polinst.kiev.ua\/images\/mozdzer_400.jpg\" alt=\"mozdzer_400\" title=\"mozdzer_400\" \/><\/figure>\n\n\n\n<p>Nagrywa\u0142 p\u0142yty z prawie wszystkimi naszymi najwybitniejszymi muzykami jazzowymi: Tomaszem Sta\u0144k\u0105 (&#8222;Po\u017cegnanie z Mari\u0105&#8221;), Januszem Muniakiem (&#8222;One And Four&#8221;), Micha\u0142em Urbaniakiem (&#8222;Live In Holy City&#8221;), Piotrem Wojtasikiem (&#8222;Lonely City&#8221;, &#8222;Quest&#8221; &#8211; z Billym Harperem i &#8222;Hope&#8221; &#8211; z Dave&#8217;em Liebmanem), Adamem Piero\u0144czykiem (&#8222;Live In Sofia&#8221; i &#8222;19-9-1999&#8221;), Henrykiem Mi\u015bkiewiczem (&#8222;Ja nie chc\u0119 spa\u0107&#8221;), Ann\u0105 Mari\u0105 Jopek (m.in. &#8222;Bosa&#8221;, &#8222;Barefoot&#8221;, &#8222;Upojenie&#8221;, &#8222;Farat&#8221;, \u201eID&#8221;). Leszek Mo\u017cd\u017cer wyst\u0119powa\u0142 w prawie wszystkich krajach europejskich, a tak\u017ce w USA, Kanadzie, Brazylii, Urugwaju i Argentynie, Chile (dla 15 000 widz\u00f3w).<br>Od lat wsp\u00f3\u0142pracuje z kompozytorami muzyki filmowej &#8211; Zbigniewem Preisnerem (m.in. &#8222;Requiem dla mojego przyjaciela&#8221;, &#8222;10 \u0142atwych utwor\u00f3w na fortepian&#8221;) i mieszkaj\u0105cym w Los Angeles Janem Kaczmarkiem (nagrania dla wytw\u00f3rni 20th Century Fox oraz Mira Max) &#8211; w\u0142\u0105cznie z nagraniem nagrodzonej Oscarem muzyki do \u2018Finding Neverland&#8217;. Napisa\u0142 muzyk\u0119 do filmu dokumentalnego w re\u017cyserii Sylwestra Latkowskiego &#8222;PUB 700&#8221;, kt\u00f3rego sam jest bohaterem, a tak\u017ce do filmu &#8222;Nienasycenie&#8221; wg Witkacego w re\u017cyserii Wiktora Grodeckiego.&nbsp;<a href=\"http:\/\/www.mozdzer.com\/images\/biografia\/3.jpg\"><\/a><br>Na uwag\u0119 zas\u0142uguj\u0105 jego realizacje teatralne: &#8222;Hair &#8211; Love, rock musical&#8221; (Teatr Muzyczny w Gdyni), &#8222;Tango z Lady M.&#8221; (Polski Teatr Ta\u0144ca w Poznaniu), &#8222;Psychosis 4.48&#8221; &#8211; Sary Kane, w re\u017cyserii Grzegorza Jarzyny (sztuka wystawiana w Dusseldorfie) i &#8222;Rewizor&#8221; Gogola (Teatr Dramatyczny w Warszawie). Jest autorem muzyki do spektaklu &#8222;Mandarynki i pomara\u0144cze&#8221; do wierszy Tuwima (Operetka Wroc\u0142awska), trans-opery &#8222;Sen nocy letniej&#8221; wg Szekspira, wystawianej w Teatrze Muzycznym w Gdyni oraz musicalu &#8222;Scat&#8221; (Teatr Capitol we Wroc\u0142awiu) w re\u017c. Wojtka Ko\u015bcielniaka. W&nbsp; kwietniu 2007 skomponowa\u0142 muzyk\u0119 do spektaklu \u2018\u015aluby Panie\u0144skie&#8217; w re\u017c. Jana Englerta w Teatrze Narodowym. W pa\u017adzierniku 2007 odby\u0142a si\u0119 premiera spektaklu \u2018Operetka&#8217; w re\u017c. Micha\u0142\u0105 Zadary ( Teatr Muzyczny Capitol we Wroc\u0142awiu), z muzyk\u0105 Leszka Mo\u017cd\u017cera<\/p>\n\n\n\n<p>Interesuj\u0105ca jest r\u00f3wnie\u017c jego autonomiczna tw\u00f3rczo\u015b\u0107 pozajazzowa &#8211; napisa\u0142 &#8222;Psalmy Dawidowe&#8221; na ch\u00f3r i kwartet jazzowy, wyst\u0119powa\u0142 z wiolonczelist\u0105 Adamem Klockiem (wykonuj\u0105c wsp\u00f3lnie z nim zar\u00f3wno sonaty Bacha, jak i tematy jazzowe), a tak\u017ce z Orkiestr\u0105 Aukso Marka Mosia (&#8222;Siedem miniatur na fortepian improwizowany i smyczki&#8221;). Jest uczestnikiem specjalnego projektu Ola Walickiego Metalla Pretiosa. Na zaproszenie Pata Metheny gra\u0142 z mi\u0119dzynarodow\u0105 orkiestr\u0105 Jazz Baltica na festiwalu w Salzau (Niemcy). We wrze\u015bniu 2004 Leszek Mo\u017cd\u017cer wyst\u0105pi\u0142 z Adamem Makowiczem na koncertach w Carnegie Hall w Nowym Jorku. Wydarzenie to nazwane zosta\u0142o kulminacyjnym momentem polskiej pianistyki jazzowej.&nbsp;<br>Jego koncert na dwa fortepiany z Adamem Makowiczem w Carnegie Hall ukaza\u0142 si\u0119 na p\u0142ycie i obok wydanego w czerwcu 2004 albumu solowego PIANO uzyska\u0142 status podw\u00f3jnie platynowej p\u0142yty. Rok 2004 to jeszcze album PUB700 i kr\u0105\u017cek z zapisem DVD koncertu pianisty PIANO LIVE. Posypa\u0142y si\u0119 te\u017c nagrody. Najwa\u017cniejsze z nich to PASZPORT POLITYKI, Dolno\u015bl\u0105ski Brylant Roku i Nagroda Kulturalna Prezydenta Miasta Gda\u0144ska.<\/p>\n\n\n\n<p>W roku &nbsp;2005 Leszek Mo\u017cd\u017cer nagra\u0142 autorski album \u2018The Time&#8217;, w trio ze szwedzkim kontrabasist\u0105 i wiolonczelist\u0105 Larsem Danielssonem i wirtuozem instrument\u00f3w perkusyjnych &#8211; Zoharem Fresco z Izraela. P\u0142yta, kt\u00f3rej premiera odby\u0142a si\u0119 pod koniec wrze\u015bnia ju\u017c na pocz\u0105tku grudnia osi\u0105gn\u0119\u0142a status Podw\u00f3jnej Platynowej P\u0142yty.<\/p>\n\n\n\n<p>Na pocz\u0105tku 2006 roku, Leszek na zaproszenie Jan A.P. Kaczmarka uda\u0142 si\u0119 do Stan\u00f3w Zjednoczonych, gdzie wzi\u0105\u0142 udzia\u0142 w koncercie inauguruj\u0105cym dzia\u0142alno\u015b\u0107 Polskiego Instytutu Sztuki Filmowej.<\/p>\n\n\n\n<p>W lutym 2006 kapitu\u0142a Fundacji Kultury odznaczy\u0142a Leszka Mo\u017cd\u017cera wraz z Jerzym Jarockim Wielk\u0105 Nagrod\u0105 Fundacji Kultury, odznaczenie to przyznawane jest osobom, kt\u00f3rych dokonania artystyczne mia\u0142y szczeg\u00f3lny wp\u0142yw na polsk\u0105 kultur\u0119. &nbsp;W pa\u017adzierniku<strong>&nbsp;<\/strong><strong>podczas uroczystej inauguracji roku akademickiego 2006\/2007 na Akademii Ekonomicznej w Krakowie,&nbsp;<\/strong><strong>Leszek Mo\u017cd\u017cer<\/strong><strong>&nbsp;zosta\u0142 uhonorowany nagrod\u0105 \u201eZ\u0142ota Batuta za Zas\u0142ugi dla Kultury Polskiej&#8221;.<\/strong><\/p>\n\n\n\n<p>\u201eZ\u0142ota Batuta&#8221; to wyr\u00f3\u017cnienie przyznawane od 2000 roku wsp\u00f3lnie przez Ministra Kultury i Dziedzictwa Narodowego, Akademi\u0119 Ekonomiczn\u0105 w Krakowie oraz Stowarzyszenie Kultury Akademickiej \u201eInstytut Sztuki&#8221;. W 2007 Leszek Mo\u017cd\u017cer zostaje wyr\u00f3\u017cniony nagrod\u0105 Ministerstwa Spraw Zagranicznych za promocj\u0119 Kultury Polskiej w \u015bwiecie.<\/p>\n\n\n\n<p>W listopadzie 2006 ukaza\u0142a si\u0119 druga p\u0142yta Leszka Mo\u017cd\u017cera w trio z Larsem Danielssonem i Zoharem Fresco \u2018 Between us and the light&#8217;. Do\u015b\u0107 doda\u0107, i\u017c druga p\u0142yta trio w dwa tygodnie od premiery uzyska\u0142a status Podw\u00f3jnej Platyny.<\/p>\n\n\n\n<p>Kwiecie\u0144 2007 to mi\u0119dzynarodowa premiera p\u0142yty PASODOBLE nagranej w duecie z Larsem Danielssonem dla niemieckiej wytw\u00f3rni ACT oraz premiera albumu Przemka Dyakowskiego MELISA, kt\u00f3rego Leszek jest producentem, autorem kilku kompozycji jak r\u00f3wnie\u017c wykonawc\u0105 kilku partii fortepianowych. Album MELISA otrzyma\u0142 status Z\u0142otej P\u0142yty.<\/p>\n\n\n\n<p>Listopad 2007 to premiera kolekcjonerskiego wydania p\u0142yty LIVE z zapisem dw\u00f3ch wspania\u0142ych koncert\u00f3w trio Leszka Mo\u017cd\u017cera zrealizowanych podczas trasy koncertowej promuj\u0105cej p\u0142yt\u0119 Between Us And The Light(2006)&nbsp; oraz The Time (2005).<\/p>\n","protected":false},"excerpt":{"rendered":"<p>Leszek Mo\u017cd\u017cer&nbsp;jest jednym z najwybitniejszych polskich muzyk\u00f3w jazzowych, pianista \u015bwiatowej klasy, odwa\u017cny eksplorator, oryginalny tw\u00f3rca posiadaj\u0105cy w\u0142asny j\u0119zyk muzyczny. Urodzi\u0142 si\u0119 23 marca 1971 roku w Gda\u0144sku, nauk\u0119 gry na fortepianie rozpocz\u0105\u0142 w pi\u0105tym roku \u017cycia i przeszed\u0142szy&nbsp; wszystkie szczeble edukacji uzyska\u0142 dyplom gda\u0144skiej Akademii Muzycznej w 1996 roku. Jazzem zainteresowa\u0142 si\u0119 w klasie maturalnej, [&hellip;]<\/p>\n","protected":false},"author":160,"featured_media":0,"comment_status":"open","ping_status":"open","sticky":false,"template":"","format":"standard","meta":{"inline_featured_image":false,"_monsterinsights_skip_tracking":false,"_monsterinsights_sitenote_active":false,"_monsterinsights_sitenote_note":"","_monsterinsights_sitenote_category":0,"footnotes":""},"categories":[65,75],"tags":[],"class_list":["post-11029","post","type-post","status-publish","format-standard","hentry","category-muzyka-pl","category-wydarzenia"],"yoast_head":"<!-- This site is optimized with the Yoast SEO plugin v24.6 - https:\/\/yoast.com\/wordpress\/plugins\/seo\/ -->\n<title>\u00a0Koncert Leszka Mo\u017cd\u017cera &quot;Improwizacje Chopinowskie&quot; - Instytut Polski w Kijowie<\/title>\n<meta name=\"robots\" content=\"index, follow, max-snippet:-1, max-image-preview:large, max-video-preview:-1\" \/>\n<link rel=\"canonical\" href=\"https:\/\/instytutpolski.pl\/kyiv\/pl\/2008\/11\/16\/koncert-leszka-mozdzera-improwizacje-chopinowskie\/\" \/>\n<meta property=\"og:locale\" content=\"pl_PL\" \/>\n<meta property=\"og:type\" content=\"article\" \/>\n<meta property=\"og:title\" content=\"\u00a0Koncert Leszka Mo\u017cd\u017cera &quot;Improwizacje Chopinowskie&quot; - Instytut Polski w Kijowie\" \/>\n<meta property=\"og:description\" content=\"Leszek Mo\u017cd\u017cer&nbsp;jest jednym z najwybitniejszych polskich muzyk\u00f3w jazzowych, pianista \u015bwiatowej klasy, odwa\u017cny eksplorator, oryginalny tw\u00f3rca posiadaj\u0105cy w\u0142asny j\u0119zyk muzyczny. Urodzi\u0142 si\u0119 23 marca 1971 roku w Gda\u0144sku, nauk\u0119 gry na fortepianie rozpocz\u0105\u0142 w pi\u0105tym roku \u017cycia i przeszed\u0142szy&nbsp; wszystkie szczeble edukacji uzyska\u0142 dyplom gda\u0144skiej Akademii Muzycznej w 1996 roku. Jazzem zainteresowa\u0142 si\u0119 w klasie maturalnej, [&hellip;]\" \/>\n<meta property=\"og:url\" content=\"https:\/\/instytutpolski.pl\/kyiv\/pl\/2008\/11\/16\/koncert-leszka-mozdzera-improwizacje-chopinowskie\/\" \/>\n<meta property=\"og:site_name\" content=\"Instytut Polski w Kijowie\" \/>\n<meta property=\"article:published_time\" content=\"2008-11-16T11:02:00+00:00\" \/>\n<meta property=\"article:modified_time\" content=\"2022-02-02T11:04:07+00:00\" \/>\n<meta property=\"og:image\" content=\"http:\/\/polinst.kiev.ua\/images\/mozdzer_400.jpg\" \/>\n<meta name=\"author\" content=\"romanenkoj\" \/>\n<meta name=\"twitter:card\" content=\"summary_large_image\" \/>\n<meta name=\"twitter:label1\" content=\"Napisane przez\" \/>\n\t<meta name=\"twitter:data1\" content=\"romanenkoj\" \/>\n\t<meta name=\"twitter:label2\" content=\"Szacowany czas czytania\" \/>\n\t<meta name=\"twitter:data2\" content=\"7 minut\" \/>\n<script type=\"application\/ld+json\" class=\"yoast-schema-graph\">{\"@context\":\"https:\/\/schema.org\",\"@graph\":[{\"@type\":\"event\",\"@id\":\"https:\/\/instytutpolski.pl\/kyiv\/pl\/2008\/11\/16\/koncert-leszka-mozdzera-improwizacje-chopinowskie\/\",\"url\":\"https:\/\/instytutpolski.pl\/kyiv\/pl\/2008\/11\/16\/koncert-leszka-mozdzera-improwizacje-chopinowskie\/\",\"name\":\"\u00a0Koncert Leszka Mo\u017cd\u017cera \\\"Improwizacje Chopinowskie\\\"\",\"isPartOf\":{\"@id\":\"https:\/\/instytutpolski.pl\/kyiv\/#website\"},\"primaryImageOfPage\":{\"@id\":\"https:\/\/instytutpolski.pl\/kyiv\/pl\/2008\/11\/16\/koncert-leszka-mozdzera-improwizacje-chopinowskie\/#primaryimage\"},\"image\":null,\"thumbnailUrl\":\"http:\/\/polinst.kiev.ua\/images\/mozdzer_400.jpg\",\"datePublished\":\"2008-11-16T11:02:00+02:00\",\"dateModified\":\"2022-02-02T11:04:07+02:00\",\"author\":{\"@id\":\"https:\/\/instytutpolski.pl\/kyiv\/#\/schema\/person\/f7fff8f498c6e1e8a6ecb7996fbf4d74\"},\"breadcrumb\":{\"@id\":\"https:\/\/instytutpolski.pl\/kyiv\/pl\/2008\/11\/16\/koncert-leszka-mozdzera-improwizacje-chopinowskie\/#breadcrumb\"},\"inLanguage\":\"pl-PL\",\"potentialAction\":[{\"@type\":\"ReadAction\",\"target\":[\"https:\/\/instytutpolski.pl\/kyiv\/pl\/2008\/11\/16\/koncert-leszka-mozdzera-improwizacje-chopinowskie\/\"]}],\"@context\":\"https:\/\/schema.org\",\"startDate\":\"2008-11-16\",\"endDate\":\"2008-11-16\",\"eventStatus\":\"EventScheduled\",\"eventAttendanceMode\":\"OfflineEventAttendanceMode\",\"location\":{\"@type\":\"place\",\"name\":\"\",\"address\":\"\",\"geo\":{\"@type\":\"GeoCoordinates\",\"latitude\":\"\",\"longitude\":\"\"}},\"description\":\"Leszek Mo\u017cd\u017cer jest jednym z najwybitniejszych polskich muzyk\u00f3w jazzowych, pianista \u015bwiatowej klasy, odwa\u017cny eksplorator, oryginalny tw\u00f3rca posiadaj\u0105cy w\u0142asny j\u0119zyk muzyczny. Urodzi\u0142 si\u0119 23 marca 1971 roku w Gda\u0144sku, nauk\u0119 gry na fortepianie rozpocz\u0105\u0142 w pi\u0105tym roku \u017cycia i przeszed\u0142szy  wszystkie szczeble edukacji uzyska\u0142 dyplom gda\u0144skiej Akademii Muzycznej w 1996 roku. Jazzem zainteresowa\u0142 si\u0119 w klasie maturalnej, zdobywa\u0142 ostrogi w zespole klarnecisty Emila Kowalskiego, a pierwsz\u0105 pr\u00f3b\u0119 z zespo\u0142em Mi\u0142o\u015b\u0107 odby\u0142 na swoje 20 urodziny. W roku 1993 otrzyma\u0142 wyr\u00f3\u017cnienie indywidualne na Jazz Juniors, rok p\u00f3\u017aniej zaj\u0105\u0142 I miejsce w Mi\u0119dzynarodowym Konkursie Improwizacji Jazzowej w Katowicach. Od tamtego czasu zwyci\u0119\u017ca we wszystkich kolejnych ankietach czytelnik\u00f3w \\\"Jazz Forum\\\" w kategorii fortepianu (nieprzerwanie od 1994- 2007), dwa razy zosta\u0142 uznany Muzykiem Roku (1995-96), w tej samej roli otrzyma\u0142 nagrod\u0119 Fryderyka (1998).\\nPrzez sze\u015b\u0107 lat (1991-97) by\u0142 cz\u0142onkiem Mi\u0142o\u015bci - najwa\u017cniejszego jazzowego (i yassowego) zespo\u0142u lat 90, z kt\u00f3rym nagra\u0142 sze\u015b\u0107 p\u0142yt, w tym dwie z Lesterem Bowie. R\u00f3wnolegle (1992-1995) by\u0142 podpor\u0105 Kwartetu Zbyszka Namys\u0142owskiego (\\\"Secretly &amp; Confidentially\\\"), \\\"Zbigniew Namys\u0142owski Quartet &amp; Zakopane Highlanders Band\\\") oraz grupy Eryka Kulma Qunitessence (1993-95).\\nOd po\u0142owy lat 90 prowadzi w\u0142asne zespo\u0142y i nagrywa p\u0142yty autorskie (m.in. \\\"Talk To Jesus\\\" z Sekstetem i \\\"Facing The Wind\\\" w duecie z ameryka\u0144skim kontrabasist\u0105 Davidem Friesenem, 1996). Pod w\u0142asnym nazwiskiem zadebiutowa\u0142 jeszcze w roku 1994 solowym nagraniem \\\"Chopin - Impresje\\\", w\u0142\u0105czaj\u0105c si\u0119 tym samym w chopinowski nurt polskiego jazzu. Pi\u0119\u0107 lat p\u00f3\u017aniej we Francji ukaza\u0142 si\u0119 jego album \\\"Impressions On Chopin\\\". Kolejny solowy kr\u0105\u017cek to zapis koncert\u00f3w filharmonicznych (m.in. w\u0142a\u015bnie interpretacje Chopina), jakie mia\u0142y miejsce w Kijowie i Lwowie, wydany nak\u0142adem krakowskiej oficyny Gowi pt. \\\"Solo In Ukraine 2000-2001\\\". Jeszcze w tym samym roku ukaza\u0142 si\u0119 album \\\"Pub700\\\", zawieraj\u0105cy muzyk\u0119 z Trans-opery \\\"Sen Nocy Letniej\\\".\\nNagrywa\u0142 p\u0142yty z prawie wszystkimi naszymi najwybitniejszymi muzykami jazzowymi: Tomaszem Sta\u0144k\u0105 (\\\"Po\u017cegnanie z Mari\u0105\\\"), Januszem Muniakiem (\\\"One And Four\\\"), Micha\u0142em Urbaniakiem (\\\"Live In Holy City\\\"), Piotrem Wojtasikiem (\\\"Lonely City\\\", \\\"Quest\\\" - z Billym Harperem i \\\"Hope\\\" - z Dave'em Liebmanem), Adamem Piero\u0144czykiem (\\\"Live In Sofia\\\" i \\\"19-9-1999\\\"), Henrykiem Mi\u015bkiewiczem (\\\"Ja nie chc\u0119 spa\u0107\\\"), Ann\u0105 Mari\u0105 Jopek (m.in. \\\"Bosa\\\", \\\"Barefoot\\\", \\\"Upojenie\\\", \\\"Farat\\\", \u201eID\\\"). Leszek Mo\u017cd\u017cer wyst\u0119powa\u0142 w prawie wszystkich krajach europejskich, a tak\u017ce w USA, Kanadzie, Brazylii, Urugwaju i Argentynie, Chile (dla 15 000 widz\u00f3w).Od lat wsp\u00f3\u0142pracuje z kompozytorami muzyki filmowej - Zbigniewem Preisnerem (m.in. \\\"Requiem dla mojego przyjaciela\\\", \\\"10 \u0142atwych utwor\u00f3w na fortepian\\\") i mieszkaj\u0105cym w Los Angeles Janem Kaczmarkiem (nagrania dla wytw\u00f3rni 20th Century Fox oraz Mira Max) - w\u0142\u0105cznie z nagraniem nagrodzonej Oscarem muzyki do \u2018Finding Neverland'. Napisa\u0142 muzyk\u0119 do filmu dokumentalnego w re\u017cyserii Sylwestra Latkowskiego \\\"PUB 700\\\", kt\u00f3rego sam jest bohaterem, a tak\u017ce do filmu \\\"Nienasycenie\\\" wg Witkacego w re\u017cyserii Wiktora Grodeckiego. Na uwag\u0119 zas\u0142uguj\u0105 jego realizacje teatralne: \\\"Hair - Love, rock musical\\\" (Teatr Muzyczny w Gdyni), \\\"Tango z Lady M.\\\" (Polski Teatr Ta\u0144ca w Poznaniu), \\\"Psychosis 4.48\\\" - Sary Kane, w re\u017cyserii Grzegorza Jarzyny (sztuka wystawiana w Dusseldorfie) i \\\"Rewizor\\\" Gogola (Teatr Dramatyczny w Warszawie). Jest autorem muzyki do spektaklu \\\"Mandarynki i pomara\u0144cze\\\" do wierszy Tuwima (Operetka Wroc\u0142awska), trans-opery \\\"Sen nocy letniej\\\" wg Szekspira, wystawianej w Teatrze Muzycznym w Gdyni oraz musicalu \\\"Scat\\\" (Teatr Capitol we Wroc\u0142awiu) w re\u017c. Wojtka Ko\u015bcielniaka. W  kwietniu 2007 skomponowa\u0142 muzyk\u0119 do spektaklu \u2018\u015aluby Panie\u0144skie' w re\u017c. Jana Englerta w Teatrze Narodowym. W pa\u017adzierniku 2007 odby\u0142a si\u0119 premiera spektaklu \u2018Operetka' w re\u017c. Micha\u0142\u0105 Zadary ( Teatr Muzyczny Capitol we Wroc\u0142awiu), z muzyk\u0105 Leszka Mo\u017cd\u017cera\\nInteresuj\u0105ca jest r\u00f3wnie\u017c jego autonomiczna tw\u00f3rczo\u015b\u0107 pozajazzowa - napisa\u0142 \\\"Psalmy Dawidowe\\\" na ch\u00f3r i kwartet jazzowy, wyst\u0119powa\u0142 z wiolonczelist\u0105 Adamem Klockiem (wykonuj\u0105c wsp\u00f3lnie z nim zar\u00f3wno sonaty Bacha, jak i tematy jazzowe), a tak\u017ce z Orkiestr\u0105 Aukso Marka Mosia (\\\"Siedem miniatur na fortepian improwizowany i smyczki\\\"). Jest uczestnikiem specjalnego projektu Ola Walickiego Metalla Pretiosa. Na zaproszenie Pata Metheny gra\u0142 z mi\u0119dzynarodow\u0105 orkiestr\u0105 Jazz Baltica na festiwalu w Salzau (Niemcy). We wrze\u015bniu 2004 Leszek Mo\u017cd\u017cer wyst\u0105pi\u0142 z Adamem Makowiczem na koncertach w Carnegie Hall w Nowym Jorku. Wydarzenie to nazwane zosta\u0142o kulminacyjnym momentem polskiej pianistyki jazzowej. Jego koncert na dwa fortepiany z Adamem Makowiczem w Carnegie Hall ukaza\u0142 si\u0119 na p\u0142ycie i obok wydanego w czerwcu 2004 albumu solowego PIANO uzyska\u0142 status podw\u00f3jnie platynowej p\u0142yty. Rok 2004 to jeszcze album PUB700 i kr\u0105\u017cek z zapisem DVD koncertu pianisty PIANO LIVE. Posypa\u0142y si\u0119 te\u017c nagrody. Najwa\u017cniejsze z nich to PASZPORT POLITYKI, Dolno\u015bl\u0105ski Brylant Roku i Nagroda Kulturalna Prezydenta Miasta Gda\u0144ska.\\nW roku  2005 Leszek Mo\u017cd\u017cer nagra\u0142 autorski album \u2018The Time', w trio ze szwedzkim kontrabasist\u0105 i wiolonczelist\u0105 Larsem Danielssonem i wirtuozem instrument\u00f3w perkusyjnych - Zoharem Fresco z Izraela. P\u0142yta, kt\u00f3rej premiera odby\u0142a si\u0119 pod koniec wrze\u015bnia ju\u017c na pocz\u0105tku grudnia osi\u0105gn\u0119\u0142a status Podw\u00f3jnej Platynowej P\u0142yty.\\nNa pocz\u0105tku 2006 roku, Leszek na zaproszenie Jan A.P. Kaczmarka uda\u0142 si\u0119 do Stan\u00f3w Zjednoczonych, gdzie wzi\u0105\u0142 udzia\u0142 w koncercie inauguruj\u0105cym dzia\u0142alno\u015b\u0107 Polskiego Instytutu Sztuki Filmowej.\\nW lutym 2006 kapitu\u0142a Fundacji Kultury odznaczy\u0142a Leszka Mo\u017cd\u017cera wraz z Jerzym Jarockim Wielk\u0105 Nagrod\u0105 Fundacji Kultury, odznaczenie to przyznawane jest osobom, kt\u00f3rych dokonania artystyczne mia\u0142y szczeg\u00f3lny wp\u0142yw na polsk\u0105 kultur\u0119.  W pa\u017adzierniku podczas uroczystej inauguracji roku akademickiego 2006\/2007 na Akademii Ekonomicznej w Krakowie, Leszek Mo\u017cd\u017cer zosta\u0142 uhonorowany nagrod\u0105 \u201eZ\u0142ota Batuta za Zas\u0142ugi dla Kultury Polskiej\\\".\\n\u201eZ\u0142ota Batuta\\\" to wyr\u00f3\u017cnienie przyznawane od 2000 roku wsp\u00f3lnie przez Ministra Kultury i Dziedzictwa Narodowego, Akademi\u0119 Ekonomiczn\u0105 w Krakowie oraz Stowarzyszenie Kultury Akademickiej \u201eInstytut Sztuki\\\". W 2007 Leszek Mo\u017cd\u017cer zostaje wyr\u00f3\u017cniony nagrod\u0105 Ministerstwa Spraw Zagranicznych za promocj\u0119 Kultury Polskiej w \u015bwiecie.\\nW listopadzie 2006 ukaza\u0142a si\u0119 druga p\u0142yta Leszka Mo\u017cd\u017cera w trio z Larsem Danielssonem i Zoharem Fresco \u2018 Between us and the light'. Do\u015b\u0107 doda\u0107, i\u017c druga p\u0142yta trio w dwa tygodnie od premiery uzyska\u0142a status Podw\u00f3jnej Platyny.\\nKwiecie\u0144 2007 to mi\u0119dzynarodowa premiera p\u0142yty PASODOBLE nagranej w duecie z Larsem Danielssonem dla niemieckiej wytw\u00f3rni ACT oraz premiera albumu Przemka Dyakowskiego MELISA, kt\u00f3rego Leszek jest producentem, autorem kilku kompozycji jak r\u00f3wnie\u017c wykonawc\u0105 kilku partii fortepianowych. Album MELISA otrzyma\u0142 status Z\u0142otej P\u0142yty.\\nListopad 2007 to premiera kolekcjonerskiego wydania p\u0142yty LIVE z zapisem dw\u00f3ch wspania\u0142ych koncert\u00f3w trio Leszka Mo\u017cd\u017cera zrealizowanych podczas trasy koncertowej promuj\u0105cej p\u0142yt\u0119 Between Us And The Light(2006)  oraz The Time (2005).\"},{\"@type\":\"ImageObject\",\"inLanguage\":\"pl-PL\",\"@id\":\"https:\/\/instytutpolski.pl\/kyiv\/pl\/2008\/11\/16\/koncert-leszka-mozdzera-improwizacje-chopinowskie\/#primaryimage\",\"url\":\"http:\/\/polinst.kiev.ua\/images\/mozdzer_400.jpg\",\"contentUrl\":\"http:\/\/polinst.kiev.ua\/images\/mozdzer_400.jpg\"},{\"@type\":\"BreadcrumbList\",\"@id\":\"https:\/\/instytutpolski.pl\/kyiv\/pl\/2008\/11\/16\/koncert-leszka-mozdzera-improwizacje-chopinowskie\/#breadcrumb\",\"itemListElement\":[{\"@type\":\"ListItem\",\"position\":1,\"name\":\"Home\",\"item\":\"https:\/\/instytutpolski.pl\/kyiv\/\"},{\"@type\":\"ListItem\",\"position\":2,\"name\":\"\u00a0Koncert Leszka Mo\u017cd\u017cera &#8220;Improwizacje Chopinowskie&#8221;\"}]},{\"@type\":\"WebSite\",\"@id\":\"https:\/\/instytutpolski.pl\/kyiv\/#website\",\"url\":\"https:\/\/instytutpolski.pl\/kyiv\/\",\"name\":\"Instytut Polski w Kijowie\",\"description\":\"Instytuty Polskie\",\"potentialAction\":[{\"@type\":\"SearchAction\",\"target\":{\"@type\":\"EntryPoint\",\"urlTemplate\":\"https:\/\/instytutpolski.pl\/kyiv\/?s={search_term_string}\"},\"query-input\":{\"@type\":\"PropertyValueSpecification\",\"valueRequired\":true,\"valueName\":\"search_term_string\"}}],\"inLanguage\":\"pl-PL\"},{\"@type\":\"Person\",\"@id\":\"https:\/\/instytutpolski.pl\/kyiv\/#\/schema\/person\/f7fff8f498c6e1e8a6ecb7996fbf4d74\",\"name\":\"romanenkoj\",\"image\":{\"@type\":\"ImageObject\",\"inLanguage\":\"pl-PL\",\"@id\":\"https:\/\/instytutpolski.pl\/kyiv\/#\/schema\/person\/image\/\",\"url\":\"https:\/\/secure.gravatar.com\/avatar\/4482ff5ea3b988e63e7a3f80c436396b?s=96&d=mm&r=g\",\"contentUrl\":\"https:\/\/secure.gravatar.com\/avatar\/4482ff5ea3b988e63e7a3f80c436396b?s=96&d=mm&r=g\",\"caption\":\"romanenkoj\"},\"sameAs\":[\"stakhivskaj\"],\"url\":\"https:\/\/instytutpolski.pl\/kyiv\/author\/romanenkoj\/\"}]}<\/script>\n<!-- \/ Yoast SEO plugin. -->","yoast_head_json":{"title":"\u00a0Koncert Leszka Mo\u017cd\u017cera \"Improwizacje Chopinowskie\" - Instytut Polski w Kijowie","robots":{"index":"index","follow":"follow","max-snippet":"max-snippet:-1","max-image-preview":"max-image-preview:large","max-video-preview":"max-video-preview:-1"},"canonical":"https:\/\/instytutpolski.pl\/kyiv\/pl\/2008\/11\/16\/koncert-leszka-mozdzera-improwizacje-chopinowskie\/","og_locale":"pl_PL","og_type":"article","og_title":"\u00a0Koncert Leszka Mo\u017cd\u017cera \"Improwizacje Chopinowskie\" - Instytut Polski w Kijowie","og_description":"Leszek Mo\u017cd\u017cer&nbsp;jest jednym z najwybitniejszych polskich muzyk\u00f3w jazzowych, pianista \u015bwiatowej klasy, odwa\u017cny eksplorator, oryginalny tw\u00f3rca posiadaj\u0105cy w\u0142asny j\u0119zyk muzyczny. Urodzi\u0142 si\u0119 23 marca 1971 roku w Gda\u0144sku, nauk\u0119 gry na fortepianie rozpocz\u0105\u0142 w pi\u0105tym roku \u017cycia i przeszed\u0142szy&nbsp; wszystkie szczeble edukacji uzyska\u0142 dyplom gda\u0144skiej Akademii Muzycznej w 1996 roku. Jazzem zainteresowa\u0142 si\u0119 w klasie maturalnej, [&hellip;]","og_url":"https:\/\/instytutpolski.pl\/kyiv\/pl\/2008\/11\/16\/koncert-leszka-mozdzera-improwizacje-chopinowskie\/","og_site_name":"Instytut Polski w Kijowie","article_published_time":"2008-11-16T11:02:00+00:00","article_modified_time":"2022-02-02T11:04:07+00:00","og_image":[{"url":"http:\/\/polinst.kiev.ua\/images\/mozdzer_400.jpg","type":"","width":"","height":""}],"author":"romanenkoj","twitter_card":"summary_large_image","twitter_misc":{"Napisane przez":"romanenkoj","Szacowany czas czytania":"7 minut"},"schema":{"@context":"https:\/\/schema.org","@graph":[{"@type":"event","@id":"https:\/\/instytutpolski.pl\/kyiv\/pl\/2008\/11\/16\/koncert-leszka-mozdzera-improwizacje-chopinowskie\/","url":"https:\/\/instytutpolski.pl\/kyiv\/pl\/2008\/11\/16\/koncert-leszka-mozdzera-improwizacje-chopinowskie\/","name":"\u00a0Koncert Leszka Mo\u017cd\u017cera \"Improwizacje Chopinowskie\"","isPartOf":{"@id":"https:\/\/instytutpolski.pl\/kyiv\/#website"},"primaryImageOfPage":{"@id":"https:\/\/instytutpolski.pl\/kyiv\/pl\/2008\/11\/16\/koncert-leszka-mozdzera-improwizacje-chopinowskie\/#primaryimage"},"image":null,"thumbnailUrl":"http:\/\/polinst.kiev.ua\/images\/mozdzer_400.jpg","datePublished":"2008-11-16T11:02:00+02:00","dateModified":"2022-02-02T11:04:07+02:00","author":{"@id":"https:\/\/instytutpolski.pl\/kyiv\/#\/schema\/person\/f7fff8f498c6e1e8a6ecb7996fbf4d74"},"breadcrumb":{"@id":"https:\/\/instytutpolski.pl\/kyiv\/pl\/2008\/11\/16\/koncert-leszka-mozdzera-improwizacje-chopinowskie\/#breadcrumb"},"inLanguage":"pl-PL","potentialAction":[{"@type":"ReadAction","target":["https:\/\/instytutpolski.pl\/kyiv\/pl\/2008\/11\/16\/koncert-leszka-mozdzera-improwizacje-chopinowskie\/"]}],"@context":"https:\/\/schema.org","startDate":"2008-11-16","endDate":"2008-11-16","eventStatus":"EventScheduled","eventAttendanceMode":"OfflineEventAttendanceMode","location":{"@type":"place","name":"","address":"","geo":{"@type":"GeoCoordinates","latitude":"","longitude":""}},"description":"Leszek Mo\u017cd\u017cer jest jednym z najwybitniejszych polskich muzyk\u00f3w jazzowych, pianista \u015bwiatowej klasy, odwa\u017cny eksplorator, oryginalny tw\u00f3rca posiadaj\u0105cy w\u0142asny j\u0119zyk muzyczny. Urodzi\u0142 si\u0119 23 marca 1971 roku w Gda\u0144sku, nauk\u0119 gry na fortepianie rozpocz\u0105\u0142 w pi\u0105tym roku \u017cycia i przeszed\u0142szy  wszystkie szczeble edukacji uzyska\u0142 dyplom gda\u0144skiej Akademii Muzycznej w 1996 roku. Jazzem zainteresowa\u0142 si\u0119 w klasie maturalnej, zdobywa\u0142 ostrogi w zespole klarnecisty Emila Kowalskiego, a pierwsz\u0105 pr\u00f3b\u0119 z zespo\u0142em Mi\u0142o\u015b\u0107 odby\u0142 na swoje 20 urodziny. W roku 1993 otrzyma\u0142 wyr\u00f3\u017cnienie indywidualne na Jazz Juniors, rok p\u00f3\u017aniej zaj\u0105\u0142 I miejsce w Mi\u0119dzynarodowym Konkursie Improwizacji Jazzowej w Katowicach. Od tamtego czasu zwyci\u0119\u017ca we wszystkich kolejnych ankietach czytelnik\u00f3w \"Jazz Forum\" w kategorii fortepianu (nieprzerwanie od 1994- 2007), dwa razy zosta\u0142 uznany Muzykiem Roku (1995-96), w tej samej roli otrzyma\u0142 nagrod\u0119 Fryderyka (1998).\nPrzez sze\u015b\u0107 lat (1991-97) by\u0142 cz\u0142onkiem Mi\u0142o\u015bci - najwa\u017cniejszego jazzowego (i yassowego) zespo\u0142u lat 90, z kt\u00f3rym nagra\u0142 sze\u015b\u0107 p\u0142yt, w tym dwie z Lesterem Bowie. R\u00f3wnolegle (1992-1995) by\u0142 podpor\u0105 Kwartetu Zbyszka Namys\u0142owskiego (\"Secretly &amp; Confidentially\"), \"Zbigniew Namys\u0142owski Quartet &amp; Zakopane Highlanders Band\") oraz grupy Eryka Kulma Qunitessence (1993-95).\nOd po\u0142owy lat 90 prowadzi w\u0142asne zespo\u0142y i nagrywa p\u0142yty autorskie (m.in. \"Talk To Jesus\" z Sekstetem i \"Facing The Wind\" w duecie z ameryka\u0144skim kontrabasist\u0105 Davidem Friesenem, 1996). Pod w\u0142asnym nazwiskiem zadebiutowa\u0142 jeszcze w roku 1994 solowym nagraniem \"Chopin - Impresje\", w\u0142\u0105czaj\u0105c si\u0119 tym samym w chopinowski nurt polskiego jazzu. Pi\u0119\u0107 lat p\u00f3\u017aniej we Francji ukaza\u0142 si\u0119 jego album \"Impressions On Chopin\". Kolejny solowy kr\u0105\u017cek to zapis koncert\u00f3w filharmonicznych (m.in. w\u0142a\u015bnie interpretacje Chopina), jakie mia\u0142y miejsce w Kijowie i Lwowie, wydany nak\u0142adem krakowskiej oficyny Gowi pt. \"Solo In Ukraine 2000-2001\". Jeszcze w tym samym roku ukaza\u0142 si\u0119 album \"Pub700\", zawieraj\u0105cy muzyk\u0119 z Trans-opery \"Sen Nocy Letniej\".\nNagrywa\u0142 p\u0142yty z prawie wszystkimi naszymi najwybitniejszymi muzykami jazzowymi: Tomaszem Sta\u0144k\u0105 (\"Po\u017cegnanie z Mari\u0105\"), Januszem Muniakiem (\"One And Four\"), Micha\u0142em Urbaniakiem (\"Live In Holy City\"), Piotrem Wojtasikiem (\"Lonely City\", \"Quest\" - z Billym Harperem i \"Hope\" - z Dave'em Liebmanem), Adamem Piero\u0144czykiem (\"Live In Sofia\" i \"19-9-1999\"), Henrykiem Mi\u015bkiewiczem (\"Ja nie chc\u0119 spa\u0107\"), Ann\u0105 Mari\u0105 Jopek (m.in. \"Bosa\", \"Barefoot\", \"Upojenie\", \"Farat\", \u201eID\"). Leszek Mo\u017cd\u017cer wyst\u0119powa\u0142 w prawie wszystkich krajach europejskich, a tak\u017ce w USA, Kanadzie, Brazylii, Urugwaju i Argentynie, Chile (dla 15 000 widz\u00f3w).Od lat wsp\u00f3\u0142pracuje z kompozytorami muzyki filmowej - Zbigniewem Preisnerem (m.in. \"Requiem dla mojego przyjaciela\", \"10 \u0142atwych utwor\u00f3w na fortepian\") i mieszkaj\u0105cym w Los Angeles Janem Kaczmarkiem (nagrania dla wytw\u00f3rni 20th Century Fox oraz Mira Max) - w\u0142\u0105cznie z nagraniem nagrodzonej Oscarem muzyki do \u2018Finding Neverland'. Napisa\u0142 muzyk\u0119 do filmu dokumentalnego w re\u017cyserii Sylwestra Latkowskiego \"PUB 700\", kt\u00f3rego sam jest bohaterem, a tak\u017ce do filmu \"Nienasycenie\" wg Witkacego w re\u017cyserii Wiktora Grodeckiego. Na uwag\u0119 zas\u0142uguj\u0105 jego realizacje teatralne: \"Hair - Love, rock musical\" (Teatr Muzyczny w Gdyni), \"Tango z Lady M.\" (Polski Teatr Ta\u0144ca w Poznaniu), \"Psychosis 4.48\" - Sary Kane, w re\u017cyserii Grzegorza Jarzyny (sztuka wystawiana w Dusseldorfie) i \"Rewizor\" Gogola (Teatr Dramatyczny w Warszawie). Jest autorem muzyki do spektaklu \"Mandarynki i pomara\u0144cze\" do wierszy Tuwima (Operetka Wroc\u0142awska), trans-opery \"Sen nocy letniej\" wg Szekspira, wystawianej w Teatrze Muzycznym w Gdyni oraz musicalu \"Scat\" (Teatr Capitol we Wroc\u0142awiu) w re\u017c. Wojtka Ko\u015bcielniaka. W  kwietniu 2007 skomponowa\u0142 muzyk\u0119 do spektaklu \u2018\u015aluby Panie\u0144skie' w re\u017c. Jana Englerta w Teatrze Narodowym. W pa\u017adzierniku 2007 odby\u0142a si\u0119 premiera spektaklu \u2018Operetka' w re\u017c. Micha\u0142\u0105 Zadary ( Teatr Muzyczny Capitol we Wroc\u0142awiu), z muzyk\u0105 Leszka Mo\u017cd\u017cera\nInteresuj\u0105ca jest r\u00f3wnie\u017c jego autonomiczna tw\u00f3rczo\u015b\u0107 pozajazzowa - napisa\u0142 \"Psalmy Dawidowe\" na ch\u00f3r i kwartet jazzowy, wyst\u0119powa\u0142 z wiolonczelist\u0105 Adamem Klockiem (wykonuj\u0105c wsp\u00f3lnie z nim zar\u00f3wno sonaty Bacha, jak i tematy jazzowe), a tak\u017ce z Orkiestr\u0105 Aukso Marka Mosia (\"Siedem miniatur na fortepian improwizowany i smyczki\"). Jest uczestnikiem specjalnego projektu Ola Walickiego Metalla Pretiosa. Na zaproszenie Pata Metheny gra\u0142 z mi\u0119dzynarodow\u0105 orkiestr\u0105 Jazz Baltica na festiwalu w Salzau (Niemcy). We wrze\u015bniu 2004 Leszek Mo\u017cd\u017cer wyst\u0105pi\u0142 z Adamem Makowiczem na koncertach w Carnegie Hall w Nowym Jorku. Wydarzenie to nazwane zosta\u0142o kulminacyjnym momentem polskiej pianistyki jazzowej. Jego koncert na dwa fortepiany z Adamem Makowiczem w Carnegie Hall ukaza\u0142 si\u0119 na p\u0142ycie i obok wydanego w czerwcu 2004 albumu solowego PIANO uzyska\u0142 status podw\u00f3jnie platynowej p\u0142yty. Rok 2004 to jeszcze album PUB700 i kr\u0105\u017cek z zapisem DVD koncertu pianisty PIANO LIVE. Posypa\u0142y si\u0119 te\u017c nagrody. Najwa\u017cniejsze z nich to PASZPORT POLITYKI, Dolno\u015bl\u0105ski Brylant Roku i Nagroda Kulturalna Prezydenta Miasta Gda\u0144ska.\nW roku  2005 Leszek Mo\u017cd\u017cer nagra\u0142 autorski album \u2018The Time', w trio ze szwedzkim kontrabasist\u0105 i wiolonczelist\u0105 Larsem Danielssonem i wirtuozem instrument\u00f3w perkusyjnych - Zoharem Fresco z Izraela. P\u0142yta, kt\u00f3rej premiera odby\u0142a si\u0119 pod koniec wrze\u015bnia ju\u017c na pocz\u0105tku grudnia osi\u0105gn\u0119\u0142a status Podw\u00f3jnej Platynowej P\u0142yty.\nNa pocz\u0105tku 2006 roku, Leszek na zaproszenie Jan A.P. Kaczmarka uda\u0142 si\u0119 do Stan\u00f3w Zjednoczonych, gdzie wzi\u0105\u0142 udzia\u0142 w koncercie inauguruj\u0105cym dzia\u0142alno\u015b\u0107 Polskiego Instytutu Sztuki Filmowej.\nW lutym 2006 kapitu\u0142a Fundacji Kultury odznaczy\u0142a Leszka Mo\u017cd\u017cera wraz z Jerzym Jarockim Wielk\u0105 Nagrod\u0105 Fundacji Kultury, odznaczenie to przyznawane jest osobom, kt\u00f3rych dokonania artystyczne mia\u0142y szczeg\u00f3lny wp\u0142yw na polsk\u0105 kultur\u0119.  W pa\u017adzierniku podczas uroczystej inauguracji roku akademickiego 2006\/2007 na Akademii Ekonomicznej w Krakowie, Leszek Mo\u017cd\u017cer zosta\u0142 uhonorowany nagrod\u0105 \u201eZ\u0142ota Batuta za Zas\u0142ugi dla Kultury Polskiej\".\n\u201eZ\u0142ota Batuta\" to wyr\u00f3\u017cnienie przyznawane od 2000 roku wsp\u00f3lnie przez Ministra Kultury i Dziedzictwa Narodowego, Akademi\u0119 Ekonomiczn\u0105 w Krakowie oraz Stowarzyszenie Kultury Akademickiej \u201eInstytut Sztuki\". W 2007 Leszek Mo\u017cd\u017cer zostaje wyr\u00f3\u017cniony nagrod\u0105 Ministerstwa Spraw Zagranicznych za promocj\u0119 Kultury Polskiej w \u015bwiecie.\nW listopadzie 2006 ukaza\u0142a si\u0119 druga p\u0142yta Leszka Mo\u017cd\u017cera w trio z Larsem Danielssonem i Zoharem Fresco \u2018 Between us and the light'. Do\u015b\u0107 doda\u0107, i\u017c druga p\u0142yta trio w dwa tygodnie od premiery uzyska\u0142a status Podw\u00f3jnej Platyny.\nKwiecie\u0144 2007 to mi\u0119dzynarodowa premiera p\u0142yty PASODOBLE nagranej w duecie z Larsem Danielssonem dla niemieckiej wytw\u00f3rni ACT oraz premiera albumu Przemka Dyakowskiego MELISA, kt\u00f3rego Leszek jest producentem, autorem kilku kompozycji jak r\u00f3wnie\u017c wykonawc\u0105 kilku partii fortepianowych. Album MELISA otrzyma\u0142 status Z\u0142otej P\u0142yty.\nListopad 2007 to premiera kolekcjonerskiego wydania p\u0142yty LIVE z zapisem dw\u00f3ch wspania\u0142ych koncert\u00f3w trio Leszka Mo\u017cd\u017cera zrealizowanych podczas trasy koncertowej promuj\u0105cej p\u0142yt\u0119 Between Us And The Light(2006)  oraz The Time (2005)."},{"@type":"ImageObject","inLanguage":"pl-PL","@id":"https:\/\/instytutpolski.pl\/kyiv\/pl\/2008\/11\/16\/koncert-leszka-mozdzera-improwizacje-chopinowskie\/#primaryimage","url":"http:\/\/polinst.kiev.ua\/images\/mozdzer_400.jpg","contentUrl":"http:\/\/polinst.kiev.ua\/images\/mozdzer_400.jpg"},{"@type":"BreadcrumbList","@id":"https:\/\/instytutpolski.pl\/kyiv\/pl\/2008\/11\/16\/koncert-leszka-mozdzera-improwizacje-chopinowskie\/#breadcrumb","itemListElement":[{"@type":"ListItem","position":1,"name":"Home","item":"https:\/\/instytutpolski.pl\/kyiv\/"},{"@type":"ListItem","position":2,"name":"\u00a0Koncert Leszka Mo\u017cd\u017cera &#8220;Improwizacje Chopinowskie&#8221;"}]},{"@type":"WebSite","@id":"https:\/\/instytutpolski.pl\/kyiv\/#website","url":"https:\/\/instytutpolski.pl\/kyiv\/","name":"Instytut Polski w Kijowie","description":"Instytuty Polskie","potentialAction":[{"@type":"SearchAction","target":{"@type":"EntryPoint","urlTemplate":"https:\/\/instytutpolski.pl\/kyiv\/?s={search_term_string}"},"query-input":{"@type":"PropertyValueSpecification","valueRequired":true,"valueName":"search_term_string"}}],"inLanguage":"pl-PL"},{"@type":"Person","@id":"https:\/\/instytutpolski.pl\/kyiv\/#\/schema\/person\/f7fff8f498c6e1e8a6ecb7996fbf4d74","name":"romanenkoj","image":{"@type":"ImageObject","inLanguage":"pl-PL","@id":"https:\/\/instytutpolski.pl\/kyiv\/#\/schema\/person\/image\/","url":"https:\/\/secure.gravatar.com\/avatar\/4482ff5ea3b988e63e7a3f80c436396b?s=96&d=mm&r=g","contentUrl":"https:\/\/secure.gravatar.com\/avatar\/4482ff5ea3b988e63e7a3f80c436396b?s=96&d=mm&r=g","caption":"romanenkoj"},"sameAs":["stakhivskaj"],"url":"https:\/\/instytutpolski.pl\/kyiv\/author\/romanenkoj\/"}]}},"_links":{"self":[{"href":"https:\/\/instytutpolski.pl\/kyiv\/wp-json\/wp\/v2\/posts\/11029","targetHints":{"allow":["GET"]}}],"collection":[{"href":"https:\/\/instytutpolski.pl\/kyiv\/wp-json\/wp\/v2\/posts"}],"about":[{"href":"https:\/\/instytutpolski.pl\/kyiv\/wp-json\/wp\/v2\/types\/post"}],"author":[{"embeddable":true,"href":"https:\/\/instytutpolski.pl\/kyiv\/wp-json\/wp\/v2\/users\/160"}],"replies":[{"embeddable":true,"href":"https:\/\/instytutpolski.pl\/kyiv\/wp-json\/wp\/v2\/comments?post=11029"}],"version-history":[{"count":1,"href":"https:\/\/instytutpolski.pl\/kyiv\/wp-json\/wp\/v2\/posts\/11029\/revisions"}],"predecessor-version":[{"id":11030,"href":"https:\/\/instytutpolski.pl\/kyiv\/wp-json\/wp\/v2\/posts\/11029\/revisions\/11030"}],"wp:attachment":[{"href":"https:\/\/instytutpolski.pl\/kyiv\/wp-json\/wp\/v2\/media?parent=11029"}],"wp:term":[{"taxonomy":"category","embeddable":true,"href":"https:\/\/instytutpolski.pl\/kyiv\/wp-json\/wp\/v2\/categories?post=11029"},{"taxonomy":"post_tag","embeddable":true,"href":"https:\/\/instytutpolski.pl\/kyiv\/wp-json\/wp\/v2\/tags?post=11029"}],"curies":[{"name":"wp","href":"https:\/\/api.w.org\/{rel}","templated":true}]}}