{"id":1354,"date":"2019-09-29T10:12:04","date_gmt":"2019-09-29T08:12:04","guid":{"rendered":"https:\/\/instytutpolski.pl\/kyiv\/?p=1354"},"modified":"2020-05-29T00:10:27","modified_gmt":"2020-05-28T22:10:27","slug":"projekt-muzyka-swiata-filmowego-krzysztofa-zanussiego-w-ramach-xxx-miedzynarodowego-festiwalu-kyivmusicfest-2019","status":"publish","type":"post","link":"https:\/\/instytutpolski.pl\/kyiv\/pl\/2019\/09\/29\/projekt-muzyka-swiata-filmowego-krzysztofa-zanussiego-w-ramach-xxx-miedzynarodowego-festiwalu-kyivmusicfest-2019\/","title":{"rendered":"KyivMusicFest 2019"},"content":{"rendered":"<p>Celem projektu jest prezentacja dorobku filmowego Krzysztofa Zanussiego i muzycznego Wojciecha Kilara oraz dyskusja na temat muzyki filmowej. W ramach koncertu, kt\u00f3ry odb\u0119dzie si\u0119 w ramach festiwalu muzycznego KyivMusicFest, zostan\u0105 pokazane fragmenty film\u00f3w Krzysztofa Zanussiego, a Orkiestra Ukrai\u0144skiego Radia na \u017cywo wykona muzyk\u0119 Wojciecha Kilara, kt\u00f3ra zosta\u0142a skomponowana do tych film\u00f3w.<\/p>\n<p>Po zako\u0144czeniu koncertu b\u0119dzie mia\u0142a miejsce dyskusja z udzia\u0142em Krzysztofa Zanussiego po\u015bwi\u0119cona muzyce filmowej.<\/p>\n<p><a href=\"https:\/\/www.facebook.com\/events\/2497149967173424\/?active_tab=about\" target=\"_blank\" rel=\"noopener noreferrer\">Wydarzenie na fb&gt;&gt;<\/a><\/p>\n","protected":false},"excerpt":{"rendered":"<p>Celem projektu jest prezentacja dorobku filmowego Krzysztofa Zanussiego i muzycznego Wojciecha Kilara oraz dyskusja na temat muzyki filmowej. W ramach koncertu, kt\u00f3ry odb\u0119dzie si\u0119 w ramach festiwalu muzycznego KyivMusicFest, zostan\u0105 pokazane fragmenty film\u00f3w Krzysztofa Zanussiego, a Orkiestra Ukrai\u0144skiego Radia na \u017cywo wykona muzyk\u0119 Wojciecha Kilara, kt\u00f3ra zosta\u0142a skomponowana do tych film\u00f3w. Po zako\u0144czeniu koncertu b\u0119dzie [&hellip;]<\/p>\n","protected":false},"author":134,"featured_media":1350,"comment_status":"open","ping_status":"open","sticky":false,"template":"","format":"standard","meta":{"inline_featured_image":false,"_monsterinsights_skip_tracking":false,"_monsterinsights_sitenote_active":false,"_monsterinsights_sitenote_note":"","_monsterinsights_sitenote_category":0,"footnotes":""},"categories":[263,65,75],"tags":[],"class_list":["post-1354","post","type-post","status-publish","format-standard","has-post-thumbnail","hentry","category-film","category-muzyka-pl","category-wydarzenia"],"yoast_head":"<!-- This site is optimized with the Yoast SEO plugin v24.6 - https:\/\/yoast.com\/wordpress\/plugins\/seo\/ -->\n<title>KyivMusicFest 2019 - Instytut Polski w Kijowie<\/title>\n<meta name=\"robots\" content=\"index, follow, max-snippet:-1, max-image-preview:large, max-video-preview:-1\" \/>\n<link rel=\"canonical\" href=\"https:\/\/instytutpolski.pl\/kyiv\/pl\/2019\/09\/29\/projekt-muzyka-swiata-filmowego-krzysztofa-zanussiego-w-ramach-xxx-miedzynarodowego-festiwalu-kyivmusicfest-2019\/\" \/>\n<meta property=\"og:locale\" content=\"pl_PL\" \/>\n<meta property=\"og:type\" content=\"article\" \/>\n<meta property=\"og:title\" content=\"KyivMusicFest 2019 - Instytut Polski w Kijowie\" \/>\n<meta property=\"og:description\" content=\"Celem projektu jest prezentacja dorobku filmowego Krzysztofa Zanussiego i muzycznego Wojciecha Kilara oraz dyskusja na temat muzyki filmowej. W ramach koncertu, kt\u00f3ry odb\u0119dzie si\u0119 w ramach festiwalu muzycznego KyivMusicFest, zostan\u0105 pokazane fragmenty film\u00f3w Krzysztofa Zanussiego, a Orkiestra Ukrai\u0144skiego Radia na \u017cywo wykona muzyk\u0119 Wojciecha Kilara, kt\u00f3ra zosta\u0142a skomponowana do tych film\u00f3w. Po zako\u0144czeniu koncertu b\u0119dzie [&hellip;]\" \/>\n<meta property=\"og:url\" content=\"https:\/\/instytutpolski.pl\/kyiv\/pl\/2019\/09\/29\/projekt-muzyka-swiata-filmowego-krzysztofa-zanussiego-w-ramach-xxx-miedzynarodowego-festiwalu-kyivmusicfest-2019\/\" \/>\n<meta property=\"og:site_name\" content=\"Instytut Polski w Kijowie\" \/>\n<meta property=\"article:published_time\" content=\"2019-09-29T08:12:04+00:00\" \/>\n<meta property=\"article:modified_time\" content=\"2020-05-28T22:10:27+00:00\" \/>\n<meta property=\"og:image\" content=\"https:\/\/instytutpolski.pl\/kyiv\/wp-content\/uploads\/sites\/19\/2020\/01\/afisz_Zanussi-scaled.jpg\" \/>\n\t<meta property=\"og:image:width\" content=\"1810\" \/>\n\t<meta property=\"og:image:height\" content=\"2560\" \/>\n\t<meta property=\"og:image:type\" content=\"image\/jpeg\" \/>\n<meta name=\"author\" content=\"stakhivskaj\" \/>\n<meta name=\"twitter:card\" content=\"summary_large_image\" \/>\n<meta name=\"twitter:label1\" content=\"Napisane przez\" \/>\n\t<meta name=\"twitter:data1\" content=\"stakhivskaj\" \/>\n<script type=\"application\/ld+json\" class=\"yoast-schema-graph\">{\"@context\":\"https:\/\/schema.org\",\"@graph\":[{\"@type\":\"event\",\"@id\":\"https:\/\/instytutpolski.pl\/kyiv\/pl\/2019\/09\/29\/projekt-muzyka-swiata-filmowego-krzysztofa-zanussiego-w-ramach-xxx-miedzynarodowego-festiwalu-kyivmusicfest-2019\/\",\"url\":\"https:\/\/instytutpolski.pl\/kyiv\/pl\/2019\/09\/29\/projekt-muzyka-swiata-filmowego-krzysztofa-zanussiego-w-ramach-xxx-miedzynarodowego-festiwalu-kyivmusicfest-2019\/\",\"name\":\"KyivMusicFest 2019\",\"isPartOf\":{\"@id\":\"https:\/\/instytutpolski.pl\/kyiv\/#website\"},\"primaryImageOfPage\":{\"@id\":\"https:\/\/instytutpolski.pl\/kyiv\/pl\/2019\/09\/29\/projekt-muzyka-swiata-filmowego-krzysztofa-zanussiego-w-ramach-xxx-miedzynarodowego-festiwalu-kyivmusicfest-2019\/#primaryimage\"},\"image\":[\"https:\/\/instytutpolski.pl\/kyiv\/wp-content\/uploads\/sites\/19\/2020\/01\/afisz_Zanussi-scaled.jpg\",\"https:\/\/instytutpolski.pl\/kyiv\/wp-content\/uploads\/sites\/19\/2020\/01\/afisz_Zanussi-212x300.jpg\",\"https:\/\/instytutpolski.pl\/kyiv\/wp-content\/uploads\/sites\/19\/2020\/01\/afisz_Zanussi-724x1024.jpg\",\"https:\/\/instytutpolski.pl\/kyiv\/wp-content\/uploads\/sites\/19\/2020\/01\/afisz_Zanussi-scaled.jpg\"],\"thumbnailUrl\":\"https:\/\/instytutpolski.pl\/kyiv\/wp-content\/uploads\/sites\/19\/2020\/01\/afisz_Zanussi-scaled.jpg\",\"datePublished\":\"2019-09-29T08:12:04+02:00\",\"dateModified\":\"2020-05-28T22:10:27+02:00\",\"author\":{\"@id\":\"https:\/\/instytutpolski.pl\/kyiv\/#\/schema\/person\/d866a3625e2372765831e1399715ed52\"},\"breadcrumb\":{\"@id\":\"https:\/\/instytutpolski.pl\/kyiv\/pl\/2019\/09\/29\/projekt-muzyka-swiata-filmowego-krzysztofa-zanussiego-w-ramach-xxx-miedzynarodowego-festiwalu-kyivmusicfest-2019\/#breadcrumb\"},\"inLanguage\":\"pl-PL\",\"potentialAction\":[{\"@type\":\"ReadAction\",\"target\":[\"https:\/\/instytutpolski.pl\/kyiv\/pl\/2019\/09\/29\/projekt-muzyka-swiata-filmowego-krzysztofa-zanussiego-w-ramach-xxx-miedzynarodowego-festiwalu-kyivmusicfest-2019\/\"]}],\"@context\":\"https:\/\/schema.org\",\"startDate\":\"2019-09-29\",\"endDate\":\"2019-09-29\",\"eventStatus\":\"EventScheduled\",\"eventAttendanceMode\":\"OfflineEventAttendanceMode\",\"location\":{\"@type\":\"place\",\"name\":\"Kij\u00f3w | Studio Koncertowe Ukrai\u0144skiego Radia | ul. Leonida Perwomajskiego 5B | Pocz\u0105tek koncertu o godz.18:00 | Wst\u0119p wolny\",\"address\":\"Kij\u00f3w | Studio Koncertowe Ukrai\u0144skiego Radia | ul. Leonida Perwomajskiego 5B | Pocz\u0105tek koncertu o godz.18:00 | Wst\u0119p wolny\",\"geo\":{\"@type\":\"GeoCoordinates\",\"latitude\":\"50.4536416\",\"longitude\":\"30.5227418\"}},\"description\":\"Celem projektu jest prezentacja dorobku filmowego Krzysztofa Zanussiego i muzycznego Wojciecha Kilara oraz dyskusja na temat muzyki filmowej. W ramach koncertu, kt\u00f3ry odb\u0119dzie si\u0119 w ramach festiwalu muzycznego KyivMusicFest, zostan\u0105 pokazane fragmenty film\u00f3w Krzysztofa Zanussiego, a Orkiestra Ukrai\u0144skiego Radia na \u017cywo wykona muzyk\u0119 Wojciecha Kilara, kt\u00f3ra zosta\u0142a skomponowana do tych film\u00f3w.\\nPo zako\u0144czeniu koncertu b\u0119dzie mia\u0142a miejsce dyskusja z udzia\u0142em Krzysztofa Zanussiego po\u015bwi\u0119cona muzyce filmowej.\\nWydarzenie na fb&gt;&gt;\"},{\"@type\":\"ImageObject\",\"inLanguage\":\"pl-PL\",\"@id\":\"https:\/\/instytutpolski.pl\/kyiv\/pl\/2019\/09\/29\/projekt-muzyka-swiata-filmowego-krzysztofa-zanussiego-w-ramach-xxx-miedzynarodowego-festiwalu-kyivmusicfest-2019\/#primaryimage\",\"url\":\"https:\/\/instytutpolski.pl\/kyiv\/wp-content\/uploads\/sites\/19\/2020\/01\/afisz_Zanussi-scaled.jpg\",\"contentUrl\":\"https:\/\/instytutpolski.pl\/kyiv\/wp-content\/uploads\/sites\/19\/2020\/01\/afisz_Zanussi-scaled.jpg\",\"width\":1810,\"height\":2560},{\"@type\":\"BreadcrumbList\",\"@id\":\"https:\/\/instytutpolski.pl\/kyiv\/pl\/2019\/09\/29\/projekt-muzyka-swiata-filmowego-krzysztofa-zanussiego-w-ramach-xxx-miedzynarodowego-festiwalu-kyivmusicfest-2019\/#breadcrumb\",\"itemListElement\":[{\"@type\":\"ListItem\",\"position\":1,\"name\":\"Home\",\"item\":\"https:\/\/instytutpolski.pl\/kyiv\/\"},{\"@type\":\"ListItem\",\"position\":2,\"name\":\"KyivMusicFest 2019\"}]},{\"@type\":\"WebSite\",\"@id\":\"https:\/\/instytutpolski.pl\/kyiv\/#website\",\"url\":\"https:\/\/instytutpolski.pl\/kyiv\/\",\"name\":\"Instytut Polski w Kijowie\",\"description\":\"Instytuty Polskie\",\"potentialAction\":[{\"@type\":\"SearchAction\",\"target\":{\"@type\":\"EntryPoint\",\"urlTemplate\":\"https:\/\/instytutpolski.pl\/kyiv\/?s={search_term_string}\"},\"query-input\":{\"@type\":\"PropertyValueSpecification\",\"valueRequired\":true,\"valueName\":\"search_term_string\"}}],\"inLanguage\":\"pl-PL\"},{\"@type\":\"Person\",\"@id\":\"https:\/\/instytutpolski.pl\/kyiv\/#\/schema\/person\/d866a3625e2372765831e1399715ed52\",\"name\":\"stakhivskaj\",\"image\":{\"@type\":\"ImageObject\",\"inLanguage\":\"pl-PL\",\"@id\":\"https:\/\/instytutpolski.pl\/kyiv\/#\/schema\/person\/image\/\",\"url\":\"https:\/\/secure.gravatar.com\/avatar\/ecf64eaf0b1c478b2d56e921c6cb89ba?s=96&d=mm&r=g\",\"contentUrl\":\"https:\/\/secure.gravatar.com\/avatar\/ecf64eaf0b1c478b2d56e921c6cb89ba?s=96&d=mm&r=g\",\"caption\":\"stakhivskaj\"},\"sameAs\":[\"stakhivskaj\"],\"url\":\"https:\/\/instytutpolski.pl\/kyiv\/author\/stakhivskaj\/\"}]}<\/script>\n<!-- \/ Yoast SEO plugin. -->","yoast_head_json":{"title":"KyivMusicFest 2019 - Instytut Polski w Kijowie","robots":{"index":"index","follow":"follow","max-snippet":"max-snippet:-1","max-image-preview":"max-image-preview:large","max-video-preview":"max-video-preview:-1"},"canonical":"https:\/\/instytutpolski.pl\/kyiv\/pl\/2019\/09\/29\/projekt-muzyka-swiata-filmowego-krzysztofa-zanussiego-w-ramach-xxx-miedzynarodowego-festiwalu-kyivmusicfest-2019\/","og_locale":"pl_PL","og_type":"article","og_title":"KyivMusicFest 2019 - Instytut Polski w Kijowie","og_description":"Celem projektu jest prezentacja dorobku filmowego Krzysztofa Zanussiego i muzycznego Wojciecha Kilara oraz dyskusja na temat muzyki filmowej. W ramach koncertu, kt\u00f3ry odb\u0119dzie si\u0119 w ramach festiwalu muzycznego KyivMusicFest, zostan\u0105 pokazane fragmenty film\u00f3w Krzysztofa Zanussiego, a Orkiestra Ukrai\u0144skiego Radia na \u017cywo wykona muzyk\u0119 Wojciecha Kilara, kt\u00f3ra zosta\u0142a skomponowana do tych film\u00f3w. Po zako\u0144czeniu koncertu b\u0119dzie [&hellip;]","og_url":"https:\/\/instytutpolski.pl\/kyiv\/pl\/2019\/09\/29\/projekt-muzyka-swiata-filmowego-krzysztofa-zanussiego-w-ramach-xxx-miedzynarodowego-festiwalu-kyivmusicfest-2019\/","og_site_name":"Instytut Polski w Kijowie","article_published_time":"2019-09-29T08:12:04+00:00","article_modified_time":"2020-05-28T22:10:27+00:00","og_image":[{"width":1810,"height":2560,"url":"https:\/\/instytutpolski.pl\/kyiv\/wp-content\/uploads\/sites\/19\/2020\/01\/afisz_Zanussi-scaled.jpg","type":"image\/jpeg"}],"author":"stakhivskaj","twitter_card":"summary_large_image","twitter_misc":{"Napisane przez":"stakhivskaj"},"schema":{"@context":"https:\/\/schema.org","@graph":[{"@type":"event","@id":"https:\/\/instytutpolski.pl\/kyiv\/pl\/2019\/09\/29\/projekt-muzyka-swiata-filmowego-krzysztofa-zanussiego-w-ramach-xxx-miedzynarodowego-festiwalu-kyivmusicfest-2019\/","url":"https:\/\/instytutpolski.pl\/kyiv\/pl\/2019\/09\/29\/projekt-muzyka-swiata-filmowego-krzysztofa-zanussiego-w-ramach-xxx-miedzynarodowego-festiwalu-kyivmusicfest-2019\/","name":"KyivMusicFest 2019","isPartOf":{"@id":"https:\/\/instytutpolski.pl\/kyiv\/#website"},"primaryImageOfPage":{"@id":"https:\/\/instytutpolski.pl\/kyiv\/pl\/2019\/09\/29\/projekt-muzyka-swiata-filmowego-krzysztofa-zanussiego-w-ramach-xxx-miedzynarodowego-festiwalu-kyivmusicfest-2019\/#primaryimage"},"image":["https:\/\/instytutpolski.pl\/kyiv\/wp-content\/uploads\/sites\/19\/2020\/01\/afisz_Zanussi-scaled.jpg","https:\/\/instytutpolski.pl\/kyiv\/wp-content\/uploads\/sites\/19\/2020\/01\/afisz_Zanussi-212x300.jpg","https:\/\/instytutpolski.pl\/kyiv\/wp-content\/uploads\/sites\/19\/2020\/01\/afisz_Zanussi-724x1024.jpg","https:\/\/instytutpolski.pl\/kyiv\/wp-content\/uploads\/sites\/19\/2020\/01\/afisz_Zanussi-scaled.jpg"],"thumbnailUrl":"https:\/\/instytutpolski.pl\/kyiv\/wp-content\/uploads\/sites\/19\/2020\/01\/afisz_Zanussi-scaled.jpg","datePublished":"2019-09-29T08:12:04+02:00","dateModified":"2020-05-28T22:10:27+02:00","author":{"@id":"https:\/\/instytutpolski.pl\/kyiv\/#\/schema\/person\/d866a3625e2372765831e1399715ed52"},"breadcrumb":{"@id":"https:\/\/instytutpolski.pl\/kyiv\/pl\/2019\/09\/29\/projekt-muzyka-swiata-filmowego-krzysztofa-zanussiego-w-ramach-xxx-miedzynarodowego-festiwalu-kyivmusicfest-2019\/#breadcrumb"},"inLanguage":"pl-PL","potentialAction":[{"@type":"ReadAction","target":["https:\/\/instytutpolski.pl\/kyiv\/pl\/2019\/09\/29\/projekt-muzyka-swiata-filmowego-krzysztofa-zanussiego-w-ramach-xxx-miedzynarodowego-festiwalu-kyivmusicfest-2019\/"]}],"@context":"https:\/\/schema.org","startDate":"2019-09-29","endDate":"2019-09-29","eventStatus":"EventScheduled","eventAttendanceMode":"OfflineEventAttendanceMode","location":{"@type":"place","name":"Kij\u00f3w | Studio Koncertowe Ukrai\u0144skiego Radia | ul. Leonida Perwomajskiego 5B | Pocz\u0105tek koncertu o godz.18:00 | Wst\u0119p wolny","address":"Kij\u00f3w | Studio Koncertowe Ukrai\u0144skiego Radia | ul. Leonida Perwomajskiego 5B | Pocz\u0105tek koncertu o godz.18:00 | Wst\u0119p wolny","geo":{"@type":"GeoCoordinates","latitude":"50.4536416","longitude":"30.5227418"}},"description":"Celem projektu jest prezentacja dorobku filmowego Krzysztofa Zanussiego i muzycznego Wojciecha Kilara oraz dyskusja na temat muzyki filmowej. W ramach koncertu, kt\u00f3ry odb\u0119dzie si\u0119 w ramach festiwalu muzycznego KyivMusicFest, zostan\u0105 pokazane fragmenty film\u00f3w Krzysztofa Zanussiego, a Orkiestra Ukrai\u0144skiego Radia na \u017cywo wykona muzyk\u0119 Wojciecha Kilara, kt\u00f3ra zosta\u0142a skomponowana do tych film\u00f3w.\nPo zako\u0144czeniu koncertu b\u0119dzie mia\u0142a miejsce dyskusja z udzia\u0142em Krzysztofa Zanussiego po\u015bwi\u0119cona muzyce filmowej.\nWydarzenie na fb&gt;&gt;"},{"@type":"ImageObject","inLanguage":"pl-PL","@id":"https:\/\/instytutpolski.pl\/kyiv\/pl\/2019\/09\/29\/projekt-muzyka-swiata-filmowego-krzysztofa-zanussiego-w-ramach-xxx-miedzynarodowego-festiwalu-kyivmusicfest-2019\/#primaryimage","url":"https:\/\/instytutpolski.pl\/kyiv\/wp-content\/uploads\/sites\/19\/2020\/01\/afisz_Zanussi-scaled.jpg","contentUrl":"https:\/\/instytutpolski.pl\/kyiv\/wp-content\/uploads\/sites\/19\/2020\/01\/afisz_Zanussi-scaled.jpg","width":1810,"height":2560},{"@type":"BreadcrumbList","@id":"https:\/\/instytutpolski.pl\/kyiv\/pl\/2019\/09\/29\/projekt-muzyka-swiata-filmowego-krzysztofa-zanussiego-w-ramach-xxx-miedzynarodowego-festiwalu-kyivmusicfest-2019\/#breadcrumb","itemListElement":[{"@type":"ListItem","position":1,"name":"Home","item":"https:\/\/instytutpolski.pl\/kyiv\/"},{"@type":"ListItem","position":2,"name":"KyivMusicFest 2019"}]},{"@type":"WebSite","@id":"https:\/\/instytutpolski.pl\/kyiv\/#website","url":"https:\/\/instytutpolski.pl\/kyiv\/","name":"Instytut Polski w Kijowie","description":"Instytuty Polskie","potentialAction":[{"@type":"SearchAction","target":{"@type":"EntryPoint","urlTemplate":"https:\/\/instytutpolski.pl\/kyiv\/?s={search_term_string}"},"query-input":{"@type":"PropertyValueSpecification","valueRequired":true,"valueName":"search_term_string"}}],"inLanguage":"pl-PL"},{"@type":"Person","@id":"https:\/\/instytutpolski.pl\/kyiv\/#\/schema\/person\/d866a3625e2372765831e1399715ed52","name":"stakhivskaj","image":{"@type":"ImageObject","inLanguage":"pl-PL","@id":"https:\/\/instytutpolski.pl\/kyiv\/#\/schema\/person\/image\/","url":"https:\/\/secure.gravatar.com\/avatar\/ecf64eaf0b1c478b2d56e921c6cb89ba?s=96&d=mm&r=g","contentUrl":"https:\/\/secure.gravatar.com\/avatar\/ecf64eaf0b1c478b2d56e921c6cb89ba?s=96&d=mm&r=g","caption":"stakhivskaj"},"sameAs":["stakhivskaj"],"url":"https:\/\/instytutpolski.pl\/kyiv\/author\/stakhivskaj\/"}]}},"_links":{"self":[{"href":"https:\/\/instytutpolski.pl\/kyiv\/wp-json\/wp\/v2\/posts\/1354","targetHints":{"allow":["GET"]}}],"collection":[{"href":"https:\/\/instytutpolski.pl\/kyiv\/wp-json\/wp\/v2\/posts"}],"about":[{"href":"https:\/\/instytutpolski.pl\/kyiv\/wp-json\/wp\/v2\/types\/post"}],"author":[{"embeddable":true,"href":"https:\/\/instytutpolski.pl\/kyiv\/wp-json\/wp\/v2\/users\/134"}],"replies":[{"embeddable":true,"href":"https:\/\/instytutpolski.pl\/kyiv\/wp-json\/wp\/v2\/comments?post=1354"}],"version-history":[{"count":3,"href":"https:\/\/instytutpolski.pl\/kyiv\/wp-json\/wp\/v2\/posts\/1354\/revisions"}],"predecessor-version":[{"id":2666,"href":"https:\/\/instytutpolski.pl\/kyiv\/wp-json\/wp\/v2\/posts\/1354\/revisions\/2666"}],"wp:featuredmedia":[{"embeddable":true,"href":"https:\/\/instytutpolski.pl\/kyiv\/wp-json\/wp\/v2\/media\/1350"}],"wp:attachment":[{"href":"https:\/\/instytutpolski.pl\/kyiv\/wp-json\/wp\/v2\/media?parent=1354"}],"wp:term":[{"taxonomy":"category","embeddable":true,"href":"https:\/\/instytutpolski.pl\/kyiv\/wp-json\/wp\/v2\/categories?post=1354"},{"taxonomy":"post_tag","embeddable":true,"href":"https:\/\/instytutpolski.pl\/kyiv\/wp-json\/wp\/v2\/tags?post=1354"}],"curies":[{"name":"wp","href":"https:\/\/api.w.org\/{rel}","templated":true}]}}