{"id":15394,"date":"2024-10-28T12:09:35","date_gmt":"2024-10-28T11:09:35","guid":{"rendered":"https:\/\/instytutpolski.pl\/kyiv\/?p=15394"},"modified":"2024-11-08T15:39:17","modified_gmt":"2024-11-08T14:39:17","slug":"xiii-miedzynarodowy-festiwal-odkrywamy-paderewskiego","status":"publish","type":"post","link":"https:\/\/instytutpolski.pl\/kyiv\/pl\/2024\/10\/28\/xiii-miedzynarodowy-festiwal-odkrywamy-paderewskiego\/","title":{"rendered":"XIII Mi\u0119dzynarodowy Festiwal \u201eOdkrywamy Paderewskiego\u201d"},"content":{"rendered":"\n<p>XIII Edycj\u0119 Mi\u0119dzynarodowego Festiwalu Odkrywamy Paderewskiego po\u015bwi\u0119camy postaciom i miejscom zwi\u0105zanym z polsk\u0105 histori\u0105 i kultur\u0105, kt\u00f3re maj\u0105 zwi\u0105zek ze Lwowem: Zbigniewowi Herbertowi w 100 rocznic\u0119 urodzin, Adamowi Didurowi w 150 rocznic\u0119 jego urodzin, Adamowi Mickiewiczowi w 120 rocznic\u0119 ods\u0142oni\u0119cia kolumny Adama Mickiewicza we Lwowie<\/p>\n\n\n\n<p>Przypadaj\u0105ca na rok 2024 120. rocznica ods\u0142oni\u0119cia Kolumny Mickiewicza kt\u00f3ra jest symbolem wsp\u00f3\u0142czesnego Lwowa, ale jednocze\u015bnie jest materialnym dowodem wk\u0142adu Polak\u00f3w i polskiej kultury w wizerunek tego niezwyk\u0142ego miasta jest znakomitym pretekstem do podj\u0119cia stosownych dzia\u0142a\u0144. Pomnik zosta\u0142 uroczy\u015bcie ods\u0142oni\u0119ty 30 pa\u017adziernika 1904, przetrwa\u0142 nieuszkodzony do naszych czas\u00f3w.<\/p>\n\n\n\n<p>Kolejne wa\u017cne wydarzenia zwi\u0105zane s\u0105 ze \u015bwi\u0119towaniem rocznic urodzin dw\u00f3ch postaci, kt\u00f3re ukszta\u0142towa\u0142 Lwow a mianowicie: 150. rocznica urodzin Adam Didura zwanego basem wszechczas\u00f3w i 100. rocznica urodzin Zbigniewa Herberta wielokrotnego kandydata do nagrody Nobla. Bez w\u0105tpienia mo\u017cna tych artyst\u00f3w nazwa\u0107 tytanami polskiej kultury.<\/p>\n\n\n\n<p>Organizuj\u0105c uroczysto\u015bci po\u015bwi\u0119cone Zbigniewowi Herbertowi wsp\u00f3\u0142pracowa\u0107 b\u0119dziemy z dyrektorem Pa\u0142acu Potockich Tarasem Wozniakiem (kt\u00f3ry jest wielkim piewc\u0105 talentu Herberta) i Lwowsk\u0105 Filharmoni\u0105 Narodow\u0105. W ramach uroczysto\u015bci zaplanowane s\u0105: Panel dyskusyjny: &#8222;Lwow Zbigniewa Herberta i wsp\u00f3lna przestrze\u0144 dla ukrai\u0144skiej, polskiej i \u017cydowskiej kultury\u201d oraz pokaz Monodramatu Przemys\u0142awa Tejkowskiego \u201eOstatnie tango z Herbertem\u201d.&nbsp;<\/p>\n\n\n\n<p>150. rocznica urodzin Adama Didura b\u0119dzie okazj\u0105 do zorganizowaniu Gali Operowej w bliskiej wsp\u00f3\u0142pracy z Teatrem Opery i Baletu imienia S. Kruszelnickiej we Lwowie (kt\u00f3ry dla Didura przez wiele lat by\u0142 niemal domem) oraz Oper\u0105 \u015al\u0105sk\u0105, kt\u00f3rej tw\u00f3rc\u0105 po utracie Lwowa przez Polsk\u0119 by\u0142 Adam Didur. Planowana Gala Operowa w za\u0142o\u017ceniu ma by\u0107 pierwszym w historii aktem bliskiej wsp\u00f3\u0142pracy dw\u00f3ch instytucji, kt\u00f3re tak wiele zawdzi\u0119czaj\u0105 postaci Didura. W 1945 roku utrata Lwowa determinowa\u0142a powstanie Opery \u015al\u0105skiej, kt\u00f3ra sta\u0142a si\u0119 miejscem pracy dla wielu artyst\u00f3w zwi\u0105zanych ze Lwowem.<\/p>\n\n\n\n<p>&nbsp;Gala Operowa na cze\u015b\u0107 Adama Didura zostanie poprzedzona Gal\u0105 Statuetkow\u0105 w czasie kt\u00f3rej wr\u0119czone zostan\u0105 Wyr\u00f3\u017cnienia Paderewski. Do wr\u0119czenia statuetek zaproszeni zastan\u0105 przedstawiciele w\u0142adz polskich.<\/p>\n\n\n\n<p>W dniach 4-5 listopada w Przemy\u015blu w ramach XIII Mi\u0119dzynarodowego Festiwalu \u201eOdkrywamy Paderewskiego\u201d na bazie Zespo\u0142u Pa\u0144stwowych Szk\u00f3\u0142 Muzycznych im. A. Malawskiego odb\u0119dzie si\u0119 Fina\u0142 i Ga\u0142a Laureat\u00f3w IV Mi\u0119dzynarodowego Konkursu Instrumentalnego im. I.J. Paderewskiego z udzia\u0142em juror\u00f3w, m. in. Krzesimira D\u0119bskiego, Klaudiusza Barana, Piotra R\u00f3\u017ca\u0144skiego i Marianny Humetskiej.<\/p>\n\n\n\n<p><strong><u>Program Festiwalu<\/u><\/strong><\/p>\n\n\n\n<p><strong><u>4-5 listopada (poniedzia\u0142ek\/wtorek) 2024, ZPSM im. A. Malawskiego w Przemy\u015blu<\/u><\/strong><\/p>\n\n\n\n<p>Fina\u0142 i Ga\u0142a Laureat\u00f3w IV Mi\u0119dzynarodowego Konkursu Instrumentalnego im. I.J. Paderewskiego z udzia\u0142em juror\u00f3w, m. in. Krzesimira D\u0119bskiego, Klaudiusza Barana, Piotra R\u00f3\u017ca\u0144skiego i Marianny Humetskiej.<\/p>\n\n\n\n<p><strong><u>15 listopada (pi\u0105tek) 2024 r., Lwowska Filharmonia Narodowa<\/u><\/strong><\/p>\n\n\n\n<p>Z\u0142o\u017cenie kwiat\u00f3w pod Kolumn\u0119 A. Mickiewicza<\/p>\n\n\n\n<p><strong>Uroczysty Koncert w Lwowskiej Filharmonii Narodowej<\/strong> z okazji rocznicy odzyskania niepodleg\u0142o\u015bci oraz 120 rocznicy ods\u0142oni\u0119cia Kolumny Mickiewicza<\/p>\n\n\n\n<p>W programie: B. Latoszy\u0144ski \u2013 Poemat symfoniczny \u201eGra\u017cyna\u201d, M. Kolessa \u2013 Suita Ukrai\u0144ska, Polskie Tanga<\/p>\n\n\n\n<p>Wykonawcy: Orkiestra Symfoniczna Lwowskiej Filharmonii Narodowej, Dyrygent &#8211; Wolodymyr Syvokhip; Soli\u015bci: Klaudiusz Baran \u2013 akordeon, Marianna Humetska \u2013 fortepian, Myko\u0142a Haviuk \u2013 skrzypce<\/p>\n\n\n\n<p><strong><u>16 listopada (sobota) 2024 r. Pa\u0142ac Potockich we Lwowie<\/u><\/strong><\/p>\n\n\n\n<p><strong>Panel dyskusyjny: &#8222;Lwow Zbigniewa Herberta i wsp\u00f3lna przestrze\u0144 dla ukrai\u0144skiej, polskiej i \u017cydowskiej kultury&#8221;,<\/strong> po\u015bwi\u0119cone Zbigniewowi Herbertowi w 100 rocznic\u0119 urodzin z udzia\u0142em prelegent\u00f3w z Polski i z Ukrainy<\/p>\n\n\n\n<p><strong>Monodramat<\/strong> <strong>\u201eOstatnie tango z Herbertem\u201d.<\/strong> Spektakl oparty w ca\u0142o\u015bci na tw\u00f3rczo\u015bci Zbigniewa Herberta, od Lasu Arde\u0144skiego do Przes\u0142ania Pana Cogito. Autor i wykonawca \u2013 Przemys\u0142aw Tejkowski<\/p>\n\n\n\n<p><strong><u>17 listopada (niedziela) 2024 r. Lwowska Filharmonia Narodowa<\/u><\/strong><\/p>\n\n\n\n<p><strong>Gala statuetkowa wyr\u00f3\u017cnienia \u201ePADEREWSKI\u201d<\/strong><\/p>\n\n\n\n<p><strong>Gala operowa: \u201ePowr\u00f3t Adama Didura do Lwowa w 150 rocznic\u0119 jego urodzin\u201d<\/strong><\/p>\n\n\n\n<p>Soli\u015bci: Laureat i zdobywca nagrody specjalnej konkursu Adama Didura w Bytomiu, edycja 2024 \u2013 Iryna Haich, mezzosopran; solista Opery Lwowskiej &#8211; Volodymyr Shynkarenko, bas; Marianna Humetska \u2013 fortepian, Orkiestra \u201eWirtuozi Lwowa\u201d i Ch\u00f3r \u201cGloria\u201d Lwowskiej Filharmonii Narodowej, Dyrygent \u2013 Wolodymyr Syvokhip, Ch\u00f3rmistrzyni \u2013 Oksana Treshchakivska-Dolishna<\/p>\n","protected":false},"excerpt":{"rendered":"<p>XIII Edycj\u0119 Mi\u0119dzynarodowego Festiwalu Odkrywamy Paderewskiego po\u015bwi\u0119camy postaciom i miejscom zwi\u0105zanym z polsk\u0105 histori\u0105 i kultur\u0105, kt\u00f3re maj\u0105 zwi\u0105zek ze Lwowem: Zbigniewowi Herbertowi w 100 rocznic\u0119 urodzin, Adamowi Didurowi w 150 rocznic\u0119 jego urodzin, Adamowi Mickiewiczowi w 120 rocznic\u0119 ods\u0142oni\u0119cia kolumny Adama Mickiewicza we Lwowie Przypadaj\u0105ca na rok 2024 120. rocznica ods\u0142oni\u0119cia Kolumny Mickiewicza kt\u00f3ra [&hellip;]<\/p>\n","protected":false},"author":201,"featured_media":15459,"comment_status":"open","ping_status":"open","sticky":false,"template":"","format":"standard","meta":{"inline_featured_image":false,"_monsterinsights_skip_tracking":false,"_monsterinsights_sitenote_active":false,"_monsterinsights_sitenote_note":"","_monsterinsights_sitenote_category":0,"footnotes":""},"categories":[65,75],"tags":[],"class_list":["post-15394","post","type-post","status-publish","format-standard","has-post-thumbnail","hentry","category-muzyka-pl","category-wydarzenia"],"yoast_head":"<!-- This site is optimized with the Yoast SEO plugin v24.6 - https:\/\/yoast.com\/wordpress\/plugins\/seo\/ -->\n<title>XIII Mi\u0119dzynarodowy Festiwal \u201eOdkrywamy Paderewskiego\u201d - Instytut Polski w Kijowie<\/title>\n<meta name=\"robots\" content=\"index, follow, max-snippet:-1, max-image-preview:large, max-video-preview:-1\" \/>\n<link rel=\"canonical\" href=\"https:\/\/instytutpolski.pl\/kyiv\/pl\/2024\/10\/28\/xiii-miedzynarodowy-festiwal-odkrywamy-paderewskiego\/\" \/>\n<meta property=\"og:locale\" content=\"pl_PL\" \/>\n<meta property=\"og:type\" content=\"article\" \/>\n<meta property=\"og:title\" content=\"XIII Mi\u0119dzynarodowy Festiwal \u201eOdkrywamy Paderewskiego\u201d - Instytut Polski w Kijowie\" \/>\n<meta property=\"og:description\" content=\"XIII Edycj\u0119 Mi\u0119dzynarodowego Festiwalu Odkrywamy Paderewskiego po\u015bwi\u0119camy postaciom i miejscom zwi\u0105zanym z polsk\u0105 histori\u0105 i kultur\u0105, kt\u00f3re maj\u0105 zwi\u0105zek ze Lwowem: Zbigniewowi Herbertowi w 100 rocznic\u0119 urodzin, Adamowi Didurowi w 150 rocznic\u0119 jego urodzin, Adamowi Mickiewiczowi w 120 rocznic\u0119 ods\u0142oni\u0119cia kolumny Adama Mickiewicza we Lwowie Przypadaj\u0105ca na rok 2024 120. rocznica ods\u0142oni\u0119cia Kolumny Mickiewicza kt\u00f3ra [&hellip;]\" \/>\n<meta property=\"og:url\" content=\"https:\/\/instytutpolski.pl\/kyiv\/pl\/2024\/10\/28\/xiii-miedzynarodowy-festiwal-odkrywamy-paderewskiego\/\" \/>\n<meta property=\"og:site_name\" content=\"Instytut Polski w Kijowie\" \/>\n<meta property=\"article:published_time\" content=\"2024-10-28T11:09:35+00:00\" \/>\n<meta property=\"article:modified_time\" content=\"2024-11-08T14:39:17+00:00\" \/>\n<meta property=\"og:image\" content=\"https:\/\/instytutpolski.pl\/kyiv\/wp-content\/uploads\/sites\/19\/2024\/10\/Alma-Tadema_Ignacy_Jan_Paderewski.jpg\" \/>\n\t<meta property=\"og:image:width\" content=\"1024\" \/>\n\t<meta property=\"og:image:height\" content=\"801\" \/>\n\t<meta property=\"og:image:type\" content=\"image\/jpeg\" \/>\n<meta name=\"author\" content=\"\u0431\u0443\u0445\u0430\u043d\u0435\u043d\u044c\u043a\u043e\u0457\" \/>\n<meta name=\"twitter:card\" content=\"summary_large_image\" \/>\n<meta name=\"twitter:label1\" content=\"Napisane przez\" \/>\n\t<meta name=\"twitter:data1\" content=\"\u0431\u0443\u0445\u0430\u043d\u0435\u043d\u044c\u043a\u043e\u0457\" \/>\n\t<meta name=\"twitter:label2\" content=\"Szacowany czas czytania\" \/>\n\t<meta name=\"twitter:data2\" content=\"4 minuty\" \/>\n<script type=\"application\/ld+json\" class=\"yoast-schema-graph\">{\"@context\":\"https:\/\/schema.org\",\"@graph\":[{\"@type\":\"event\",\"@id\":\"https:\/\/instytutpolski.pl\/kyiv\/pl\/2024\/10\/28\/xiii-miedzynarodowy-festiwal-odkrywamy-paderewskiego\/\",\"url\":\"https:\/\/instytutpolski.pl\/kyiv\/pl\/2024\/10\/28\/xiii-miedzynarodowy-festiwal-odkrywamy-paderewskiego\/\",\"name\":\"XIII Mi\u0119dzynarodowy Festiwal \u201eOdkrywamy Paderewskiego\u201d\",\"isPartOf\":{\"@id\":\"https:\/\/instytutpolski.pl\/kyiv\/#website\"},\"primaryImageOfPage\":{\"@id\":\"https:\/\/instytutpolski.pl\/kyiv\/pl\/2024\/10\/28\/xiii-miedzynarodowy-festiwal-odkrywamy-paderewskiego\/#primaryimage\"},\"image\":[\"https:\/\/instytutpolski.pl\/kyiv\/wp-content\/uploads\/sites\/19\/2024\/10\/Alma-Tadema_Ignacy_Jan_Paderewski.jpg\",\"https:\/\/instytutpolski.pl\/kyiv\/wp-content\/uploads\/sites\/19\/2024\/10\/Alma-Tadema_Ignacy_Jan_Paderewski-300x235.jpg\",\"https:\/\/instytutpolski.pl\/kyiv\/wp-content\/uploads\/sites\/19\/2024\/10\/Alma-Tadema_Ignacy_Jan_Paderewski.jpg\",\"https:\/\/instytutpolski.pl\/kyiv\/wp-content\/uploads\/sites\/19\/2024\/10\/Alma-Tadema_Ignacy_Jan_Paderewski.jpg\"],\"thumbnailUrl\":\"https:\/\/instytutpolski.pl\/kyiv\/wp-content\/uploads\/sites\/19\/2024\/10\/Alma-Tadema_Ignacy_Jan_Paderewski.jpg\",\"datePublished\":\"2024-10-28T11:09:35+02:00\",\"dateModified\":\"2024-11-08T14:39:17+02:00\",\"author\":{\"@id\":\"https:\/\/instytutpolski.pl\/kyiv\/#\/schema\/person\/5bca053211e9586ace8134b682ee0eaa\"},\"breadcrumb\":{\"@id\":\"https:\/\/instytutpolski.pl\/kyiv\/pl\/2024\/10\/28\/xiii-miedzynarodowy-festiwal-odkrywamy-paderewskiego\/#breadcrumb\"},\"inLanguage\":\"pl-PL\",\"potentialAction\":[{\"@type\":\"ReadAction\",\"target\":[\"https:\/\/instytutpolski.pl\/kyiv\/pl\/2024\/10\/28\/xiii-miedzynarodowy-festiwal-odkrywamy-paderewskiego\/\"]}],\"@context\":\"https:\/\/schema.org\",\"startDate\":\"2024-11-15\",\"endDate\":\"2024-11-17\",\"eventStatus\":\"EventScheduled\",\"eventAttendanceMode\":\"OfflineEventAttendanceMode\",\"location\":{\"@type\":\"place\",\"name\":\"\",\"address\":\"\",\"geo\":{\"@type\":\"GeoCoordinates\",\"latitude\":\"\",\"longitude\":\"\"}},\"description\":\"XIII Edycj\u0119 Mi\u0119dzynarodowego Festiwalu Odkrywamy Paderewskiego po\u015bwi\u0119camy postaciom i miejscom zwi\u0105zanym z polsk\u0105 histori\u0105 i kultur\u0105, kt\u00f3re maj\u0105 zwi\u0105zek ze Lwowem: Zbigniewowi Herbertowi w 100 rocznic\u0119 urodzin, Adamowi Didurowi w 150 rocznic\u0119 jego urodzin, Adamowi Mickiewiczowi w 120 rocznic\u0119 ods\u0142oni\u0119cia kolumny Adama Mickiewicza we Lwowie\\nPrzypadaj\u0105ca na rok 2024 120. rocznica ods\u0142oni\u0119cia Kolumny Mickiewicza kt\u00f3ra jest symbolem wsp\u00f3\u0142czesnego Lwowa, ale jednocze\u015bnie jest materialnym dowodem wk\u0142adu Polak\u00f3w i polskiej kultury w wizerunek tego niezwyk\u0142ego miasta jest znakomitym pretekstem do podj\u0119cia stosownych dzia\u0142a\u0144. Pomnik zosta\u0142 uroczy\u015bcie ods\u0142oni\u0119ty 30 pa\u017adziernika 1904, przetrwa\u0142 nieuszkodzony do naszych czas\u00f3w.\\nKolejne wa\u017cne wydarzenia zwi\u0105zane s\u0105 ze \u015bwi\u0119towaniem rocznic urodzin dw\u00f3ch postaci, kt\u00f3re ukszta\u0142towa\u0142 Lwow a mianowicie: 150. rocznica urodzin Adam Didura zwanego basem wszechczas\u00f3w i 100. rocznica urodzin Zbigniewa Herberta wielokrotnego kandydata do nagrody Nobla. Bez w\u0105tpienia mo\u017cna tych artyst\u00f3w nazwa\u0107 tytanami polskiej kultury.\\nOrganizuj\u0105c uroczysto\u015bci po\u015bwi\u0119cone Zbigniewowi Herbertowi wsp\u00f3\u0142pracowa\u0107 b\u0119dziemy z dyrektorem Pa\u0142acu Potockich Tarasem Wozniakiem (kt\u00f3ry jest wielkim piewc\u0105 talentu Herberta) i Lwowsk\u0105 Filharmoni\u0105 Narodow\u0105. W ramach uroczysto\u015bci zaplanowane s\u0105: Panel dyskusyjny: \\\"Lwow Zbigniewa Herberta i wsp\u00f3lna przestrze\u0144 dla ukrai\u0144skiej, polskiej i \u017cydowskiej kultury\u201d oraz pokaz Monodramatu Przemys\u0142awa Tejkowskiego \u201eOstatnie tango z Herbertem\u201d. \\n150. rocznica urodzin Adama Didura b\u0119dzie okazj\u0105 do zorganizowaniu Gali Operowej w bliskiej wsp\u00f3\u0142pracy z Teatrem Opery i Baletu imienia S. Kruszelnickiej we Lwowie (kt\u00f3ry dla Didura przez wiele lat by\u0142 niemal domem) oraz Oper\u0105 \u015al\u0105sk\u0105, kt\u00f3rej tw\u00f3rc\u0105 po utracie Lwowa przez Polsk\u0119 by\u0142 Adam Didur. Planowana Gala Operowa w za\u0142o\u017ceniu ma by\u0107 pierwszym w historii aktem bliskiej wsp\u00f3\u0142pracy dw\u00f3ch instytucji, kt\u00f3re tak wiele zawdzi\u0119czaj\u0105 postaci Didura. W 1945 roku utrata Lwowa determinowa\u0142a powstanie Opery \u015al\u0105skiej, kt\u00f3ra sta\u0142a si\u0119 miejscem pracy dla wielu artyst\u00f3w zwi\u0105zanych ze Lwowem.\\n Gala Operowa na cze\u015b\u0107 Adama Didura zostanie poprzedzona Gal\u0105 Statuetkow\u0105 w czasie kt\u00f3rej wr\u0119czone zostan\u0105 Wyr\u00f3\u017cnienia Paderewski. Do wr\u0119czenia statuetek zaproszeni zastan\u0105 przedstawiciele w\u0142adz polskich.\\nW dniach 4-5 listopada w Przemy\u015blu w ramach XIII Mi\u0119dzynarodowego Festiwalu \u201eOdkrywamy Paderewskiego\u201d na bazie Zespo\u0142u Pa\u0144stwowych Szk\u00f3\u0142 Muzycznych im. A. Malawskiego odb\u0119dzie si\u0119 Fina\u0142 i Ga\u0142a Laureat\u00f3w IV Mi\u0119dzynarodowego Konkursu Instrumentalnego im. I.J. Paderewskiego z udzia\u0142em juror\u00f3w, m. in. Krzesimira D\u0119bskiego, Klaudiusza Barana, Piotra R\u00f3\u017ca\u0144skiego i Marianny Humetskiej.\\nProgram Festiwalu\\n4-5 listopada (poniedzia\u0142ek\/wtorek) 2024, ZPSM im. A. Malawskiego w Przemy\u015blu\\nFina\u0142 i Ga\u0142a Laureat\u00f3w IV Mi\u0119dzynarodowego Konkursu Instrumentalnego im. I.J. Paderewskiego z udzia\u0142em juror\u00f3w, m. in. Krzesimira D\u0119bskiego, Klaudiusza Barana, Piotra R\u00f3\u017ca\u0144skiego i Marianny Humetskiej.\\n15 listopada (pi\u0105tek) 2024 r., Lwowska Filharmonia Narodowa\\nZ\u0142o\u017cenie kwiat\u00f3w pod Kolumn\u0119 A. Mickiewicza\\nUroczysty Koncert w Lwowskiej Filharmonii Narodowej z okazji rocznicy odzyskania niepodleg\u0142o\u015bci oraz 120 rocznicy ods\u0142oni\u0119cia Kolumny Mickiewicza\\nW programie: B. Latoszy\u0144ski \u2013 Poemat symfoniczny \u201eGra\u017cyna\u201d, M. Kolessa \u2013 Suita Ukrai\u0144ska, Polskie Tanga\\nWykonawcy: Orkiestra Symfoniczna Lwowskiej Filharmonii Narodowej, Dyrygent - Wolodymyr Syvokhip; Soli\u015bci: Klaudiusz Baran \u2013 akordeon, Marianna Humetska \u2013 fortepian, Myko\u0142a Haviuk \u2013 skrzypce\\n16 listopada (sobota) 2024 r. Pa\u0142ac Potockich we Lwowie\\nPanel dyskusyjny: \\\"Lwow Zbigniewa Herberta i wsp\u00f3lna przestrze\u0144 dla ukrai\u0144skiej, polskiej i \u017cydowskiej kultury\\\", po\u015bwi\u0119cone Zbigniewowi Herbertowi w 100 rocznic\u0119 urodzin z udzia\u0142em prelegent\u00f3w z Polski i z Ukrainy\\nMonodramat \u201eOstatnie tango z Herbertem\u201d. Spektakl oparty w ca\u0142o\u015bci na tw\u00f3rczo\u015bci Zbigniewa Herberta, od Lasu Arde\u0144skiego do Przes\u0142ania Pana Cogito. Autor i wykonawca \u2013 Przemys\u0142aw Tejkowski\\n17 listopada (niedziela) 2024 r. Lwowska Filharmonia Narodowa\\nGala statuetkowa wyr\u00f3\u017cnienia \u201ePADEREWSKI\u201d\\nGala operowa: \u201ePowr\u00f3t Adama Didura do Lwowa w 150 rocznic\u0119 jego urodzin\u201d\\nSoli\u015bci: Laureat i zdobywca nagrody specjalnej konkursu Adama Didura w Bytomiu, edycja 2024 \u2013 Iryna Haich, mezzosopran; solista Opery Lwowskiej - Volodymyr Shynkarenko, bas; Marianna Humetska \u2013 fortepian, Orkiestra \u201eWirtuozi Lwowa\u201d i Ch\u00f3r \u201cGloria\u201d Lwowskiej Filharmonii Narodowej, Dyrygent \u2013 Wolodymyr Syvokhip, Ch\u00f3rmistrzyni \u2013 Oksana Treshchakivska-Dolishna\"},{\"@type\":\"ImageObject\",\"inLanguage\":\"pl-PL\",\"@id\":\"https:\/\/instytutpolski.pl\/kyiv\/pl\/2024\/10\/28\/xiii-miedzynarodowy-festiwal-odkrywamy-paderewskiego\/#primaryimage\",\"url\":\"https:\/\/instytutpolski.pl\/kyiv\/wp-content\/uploads\/sites\/19\/2024\/10\/Alma-Tadema_Ignacy_Jan_Paderewski.jpg\",\"contentUrl\":\"https:\/\/instytutpolski.pl\/kyiv\/wp-content\/uploads\/sites\/19\/2024\/10\/Alma-Tadema_Ignacy_Jan_Paderewski.jpg\",\"width\":1024,\"height\":801},{\"@type\":\"BreadcrumbList\",\"@id\":\"https:\/\/instytutpolski.pl\/kyiv\/pl\/2024\/10\/28\/xiii-miedzynarodowy-festiwal-odkrywamy-paderewskiego\/#breadcrumb\",\"itemListElement\":[{\"@type\":\"ListItem\",\"position\":1,\"name\":\"Home\",\"item\":\"https:\/\/instytutpolski.pl\/kyiv\/\"},{\"@type\":\"ListItem\",\"position\":2,\"name\":\"XIII Mi\u0119dzynarodowy Festiwal \u201eOdkrywamy Paderewskiego\u201d\"}]},{\"@type\":\"WebSite\",\"@id\":\"https:\/\/instytutpolski.pl\/kyiv\/#website\",\"url\":\"https:\/\/instytutpolski.pl\/kyiv\/\",\"name\":\"Instytut Polski w Kijowie\",\"description\":\"Instytuty Polskie\",\"potentialAction\":[{\"@type\":\"SearchAction\",\"target\":{\"@type\":\"EntryPoint\",\"urlTemplate\":\"https:\/\/instytutpolski.pl\/kyiv\/?s={search_term_string}\"},\"query-input\":{\"@type\":\"PropertyValueSpecification\",\"valueRequired\":true,\"valueName\":\"search_term_string\"}}],\"inLanguage\":\"pl-PL\"},{\"@type\":\"Person\",\"@id\":\"https:\/\/instytutpolski.pl\/kyiv\/#\/schema\/person\/5bca053211e9586ace8134b682ee0eaa\",\"name\":\"\u0431\u0443\u0445\u0430\u043d\u0435\u043d\u044c\u043a\u043e\u0457\",\"image\":{\"@type\":\"ImageObject\",\"inLanguage\":\"pl-PL\",\"@id\":\"https:\/\/instytutpolski.pl\/kyiv\/#\/schema\/person\/image\/\",\"url\":\"https:\/\/secure.gravatar.com\/avatar\/fbb862706fdc727ced51db486acdd269?s=96&d=mm&r=g\",\"contentUrl\":\"https:\/\/secure.gravatar.com\/avatar\/fbb862706fdc727ced51db486acdd269?s=96&d=mm&r=g\",\"caption\":\"\u0431\u0443\u0445\u0430\u043d\u0435\u043d\u044c\u043a\u043e\u0457\"},\"url\":\"https:\/\/instytutpolski.pl\/kyiv\/author\/bukhanenkoj\/\"}]}<\/script>\n<!-- \/ Yoast SEO plugin. -->","yoast_head_json":{"title":"XIII Mi\u0119dzynarodowy Festiwal \u201eOdkrywamy Paderewskiego\u201d - Instytut Polski w Kijowie","robots":{"index":"index","follow":"follow","max-snippet":"max-snippet:-1","max-image-preview":"max-image-preview:large","max-video-preview":"max-video-preview:-1"},"canonical":"https:\/\/instytutpolski.pl\/kyiv\/pl\/2024\/10\/28\/xiii-miedzynarodowy-festiwal-odkrywamy-paderewskiego\/","og_locale":"pl_PL","og_type":"article","og_title":"XIII Mi\u0119dzynarodowy Festiwal \u201eOdkrywamy Paderewskiego\u201d - Instytut Polski w Kijowie","og_description":"XIII Edycj\u0119 Mi\u0119dzynarodowego Festiwalu Odkrywamy Paderewskiego po\u015bwi\u0119camy postaciom i miejscom zwi\u0105zanym z polsk\u0105 histori\u0105 i kultur\u0105, kt\u00f3re maj\u0105 zwi\u0105zek ze Lwowem: Zbigniewowi Herbertowi w 100 rocznic\u0119 urodzin, Adamowi Didurowi w 150 rocznic\u0119 jego urodzin, Adamowi Mickiewiczowi w 120 rocznic\u0119 ods\u0142oni\u0119cia kolumny Adama Mickiewicza we Lwowie Przypadaj\u0105ca na rok 2024 120. rocznica ods\u0142oni\u0119cia Kolumny Mickiewicza kt\u00f3ra [&hellip;]","og_url":"https:\/\/instytutpolski.pl\/kyiv\/pl\/2024\/10\/28\/xiii-miedzynarodowy-festiwal-odkrywamy-paderewskiego\/","og_site_name":"Instytut Polski w Kijowie","article_published_time":"2024-10-28T11:09:35+00:00","article_modified_time":"2024-11-08T14:39:17+00:00","og_image":[{"width":1024,"height":801,"url":"https:\/\/instytutpolski.pl\/kyiv\/wp-content\/uploads\/sites\/19\/2024\/10\/Alma-Tadema_Ignacy_Jan_Paderewski.jpg","type":"image\/jpeg"}],"author":"\u0431\u0443\u0445\u0430\u043d\u0435\u043d\u044c\u043a\u043e\u0457","twitter_card":"summary_large_image","twitter_misc":{"Napisane przez":"\u0431\u0443\u0445\u0430\u043d\u0435\u043d\u044c\u043a\u043e\u0457","Szacowany czas czytania":"4 minuty"},"schema":{"@context":"https:\/\/schema.org","@graph":[{"@type":"event","@id":"https:\/\/instytutpolski.pl\/kyiv\/pl\/2024\/10\/28\/xiii-miedzynarodowy-festiwal-odkrywamy-paderewskiego\/","url":"https:\/\/instytutpolski.pl\/kyiv\/pl\/2024\/10\/28\/xiii-miedzynarodowy-festiwal-odkrywamy-paderewskiego\/","name":"XIII Mi\u0119dzynarodowy Festiwal \u201eOdkrywamy Paderewskiego\u201d","isPartOf":{"@id":"https:\/\/instytutpolski.pl\/kyiv\/#website"},"primaryImageOfPage":{"@id":"https:\/\/instytutpolski.pl\/kyiv\/pl\/2024\/10\/28\/xiii-miedzynarodowy-festiwal-odkrywamy-paderewskiego\/#primaryimage"},"image":["https:\/\/instytutpolski.pl\/kyiv\/wp-content\/uploads\/sites\/19\/2024\/10\/Alma-Tadema_Ignacy_Jan_Paderewski.jpg","https:\/\/instytutpolski.pl\/kyiv\/wp-content\/uploads\/sites\/19\/2024\/10\/Alma-Tadema_Ignacy_Jan_Paderewski-300x235.jpg","https:\/\/instytutpolski.pl\/kyiv\/wp-content\/uploads\/sites\/19\/2024\/10\/Alma-Tadema_Ignacy_Jan_Paderewski.jpg","https:\/\/instytutpolski.pl\/kyiv\/wp-content\/uploads\/sites\/19\/2024\/10\/Alma-Tadema_Ignacy_Jan_Paderewski.jpg"],"thumbnailUrl":"https:\/\/instytutpolski.pl\/kyiv\/wp-content\/uploads\/sites\/19\/2024\/10\/Alma-Tadema_Ignacy_Jan_Paderewski.jpg","datePublished":"2024-10-28T11:09:35+02:00","dateModified":"2024-11-08T14:39:17+02:00","author":{"@id":"https:\/\/instytutpolski.pl\/kyiv\/#\/schema\/person\/5bca053211e9586ace8134b682ee0eaa"},"breadcrumb":{"@id":"https:\/\/instytutpolski.pl\/kyiv\/pl\/2024\/10\/28\/xiii-miedzynarodowy-festiwal-odkrywamy-paderewskiego\/#breadcrumb"},"inLanguage":"pl-PL","potentialAction":[{"@type":"ReadAction","target":["https:\/\/instytutpolski.pl\/kyiv\/pl\/2024\/10\/28\/xiii-miedzynarodowy-festiwal-odkrywamy-paderewskiego\/"]}],"@context":"https:\/\/schema.org","startDate":"2024-11-15","endDate":"2024-11-17","eventStatus":"EventScheduled","eventAttendanceMode":"OfflineEventAttendanceMode","location":{"@type":"place","name":"","address":"","geo":{"@type":"GeoCoordinates","latitude":"","longitude":""}},"description":"XIII Edycj\u0119 Mi\u0119dzynarodowego Festiwalu Odkrywamy Paderewskiego po\u015bwi\u0119camy postaciom i miejscom zwi\u0105zanym z polsk\u0105 histori\u0105 i kultur\u0105, kt\u00f3re maj\u0105 zwi\u0105zek ze Lwowem: Zbigniewowi Herbertowi w 100 rocznic\u0119 urodzin, Adamowi Didurowi w 150 rocznic\u0119 jego urodzin, Adamowi Mickiewiczowi w 120 rocznic\u0119 ods\u0142oni\u0119cia kolumny Adama Mickiewicza we Lwowie\nPrzypadaj\u0105ca na rok 2024 120. rocznica ods\u0142oni\u0119cia Kolumny Mickiewicza kt\u00f3ra jest symbolem wsp\u00f3\u0142czesnego Lwowa, ale jednocze\u015bnie jest materialnym dowodem wk\u0142adu Polak\u00f3w i polskiej kultury w wizerunek tego niezwyk\u0142ego miasta jest znakomitym pretekstem do podj\u0119cia stosownych dzia\u0142a\u0144. Pomnik zosta\u0142 uroczy\u015bcie ods\u0142oni\u0119ty 30 pa\u017adziernika 1904, przetrwa\u0142 nieuszkodzony do naszych czas\u00f3w.\nKolejne wa\u017cne wydarzenia zwi\u0105zane s\u0105 ze \u015bwi\u0119towaniem rocznic urodzin dw\u00f3ch postaci, kt\u00f3re ukszta\u0142towa\u0142 Lwow a mianowicie: 150. rocznica urodzin Adam Didura zwanego basem wszechczas\u00f3w i 100. rocznica urodzin Zbigniewa Herberta wielokrotnego kandydata do nagrody Nobla. Bez w\u0105tpienia mo\u017cna tych artyst\u00f3w nazwa\u0107 tytanami polskiej kultury.\nOrganizuj\u0105c uroczysto\u015bci po\u015bwi\u0119cone Zbigniewowi Herbertowi wsp\u00f3\u0142pracowa\u0107 b\u0119dziemy z dyrektorem Pa\u0142acu Potockich Tarasem Wozniakiem (kt\u00f3ry jest wielkim piewc\u0105 talentu Herberta) i Lwowsk\u0105 Filharmoni\u0105 Narodow\u0105. W ramach uroczysto\u015bci zaplanowane s\u0105: Panel dyskusyjny: \"Lwow Zbigniewa Herberta i wsp\u00f3lna przestrze\u0144 dla ukrai\u0144skiej, polskiej i \u017cydowskiej kultury\u201d oraz pokaz Monodramatu Przemys\u0142awa Tejkowskiego \u201eOstatnie tango z Herbertem\u201d. \n150. rocznica urodzin Adama Didura b\u0119dzie okazj\u0105 do zorganizowaniu Gali Operowej w bliskiej wsp\u00f3\u0142pracy z Teatrem Opery i Baletu imienia S. Kruszelnickiej we Lwowie (kt\u00f3ry dla Didura przez wiele lat by\u0142 niemal domem) oraz Oper\u0105 \u015al\u0105sk\u0105, kt\u00f3rej tw\u00f3rc\u0105 po utracie Lwowa przez Polsk\u0119 by\u0142 Adam Didur. Planowana Gala Operowa w za\u0142o\u017ceniu ma by\u0107 pierwszym w historii aktem bliskiej wsp\u00f3\u0142pracy dw\u00f3ch instytucji, kt\u00f3re tak wiele zawdzi\u0119czaj\u0105 postaci Didura. W 1945 roku utrata Lwowa determinowa\u0142a powstanie Opery \u015al\u0105skiej, kt\u00f3ra sta\u0142a si\u0119 miejscem pracy dla wielu artyst\u00f3w zwi\u0105zanych ze Lwowem.\n Gala Operowa na cze\u015b\u0107 Adama Didura zostanie poprzedzona Gal\u0105 Statuetkow\u0105 w czasie kt\u00f3rej wr\u0119czone zostan\u0105 Wyr\u00f3\u017cnienia Paderewski. Do wr\u0119czenia statuetek zaproszeni zastan\u0105 przedstawiciele w\u0142adz polskich.\nW dniach 4-5 listopada w Przemy\u015blu w ramach XIII Mi\u0119dzynarodowego Festiwalu \u201eOdkrywamy Paderewskiego\u201d na bazie Zespo\u0142u Pa\u0144stwowych Szk\u00f3\u0142 Muzycznych im. A. Malawskiego odb\u0119dzie si\u0119 Fina\u0142 i Ga\u0142a Laureat\u00f3w IV Mi\u0119dzynarodowego Konkursu Instrumentalnego im. I.J. Paderewskiego z udzia\u0142em juror\u00f3w, m. in. Krzesimira D\u0119bskiego, Klaudiusza Barana, Piotra R\u00f3\u017ca\u0144skiego i Marianny Humetskiej.\nProgram Festiwalu\n4-5 listopada (poniedzia\u0142ek\/wtorek) 2024, ZPSM im. A. Malawskiego w Przemy\u015blu\nFina\u0142 i Ga\u0142a Laureat\u00f3w IV Mi\u0119dzynarodowego Konkursu Instrumentalnego im. I.J. Paderewskiego z udzia\u0142em juror\u00f3w, m. in. Krzesimira D\u0119bskiego, Klaudiusza Barana, Piotra R\u00f3\u017ca\u0144skiego i Marianny Humetskiej.\n15 listopada (pi\u0105tek) 2024 r., Lwowska Filharmonia Narodowa\nZ\u0142o\u017cenie kwiat\u00f3w pod Kolumn\u0119 A. Mickiewicza\nUroczysty Koncert w Lwowskiej Filharmonii Narodowej z okazji rocznicy odzyskania niepodleg\u0142o\u015bci oraz 120 rocznicy ods\u0142oni\u0119cia Kolumny Mickiewicza\nW programie: B. Latoszy\u0144ski \u2013 Poemat symfoniczny \u201eGra\u017cyna\u201d, M. Kolessa \u2013 Suita Ukrai\u0144ska, Polskie Tanga\nWykonawcy: Orkiestra Symfoniczna Lwowskiej Filharmonii Narodowej, Dyrygent - Wolodymyr Syvokhip; Soli\u015bci: Klaudiusz Baran \u2013 akordeon, Marianna Humetska \u2013 fortepian, Myko\u0142a Haviuk \u2013 skrzypce\n16 listopada (sobota) 2024 r. Pa\u0142ac Potockich we Lwowie\nPanel dyskusyjny: \"Lwow Zbigniewa Herberta i wsp\u00f3lna przestrze\u0144 dla ukrai\u0144skiej, polskiej i \u017cydowskiej kultury\", po\u015bwi\u0119cone Zbigniewowi Herbertowi w 100 rocznic\u0119 urodzin z udzia\u0142em prelegent\u00f3w z Polski i z Ukrainy\nMonodramat \u201eOstatnie tango z Herbertem\u201d. Spektakl oparty w ca\u0142o\u015bci na tw\u00f3rczo\u015bci Zbigniewa Herberta, od Lasu Arde\u0144skiego do Przes\u0142ania Pana Cogito. Autor i wykonawca \u2013 Przemys\u0142aw Tejkowski\n17 listopada (niedziela) 2024 r. Lwowska Filharmonia Narodowa\nGala statuetkowa wyr\u00f3\u017cnienia \u201ePADEREWSKI\u201d\nGala operowa: \u201ePowr\u00f3t Adama Didura do Lwowa w 150 rocznic\u0119 jego urodzin\u201d\nSoli\u015bci: Laureat i zdobywca nagrody specjalnej konkursu Adama Didura w Bytomiu, edycja 2024 \u2013 Iryna Haich, mezzosopran; solista Opery Lwowskiej - Volodymyr Shynkarenko, bas; Marianna Humetska \u2013 fortepian, Orkiestra \u201eWirtuozi Lwowa\u201d i Ch\u00f3r \u201cGloria\u201d Lwowskiej Filharmonii Narodowej, Dyrygent \u2013 Wolodymyr Syvokhip, Ch\u00f3rmistrzyni \u2013 Oksana Treshchakivska-Dolishna"},{"@type":"ImageObject","inLanguage":"pl-PL","@id":"https:\/\/instytutpolski.pl\/kyiv\/pl\/2024\/10\/28\/xiii-miedzynarodowy-festiwal-odkrywamy-paderewskiego\/#primaryimage","url":"https:\/\/instytutpolski.pl\/kyiv\/wp-content\/uploads\/sites\/19\/2024\/10\/Alma-Tadema_Ignacy_Jan_Paderewski.jpg","contentUrl":"https:\/\/instytutpolski.pl\/kyiv\/wp-content\/uploads\/sites\/19\/2024\/10\/Alma-Tadema_Ignacy_Jan_Paderewski.jpg","width":1024,"height":801},{"@type":"BreadcrumbList","@id":"https:\/\/instytutpolski.pl\/kyiv\/pl\/2024\/10\/28\/xiii-miedzynarodowy-festiwal-odkrywamy-paderewskiego\/#breadcrumb","itemListElement":[{"@type":"ListItem","position":1,"name":"Home","item":"https:\/\/instytutpolski.pl\/kyiv\/"},{"@type":"ListItem","position":2,"name":"XIII Mi\u0119dzynarodowy Festiwal \u201eOdkrywamy Paderewskiego\u201d"}]},{"@type":"WebSite","@id":"https:\/\/instytutpolski.pl\/kyiv\/#website","url":"https:\/\/instytutpolski.pl\/kyiv\/","name":"Instytut Polski w Kijowie","description":"Instytuty Polskie","potentialAction":[{"@type":"SearchAction","target":{"@type":"EntryPoint","urlTemplate":"https:\/\/instytutpolski.pl\/kyiv\/?s={search_term_string}"},"query-input":{"@type":"PropertyValueSpecification","valueRequired":true,"valueName":"search_term_string"}}],"inLanguage":"pl-PL"},{"@type":"Person","@id":"https:\/\/instytutpolski.pl\/kyiv\/#\/schema\/person\/5bca053211e9586ace8134b682ee0eaa","name":"\u0431\u0443\u0445\u0430\u043d\u0435\u043d\u044c\u043a\u043e\u0457","image":{"@type":"ImageObject","inLanguage":"pl-PL","@id":"https:\/\/instytutpolski.pl\/kyiv\/#\/schema\/person\/image\/","url":"https:\/\/secure.gravatar.com\/avatar\/fbb862706fdc727ced51db486acdd269?s=96&d=mm&r=g","contentUrl":"https:\/\/secure.gravatar.com\/avatar\/fbb862706fdc727ced51db486acdd269?s=96&d=mm&r=g","caption":"\u0431\u0443\u0445\u0430\u043d\u0435\u043d\u044c\u043a\u043e\u0457"},"url":"https:\/\/instytutpolski.pl\/kyiv\/author\/bukhanenkoj\/"}]}},"_links":{"self":[{"href":"https:\/\/instytutpolski.pl\/kyiv\/wp-json\/wp\/v2\/posts\/15394","targetHints":{"allow":["GET"]}}],"collection":[{"href":"https:\/\/instytutpolski.pl\/kyiv\/wp-json\/wp\/v2\/posts"}],"about":[{"href":"https:\/\/instytutpolski.pl\/kyiv\/wp-json\/wp\/v2\/types\/post"}],"author":[{"embeddable":true,"href":"https:\/\/instytutpolski.pl\/kyiv\/wp-json\/wp\/v2\/users\/201"}],"replies":[{"embeddable":true,"href":"https:\/\/instytutpolski.pl\/kyiv\/wp-json\/wp\/v2\/comments?post=15394"}],"version-history":[{"count":2,"href":"https:\/\/instytutpolski.pl\/kyiv\/wp-json\/wp\/v2\/posts\/15394\/revisions"}],"predecessor-version":[{"id":15462,"href":"https:\/\/instytutpolski.pl\/kyiv\/wp-json\/wp\/v2\/posts\/15394\/revisions\/15462"}],"wp:featuredmedia":[{"embeddable":true,"href":"https:\/\/instytutpolski.pl\/kyiv\/wp-json\/wp\/v2\/media\/15459"}],"wp:attachment":[{"href":"https:\/\/instytutpolski.pl\/kyiv\/wp-json\/wp\/v2\/media?parent=15394"}],"wp:term":[{"taxonomy":"category","embeddable":true,"href":"https:\/\/instytutpolski.pl\/kyiv\/wp-json\/wp\/v2\/categories?post=15394"},{"taxonomy":"post_tag","embeddable":true,"href":"https:\/\/instytutpolski.pl\/kyiv\/wp-json\/wp\/v2\/tags?post=15394"}],"curies":[{"name":"wp","href":"https:\/\/api.w.org\/{rel}","templated":true}]}}