{"id":5117,"date":"2020-11-17T13:27:57","date_gmt":"2020-11-17T12:27:57","guid":{"rendered":"https:\/\/instytutpolski.pl\/kyiv\/?p=5117"},"modified":"2020-11-23T11:58:12","modified_gmt":"2020-11-23T10:58:12","slug":"chopin-karlowicz-kilar","status":"publish","type":"post","link":"https:\/\/instytutpolski.pl\/kyiv\/pl\/2020\/11\/17\/chopin-karlowicz-kilar\/","title":{"rendered":"Chopin. Kar\u0142owicz. Kilar."},"content":{"rendered":"\n<p>W 2020 roku \u015bwi\u0119tujemy 210 rocznic\u0119 urodzin Fryderyka Chopina. Z tej okazji Fundacja &#8222;Pro Musica Viva&#8221; w oparciu o dotacj\u0119 Ministra Kultury i Dziedzictwa Narodowego oraz przy finansowym wsparciu Instytutu Polskiego w Kijowie, we wsp\u00f3\u0142pracy z Filharmoniami we Lwowie i Chmielnickim, a tak\u017ce z Narodow\u0105 Orkiestr\u0105 Symfoniczn\u0105 Ukrainy organizuje cykl koncert\u00f3w pt. &#8222;Muzyka polska w Ukrainie&#8221;. W repertuarze koncert\u00f3w znajd\u0105 si\u0119 utwory Fryderyka Chopina, Mieczys\u0142awa Kar\u0142owicza i Wojciecha Kilara. Solist\u0105 b\u0119dzie m\u0142ody pianista&nbsp;<strong>Tomasz Marut<\/strong>, a symfonicznymi orkiestrami dyrygowa\u0107 b\u0119dzie&nbsp;<strong>Roman Rewakowicz<\/strong>.<\/p>\n\n\n\n<p><strong><span style=\"color:#cf2e2e\" class=\"tadv-color\">20 listopada 18:30<\/span><\/strong><br>Sala Wielka <a href=\"http:\/\/oblfilarmonia.com\/en\">Filharmonii Chmielnickiej<\/a><\/p>\n\n\n\n<p>Tomasz Marut \u2013 fortepian.<br>Orkiestra Symfoniczna Filharmonii Chmielnickiej.<br>Roman Rewakowicz \u2013 dyrygent.<\/p>\n\n\n\n<p>Program:<\/p>\n\n\n\n<ul class=\"wp-block-list\"><li>Mieczys\u0142aw Kar\u0142owicz \u2013 &#8222;Serenada&#8221; na orkiestr\u0119 smyczkow\u0105 op. 2 (1896).<\/li><li>Wojciech Kilar \u2013 &#8222;Orawa&#8221; na orkiestr\u0119 smyczkow\u0105 (1986).<\/li><li>Fryderyk Chopin \u2013 Koncert Fortepianowy nr 1 e-moll op. 11 (1830).<\/li><\/ul>\n\n\n\n<figure class=\"wp-block-image size-large\"><img loading=\"lazy\" decoding=\"async\" width=\"683\" height=\"1024\" src=\"https:\/\/instytutpolski.pl\/kyiv\/wp-content\/uploads\/sites\/19\/2020\/11\/125766475_5310171552341791_6236772325529963472_o.jpg\" alt=\"\" class=\"wp-image-5110\" srcset=\"https:\/\/instytutpolski.pl\/kyiv\/wp-content\/uploads\/sites\/19\/2020\/11\/125766475_5310171552341791_6236772325529963472_o.jpg 683w, https:\/\/instytutpolski.pl\/kyiv\/wp-content\/uploads\/sites\/19\/2020\/11\/125766475_5310171552341791_6236772325529963472_o-200x300.jpg 200w\" sizes=\"auto, (max-width: 683px) 100vw, 683px\" \/><\/figure>\n\n\n\n<p>Dofinansowano ze \u015brodk\u00f3w Ministra Kultury i Dziedzictwa Narodowego pochodz\u0105cych z Funduszu Promocji Kultury, uzyskanych z dop\u0142at ustanowionych w grach obj\u0119tych monopolem pa\u0144stwa, zgodnie z art. 80 ust. 1 ustawy z dnia 19 listopada 2009 r. o grach hazardowych.<\/p>\n","protected":false},"excerpt":{"rendered":"<p>W 2020 roku \u015bwi\u0119tujemy 210 rocznic\u0119 urodzin Fryderyka Chopina. Z tej okazji Fundacja &#8222;Pro Musica Viva&#8221; w oparciu o dotacj\u0119 Ministra Kultury i Dziedzictwa Narodowego oraz przy finansowym wsparciu Instytutu Polskiego w Kijowie, we wsp\u00f3\u0142pracy z Filharmoniami we Lwowie i Chmielnickim, a tak\u017ce z Narodow\u0105 Orkiestr\u0105 Symfoniczn\u0105 Ukrainy organizuje cykl koncert\u00f3w pt. &#8222;Muzyka polska w [&hellip;]<\/p>\n","protected":false},"author":134,"featured_media":5110,"comment_status":"open","ping_status":"open","sticky":false,"template":"","format":"standard","meta":{"inline_featured_image":false,"_monsterinsights_skip_tracking":false,"_monsterinsights_sitenote_active":false,"_monsterinsights_sitenote_note":"","_monsterinsights_sitenote_category":0,"footnotes":""},"categories":[65,75],"tags":[],"class_list":["post-5117","post","type-post","status-publish","format-standard","has-post-thumbnail","hentry","category-muzyka-pl","category-wydarzenia"],"yoast_head":"<!-- This site is optimized with the Yoast SEO plugin v24.6 - https:\/\/yoast.com\/wordpress\/plugins\/seo\/ -->\n<title>Chopin. Kar\u0142owicz. Kilar. - Instytut Polski w Kijowie<\/title>\n<meta name=\"robots\" content=\"index, follow, max-snippet:-1, max-image-preview:large, max-video-preview:-1\" \/>\n<link rel=\"canonical\" href=\"https:\/\/instytutpolski.pl\/kyiv\/pl\/2020\/11\/17\/chopin-karlowicz-kilar\/\" \/>\n<meta property=\"og:locale\" content=\"pl_PL\" \/>\n<meta property=\"og:type\" content=\"article\" \/>\n<meta property=\"og:title\" content=\"Chopin. Kar\u0142owicz. Kilar. - Instytut Polski w Kijowie\" \/>\n<meta property=\"og:description\" content=\"W 2020 roku \u015bwi\u0119tujemy 210 rocznic\u0119 urodzin Fryderyka Chopina. Z tej okazji Fundacja &#8222;Pro Musica Viva&#8221; w oparciu o dotacj\u0119 Ministra Kultury i Dziedzictwa Narodowego oraz przy finansowym wsparciu Instytutu Polskiego w Kijowie, we wsp\u00f3\u0142pracy z Filharmoniami we Lwowie i Chmielnickim, a tak\u017ce z Narodow\u0105 Orkiestr\u0105 Symfoniczn\u0105 Ukrainy organizuje cykl koncert\u00f3w pt. &#8222;Muzyka polska w [&hellip;]\" \/>\n<meta property=\"og:url\" content=\"https:\/\/instytutpolski.pl\/kyiv\/pl\/2020\/11\/17\/chopin-karlowicz-kilar\/\" \/>\n<meta property=\"og:site_name\" content=\"Instytut Polski w Kijowie\" \/>\n<meta property=\"article:published_time\" content=\"2020-11-17T12:27:57+00:00\" \/>\n<meta property=\"article:modified_time\" content=\"2020-11-23T10:58:12+00:00\" \/>\n<meta property=\"og:image\" content=\"https:\/\/instytutpolski.pl\/kyiv\/wp-content\/uploads\/sites\/19\/2020\/11\/125766475_5310171552341791_6236772325529963472_o.jpg\" \/>\n\t<meta property=\"og:image:width\" content=\"683\" \/>\n\t<meta property=\"og:image:height\" content=\"1024\" \/>\n\t<meta property=\"og:image:type\" content=\"image\/jpeg\" \/>\n<meta name=\"author\" content=\"stakhivskaj\" \/>\n<meta name=\"twitter:card\" content=\"summary_large_image\" \/>\n<meta name=\"twitter:label1\" content=\"Napisane przez\" \/>\n\t<meta name=\"twitter:data1\" content=\"stakhivskaj\" \/>\n\t<meta name=\"twitter:label2\" content=\"Szacowany czas czytania\" \/>\n\t<meta name=\"twitter:data2\" content=\"1 minuta\" \/>\n<script type=\"application\/ld+json\" class=\"yoast-schema-graph\">{\"@context\":\"https:\/\/schema.org\",\"@graph\":[{\"@type\":\"event\",\"@id\":\"https:\/\/instytutpolski.pl\/kyiv\/pl\/2020\/11\/17\/chopin-karlowicz-kilar\/\",\"url\":\"https:\/\/instytutpolski.pl\/kyiv\/pl\/2020\/11\/17\/chopin-karlowicz-kilar\/\",\"name\":\"Chopin. Kar\u0142owicz. Kilar.\",\"isPartOf\":{\"@id\":\"https:\/\/instytutpolski.pl\/kyiv\/#website\"},\"primaryImageOfPage\":{\"@id\":\"https:\/\/instytutpolski.pl\/kyiv\/pl\/2020\/11\/17\/chopin-karlowicz-kilar\/#primaryimage\"},\"image\":[\"https:\/\/instytutpolski.pl\/kyiv\/wp-content\/uploads\/sites\/19\/2020\/11\/125766475_5310171552341791_6236772325529963472_o.jpg\",\"https:\/\/instytutpolski.pl\/kyiv\/wp-content\/uploads\/sites\/19\/2020\/11\/125766475_5310171552341791_6236772325529963472_o-200x300.jpg\",\"https:\/\/instytutpolski.pl\/kyiv\/wp-content\/uploads\/sites\/19\/2020\/11\/125766475_5310171552341791_6236772325529963472_o.jpg\",\"https:\/\/instytutpolski.pl\/kyiv\/wp-content\/uploads\/sites\/19\/2020\/11\/125766475_5310171552341791_6236772325529963472_o.jpg\"],\"thumbnailUrl\":\"https:\/\/instytutpolski.pl\/kyiv\/wp-content\/uploads\/sites\/19\/2020\/11\/125766475_5310171552341791_6236772325529963472_o.jpg\",\"datePublished\":\"2020-11-17T12:27:57+02:00\",\"dateModified\":\"2020-11-23T10:58:12+02:00\",\"author\":{\"@id\":\"https:\/\/instytutpolski.pl\/kyiv\/#\/schema\/person\/d866a3625e2372765831e1399715ed52\"},\"breadcrumb\":{\"@id\":\"https:\/\/instytutpolski.pl\/kyiv\/pl\/2020\/11\/17\/chopin-karlowicz-kilar\/#breadcrumb\"},\"inLanguage\":\"pl-PL\",\"potentialAction\":[{\"@type\":\"ReadAction\",\"target\":[\"https:\/\/instytutpolski.pl\/kyiv\/pl\/2020\/11\/17\/chopin-karlowicz-kilar\/\"]}],\"@context\":\"https:\/\/schema.org\",\"startDate\":\"2020-11-20T06:30:00+02:00\",\"endDate\":\"2020-11-20T08:00:00+02:00\",\"eventStatus\":\"EventScheduled\",\"eventAttendanceMode\":\"OfflineEventAttendanceMode\",\"location\":{\"@type\":\"place\",\"name\":\"m. Chmielnicki, ul. Gagarina, 7\",\"address\":\"m. Chmielnicki, ul. Gagarina, 7\",\"geo\":{\"@type\":\"GeoCoordinates\",\"latitude\":\"0\",\"longitude\":\"0\"}},\"description\":\"W 2020 roku \u015bwi\u0119tujemy 210 rocznic\u0119 urodzin Fryderyka Chopina. Z tej okazji Fundacja \\\"Pro Musica Viva\\\" w oparciu o dotacj\u0119 Ministra Kultury i Dziedzictwa Narodowego oraz przy finansowym wsparciu Instytutu Polskiego w Kijowie, we wsp\u00f3\u0142pracy z Filharmoniami we Lwowie i Chmielnickim, a tak\u017ce z Narodow\u0105 Orkiestr\u0105 Symfoniczn\u0105 Ukrainy organizuje cykl koncert\u00f3w pt. \\\"Muzyka polska w Ukrainie\\\". W repertuarze koncert\u00f3w znajd\u0105 si\u0119 utwory Fryderyka Chopina, Mieczys\u0142awa Kar\u0142owicza i Wojciecha Kilara. Solist\u0105 b\u0119dzie m\u0142ody pianista Tomasz Marut, a symfonicznymi orkiestrami dyrygowa\u0107 b\u0119dzie Roman Rewakowicz.\\n20 listopada 18:30Sala Wielka Filharmonii Chmielnickiej\\nTomasz Marut \u2013 fortepian.Orkiestra Symfoniczna Filharmonii Chmielnickiej.Roman Rewakowicz \u2013 dyrygent.\\nProgram:\\nMieczys\u0142aw Kar\u0142owicz \u2013 \\\"Serenada\\\" na orkiestr\u0119 smyczkow\u0105 op. 2 (1896).Wojciech Kilar \u2013 \\\"Orawa\\\" na orkiestr\u0119 smyczkow\u0105 (1986).Fryderyk Chopin \u2013 Koncert Fortepianowy nr 1 e-moll op. 11 (1830).\\nDofinansowano ze \u015brodk\u00f3w Ministra Kultury i Dziedzictwa Narodowego pochodz\u0105cych z Funduszu Promocji Kultury, uzyskanych z dop\u0142at ustanowionych w grach obj\u0119tych monopolem pa\u0144stwa, zgodnie z art. 80 ust. 1 ustawy z dnia 19 listopada 2009 r. o grach hazardowych.\"},{\"@type\":\"ImageObject\",\"inLanguage\":\"pl-PL\",\"@id\":\"https:\/\/instytutpolski.pl\/kyiv\/pl\/2020\/11\/17\/chopin-karlowicz-kilar\/#primaryimage\",\"url\":\"https:\/\/instytutpolski.pl\/kyiv\/wp-content\/uploads\/sites\/19\/2020\/11\/125766475_5310171552341791_6236772325529963472_o.jpg\",\"contentUrl\":\"https:\/\/instytutpolski.pl\/kyiv\/wp-content\/uploads\/sites\/19\/2020\/11\/125766475_5310171552341791_6236772325529963472_o.jpg\",\"width\":683,\"height\":1024},{\"@type\":\"BreadcrumbList\",\"@id\":\"https:\/\/instytutpolski.pl\/kyiv\/pl\/2020\/11\/17\/chopin-karlowicz-kilar\/#breadcrumb\",\"itemListElement\":[{\"@type\":\"ListItem\",\"position\":1,\"name\":\"Home\",\"item\":\"https:\/\/instytutpolski.pl\/kyiv\/\"},{\"@type\":\"ListItem\",\"position\":2,\"name\":\"Chopin. Kar\u0142owicz. Kilar.\"}]},{\"@type\":\"WebSite\",\"@id\":\"https:\/\/instytutpolski.pl\/kyiv\/#website\",\"url\":\"https:\/\/instytutpolski.pl\/kyiv\/\",\"name\":\"Instytut Polski w Kijowie\",\"description\":\"Instytuty Polskie\",\"potentialAction\":[{\"@type\":\"SearchAction\",\"target\":{\"@type\":\"EntryPoint\",\"urlTemplate\":\"https:\/\/instytutpolski.pl\/kyiv\/?s={search_term_string}\"},\"query-input\":{\"@type\":\"PropertyValueSpecification\",\"valueRequired\":true,\"valueName\":\"search_term_string\"}}],\"inLanguage\":\"pl-PL\"},{\"@type\":\"Person\",\"@id\":\"https:\/\/instytutpolski.pl\/kyiv\/#\/schema\/person\/d866a3625e2372765831e1399715ed52\",\"name\":\"stakhivskaj\",\"image\":{\"@type\":\"ImageObject\",\"inLanguage\":\"pl-PL\",\"@id\":\"https:\/\/instytutpolski.pl\/kyiv\/#\/schema\/person\/image\/\",\"url\":\"https:\/\/secure.gravatar.com\/avatar\/ecf64eaf0b1c478b2d56e921c6cb89ba?s=96&d=mm&r=g\",\"contentUrl\":\"https:\/\/secure.gravatar.com\/avatar\/ecf64eaf0b1c478b2d56e921c6cb89ba?s=96&d=mm&r=g\",\"caption\":\"stakhivskaj\"},\"sameAs\":[\"stakhivskaj\"],\"url\":\"https:\/\/instytutpolski.pl\/kyiv\/author\/stakhivskaj\/\"}]}<\/script>\n<!-- \/ Yoast SEO plugin. -->","yoast_head_json":{"title":"Chopin. Kar\u0142owicz. Kilar. - Instytut Polski w Kijowie","robots":{"index":"index","follow":"follow","max-snippet":"max-snippet:-1","max-image-preview":"max-image-preview:large","max-video-preview":"max-video-preview:-1"},"canonical":"https:\/\/instytutpolski.pl\/kyiv\/pl\/2020\/11\/17\/chopin-karlowicz-kilar\/","og_locale":"pl_PL","og_type":"article","og_title":"Chopin. Kar\u0142owicz. Kilar. - Instytut Polski w Kijowie","og_description":"W 2020 roku \u015bwi\u0119tujemy 210 rocznic\u0119 urodzin Fryderyka Chopina. Z tej okazji Fundacja &#8222;Pro Musica Viva&#8221; w oparciu o dotacj\u0119 Ministra Kultury i Dziedzictwa Narodowego oraz przy finansowym wsparciu Instytutu Polskiego w Kijowie, we wsp\u00f3\u0142pracy z Filharmoniami we Lwowie i Chmielnickim, a tak\u017ce z Narodow\u0105 Orkiestr\u0105 Symfoniczn\u0105 Ukrainy organizuje cykl koncert\u00f3w pt. &#8222;Muzyka polska w [&hellip;]","og_url":"https:\/\/instytutpolski.pl\/kyiv\/pl\/2020\/11\/17\/chopin-karlowicz-kilar\/","og_site_name":"Instytut Polski w Kijowie","article_published_time":"2020-11-17T12:27:57+00:00","article_modified_time":"2020-11-23T10:58:12+00:00","og_image":[{"width":683,"height":1024,"url":"https:\/\/instytutpolski.pl\/kyiv\/wp-content\/uploads\/sites\/19\/2020\/11\/125766475_5310171552341791_6236772325529963472_o.jpg","type":"image\/jpeg"}],"author":"stakhivskaj","twitter_card":"summary_large_image","twitter_misc":{"Napisane przez":"stakhivskaj","Szacowany czas czytania":"1 minuta"},"schema":{"@context":"https:\/\/schema.org","@graph":[{"@type":"event","@id":"https:\/\/instytutpolski.pl\/kyiv\/pl\/2020\/11\/17\/chopin-karlowicz-kilar\/","url":"https:\/\/instytutpolski.pl\/kyiv\/pl\/2020\/11\/17\/chopin-karlowicz-kilar\/","name":"Chopin. Kar\u0142owicz. Kilar.","isPartOf":{"@id":"https:\/\/instytutpolski.pl\/kyiv\/#website"},"primaryImageOfPage":{"@id":"https:\/\/instytutpolski.pl\/kyiv\/pl\/2020\/11\/17\/chopin-karlowicz-kilar\/#primaryimage"},"image":["https:\/\/instytutpolski.pl\/kyiv\/wp-content\/uploads\/sites\/19\/2020\/11\/125766475_5310171552341791_6236772325529963472_o.jpg","https:\/\/instytutpolski.pl\/kyiv\/wp-content\/uploads\/sites\/19\/2020\/11\/125766475_5310171552341791_6236772325529963472_o-200x300.jpg","https:\/\/instytutpolski.pl\/kyiv\/wp-content\/uploads\/sites\/19\/2020\/11\/125766475_5310171552341791_6236772325529963472_o.jpg","https:\/\/instytutpolski.pl\/kyiv\/wp-content\/uploads\/sites\/19\/2020\/11\/125766475_5310171552341791_6236772325529963472_o.jpg"],"thumbnailUrl":"https:\/\/instytutpolski.pl\/kyiv\/wp-content\/uploads\/sites\/19\/2020\/11\/125766475_5310171552341791_6236772325529963472_o.jpg","datePublished":"2020-11-17T12:27:57+02:00","dateModified":"2020-11-23T10:58:12+02:00","author":{"@id":"https:\/\/instytutpolski.pl\/kyiv\/#\/schema\/person\/d866a3625e2372765831e1399715ed52"},"breadcrumb":{"@id":"https:\/\/instytutpolski.pl\/kyiv\/pl\/2020\/11\/17\/chopin-karlowicz-kilar\/#breadcrumb"},"inLanguage":"pl-PL","potentialAction":[{"@type":"ReadAction","target":["https:\/\/instytutpolski.pl\/kyiv\/pl\/2020\/11\/17\/chopin-karlowicz-kilar\/"]}],"@context":"https:\/\/schema.org","startDate":"2020-11-20T06:30:00+02:00","endDate":"2020-11-20T08:00:00+02:00","eventStatus":"EventScheduled","eventAttendanceMode":"OfflineEventAttendanceMode","location":{"@type":"place","name":"m. Chmielnicki, ul. Gagarina, 7","address":"m. Chmielnicki, ul. Gagarina, 7","geo":{"@type":"GeoCoordinates","latitude":"0","longitude":"0"}},"description":"W 2020 roku \u015bwi\u0119tujemy 210 rocznic\u0119 urodzin Fryderyka Chopina. Z tej okazji Fundacja \"Pro Musica Viva\" w oparciu o dotacj\u0119 Ministra Kultury i Dziedzictwa Narodowego oraz przy finansowym wsparciu Instytutu Polskiego w Kijowie, we wsp\u00f3\u0142pracy z Filharmoniami we Lwowie i Chmielnickim, a tak\u017ce z Narodow\u0105 Orkiestr\u0105 Symfoniczn\u0105 Ukrainy organizuje cykl koncert\u00f3w pt. \"Muzyka polska w Ukrainie\". W repertuarze koncert\u00f3w znajd\u0105 si\u0119 utwory Fryderyka Chopina, Mieczys\u0142awa Kar\u0142owicza i Wojciecha Kilara. Solist\u0105 b\u0119dzie m\u0142ody pianista Tomasz Marut, a symfonicznymi orkiestrami dyrygowa\u0107 b\u0119dzie Roman Rewakowicz.\n20 listopada 18:30Sala Wielka Filharmonii Chmielnickiej\nTomasz Marut \u2013 fortepian.Orkiestra Symfoniczna Filharmonii Chmielnickiej.Roman Rewakowicz \u2013 dyrygent.\nProgram:\nMieczys\u0142aw Kar\u0142owicz \u2013 \"Serenada\" na orkiestr\u0119 smyczkow\u0105 op. 2 (1896).Wojciech Kilar \u2013 \"Orawa\" na orkiestr\u0119 smyczkow\u0105 (1986).Fryderyk Chopin \u2013 Koncert Fortepianowy nr 1 e-moll op. 11 (1830).\nDofinansowano ze \u015brodk\u00f3w Ministra Kultury i Dziedzictwa Narodowego pochodz\u0105cych z Funduszu Promocji Kultury, uzyskanych z dop\u0142at ustanowionych w grach obj\u0119tych monopolem pa\u0144stwa, zgodnie z art. 80 ust. 1 ustawy z dnia 19 listopada 2009 r. o grach hazardowych."},{"@type":"ImageObject","inLanguage":"pl-PL","@id":"https:\/\/instytutpolski.pl\/kyiv\/pl\/2020\/11\/17\/chopin-karlowicz-kilar\/#primaryimage","url":"https:\/\/instytutpolski.pl\/kyiv\/wp-content\/uploads\/sites\/19\/2020\/11\/125766475_5310171552341791_6236772325529963472_o.jpg","contentUrl":"https:\/\/instytutpolski.pl\/kyiv\/wp-content\/uploads\/sites\/19\/2020\/11\/125766475_5310171552341791_6236772325529963472_o.jpg","width":683,"height":1024},{"@type":"BreadcrumbList","@id":"https:\/\/instytutpolski.pl\/kyiv\/pl\/2020\/11\/17\/chopin-karlowicz-kilar\/#breadcrumb","itemListElement":[{"@type":"ListItem","position":1,"name":"Home","item":"https:\/\/instytutpolski.pl\/kyiv\/"},{"@type":"ListItem","position":2,"name":"Chopin. Kar\u0142owicz. Kilar."}]},{"@type":"WebSite","@id":"https:\/\/instytutpolski.pl\/kyiv\/#website","url":"https:\/\/instytutpolski.pl\/kyiv\/","name":"Instytut Polski w Kijowie","description":"Instytuty Polskie","potentialAction":[{"@type":"SearchAction","target":{"@type":"EntryPoint","urlTemplate":"https:\/\/instytutpolski.pl\/kyiv\/?s={search_term_string}"},"query-input":{"@type":"PropertyValueSpecification","valueRequired":true,"valueName":"search_term_string"}}],"inLanguage":"pl-PL"},{"@type":"Person","@id":"https:\/\/instytutpolski.pl\/kyiv\/#\/schema\/person\/d866a3625e2372765831e1399715ed52","name":"stakhivskaj","image":{"@type":"ImageObject","inLanguage":"pl-PL","@id":"https:\/\/instytutpolski.pl\/kyiv\/#\/schema\/person\/image\/","url":"https:\/\/secure.gravatar.com\/avatar\/ecf64eaf0b1c478b2d56e921c6cb89ba?s=96&d=mm&r=g","contentUrl":"https:\/\/secure.gravatar.com\/avatar\/ecf64eaf0b1c478b2d56e921c6cb89ba?s=96&d=mm&r=g","caption":"stakhivskaj"},"sameAs":["stakhivskaj"],"url":"https:\/\/instytutpolski.pl\/kyiv\/author\/stakhivskaj\/"}]}},"_links":{"self":[{"href":"https:\/\/instytutpolski.pl\/kyiv\/wp-json\/wp\/v2\/posts\/5117","targetHints":{"allow":["GET"]}}],"collection":[{"href":"https:\/\/instytutpolski.pl\/kyiv\/wp-json\/wp\/v2\/posts"}],"about":[{"href":"https:\/\/instytutpolski.pl\/kyiv\/wp-json\/wp\/v2\/types\/post"}],"author":[{"embeddable":true,"href":"https:\/\/instytutpolski.pl\/kyiv\/wp-json\/wp\/v2\/users\/134"}],"replies":[{"embeddable":true,"href":"https:\/\/instytutpolski.pl\/kyiv\/wp-json\/wp\/v2\/comments?post=5117"}],"version-history":[{"count":4,"href":"https:\/\/instytutpolski.pl\/kyiv\/wp-json\/wp\/v2\/posts\/5117\/revisions"}],"predecessor-version":[{"id":5162,"href":"https:\/\/instytutpolski.pl\/kyiv\/wp-json\/wp\/v2\/posts\/5117\/revisions\/5162"}],"wp:featuredmedia":[{"embeddable":true,"href":"https:\/\/instytutpolski.pl\/kyiv\/wp-json\/wp\/v2\/media\/5110"}],"wp:attachment":[{"href":"https:\/\/instytutpolski.pl\/kyiv\/wp-json\/wp\/v2\/media?parent=5117"}],"wp:term":[{"taxonomy":"category","embeddable":true,"href":"https:\/\/instytutpolski.pl\/kyiv\/wp-json\/wp\/v2\/categories?post=5117"},{"taxonomy":"post_tag","embeddable":true,"href":"https:\/\/instytutpolski.pl\/kyiv\/wp-json\/wp\/v2\/tags?post=5117"}],"curies":[{"name":"wp","href":"https:\/\/api.w.org\/{rel}","templated":true}]}}