{"id":939,"date":"2020-02-07T16:52:00","date_gmt":"2020-02-07T15:52:00","guid":{"rendered":"https:\/\/instytutpolski.pl\/kyiv\/?p=939"},"modified":"2020-05-31T07:06:15","modified_gmt":"2020-05-31T05:06:15","slug":"udzial-polskich-ekspertow-w-konferencji-muzycznej-selector-pro-2020","status":"publish","type":"post","link":"https:\/\/instytutpolski.pl\/kyiv\/pl\/2020\/02\/07\/udzial-polskich-ekspertow-w-konferencji-muzycznej-selector-pro-2020\/","title":{"rendered":"Selector PRO 2020"},"content":{"rendered":"<p>Celem projektu jest przekazanie ukrai\u0144skim aktorom sceny muzycznej (agentom, muzykom, promotorom etc.) europejskiego do\u015bwiadczenia organizacji wydarze\u0144 muzycznych. Polska na\u00a0<strong><a href=\"https:\/\/www.facebook.com\/events\/449831675686121\/\" target=\"_blank\" rel=\"noopener noreferrer\">Forum\u00a0<\/a><\/strong>b\u0119dzie obecna poprzez prezentacj\u0119 programu Katowice City of Music UNESCO. W 2015 roku Katowice zosta\u0142y przyj\u0119te do sieci Miast Kreatywnych UNESCO jako Miasto Muzyki. Projekt KMM jest realizowany przez Katowice Miasto Ogrod\u00f3w \u2013 Instytucj\u0119 Kultury im. Krystyny Bochenek.<\/p>\n<p>W konferencji wezm\u0105 udzia\u0142\u00a0<strong>Marek Szulik<\/strong>\u00a0\u2013 vice-dyrektor Katowice Miasto Ogrod\u00f3w oraz rzecznik prasowy tej instytucji \u2013\u00a0<strong>\u0141ukasz Ka\u0142\u0119basiak<\/strong>.<\/p>\n<p>W ramach\u00a0<strong><a href=\"https:\/\/www.facebook.com\/events\/449831675686121\/\" target=\"_blank\" rel=\"noopener noreferrer\">konferencji\u00a0<\/a><\/strong>odb\u0119d\u0105 si\u0119 spotkania profesjona\u0142\u00f3w, dyskusj\u0119, wyk\u0142ady i koncerty.<\/p>\n<p>Wi\u0119cej informacji: <a href=\"https:\/\/www.facebook.com\/events\/449831675686121\/\">https:\/\/www.facebook.com\/events\/449831675686121\/<\/a><\/p>\n","protected":false},"excerpt":{"rendered":"<p>Celem projektu jest przekazanie ukrai\u0144skim aktorom sceny muzycznej (agentom, muzykom, promotorom etc.) europejskiego do\u015bwiadczenia organizacji wydarze\u0144 muzycznych. Polska na\u00a0Forum\u00a0b\u0119dzie obecna poprzez prezentacj\u0119 programu Katowice City of Music UNESCO. W 2015 roku Katowice zosta\u0142y przyj\u0119te do sieci Miast Kreatywnych UNESCO jako Miasto Muzyki. Projekt KMM jest realizowany przez Katowice Miasto Ogrod\u00f3w \u2013 Instytucj\u0119 Kultury im. Krystyny [&hellip;]<\/p>\n","protected":false},"author":134,"featured_media":929,"comment_status":"open","ping_status":"open","sticky":false,"template":"","format":"standard","meta":{"inline_featured_image":false,"_monsterinsights_skip_tracking":false,"_monsterinsights_sitenote_active":false,"_monsterinsights_sitenote_note":"","_monsterinsights_sitenote_category":0,"footnotes":""},"categories":[65,75],"tags":[],"class_list":["post-939","post","type-post","status-publish","format-standard","has-post-thumbnail","hentry","category-muzyka-pl","category-wydarzenia"],"yoast_head":"<!-- This site is optimized with the Yoast SEO plugin v24.6 - https:\/\/yoast.com\/wordpress\/plugins\/seo\/ -->\n<title>Selector PRO 2020 - Instytut Polski w Kijowie<\/title>\n<meta name=\"robots\" content=\"index, follow, max-snippet:-1, max-image-preview:large, max-video-preview:-1\" \/>\n<link rel=\"canonical\" href=\"https:\/\/instytutpolski.pl\/kyiv\/pl\/2020\/02\/07\/udzial-polskich-ekspertow-w-konferencji-muzycznej-selector-pro-2020\/\" \/>\n<meta property=\"og:locale\" content=\"pl_PL\" \/>\n<meta property=\"og:type\" content=\"article\" \/>\n<meta property=\"og:title\" content=\"Selector PRO 2020 - Instytut Polski w Kijowie\" \/>\n<meta property=\"og:description\" content=\"Celem projektu jest przekazanie ukrai\u0144skim aktorom sceny muzycznej (agentom, muzykom, promotorom etc.) europejskiego do\u015bwiadczenia organizacji wydarze\u0144 muzycznych. Polska na\u00a0Forum\u00a0b\u0119dzie obecna poprzez prezentacj\u0119 programu Katowice City of Music UNESCO. W 2015 roku Katowice zosta\u0142y przyj\u0119te do sieci Miast Kreatywnych UNESCO jako Miasto Muzyki. Projekt KMM jest realizowany przez Katowice Miasto Ogrod\u00f3w \u2013 Instytucj\u0119 Kultury im. Krystyny [&hellip;]\" \/>\n<meta property=\"og:url\" content=\"https:\/\/instytutpolski.pl\/kyiv\/pl\/2020\/02\/07\/udzial-polskich-ekspertow-w-konferencji-muzycznej-selector-pro-2020\/\" \/>\n<meta property=\"og:site_name\" content=\"Instytut Polski w Kijowie\" \/>\n<meta property=\"article:published_time\" content=\"2020-02-07T15:52:00+00:00\" \/>\n<meta property=\"article:modified_time\" content=\"2020-05-31T05:06:15+00:00\" \/>\n<meta property=\"og:image\" content=\"https:\/\/instytutpolski.pl\/kyiv\/wp-content\/uploads\/sites\/19\/2020\/01\/selector_web_800x450_ukr.jpg\" \/>\n\t<meta property=\"og:image:width\" content=\"800\" \/>\n\t<meta property=\"og:image:height\" content=\"450\" \/>\n\t<meta property=\"og:image:type\" content=\"image\/jpeg\" \/>\n<meta name=\"author\" content=\"stakhivskaj\" \/>\n<meta name=\"twitter:card\" content=\"summary_large_image\" \/>\n<meta name=\"twitter:label1\" content=\"Napisane przez\" \/>\n\t<meta name=\"twitter:data1\" content=\"stakhivskaj\" \/>\n\t<meta name=\"twitter:label2\" content=\"Szacowany czas czytania\" \/>\n\t<meta name=\"twitter:data2\" content=\"1 minuta\" \/>\n<script type=\"application\/ld+json\" class=\"yoast-schema-graph\">{\"@context\":\"https:\/\/schema.org\",\"@graph\":[{\"@type\":\"event\",\"@id\":\"https:\/\/instytutpolski.pl\/kyiv\/pl\/2020\/02\/07\/udzial-polskich-ekspertow-w-konferencji-muzycznej-selector-pro-2020\/\",\"url\":\"https:\/\/instytutpolski.pl\/kyiv\/pl\/2020\/02\/07\/udzial-polskich-ekspertow-w-konferencji-muzycznej-selector-pro-2020\/\",\"name\":\"Selector PRO 2020\",\"isPartOf\":{\"@id\":\"https:\/\/instytutpolski.pl\/kyiv\/#website\"},\"primaryImageOfPage\":{\"@id\":\"https:\/\/instytutpolski.pl\/kyiv\/pl\/2020\/02\/07\/udzial-polskich-ekspertow-w-konferencji-muzycznej-selector-pro-2020\/#primaryimage\"},\"image\":[\"https:\/\/instytutpolski.pl\/kyiv\/wp-content\/uploads\/sites\/19\/2020\/01\/selector_web_800x450_ukr.jpg\",\"https:\/\/instytutpolski.pl\/kyiv\/wp-content\/uploads\/sites\/19\/2020\/01\/selector_web_800x450_ukr-300x169.jpg\",\"https:\/\/instytutpolski.pl\/kyiv\/wp-content\/uploads\/sites\/19\/2020\/01\/selector_web_800x450_ukr.jpg\",\"https:\/\/instytutpolski.pl\/kyiv\/wp-content\/uploads\/sites\/19\/2020\/01\/selector_web_800x450_ukr.jpg\"],\"thumbnailUrl\":\"https:\/\/instytutpolski.pl\/kyiv\/wp-content\/uploads\/sites\/19\/2020\/01\/selector_web_800x450_ukr.jpg\",\"datePublished\":\"2020-02-07T15:52:00+02:00\",\"dateModified\":\"2020-05-31T05:06:15+02:00\",\"author\":{\"@id\":\"https:\/\/instytutpolski.pl\/kyiv\/#\/schema\/person\/d866a3625e2372765831e1399715ed52\"},\"breadcrumb\":{\"@id\":\"https:\/\/instytutpolski.pl\/kyiv\/pl\/2020\/02\/07\/udzial-polskich-ekspertow-w-konferencji-muzycznej-selector-pro-2020\/#breadcrumb\"},\"inLanguage\":\"pl-PL\",\"potentialAction\":[{\"@type\":\"ReadAction\",\"target\":[\"https:\/\/instytutpolski.pl\/kyiv\/pl\/2020\/02\/07\/udzial-polskich-ekspertow-w-konferencji-muzycznej-selector-pro-2020\/\"]}],\"@context\":\"https:\/\/schema.org\",\"startDate\":\"2020-02-07\",\"endDate\":\"2020-02-08\",\"eventStatus\":\"EventScheduled\",\"eventAttendanceMode\":\"OfflineEventAttendanceMode\",\"location\":{\"@type\":\"place\",\"name\":\"Kij\u00f3w | Osvitoria Hub | ul. Moskiewska 2 \",\"address\":\"Kij\u00f3w | Osvitoria Hub | ul. Moskiewska 2 \",\"geo\":{\"@type\":\"GeoCoordinates\",\"latitude\":\"50.4536416\",\"longitude\":\"30.5227418\"}},\"description\":\"Celem projektu jest przekazanie ukrai\u0144skim aktorom sceny muzycznej (agentom, muzykom, promotorom etc.) europejskiego do\u015bwiadczenia organizacji wydarze\u0144 muzycznych. Polska na\u00a0Forum\u00a0b\u0119dzie obecna poprzez prezentacj\u0119 programu Katowice City of Music UNESCO. W 2015 roku Katowice zosta\u0142y przyj\u0119te do sieci Miast Kreatywnych UNESCO jako Miasto Muzyki. Projekt KMM jest realizowany przez Katowice Miasto Ogrod\u00f3w \u2013 Instytucj\u0119 Kultury im. Krystyny Bochenek.\\nW konferencji wezm\u0105 udzia\u0142\u00a0Marek Szulik\u00a0\u2013 vice-dyrektor Katowice Miasto Ogrod\u00f3w oraz rzecznik prasowy tej instytucji \u2013\u00a0\u0141ukasz Ka\u0142\u0119basiak.\\nW ramach\u00a0konferencji\u00a0odb\u0119d\u0105 si\u0119 spotkania profesjona\u0142\u00f3w, dyskusj\u0119, wyk\u0142ady i koncerty.\\nWi\u0119cej informacji: https:\/\/www.facebook.com\/events\/449831675686121\/\"},{\"@type\":\"ImageObject\",\"inLanguage\":\"pl-PL\",\"@id\":\"https:\/\/instytutpolski.pl\/kyiv\/pl\/2020\/02\/07\/udzial-polskich-ekspertow-w-konferencji-muzycznej-selector-pro-2020\/#primaryimage\",\"url\":\"https:\/\/instytutpolski.pl\/kyiv\/wp-content\/uploads\/sites\/19\/2020\/01\/selector_web_800x450_ukr.jpg\",\"contentUrl\":\"https:\/\/instytutpolski.pl\/kyiv\/wp-content\/uploads\/sites\/19\/2020\/01\/selector_web_800x450_ukr.jpg\",\"width\":800,\"height\":450},{\"@type\":\"BreadcrumbList\",\"@id\":\"https:\/\/instytutpolski.pl\/kyiv\/pl\/2020\/02\/07\/udzial-polskich-ekspertow-w-konferencji-muzycznej-selector-pro-2020\/#breadcrumb\",\"itemListElement\":[{\"@type\":\"ListItem\",\"position\":1,\"name\":\"Home\",\"item\":\"https:\/\/instytutpolski.pl\/kyiv\/\"},{\"@type\":\"ListItem\",\"position\":2,\"name\":\"Selector PRO 2020\"}]},{\"@type\":\"WebSite\",\"@id\":\"https:\/\/instytutpolski.pl\/kyiv\/#website\",\"url\":\"https:\/\/instytutpolski.pl\/kyiv\/\",\"name\":\"Instytut Polski w Kijowie\",\"description\":\"Instytuty Polskie\",\"potentialAction\":[{\"@type\":\"SearchAction\",\"target\":{\"@type\":\"EntryPoint\",\"urlTemplate\":\"https:\/\/instytutpolski.pl\/kyiv\/?s={search_term_string}\"},\"query-input\":{\"@type\":\"PropertyValueSpecification\",\"valueRequired\":true,\"valueName\":\"search_term_string\"}}],\"inLanguage\":\"pl-PL\"},{\"@type\":\"Person\",\"@id\":\"https:\/\/instytutpolski.pl\/kyiv\/#\/schema\/person\/d866a3625e2372765831e1399715ed52\",\"name\":\"stakhivskaj\",\"image\":{\"@type\":\"ImageObject\",\"inLanguage\":\"pl-PL\",\"@id\":\"https:\/\/instytutpolski.pl\/kyiv\/#\/schema\/person\/image\/\",\"url\":\"https:\/\/secure.gravatar.com\/avatar\/ecf64eaf0b1c478b2d56e921c6cb89ba?s=96&d=mm&r=g\",\"contentUrl\":\"https:\/\/secure.gravatar.com\/avatar\/ecf64eaf0b1c478b2d56e921c6cb89ba?s=96&d=mm&r=g\",\"caption\":\"stakhivskaj\"},\"sameAs\":[\"stakhivskaj\"],\"url\":\"https:\/\/instytutpolski.pl\/kyiv\/author\/stakhivskaj\/\"}]}<\/script>\n<!-- \/ Yoast SEO plugin. -->","yoast_head_json":{"title":"Selector PRO 2020 - Instytut Polski w Kijowie","robots":{"index":"index","follow":"follow","max-snippet":"max-snippet:-1","max-image-preview":"max-image-preview:large","max-video-preview":"max-video-preview:-1"},"canonical":"https:\/\/instytutpolski.pl\/kyiv\/pl\/2020\/02\/07\/udzial-polskich-ekspertow-w-konferencji-muzycznej-selector-pro-2020\/","og_locale":"pl_PL","og_type":"article","og_title":"Selector PRO 2020 - Instytut Polski w Kijowie","og_description":"Celem projektu jest przekazanie ukrai\u0144skim aktorom sceny muzycznej (agentom, muzykom, promotorom etc.) europejskiego do\u015bwiadczenia organizacji wydarze\u0144 muzycznych. Polska na\u00a0Forum\u00a0b\u0119dzie obecna poprzez prezentacj\u0119 programu Katowice City of Music UNESCO. W 2015 roku Katowice zosta\u0142y przyj\u0119te do sieci Miast Kreatywnych UNESCO jako Miasto Muzyki. Projekt KMM jest realizowany przez Katowice Miasto Ogrod\u00f3w \u2013 Instytucj\u0119 Kultury im. Krystyny [&hellip;]","og_url":"https:\/\/instytutpolski.pl\/kyiv\/pl\/2020\/02\/07\/udzial-polskich-ekspertow-w-konferencji-muzycznej-selector-pro-2020\/","og_site_name":"Instytut Polski w Kijowie","article_published_time":"2020-02-07T15:52:00+00:00","article_modified_time":"2020-05-31T05:06:15+00:00","og_image":[{"width":800,"height":450,"url":"https:\/\/instytutpolski.pl\/kyiv\/wp-content\/uploads\/sites\/19\/2020\/01\/selector_web_800x450_ukr.jpg","type":"image\/jpeg"}],"author":"stakhivskaj","twitter_card":"summary_large_image","twitter_misc":{"Napisane przez":"stakhivskaj","Szacowany czas czytania":"1 minuta"},"schema":{"@context":"https:\/\/schema.org","@graph":[{"@type":"event","@id":"https:\/\/instytutpolski.pl\/kyiv\/pl\/2020\/02\/07\/udzial-polskich-ekspertow-w-konferencji-muzycznej-selector-pro-2020\/","url":"https:\/\/instytutpolski.pl\/kyiv\/pl\/2020\/02\/07\/udzial-polskich-ekspertow-w-konferencji-muzycznej-selector-pro-2020\/","name":"Selector PRO 2020","isPartOf":{"@id":"https:\/\/instytutpolski.pl\/kyiv\/#website"},"primaryImageOfPage":{"@id":"https:\/\/instytutpolski.pl\/kyiv\/pl\/2020\/02\/07\/udzial-polskich-ekspertow-w-konferencji-muzycznej-selector-pro-2020\/#primaryimage"},"image":["https:\/\/instytutpolski.pl\/kyiv\/wp-content\/uploads\/sites\/19\/2020\/01\/selector_web_800x450_ukr.jpg","https:\/\/instytutpolski.pl\/kyiv\/wp-content\/uploads\/sites\/19\/2020\/01\/selector_web_800x450_ukr-300x169.jpg","https:\/\/instytutpolski.pl\/kyiv\/wp-content\/uploads\/sites\/19\/2020\/01\/selector_web_800x450_ukr.jpg","https:\/\/instytutpolski.pl\/kyiv\/wp-content\/uploads\/sites\/19\/2020\/01\/selector_web_800x450_ukr.jpg"],"thumbnailUrl":"https:\/\/instytutpolski.pl\/kyiv\/wp-content\/uploads\/sites\/19\/2020\/01\/selector_web_800x450_ukr.jpg","datePublished":"2020-02-07T15:52:00+02:00","dateModified":"2020-05-31T05:06:15+02:00","author":{"@id":"https:\/\/instytutpolski.pl\/kyiv\/#\/schema\/person\/d866a3625e2372765831e1399715ed52"},"breadcrumb":{"@id":"https:\/\/instytutpolski.pl\/kyiv\/pl\/2020\/02\/07\/udzial-polskich-ekspertow-w-konferencji-muzycznej-selector-pro-2020\/#breadcrumb"},"inLanguage":"pl-PL","potentialAction":[{"@type":"ReadAction","target":["https:\/\/instytutpolski.pl\/kyiv\/pl\/2020\/02\/07\/udzial-polskich-ekspertow-w-konferencji-muzycznej-selector-pro-2020\/"]}],"@context":"https:\/\/schema.org","startDate":"2020-02-07","endDate":"2020-02-08","eventStatus":"EventScheduled","eventAttendanceMode":"OfflineEventAttendanceMode","location":{"@type":"place","name":"Kij\u00f3w | Osvitoria Hub | ul. Moskiewska 2 ","address":"Kij\u00f3w | Osvitoria Hub | ul. Moskiewska 2 ","geo":{"@type":"GeoCoordinates","latitude":"50.4536416","longitude":"30.5227418"}},"description":"Celem projektu jest przekazanie ukrai\u0144skim aktorom sceny muzycznej (agentom, muzykom, promotorom etc.) europejskiego do\u015bwiadczenia organizacji wydarze\u0144 muzycznych. Polska na\u00a0Forum\u00a0b\u0119dzie obecna poprzez prezentacj\u0119 programu Katowice City of Music UNESCO. W 2015 roku Katowice zosta\u0142y przyj\u0119te do sieci Miast Kreatywnych UNESCO jako Miasto Muzyki. Projekt KMM jest realizowany przez Katowice Miasto Ogrod\u00f3w \u2013 Instytucj\u0119 Kultury im. Krystyny Bochenek.\nW konferencji wezm\u0105 udzia\u0142\u00a0Marek Szulik\u00a0\u2013 vice-dyrektor Katowice Miasto Ogrod\u00f3w oraz rzecznik prasowy tej instytucji \u2013\u00a0\u0141ukasz Ka\u0142\u0119basiak.\nW ramach\u00a0konferencji\u00a0odb\u0119d\u0105 si\u0119 spotkania profesjona\u0142\u00f3w, dyskusj\u0119, wyk\u0142ady i koncerty.\nWi\u0119cej informacji: https:\/\/www.facebook.com\/events\/449831675686121\/"},{"@type":"ImageObject","inLanguage":"pl-PL","@id":"https:\/\/instytutpolski.pl\/kyiv\/pl\/2020\/02\/07\/udzial-polskich-ekspertow-w-konferencji-muzycznej-selector-pro-2020\/#primaryimage","url":"https:\/\/instytutpolski.pl\/kyiv\/wp-content\/uploads\/sites\/19\/2020\/01\/selector_web_800x450_ukr.jpg","contentUrl":"https:\/\/instytutpolski.pl\/kyiv\/wp-content\/uploads\/sites\/19\/2020\/01\/selector_web_800x450_ukr.jpg","width":800,"height":450},{"@type":"BreadcrumbList","@id":"https:\/\/instytutpolski.pl\/kyiv\/pl\/2020\/02\/07\/udzial-polskich-ekspertow-w-konferencji-muzycznej-selector-pro-2020\/#breadcrumb","itemListElement":[{"@type":"ListItem","position":1,"name":"Home","item":"https:\/\/instytutpolski.pl\/kyiv\/"},{"@type":"ListItem","position":2,"name":"Selector PRO 2020"}]},{"@type":"WebSite","@id":"https:\/\/instytutpolski.pl\/kyiv\/#website","url":"https:\/\/instytutpolski.pl\/kyiv\/","name":"Instytut Polski w Kijowie","description":"Instytuty Polskie","potentialAction":[{"@type":"SearchAction","target":{"@type":"EntryPoint","urlTemplate":"https:\/\/instytutpolski.pl\/kyiv\/?s={search_term_string}"},"query-input":{"@type":"PropertyValueSpecification","valueRequired":true,"valueName":"search_term_string"}}],"inLanguage":"pl-PL"},{"@type":"Person","@id":"https:\/\/instytutpolski.pl\/kyiv\/#\/schema\/person\/d866a3625e2372765831e1399715ed52","name":"stakhivskaj","image":{"@type":"ImageObject","inLanguage":"pl-PL","@id":"https:\/\/instytutpolski.pl\/kyiv\/#\/schema\/person\/image\/","url":"https:\/\/secure.gravatar.com\/avatar\/ecf64eaf0b1c478b2d56e921c6cb89ba?s=96&d=mm&r=g","contentUrl":"https:\/\/secure.gravatar.com\/avatar\/ecf64eaf0b1c478b2d56e921c6cb89ba?s=96&d=mm&r=g","caption":"stakhivskaj"},"sameAs":["stakhivskaj"],"url":"https:\/\/instytutpolski.pl\/kyiv\/author\/stakhivskaj\/"}]}},"_links":{"self":[{"href":"https:\/\/instytutpolski.pl\/kyiv\/wp-json\/wp\/v2\/posts\/939","targetHints":{"allow":["GET"]}}],"collection":[{"href":"https:\/\/instytutpolski.pl\/kyiv\/wp-json\/wp\/v2\/posts"}],"about":[{"href":"https:\/\/instytutpolski.pl\/kyiv\/wp-json\/wp\/v2\/types\/post"}],"author":[{"embeddable":true,"href":"https:\/\/instytutpolski.pl\/kyiv\/wp-json\/wp\/v2\/users\/134"}],"replies":[{"embeddable":true,"href":"https:\/\/instytutpolski.pl\/kyiv\/wp-json\/wp\/v2\/comments?post=939"}],"version-history":[{"count":3,"href":"https:\/\/instytutpolski.pl\/kyiv\/wp-json\/wp\/v2\/posts\/939\/revisions"}],"predecessor-version":[{"id":3096,"href":"https:\/\/instytutpolski.pl\/kyiv\/wp-json\/wp\/v2\/posts\/939\/revisions\/3096"}],"wp:featuredmedia":[{"embeddable":true,"href":"https:\/\/instytutpolski.pl\/kyiv\/wp-json\/wp\/v2\/media\/929"}],"wp:attachment":[{"href":"https:\/\/instytutpolski.pl\/kyiv\/wp-json\/wp\/v2\/media?parent=939"}],"wp:term":[{"taxonomy":"category","embeddable":true,"href":"https:\/\/instytutpolski.pl\/kyiv\/wp-json\/wp\/v2\/categories?post=939"},{"taxonomy":"post_tag","embeddable":true,"href":"https:\/\/instytutpolski.pl\/kyiv\/wp-json\/wp\/v2\/tags?post=939"}],"curies":[{"name":"wp","href":"https:\/\/api.w.org\/{rel}","templated":true}]}}