{"id":9694,"date":"2022-09-24T14:33:00","date_gmt":"2022-09-24T12:33:00","guid":{"rendered":"https:\/\/instytutpolski.pl\/leipzig\/?p=9694"},"modified":"2023-09-25T10:32:51","modified_gmt":"2023-09-25T08:32:51","slug":"deutsch-polnisches-herbstfest-2023","status":"publish","type":"post","link":"https:\/\/instytutpolski.pl\/leipzig\/2022\/09\/24\/deutsch-polnisches-herbstfest-2023\/","title":{"rendered":"Deutsch-Polnisches Herbstfest"},"content":{"rendered":"\n<p>Das Deutsch-Polnische Herbstfest ist mittlerweile eine liebgewonnene Tradition im Steinhaus Bautzen. In diesem Jahr gibt es f\u00fcr Kultur- und Sprachinteressierte wieder allerlei zu entdecken. Kulturelle Beitr\u00e4ge, traditionelle Speisen, Gespr\u00e4chsrunden und t\u00e4nzerische Begegnung bieten allen Besucher*innen Zeit und Raum f\u00fcr den interkulturellen Austausch.<\/p>\n<p>Er\u00f6ffnet wird die Veranstaltung gemeinsam mit der Ausl\u00e4nderbeauftragten des Landkreises Bautzen <strong>Anna Pi\u0119tak-Malinowska<\/strong> im Rahmen der <a href=\"https:\/\/www.landkreis-bautzen.de\/interkulturelle-wochen.php\">Interkulturellen Wochen 2023 &#8222;Neue R\u00e4ume&#8221;<\/a> im Landkreis Bautzen. Neben verschiedenen Liedern aus der Zeit um den Januaraufstand 1863 gibt es einen spannenden Vortrag von <strong>Bernd Karwen<\/strong> (Polnisches Institut Berlin \u2013 Filiale Leipzig) zu diesem Thema.<\/p>\n<p>Das Ensemble <strong>Rozmaryn<\/strong> \u2013 eine immer wieder gern willkommen gehei\u00dfene Folklore-Gruppe aus Bogatynia \u2013 begleitet den Abend mit traditionellen Ges\u00e4ngen, die zum Mitsingen einladen. Kulturelle Beitr\u00e4ge aus Bautzen werden das Programm auch f\u00fcr polnische G\u00e4ste spannend gestalten.<\/p>\n<p>Um den interkulturellen Austausch zu f\u00f6rdern, wird es die Gelegenheit geben, sich mit interkulturellen sowie deutsch-polnischen Engagierten und Initiativen in Gespr\u00e4chsrunden auszutauschen. F\u00fcr die Kleinsten wartet w\u00e4hrenddessen ein Programm speziell f\u00fcr Kinder. [Quelle: <a href=\"https:\/\/www.steinhaus-bautzen.de\/event\/deutsch-polnisches-herbstfest-2023-09-24-363\/register\">Steinhaus-Bautzen.de<\/a>]<\/p>\n<p>Veranstalter: Steinhaus e. V.<\/p>\n<p><strong>Info:<\/strong> <a href=\"https:\/\/www.steinhaus-bautzen.de\/event\/deutsch-polnisches-herbstfest-2023-09-24-363\/register\">steinhaus-bautzen.de<\/a><br \/><strong>Eintritt:<\/strong> frei, Anmeldung erbeten unter <span style=\"text-decoration: underline\">anna.pietak-malinowska@lra-bautzen.de<\/span><br \/><strong>Einlass:<\/strong> ab 14:30 Uhr<br \/><strong>Ort:<\/strong> Steinhaus, Steinstra\u00dfe 37, 02625 Bautzen<\/p>\n<pre><br \/>Foto \u00a9 Monster4711 \/ Wikipedia \/ CC BY-SA 3.0<\/pre>\n\n\n\n<hr class=\"wp-block-separator has-css-opacity\" \/>\n\n\n<h3>Empfehlungen des Polnischen Instituts:<\/h3><div class=\"event_loop event_list  no-list\" id=\"event_list1\" style=\"height:auto;\" ><div class=\"event_item event_future status-EventScheduled location-type-OfflineEventAttendanceMode category-Ausstellung post_tag-Ausstellung language-Deutsch post_tag-Dresden category-Empfehlungen\" data-color=\"000000\" style=\"\"><a href=\"https:\/\/instytutpolski.pl\/leipzig\/2025\/05\/31\/freiheit-eine-unvollendete-geschichte\/\"><h5>Freiheit. Eine unvollendete Geschichte <\/h5><\/a><div class=\"event_data event_date \" itemscope itemtype=\"http:\/\/microformats.org\/profile\/hcard\">\n\t\t\t\t\t\t<div class=\"event_date\" data-start=\"pi\u0105tek 20 czerwca 2025\" data-end=\"niedziela 31 maja 2026\"> <span class=\"linking_word linking_word-from\">from<\/span> <time class=\"date date-start\" itemprop=\"dtstart\" datetime=\"2025-06-20T00:00:00+00:00\">20 czerwca 2025<\/time> <span class=\"linking_word linking_word-to\">to<\/span> <time class=\"date date-to\" itemprop=\"dtend\" datetime=\"2026-05-31T00:00:00+00:00\">31 maja 2026<\/time>\n\t\t\t\t\t\t<\/div><!-- .event_date --><span class=\"eventpost-status\">Scheduled<\/span>\n\t\t\t\t\t\t\t<span class=\"eventpost-date-export\">\n\t\t\t\t\t\t\t\t<a href=\"https:\/\/instytutpolski.pl\/leipzig\/eventpost\/15872.ics\" class=\"event_link event-export ics\" target=\"_blank\" title=\"Download ICS file\">ical<\/a>\n\t\t\t\t\t\t\t\t<a href=\"https:\/\/www.google.com\/calendar\/event?action=TEMPLATE&#038;trp=false&#038;sprop=name&#038;text=Freiheit.+Eine+unvollendete+Geschichte&#038;dates=20250620%2F20260531&#038;location=Deutsches+Hygiene-Museum%2C+Lingnerplatz+1%2C+01069+Dresden&#038;details=W%C3%A4hrend+die+Menschen+in+autorit%C3%A4ren+Staaten+heute+um+ihre+Freiheitsrechte+k%C3%A4mpfen%2C+wird+in+Demokratien+dar%C3%BCber+gestritten%2C+was+Freiheit+%C3%BCberhaupt+bedeutet%3A+Waren+die+Einschr%C3%A4nkungen+der+individuellen+Freiheitsrechte+w%C3%A4hrend+der+Corona-Pandemie+gerechtfertigt%3F+Darf+den+B%C3%BCrger%3Ainnen+im+Namen+des+Klimaschutzes+vorgeschrieben+werden%2C+welche+Heizungen+oder+Autos+sie+nutzen+d%C3%BCrfen%3F+Geht+Eigennutz+vor+Gemeinwohl+%E2%80%93+oder+verh%C3%A4lt+es+sich+gerade+umgekehrt%3F%0ADer+Begriff+der+%E2%80%9EFreiheit%E2%80%9C+wird+in+diesen+Debatten+f%C3%BCr+ganz+entgegengesetzte+politische+Ziele+in+Anspruch+genommen.+So+werden+die+Forderungen+historischer+Freiheitsbewegungen+inzwischen+auch+von+rechtspopulistischen+Gruppen+benutzt%2C+die+sich+gleichzeitig+radikal+gegen+eine+liberale+Gesellschaft+wenden.+Zum+besseren+Verst%C3%A4ndnis+dieser+Konfliktlage+k%C3%B6nnen+Sie+zun%C3%A4chst+einen+Blick+in+die+Vergangenheit+werfen%3A+Ausgehend+von+den+Revolutionen+seit+dem+18.+Jahrhundert+folgen+Sie+der+unvollendeten+Geschichte+der+Freiheit+bis+zu+den+B%C3%BCrgerrechtler%2Ainnen+in+Polen%2C+Tschechien+und+Ostdeutschland+vor+und+nach+1989.+Worin+glichen+und+worin+unterschieden+sich+diese+Freiheitsbewegungen%3F+Was+haben+uns+ihre+Ideale+heute+noch+zu+sagen%3F%0ADie+Ausstellung+pr%C3%A4sentiert+nicht+nur+historische+Kunstwerke+sondern+auch+zeitgen%C3%B6ssische+Arbeiten+von+K%C3%BCnstler%3Ainnen+aus+Polen%2C+Tschechien+und+Deutschland%2C+die+z.T.+aus+den+Best%C3%A4nden+der+kooperierenden+Museen+in+Wroc%C5%82aw+und+Prag+stammen.+Vertreten+sind+u.+a.+Pawe%C5%82+Althamer%2C+Fr%C3%A9d%C3%A9ric+A.+Bartholdi%2C+Josef+%C4%8Capek%2C+Grupa+Luxus%2C+John+Heartfield%2C+Sven+Johne%2C+Kri%C5%A1tof+Kintera%2C+Cristina+Lucas%2C+Wolfgang+Mattheuer%2C+Karel+Miler%2C+Ewa+Partum%2C+Tomasz+Sarnecki%2C+Anton+Shebetko%2C+Igor+Simi%C4%87%2C+Slavs+and+Tatars%2C+Gabriele+St%C3%B6tzer%2C+Tracey+Snelling+oder+Artur+%C5%BBmijewski.%0AVeranstalter%3A+Deutsches+Hygiene-Museum+in+Kooperation+mit+dem+Europ%C3%A4ischen+Solidarno%C5%9B%C4%87-Zentrum+in+Gda%C5%84sk%2C+der+Nationalgalerie+in+Prag+und+dem+Nationalmuseum+in+Wroc%C5%82aw%0AInfo%3A+dhmd.de%2Fausstellungen%2FfreiheitOrt%3A+Deutsches+Hygiene-Museum%2C+Lingnerplatz+1%2C+01069+Dresden%0A%C2%A0%0AFoto%3A+August-Streiks+in+der+1980+Leninwerft+Gda%C5%84sk+%C2%A9+Wikipedia+%2F+Europejskie+Centrum+Solidarno%C5%9Bci+%2F+CC+BY-SA+3.0%0A%C2%A0%0A%0Ahttps%3A%2F%2Finstytutpolski.pl%2Fleipzig%2F2025%2F05%2F31%2Ffreiheit-eine-unvollendete-geschichte%2F&#038;gmt=%2B02&#038;ctz=Europe\/Warsaw\" class=\"event_link event-export gcal\" target=\"_blank\" title=\"Add to Google calendar\">Google<\/a>\n\t\t\t\t\t\t\t\t<a href=\"https:\/\/instytutpolski.pl\/leipzig\/eventpost\/15872.vcs\" class=\"event_link event-export vcs\" target=\"_blank\" title=\"Add to Outlook\">outlook<\/a>\n\t\t\t\t\t\t\t\t<i class=\"dashicons-before dashicons-calendar\"><\/i>\n\t\t\t\t\t\t\t<\/span>\n\t\t\t\t\t<\/div><!-- .event_date --><div class=\"event_data event_category \" itemscope itemtype=\"http:\/\/microformats.org\/profile\/hcard\">\n\t\t\t\t\t\t<span class=\"event_categories\">\t\t\t\t\t<span  class=\"event_category\">Ausstellung <\/span>\t\t\t\t\t<span  class=\"event_category\">Empfehlungen <\/span><\/span>\n\t\t\t\t\t<\/div><!-- .event_category --><div class=\"event_data event_location \" itemscope itemtype=\"http:\/\/microformats.org\/profile\/hcard\">\n\t\t\t\t\t\t<address \tdata-id=\"15872\"\n\t\t\t\t\t\t\t\t\t\t\t\tdata-latitude=\"51.28362182766469\"\n\t\t\t\t\t\t\t\t\t\t\t\tdata-longitude=\"12.376354797697585\"\n\t\t\t\t\t\t\t\t\t\t\t\tdata-marker=\"\"\n\t\t\t\t\t\t\t\t\t\t\t\tdata-iconcode=\"f230\"\n\t\t\t\t\t\t\t\t\t\t\t\tdata-icon=\"\uf230\"\n\t\t\t\t\t\t\t\t\t\t\t\tdata-color=\"#000000\" itemprop=\"adr\" class=\"eventpost-address\">\n\t\t\t\t\t\t\t<span>\nDeutsches Hygiene-Museum, Lingnerplatz 1, 01069 Dresden\n\t\t\t\t\t\t\t<\/span>\n\t\t\t\t\t\t<\/address>\n\t\t\t\t\t<\/div><!-- .event_location --><\/div><!-- .event_item --><div class=\"event_item event_future status-EventScheduled location-type-OfflineEventAttendanceMode category-Ausstellung post_tag-Ausstellung language-Deutsch post_tag-Dresden category-Empfehlungen post_tag-Film post_tag-Literatur\" data-color=\"000000\" style=\"\"><a href=\"https:\/\/instytutpolski.pl\/leipzig\/2025\/10\/25\/mit-glanz-und-gloria\/\"><h5>Mit Glanz und Gloria <\/h5><\/a><div class=\"event_data event_date \" itemscope itemtype=\"http:\/\/microformats.org\/profile\/hcard\">\n\t\t\t\t\t\t<div class=\"event_date\" data-start=\"\u015broda 10 grudnia 2025\" data-end=\"niedziela 25 pa\u017adziernika 2026\"> <span class=\"linking_word linking_word-from\">from<\/span> <time class=\"date date-start\" itemprop=\"dtstart\" datetime=\"2025-12-10T00:00:00+00:00\">10 grudnia 2025<\/time> <span class=\"linking_word linking_word-to\">to<\/span> <time class=\"date date-to\" itemprop=\"dtend\" datetime=\"2026-10-25T00:00:00+00:00\">25 pa\u017adziernika 2026<\/time>\n\t\t\t\t\t\t<\/div><!-- .event_date --><span class=\"eventpost-status\">Scheduled<\/span>\n\t\t\t\t\t\t\t<span class=\"eventpost-date-export\">\n\t\t\t\t\t\t\t\t<a href=\"https:\/\/instytutpolski.pl\/leipzig\/eventpost\/17048.ics\" class=\"event_link event-export ics\" target=\"_blank\" title=\"Download ICS file\">ical<\/a>\n\t\t\t\t\t\t\t\t<a href=\"https:\/\/www.google.com\/calendar\/event?action=TEMPLATE&#038;trp=false&#038;sprop=name&#038;text=Mit+Glanz+und+Gloria&#038;dates=20251210%2F20261025&#038;location=Kraszewski-Museum%2C+Nordstr.+28%2C+01099+Dresden&#038;details=Vor+40+Jahren+wurde+J%C3%B3zef+Ignacy+Kraszewskis+%E2%80%9ESachsen-Trilogie%E2%80%9C+verfilmt.+%E2%80%9ESachsens+Glanz+und+Preu%C3%9Fens+Gloria%E2%80%9C+war+die+gr%C3%B6%C3%9Fte+und+aufwendigste+Filmproduktion+der+DDR.+Weniger+bekannt+ist+die+polnische+Filmproduktion+%E2%80%9EGr%C3%A4fin+Cosel%E2%80%9C+%281960%29+von+Jerzy+Antczak.+Dies+wiederum+war+die+bis+dahin+kosteng%C3%BCnstigste+Produktion+der+polnischen+Kinematografie%2C+was+aber+keinerlei+Einfluss+auf+die+Qualit%C3%A4t+und+Popularit%C3%A4t+des+Films+hatte.%0ABeleuchtet+werden+die+historische+Zeit+der+S%C3%A4chsisch-polnischen+Union%2C+Hintergr%C3%BCnde+und+Entstehung+der+Filmproduktionen+sowie+Kraszewskis+Romanvorlagen.+Wie+entstanden+sie%3F+Wie+sah+und+beurteilte+der+polnische+Schriftsteller+August+den+Starken+und+den+s%C3%A4chsisch-polnischen+Hof%3F+Und+wie+ging+es+am+polnischen+Hof+zu%2C+den+die+Wettiner+von+1697+bis+1763+regierten%3F%0AVeranstalter%3A+Kraszewski-Museum+Dresden+unter+der+Schirmherrschaft+von+Dr.+Christine+Gr%C3%A4fin+von+Br%C3%BChl%0AInfo%3A+kraszewski-dresden.deEintritt%3A+4%2F3+EUR%C3%96ffnungszeiten%3A+Mi%E2%80%93So+%26amp%3B+Feiertage+12%3A00%E2%80%9317%3A00%2C+Freitag+ab+12%3A00+Uhr+frei+%28au%C3%9Fer+Feiertage%29Ort%3A+Kraszewski-Museum%2C+Nordstr.+28%2C+01099+Dresden%0A%C2%A0%0A%C2%A0%0AGrafiken+%C2%A9+Kraszewski-Museum+Dresden%0A%C2%A0%0A%0Ahttps%3A%2F%2Finstytutpolski.pl%2Fleipzig%2F2025%2F10%2F25%2Fmit-glanz-und-gloria%2F&#038;gmt=%2B02&#038;ctz=Europe\/Warsaw\" class=\"event_link event-export gcal\" target=\"_blank\" title=\"Add to Google calendar\">Google<\/a>\n\t\t\t\t\t\t\t\t<a href=\"https:\/\/instytutpolski.pl\/leipzig\/eventpost\/17048.vcs\" class=\"event_link event-export vcs\" target=\"_blank\" title=\"Add to Outlook\">outlook<\/a>\n\t\t\t\t\t\t\t\t<i class=\"dashicons-before dashicons-calendar\"><\/i>\n\t\t\t\t\t\t\t<\/span>\n\t\t\t\t\t<\/div><!-- .event_date --><div class=\"event_data event_category \" itemscope itemtype=\"http:\/\/microformats.org\/profile\/hcard\">\n\t\t\t\t\t\t<span class=\"event_categories\">\t\t\t\t\t<span  class=\"event_category\">Ausstellung <\/span>\t\t\t\t\t<span  class=\"event_category\">Empfehlungen <\/span><\/span>\n\t\t\t\t\t<\/div><!-- .event_category --><div class=\"event_data event_location \" itemscope itemtype=\"http:\/\/microformats.org\/profile\/hcard\">\n\t\t\t\t\t\t<address \tdata-id=\"17048\"\n\t\t\t\t\t\t\t\t\t\t\t\tdata-latitude=\"51.28362182766469\"\n\t\t\t\t\t\t\t\t\t\t\t\tdata-longitude=\"12.376354797697585\"\n\t\t\t\t\t\t\t\t\t\t\t\tdata-marker=\"\"\n\t\t\t\t\t\t\t\t\t\t\t\tdata-iconcode=\"f230\"\n\t\t\t\t\t\t\t\t\t\t\t\tdata-icon=\"\uf230\"\n\t\t\t\t\t\t\t\t\t\t\t\tdata-color=\"#000000\" itemprop=\"adr\" class=\"eventpost-address\">\n\t\t\t\t\t\t\t<span>\nKraszewski-Museum, Nordstr. 28, 01099 Dresden\n\t\t\t\t\t\t\t<\/span>\n\t\t\t\t\t\t<\/address>\n\t\t\t\t\t<\/div><!-- .event_location --><\/div><!-- .event_item --><div class=\"event_item event_future status-EventScheduled location-type-OfflineEventAttendanceMode language-Deutsch category-Empfehlungen category-Film post_tag-Film post_tag-J\u00fcdisch post_tag-Kino\" data-color=\"000000\" style=\"\"><a href=\"https:\/\/instytutpolski.pl\/leipzig\/2025\/06\/30\/delegation\/\"><h5>Delegacja \/ Ha\u2019Mishlahat <\/h5><\/a><div class=\"event_data event_date \" itemscope itemtype=\"http:\/\/microformats.org\/profile\/hcard\">\n\t\t\t\t\t\t<div class=\"event_date\" data-start=\"czwartek 22 stycznia 2026\" data-end=\"wtorek 30 czerwca 2026\"> <span class=\"linking_word linking_word-from\">from<\/span> <time class=\"date date-start\" itemprop=\"dtstart\" datetime=\"2026-01-22T00:00:00+00:00\">22 stycznia 2026<\/time> <span class=\"linking_word linking_word-to\">to<\/span> <time class=\"date date-to\" itemprop=\"dtend\" datetime=\"2026-06-30T00:00:00+00:00\">30 czerwca 2026<\/time>\n\t\t\t\t\t\t<\/div><!-- .event_date --><span class=\"eventpost-status\">Scheduled<\/span>\n\t\t\t\t\t\t\t<span class=\"eventpost-date-export\">\n\t\t\t\t\t\t\t\t<a href=\"https:\/\/instytutpolski.pl\/leipzig\/eventpost\/17554.ics\" class=\"event_link event-export ics\" target=\"_blank\" title=\"Download ICS file\">ical<\/a>\n\t\t\t\t\t\t\t\t<a href=\"https:\/\/www.google.com\/calendar\/event?action=TEMPLATE&#038;trp=false&#038;sprop=name&#038;text=Delegacja+%2F+Ha%E2%80%99Mishlahat&#038;dates=20260122%2F20260630&#038;location=im+Kino&#038;details=Spielfilm%2C+R%3A+Asaf+Saban%2C+IL%2FPL%2FD+2023%2C+101+min%2C+hebr.+OmdU%0AWie+Tausende+andere+junge+Menschen+aus+Israel+reist+eine+Gruppe+quer+durch+Polen%2C+um+an+authentischen+Schaupl%C3%A4tzen+etwas+%C3%BCber+die+Geschichte+ihrer+Vorfahren+und+deren+systematische+Vernichtung+durch+die+deutschen+NS-Besatzer+zu+erfahren.+Dabei+werden+Frisch%2C+Ido%2C+Nitz+und+ihre+Klassenkamerad%2Ainnen+nicht+nur+von+Zeitzeugen+begleitet%2C+sondern+auch+von+Sehns%C3%BCchten+und+Sorgen%2C+welche+alle+Teenager+in+diesem+Alter+umtreiben+%E2%80%93+die+erste+Liebe%2C+die+erste+Entt%C3%A4uschung%2C+die+erste+Identit%C3%A4tssuche%2C+die+erste+Fernreise+ohne+den+kontrollierenden+Blick+der+Eltern.%0ADas+Coming-of-Age-Roadmovie+zeigt+einerseits+eine+Reise%2C+die+prototypisch+f%C3%BCr+jene+Mischung+aus+hochemotionaler+Geschichtsstunde+und+Partytour+ist%2C+wie+sie+viele+Jugendliche+aus+Israel+erlebt+haben%2C+bevor+sie+in+die+Armee+eingezogen+wurden.+Gleichzeitig+schildert+der+Film+ein+filigranes+Beziehungsdreieck%2C+das+von+einer+%C3%9Cberdosis+an+Impressionen+und+Hormonen+kr%C3%A4ftig+durchger%C3%BCttelt+wird.%0ADer+Film+schafft+es+gekonnt%2C+die+Bustour+weder+als+blo%C3%9Fes+Erinnerungskultur-Theater+zu+diskreditieren+noch+sie+pathetisch+zu+%C3%BCberh%C3%B6hen.+Vielmehr+zeichnet+er+ein+warmherziges%2C+glaubw%C3%BCrdiges+Panorama+%C3%BCber+das+Erwachsenwerden+und+die+Schwierigkeiten+der+Erinnerungskultur+im+21.+Jahrhundert+%E2%80%93+auch+dank+der+herausragenden+Leistungen+der+jungen+Hauptdarsteller%2Ainnen%2C+allen+voran+Neomi+Harari+als+gleichzeitig+draufg%C3%A4ngerische+und+verletzliche+Nitzan.%0AK%3A+Bogumi%C5%82+Godfrej%C3%B3wS%3A+Michal+OppenheimM%3A+Assaf+TalmudiD%3A+Neomi+Harari%2C+Yoav+Bavly%2C+Leib+Lev+Levin%2C+Ezra+Dagan%2C+Alma+Dishy+u.+a.%0ATrailer%3A+https%3A%2F%2Fwww.youtube.com%2Fwatch%3Fv%3D9fGP4gSsuvc%0AVerleih%3A+Farbfilm+Verleih%0AInfo%3A+farbfilm-verleih.de%2Ffilme%2FdelegationOrt%3A+im+Kino%0A%C2%A0%0AFotos+%C2%A9+Natalia+%C5%81%C4%85czy%C5%84ska%0A%C2%A0%0A%0Ahttps%3A%2F%2Finstytutpolski.pl%2Fleipzig%2F2025%2F06%2F30%2Fdelegation%2F&#038;gmt=%2B02&#038;ctz=Europe\/Warsaw\" class=\"event_link event-export gcal\" target=\"_blank\" title=\"Add to Google calendar\">Google<\/a>\n\t\t\t\t\t\t\t\t<a href=\"https:\/\/instytutpolski.pl\/leipzig\/eventpost\/17554.vcs\" class=\"event_link event-export vcs\" target=\"_blank\" title=\"Add to Outlook\">outlook<\/a>\n\t\t\t\t\t\t\t\t<i class=\"dashicons-before dashicons-calendar\"><\/i>\n\t\t\t\t\t\t\t<\/span>\n\t\t\t\t\t<\/div><!-- .event_date --><div class=\"event_data event_category \" itemscope itemtype=\"http:\/\/microformats.org\/profile\/hcard\">\n\t\t\t\t\t\t<span class=\"event_categories\">\t\t\t\t\t<span  class=\"event_category\">Empfehlungen <\/span>\t\t\t\t\t<span  class=\"event_category\">Film <\/span><\/span>\n\t\t\t\t\t<\/div><!-- .event_category --><div class=\"event_data event_location \" itemscope itemtype=\"http:\/\/microformats.org\/profile\/hcard\">\n\t\t\t\t\t\t<address \tdata-id=\"17554\"\n\t\t\t\t\t\t\t\t\t\t\t\tdata-latitude=\"51.28362182766469\"\n\t\t\t\t\t\t\t\t\t\t\t\tdata-longitude=\"12.376354797697585\"\n\t\t\t\t\t\t\t\t\t\t\t\tdata-marker=\"\"\n\t\t\t\t\t\t\t\t\t\t\t\tdata-iconcode=\"f230\"\n\t\t\t\t\t\t\t\t\t\t\t\tdata-icon=\"\uf230\"\n\t\t\t\t\t\t\t\t\t\t\t\tdata-color=\"#000000\" itemprop=\"adr\" class=\"eventpost-address\">\n\t\t\t\t\t\t\t<span>\nim Kino\n\t\t\t\t\t\t\t<\/span>\n\t\t\t\t\t\t<\/address>\n\t\t\t\t\t<\/div><!-- .event_location --><\/div><!-- .event_item --><div class=\"event_item event_future status-EventScheduled location-type-OfflineEventAttendanceMode language-Deutsch category-Empfehlungen category-Film category-Online\" data-color=\"000000\" style=\"\"><a href=\"https:\/\/instytutpolski.pl\/leipzig\/2025\/06\/30\/swiatloczula-photosensitive\/\"><h5>\u015awiat\u0142oczu\u0142a \/ Photosensitive. Das Licht in deinen Augen <\/h5><\/a><div class=\"event_data event_date \" itemscope itemtype=\"http:\/\/microformats.org\/profile\/hcard\">\n\t\t\t\t\t\t<div class=\"event_date\" data-start=\"czwartek 12 marca 2026\" data-end=\"wtorek 30 czerwca 2026\"> <span class=\"linking_word linking_word-from\">from<\/span> <time class=\"date date-start\" itemprop=\"dtstart\" datetime=\"2026-03-12T00:00:00+00:00\">12 marca 2026<\/time> <span class=\"linking_word linking_word-to\">to<\/span> <time class=\"date date-to\" itemprop=\"dtend\" datetime=\"2026-06-30T00:00:00+00:00\">30 czerwca 2026<\/time>\n\t\t\t\t\t\t<\/div><!-- .event_date --><span class=\"eventpost-status\">Scheduled<\/span>\n\t\t\t\t\t\t\t<span class=\"eventpost-date-export\">\n\t\t\t\t\t\t\t\t<a href=\"https:\/\/instytutpolski.pl\/leipzig\/eventpost\/18168.ics\" class=\"event_link event-export ics\" target=\"_blank\" title=\"Download ICS file\">ical<\/a>\n\t\t\t\t\t\t\t\t<a href=\"https:\/\/www.google.com\/calendar\/event?action=TEMPLATE&#038;trp=false&#038;sprop=name&#038;text=%C5%9Awiat%C5%82oczu%C5%82a+%2F+Photosensitive.+Das+Licht+in+deinen+Augen&#038;dates=20260312%2F20260630&#038;location=im+Stream&#038;details=Spielfilm%2C+R%3A+Tadeusz+%C5%9Aliwa%2C+PL+2025%2C+92+min%2C+FSK12%2C+deutsche+Synchronisation%2C+OmdU+sowie+Untertitel+f%C3%BCr+H%C3%B6rgesch%C3%A4digte+%26amp%3B+Audiodeskription%0Amit+Matylda+Gieg%C5%BCno%2C+Ignacy+Liss%2C+Bart%C5%82omiej+Deklewa%2C+Aleksandra+Pisula+u.a.%0ARobert+%28Ignacy+Liss%29+ist+auf+dem+Sprung+zur+ganz+gro%C3%9Fen+Karriere+%E2%80%93+als+Fotograf%2C+gefeiert+f%C3%BCr+seinen+besonderen+Blick+auf+die+Welt.+Doch+als+er+das+Model+Agata+%28Matylda+Gieg%C5%BCno%29+vor+der+Kamera+hat%2C+spielt+all+das+pl%C3%B6tzlich+keine+Rolle+mehr%3A+Der+Hype%2C+die+Erwartungen+%E2%80%93+die+Mauer%2C+die+er+zwischen+sich+und+der+Au%C3%9Fenwelt+hochgezogen+hat%2C+bekommt+Risse.%0AWas+er+nicht+ahnt%3A+Agata+ist+blind.+Doch+sie+sieht+Dinge%2C+die+ihm+verborgen+bleiben.+Mit+ihrer+unersch%C3%BCtterlichen+Art+zu+f%C3%BChlen%2C+zu+leben+und+zu+lieben+zieht+sie+ihn+in+ihren+Bann.+Zwischen+Spazierg%C3%A4ngen+ohne+Ziel%2C+Gespr%C3%A4chen+bis+tief+in+die+Nacht+und+Momenten+voller+Unsicherheit+w%C3%A4chst+etwas+Echtes+zwischen+ihnen.+Aber+als+die+M%C3%B6glichkeit+auftaucht%2C+dass+Agata+vielleicht+wieder+sehen+kann%2C+wird+alles+auf+die+Probe+gestellt.+Was+passiert%2C+wenn+sich+pl%C3%B6tzlich+die+Perspektive+%C3%A4ndert%3F%0A%5Bgallery+size%3D%22large%22+link%3D%22file%22+ids%3D%2218201%2C18200%2C18199%22%5D%0ADer+Film+feierte+seine+Deutschlandpremiere+auf+den+59.+Internationalen+Hofer+Filmtagen.+F%C3%BCr+ihre+Hauptrolle+als+blinde+Agata+wurde+Matylda+Gieg%C5%BCno+2025+beim+50.+Polnischen+Spielfilmfestival+in+Gdynia+als+beste+Hauptdarstellerin+ausgezeichnet%2C+au%C3%9Ferdem+gewann+der+Film+Publikumspreise+auf+Festivals+%C2%A0in+Seattle%2C+Sydney+und+Krak%C3%B3w.%0ATrailer%3A+https%3A%2F%2Fwww.youtube.com%2Fwatch%3Fv%3DUb9hWYJQZXs%0AVerleih%3A+Atlas+Film+GmbH%0AInfo%3A+atlas-film.de%2Fphotosensitive-das-licht-in-deinen-augen.htmlOrt%3A+als+Stream+bei+Amazon%2C+Google+Play+Store%2C+RakutenTV+%26amp%3B+Videoload%0A%C2%A0%0AFotos+%C2%A9+Karolina+Grabowska%0A%C2%A0%0A%0Ahttps%3A%2F%2Finstytutpolski.pl%2Fleipzig%2F2025%2F06%2F30%2Fswiatloczula-photosensitive%2F&#038;gmt=%2B02&#038;ctz=Europe\/Warsaw\" class=\"event_link event-export gcal\" target=\"_blank\" title=\"Add to Google calendar\">Google<\/a>\n\t\t\t\t\t\t\t\t<a href=\"https:\/\/instytutpolski.pl\/leipzig\/eventpost\/18168.vcs\" class=\"event_link event-export vcs\" target=\"_blank\" title=\"Add to Outlook\">outlook<\/a>\n\t\t\t\t\t\t\t\t<i class=\"dashicons-before dashicons-calendar\"><\/i>\n\t\t\t\t\t\t\t<\/span>\n\t\t\t\t\t<\/div><!-- .event_date --><div class=\"event_data event_category \" itemscope itemtype=\"http:\/\/microformats.org\/profile\/hcard\">\n\t\t\t\t\t\t<span class=\"event_categories\">\t\t\t\t\t<span  class=\"event_category\">Empfehlungen <\/span>\t\t\t\t\t<span  class=\"event_category\">Film <\/span>\t\t\t\t\t<span  class=\"event_category\">Online <\/span><\/span>\n\t\t\t\t\t<\/div><!-- .event_category --><div class=\"event_data event_location \" itemscope itemtype=\"http:\/\/microformats.org\/profile\/hcard\">\n\t\t\t\t\t\t<address \tdata-id=\"18168\"\n\t\t\t\t\t\t\t\t\t\t\t\tdata-latitude=\"51.28362182766469\"\n\t\t\t\t\t\t\t\t\t\t\t\tdata-longitude=\"12.376354797697585\"\n\t\t\t\t\t\t\t\t\t\t\t\tdata-marker=\"\"\n\t\t\t\t\t\t\t\t\t\t\t\tdata-iconcode=\"f230\"\n\t\t\t\t\t\t\t\t\t\t\t\tdata-icon=\"\uf230\"\n\t\t\t\t\t\t\t\t\t\t\t\tdata-color=\"#000000\" itemprop=\"adr\" class=\"eventpost-address\">\n\t\t\t\t\t\t\t<span>\nim Stream\n\t\t\t\t\t\t\t<\/span>\n\t\t\t\t\t\t<\/address>\n\t\t\t\t\t<\/div><!-- .event_location --><\/div><!-- .event_item --><div class=\"event_item event_future status-EventScheduled location-type-OfflineEventAttendanceMode language-Deutsch category-Diskussion category-Empfehlungen post_tag-Leipzig category-Literatur\" data-color=\"000000\" style=\"\"><a href=\"https:\/\/instytutpolski.pl\/leipzig\/2025\/05\/07\/mikolaj-lozinski-some-things-should-stay-within-the-family\/\"><h5>Miko\u0142aj \u0141ozi\u0144ski: Some things should stay within the family <\/h5><\/a><div class=\"event_data event_date \" itemscope itemtype=\"http:\/\/microformats.org\/profile\/hcard\">\n\t\t\t\t\t\t<div class=\"event_date\" data-start=\"czwartek 7 maja 2026\" data-end=\"czwartek 7 maja 2026\">\n\t\t\t\t\t\t\t<time itemprop=\"dtstart\" datetime=\"2026-05-07T17:15:00+02:00\"><span class=\"date date-single\">7 maja 2026<\/span> <span class=\"linking_word linking_word-from\">from<\/span> <span class=\"time time-start\">17:15<\/span> <span class=\"linking_word linking_word-to\">to<\/span> <span class=\"time time-end\">18:45<\/span>\n\t\t\t\t\t\t\t<\/time>\n\t\t\t\t\t\t<\/div><!-- .event_date --><span class=\"eventpost-status\">Scheduled<\/span>\n\t\t\t\t\t\t\t<span class=\"eventpost-date-export\">\n\t\t\t\t\t\t\t\t<a href=\"https:\/\/instytutpolski.pl\/leipzig\/eventpost\/18839.ics\" class=\"event_link event-export ics\" target=\"_blank\" title=\"Download ICS file\">ical<\/a>\n\t\t\t\t\t\t\t\t<a href=\"https:\/\/www.google.com\/calendar\/event?action=TEMPLATE&#038;trp=false&#038;sprop=name&#038;text=Miko%C5%82aj+%C5%81ozi%C5%84ski%3A+Some+things+should+stay+within+the+family&#038;dates=20260507T171500%2F20260507T184500&#038;location=Zoom+%26+Simon-Dubnow-Institut%2C+Goldschmidtstr.+28%2C+04103+Leipzig&#038;details=The+talk+is+part+of+the+research+colloquium+%E2%80%9CPassing+Through+Hands%3A+Objects+in+Jewish+Everyday+Lives%E2%80%9D+in+cooperation+with+the+IRTG+%E2%80%9CBelongings%E2%80%9D%0AThis+research+colloquium+examines+how+everyday+objects+shape%2C+mediate%2C+and+preserve+Jewish+lived+experience+across+time%2C+space%2C+and+generations.+It+approaches+material+culture+as+a+site+where+history%2C+memory%2C+affect%2C+and+identity+intersect%2C+focusing+on+ordinary+domestic%2C+personal%2C+inherited%2C+and+mobile+objects+as+carriers+of+layered+histories.%0ASpeakers+explore+how+everyday+objects+contain+multiple+histories+and+how+the+%C2%BBeveryday%C2%AB+is+produced+through+material+practices.+Central+is+the+entanglement+of+subjects+and+objects%3A+how+things+shape+human+experience+and+enable+individual+and+collective%2C+transgenerational+forms+of+attachment+and+memory.%0ADrawing+on+Jewish+Studies%2C+Material+Culture+Studies%2C+Anthropology%2C+History%2C+Memory+Studies%2C+and+curatorial+and+literary+perspectives%2C+the+lectures+highlight+objects+as+active+participants+in+social+life.+Special+attention+is+given+to+materiality%E2%80%99s+affective+qualities%2C+the+way+how+objects+evoke+longing%2C+loss%2C+comfort%2C+belonging%2C+and+ambivalence%2C+as+well+as+to+the+temporalities+and+spaces+objects+create%2C+particularly+in+contexts+of+migration%2C+displacement%2C+and+diaspora.%0ABy+foregrounding+the+everyday%2C+the+colloquium+expands+approaches+to+Jewish+history+beyond+textual+and+institutional+frameworks%2C+emphasizing+ordinary+objects+as+archives+of+lived+experience.+Organized+by+the+Dubnow+Institute%2C+Leipzig+University%2C+and+the+International+Research+Training+Group+%C2%BBBelongings%2C%C2%AB+the+series+invites+scholars%2C+students%2C+and+the+public+to+reconsider+how+Jewish+life+is+remembered+and+imagined+through+material+worlds.%0AColloquium+programme%3A%0ATime%3A+Thursdays%2C+5.15+to+6.45+p.m.Venue%3A+Leipzig%2Fdigital%0A7+May+2026Dubnow+Institute%2FStreamMiko%C5%82aj+%C5%81ozi%C5%84ski%C2%A0%E2%80%9CSome+things+should+stay+within+the+family%E2%80%9DA+conversation+about+the+book+Ksi%C4%85%C5%BCka+%282011%29%0A21+May+2026Dubnow+Institute%2FStreamRobert+Mueller-StahlCapturing+Life.+German-Jewish+Private+Photography+in+the+1930s%0A4+June+2026Dubnow+Institute%2FStreamSara+Soussan+in+conversation+with+Alina+GromovaThe+Everyday+in+a+Vitrine.+Curating+the+unfolding+Present+in+German+Jewish+Museums%0A11+June+2026digitalTalia+Tokatly%C2%A0Blood+Butterfly+Formation.+Epigenetic+Objects%2C+the+Migration+of+Things+from+their+Original+Places+and+their+Metamorphosis+in+the+Work+of+Talia+Tokatly%0A2+July+2026Dubnow+Institute%2FStreamAnna+ShternshisLard+on+Challah.+Soviet+Jewish+Food+Practices+in+the+1920s%E2%80%89%E2%80%93%E2%80%891950s%0A%C2%A0%0AParticipation%3AFour+of+the+five+events+will+take+place+in+person+at+the+Dubnow+Institute+and+will+also+be+streamed+via+Zoom.+One+lecture+will+be+held+exclusively+online.%C2%A0To+participate+in-person%2C+registration+is+required+using+this+form%3A+REGISTRATION%0AIf+you+would+like+to+participate+digitally%2C+You+can+find+the+access+link+on+the+Dubnow-Institut+webpage+a+few+days+before+the+event.+Registration+is+not+required.%0AVeranstalter%3A+Leibniz-Institut+f%C3%BCr+j%C3%BCdische+Geschichte+und+Kultur+%E2%80%93+Simon+Dubnow+e.V.+in+Kooperation+mit+dem+Polnischen+Institut+Berlin+%E2%80%93+Filiale+Leipzig%0AColloquium+programme+%28PDF%29Info%3A+dubnow.de%2Fen%2Fevent%2Fpassing-through-hands-objects-in-jewish-everyday-lives%2C+znak.com.pl+Entrance%3A+freeLocation%3A+Simon-Dubnow-Institut%2C+Goldschmidtstr.+28%2C+04103+Leipzig%0A%C2%A0%0AFoto%3A+Miko%C5%82aj+%C5%81ozi%C5%84ski+%C2%A9+Rafa%C5%82+Komorowski+%28Wikipedia+%2F+CC+BY-SA+4.0%29%0A%C2%A0%0A%0Ahttps%3A%2F%2Finstytutpolski.pl%2Fleipzig%2F2025%2F05%2F07%2Fmikolaj-lozinski-some-things-should-stay-within-the-family%2F&#038;gmt=%2B02&#038;ctz=Europe\/Warsaw\" class=\"event_link event-export gcal\" target=\"_blank\" title=\"Add to Google calendar\">Google<\/a>\n\t\t\t\t\t\t\t\t<a href=\"https:\/\/instytutpolski.pl\/leipzig\/eventpost\/18839.vcs\" class=\"event_link event-export vcs\" target=\"_blank\" title=\"Add to Outlook\">outlook<\/a>\n\t\t\t\t\t\t\t\t<i class=\"dashicons-before dashicons-calendar\"><\/i>\n\t\t\t\t\t\t\t<\/span>\n\t\t\t\t\t<\/div><!-- .event_date --><div class=\"event_data event_category \" itemscope itemtype=\"http:\/\/microformats.org\/profile\/hcard\">\n\t\t\t\t\t\t<span class=\"event_categories\">\t\t\t\t\t<span  class=\"event_category\">Diskussion <\/span>\t\t\t\t\t<span  class=\"event_category\">Empfehlungen <\/span>\t\t\t\t\t<span  class=\"event_category\">Literatur <\/span><\/span>\n\t\t\t\t\t<\/div><!-- .event_category --><div class=\"event_data event_location \" itemscope itemtype=\"http:\/\/microformats.org\/profile\/hcard\">\n\t\t\t\t\t\t<address \tdata-id=\"18839\"\n\t\t\t\t\t\t\t\t\t\t\t\tdata-latitude=\"51.28362182766469\"\n\t\t\t\t\t\t\t\t\t\t\t\tdata-longitude=\"12.376354797697585\"\n\t\t\t\t\t\t\t\t\t\t\t\tdata-marker=\"\"\n\t\t\t\t\t\t\t\t\t\t\t\tdata-iconcode=\"f230\"\n\t\t\t\t\t\t\t\t\t\t\t\tdata-icon=\"\uf230\"\n\t\t\t\t\t\t\t\t\t\t\t\tdata-color=\"#000000\" itemprop=\"adr\" class=\"eventpost-address\">\n\t\t\t\t\t\t\t<span>\nZoom &#038; Simon-Dubnow-Institut, Goldschmidtstr. 28, 04103 Leipzig\n\t\t\t\t\t\t\t<\/span>\n\t\t\t\t\t\t<\/address>\n\t\t\t\t\t<\/div><!-- .event_location --><\/div><!-- .event_item --><div class=\"event_item event_future status-EventScheduled location-type-OfflineEventAttendanceMode category-Ausstellung post_tag-Ausstellung language-Deutsch post_tag-Dresden category-Empfehlungen post_tag-Leipzig\" data-color=\"000000\" style=\"\"><a href=\"https:\/\/instytutpolski.pl\/leipzig\/2025\/11\/18\/festgehalten-verschleppt-aus-deutschland-1938-1945\/\"><h5>Festgehalten \u2013 Verschleppt aus Deutschland 1938\u20131945 <\/h5><\/a><div class=\"event_data event_date \" itemscope itemtype=\"http:\/\/microformats.org\/profile\/hcard\">\n\t\t\t\t\t\t<div class=\"event_date\" data-start=\"wtorek 12 maja 2026\" data-end=\"\u015broda 18 listopada 2026\"> <span class=\"linking_word linking_word-from\">from<\/span> <time class=\"date date-start\" itemprop=\"dtstart\" datetime=\"2026-05-12T00:00:00+00:00\">12 maja 2026<\/time> <span class=\"linking_word linking_word-to\">to<\/span> <time class=\"date date-to\" itemprop=\"dtend\" datetime=\"2026-11-18T00:00:00+00:00\">18 listopada 2026<\/time>\n\t\t\t\t\t\t<\/div><!-- .event_date --><span class=\"eventpost-status\">Scheduled<\/span>\n\t\t\t\t\t\t\t<span class=\"eventpost-date-export\">\n\t\t\t\t\t\t\t\t<a href=\"https:\/\/instytutpolski.pl\/leipzig\/eventpost\/18787.ics\" class=\"event_link event-export ics\" target=\"_blank\" title=\"Download ICS file\">ical<\/a>\n\t\t\t\t\t\t\t\t<a href=\"https:\/\/www.google.com\/calendar\/event?action=TEMPLATE&#038;trp=false&#038;sprop=name&#038;text=Festgehalten+%E2%80%93+Verschleppt+aus+Deutschland+1938%E2%80%931945&#038;dates=20260512%2F20261118&#038;location=Sachsenburg%2C+Dresden%2C+Leipzig%2C+Zwickau%2C+Plauen+%26+Chemnitz&#038;details=Aus+dem+Deutschen+Reich+wurden+zwischen+1938+und+1945+mehr+als+200.000+Menschen+deportiert.+Die+meisten+von+ihnen+wurden+in+den+Vernichtungslagern+ermordet%2C+nur+wenige+%C3%BCberlebten.+Zahlreiche+dieser+Deportationen+sind+fotografisch+dokumentiert.+Aus+fast+siebzig+deutschen+St%C3%A4dten+sind+Bilder+von+Deportationen+%C3%BCberliefert+%E2%80%93+viele+weitere+Aufnahmen+sind+m%C3%B6glicherweise+noch+unentdeckt.%0ADas%C2%A0Forschungsprojekt+%23LastSeen%C2%A0sichert%2C+sammelt%2C+erforscht+und+ver%C3%B6ffentlicht+seit+2021+diese+Fotos+in+einem+digitalen+Atlas+und+stellt+sie+f%C3%BCr+Forschungs-%2C+Bildungs-+und+Gedenkarbeit+zur+Verf%C3%BCgung.+Daf%C3%BCr+ist+das+Projekt+schon+mit+zahlreichen+Preisen+ausgezeichnet+worden.+Der+Bildatlas+des+Projekts+ist+unter+atlas.lastseen.org+abrufbar.%0A%E2%80%9EFestgehalten%E2%80%9D+zeigt+ausgew%C3%A4hlte+Fotografien+der+Deportationen+von+J%C3%BCdinnen+und+Juden%2C+Sinti%2A+und+Roma%2A+sowie+von+Opfern+der+NS-%E2%80%9EEuthanasie%E2%80%9C.+Sie+zeigt+auch+die+T%C3%A4ter%2Ainnen+und+Zuschauende%2C+die+bei+den+Deportationen+anwesend+waren.+Denn+Deportationen+waren+sichtbar.+Sie+fanden+am+helllichten+Tag+statt.+Viele+Menschen+entschieden+sich%2C+bei+der+Verschleppung+ihrer+Nachbar%2Ainnen+zuzusehen+und+oftmals+auch+mitzuwirken.%0ADie+Ausstellung+fordert+auf%2C+sich+mit+der+Rolle+des+Publikums+auseinanderzusetzen.+Dies+ist+gerade+jetzt+wichtig+f%C3%BCr+die+deutsche+Erinnerungskultur.+Was+bedeutet+es%2C+wenn+Menschen+zuschauen%2C+wegschauen+oder+sich+beteiligen%2C+w%C3%A4hrend+ihre+Bekannten+und+Nachbar%2Ainnen+verschleppt+werden%3F+Was+wussten+die+Einzelnen%2C+welche+pers%C3%B6nlichen+Entscheidungen+trafen+sie+und+welche+individuelle+Handlungsmacht+hatten+sie%3F+Zwei+weitere+Bereiche+der+Ausstellung+setzen+sich+mit+der+Geschichte+der+Deportationen+und+mit+der+Geschichte+der+Deportationsfotografien+auseinander.%0ABegleitend+zur+Ausstellung+erm%C3%B6glicht+das+interaktive+Online-Entdeckerspiel+%23LastSeen+historische+Fotos+von+nationalsozialistischen+Deportationen+lesen+und+interpretieren+zu+lernen.+Spieler%2Ainnen+schl%C3%BCpfen+in+die+Rolle+eines+Bloggers+oder+einer+Bloggerin+und+gestalten+ihren+pers%C3%B6nlichen+Artikel+zu+den+historischen+Fotos.+Sie+untersuchen+die+Fotos+und+k%C3%B6nnen+zus%C3%A4tzliche+Quellen+zu+der+Geschichte+auf+einem+Dachboden+entdecken%2C+die+beim+Lesen+der+Fotos+helfen.%0A%5Bcaption+id%3D%22attachment_18811%22+align%3D%22aligncenter%22+width%3D%22800%22%5D+Online-Entdeckerspiel+%23LastSeen+%C2%A9+%26amp%3Bwhy%5B%2Fcaption%5D%0ADen+s%C3%A4chsischen+Auftakt+der+kompakten%2C+interaktiven+Ausstellung+bildet+eine+Er%C3%B6ffnungsveranstaltung+im+Mitteldeutschen+Rundfunk+am+12.+Mai+2026.%0ADie+Ausstellung+wird+an+folgenden+weiteren+Orten+in+Sachsen+zu+sehen+sein%3A%0A30.05.%E2%80%9307.06.2026+%7C+SachsenburgA.d.+Zschopau+6%2C+Frankenberg07.06.2026%2C+13%3A00+Uhr+Vortrag+zur+Ausstellung+mit+Dr.+Alina+Bothe+im+Rahmen+des+Sachsenburger+Dialogs%0A14.06.%E2%80%9328.06.2026+%7C+DresdenHole+of+Fame%2C+K%C3%B6nigsbr%C3%BCcker+Str.+39%2C+Dresden14.06.2026+Er%C3%B6ffnung+mit+Dr.+Alina+Bothe+und+Dr.+Daniel+Ristau%0A17.08.%E2%80%9314.09.2026+%7C+LeipzigAriowitsch-Haus%2C+Hinrichsenstr.+14%2C+Leipzig17.08.2026%2C+18%3A00+Uhr+Er%C3%B6ffnung+mit+Dr.+Ramona+Br%C3%A4u-HergetDie+Ausstellung+ist+vom+17.+August+bis+14.+September+immer+Montag+bis+Donnerstag%C2%A0von+14+bis+18+Uhr+bei+freier+Raumkapazit%C3%A4t+und+sonntags+zu+Veranstaltungen+f%C3%BCr%C2%A0Besucher%2Ainnen+ge%C3%B6ffnet.%0A15.09.%E2%80%9317.10.2026+%7C+ZwickauPriesterh%C3%A4user%2C+Domhof+5%E2%80%938%2C+Zwickau15.09.2026+Er%C3%B6ffnung%0A19.10.%E2%80%9307.11.2026+%7C+Plauencolorido-Treff%2C+Dittrichplatz+8%2C+Plauen%2FVogtland19.10.2026+Er%C3%B6ffnung+im+Rahmen+der+J%C3%BCdischen+Kulturtage%0A09.11.+%E2%80%93+18.11.2026+%7C+ChemnitzTechnische+Universit%C3%A4t+Chemnitz%2C+H%C3%B6rsaalgeb%C3%A4ude+C10Reichenhainer+Str.+90%2C+Chemnitz09.11.2026+Er%C3%B6ffnung+mit+Dr.+Ramona+Br%C3%A4u-Herget%0AOrte%3A+Sachsenburg%2C+Dresden%2C+Leipzig%2C+Zwickau%2C+Plauen+%26amp%3B+ChemnitzInfo%3A+lastseen.org%0A%C2%A0%0AFoto%3A+Fernaufnahme+der+Deportation+der+Juden+und+J%C3%BCdinnen+aus+Halberstadt+am+12.04.1942.+Am+Rand+des+Bildes+in+der+nicht+abgebildeten+Version+ist+handschriftlich+vermerkt%3A+%E2%80%9EThe+man+in+front+is+our+father.+To+his+right+our+mother.%E2%80%9C+%C2%A9+Archiv+Familie+Beverstein%0A%C2%A0%0A%0Ahttps%3A%2F%2Finstytutpolski.pl%2Fleipzig%2F2025%2F11%2F18%2Ffestgehalten-verschleppt-aus-deutschland-1938-1945%2F&#038;gmt=%2B02&#038;ctz=Europe\/Warsaw\" class=\"event_link event-export gcal\" target=\"_blank\" title=\"Add to Google calendar\">Google<\/a>\n\t\t\t\t\t\t\t\t<a href=\"https:\/\/instytutpolski.pl\/leipzig\/eventpost\/18787.vcs\" class=\"event_link event-export vcs\" target=\"_blank\" title=\"Add to Outlook\">outlook<\/a>\n\t\t\t\t\t\t\t\t<i class=\"dashicons-before dashicons-calendar\"><\/i>\n\t\t\t\t\t\t\t<\/span>\n\t\t\t\t\t<\/div><!-- .event_date --><div class=\"event_data event_category \" itemscope itemtype=\"http:\/\/microformats.org\/profile\/hcard\">\n\t\t\t\t\t\t<span class=\"event_categories\">\t\t\t\t\t<span  class=\"event_category\">Ausstellung <\/span>\t\t\t\t\t<span  class=\"event_category\">Empfehlungen <\/span><\/span>\n\t\t\t\t\t<\/div><!-- .event_category --><div class=\"event_data event_location \" itemscope itemtype=\"http:\/\/microformats.org\/profile\/hcard\">\n\t\t\t\t\t\t<address \tdata-id=\"18787\"\n\t\t\t\t\t\t\t\t\t\t\t\tdata-latitude=\"51.28362182766469\"\n\t\t\t\t\t\t\t\t\t\t\t\tdata-longitude=\"12.376354797697585\"\n\t\t\t\t\t\t\t\t\t\t\t\tdata-marker=\"\"\n\t\t\t\t\t\t\t\t\t\t\t\tdata-iconcode=\"f230\"\n\t\t\t\t\t\t\t\t\t\t\t\tdata-icon=\"\uf230\"\n\t\t\t\t\t\t\t\t\t\t\t\tdata-color=\"#000000\" itemprop=\"adr\" class=\"eventpost-address\">\n\t\t\t\t\t\t\t<span>\nSachsenburg, Dresden, Leipzig, Zwickau, Plauen &#038; Chemnitz\n\t\t\t\t\t\t\t<\/span>\n\t\t\t\t\t\t<\/address>\n\t\t\t\t\t<\/div><!-- .event_location --><\/div><!-- .event_item --><div class=\"event_item event_future status-EventScheduled location-type-OfflineEventAttendanceMode category-Andere language-Deutsch category-Empfehlungen category-Vortrag post_tag-Vortrag\" data-color=\"000000\" style=\"\"><a href=\"https:\/\/instytutpolski.pl\/leipzig\/2025\/10\/03\/steffen-moeller-praesident-osterode\/\"><h5>Steffen M\u00f6ller: Pr\u00e4sident von Polschland <\/h5><\/a><div class=\"event_data event_date \" itemscope itemtype=\"http:\/\/microformats.org\/profile\/hcard\">\n\t\t\t\t\t\t<div class=\"event_date\" data-start=\"sobota 3 pa\u017adziernika 2026\" data-end=\"sobota 3 pa\u017adziernika 2026\">\n\t\t\t\t\t\t\t<time itemprop=\"dtstart\" datetime=\"2026-10-03T20:00:00+02:00\"><span class=\"date date-single\">3 pa\u017adziernika 2026<\/span> <span class=\"linking_word linking_word-from\">from<\/span> <span class=\"time time-start\">20:00<\/span> <span class=\"linking_word linking_word-to\">to<\/span> <span class=\"time time-end\">22:00<\/span>\n\t\t\t\t\t\t\t<\/time>\n\t\t\t\t\t\t<\/div><!-- .event_date --><span class=\"eventpost-status\">Scheduled<\/span>\n\t\t\t\t\t\t\t<span class=\"eventpost-date-export\">\n\t\t\t\t\t\t\t\t<a href=\"https:\/\/instytutpolski.pl\/leipzig\/eventpost\/17021.ics\" class=\"event_link event-export ics\" target=\"_blank\" title=\"Download ICS file\">ical<\/a>\n\t\t\t\t\t\t\t\t<a href=\"https:\/\/www.google.com\/calendar\/event?action=TEMPLATE&#038;trp=false&#038;sprop=name&#038;text=Steffen+M%C3%B6ller%3A+Pr%C3%A4sident+von+Polschland&#038;dates=20261003T200000%2F20261003T220000&#038;location=Stadthalle%2C+D%C3%B6rgestr.+28%2C+37520+Osterode+am+Harz&#038;details=Ein+Deutscher%2C+der+in+Polen+auf+der+Stra%C3%9Fe+h%C3%A4ufiger+gegr%C3%BC%C3%9Ft+wird+als+in+Deutschland%3F+F%C3%BCr+Steffen+M%C3%B6ller+gilt+das+auf+jeden+Fall.+Als+Dauergast+einer+polnischen+Endlos-Ferienserie+hat+er+einen+legend%C3%A4ren+Kultstatus+im+Nachbarland+erreicht.+Und+er+ist+ein+leidenschaftlicher+Botschafter+f%C3%BCr+Polen+in+Deutschland.+Deswegen+wurde+Steffen+M%C3%B6ller+auch+2013+mit+dem+Internationalen+Br%C3%BCckepreis+der+Europastadt+G%C3%B6rlitz-Zgorzelec+geehrt.%0AIn+seinem+neuen+B%C3%BChnenprogramm+treibt+Steffen+M%C3%B6ller+dies+nun+auf+die+Spitze.+Als+%E2%80%9EPr%C3%A4sident+von+Polschland%E2%80%9C+f%C3%BChrt+er+zwei+Welten+zu+einem+perfekten+Land+zusammen.+Nur+das+Beste+wird+zugelassen%2C+kulinarisch%2C+kulturell+und+sprachlich%3A+deutsche+Currywurst+und+polnische+Piroggen%2C+deutsche+Planung+und+polnische+Improvisation.+Viele+vertraute+Dinge+wird+es+dagegen+nicht+mehr+geben%2C+zum+Beispiel+zehnmin%C3%BCtige+Schaffneransagen+im+ICE.+F%C3%BCr+verm%C3%B6gende+Zuschauer+interessant%3A+Es+sind+noch+Minister%C3%A4mter+zu+vergeben%21%0AInfo%3A+steffen.pl%2C+osterode-stadthalle.deEintritt%3A+30%2C70+EUR+%28Tickets+hier%29Ort%3A+Stadthalle%2C+D%C3%B6rgestr.+28%2C+37520+Osterode+am+Harz%0A%C2%A0%0AFoto+%C2%A9+Wikipedia+%2F+Ralf+Lotys+%2F+CC+BY+4.0%0A%C2%A0%0A%0Ahttps%3A%2F%2Finstytutpolski.pl%2Fleipzig%2F2025%2F10%2F03%2Fsteffen-moeller-praesident-osterode%2F&#038;gmt=%2B02&#038;ctz=Europe\/Warsaw\" class=\"event_link event-export gcal\" target=\"_blank\" title=\"Add to Google calendar\">Google<\/a>\n\t\t\t\t\t\t\t\t<a href=\"https:\/\/instytutpolski.pl\/leipzig\/eventpost\/17021.vcs\" class=\"event_link event-export vcs\" target=\"_blank\" title=\"Add to Outlook\">outlook<\/a>\n\t\t\t\t\t\t\t\t<i class=\"dashicons-before dashicons-calendar\"><\/i>\n\t\t\t\t\t\t\t<\/span>\n\t\t\t\t\t<\/div><!-- .event_date --><div class=\"event_data event_category \" itemscope itemtype=\"http:\/\/microformats.org\/profile\/hcard\">\n\t\t\t\t\t\t<span class=\"event_categories\">\t\t\t\t\t<span  class=\"event_category\">Andere <\/span>\t\t\t\t\t<span  class=\"event_category\">Empfehlungen <\/span>\t\t\t\t\t<span  class=\"event_category\">Vortrag <\/span><\/span>\n\t\t\t\t\t<\/div><!-- .event_category --><div class=\"event_data event_location \" itemscope itemtype=\"http:\/\/microformats.org\/profile\/hcard\">\n\t\t\t\t\t\t<address \tdata-id=\"17021\"\n\t\t\t\t\t\t\t\t\t\t\t\tdata-latitude=\"51.28362182766469\"\n\t\t\t\t\t\t\t\t\t\t\t\tdata-longitude=\"12.376354797697585\"\n\t\t\t\t\t\t\t\t\t\t\t\tdata-marker=\"\"\n\t\t\t\t\t\t\t\t\t\t\t\tdata-iconcode=\"f230\"\n\t\t\t\t\t\t\t\t\t\t\t\tdata-icon=\"\uf230\"\n\t\t\t\t\t\t\t\t\t\t\t\tdata-color=\"#000000\" itemprop=\"adr\" class=\"eventpost-address\">\n\t\t\t\t\t\t\t<span>\nStadthalle, D\u00f6rgestr. 28, 37520 Osterode am Harz\n\t\t\t\t\t\t\t<\/span>\n\t\t\t\t\t\t<\/address>\n\t\t\t\t\t<\/div><!-- .event_location --><\/div><!-- .event_item --><\/div><!-- .event_loop -->","protected":false},"excerpt":{"rendered":"<p>Das Deutsch-Polnische Herbstfest ist mittlerweile eine liebgewonnene Tradition im Steinhaus Bautzen. In diesem Jahr gibt es f\u00fcr Kultur- und Sprachinteressierte wieder allerlei zu entdecken. Kulturelle Beitr\u00e4ge, traditionelle Speisen, Gespr\u00e4chsrunden und t\u00e4nzerische Begegnung bieten allen Besucher*innen Zeit und Raum f\u00fcr den interkulturellen Austausch. Er\u00f6ffnet wird die Veranstaltung gemeinsam mit der Ausl\u00e4nderbeauftragten des Landkreises Bautzen Anna Pi\u0119tak-Malinowska [&hellip;]<\/p>\n","protected":false},"author":79,"featured_media":9695,"comment_status":"open","ping_status":"open","sticky":false,"template":"","format":"standard","meta":{"inline_featured_image":false,"_monsterinsights_skip_tracking":false,"_monsterinsights_sitenote_active":false,"_monsterinsights_sitenote_note":"","_monsterinsights_sitenote_category":0,"footnotes":""},"categories":[181],"tags":[253,115,101],"class_list":["post-9694","post","type-post","status-publish","format-standard","has-post-thumbnail","hentry","category-empfehlungsarchiv-de-archiv","tag-auschwitz","tag-dresden","tag-vortrag"],"yoast_head":"<!-- This site is optimized with the Yoast SEO plugin v24.6 - https:\/\/yoast.com\/wordpress\/plugins\/seo\/ -->\n<title>Deutsch-Polnisches Herbstfest - Instytut Polski w Lipsku<\/title>\n<meta name=\"robots\" content=\"index, follow, max-snippet:-1, max-image-preview:large, max-video-preview:-1\" \/>\n<link rel=\"canonical\" href=\"https:\/\/instytutpolski.pl\/leipzig\/2022\/09\/24\/deutsch-polnisches-herbstfest-2023\/\" \/>\n<meta property=\"og:locale\" content=\"pl_PL\" \/>\n<meta property=\"og:type\" content=\"article\" \/>\n<meta property=\"og:title\" content=\"Deutsch-Polnisches Herbstfest - Instytut Polski w Lipsku\" \/>\n<meta property=\"og:description\" content=\"Das Deutsch-Polnische Herbstfest ist mittlerweile eine liebgewonnene Tradition im Steinhaus Bautzen. In diesem Jahr gibt es f\u00fcr Kultur- und Sprachinteressierte wieder allerlei zu entdecken. Kulturelle Beitr\u00e4ge, traditionelle Speisen, Gespr\u00e4chsrunden und t\u00e4nzerische Begegnung bieten allen Besucher*innen Zeit und Raum f\u00fcr den interkulturellen Austausch. Er\u00f6ffnet wird die Veranstaltung gemeinsam mit der Ausl\u00e4nderbeauftragten des Landkreises Bautzen Anna Pi\u0119tak-Malinowska [&hellip;]\" \/>\n<meta property=\"og:url\" content=\"https:\/\/instytutpolski.pl\/leipzig\/2022\/09\/24\/deutsch-polnisches-herbstfest-2023\/\" \/>\n<meta property=\"og:site_name\" content=\"Instytut Polski w Lipsku\" \/>\n<meta property=\"article:published_time\" content=\"2022-09-24T12:33:00+00:00\" \/>\n<meta property=\"article:modified_time\" content=\"2023-09-25T08:32:51+00:00\" \/>\n<meta property=\"og:image\" content=\"https:\/\/instytutpolski.pl\/leipzig\/wp-content\/uploads\/sites\/29\/2023\/09\/Bautzen-Monster4711-Wikipedia-CC-BY-SA-3.0.jpg\" \/>\n\t<meta property=\"og:image:width\" content=\"1280\" \/>\n\t<meta property=\"og:image:height\" content=\"551\" \/>\n\t<meta property=\"og:image:type\" content=\"image\/jpeg\" \/>\n<meta name=\"author\" content=\"Rainer Mende\" \/>\n<meta name=\"twitter:card\" content=\"summary_large_image\" \/>\n<meta name=\"twitter:label1\" content=\"Napisane przez\" \/>\n\t<meta name=\"twitter:data1\" content=\"Rainer Mende\" \/>\n\t<meta name=\"twitter:label2\" content=\"Szacowany czas czytania\" \/>\n\t<meta name=\"twitter:data2\" content=\"2 minuty\" \/>\n<script type=\"application\/ld+json\" class=\"yoast-schema-graph\">{\"@context\":\"https:\/\/schema.org\",\"@graph\":[{\"@type\":\"event\",\"@id\":\"https:\/\/instytutpolski.pl\/leipzig\/2022\/09\/24\/deutsch-polnisches-herbstfest-2023\/\",\"url\":\"https:\/\/instytutpolski.pl\/leipzig\/2022\/09\/24\/deutsch-polnisches-herbstfest-2023\/\",\"name\":\"Deutsch-Polnisches Herbstfest\",\"isPartOf\":{\"@id\":\"https:\/\/instytutpolski.pl\/leipzig\/#website\"},\"primaryImageOfPage\":{\"@id\":\"https:\/\/instytutpolski.pl\/leipzig\/2022\/09\/24\/deutsch-polnisches-herbstfest-2023\/#primaryimage\"},\"image\":[\"https:\/\/instytutpolski.pl\/leipzig\/wp-content\/uploads\/sites\/29\/2023\/09\/Bautzen-Monster4711-Wikipedia-CC-BY-SA-3.0.jpg\",\"https:\/\/instytutpolski.pl\/leipzig\/wp-content\/uploads\/sites\/29\/2023\/09\/Bautzen-Monster4711-Wikipedia-CC-BY-SA-3.0-300x129.jpg\",\"https:\/\/instytutpolski.pl\/leipzig\/wp-content\/uploads\/sites\/29\/2023\/09\/Bautzen-Monster4711-Wikipedia-CC-BY-SA-3.0-1024x441.jpg\",\"https:\/\/instytutpolski.pl\/leipzig\/wp-content\/uploads\/sites\/29\/2023\/09\/Bautzen-Monster4711-Wikipedia-CC-BY-SA-3.0.jpg\"],\"thumbnailUrl\":\"https:\/\/instytutpolski.pl\/leipzig\/wp-content\/uploads\/sites\/29\/2023\/09\/Bautzen-Monster4711-Wikipedia-CC-BY-SA-3.0.jpg\",\"datePublished\":\"2022-09-24T12:33:00+02:00\",\"dateModified\":\"2023-09-25T08:32:51+02:00\",\"author\":{\"@id\":\"https:\/\/instytutpolski.pl\/leipzig\/#\/schema\/person\/a74d20cf3dac53f5579b2a3ec40f22dd\"},\"breadcrumb\":{\"@id\":\"https:\/\/instytutpolski.pl\/leipzig\/2022\/09\/24\/deutsch-polnisches-herbstfest-2023\/#breadcrumb\"},\"inLanguage\":\"pl-PL\",\"potentialAction\":[{\"@type\":\"ReadAction\",\"target\":[\"https:\/\/instytutpolski.pl\/leipzig\/2022\/09\/24\/deutsch-polnisches-herbstfest-2023\/\"]}],\"@context\":\"https:\/\/schema.org\",\"startDate\":\"2023-09-24T03:00:00+02:00\",\"endDate\":\"2023-09-24T08:00:00+02:00\",\"eventStatus\":\"EventScheduled\",\"eventAttendanceMode\":\"OfflineEventAttendanceMode\",\"location\":{\"@type\":\"place\",\"name\":\"Steinhaus, Steinstra\u00dfe 37, 02625 Bautzen\",\"address\":\"Steinhaus, Steinstra\u00dfe 37, 02625 Bautzen\",\"geo\":{\"@type\":\"GeoCoordinates\",\"latitude\":\"51.28362182766469\",\"longitude\":\"12.376354797697585\"}},\"description\":\"Das Deutsch-Polnische Herbstfest ist mittlerweile eine liebgewonnene Tradition im Steinhaus Bautzen. In diesem Jahr gibt es f\u00fcr Kultur- und Sprachinteressierte wieder allerlei zu entdecken. Kulturelle Beitr\u00e4ge, traditionelle Speisen, Gespr\u00e4chsrunden und t\u00e4nzerische Begegnung bieten allen Besucher*innen Zeit und Raum f\u00fcr den interkulturellen Austausch.\\nEr\u00f6ffnet wird die Veranstaltung gemeinsam mit der Ausl\u00e4nderbeauftragten des Landkreises Bautzen Anna Pi\u0119tak-Malinowska im Rahmen der Interkulturellen Wochen 2023 \\\"Neue R\u00e4ume\\\" im Landkreis Bautzen. Neben verschiedenen Liedern aus der Zeit um den Januaraufstand 1863 gibt es einen spannenden Vortrag von Bernd Karwen (Polnisches Institut Berlin \u2013 Filiale Leipzig) zu diesem Thema.\\nDas Ensemble Rozmaryn \u2013 eine immer wieder gern willkommen gehei\u00dfene Folklore-Gruppe aus Bogatynia \u2013 begleitet den Abend mit traditionellen Ges\u00e4ngen, die zum Mitsingen einladen. Kulturelle Beitr\u00e4ge aus Bautzen werden das Programm auch f\u00fcr polnische G\u00e4ste spannend gestalten.\\nUm den interkulturellen Austausch zu f\u00f6rdern, wird es die Gelegenheit geben, sich mit interkulturellen sowie deutsch-polnischen Engagierten und Initiativen in Gespr\u00e4chsrunden auszutauschen. F\u00fcr die Kleinsten wartet w\u00e4hrenddessen ein Programm speziell f\u00fcr Kinder. [Quelle: Steinhaus-Bautzen.de]\\nVeranstalter: Steinhaus e. V.\\nInfo: steinhaus-bautzen.deEintritt: frei, Anmeldung erbeten unter anna.pietak-malinowska@lra-bautzen.deEinlass: ab 14:30 UhrOrt: Steinhaus, Steinstra\u00dfe 37, 02625 Bautzen\\nFoto \u00a9 Monster4711 \/ Wikipedia \/ CC BY-SA 3.0\"},{\"@type\":\"ImageObject\",\"inLanguage\":\"pl-PL\",\"@id\":\"https:\/\/instytutpolski.pl\/leipzig\/2022\/09\/24\/deutsch-polnisches-herbstfest-2023\/#primaryimage\",\"url\":\"https:\/\/instytutpolski.pl\/leipzig\/wp-content\/uploads\/sites\/29\/2023\/09\/Bautzen-Monster4711-Wikipedia-CC-BY-SA-3.0.jpg\",\"contentUrl\":\"https:\/\/instytutpolski.pl\/leipzig\/wp-content\/uploads\/sites\/29\/2023\/09\/Bautzen-Monster4711-Wikipedia-CC-BY-SA-3.0.jpg\",\"width\":1280,\"height\":551},{\"@type\":\"BreadcrumbList\",\"@id\":\"https:\/\/instytutpolski.pl\/leipzig\/2022\/09\/24\/deutsch-polnisches-herbstfest-2023\/#breadcrumb\",\"itemListElement\":[{\"@type\":\"ListItem\",\"position\":1,\"name\":\"Home\",\"item\":\"https:\/\/instytutpolski.pl\/leipzig\/\"},{\"@type\":\"ListItem\",\"position\":2,\"name\":\"Deutsch-Polnisches Herbstfest\"}]},{\"@type\":\"WebSite\",\"@id\":\"https:\/\/instytutpolski.pl\/leipzig\/#website\",\"url\":\"https:\/\/instytutpolski.pl\/leipzig\/\",\"name\":\"Instytut Polski w Lipsku\",\"description\":\"Kolejna witryna sieci &#8222;Instytuty Polskie&#8221;\",\"potentialAction\":[{\"@type\":\"SearchAction\",\"target\":{\"@type\":\"EntryPoint\",\"urlTemplate\":\"https:\/\/instytutpolski.pl\/leipzig\/?s={search_term_string}\"},\"query-input\":{\"@type\":\"PropertyValueSpecification\",\"valueRequired\":true,\"valueName\":\"search_term_string\"}}],\"inLanguage\":\"pl-PL\"},{\"@type\":\"Person\",\"@id\":\"https:\/\/instytutpolski.pl\/leipzig\/#\/schema\/person\/a74d20cf3dac53f5579b2a3ec40f22dd\",\"name\":\"Rainer Mende\",\"image\":{\"@type\":\"ImageObject\",\"inLanguage\":\"pl-PL\",\"@id\":\"https:\/\/instytutpolski.pl\/leipzig\/#\/schema\/person\/image\/\",\"url\":\"https:\/\/secure.gravatar.com\/avatar\/61382ed949dec269ce106c2fd5871a60?s=96&d=mm&r=g\",\"contentUrl\":\"https:\/\/secure.gravatar.com\/avatar\/61382ed949dec269ce106c2fd5871a60?s=96&d=mm&r=g\",\"caption\":\"Rainer Mende\"},\"url\":\"https:\/\/instytutpolski.pl\/leipzig\/author\/mender\/\"}]}<\/script>\n<!-- \/ Yoast SEO plugin. -->","yoast_head_json":{"title":"Deutsch-Polnisches Herbstfest - Instytut Polski w Lipsku","robots":{"index":"index","follow":"follow","max-snippet":"max-snippet:-1","max-image-preview":"max-image-preview:large","max-video-preview":"max-video-preview:-1"},"canonical":"https:\/\/instytutpolski.pl\/leipzig\/2022\/09\/24\/deutsch-polnisches-herbstfest-2023\/","og_locale":"pl_PL","og_type":"article","og_title":"Deutsch-Polnisches Herbstfest - Instytut Polski w Lipsku","og_description":"Das Deutsch-Polnische Herbstfest ist mittlerweile eine liebgewonnene Tradition im Steinhaus Bautzen. In diesem Jahr gibt es f\u00fcr Kultur- und Sprachinteressierte wieder allerlei zu entdecken. Kulturelle Beitr\u00e4ge, traditionelle Speisen, Gespr\u00e4chsrunden und t\u00e4nzerische Begegnung bieten allen Besucher*innen Zeit und Raum f\u00fcr den interkulturellen Austausch. Er\u00f6ffnet wird die Veranstaltung gemeinsam mit der Ausl\u00e4nderbeauftragten des Landkreises Bautzen Anna Pi\u0119tak-Malinowska [&hellip;]","og_url":"https:\/\/instytutpolski.pl\/leipzig\/2022\/09\/24\/deutsch-polnisches-herbstfest-2023\/","og_site_name":"Instytut Polski w Lipsku","article_published_time":"2022-09-24T12:33:00+00:00","article_modified_time":"2023-09-25T08:32:51+00:00","og_image":[{"width":1280,"height":551,"url":"https:\/\/instytutpolski.pl\/leipzig\/wp-content\/uploads\/sites\/29\/2023\/09\/Bautzen-Monster4711-Wikipedia-CC-BY-SA-3.0.jpg","type":"image\/jpeg"}],"author":"Rainer Mende","twitter_card":"summary_large_image","twitter_misc":{"Napisane przez":"Rainer Mende","Szacowany czas czytania":"2 minuty"},"schema":{"@context":"https:\/\/schema.org","@graph":[{"@type":"event","@id":"https:\/\/instytutpolski.pl\/leipzig\/2022\/09\/24\/deutsch-polnisches-herbstfest-2023\/","url":"https:\/\/instytutpolski.pl\/leipzig\/2022\/09\/24\/deutsch-polnisches-herbstfest-2023\/","name":"Deutsch-Polnisches Herbstfest","isPartOf":{"@id":"https:\/\/instytutpolski.pl\/leipzig\/#website"},"primaryImageOfPage":{"@id":"https:\/\/instytutpolski.pl\/leipzig\/2022\/09\/24\/deutsch-polnisches-herbstfest-2023\/#primaryimage"},"image":["https:\/\/instytutpolski.pl\/leipzig\/wp-content\/uploads\/sites\/29\/2023\/09\/Bautzen-Monster4711-Wikipedia-CC-BY-SA-3.0.jpg","https:\/\/instytutpolski.pl\/leipzig\/wp-content\/uploads\/sites\/29\/2023\/09\/Bautzen-Monster4711-Wikipedia-CC-BY-SA-3.0-300x129.jpg","https:\/\/instytutpolski.pl\/leipzig\/wp-content\/uploads\/sites\/29\/2023\/09\/Bautzen-Monster4711-Wikipedia-CC-BY-SA-3.0-1024x441.jpg","https:\/\/instytutpolski.pl\/leipzig\/wp-content\/uploads\/sites\/29\/2023\/09\/Bautzen-Monster4711-Wikipedia-CC-BY-SA-3.0.jpg"],"thumbnailUrl":"https:\/\/instytutpolski.pl\/leipzig\/wp-content\/uploads\/sites\/29\/2023\/09\/Bautzen-Monster4711-Wikipedia-CC-BY-SA-3.0.jpg","datePublished":"2022-09-24T12:33:00+02:00","dateModified":"2023-09-25T08:32:51+02:00","author":{"@id":"https:\/\/instytutpolski.pl\/leipzig\/#\/schema\/person\/a74d20cf3dac53f5579b2a3ec40f22dd"},"breadcrumb":{"@id":"https:\/\/instytutpolski.pl\/leipzig\/2022\/09\/24\/deutsch-polnisches-herbstfest-2023\/#breadcrumb"},"inLanguage":"pl-PL","potentialAction":[{"@type":"ReadAction","target":["https:\/\/instytutpolski.pl\/leipzig\/2022\/09\/24\/deutsch-polnisches-herbstfest-2023\/"]}],"@context":"https:\/\/schema.org","startDate":"2023-09-24T03:00:00+02:00","endDate":"2023-09-24T08:00:00+02:00","eventStatus":"EventScheduled","eventAttendanceMode":"OfflineEventAttendanceMode","location":{"@type":"place","name":"Steinhaus, Steinstra\u00dfe 37, 02625 Bautzen","address":"Steinhaus, Steinstra\u00dfe 37, 02625 Bautzen","geo":{"@type":"GeoCoordinates","latitude":"51.28362182766469","longitude":"12.376354797697585"}},"description":"Das Deutsch-Polnische Herbstfest ist mittlerweile eine liebgewonnene Tradition im Steinhaus Bautzen. In diesem Jahr gibt es f\u00fcr Kultur- und Sprachinteressierte wieder allerlei zu entdecken. Kulturelle Beitr\u00e4ge, traditionelle Speisen, Gespr\u00e4chsrunden und t\u00e4nzerische Begegnung bieten allen Besucher*innen Zeit und Raum f\u00fcr den interkulturellen Austausch.\nEr\u00f6ffnet wird die Veranstaltung gemeinsam mit der Ausl\u00e4nderbeauftragten des Landkreises Bautzen Anna Pi\u0119tak-Malinowska im Rahmen der Interkulturellen Wochen 2023 \"Neue R\u00e4ume\" im Landkreis Bautzen. Neben verschiedenen Liedern aus der Zeit um den Januaraufstand 1863 gibt es einen spannenden Vortrag von Bernd Karwen (Polnisches Institut Berlin \u2013 Filiale Leipzig) zu diesem Thema.\nDas Ensemble Rozmaryn \u2013 eine immer wieder gern willkommen gehei\u00dfene Folklore-Gruppe aus Bogatynia \u2013 begleitet den Abend mit traditionellen Ges\u00e4ngen, die zum Mitsingen einladen. Kulturelle Beitr\u00e4ge aus Bautzen werden das Programm auch f\u00fcr polnische G\u00e4ste spannend gestalten.\nUm den interkulturellen Austausch zu f\u00f6rdern, wird es die Gelegenheit geben, sich mit interkulturellen sowie deutsch-polnischen Engagierten und Initiativen in Gespr\u00e4chsrunden auszutauschen. F\u00fcr die Kleinsten wartet w\u00e4hrenddessen ein Programm speziell f\u00fcr Kinder. [Quelle: Steinhaus-Bautzen.de]\nVeranstalter: Steinhaus e. V.\nInfo: steinhaus-bautzen.deEintritt: frei, Anmeldung erbeten unter anna.pietak-malinowska@lra-bautzen.deEinlass: ab 14:30 UhrOrt: Steinhaus, Steinstra\u00dfe 37, 02625 Bautzen\nFoto \u00a9 Monster4711 \/ Wikipedia \/ CC BY-SA 3.0"},{"@type":"ImageObject","inLanguage":"pl-PL","@id":"https:\/\/instytutpolski.pl\/leipzig\/2022\/09\/24\/deutsch-polnisches-herbstfest-2023\/#primaryimage","url":"https:\/\/instytutpolski.pl\/leipzig\/wp-content\/uploads\/sites\/29\/2023\/09\/Bautzen-Monster4711-Wikipedia-CC-BY-SA-3.0.jpg","contentUrl":"https:\/\/instytutpolski.pl\/leipzig\/wp-content\/uploads\/sites\/29\/2023\/09\/Bautzen-Monster4711-Wikipedia-CC-BY-SA-3.0.jpg","width":1280,"height":551},{"@type":"BreadcrumbList","@id":"https:\/\/instytutpolski.pl\/leipzig\/2022\/09\/24\/deutsch-polnisches-herbstfest-2023\/#breadcrumb","itemListElement":[{"@type":"ListItem","position":1,"name":"Home","item":"https:\/\/instytutpolski.pl\/leipzig\/"},{"@type":"ListItem","position":2,"name":"Deutsch-Polnisches Herbstfest"}]},{"@type":"WebSite","@id":"https:\/\/instytutpolski.pl\/leipzig\/#website","url":"https:\/\/instytutpolski.pl\/leipzig\/","name":"Instytut Polski w Lipsku","description":"Kolejna witryna sieci &#8222;Instytuty Polskie&#8221;","potentialAction":[{"@type":"SearchAction","target":{"@type":"EntryPoint","urlTemplate":"https:\/\/instytutpolski.pl\/leipzig\/?s={search_term_string}"},"query-input":{"@type":"PropertyValueSpecification","valueRequired":true,"valueName":"search_term_string"}}],"inLanguage":"pl-PL"},{"@type":"Person","@id":"https:\/\/instytutpolski.pl\/leipzig\/#\/schema\/person\/a74d20cf3dac53f5579b2a3ec40f22dd","name":"Rainer Mende","image":{"@type":"ImageObject","inLanguage":"pl-PL","@id":"https:\/\/instytutpolski.pl\/leipzig\/#\/schema\/person\/image\/","url":"https:\/\/secure.gravatar.com\/avatar\/61382ed949dec269ce106c2fd5871a60?s=96&d=mm&r=g","contentUrl":"https:\/\/secure.gravatar.com\/avatar\/61382ed949dec269ce106c2fd5871a60?s=96&d=mm&r=g","caption":"Rainer Mende"},"url":"https:\/\/instytutpolski.pl\/leipzig\/author\/mender\/"}]}},"_links":{"self":[{"href":"https:\/\/instytutpolski.pl\/leipzig\/wp-json\/wp\/v2\/posts\/9694","targetHints":{"allow":["GET"]}}],"collection":[{"href":"https:\/\/instytutpolski.pl\/leipzig\/wp-json\/wp\/v2\/posts"}],"about":[{"href":"https:\/\/instytutpolski.pl\/leipzig\/wp-json\/wp\/v2\/types\/post"}],"author":[{"embeddable":true,"href":"https:\/\/instytutpolski.pl\/leipzig\/wp-json\/wp\/v2\/users\/79"}],"replies":[{"embeddable":true,"href":"https:\/\/instytutpolski.pl\/leipzig\/wp-json\/wp\/v2\/comments?post=9694"}],"version-history":[{"count":8,"href":"https:\/\/instytutpolski.pl\/leipzig\/wp-json\/wp\/v2\/posts\/9694\/revisions"}],"predecessor-version":[{"id":9703,"href":"https:\/\/instytutpolski.pl\/leipzig\/wp-json\/wp\/v2\/posts\/9694\/revisions\/9703"}],"wp:featuredmedia":[{"embeddable":true,"href":"https:\/\/instytutpolski.pl\/leipzig\/wp-json\/wp\/v2\/media\/9695"}],"wp:attachment":[{"href":"https:\/\/instytutpolski.pl\/leipzig\/wp-json\/wp\/v2\/media?parent=9694"}],"wp:term":[{"taxonomy":"category","embeddable":true,"href":"https:\/\/instytutpolski.pl\/leipzig\/wp-json\/wp\/v2\/categories?post=9694"},{"taxonomy":"post_tag","embeddable":true,"href":"https:\/\/instytutpolski.pl\/leipzig\/wp-json\/wp\/v2\/tags?post=9694"}],"curies":[{"name":"wp","href":"https:\/\/api.w.org\/{rel}","templated":true}]}}