{"id":10106,"date":"2026-04-27T15:22:31","date_gmt":"2026-04-27T13:22:31","guid":{"rendered":"https:\/\/instytutpolski.pl\/madrid\/?p=10106"},"modified":"2026-04-27T15:22:32","modified_gmt":"2026-04-27T13:22:32","slug":"aleksandra-przybysz-participa-en-technarte-bilbao-conferencia-internacional-sobre-arte-y-tecnologia","status":"publish","type":"post","link":"https:\/\/instytutpolski.pl\/madrid\/2026\/04\/27\/aleksandra-przybysz-participa-en-technarte-bilbao-conferencia-internacional-sobre-arte-y-tecnologia\/","title":{"rendered":"Aleksandra Przybysz participa en Technarte Bilbao, Conferencia Internacional Sobre Arte y Tecnolog\u00eda"},"content":{"rendered":"\n<p><strong>REGISTRO SONORO DE OBJETOS A GRAN ESCALA<\/strong><br>(LARGE-SCALE OBJECTS SOUND REGISTRATION)<br>El proyecto propone utilizar la sonificaci\u00f3n de datos medioambientales recopilados \u2014como las concentraciones de metales pesados en el suelo y el agua\u2014 junto con grabaciones de fen\u00f3menos ac\u00fasticos en zonas marcadas de forma expl\u00edcita por la presencia de hiperobjetos, con el fin de desarrollar una herramienta art\u00edstica experimental basada en la investigaci\u00f3n. Los hiperobjetos son fen\u00f3menos de escala monstruosa que no pueden percibirse en su totalidad; est\u00e1n demasiado dispersos en el tiempo y el espacio. Sus efectos se manifiestan localmente, pero su impacto se extiende a lo largo de d\u00e9cadas y continentes. El sonido, como medio espacial, temporal y afectivo, permite aproximarse a fen\u00f3menos que exceden los l\u00edmites de la percepci\u00f3n visual y de la representaci\u00f3n racional. La sonificaci\u00f3n funciona aqu\u00ed como un lenguaje alternativo de la cat\u00e1strofe. En este marco, el arte sonoro no se limita a documentar la crisis, sino que se convierte en una herramienta operativa: nos permite o\u00edr lo que permanece invisible y, de ese modo, fomenta nuevas formas de sensibilidad hacia las consecuencias a largo plazo de la degradaci\u00f3n medioambiental. El proyecto crea una epistemolog\u00eda alternativa de los paisajes contaminados, que con demasiada frecuencia permanecen \u201cmudos\u201d en la conciencia social.<\/p>\n\n\n\n<p><strong>ALEKSANDRA PRZYBYSZ<\/strong> es artista e investigadora, y graduada en la Facultad de Escultura de la Academia de Bellas Artes de Varsovia. Tambi\u00e9n estudi\u00f3 en el Departamento de Sonido e Imagen de la Escola das Artes de Oporto, y actualmente cursa el segundo a\u00f1o de su doctorado en pr\u00e1ctica art\u00edstica en la Universidad de la Comisi\u00f3n de Educaci\u00f3n Nacional de Cracovia. Trabaja a partir del concepto de hiperobjetos de Timothy Morton: fen\u00f3menos ecol\u00f3gicos de enorme escala, como el cambio clim\u00e1tico, la radiaci\u00f3n o los residuos t\u00f3xicos, que resultan dif\u00edciles de abarcar, pero que moldean profundamente nuestras vidas. Aborda estas cuestiones de forma interdisciplinar, recurriendo tanto al terror posthumanista como a pr\u00e1cticas escult\u00f3ricas, textuales y sonoras. Le interesan especialmente las concepciones de la historia natural que incorporan acontecimientos t\u00f3xicos y aquellos provocados por la actividad humana invasiva. En su trabajo, el arte no cumple una funci\u00f3n meramente ilustrativa, sino que se convierte en un m\u00e9todo de investigaci\u00f3n capaz de generar modelos alternativos para describir la historia natural contempor\u00e1nea.<\/p>\n\n\n\n<p><strong>M\u00c1S INFO<\/strong> <strong>Y ENTRADAS<\/strong><br><a href=\"https:\/\/technarte.org\/en\/the-conference\/aleksandra-przybysz\/\">Aleksandra Przybysz &#8211; Technarte<\/a><\/p>\n","protected":false},"excerpt":{"rendered":"<p>REGISTRO SONORO DE OBJETOS A GRAN ESCALA(LARGE-SCALE OBJECTS SOUND REGISTRATION)El proyecto propone utilizar la sonificaci\u00f3n de datos medioambientales recopilados \u2014como las concentraciones de metales pesados en el suelo y el agua\u2014 junto con grabaciones de fen\u00f3menos ac\u00fasticos en zonas marcadas de forma expl\u00edcita por la presencia de hiperobjetos, con el fin de desarrollar una herramienta [&hellip;]<\/p>\n","protected":false},"author":53,"featured_media":10107,"comment_status":"open","ping_status":"open","sticky":false,"template":"","format":"standard","meta":{"inline_featured_image":false,"_monsterinsights_skip_tracking":false,"_monsterinsights_sitenote_active":false,"_monsterinsights_sitenote_note":"","_monsterinsights_sitenote_category":0,"footnotes":""},"categories":[85],"tags":[],"class_list":["post-10106","post","type-post","status-publish","format-standard","has-post-thumbnail","hentry","category-artes-visuales"],"yoast_head":"<!-- This site is optimized with the Yoast SEO plugin v24.6 - https:\/\/yoast.com\/wordpress\/plugins\/seo\/ -->\n<title>Aleksandra Przybysz participa en Technarte Bilbao, Conferencia Internacional Sobre Arte y Tecnolog\u00eda - Instytut Polski w Madrycie<\/title>\n<meta name=\"robots\" content=\"index, follow, max-snippet:-1, max-image-preview:large, max-video-preview:-1\" \/>\n<link rel=\"canonical\" href=\"https:\/\/instytutpolski.pl\/madrid\/2026\/04\/27\/aleksandra-przybysz-participa-en-technarte-bilbao-conferencia-internacional-sobre-arte-y-tecnologia\/\" \/>\n<meta property=\"og:locale\" content=\"pl_PL\" \/>\n<meta property=\"og:type\" content=\"article\" \/>\n<meta property=\"og:title\" content=\"Aleksandra Przybysz participa en Technarte Bilbao, Conferencia Internacional Sobre Arte y Tecnolog\u00eda - Instytut Polski w Madrycie\" \/>\n<meta property=\"og:description\" content=\"REGISTRO SONORO DE OBJETOS A GRAN ESCALA(LARGE-SCALE OBJECTS SOUND REGISTRATION)El proyecto propone utilizar la sonificaci\u00f3n de datos medioambientales recopilados \u2014como las concentraciones de metales pesados en el suelo y el agua\u2014 junto con grabaciones de fen\u00f3menos ac\u00fasticos en zonas marcadas de forma expl\u00edcita por la presencia de hiperobjetos, con el fin de desarrollar una herramienta [&hellip;]\" \/>\n<meta property=\"og:url\" content=\"https:\/\/instytutpolski.pl\/madrid\/2026\/04\/27\/aleksandra-przybysz-participa-en-technarte-bilbao-conferencia-internacional-sobre-arte-y-tecnologia\/\" \/>\n<meta property=\"og:site_name\" content=\"Instytut Polski w Madrycie\" \/>\n<meta property=\"article:published_time\" content=\"2026-04-27T13:22:31+00:00\" \/>\n<meta property=\"article:modified_time\" content=\"2026-04-27T13:22:32+00:00\" \/>\n<meta property=\"og:image\" content=\"https:\/\/instytutpolski.pl\/madrid\/wp-content\/uploads\/sites\/16\/2026\/04\/Aleksandra_Przybysz-2.jpg\" \/>\n\t<meta property=\"og:image:width\" content=\"1392\" \/>\n\t<meta property=\"og:image:height\" content=\"982\" \/>\n\t<meta property=\"og:image:type\" content=\"image\/jpeg\" \/>\n<meta name=\"author\" content=\"flordiegoi\" \/>\n<meta name=\"twitter:card\" content=\"summary_large_image\" \/>\n<meta name=\"twitter:label1\" content=\"Napisane przez\" \/>\n\t<meta name=\"twitter:data1\" content=\"flordiegoi\" \/>\n\t<meta name=\"twitter:label2\" content=\"Szacowany czas czytania\" \/>\n\t<meta name=\"twitter:data2\" content=\"3 minuty\" \/>\n<script type=\"application\/ld+json\" class=\"yoast-schema-graph\">{\"@context\":\"https:\/\/schema.org\",\"@graph\":[{\"@type\":\"event\",\"@id\":\"https:\/\/instytutpolski.pl\/madrid\/2026\/04\/27\/aleksandra-przybysz-participa-en-technarte-bilbao-conferencia-internacional-sobre-arte-y-tecnologia\/\",\"url\":\"https:\/\/instytutpolski.pl\/madrid\/2026\/04\/27\/aleksandra-przybysz-participa-en-technarte-bilbao-conferencia-internacional-sobre-arte-y-tecnologia\/\",\"name\":\"Aleksandra Przybysz participa en Technarte Bilbao, Conferencia Internacional Sobre Arte y Tecnolog\u00eda\",\"isPartOf\":{\"@id\":\"https:\/\/instytutpolski.pl\/madrid\/#website\"},\"primaryImageOfPage\":{\"@id\":\"https:\/\/instytutpolski.pl\/madrid\/2026\/04\/27\/aleksandra-przybysz-participa-en-technarte-bilbao-conferencia-internacional-sobre-arte-y-tecnologia\/#primaryimage\"},\"image\":[\"https:\/\/instytutpolski.pl\/madrid\/wp-content\/uploads\/sites\/16\/2026\/04\/Aleksandra_Przybysz-2.jpg\",\"https:\/\/instytutpolski.pl\/madrid\/wp-content\/uploads\/sites\/16\/2026\/04\/Aleksandra_Przybysz-2-300x212.jpg\",\"https:\/\/instytutpolski.pl\/madrid\/wp-content\/uploads\/sites\/16\/2026\/04\/Aleksandra_Przybysz-2-1024x722.jpg\",\"https:\/\/instytutpolski.pl\/madrid\/wp-content\/uploads\/sites\/16\/2026\/04\/Aleksandra_Przybysz-2.jpg\"],\"thumbnailUrl\":\"https:\/\/instytutpolski.pl\/madrid\/wp-content\/uploads\/sites\/16\/2026\/04\/Aleksandra_Przybysz-2.jpg\",\"datePublished\":\"2026-04-27T13:22:31+02:00\",\"dateModified\":\"2026-04-27T13:22:32+02:00\",\"author\":{\"@id\":\"https:\/\/instytutpolski.pl\/madrid\/#\/schema\/person\/e0654e43985eb97fff1ee10123df9d6d\"},\"breadcrumb\":{\"@id\":\"https:\/\/instytutpolski.pl\/madrid\/2026\/04\/27\/aleksandra-przybysz-participa-en-technarte-bilbao-conferencia-internacional-sobre-arte-y-tecnologia\/#breadcrumb\"},\"inLanguage\":\"pl-PL\",\"potentialAction\":[{\"@type\":\"ReadAction\",\"target\":[\"https:\/\/instytutpolski.pl\/madrid\/2026\/04\/27\/aleksandra-przybysz-participa-en-technarte-bilbao-conferencia-internacional-sobre-arte-y-tecnologia\/\"]}],\"@context\":\"https:\/\/schema.org\",\"startDate\":\"2026-05-15T02:00:00+02:00\",\"endDate\":\"2026-05-15T03:00:00+02:00\",\"eventStatus\":\"EventScheduled\",\"eventAttendanceMode\":\"OfflineEventAttendanceMode\",\"location\":{\"@type\":\"place\",\"name\":\"\",\"address\":\"\",\"geo\":{\"@type\":\"GeoCoordinates\",\"latitude\":\"\",\"longitude\":\"\"}},\"description\":\"REGISTRO SONORO DE OBJETOS A GRAN ESCALA(LARGE-SCALE OBJECTS SOUND REGISTRATION)El proyecto propone utilizar la sonificaci\u00f3n de datos medioambientales recopilados \u2014como las concentraciones de metales pesados en el suelo y el agua\u2014 junto con grabaciones de fen\u00f3menos ac\u00fasticos en zonas marcadas de forma expl\u00edcita por la presencia de hiperobjetos, con el fin de desarrollar una herramienta art\u00edstica experimental basada en la investigaci\u00f3n. Los hiperobjetos son fen\u00f3menos de escala monstruosa que no pueden percibirse en su totalidad; est\u00e1n demasiado dispersos en el tiempo y el espacio. Sus efectos se manifiestan localmente, pero su impacto se extiende a lo largo de d\u00e9cadas y continentes. El sonido, como medio espacial, temporal y afectivo, permite aproximarse a fen\u00f3menos que exceden los l\u00edmites de la percepci\u00f3n visual y de la representaci\u00f3n racional. La sonificaci\u00f3n funciona aqu\u00ed como un lenguaje alternativo de la cat\u00e1strofe. En este marco, el arte sonoro no se limita a documentar la crisis, sino que se convierte en una herramienta operativa: nos permite o\u00edr lo que permanece invisible y, de ese modo, fomenta nuevas formas de sensibilidad hacia las consecuencias a largo plazo de la degradaci\u00f3n medioambiental. El proyecto crea una epistemolog\u00eda alternativa de los paisajes contaminados, que con demasiada frecuencia permanecen \u201cmudos\u201d en la conciencia social.\\nALEKSANDRA PRZYBYSZ es artista e investigadora, y graduada en la Facultad de Escultura de la Academia de Bellas Artes de Varsovia. Tambi\u00e9n estudi\u00f3 en el Departamento de Sonido e Imagen de la Escola das Artes de Oporto, y actualmente cursa el segundo a\u00f1o de su doctorado en pr\u00e1ctica art\u00edstica en la Universidad de la Comisi\u00f3n de Educaci\u00f3n Nacional de Cracovia. Trabaja a partir del concepto de hiperobjetos de Timothy Morton: fen\u00f3menos ecol\u00f3gicos de enorme escala, como el cambio clim\u00e1tico, la radiaci\u00f3n o los residuos t\u00f3xicos, que resultan dif\u00edciles de abarcar, pero que moldean profundamente nuestras vidas. Aborda estas cuestiones de forma interdisciplinar, recurriendo tanto al terror posthumanista como a pr\u00e1cticas escult\u00f3ricas, textuales y sonoras. Le interesan especialmente las concepciones de la historia natural que incorporan acontecimientos t\u00f3xicos y aquellos provocados por la actividad humana invasiva. En su trabajo, el arte no cumple una funci\u00f3n meramente ilustrativa, sino que se convierte en un m\u00e9todo de investigaci\u00f3n capaz de generar modelos alternativos para describir la historia natural contempor\u00e1nea.\\nM\u00c1S INFO Y ENTRADASAleksandra Przybysz - Technarte\"},{\"@type\":\"ImageObject\",\"inLanguage\":\"pl-PL\",\"@id\":\"https:\/\/instytutpolski.pl\/madrid\/2026\/04\/27\/aleksandra-przybysz-participa-en-technarte-bilbao-conferencia-internacional-sobre-arte-y-tecnologia\/#primaryimage\",\"url\":\"https:\/\/instytutpolski.pl\/madrid\/wp-content\/uploads\/sites\/16\/2026\/04\/Aleksandra_Przybysz-2.jpg\",\"contentUrl\":\"https:\/\/instytutpolski.pl\/madrid\/wp-content\/uploads\/sites\/16\/2026\/04\/Aleksandra_Przybysz-2.jpg\",\"width\":1392,\"height\":982},{\"@type\":\"BreadcrumbList\",\"@id\":\"https:\/\/instytutpolski.pl\/madrid\/2026\/04\/27\/aleksandra-przybysz-participa-en-technarte-bilbao-conferencia-internacional-sobre-arte-y-tecnologia\/#breadcrumb\",\"itemListElement\":[{\"@type\":\"ListItem\",\"position\":1,\"name\":\"Home\",\"item\":\"https:\/\/instytutpolski.pl\/madrid\/\"},{\"@type\":\"ListItem\",\"position\":2,\"name\":\"Aleksandra Przybysz participa en Technarte Bilbao, Conferencia Internacional Sobre Arte y Tecnolog\u00eda\"}]},{\"@type\":\"WebSite\",\"@id\":\"https:\/\/instytutpolski.pl\/madrid\/#website\",\"url\":\"https:\/\/instytutpolski.pl\/madrid\/\",\"name\":\"Instytut Polski w Madrycie\",\"description\":\"Instytuty Polskie\",\"potentialAction\":[{\"@type\":\"SearchAction\",\"target\":{\"@type\":\"EntryPoint\",\"urlTemplate\":\"https:\/\/instytutpolski.pl\/madrid\/?s={search_term_string}\"},\"query-input\":{\"@type\":\"PropertyValueSpecification\",\"valueRequired\":true,\"valueName\":\"search_term_string\"}}],\"inLanguage\":\"pl-PL\"},{\"@type\":\"Person\",\"@id\":\"https:\/\/instytutpolski.pl\/madrid\/#\/schema\/person\/e0654e43985eb97fff1ee10123df9d6d\",\"name\":\"flordiegoi\",\"image\":{\"@type\":\"ImageObject\",\"inLanguage\":\"pl-PL\",\"@id\":\"https:\/\/instytutpolski.pl\/madrid\/#\/schema\/person\/image\/\",\"url\":\"https:\/\/secure.gravatar.com\/avatar\/4eab36d24d5413194c55493f26080656?s=96&d=mm&r=g\",\"contentUrl\":\"https:\/\/secure.gravatar.com\/avatar\/4eab36d24d5413194c55493f26080656?s=96&d=mm&r=g\",\"caption\":\"flordiegoi\"},\"sameAs\":[\"http:\/\/lukasz.sienkiewicz@msz.gov.pl\"],\"url\":\"https:\/\/instytutpolski.pl\/madrid\/author\/flordiegoi\/\"}]}<\/script>\n<!-- \/ Yoast SEO plugin. -->","yoast_head_json":{"title":"Aleksandra Przybysz participa en Technarte Bilbao, Conferencia Internacional Sobre Arte y Tecnolog\u00eda - Instytut Polski w Madrycie","robots":{"index":"index","follow":"follow","max-snippet":"max-snippet:-1","max-image-preview":"max-image-preview:large","max-video-preview":"max-video-preview:-1"},"canonical":"https:\/\/instytutpolski.pl\/madrid\/2026\/04\/27\/aleksandra-przybysz-participa-en-technarte-bilbao-conferencia-internacional-sobre-arte-y-tecnologia\/","og_locale":"pl_PL","og_type":"article","og_title":"Aleksandra Przybysz participa en Technarte Bilbao, Conferencia Internacional Sobre Arte y Tecnolog\u00eda - Instytut Polski w Madrycie","og_description":"REGISTRO SONORO DE OBJETOS A GRAN ESCALA(LARGE-SCALE OBJECTS SOUND REGISTRATION)El proyecto propone utilizar la sonificaci\u00f3n de datos medioambientales recopilados \u2014como las concentraciones de metales pesados en el suelo y el agua\u2014 junto con grabaciones de fen\u00f3menos ac\u00fasticos en zonas marcadas de forma expl\u00edcita por la presencia de hiperobjetos, con el fin de desarrollar una herramienta [&hellip;]","og_url":"https:\/\/instytutpolski.pl\/madrid\/2026\/04\/27\/aleksandra-przybysz-participa-en-technarte-bilbao-conferencia-internacional-sobre-arte-y-tecnologia\/","og_site_name":"Instytut Polski w Madrycie","article_published_time":"2026-04-27T13:22:31+00:00","article_modified_time":"2026-04-27T13:22:32+00:00","og_image":[{"width":1392,"height":982,"url":"https:\/\/instytutpolski.pl\/madrid\/wp-content\/uploads\/sites\/16\/2026\/04\/Aleksandra_Przybysz-2.jpg","type":"image\/jpeg"}],"author":"flordiegoi","twitter_card":"summary_large_image","twitter_misc":{"Napisane przez":"flordiegoi","Szacowany czas czytania":"3 minuty"},"schema":{"@context":"https:\/\/schema.org","@graph":[{"@type":"event","@id":"https:\/\/instytutpolski.pl\/madrid\/2026\/04\/27\/aleksandra-przybysz-participa-en-technarte-bilbao-conferencia-internacional-sobre-arte-y-tecnologia\/","url":"https:\/\/instytutpolski.pl\/madrid\/2026\/04\/27\/aleksandra-przybysz-participa-en-technarte-bilbao-conferencia-internacional-sobre-arte-y-tecnologia\/","name":"Aleksandra Przybysz participa en Technarte Bilbao, Conferencia Internacional Sobre Arte y Tecnolog\u00eda","isPartOf":{"@id":"https:\/\/instytutpolski.pl\/madrid\/#website"},"primaryImageOfPage":{"@id":"https:\/\/instytutpolski.pl\/madrid\/2026\/04\/27\/aleksandra-przybysz-participa-en-technarte-bilbao-conferencia-internacional-sobre-arte-y-tecnologia\/#primaryimage"},"image":["https:\/\/instytutpolski.pl\/madrid\/wp-content\/uploads\/sites\/16\/2026\/04\/Aleksandra_Przybysz-2.jpg","https:\/\/instytutpolski.pl\/madrid\/wp-content\/uploads\/sites\/16\/2026\/04\/Aleksandra_Przybysz-2-300x212.jpg","https:\/\/instytutpolski.pl\/madrid\/wp-content\/uploads\/sites\/16\/2026\/04\/Aleksandra_Przybysz-2-1024x722.jpg","https:\/\/instytutpolski.pl\/madrid\/wp-content\/uploads\/sites\/16\/2026\/04\/Aleksandra_Przybysz-2.jpg"],"thumbnailUrl":"https:\/\/instytutpolski.pl\/madrid\/wp-content\/uploads\/sites\/16\/2026\/04\/Aleksandra_Przybysz-2.jpg","datePublished":"2026-04-27T13:22:31+02:00","dateModified":"2026-04-27T13:22:32+02:00","author":{"@id":"https:\/\/instytutpolski.pl\/madrid\/#\/schema\/person\/e0654e43985eb97fff1ee10123df9d6d"},"breadcrumb":{"@id":"https:\/\/instytutpolski.pl\/madrid\/2026\/04\/27\/aleksandra-przybysz-participa-en-technarte-bilbao-conferencia-internacional-sobre-arte-y-tecnologia\/#breadcrumb"},"inLanguage":"pl-PL","potentialAction":[{"@type":"ReadAction","target":["https:\/\/instytutpolski.pl\/madrid\/2026\/04\/27\/aleksandra-przybysz-participa-en-technarte-bilbao-conferencia-internacional-sobre-arte-y-tecnologia\/"]}],"@context":"https:\/\/schema.org","startDate":"2026-05-15T02:00:00+02:00","endDate":"2026-05-15T03:00:00+02:00","eventStatus":"EventScheduled","eventAttendanceMode":"OfflineEventAttendanceMode","location":{"@type":"place","name":"","address":"","geo":{"@type":"GeoCoordinates","latitude":"","longitude":""}},"description":"REGISTRO SONORO DE OBJETOS A GRAN ESCALA(LARGE-SCALE OBJECTS SOUND REGISTRATION)El proyecto propone utilizar la sonificaci\u00f3n de datos medioambientales recopilados \u2014como las concentraciones de metales pesados en el suelo y el agua\u2014 junto con grabaciones de fen\u00f3menos ac\u00fasticos en zonas marcadas de forma expl\u00edcita por la presencia de hiperobjetos, con el fin de desarrollar una herramienta art\u00edstica experimental basada en la investigaci\u00f3n. Los hiperobjetos son fen\u00f3menos de escala monstruosa que no pueden percibirse en su totalidad; est\u00e1n demasiado dispersos en el tiempo y el espacio. Sus efectos se manifiestan localmente, pero su impacto se extiende a lo largo de d\u00e9cadas y continentes. El sonido, como medio espacial, temporal y afectivo, permite aproximarse a fen\u00f3menos que exceden los l\u00edmites de la percepci\u00f3n visual y de la representaci\u00f3n racional. La sonificaci\u00f3n funciona aqu\u00ed como un lenguaje alternativo de la cat\u00e1strofe. En este marco, el arte sonoro no se limita a documentar la crisis, sino que se convierte en una herramienta operativa: nos permite o\u00edr lo que permanece invisible y, de ese modo, fomenta nuevas formas de sensibilidad hacia las consecuencias a largo plazo de la degradaci\u00f3n medioambiental. El proyecto crea una epistemolog\u00eda alternativa de los paisajes contaminados, que con demasiada frecuencia permanecen \u201cmudos\u201d en la conciencia social.\nALEKSANDRA PRZYBYSZ es artista e investigadora, y graduada en la Facultad de Escultura de la Academia de Bellas Artes de Varsovia. Tambi\u00e9n estudi\u00f3 en el Departamento de Sonido e Imagen de la Escola das Artes de Oporto, y actualmente cursa el segundo a\u00f1o de su doctorado en pr\u00e1ctica art\u00edstica en la Universidad de la Comisi\u00f3n de Educaci\u00f3n Nacional de Cracovia. Trabaja a partir del concepto de hiperobjetos de Timothy Morton: fen\u00f3menos ecol\u00f3gicos de enorme escala, como el cambio clim\u00e1tico, la radiaci\u00f3n o los residuos t\u00f3xicos, que resultan dif\u00edciles de abarcar, pero que moldean profundamente nuestras vidas. Aborda estas cuestiones de forma interdisciplinar, recurriendo tanto al terror posthumanista como a pr\u00e1cticas escult\u00f3ricas, textuales y sonoras. Le interesan especialmente las concepciones de la historia natural que incorporan acontecimientos t\u00f3xicos y aquellos provocados por la actividad humana invasiva. En su trabajo, el arte no cumple una funci\u00f3n meramente ilustrativa, sino que se convierte en un m\u00e9todo de investigaci\u00f3n capaz de generar modelos alternativos para describir la historia natural contempor\u00e1nea.\nM\u00c1S INFO Y ENTRADASAleksandra Przybysz - Technarte"},{"@type":"ImageObject","inLanguage":"pl-PL","@id":"https:\/\/instytutpolski.pl\/madrid\/2026\/04\/27\/aleksandra-przybysz-participa-en-technarte-bilbao-conferencia-internacional-sobre-arte-y-tecnologia\/#primaryimage","url":"https:\/\/instytutpolski.pl\/madrid\/wp-content\/uploads\/sites\/16\/2026\/04\/Aleksandra_Przybysz-2.jpg","contentUrl":"https:\/\/instytutpolski.pl\/madrid\/wp-content\/uploads\/sites\/16\/2026\/04\/Aleksandra_Przybysz-2.jpg","width":1392,"height":982},{"@type":"BreadcrumbList","@id":"https:\/\/instytutpolski.pl\/madrid\/2026\/04\/27\/aleksandra-przybysz-participa-en-technarte-bilbao-conferencia-internacional-sobre-arte-y-tecnologia\/#breadcrumb","itemListElement":[{"@type":"ListItem","position":1,"name":"Home","item":"https:\/\/instytutpolski.pl\/madrid\/"},{"@type":"ListItem","position":2,"name":"Aleksandra Przybysz participa en Technarte Bilbao, Conferencia Internacional Sobre Arte y Tecnolog\u00eda"}]},{"@type":"WebSite","@id":"https:\/\/instytutpolski.pl\/madrid\/#website","url":"https:\/\/instytutpolski.pl\/madrid\/","name":"Instytut Polski w Madrycie","description":"Instytuty Polskie","potentialAction":[{"@type":"SearchAction","target":{"@type":"EntryPoint","urlTemplate":"https:\/\/instytutpolski.pl\/madrid\/?s={search_term_string}"},"query-input":{"@type":"PropertyValueSpecification","valueRequired":true,"valueName":"search_term_string"}}],"inLanguage":"pl-PL"},{"@type":"Person","@id":"https:\/\/instytutpolski.pl\/madrid\/#\/schema\/person\/e0654e43985eb97fff1ee10123df9d6d","name":"flordiegoi","image":{"@type":"ImageObject","inLanguage":"pl-PL","@id":"https:\/\/instytutpolski.pl\/madrid\/#\/schema\/person\/image\/","url":"https:\/\/secure.gravatar.com\/avatar\/4eab36d24d5413194c55493f26080656?s=96&d=mm&r=g","contentUrl":"https:\/\/secure.gravatar.com\/avatar\/4eab36d24d5413194c55493f26080656?s=96&d=mm&r=g","caption":"flordiegoi"},"sameAs":["http:\/\/lukasz.sienkiewicz@msz.gov.pl"],"url":"https:\/\/instytutpolski.pl\/madrid\/author\/flordiegoi\/"}]}},"_links":{"self":[{"href":"https:\/\/instytutpolski.pl\/madrid\/wp-json\/wp\/v2\/posts\/10106","targetHints":{"allow":["GET"]}}],"collection":[{"href":"https:\/\/instytutpolski.pl\/madrid\/wp-json\/wp\/v2\/posts"}],"about":[{"href":"https:\/\/instytutpolski.pl\/madrid\/wp-json\/wp\/v2\/types\/post"}],"author":[{"embeddable":true,"href":"https:\/\/instytutpolski.pl\/madrid\/wp-json\/wp\/v2\/users\/53"}],"replies":[{"embeddable":true,"href":"https:\/\/instytutpolski.pl\/madrid\/wp-json\/wp\/v2\/comments?post=10106"}],"version-history":[{"count":2,"href":"https:\/\/instytutpolski.pl\/madrid\/wp-json\/wp\/v2\/posts\/10106\/revisions"}],"predecessor-version":[{"id":10109,"href":"https:\/\/instytutpolski.pl\/madrid\/wp-json\/wp\/v2\/posts\/10106\/revisions\/10109"}],"wp:featuredmedia":[{"embeddable":true,"href":"https:\/\/instytutpolski.pl\/madrid\/wp-json\/wp\/v2\/media\/10107"}],"wp:attachment":[{"href":"https:\/\/instytutpolski.pl\/madrid\/wp-json\/wp\/v2\/media?parent=10106"}],"wp:term":[{"taxonomy":"category","embeddable":true,"href":"https:\/\/instytutpolski.pl\/madrid\/wp-json\/wp\/v2\/categories?post=10106"},{"taxonomy":"post_tag","embeddable":true,"href":"https:\/\/instytutpolski.pl\/madrid\/wp-json\/wp\/v2\/tags?post=10106"}],"curies":[{"name":"wp","href":"https:\/\/api.w.org\/{rel}","templated":true}]}}