{"id":10114,"date":"2026-04-08T15:56:17","date_gmt":"2026-04-08T13:56:17","guid":{"rendered":"https:\/\/instytutpolski.pl\/madrid\/?p=10114"},"modified":"2026-04-28T10:52:08","modified_gmt":"2026-04-28T08:52:08","slug":"iv-edycja-konkursu-na-projekty-edukacyjne-im-janusza-korczaka","status":"publish","type":"post","link":"https:\/\/instytutpolski.pl\/madrid\/pl\/2026\/04\/08\/iv-edycja-konkursu-na-projekty-edukacyjne-im-janusza-korczaka\/","title":{"rendered":"IV edycja konkursu na projekty edukacyjne im. Janusza Korczaka"},"content":{"rendered":"\n<p><\/p>\n\n\n\n<p>Konkurs skierowany jest do nauczycieli i uczni\u00f3w plac\u00f3wek edukacyjnych w Hiszpanii (szko\u0142y podstawowe, ESO, licea i szko\u0142y zawodowe) w roku szkolnym 2025\/2026. Uczestnicy powinni przedstawi\u0107 interdyscyplinarny projekt w formie cyfrowej, wraz z kr\u00f3tkim opisem, kt\u00f3ry porusza r\u00f3\u017cne aspekty postaci Korczaka z perspektywy historycznej, literackiej, pedagogicznej lub wsp\u00f3\u0142czesnej.<\/p>\n\n\n\n<p>Celem tej inicjatywy jest promowanie takich warto\u015bci jak wsp\u00f3\u0142praca, kreatywno\u015b\u0107 i zaanga\u017cowanie w edukacj\u0119, a tak\u017ce wspieranie pracy zespo\u0142owej w\u015br\u00f3d uczni\u00f3w, nauczycieli i spo\u0142eczno\u015bci edukacyjnej. Szczeg\u00f3lnie cenione b\u0119d\u0105 oryginalno\u015b\u0107, rzetelno\u015b\u0107 tre\u015bci oraz wp\u0142yw edukacyjny przedstawionego projektu. Termin nadsy\u0142ania prac up\u0142ywa 22 maja 2026 r.<\/p>\n","protected":false},"excerpt":{"rendered":"<p>Konkurs skierowany jest do nauczycieli i uczni\u00f3w plac\u00f3wek edukacyjnych w Hiszpanii (szko\u0142y podstawowe, ESO, licea i szko\u0142y zawodowe) w roku szkolnym 2025\/2026. Uczestnicy powinni przedstawi\u0107 interdyscyplinarny projekt w formie cyfrowej, wraz z kr\u00f3tkim opisem, kt\u00f3ry porusza r\u00f3\u017cne aspekty postaci Korczaka z perspektywy historycznej, literackiej, pedagogicznej lub wsp\u00f3\u0142czesnej. Celem tej inicjatywy jest promowanie takich warto\u015bci jak [&hellip;]<\/p>\n","protected":false},"author":51,"featured_media":9148,"comment_status":"open","ping_status":"open","sticky":false,"template":"","format":"standard","meta":{"inline_featured_image":false,"_monsterinsights_skip_tracking":false,"_monsterinsights_sitenote_active":false,"_monsterinsights_sitenote_note":"","_monsterinsights_sitenote_category":0,"footnotes":""},"categories":[7],"tags":[],"class_list":["post-10114","post","type-post","status-publish","format-standard","has-post-thumbnail","hentry","category-aktualnosci"],"yoast_head":"<!-- This site is optimized with the Yoast SEO plugin v24.6 - https:\/\/yoast.com\/wordpress\/plugins\/seo\/ -->\n<title>IV edycja konkursu na projekty edukacyjne im. Janusza Korczaka - Instytut Polski w Madrycie<\/title>\n<meta name=\"robots\" content=\"index, follow, max-snippet:-1, max-image-preview:large, max-video-preview:-1\" \/>\n<link rel=\"canonical\" href=\"https:\/\/instytutpolski.pl\/madrid\/pl\/2026\/04\/08\/iv-edycja-konkursu-na-projekty-edukacyjne-im-janusza-korczaka\/\" \/>\n<meta property=\"og:locale\" content=\"pl_PL\" \/>\n<meta property=\"og:type\" content=\"article\" \/>\n<meta property=\"og:title\" content=\"IV edycja konkursu na projekty edukacyjne im. Janusza Korczaka - Instytut Polski w Madrycie\" \/>\n<meta property=\"og:description\" content=\"Konkurs skierowany jest do nauczycieli i uczni\u00f3w plac\u00f3wek edukacyjnych w Hiszpanii (szko\u0142y podstawowe, ESO, licea i szko\u0142y zawodowe) w roku szkolnym 2025\/2026. Uczestnicy powinni przedstawi\u0107 interdyscyplinarny projekt w formie cyfrowej, wraz z kr\u00f3tkim opisem, kt\u00f3ry porusza r\u00f3\u017cne aspekty postaci Korczaka z perspektywy historycznej, literackiej, pedagogicznej lub wsp\u00f3\u0142czesnej. Celem tej inicjatywy jest promowanie takich warto\u015bci jak [&hellip;]\" \/>\n<meta property=\"og:url\" content=\"https:\/\/instytutpolski.pl\/madrid\/pl\/2026\/04\/08\/iv-edycja-konkursu-na-projekty-edukacyjne-im-janusza-korczaka\/\" \/>\n<meta property=\"og:site_name\" content=\"Instytut Polski w Madrycie\" \/>\n<meta property=\"article:published_time\" content=\"2026-04-08T13:56:17+00:00\" \/>\n<meta property=\"article:modified_time\" content=\"2026-04-28T08:52:08+00:00\" \/>\n<meta property=\"og:image\" content=\"https:\/\/instytutpolski.pl\/madrid\/wp-content\/uploads\/sites\/16\/2025\/10\/jkorczak.jpg\" \/>\n\t<meta property=\"og:image:width\" content=\"1098\" \/>\n\t<meta property=\"og:image:height\" content=\"1228\" \/>\n\t<meta property=\"og:image:type\" content=\"image\/jpeg\" \/>\n<meta name=\"author\" content=\"kowalczyke\" \/>\n<meta name=\"twitter:card\" content=\"summary_large_image\" \/>\n<meta name=\"twitter:label1\" content=\"Napisane przez\" \/>\n\t<meta name=\"twitter:data1\" content=\"kowalczyke\" \/>\n\t<meta name=\"twitter:label2\" content=\"Szacowany czas czytania\" \/>\n\t<meta name=\"twitter:data2\" content=\"1 minuta\" \/>\n<script type=\"application\/ld+json\" class=\"yoast-schema-graph\">{\"@context\":\"https:\/\/schema.org\",\"@graph\":[{\"@type\":\"event\",\"@id\":\"https:\/\/instytutpolski.pl\/madrid\/pl\/2026\/04\/08\/iv-edycja-konkursu-na-projekty-edukacyjne-im-janusza-korczaka\/\",\"url\":\"https:\/\/instytutpolski.pl\/madrid\/pl\/2026\/04\/08\/iv-edycja-konkursu-na-projekty-edukacyjne-im-janusza-korczaka\/\",\"name\":\"IV edycja konkursu na projekty edukacyjne im. Janusza Korczaka\",\"isPartOf\":{\"@id\":\"https:\/\/instytutpolski.pl\/madrid\/#website\"},\"primaryImageOfPage\":{\"@id\":\"https:\/\/instytutpolski.pl\/madrid\/pl\/2026\/04\/08\/iv-edycja-konkursu-na-projekty-edukacyjne-im-janusza-korczaka\/#primaryimage\"},\"image\":[\"https:\/\/instytutpolski.pl\/madrid\/wp-content\/uploads\/sites\/16\/2025\/10\/jkorczak.jpg\",\"https:\/\/instytutpolski.pl\/madrid\/wp-content\/uploads\/sites\/16\/2025\/10\/jkorczak-268x300.jpg\",\"https:\/\/instytutpolski.pl\/madrid\/wp-content\/uploads\/sites\/16\/2025\/10\/jkorczak-916x1024.jpg\",\"https:\/\/instytutpolski.pl\/madrid\/wp-content\/uploads\/sites\/16\/2025\/10\/jkorczak.jpg\"],\"thumbnailUrl\":\"https:\/\/instytutpolski.pl\/madrid\/wp-content\/uploads\/sites\/16\/2025\/10\/jkorczak.jpg\",\"datePublished\":\"2026-04-08T13:56:17+02:00\",\"dateModified\":\"2026-04-28T08:52:08+02:00\",\"author\":{\"@id\":\"https:\/\/instytutpolski.pl\/madrid\/#\/schema\/person\/2ef2ed85f88ad5d4e4f921140b5edc8d\"},\"breadcrumb\":{\"@id\":\"https:\/\/instytutpolski.pl\/madrid\/pl\/2026\/04\/08\/iv-edycja-konkursu-na-projekty-edukacyjne-im-janusza-korczaka\/#breadcrumb\"},\"inLanguage\":\"pl-PL\",\"potentialAction\":[{\"@type\":\"ReadAction\",\"target\":[\"https:\/\/instytutpolski.pl\/madrid\/pl\/2026\/04\/08\/iv-edycja-konkursu-na-projekty-edukacyjne-im-janusza-korczaka\/\"]}],\"@context\":\"https:\/\/schema.org\",\"startDate\":\"2026-04-01\",\"endDate\":\"2026-05-22\",\"eventStatus\":\"EventScheduled\",\"eventAttendanceMode\":\"OfflineEventAttendanceMode\",\"location\":{\"@type\":\"place\",\"name\":\"\",\"address\":\"\",\"geo\":{\"@type\":\"GeoCoordinates\",\"latitude\":\"\",\"longitude\":\"\"}},\"description\":\"Konkurs skierowany jest do nauczycieli i uczni\u00f3w plac\u00f3wek edukacyjnych w Hiszpanii (szko\u0142y podstawowe, ESO, licea i szko\u0142y zawodowe) w roku szkolnym 2025\/2026. Uczestnicy powinni przedstawi\u0107 interdyscyplinarny projekt w formie cyfrowej, wraz z kr\u00f3tkim opisem, kt\u00f3ry porusza r\u00f3\u017cne aspekty postaci Korczaka z perspektywy historycznej, literackiej, pedagogicznej lub wsp\u00f3\u0142czesnej.\\nCelem tej inicjatywy jest promowanie takich warto\u015bci jak wsp\u00f3\u0142praca, kreatywno\u015b\u0107 i zaanga\u017cowanie w edukacj\u0119, a tak\u017ce wspieranie pracy zespo\u0142owej w\u015br\u00f3d uczni\u00f3w, nauczycieli i spo\u0142eczno\u015bci edukacyjnej. Szczeg\u00f3lnie cenione b\u0119d\u0105 oryginalno\u015b\u0107, rzetelno\u015b\u0107 tre\u015bci oraz wp\u0142yw edukacyjny przedstawionego projektu. Termin nadsy\u0142ania prac up\u0142ywa 22 maja 2026 r.\"},{\"@type\":\"ImageObject\",\"inLanguage\":\"pl-PL\",\"@id\":\"https:\/\/instytutpolski.pl\/madrid\/pl\/2026\/04\/08\/iv-edycja-konkursu-na-projekty-edukacyjne-im-janusza-korczaka\/#primaryimage\",\"url\":\"https:\/\/instytutpolski.pl\/madrid\/wp-content\/uploads\/sites\/16\/2025\/10\/jkorczak.jpg\",\"contentUrl\":\"https:\/\/instytutpolski.pl\/madrid\/wp-content\/uploads\/sites\/16\/2025\/10\/jkorczak.jpg\",\"width\":1098,\"height\":1228},{\"@type\":\"BreadcrumbList\",\"@id\":\"https:\/\/instytutpolski.pl\/madrid\/pl\/2026\/04\/08\/iv-edycja-konkursu-na-projekty-edukacyjne-im-janusza-korczaka\/#breadcrumb\",\"itemListElement\":[{\"@type\":\"ListItem\",\"position\":1,\"name\":\"Home\",\"item\":\"https:\/\/instytutpolski.pl\/madrid\/\"},{\"@type\":\"ListItem\",\"position\":2,\"name\":\"IV edycja konkursu na projekty edukacyjne im. Janusza Korczaka\"}]},{\"@type\":\"WebSite\",\"@id\":\"https:\/\/instytutpolski.pl\/madrid\/#website\",\"url\":\"https:\/\/instytutpolski.pl\/madrid\/\",\"name\":\"Instytut Polski w Madrycie\",\"description\":\"Instytuty Polskie\",\"potentialAction\":[{\"@type\":\"SearchAction\",\"target\":{\"@type\":\"EntryPoint\",\"urlTemplate\":\"https:\/\/instytutpolski.pl\/madrid\/?s={search_term_string}\"},\"query-input\":{\"@type\":\"PropertyValueSpecification\",\"valueRequired\":true,\"valueName\":\"search_term_string\"}}],\"inLanguage\":\"pl-PL\"},{\"@type\":\"Person\",\"@id\":\"https:\/\/instytutpolski.pl\/madrid\/#\/schema\/person\/2ef2ed85f88ad5d4e4f921140b5edc8d\",\"name\":\"kowalczyke\",\"image\":{\"@type\":\"ImageObject\",\"inLanguage\":\"pl-PL\",\"@id\":\"https:\/\/instytutpolski.pl\/madrid\/#\/schema\/person\/image\/\",\"url\":\"https:\/\/secure.gravatar.com\/avatar\/2b384c7336ca78295f66224d3a33e434?s=96&d=mm&r=g\",\"contentUrl\":\"https:\/\/secure.gravatar.com\/avatar\/2b384c7336ca78295f66224d3a33e434?s=96&d=mm&r=g\",\"caption\":\"kowalczyke\"},\"sameAs\":[\"http:\/\/lukasz.sienkiewicz@msz.gov.pl\"],\"url\":\"https:\/\/instytutpolski.pl\/madrid\/author\/kowalczyke\/\"}]}<\/script>\n<!-- \/ Yoast SEO plugin. -->","yoast_head_json":{"title":"IV edycja konkursu na projekty edukacyjne im. Janusza Korczaka - Instytut Polski w Madrycie","robots":{"index":"index","follow":"follow","max-snippet":"max-snippet:-1","max-image-preview":"max-image-preview:large","max-video-preview":"max-video-preview:-1"},"canonical":"https:\/\/instytutpolski.pl\/madrid\/pl\/2026\/04\/08\/iv-edycja-konkursu-na-projekty-edukacyjne-im-janusza-korczaka\/","og_locale":"pl_PL","og_type":"article","og_title":"IV edycja konkursu na projekty edukacyjne im. Janusza Korczaka - Instytut Polski w Madrycie","og_description":"Konkurs skierowany jest do nauczycieli i uczni\u00f3w plac\u00f3wek edukacyjnych w Hiszpanii (szko\u0142y podstawowe, ESO, licea i szko\u0142y zawodowe) w roku szkolnym 2025\/2026. Uczestnicy powinni przedstawi\u0107 interdyscyplinarny projekt w formie cyfrowej, wraz z kr\u00f3tkim opisem, kt\u00f3ry porusza r\u00f3\u017cne aspekty postaci Korczaka z perspektywy historycznej, literackiej, pedagogicznej lub wsp\u00f3\u0142czesnej. Celem tej inicjatywy jest promowanie takich warto\u015bci jak [&hellip;]","og_url":"https:\/\/instytutpolski.pl\/madrid\/pl\/2026\/04\/08\/iv-edycja-konkursu-na-projekty-edukacyjne-im-janusza-korczaka\/","og_site_name":"Instytut Polski w Madrycie","article_published_time":"2026-04-08T13:56:17+00:00","article_modified_time":"2026-04-28T08:52:08+00:00","og_image":[{"width":1098,"height":1228,"url":"https:\/\/instytutpolski.pl\/madrid\/wp-content\/uploads\/sites\/16\/2025\/10\/jkorczak.jpg","type":"image\/jpeg"}],"author":"kowalczyke","twitter_card":"summary_large_image","twitter_misc":{"Napisane przez":"kowalczyke","Szacowany czas czytania":"1 minuta"},"schema":{"@context":"https:\/\/schema.org","@graph":[{"@type":"event","@id":"https:\/\/instytutpolski.pl\/madrid\/pl\/2026\/04\/08\/iv-edycja-konkursu-na-projekty-edukacyjne-im-janusza-korczaka\/","url":"https:\/\/instytutpolski.pl\/madrid\/pl\/2026\/04\/08\/iv-edycja-konkursu-na-projekty-edukacyjne-im-janusza-korczaka\/","name":"IV edycja konkursu na projekty edukacyjne im. Janusza Korczaka","isPartOf":{"@id":"https:\/\/instytutpolski.pl\/madrid\/#website"},"primaryImageOfPage":{"@id":"https:\/\/instytutpolski.pl\/madrid\/pl\/2026\/04\/08\/iv-edycja-konkursu-na-projekty-edukacyjne-im-janusza-korczaka\/#primaryimage"},"image":["https:\/\/instytutpolski.pl\/madrid\/wp-content\/uploads\/sites\/16\/2025\/10\/jkorczak.jpg","https:\/\/instytutpolski.pl\/madrid\/wp-content\/uploads\/sites\/16\/2025\/10\/jkorczak-268x300.jpg","https:\/\/instytutpolski.pl\/madrid\/wp-content\/uploads\/sites\/16\/2025\/10\/jkorczak-916x1024.jpg","https:\/\/instytutpolski.pl\/madrid\/wp-content\/uploads\/sites\/16\/2025\/10\/jkorczak.jpg"],"thumbnailUrl":"https:\/\/instytutpolski.pl\/madrid\/wp-content\/uploads\/sites\/16\/2025\/10\/jkorczak.jpg","datePublished":"2026-04-08T13:56:17+02:00","dateModified":"2026-04-28T08:52:08+02:00","author":{"@id":"https:\/\/instytutpolski.pl\/madrid\/#\/schema\/person\/2ef2ed85f88ad5d4e4f921140b5edc8d"},"breadcrumb":{"@id":"https:\/\/instytutpolski.pl\/madrid\/pl\/2026\/04\/08\/iv-edycja-konkursu-na-projekty-edukacyjne-im-janusza-korczaka\/#breadcrumb"},"inLanguage":"pl-PL","potentialAction":[{"@type":"ReadAction","target":["https:\/\/instytutpolski.pl\/madrid\/pl\/2026\/04\/08\/iv-edycja-konkursu-na-projekty-edukacyjne-im-janusza-korczaka\/"]}],"@context":"https:\/\/schema.org","startDate":"2026-04-01","endDate":"2026-05-22","eventStatus":"EventScheduled","eventAttendanceMode":"OfflineEventAttendanceMode","location":{"@type":"place","name":"","address":"","geo":{"@type":"GeoCoordinates","latitude":"","longitude":""}},"description":"Konkurs skierowany jest do nauczycieli i uczni\u00f3w plac\u00f3wek edukacyjnych w Hiszpanii (szko\u0142y podstawowe, ESO, licea i szko\u0142y zawodowe) w roku szkolnym 2025\/2026. Uczestnicy powinni przedstawi\u0107 interdyscyplinarny projekt w formie cyfrowej, wraz z kr\u00f3tkim opisem, kt\u00f3ry porusza r\u00f3\u017cne aspekty postaci Korczaka z perspektywy historycznej, literackiej, pedagogicznej lub wsp\u00f3\u0142czesnej.\nCelem tej inicjatywy jest promowanie takich warto\u015bci jak wsp\u00f3\u0142praca, kreatywno\u015b\u0107 i zaanga\u017cowanie w edukacj\u0119, a tak\u017ce wspieranie pracy zespo\u0142owej w\u015br\u00f3d uczni\u00f3w, nauczycieli i spo\u0142eczno\u015bci edukacyjnej. Szczeg\u00f3lnie cenione b\u0119d\u0105 oryginalno\u015b\u0107, rzetelno\u015b\u0107 tre\u015bci oraz wp\u0142yw edukacyjny przedstawionego projektu. Termin nadsy\u0142ania prac up\u0142ywa 22 maja 2026 r."},{"@type":"ImageObject","inLanguage":"pl-PL","@id":"https:\/\/instytutpolski.pl\/madrid\/pl\/2026\/04\/08\/iv-edycja-konkursu-na-projekty-edukacyjne-im-janusza-korczaka\/#primaryimage","url":"https:\/\/instytutpolski.pl\/madrid\/wp-content\/uploads\/sites\/16\/2025\/10\/jkorczak.jpg","contentUrl":"https:\/\/instytutpolski.pl\/madrid\/wp-content\/uploads\/sites\/16\/2025\/10\/jkorczak.jpg","width":1098,"height":1228},{"@type":"BreadcrumbList","@id":"https:\/\/instytutpolski.pl\/madrid\/pl\/2026\/04\/08\/iv-edycja-konkursu-na-projekty-edukacyjne-im-janusza-korczaka\/#breadcrumb","itemListElement":[{"@type":"ListItem","position":1,"name":"Home","item":"https:\/\/instytutpolski.pl\/madrid\/"},{"@type":"ListItem","position":2,"name":"IV edycja konkursu na projekty edukacyjne im. Janusza Korczaka"}]},{"@type":"WebSite","@id":"https:\/\/instytutpolski.pl\/madrid\/#website","url":"https:\/\/instytutpolski.pl\/madrid\/","name":"Instytut Polski w Madrycie","description":"Instytuty Polskie","potentialAction":[{"@type":"SearchAction","target":{"@type":"EntryPoint","urlTemplate":"https:\/\/instytutpolski.pl\/madrid\/?s={search_term_string}"},"query-input":{"@type":"PropertyValueSpecification","valueRequired":true,"valueName":"search_term_string"}}],"inLanguage":"pl-PL"},{"@type":"Person","@id":"https:\/\/instytutpolski.pl\/madrid\/#\/schema\/person\/2ef2ed85f88ad5d4e4f921140b5edc8d","name":"kowalczyke","image":{"@type":"ImageObject","inLanguage":"pl-PL","@id":"https:\/\/instytutpolski.pl\/madrid\/#\/schema\/person\/image\/","url":"https:\/\/secure.gravatar.com\/avatar\/2b384c7336ca78295f66224d3a33e434?s=96&d=mm&r=g","contentUrl":"https:\/\/secure.gravatar.com\/avatar\/2b384c7336ca78295f66224d3a33e434?s=96&d=mm&r=g","caption":"kowalczyke"},"sameAs":["http:\/\/lukasz.sienkiewicz@msz.gov.pl"],"url":"https:\/\/instytutpolski.pl\/madrid\/author\/kowalczyke\/"}]}},"_links":{"self":[{"href":"https:\/\/instytutpolski.pl\/madrid\/wp-json\/wp\/v2\/posts\/10114","targetHints":{"allow":["GET"]}}],"collection":[{"href":"https:\/\/instytutpolski.pl\/madrid\/wp-json\/wp\/v2\/posts"}],"about":[{"href":"https:\/\/instytutpolski.pl\/madrid\/wp-json\/wp\/v2\/types\/post"}],"author":[{"embeddable":true,"href":"https:\/\/instytutpolski.pl\/madrid\/wp-json\/wp\/v2\/users\/51"}],"replies":[{"embeddable":true,"href":"https:\/\/instytutpolski.pl\/madrid\/wp-json\/wp\/v2\/comments?post=10114"}],"version-history":[{"count":3,"href":"https:\/\/instytutpolski.pl\/madrid\/wp-json\/wp\/v2\/posts\/10114\/revisions"}],"predecessor-version":[{"id":10117,"href":"https:\/\/instytutpolski.pl\/madrid\/wp-json\/wp\/v2\/posts\/10114\/revisions\/10117"}],"wp:featuredmedia":[{"embeddable":true,"href":"https:\/\/instytutpolski.pl\/madrid\/wp-json\/wp\/v2\/media\/9148"}],"wp:attachment":[{"href":"https:\/\/instytutpolski.pl\/madrid\/wp-json\/wp\/v2\/media?parent=10114"}],"wp:term":[{"taxonomy":"category","embeddable":true,"href":"https:\/\/instytutpolski.pl\/madrid\/wp-json\/wp\/v2\/categories?post=10114"},{"taxonomy":"post_tag","embeddable":true,"href":"https:\/\/instytutpolski.pl\/madrid\/wp-json\/wp\/v2\/tags?post=10114"}],"curies":[{"name":"wp","href":"https:\/\/api.w.org\/{rel}","templated":true}]}}