{"id":10118,"date":"2026-04-15T14:06:49","date_gmt":"2026-04-15T12:06:49","guid":{"rendered":"https:\/\/instytutpolski.pl\/madrid\/?p=10118"},"modified":"2026-04-28T10:55:57","modified_gmt":"2026-04-28T08:55:57","slug":"julek-ploski-bierze-udzial-w-lev-festival-laboratorium-elektroniki-wizualnej","status":"publish","type":"post","link":"https:\/\/instytutpolski.pl\/madrid\/pl\/2026\/04\/15\/julek-ploski-bierze-udzial-w-lev-festival-laboratorium-elektroniki-wizualnej\/","title":{"rendered":"Julek Ploski bierze udzia\u0142 w LEV Festival, Laboratorium Elektroniki Wizualnej"},"content":{"rendered":"\n<p>Znany z tego, \u017ce z naturalno\u015bci\u0105 porusza si\u0119 mi\u0119dzy hipercyfrowym chaosem a najdelikatniejsz\u0105 introspekcj\u0105, Ploski tworzy \u015bwiat d\u017awi\u0119k\u00f3w, w kt\u00f3rym wsp\u00f3\u0142istniej\u0105 symfoniczno-operowa wielko\u015b\u0107, rytmy rave, liryczne melodie fortepianowe oraz nawi\u0105zania si\u0119gaj\u0105ce od trapu po metal. Jego muzyka porusza si\u0119 w przestrzeniach granicznych, gdzie klubowa euforia miesza si\u0119 z niemal paranoiczn\u0105 napi\u0119ciem, nie trac\u0105c przy tym intymnego i emocjonalnego t\u0142a.<\/p>\n\n\n\n<p>W jego najnowszej karierze wyr\u00f3\u017cniaj\u0105 si\u0119 takie wydawnictwa jak trzeci album \u201eHotel***\u201d (2023), wydany przez ameryka\u0144sk\u0105 wytw\u00f3rni\u0119 Orange Milk Records, EP-ka \u201eMatcha Latte, Contemplation\u201d nak\u0142adem Dyspensa Records oraz jego najbardziej osobiste jak dot\u0105d dzie\u0142o \u201eGive up Channel\u201d (2025), w kt\u00f3rym eksploruje tekstury MIDI i post-internetowe pejza\u017ce d\u017awi\u0119kowe z emocjonalnym i eksperymentalnym podej\u015bciem.<\/p>\n\n\n\n<p>Jedn\u0105 z najbardziej charakterystycznych cech jego wyst\u0119p\u00f3w na \u017cywo jest ich wizualna strona: audiowizualne performance, w kt\u00f3rych sam artysta tworzy cyfrowe animacje towarzysz\u0105ce muzyce, \u0142\u0105cz\u0105c surrealizm z absurdem. Efektem jest wci\u0105gaj\u0105ce do\u015bwiadczenie, kt\u00f3re przywo\u0142uje zar\u00f3wno melodramat, jak i nostalgi\u0119 za kultur\u0105 cyfrow\u0105 pierwszej dekady XXI wieku.<\/p>\n\n\n\n<p>Ponadto jego utw\u00f3r \u201eCar Boy\u201d pojawi\u0142 si\u0119 w ostatnim sezonie serialu \u201eStranger Things\u201d, umacniaj\u0105c jego mi\u0119dzynarodow\u0105 pozycj\u0119 na wsp\u00f3\u0142czesnej scenie eksperymentalnej.<\/p>\n","protected":false},"excerpt":{"rendered":"<p>Znany z tego, \u017ce z naturalno\u015bci\u0105 porusza si\u0119 mi\u0119dzy hipercyfrowym chaosem a najdelikatniejsz\u0105 introspekcj\u0105, Ploski tworzy \u015bwiat d\u017awi\u0119k\u00f3w, w kt\u00f3rym wsp\u00f3\u0142istniej\u0105 symfoniczno-operowa wielko\u015b\u0107, rytmy rave, liryczne melodie fortepianowe oraz nawi\u0105zania si\u0119gaj\u0105ce od trapu po metal. Jego muzyka porusza si\u0119 w przestrzeniach granicznych, gdzie klubowa euforia miesza si\u0119 z niemal paranoiczn\u0105 napi\u0119ciem, nie trac\u0105c przy tym [&hellip;]<\/p>\n","protected":false},"author":51,"featured_media":10059,"comment_status":"open","ping_status":"open","sticky":false,"template":"","format":"standard","meta":{"inline_featured_image":false,"_monsterinsights_skip_tracking":false,"_monsterinsights_sitenote_active":false,"_monsterinsights_sitenote_note":"","_monsterinsights_sitenote_category":0,"footnotes":""},"categories":[101],"tags":[],"class_list":["post-10118","post","type-post","status-publish","format-standard","has-post-thumbnail","hentry","category-muzyka"],"yoast_head":"<!-- This site is optimized with the Yoast SEO plugin v24.6 - https:\/\/yoast.com\/wordpress\/plugins\/seo\/ -->\n<title>Julek Ploski bierze udzia\u0142 w LEV Festival, Laboratorium Elektroniki Wizualnej - Instytut Polski w Madrycie<\/title>\n<meta name=\"robots\" content=\"index, follow, max-snippet:-1, max-image-preview:large, max-video-preview:-1\" \/>\n<link rel=\"canonical\" href=\"https:\/\/instytutpolski.pl\/madrid\/pl\/2026\/04\/15\/julek-ploski-bierze-udzial-w-lev-festival-laboratorium-elektroniki-wizualnej\/\" \/>\n<meta property=\"og:locale\" content=\"pl_PL\" \/>\n<meta property=\"og:type\" content=\"article\" \/>\n<meta property=\"og:title\" content=\"Julek Ploski bierze udzia\u0142 w LEV Festival, Laboratorium Elektroniki Wizualnej - Instytut Polski w Madrycie\" \/>\n<meta property=\"og:description\" content=\"Znany z tego, \u017ce z naturalno\u015bci\u0105 porusza si\u0119 mi\u0119dzy hipercyfrowym chaosem a najdelikatniejsz\u0105 introspekcj\u0105, Ploski tworzy \u015bwiat d\u017awi\u0119k\u00f3w, w kt\u00f3rym wsp\u00f3\u0142istniej\u0105 symfoniczno-operowa wielko\u015b\u0107, rytmy rave, liryczne melodie fortepianowe oraz nawi\u0105zania si\u0119gaj\u0105ce od trapu po metal. Jego muzyka porusza si\u0119 w przestrzeniach granicznych, gdzie klubowa euforia miesza si\u0119 z niemal paranoiczn\u0105 napi\u0119ciem, nie trac\u0105c przy tym [&hellip;]\" \/>\n<meta property=\"og:url\" content=\"https:\/\/instytutpolski.pl\/madrid\/pl\/2026\/04\/15\/julek-ploski-bierze-udzial-w-lev-festival-laboratorium-elektroniki-wizualnej\/\" \/>\n<meta property=\"og:site_name\" content=\"Instytut Polski w Madrycie\" \/>\n<meta property=\"article:published_time\" content=\"2026-04-15T12:06:49+00:00\" \/>\n<meta property=\"article:modified_time\" content=\"2026-04-28T08:55:57+00:00\" \/>\n<meta property=\"og:image\" content=\"https:\/\/instytutpolski.pl\/madrid\/wp-content\/uploads\/sites\/16\/2026\/04\/3315868f-16cc-402a-80f4-b91b472b7a82-julian_p_osk.jpeg\" \/>\n\t<meta property=\"og:image:width\" content=\"2000\" \/>\n\t<meta property=\"og:image:height\" content=\"2000\" \/>\n\t<meta property=\"og:image:type\" content=\"image\/jpeg\" \/>\n<meta name=\"author\" content=\"kowalczyke\" \/>\n<meta name=\"twitter:card\" content=\"summary_large_image\" \/>\n<meta name=\"twitter:label1\" content=\"Napisane przez\" \/>\n\t<meta name=\"twitter:data1\" content=\"kowalczyke\" \/>\n\t<meta name=\"twitter:label2\" content=\"Szacowany czas czytania\" \/>\n\t<meta name=\"twitter:data2\" content=\"2 minuty\" \/>\n<script type=\"application\/ld+json\" class=\"yoast-schema-graph\">{\"@context\":\"https:\/\/schema.org\",\"@graph\":[{\"@type\":\"event\",\"@id\":\"https:\/\/instytutpolski.pl\/madrid\/pl\/2026\/04\/15\/julek-ploski-bierze-udzial-w-lev-festival-laboratorium-elektroniki-wizualnej\/\",\"url\":\"https:\/\/instytutpolski.pl\/madrid\/pl\/2026\/04\/15\/julek-ploski-bierze-udzial-w-lev-festival-laboratorium-elektroniki-wizualnej\/\",\"name\":\"Julek Ploski bierze udzia\u0142 w LEV Festival, Laboratorium Elektroniki Wizualnej\",\"isPartOf\":{\"@id\":\"https:\/\/instytutpolski.pl\/madrid\/#website\"},\"primaryImageOfPage\":{\"@id\":\"https:\/\/instytutpolski.pl\/madrid\/pl\/2026\/04\/15\/julek-ploski-bierze-udzial-w-lev-festival-laboratorium-elektroniki-wizualnej\/#primaryimage\"},\"image\":[\"https:\/\/instytutpolski.pl\/madrid\/wp-content\/uploads\/sites\/16\/2026\/04\/3315868f-16cc-402a-80f4-b91b472b7a82-julian_p_osk.jpeg\",\"https:\/\/instytutpolski.pl\/madrid\/wp-content\/uploads\/sites\/16\/2026\/04\/3315868f-16cc-402a-80f4-b91b472b7a82-julian_p_osk-300x300.jpeg\",\"https:\/\/instytutpolski.pl\/madrid\/wp-content\/uploads\/sites\/16\/2026\/04\/3315868f-16cc-402a-80f4-b91b472b7a82-julian_p_osk-1024x1024.jpeg\",\"https:\/\/instytutpolski.pl\/madrid\/wp-content\/uploads\/sites\/16\/2026\/04\/3315868f-16cc-402a-80f4-b91b472b7a82-julian_p_osk.jpeg\"],\"thumbnailUrl\":\"https:\/\/instytutpolski.pl\/madrid\/wp-content\/uploads\/sites\/16\/2026\/04\/3315868f-16cc-402a-80f4-b91b472b7a82-julian_p_osk.jpeg\",\"datePublished\":\"2026-04-15T12:06:49+02:00\",\"dateModified\":\"2026-04-28T08:55:57+02:00\",\"author\":{\"@id\":\"https:\/\/instytutpolski.pl\/madrid\/#\/schema\/person\/2ef2ed85f88ad5d4e4f921140b5edc8d\"},\"breadcrumb\":{\"@id\":\"https:\/\/instytutpolski.pl\/madrid\/pl\/2026\/04\/15\/julek-ploski-bierze-udzial-w-lev-festival-laboratorium-elektroniki-wizualnej\/#breadcrumb\"},\"inLanguage\":\"pl-PL\",\"potentialAction\":[{\"@type\":\"ReadAction\",\"target\":[\"https:\/\/instytutpolski.pl\/madrid\/pl\/2026\/04\/15\/julek-ploski-bierze-udzial-w-lev-festival-laboratorium-elektroniki-wizualnej\/\"]}],\"@context\":\"https:\/\/schema.org\",\"startDate\":\"2026-05-03T01:00:00+02:00\",\"endDate\":\"2026-05-03T03:00:00+02:00\",\"eventStatus\":\"EventScheduled\",\"eventAttendanceMode\":\"OfflineEventAttendanceMode\",\"location\":{\"@type\":\"place\",\"name\":\"\",\"address\":\"\",\"geo\":{\"@type\":\"GeoCoordinates\",\"latitude\":\"\",\"longitude\":\"\"}},\"description\":\"Znany z tego, \u017ce z naturalno\u015bci\u0105 porusza si\u0119 mi\u0119dzy hipercyfrowym chaosem a najdelikatniejsz\u0105 introspekcj\u0105, Ploski tworzy \u015bwiat d\u017awi\u0119k\u00f3w, w kt\u00f3rym wsp\u00f3\u0142istniej\u0105 symfoniczno-operowa wielko\u015b\u0107, rytmy rave, liryczne melodie fortepianowe oraz nawi\u0105zania si\u0119gaj\u0105ce od trapu po metal. Jego muzyka porusza si\u0119 w przestrzeniach granicznych, gdzie klubowa euforia miesza si\u0119 z niemal paranoiczn\u0105 napi\u0119ciem, nie trac\u0105c przy tym intymnego i emocjonalnego t\u0142a.\\nW jego najnowszej karierze wyr\u00f3\u017cniaj\u0105 si\u0119 takie wydawnictwa jak trzeci album \u201eHotel***\u201d (2023), wydany przez ameryka\u0144sk\u0105 wytw\u00f3rni\u0119 Orange Milk Records, EP-ka \u201eMatcha Latte, Contemplation\u201d nak\u0142adem Dyspensa Records oraz jego najbardziej osobiste jak dot\u0105d dzie\u0142o \u201eGive up Channel\u201d (2025), w kt\u00f3rym eksploruje tekstury MIDI i post-internetowe pejza\u017ce d\u017awi\u0119kowe z emocjonalnym i eksperymentalnym podej\u015bciem.\\nJedn\u0105 z najbardziej charakterystycznych cech jego wyst\u0119p\u00f3w na \u017cywo jest ich wizualna strona: audiowizualne performance, w kt\u00f3rych sam artysta tworzy cyfrowe animacje towarzysz\u0105ce muzyce, \u0142\u0105cz\u0105c surrealizm z absurdem. Efektem jest wci\u0105gaj\u0105ce do\u015bwiadczenie, kt\u00f3re przywo\u0142uje zar\u00f3wno melodramat, jak i nostalgi\u0119 za kultur\u0105 cyfrow\u0105 pierwszej dekady XXI wieku.\\nPonadto jego utw\u00f3r \u201eCar Boy\u201d pojawi\u0142 si\u0119 w ostatnim sezonie serialu \u201eStranger Things\u201d, umacniaj\u0105c jego mi\u0119dzynarodow\u0105 pozycj\u0119 na wsp\u00f3\u0142czesnej scenie eksperymentalnej.\"},{\"@type\":\"ImageObject\",\"inLanguage\":\"pl-PL\",\"@id\":\"https:\/\/instytutpolski.pl\/madrid\/pl\/2026\/04\/15\/julek-ploski-bierze-udzial-w-lev-festival-laboratorium-elektroniki-wizualnej\/#primaryimage\",\"url\":\"https:\/\/instytutpolski.pl\/madrid\/wp-content\/uploads\/sites\/16\/2026\/04\/3315868f-16cc-402a-80f4-b91b472b7a82-julian_p_osk.jpeg\",\"contentUrl\":\"https:\/\/instytutpolski.pl\/madrid\/wp-content\/uploads\/sites\/16\/2026\/04\/3315868f-16cc-402a-80f4-b91b472b7a82-julian_p_osk.jpeg\",\"width\":2000,\"height\":2000},{\"@type\":\"BreadcrumbList\",\"@id\":\"https:\/\/instytutpolski.pl\/madrid\/pl\/2026\/04\/15\/julek-ploski-bierze-udzial-w-lev-festival-laboratorium-elektroniki-wizualnej\/#breadcrumb\",\"itemListElement\":[{\"@type\":\"ListItem\",\"position\":1,\"name\":\"Home\",\"item\":\"https:\/\/instytutpolski.pl\/madrid\/\"},{\"@type\":\"ListItem\",\"position\":2,\"name\":\"Julek Ploski bierze udzia\u0142 w LEV Festival, Laboratorium Elektroniki Wizualnej\"}]},{\"@type\":\"WebSite\",\"@id\":\"https:\/\/instytutpolski.pl\/madrid\/#website\",\"url\":\"https:\/\/instytutpolski.pl\/madrid\/\",\"name\":\"Instytut Polski w Madrycie\",\"description\":\"Instytuty Polskie\",\"potentialAction\":[{\"@type\":\"SearchAction\",\"target\":{\"@type\":\"EntryPoint\",\"urlTemplate\":\"https:\/\/instytutpolski.pl\/madrid\/?s={search_term_string}\"},\"query-input\":{\"@type\":\"PropertyValueSpecification\",\"valueRequired\":true,\"valueName\":\"search_term_string\"}}],\"inLanguage\":\"pl-PL\"},{\"@type\":\"Person\",\"@id\":\"https:\/\/instytutpolski.pl\/madrid\/#\/schema\/person\/2ef2ed85f88ad5d4e4f921140b5edc8d\",\"name\":\"kowalczyke\",\"image\":{\"@type\":\"ImageObject\",\"inLanguage\":\"pl-PL\",\"@id\":\"https:\/\/instytutpolski.pl\/madrid\/#\/schema\/person\/image\/\",\"url\":\"https:\/\/secure.gravatar.com\/avatar\/2b384c7336ca78295f66224d3a33e434?s=96&d=mm&r=g\",\"contentUrl\":\"https:\/\/secure.gravatar.com\/avatar\/2b384c7336ca78295f66224d3a33e434?s=96&d=mm&r=g\",\"caption\":\"kowalczyke\"},\"sameAs\":[\"http:\/\/lukasz.sienkiewicz@msz.gov.pl\"],\"url\":\"https:\/\/instytutpolski.pl\/madrid\/author\/kowalczyke\/\"}]}<\/script>\n<!-- \/ Yoast SEO plugin. -->","yoast_head_json":{"title":"Julek Ploski bierze udzia\u0142 w LEV Festival, Laboratorium Elektroniki Wizualnej - Instytut Polski w Madrycie","robots":{"index":"index","follow":"follow","max-snippet":"max-snippet:-1","max-image-preview":"max-image-preview:large","max-video-preview":"max-video-preview:-1"},"canonical":"https:\/\/instytutpolski.pl\/madrid\/pl\/2026\/04\/15\/julek-ploski-bierze-udzial-w-lev-festival-laboratorium-elektroniki-wizualnej\/","og_locale":"pl_PL","og_type":"article","og_title":"Julek Ploski bierze udzia\u0142 w LEV Festival, Laboratorium Elektroniki Wizualnej - Instytut Polski w Madrycie","og_description":"Znany z tego, \u017ce z naturalno\u015bci\u0105 porusza si\u0119 mi\u0119dzy hipercyfrowym chaosem a najdelikatniejsz\u0105 introspekcj\u0105, Ploski tworzy \u015bwiat d\u017awi\u0119k\u00f3w, w kt\u00f3rym wsp\u00f3\u0142istniej\u0105 symfoniczno-operowa wielko\u015b\u0107, rytmy rave, liryczne melodie fortepianowe oraz nawi\u0105zania si\u0119gaj\u0105ce od trapu po metal. Jego muzyka porusza si\u0119 w przestrzeniach granicznych, gdzie klubowa euforia miesza si\u0119 z niemal paranoiczn\u0105 napi\u0119ciem, nie trac\u0105c przy tym [&hellip;]","og_url":"https:\/\/instytutpolski.pl\/madrid\/pl\/2026\/04\/15\/julek-ploski-bierze-udzial-w-lev-festival-laboratorium-elektroniki-wizualnej\/","og_site_name":"Instytut Polski w Madrycie","article_published_time":"2026-04-15T12:06:49+00:00","article_modified_time":"2026-04-28T08:55:57+00:00","og_image":[{"width":2000,"height":2000,"url":"https:\/\/instytutpolski.pl\/madrid\/wp-content\/uploads\/sites\/16\/2026\/04\/3315868f-16cc-402a-80f4-b91b472b7a82-julian_p_osk.jpeg","type":"image\/jpeg"}],"author":"kowalczyke","twitter_card":"summary_large_image","twitter_misc":{"Napisane przez":"kowalczyke","Szacowany czas czytania":"2 minuty"},"schema":{"@context":"https:\/\/schema.org","@graph":[{"@type":"event","@id":"https:\/\/instytutpolski.pl\/madrid\/pl\/2026\/04\/15\/julek-ploski-bierze-udzial-w-lev-festival-laboratorium-elektroniki-wizualnej\/","url":"https:\/\/instytutpolski.pl\/madrid\/pl\/2026\/04\/15\/julek-ploski-bierze-udzial-w-lev-festival-laboratorium-elektroniki-wizualnej\/","name":"Julek Ploski bierze udzia\u0142 w LEV Festival, Laboratorium Elektroniki Wizualnej","isPartOf":{"@id":"https:\/\/instytutpolski.pl\/madrid\/#website"},"primaryImageOfPage":{"@id":"https:\/\/instytutpolski.pl\/madrid\/pl\/2026\/04\/15\/julek-ploski-bierze-udzial-w-lev-festival-laboratorium-elektroniki-wizualnej\/#primaryimage"},"image":["https:\/\/instytutpolski.pl\/madrid\/wp-content\/uploads\/sites\/16\/2026\/04\/3315868f-16cc-402a-80f4-b91b472b7a82-julian_p_osk.jpeg","https:\/\/instytutpolski.pl\/madrid\/wp-content\/uploads\/sites\/16\/2026\/04\/3315868f-16cc-402a-80f4-b91b472b7a82-julian_p_osk-300x300.jpeg","https:\/\/instytutpolski.pl\/madrid\/wp-content\/uploads\/sites\/16\/2026\/04\/3315868f-16cc-402a-80f4-b91b472b7a82-julian_p_osk-1024x1024.jpeg","https:\/\/instytutpolski.pl\/madrid\/wp-content\/uploads\/sites\/16\/2026\/04\/3315868f-16cc-402a-80f4-b91b472b7a82-julian_p_osk.jpeg"],"thumbnailUrl":"https:\/\/instytutpolski.pl\/madrid\/wp-content\/uploads\/sites\/16\/2026\/04\/3315868f-16cc-402a-80f4-b91b472b7a82-julian_p_osk.jpeg","datePublished":"2026-04-15T12:06:49+02:00","dateModified":"2026-04-28T08:55:57+02:00","author":{"@id":"https:\/\/instytutpolski.pl\/madrid\/#\/schema\/person\/2ef2ed85f88ad5d4e4f921140b5edc8d"},"breadcrumb":{"@id":"https:\/\/instytutpolski.pl\/madrid\/pl\/2026\/04\/15\/julek-ploski-bierze-udzial-w-lev-festival-laboratorium-elektroniki-wizualnej\/#breadcrumb"},"inLanguage":"pl-PL","potentialAction":[{"@type":"ReadAction","target":["https:\/\/instytutpolski.pl\/madrid\/pl\/2026\/04\/15\/julek-ploski-bierze-udzial-w-lev-festival-laboratorium-elektroniki-wizualnej\/"]}],"@context":"https:\/\/schema.org","startDate":"2026-05-03T01:00:00+02:00","endDate":"2026-05-03T03:00:00+02:00","eventStatus":"EventScheduled","eventAttendanceMode":"OfflineEventAttendanceMode","location":{"@type":"place","name":"","address":"","geo":{"@type":"GeoCoordinates","latitude":"","longitude":""}},"description":"Znany z tego, \u017ce z naturalno\u015bci\u0105 porusza si\u0119 mi\u0119dzy hipercyfrowym chaosem a najdelikatniejsz\u0105 introspekcj\u0105, Ploski tworzy \u015bwiat d\u017awi\u0119k\u00f3w, w kt\u00f3rym wsp\u00f3\u0142istniej\u0105 symfoniczno-operowa wielko\u015b\u0107, rytmy rave, liryczne melodie fortepianowe oraz nawi\u0105zania si\u0119gaj\u0105ce od trapu po metal. Jego muzyka porusza si\u0119 w przestrzeniach granicznych, gdzie klubowa euforia miesza si\u0119 z niemal paranoiczn\u0105 napi\u0119ciem, nie trac\u0105c przy tym intymnego i emocjonalnego t\u0142a.\nW jego najnowszej karierze wyr\u00f3\u017cniaj\u0105 si\u0119 takie wydawnictwa jak trzeci album \u201eHotel***\u201d (2023), wydany przez ameryka\u0144sk\u0105 wytw\u00f3rni\u0119 Orange Milk Records, EP-ka \u201eMatcha Latte, Contemplation\u201d nak\u0142adem Dyspensa Records oraz jego najbardziej osobiste jak dot\u0105d dzie\u0142o \u201eGive up Channel\u201d (2025), w kt\u00f3rym eksploruje tekstury MIDI i post-internetowe pejza\u017ce d\u017awi\u0119kowe z emocjonalnym i eksperymentalnym podej\u015bciem.\nJedn\u0105 z najbardziej charakterystycznych cech jego wyst\u0119p\u00f3w na \u017cywo jest ich wizualna strona: audiowizualne performance, w kt\u00f3rych sam artysta tworzy cyfrowe animacje towarzysz\u0105ce muzyce, \u0142\u0105cz\u0105c surrealizm z absurdem. Efektem jest wci\u0105gaj\u0105ce do\u015bwiadczenie, kt\u00f3re przywo\u0142uje zar\u00f3wno melodramat, jak i nostalgi\u0119 za kultur\u0105 cyfrow\u0105 pierwszej dekady XXI wieku.\nPonadto jego utw\u00f3r \u201eCar Boy\u201d pojawi\u0142 si\u0119 w ostatnim sezonie serialu \u201eStranger Things\u201d, umacniaj\u0105c jego mi\u0119dzynarodow\u0105 pozycj\u0119 na wsp\u00f3\u0142czesnej scenie eksperymentalnej."},{"@type":"ImageObject","inLanguage":"pl-PL","@id":"https:\/\/instytutpolski.pl\/madrid\/pl\/2026\/04\/15\/julek-ploski-bierze-udzial-w-lev-festival-laboratorium-elektroniki-wizualnej\/#primaryimage","url":"https:\/\/instytutpolski.pl\/madrid\/wp-content\/uploads\/sites\/16\/2026\/04\/3315868f-16cc-402a-80f4-b91b472b7a82-julian_p_osk.jpeg","contentUrl":"https:\/\/instytutpolski.pl\/madrid\/wp-content\/uploads\/sites\/16\/2026\/04\/3315868f-16cc-402a-80f4-b91b472b7a82-julian_p_osk.jpeg","width":2000,"height":2000},{"@type":"BreadcrumbList","@id":"https:\/\/instytutpolski.pl\/madrid\/pl\/2026\/04\/15\/julek-ploski-bierze-udzial-w-lev-festival-laboratorium-elektroniki-wizualnej\/#breadcrumb","itemListElement":[{"@type":"ListItem","position":1,"name":"Home","item":"https:\/\/instytutpolski.pl\/madrid\/"},{"@type":"ListItem","position":2,"name":"Julek Ploski bierze udzia\u0142 w LEV Festival, Laboratorium Elektroniki Wizualnej"}]},{"@type":"WebSite","@id":"https:\/\/instytutpolski.pl\/madrid\/#website","url":"https:\/\/instytutpolski.pl\/madrid\/","name":"Instytut Polski w Madrycie","description":"Instytuty Polskie","potentialAction":[{"@type":"SearchAction","target":{"@type":"EntryPoint","urlTemplate":"https:\/\/instytutpolski.pl\/madrid\/?s={search_term_string}"},"query-input":{"@type":"PropertyValueSpecification","valueRequired":true,"valueName":"search_term_string"}}],"inLanguage":"pl-PL"},{"@type":"Person","@id":"https:\/\/instytutpolski.pl\/madrid\/#\/schema\/person\/2ef2ed85f88ad5d4e4f921140b5edc8d","name":"kowalczyke","image":{"@type":"ImageObject","inLanguage":"pl-PL","@id":"https:\/\/instytutpolski.pl\/madrid\/#\/schema\/person\/image\/","url":"https:\/\/secure.gravatar.com\/avatar\/2b384c7336ca78295f66224d3a33e434?s=96&d=mm&r=g","contentUrl":"https:\/\/secure.gravatar.com\/avatar\/2b384c7336ca78295f66224d3a33e434?s=96&d=mm&r=g","caption":"kowalczyke"},"sameAs":["http:\/\/lukasz.sienkiewicz@msz.gov.pl"],"url":"https:\/\/instytutpolski.pl\/madrid\/author\/kowalczyke\/"}]}},"_links":{"self":[{"href":"https:\/\/instytutpolski.pl\/madrid\/wp-json\/wp\/v2\/posts\/10118","targetHints":{"allow":["GET"]}}],"collection":[{"href":"https:\/\/instytutpolski.pl\/madrid\/wp-json\/wp\/v2\/posts"}],"about":[{"href":"https:\/\/instytutpolski.pl\/madrid\/wp-json\/wp\/v2\/types\/post"}],"author":[{"embeddable":true,"href":"https:\/\/instytutpolski.pl\/madrid\/wp-json\/wp\/v2\/users\/51"}],"replies":[{"embeddable":true,"href":"https:\/\/instytutpolski.pl\/madrid\/wp-json\/wp\/v2\/comments?post=10118"}],"version-history":[{"count":2,"href":"https:\/\/instytutpolski.pl\/madrid\/wp-json\/wp\/v2\/posts\/10118\/revisions"}],"predecessor-version":[{"id":10120,"href":"https:\/\/instytutpolski.pl\/madrid\/wp-json\/wp\/v2\/posts\/10118\/revisions\/10120"}],"wp:featuredmedia":[{"embeddable":true,"href":"https:\/\/instytutpolski.pl\/madrid\/wp-json\/wp\/v2\/media\/10059"}],"wp:attachment":[{"href":"https:\/\/instytutpolski.pl\/madrid\/wp-json\/wp\/v2\/media?parent=10118"}],"wp:term":[{"taxonomy":"category","embeddable":true,"href":"https:\/\/instytutpolski.pl\/madrid\/wp-json\/wp\/v2\/categories?post=10118"},{"taxonomy":"post_tag","embeddable":true,"href":"https:\/\/instytutpolski.pl\/madrid\/wp-json\/wp\/v2\/tags?post=10118"}],"curies":[{"name":"wp","href":"https:\/\/api.w.org\/{rel}","templated":true}]}}