{"id":10124,"date":"2026-04-17T16:14:47","date_gmt":"2026-04-17T14:14:47","guid":{"rendered":"https:\/\/instytutpolski.pl\/madrid\/?p=10124"},"modified":"2026-04-28T11:02:48","modified_gmt":"2026-04-28T09:02:48","slug":"koncert-polskiego-pianisty-rafala-blechacza-w-galicji","status":"publish","type":"post","link":"https:\/\/instytutpolski.pl\/madrid\/pl\/2026\/04\/17\/koncert-polskiego-pianisty-rafala-blechacza-w-galicji\/","title":{"rendered":"Koncert polskiego pianisty Rafa\u0142a Blechacza w Galicji"},"content":{"rendered":"\n<p>Rafa\u0142 Blechacz pod dyrekcj\u0105 V\u00edctora Pablo P\u00e9reza wyst\u0105pi najpierw w <strong>Auditorio de Ferrol<\/strong>, a nast\u0119pnego dnia w <strong>Palacio de la \u00d3pera<\/strong> w A Coru\u00f1a \u2013 to podw\u00f3jne wydarzenie, kt\u00f3rego mi\u0142o\u015bnicy muzyki klasycznej nie mog\u0105 przegapi\u0107.<\/p>\n\n\n\n<p>30 kwietnia \u2013 <strong>Auditorio de Ferrol<\/strong><\/p>\n\n\n\n<p>Wi\u0119cej informacji i bilety:<\/p>\n\n\n\n<figure class=\"wp-block-embed\"><div class=\"wp-block-embed__wrapper\">\nhttps:\/\/www.sinfonicadegalicia.com\/concierto\/4049\/concierto-en-ferrol-rafal-blechacz-victor-pablo-perez\n<\/div><\/figure>\n\n\n\n<p>1 maja \u2013 <strong>Pa\u0142ac Opery w A Coru\u00f1a<\/strong><\/p>\n\n\n\n<p>Wi\u0119cej informacji i bilety:<\/p>\n\n\n\n<figure class=\"wp-block-embed\"><div class=\"wp-block-embed__wrapper\">\nhttps:\/\/www.sinfonicadegalicia.com\/concierto\/4048\/abono-v16-rafal-blechacz-victor-pablo-perez\n<\/div><\/figure>\n","protected":false},"excerpt":{"rendered":"<p>Rafa\u0142 Blechacz pod dyrekcj\u0105 V\u00edctora Pablo P\u00e9reza wyst\u0105pi najpierw w Auditorio de Ferrol, a nast\u0119pnego dnia w Palacio de la \u00d3pera w A Coru\u00f1a \u2013 to podw\u00f3jne wydarzenie, kt\u00f3rego mi\u0142o\u015bnicy muzyki klasycznej nie mog\u0105 przegapi\u0107. 30 kwietnia \u2013 Auditorio de Ferrol Wi\u0119cej informacji i bilety: 1 maja \u2013 Pa\u0142ac Opery w A Coru\u00f1a Wi\u0119cej informacji [&hellip;]<\/p>\n","protected":false},"author":51,"featured_media":10068,"comment_status":"open","ping_status":"open","sticky":false,"template":"","format":"standard","meta":{"inline_featured_image":false,"_monsterinsights_skip_tracking":false,"_monsterinsights_sitenote_active":false,"_monsterinsights_sitenote_note":"","_monsterinsights_sitenote_category":0,"footnotes":""},"categories":[101],"tags":[],"class_list":["post-10124","post","type-post","status-publish","format-standard","has-post-thumbnail","hentry","category-muzyka"],"yoast_head":"<!-- This site is optimized with the Yoast SEO plugin v24.6 - https:\/\/yoast.com\/wordpress\/plugins\/seo\/ -->\n<title>Koncert polskiego pianisty Rafa\u0142a Blechacza w Galicji - Instytut Polski w Madrycie<\/title>\n<meta name=\"robots\" content=\"index, follow, max-snippet:-1, max-image-preview:large, max-video-preview:-1\" \/>\n<link rel=\"canonical\" href=\"https:\/\/instytutpolski.pl\/madrid\/pl\/2026\/04\/17\/koncert-polskiego-pianisty-rafala-blechacza-w-galicji\/\" \/>\n<meta property=\"og:locale\" content=\"pl_PL\" \/>\n<meta property=\"og:type\" content=\"article\" \/>\n<meta property=\"og:title\" content=\"Koncert polskiego pianisty Rafa\u0142a Blechacza w Galicji - Instytut Polski w Madrycie\" \/>\n<meta property=\"og:description\" content=\"Rafa\u0142 Blechacz pod dyrekcj\u0105 V\u00edctora Pablo P\u00e9reza wyst\u0105pi najpierw w Auditorio de Ferrol, a nast\u0119pnego dnia w Palacio de la \u00d3pera w A Coru\u00f1a \u2013 to podw\u00f3jne wydarzenie, kt\u00f3rego mi\u0142o\u015bnicy muzyki klasycznej nie mog\u0105 przegapi\u0107. 30 kwietnia \u2013 Auditorio de Ferrol Wi\u0119cej informacji i bilety: 1 maja \u2013 Pa\u0142ac Opery w A Coru\u00f1a Wi\u0119cej informacji [&hellip;]\" \/>\n<meta property=\"og:url\" content=\"https:\/\/instytutpolski.pl\/madrid\/pl\/2026\/04\/17\/koncert-polskiego-pianisty-rafala-blechacza-w-galicji\/\" \/>\n<meta property=\"og:site_name\" content=\"Instytut Polski w Madrycie\" \/>\n<meta property=\"article:published_time\" content=\"2026-04-17T14:14:47+00:00\" \/>\n<meta property=\"article:modified_time\" content=\"2026-04-28T09:02:48+00:00\" \/>\n<meta property=\"og:image\" content=\"https:\/\/instytutpolski.pl\/madrid\/wp-content\/uploads\/sites\/16\/2026\/04\/Blechacz@Harald-Hofmann.jpg\" \/>\n\t<meta property=\"og:image:width\" content=\"1250\" \/>\n\t<meta property=\"og:image:height\" content=\"1057\" \/>\n\t<meta property=\"og:image:type\" content=\"image\/jpeg\" \/>\n<meta name=\"author\" content=\"kowalczyke\" \/>\n<meta name=\"twitter:card\" content=\"summary_large_image\" \/>\n<meta name=\"twitter:label1\" content=\"Napisane przez\" \/>\n\t<meta name=\"twitter:data1\" content=\"kowalczyke\" \/>\n\t<meta name=\"twitter:label2\" content=\"Szacowany czas czytania\" \/>\n\t<meta name=\"twitter:data2\" content=\"1 minuta\" \/>\n<script type=\"application\/ld+json\" class=\"yoast-schema-graph\">{\"@context\":\"https:\/\/schema.org\",\"@graph\":[{\"@type\":\"event\",\"@id\":\"https:\/\/instytutpolski.pl\/madrid\/pl\/2026\/04\/17\/koncert-polskiego-pianisty-rafala-blechacza-w-galicji\/\",\"url\":\"https:\/\/instytutpolski.pl\/madrid\/pl\/2026\/04\/17\/koncert-polskiego-pianisty-rafala-blechacza-w-galicji\/\",\"name\":\"Koncert polskiego pianisty Rafa\u0142a Blechacza w Galicji\",\"isPartOf\":{\"@id\":\"https:\/\/instytutpolski.pl\/madrid\/#website\"},\"primaryImageOfPage\":{\"@id\":\"https:\/\/instytutpolski.pl\/madrid\/pl\/2026\/04\/17\/koncert-polskiego-pianisty-rafala-blechacza-w-galicji\/#primaryimage\"},\"image\":[\"https:\/\/instytutpolski.pl\/madrid\/wp-content\/uploads\/sites\/16\/2026\/04\/Blechacz@Harald-Hofmann.jpg\",\"https:\/\/instytutpolski.pl\/madrid\/wp-content\/uploads\/sites\/16\/2026\/04\/Blechacz@Harald-Hofmann-300x254.jpg\",\"https:\/\/instytutpolski.pl\/madrid\/wp-content\/uploads\/sites\/16\/2026\/04\/Blechacz@Harald-Hofmann-1024x866.jpg\",\"https:\/\/instytutpolski.pl\/madrid\/wp-content\/uploads\/sites\/16\/2026\/04\/Blechacz@Harald-Hofmann.jpg\"],\"thumbnailUrl\":\"https:\/\/instytutpolski.pl\/madrid\/wp-content\/uploads\/sites\/16\/2026\/04\/Blechacz@Harald-Hofmann.jpg\",\"datePublished\":\"2026-04-17T14:14:47+02:00\",\"dateModified\":\"2026-04-28T09:02:48+02:00\",\"author\":{\"@id\":\"https:\/\/instytutpolski.pl\/madrid\/#\/schema\/person\/2ef2ed85f88ad5d4e4f921140b5edc8d\"},\"breadcrumb\":{\"@id\":\"https:\/\/instytutpolski.pl\/madrid\/pl\/2026\/04\/17\/koncert-polskiego-pianisty-rafala-blechacza-w-galicji\/#breadcrumb\"},\"inLanguage\":\"pl-PL\",\"potentialAction\":[{\"@type\":\"ReadAction\",\"target\":[\"https:\/\/instytutpolski.pl\/madrid\/pl\/2026\/04\/17\/koncert-polskiego-pianisty-rafala-blechacza-w-galicji\/\"]}],\"@context\":\"https:\/\/schema.org\",\"startDate\":\"2026-04-30\",\"endDate\":\"2026-05-01\",\"eventStatus\":\"EventScheduled\",\"eventAttendanceMode\":\"OfflineEventAttendanceMode\",\"location\":{\"@type\":\"place\",\"name\":\"\",\"address\":\"\",\"geo\":{\"@type\":\"GeoCoordinates\",\"latitude\":\"\",\"longitude\":\"\"}},\"description\":\"Rafa\u0142 Blechacz pod dyrekcj\u0105 V\u00edctora Pablo P\u00e9reza wyst\u0105pi najpierw w Auditorio de Ferrol, a nast\u0119pnego dnia w Palacio de la \u00d3pera w A Coru\u00f1a \u2013 to podw\u00f3jne wydarzenie, kt\u00f3rego mi\u0142o\u015bnicy muzyki klasycznej nie mog\u0105 przegapi\u0107.\\n30 kwietnia \u2013 Auditorio de Ferrol\\nWi\u0119cej informacji i bilety:\\n1 maja \u2013 Pa\u0142ac Opery w A Coru\u00f1a\\nWi\u0119cej informacji i bilety:\"},{\"@type\":\"ImageObject\",\"inLanguage\":\"pl-PL\",\"@id\":\"https:\/\/instytutpolski.pl\/madrid\/pl\/2026\/04\/17\/koncert-polskiego-pianisty-rafala-blechacza-w-galicji\/#primaryimage\",\"url\":\"https:\/\/instytutpolski.pl\/madrid\/wp-content\/uploads\/sites\/16\/2026\/04\/Blechacz@Harald-Hofmann.jpg\",\"contentUrl\":\"https:\/\/instytutpolski.pl\/madrid\/wp-content\/uploads\/sites\/16\/2026\/04\/Blechacz@Harald-Hofmann.jpg\",\"width\":1250,\"height\":1057},{\"@type\":\"BreadcrumbList\",\"@id\":\"https:\/\/instytutpolski.pl\/madrid\/pl\/2026\/04\/17\/koncert-polskiego-pianisty-rafala-blechacza-w-galicji\/#breadcrumb\",\"itemListElement\":[{\"@type\":\"ListItem\",\"position\":1,\"name\":\"Home\",\"item\":\"https:\/\/instytutpolski.pl\/madrid\/\"},{\"@type\":\"ListItem\",\"position\":2,\"name\":\"Koncert polskiego pianisty Rafa\u0142a Blechacza w Galicji\"}]},{\"@type\":\"WebSite\",\"@id\":\"https:\/\/instytutpolski.pl\/madrid\/#website\",\"url\":\"https:\/\/instytutpolski.pl\/madrid\/\",\"name\":\"Instytut Polski w Madrycie\",\"description\":\"Instytuty Polskie\",\"potentialAction\":[{\"@type\":\"SearchAction\",\"target\":{\"@type\":\"EntryPoint\",\"urlTemplate\":\"https:\/\/instytutpolski.pl\/madrid\/?s={search_term_string}\"},\"query-input\":{\"@type\":\"PropertyValueSpecification\",\"valueRequired\":true,\"valueName\":\"search_term_string\"}}],\"inLanguage\":\"pl-PL\"},{\"@type\":\"Person\",\"@id\":\"https:\/\/instytutpolski.pl\/madrid\/#\/schema\/person\/2ef2ed85f88ad5d4e4f921140b5edc8d\",\"name\":\"kowalczyke\",\"image\":{\"@type\":\"ImageObject\",\"inLanguage\":\"pl-PL\",\"@id\":\"https:\/\/instytutpolski.pl\/madrid\/#\/schema\/person\/image\/\",\"url\":\"https:\/\/secure.gravatar.com\/avatar\/2b384c7336ca78295f66224d3a33e434?s=96&d=mm&r=g\",\"contentUrl\":\"https:\/\/secure.gravatar.com\/avatar\/2b384c7336ca78295f66224d3a33e434?s=96&d=mm&r=g\",\"caption\":\"kowalczyke\"},\"sameAs\":[\"http:\/\/lukasz.sienkiewicz@msz.gov.pl\"],\"url\":\"https:\/\/instytutpolski.pl\/madrid\/author\/kowalczyke\/\"}]}<\/script>\n<!-- \/ Yoast SEO plugin. -->","yoast_head_json":{"title":"Koncert polskiego pianisty Rafa\u0142a Blechacza w Galicji - Instytut Polski w Madrycie","robots":{"index":"index","follow":"follow","max-snippet":"max-snippet:-1","max-image-preview":"max-image-preview:large","max-video-preview":"max-video-preview:-1"},"canonical":"https:\/\/instytutpolski.pl\/madrid\/pl\/2026\/04\/17\/koncert-polskiego-pianisty-rafala-blechacza-w-galicji\/","og_locale":"pl_PL","og_type":"article","og_title":"Koncert polskiego pianisty Rafa\u0142a Blechacza w Galicji - Instytut Polski w Madrycie","og_description":"Rafa\u0142 Blechacz pod dyrekcj\u0105 V\u00edctora Pablo P\u00e9reza wyst\u0105pi najpierw w Auditorio de Ferrol, a nast\u0119pnego dnia w Palacio de la \u00d3pera w A Coru\u00f1a \u2013 to podw\u00f3jne wydarzenie, kt\u00f3rego mi\u0142o\u015bnicy muzyki klasycznej nie mog\u0105 przegapi\u0107. 30 kwietnia \u2013 Auditorio de Ferrol Wi\u0119cej informacji i bilety: 1 maja \u2013 Pa\u0142ac Opery w A Coru\u00f1a Wi\u0119cej informacji [&hellip;]","og_url":"https:\/\/instytutpolski.pl\/madrid\/pl\/2026\/04\/17\/koncert-polskiego-pianisty-rafala-blechacza-w-galicji\/","og_site_name":"Instytut Polski w Madrycie","article_published_time":"2026-04-17T14:14:47+00:00","article_modified_time":"2026-04-28T09:02:48+00:00","og_image":[{"width":1250,"height":1057,"url":"https:\/\/instytutpolski.pl\/madrid\/wp-content\/uploads\/sites\/16\/2026\/04\/Blechacz@Harald-Hofmann.jpg","type":"image\/jpeg"}],"author":"kowalczyke","twitter_card":"summary_large_image","twitter_misc":{"Napisane przez":"kowalczyke","Szacowany czas czytania":"1 minuta"},"schema":{"@context":"https:\/\/schema.org","@graph":[{"@type":"event","@id":"https:\/\/instytutpolski.pl\/madrid\/pl\/2026\/04\/17\/koncert-polskiego-pianisty-rafala-blechacza-w-galicji\/","url":"https:\/\/instytutpolski.pl\/madrid\/pl\/2026\/04\/17\/koncert-polskiego-pianisty-rafala-blechacza-w-galicji\/","name":"Koncert polskiego pianisty Rafa\u0142a Blechacza w Galicji","isPartOf":{"@id":"https:\/\/instytutpolski.pl\/madrid\/#website"},"primaryImageOfPage":{"@id":"https:\/\/instytutpolski.pl\/madrid\/pl\/2026\/04\/17\/koncert-polskiego-pianisty-rafala-blechacza-w-galicji\/#primaryimage"},"image":["https:\/\/instytutpolski.pl\/madrid\/wp-content\/uploads\/sites\/16\/2026\/04\/Blechacz@Harald-Hofmann.jpg","https:\/\/instytutpolski.pl\/madrid\/wp-content\/uploads\/sites\/16\/2026\/04\/Blechacz@Harald-Hofmann-300x254.jpg","https:\/\/instytutpolski.pl\/madrid\/wp-content\/uploads\/sites\/16\/2026\/04\/Blechacz@Harald-Hofmann-1024x866.jpg","https:\/\/instytutpolski.pl\/madrid\/wp-content\/uploads\/sites\/16\/2026\/04\/Blechacz@Harald-Hofmann.jpg"],"thumbnailUrl":"https:\/\/instytutpolski.pl\/madrid\/wp-content\/uploads\/sites\/16\/2026\/04\/Blechacz@Harald-Hofmann.jpg","datePublished":"2026-04-17T14:14:47+02:00","dateModified":"2026-04-28T09:02:48+02:00","author":{"@id":"https:\/\/instytutpolski.pl\/madrid\/#\/schema\/person\/2ef2ed85f88ad5d4e4f921140b5edc8d"},"breadcrumb":{"@id":"https:\/\/instytutpolski.pl\/madrid\/pl\/2026\/04\/17\/koncert-polskiego-pianisty-rafala-blechacza-w-galicji\/#breadcrumb"},"inLanguage":"pl-PL","potentialAction":[{"@type":"ReadAction","target":["https:\/\/instytutpolski.pl\/madrid\/pl\/2026\/04\/17\/koncert-polskiego-pianisty-rafala-blechacza-w-galicji\/"]}],"@context":"https:\/\/schema.org","startDate":"2026-04-30","endDate":"2026-05-01","eventStatus":"EventScheduled","eventAttendanceMode":"OfflineEventAttendanceMode","location":{"@type":"place","name":"","address":"","geo":{"@type":"GeoCoordinates","latitude":"","longitude":""}},"description":"Rafa\u0142 Blechacz pod dyrekcj\u0105 V\u00edctora Pablo P\u00e9reza wyst\u0105pi najpierw w Auditorio de Ferrol, a nast\u0119pnego dnia w Palacio de la \u00d3pera w A Coru\u00f1a \u2013 to podw\u00f3jne wydarzenie, kt\u00f3rego mi\u0142o\u015bnicy muzyki klasycznej nie mog\u0105 przegapi\u0107.\n30 kwietnia \u2013 Auditorio de Ferrol\nWi\u0119cej informacji i bilety:\n1 maja \u2013 Pa\u0142ac Opery w A Coru\u00f1a\nWi\u0119cej informacji i bilety:"},{"@type":"ImageObject","inLanguage":"pl-PL","@id":"https:\/\/instytutpolski.pl\/madrid\/pl\/2026\/04\/17\/koncert-polskiego-pianisty-rafala-blechacza-w-galicji\/#primaryimage","url":"https:\/\/instytutpolski.pl\/madrid\/wp-content\/uploads\/sites\/16\/2026\/04\/Blechacz@Harald-Hofmann.jpg","contentUrl":"https:\/\/instytutpolski.pl\/madrid\/wp-content\/uploads\/sites\/16\/2026\/04\/Blechacz@Harald-Hofmann.jpg","width":1250,"height":1057},{"@type":"BreadcrumbList","@id":"https:\/\/instytutpolski.pl\/madrid\/pl\/2026\/04\/17\/koncert-polskiego-pianisty-rafala-blechacza-w-galicji\/#breadcrumb","itemListElement":[{"@type":"ListItem","position":1,"name":"Home","item":"https:\/\/instytutpolski.pl\/madrid\/"},{"@type":"ListItem","position":2,"name":"Koncert polskiego pianisty Rafa\u0142a Blechacza w Galicji"}]},{"@type":"WebSite","@id":"https:\/\/instytutpolski.pl\/madrid\/#website","url":"https:\/\/instytutpolski.pl\/madrid\/","name":"Instytut Polski w Madrycie","description":"Instytuty Polskie","potentialAction":[{"@type":"SearchAction","target":{"@type":"EntryPoint","urlTemplate":"https:\/\/instytutpolski.pl\/madrid\/?s={search_term_string}"},"query-input":{"@type":"PropertyValueSpecification","valueRequired":true,"valueName":"search_term_string"}}],"inLanguage":"pl-PL"},{"@type":"Person","@id":"https:\/\/instytutpolski.pl\/madrid\/#\/schema\/person\/2ef2ed85f88ad5d4e4f921140b5edc8d","name":"kowalczyke","image":{"@type":"ImageObject","inLanguage":"pl-PL","@id":"https:\/\/instytutpolski.pl\/madrid\/#\/schema\/person\/image\/","url":"https:\/\/secure.gravatar.com\/avatar\/2b384c7336ca78295f66224d3a33e434?s=96&d=mm&r=g","contentUrl":"https:\/\/secure.gravatar.com\/avatar\/2b384c7336ca78295f66224d3a33e434?s=96&d=mm&r=g","caption":"kowalczyke"},"sameAs":["http:\/\/lukasz.sienkiewicz@msz.gov.pl"],"url":"https:\/\/instytutpolski.pl\/madrid\/author\/kowalczyke\/"}]}},"_links":{"self":[{"href":"https:\/\/instytutpolski.pl\/madrid\/wp-json\/wp\/v2\/posts\/10124","targetHints":{"allow":["GET"]}}],"collection":[{"href":"https:\/\/instytutpolski.pl\/madrid\/wp-json\/wp\/v2\/posts"}],"about":[{"href":"https:\/\/instytutpolski.pl\/madrid\/wp-json\/wp\/v2\/types\/post"}],"author":[{"embeddable":true,"href":"https:\/\/instytutpolski.pl\/madrid\/wp-json\/wp\/v2\/users\/51"}],"replies":[{"embeddable":true,"href":"https:\/\/instytutpolski.pl\/madrid\/wp-json\/wp\/v2\/comments?post=10124"}],"version-history":[{"count":2,"href":"https:\/\/instytutpolski.pl\/madrid\/wp-json\/wp\/v2\/posts\/10124\/revisions"}],"predecessor-version":[{"id":10126,"href":"https:\/\/instytutpolski.pl\/madrid\/wp-json\/wp\/v2\/posts\/10124\/revisions\/10126"}],"wp:featuredmedia":[{"embeddable":true,"href":"https:\/\/instytutpolski.pl\/madrid\/wp-json\/wp\/v2\/media\/10068"}],"wp:attachment":[{"href":"https:\/\/instytutpolski.pl\/madrid\/wp-json\/wp\/v2\/media?parent=10124"}],"wp:term":[{"taxonomy":"category","embeddable":true,"href":"https:\/\/instytutpolski.pl\/madrid\/wp-json\/wp\/v2\/categories?post=10124"},{"taxonomy":"post_tag","embeddable":true,"href":"https:\/\/instytutpolski.pl\/madrid\/wp-json\/wp\/v2\/tags?post=10124"}],"curies":[{"name":"wp","href":"https:\/\/api.w.org\/{rel}","templated":true}]}}