{"id":10127,"date":"2026-04-22T13:35:48","date_gmt":"2026-04-22T11:35:48","guid":{"rendered":"https:\/\/instytutpolski.pl\/madrid\/?p=10127"},"modified":"2026-04-28T11:24:50","modified_gmt":"2026-04-28T09:24:50","slug":"koncert-organowy-z-udzialem-marty-misztal-i-anastasii-maru-w-kosciele-santa-rita-w-madrycie","status":"publish","type":"post","link":"https:\/\/instytutpolski.pl\/madrid\/pl\/2026\/04\/22\/koncert-organowy-z-udzialem-marty-misztal-i-anastasii-maru-w-kosciele-santa-rita-w-madrycie\/","title":{"rendered":"Koncert organowy z udzia\u0142em Marty Misztal i Anastasii Mar\u00fa w ko\u015bciele Santa Rita w Madrycie"},"content":{"rendered":"\n<p>Obecnie koncerty na cztery r\u0119ce s\u0105 rzadko\u015bci\u0105. Tego typu wyst\u0119py by\u0142y bardziej powszechne w przesz\u0142o\u015bci, zw\u0142aszcza w XIX wieku, kiedy to muzyk\u0119 t\u0119 wykonywano zazwyczaj w domowym, prywatnym i rodzinnym gronie. Jeszcze rzadziej zdarza si\u0119, by wykonawczyniami by\u0142y kobiety, a do tego tworzy\u0142y one duet polsko-ukrai\u0144ski. W dzisiejszych czasach, gdy wojna na du\u017c\u0105 skal\u0119 na Ukrainie wkroczy\u0142a ju\u017c w czwarty rok, ka\u017cdy przejaw solidarno\u015bci z tym krajem ma ogromne znaczenie, dlatego ten koncert jest dzi\u015b tak wa\u017cny.<\/p>\n\n\n\n<p>W utworze \u201eFandango\u201d Luigiego Boccheriniego organistkom b\u0119dzie towarzyszy\u0142 artysta Mario L\u00f3pez Pedraza.<\/p>\n","protected":false},"excerpt":{"rendered":"<p>Obecnie koncerty na cztery r\u0119ce s\u0105 rzadko\u015bci\u0105. Tego typu wyst\u0119py by\u0142y bardziej powszechne w przesz\u0142o\u015bci, zw\u0142aszcza w XIX wieku, kiedy to muzyk\u0119 t\u0119 wykonywano zazwyczaj w domowym, prywatnym i rodzinnym gronie. Jeszcze rzadziej zdarza si\u0119, by wykonawczyniami by\u0142y kobiety, a do tego tworzy\u0142y one duet polsko-ukrai\u0144ski. W dzisiejszych czasach, gdy wojna na du\u017c\u0105 skal\u0119 na [&hellip;]<\/p>\n","protected":false},"author":51,"featured_media":10073,"comment_status":"open","ping_status":"open","sticky":false,"template":"","format":"standard","meta":{"inline_featured_image":false,"_monsterinsights_skip_tracking":false,"_monsterinsights_sitenote_active":false,"_monsterinsights_sitenote_note":"","_monsterinsights_sitenote_category":0,"footnotes":""},"categories":[101],"tags":[],"class_list":["post-10127","post","type-post","status-publish","format-standard","has-post-thumbnail","hentry","category-muzyka"],"yoast_head":"<!-- This site is optimized with the Yoast SEO plugin v24.6 - https:\/\/yoast.com\/wordpress\/plugins\/seo\/ -->\n<title>Koncert organowy z udzia\u0142em Marty Misztal i Anastasii Mar\u00fa w ko\u015bciele Santa Rita w Madrycie - Instytut Polski w Madrycie<\/title>\n<meta name=\"robots\" content=\"index, follow, max-snippet:-1, max-image-preview:large, max-video-preview:-1\" \/>\n<link rel=\"canonical\" href=\"https:\/\/instytutpolski.pl\/madrid\/pl\/2026\/04\/22\/koncert-organowy-z-udzialem-marty-misztal-i-anastasii-maru-w-kosciele-santa-rita-w-madrycie\/\" \/>\n<meta property=\"og:locale\" content=\"pl_PL\" \/>\n<meta property=\"og:type\" content=\"article\" \/>\n<meta property=\"og:title\" content=\"Koncert organowy z udzia\u0142em Marty Misztal i Anastasii Mar\u00fa w ko\u015bciele Santa Rita w Madrycie - Instytut Polski w Madrycie\" \/>\n<meta property=\"og:description\" content=\"Obecnie koncerty na cztery r\u0119ce s\u0105 rzadko\u015bci\u0105. Tego typu wyst\u0119py by\u0142y bardziej powszechne w przesz\u0142o\u015bci, zw\u0142aszcza w XIX wieku, kiedy to muzyk\u0119 t\u0119 wykonywano zazwyczaj w domowym, prywatnym i rodzinnym gronie. Jeszcze rzadziej zdarza si\u0119, by wykonawczyniami by\u0142y kobiety, a do tego tworzy\u0142y one duet polsko-ukrai\u0144ski. W dzisiejszych czasach, gdy wojna na du\u017c\u0105 skal\u0119 na [&hellip;]\" \/>\n<meta property=\"og:url\" content=\"https:\/\/instytutpolski.pl\/madrid\/pl\/2026\/04\/22\/koncert-organowy-z-udzialem-marty-misztal-i-anastasii-maru-w-kosciele-santa-rita-w-madrycie\/\" \/>\n<meta property=\"og:site_name\" content=\"Instytut Polski w Madrycie\" \/>\n<meta property=\"article:published_time\" content=\"2026-04-22T11:35:48+00:00\" \/>\n<meta property=\"article:modified_time\" content=\"2026-04-28T09:24:50+00:00\" \/>\n<meta property=\"og:image\" content=\"https:\/\/instytutpolski.pl\/madrid\/wp-content\/uploads\/sites\/16\/2026\/04\/Cartel-concierto-Marta-y-Anastasiia.jpg\" \/>\n\t<meta property=\"og:image:width\" content=\"1080\" \/>\n\t<meta property=\"og:image:height\" content=\"1527\" \/>\n\t<meta property=\"og:image:type\" content=\"image\/jpeg\" \/>\n<meta name=\"author\" content=\"kowalczyke\" \/>\n<meta name=\"twitter:card\" content=\"summary_large_image\" \/>\n<meta name=\"twitter:label1\" content=\"Napisane przez\" \/>\n\t<meta name=\"twitter:data1\" content=\"kowalczyke\" \/>\n\t<meta name=\"twitter:label2\" content=\"Szacowany czas czytania\" \/>\n\t<meta name=\"twitter:data2\" content=\"1 minuta\" \/>\n<script type=\"application\/ld+json\" class=\"yoast-schema-graph\">{\"@context\":\"https:\/\/schema.org\",\"@graph\":[{\"@type\":\"event\",\"@id\":\"https:\/\/instytutpolski.pl\/madrid\/pl\/2026\/04\/22\/koncert-organowy-z-udzialem-marty-misztal-i-anastasii-maru-w-kosciele-santa-rita-w-madrycie\/\",\"url\":\"https:\/\/instytutpolski.pl\/madrid\/pl\/2026\/04\/22\/koncert-organowy-z-udzialem-marty-misztal-i-anastasii-maru-w-kosciele-santa-rita-w-madrycie\/\",\"name\":\"Koncert organowy z udzia\u0142em Marty Misztal i Anastasii Mar\u00fa w ko\u015bciele Santa Rita w Madrycie\",\"isPartOf\":{\"@id\":\"https:\/\/instytutpolski.pl\/madrid\/#website\"},\"primaryImageOfPage\":{\"@id\":\"https:\/\/instytutpolski.pl\/madrid\/pl\/2026\/04\/22\/koncert-organowy-z-udzialem-marty-misztal-i-anastasii-maru-w-kosciele-santa-rita-w-madrycie\/#primaryimage\"},\"image\":[\"https:\/\/instytutpolski.pl\/madrid\/wp-content\/uploads\/sites\/16\/2026\/04\/Cartel-concierto-Marta-y-Anastasiia.jpg\",\"https:\/\/instytutpolski.pl\/madrid\/wp-content\/uploads\/sites\/16\/2026\/04\/Cartel-concierto-Marta-y-Anastasiia-212x300.jpg\",\"https:\/\/instytutpolski.pl\/madrid\/wp-content\/uploads\/sites\/16\/2026\/04\/Cartel-concierto-Marta-y-Anastasiia-724x1024.jpg\",\"https:\/\/instytutpolski.pl\/madrid\/wp-content\/uploads\/sites\/16\/2026\/04\/Cartel-concierto-Marta-y-Anastasiia.jpg\"],\"thumbnailUrl\":\"https:\/\/instytutpolski.pl\/madrid\/wp-content\/uploads\/sites\/16\/2026\/04\/Cartel-concierto-Marta-y-Anastasiia.jpg\",\"datePublished\":\"2026-04-22T11:35:48+02:00\",\"dateModified\":\"2026-04-28T09:24:50+02:00\",\"author\":{\"@id\":\"https:\/\/instytutpolski.pl\/madrid\/#\/schema\/person\/2ef2ed85f88ad5d4e4f921140b5edc8d\"},\"breadcrumb\":{\"@id\":\"https:\/\/instytutpolski.pl\/madrid\/pl\/2026\/04\/22\/koncert-organowy-z-udzialem-marty-misztal-i-anastasii-maru-w-kosciele-santa-rita-w-madrycie\/#breadcrumb\"},\"inLanguage\":\"pl-PL\",\"potentialAction\":[{\"@type\":\"ReadAction\",\"target\":[\"https:\/\/instytutpolski.pl\/madrid\/pl\/2026\/04\/22\/koncert-organowy-z-udzialem-marty-misztal-i-anastasii-maru-w-kosciele-santa-rita-w-madrycie\/\"]}],\"@context\":\"https:\/\/schema.org\",\"startDate\":\"2026-04-25T08:45:00+02:00\",\"endDate\":\"2026-04-25T09:45:00+02:00\",\"eventStatus\":\"EventScheduled\",\"eventAttendanceMode\":\"OfflineEventAttendanceMode\",\"location\":{\"@type\":\"place\",\"name\":\"\",\"address\":\"\",\"geo\":{\"@type\":\"GeoCoordinates\",\"latitude\":\"\",\"longitude\":\"\"}},\"description\":\"Obecnie koncerty na cztery r\u0119ce s\u0105 rzadko\u015bci\u0105. Tego typu wyst\u0119py by\u0142y bardziej powszechne w przesz\u0142o\u015bci, zw\u0142aszcza w XIX wieku, kiedy to muzyk\u0119 t\u0119 wykonywano zazwyczaj w domowym, prywatnym i rodzinnym gronie. Jeszcze rzadziej zdarza si\u0119, by wykonawczyniami by\u0142y kobiety, a do tego tworzy\u0142y one duet polsko-ukrai\u0144ski. W dzisiejszych czasach, gdy wojna na du\u017c\u0105 skal\u0119 na Ukrainie wkroczy\u0142a ju\u017c w czwarty rok, ka\u017cdy przejaw solidarno\u015bci z tym krajem ma ogromne znaczenie, dlatego ten koncert jest dzi\u015b tak wa\u017cny.\\nW utworze \u201eFandango\u201d Luigiego Boccheriniego organistkom b\u0119dzie towarzyszy\u0142 artysta Mario L\u00f3pez Pedraza.\"},{\"@type\":\"ImageObject\",\"inLanguage\":\"pl-PL\",\"@id\":\"https:\/\/instytutpolski.pl\/madrid\/pl\/2026\/04\/22\/koncert-organowy-z-udzialem-marty-misztal-i-anastasii-maru-w-kosciele-santa-rita-w-madrycie\/#primaryimage\",\"url\":\"https:\/\/instytutpolski.pl\/madrid\/wp-content\/uploads\/sites\/16\/2026\/04\/Cartel-concierto-Marta-y-Anastasiia.jpg\",\"contentUrl\":\"https:\/\/instytutpolski.pl\/madrid\/wp-content\/uploads\/sites\/16\/2026\/04\/Cartel-concierto-Marta-y-Anastasiia.jpg\",\"width\":1080,\"height\":1527},{\"@type\":\"BreadcrumbList\",\"@id\":\"https:\/\/instytutpolski.pl\/madrid\/pl\/2026\/04\/22\/koncert-organowy-z-udzialem-marty-misztal-i-anastasii-maru-w-kosciele-santa-rita-w-madrycie\/#breadcrumb\",\"itemListElement\":[{\"@type\":\"ListItem\",\"position\":1,\"name\":\"Home\",\"item\":\"https:\/\/instytutpolski.pl\/madrid\/\"},{\"@type\":\"ListItem\",\"position\":2,\"name\":\"Koncert organowy z udzia\u0142em Marty Misztal i Anastasii Mar\u00fa w ko\u015bciele Santa Rita w Madrycie\"}]},{\"@type\":\"WebSite\",\"@id\":\"https:\/\/instytutpolski.pl\/madrid\/#website\",\"url\":\"https:\/\/instytutpolski.pl\/madrid\/\",\"name\":\"Instytut Polski w Madrycie\",\"description\":\"Instytuty Polskie\",\"potentialAction\":[{\"@type\":\"SearchAction\",\"target\":{\"@type\":\"EntryPoint\",\"urlTemplate\":\"https:\/\/instytutpolski.pl\/madrid\/?s={search_term_string}\"},\"query-input\":{\"@type\":\"PropertyValueSpecification\",\"valueRequired\":true,\"valueName\":\"search_term_string\"}}],\"inLanguage\":\"pl-PL\"},{\"@type\":\"Person\",\"@id\":\"https:\/\/instytutpolski.pl\/madrid\/#\/schema\/person\/2ef2ed85f88ad5d4e4f921140b5edc8d\",\"name\":\"kowalczyke\",\"image\":{\"@type\":\"ImageObject\",\"inLanguage\":\"pl-PL\",\"@id\":\"https:\/\/instytutpolski.pl\/madrid\/#\/schema\/person\/image\/\",\"url\":\"https:\/\/secure.gravatar.com\/avatar\/2b384c7336ca78295f66224d3a33e434?s=96&d=mm&r=g\",\"contentUrl\":\"https:\/\/secure.gravatar.com\/avatar\/2b384c7336ca78295f66224d3a33e434?s=96&d=mm&r=g\",\"caption\":\"kowalczyke\"},\"sameAs\":[\"http:\/\/lukasz.sienkiewicz@msz.gov.pl\"],\"url\":\"https:\/\/instytutpolski.pl\/madrid\/author\/kowalczyke\/\"}]}<\/script>\n<!-- \/ Yoast SEO plugin. -->","yoast_head_json":{"title":"Koncert organowy z udzia\u0142em Marty Misztal i Anastasii Mar\u00fa w ko\u015bciele Santa Rita w Madrycie - Instytut Polski w Madrycie","robots":{"index":"index","follow":"follow","max-snippet":"max-snippet:-1","max-image-preview":"max-image-preview:large","max-video-preview":"max-video-preview:-1"},"canonical":"https:\/\/instytutpolski.pl\/madrid\/pl\/2026\/04\/22\/koncert-organowy-z-udzialem-marty-misztal-i-anastasii-maru-w-kosciele-santa-rita-w-madrycie\/","og_locale":"pl_PL","og_type":"article","og_title":"Koncert organowy z udzia\u0142em Marty Misztal i Anastasii Mar\u00fa w ko\u015bciele Santa Rita w Madrycie - Instytut Polski w Madrycie","og_description":"Obecnie koncerty na cztery r\u0119ce s\u0105 rzadko\u015bci\u0105. Tego typu wyst\u0119py by\u0142y bardziej powszechne w przesz\u0142o\u015bci, zw\u0142aszcza w XIX wieku, kiedy to muzyk\u0119 t\u0119 wykonywano zazwyczaj w domowym, prywatnym i rodzinnym gronie. Jeszcze rzadziej zdarza si\u0119, by wykonawczyniami by\u0142y kobiety, a do tego tworzy\u0142y one duet polsko-ukrai\u0144ski. W dzisiejszych czasach, gdy wojna na du\u017c\u0105 skal\u0119 na [&hellip;]","og_url":"https:\/\/instytutpolski.pl\/madrid\/pl\/2026\/04\/22\/koncert-organowy-z-udzialem-marty-misztal-i-anastasii-maru-w-kosciele-santa-rita-w-madrycie\/","og_site_name":"Instytut Polski w Madrycie","article_published_time":"2026-04-22T11:35:48+00:00","article_modified_time":"2026-04-28T09:24:50+00:00","og_image":[{"width":1080,"height":1527,"url":"https:\/\/instytutpolski.pl\/madrid\/wp-content\/uploads\/sites\/16\/2026\/04\/Cartel-concierto-Marta-y-Anastasiia.jpg","type":"image\/jpeg"}],"author":"kowalczyke","twitter_card":"summary_large_image","twitter_misc":{"Napisane przez":"kowalczyke","Szacowany czas czytania":"1 minuta"},"schema":{"@context":"https:\/\/schema.org","@graph":[{"@type":"event","@id":"https:\/\/instytutpolski.pl\/madrid\/pl\/2026\/04\/22\/koncert-organowy-z-udzialem-marty-misztal-i-anastasii-maru-w-kosciele-santa-rita-w-madrycie\/","url":"https:\/\/instytutpolski.pl\/madrid\/pl\/2026\/04\/22\/koncert-organowy-z-udzialem-marty-misztal-i-anastasii-maru-w-kosciele-santa-rita-w-madrycie\/","name":"Koncert organowy z udzia\u0142em Marty Misztal i Anastasii Mar\u00fa w ko\u015bciele Santa Rita w Madrycie","isPartOf":{"@id":"https:\/\/instytutpolski.pl\/madrid\/#website"},"primaryImageOfPage":{"@id":"https:\/\/instytutpolski.pl\/madrid\/pl\/2026\/04\/22\/koncert-organowy-z-udzialem-marty-misztal-i-anastasii-maru-w-kosciele-santa-rita-w-madrycie\/#primaryimage"},"image":["https:\/\/instytutpolski.pl\/madrid\/wp-content\/uploads\/sites\/16\/2026\/04\/Cartel-concierto-Marta-y-Anastasiia.jpg","https:\/\/instytutpolski.pl\/madrid\/wp-content\/uploads\/sites\/16\/2026\/04\/Cartel-concierto-Marta-y-Anastasiia-212x300.jpg","https:\/\/instytutpolski.pl\/madrid\/wp-content\/uploads\/sites\/16\/2026\/04\/Cartel-concierto-Marta-y-Anastasiia-724x1024.jpg","https:\/\/instytutpolski.pl\/madrid\/wp-content\/uploads\/sites\/16\/2026\/04\/Cartel-concierto-Marta-y-Anastasiia.jpg"],"thumbnailUrl":"https:\/\/instytutpolski.pl\/madrid\/wp-content\/uploads\/sites\/16\/2026\/04\/Cartel-concierto-Marta-y-Anastasiia.jpg","datePublished":"2026-04-22T11:35:48+02:00","dateModified":"2026-04-28T09:24:50+02:00","author":{"@id":"https:\/\/instytutpolski.pl\/madrid\/#\/schema\/person\/2ef2ed85f88ad5d4e4f921140b5edc8d"},"breadcrumb":{"@id":"https:\/\/instytutpolski.pl\/madrid\/pl\/2026\/04\/22\/koncert-organowy-z-udzialem-marty-misztal-i-anastasii-maru-w-kosciele-santa-rita-w-madrycie\/#breadcrumb"},"inLanguage":"pl-PL","potentialAction":[{"@type":"ReadAction","target":["https:\/\/instytutpolski.pl\/madrid\/pl\/2026\/04\/22\/koncert-organowy-z-udzialem-marty-misztal-i-anastasii-maru-w-kosciele-santa-rita-w-madrycie\/"]}],"@context":"https:\/\/schema.org","startDate":"2026-04-25T08:45:00+02:00","endDate":"2026-04-25T09:45:00+02:00","eventStatus":"EventScheduled","eventAttendanceMode":"OfflineEventAttendanceMode","location":{"@type":"place","name":"","address":"","geo":{"@type":"GeoCoordinates","latitude":"","longitude":""}},"description":"Obecnie koncerty na cztery r\u0119ce s\u0105 rzadko\u015bci\u0105. Tego typu wyst\u0119py by\u0142y bardziej powszechne w przesz\u0142o\u015bci, zw\u0142aszcza w XIX wieku, kiedy to muzyk\u0119 t\u0119 wykonywano zazwyczaj w domowym, prywatnym i rodzinnym gronie. Jeszcze rzadziej zdarza si\u0119, by wykonawczyniami by\u0142y kobiety, a do tego tworzy\u0142y one duet polsko-ukrai\u0144ski. W dzisiejszych czasach, gdy wojna na du\u017c\u0105 skal\u0119 na Ukrainie wkroczy\u0142a ju\u017c w czwarty rok, ka\u017cdy przejaw solidarno\u015bci z tym krajem ma ogromne znaczenie, dlatego ten koncert jest dzi\u015b tak wa\u017cny.\nW utworze \u201eFandango\u201d Luigiego Boccheriniego organistkom b\u0119dzie towarzyszy\u0142 artysta Mario L\u00f3pez Pedraza."},{"@type":"ImageObject","inLanguage":"pl-PL","@id":"https:\/\/instytutpolski.pl\/madrid\/pl\/2026\/04\/22\/koncert-organowy-z-udzialem-marty-misztal-i-anastasii-maru-w-kosciele-santa-rita-w-madrycie\/#primaryimage","url":"https:\/\/instytutpolski.pl\/madrid\/wp-content\/uploads\/sites\/16\/2026\/04\/Cartel-concierto-Marta-y-Anastasiia.jpg","contentUrl":"https:\/\/instytutpolski.pl\/madrid\/wp-content\/uploads\/sites\/16\/2026\/04\/Cartel-concierto-Marta-y-Anastasiia.jpg","width":1080,"height":1527},{"@type":"BreadcrumbList","@id":"https:\/\/instytutpolski.pl\/madrid\/pl\/2026\/04\/22\/koncert-organowy-z-udzialem-marty-misztal-i-anastasii-maru-w-kosciele-santa-rita-w-madrycie\/#breadcrumb","itemListElement":[{"@type":"ListItem","position":1,"name":"Home","item":"https:\/\/instytutpolski.pl\/madrid\/"},{"@type":"ListItem","position":2,"name":"Koncert organowy z udzia\u0142em Marty Misztal i Anastasii Mar\u00fa w ko\u015bciele Santa Rita w Madrycie"}]},{"@type":"WebSite","@id":"https:\/\/instytutpolski.pl\/madrid\/#website","url":"https:\/\/instytutpolski.pl\/madrid\/","name":"Instytut Polski w Madrycie","description":"Instytuty Polskie","potentialAction":[{"@type":"SearchAction","target":{"@type":"EntryPoint","urlTemplate":"https:\/\/instytutpolski.pl\/madrid\/?s={search_term_string}"},"query-input":{"@type":"PropertyValueSpecification","valueRequired":true,"valueName":"search_term_string"}}],"inLanguage":"pl-PL"},{"@type":"Person","@id":"https:\/\/instytutpolski.pl\/madrid\/#\/schema\/person\/2ef2ed85f88ad5d4e4f921140b5edc8d","name":"kowalczyke","image":{"@type":"ImageObject","inLanguage":"pl-PL","@id":"https:\/\/instytutpolski.pl\/madrid\/#\/schema\/person\/image\/","url":"https:\/\/secure.gravatar.com\/avatar\/2b384c7336ca78295f66224d3a33e434?s=96&d=mm&r=g","contentUrl":"https:\/\/secure.gravatar.com\/avatar\/2b384c7336ca78295f66224d3a33e434?s=96&d=mm&r=g","caption":"kowalczyke"},"sameAs":["http:\/\/lukasz.sienkiewicz@msz.gov.pl"],"url":"https:\/\/instytutpolski.pl\/madrid\/author\/kowalczyke\/"}]}},"_links":{"self":[{"href":"https:\/\/instytutpolski.pl\/madrid\/wp-json\/wp\/v2\/posts\/10127","targetHints":{"allow":["GET"]}}],"collection":[{"href":"https:\/\/instytutpolski.pl\/madrid\/wp-json\/wp\/v2\/posts"}],"about":[{"href":"https:\/\/instytutpolski.pl\/madrid\/wp-json\/wp\/v2\/types\/post"}],"author":[{"embeddable":true,"href":"https:\/\/instytutpolski.pl\/madrid\/wp-json\/wp\/v2\/users\/51"}],"replies":[{"embeddable":true,"href":"https:\/\/instytutpolski.pl\/madrid\/wp-json\/wp\/v2\/comments?post=10127"}],"version-history":[{"count":2,"href":"https:\/\/instytutpolski.pl\/madrid\/wp-json\/wp\/v2\/posts\/10127\/revisions"}],"predecessor-version":[{"id":10129,"href":"https:\/\/instytutpolski.pl\/madrid\/wp-json\/wp\/v2\/posts\/10127\/revisions\/10129"}],"wp:featuredmedia":[{"embeddable":true,"href":"https:\/\/instytutpolski.pl\/madrid\/wp-json\/wp\/v2\/media\/10073"}],"wp:attachment":[{"href":"https:\/\/instytutpolski.pl\/madrid\/wp-json\/wp\/v2\/media?parent=10127"}],"wp:term":[{"taxonomy":"category","embeddable":true,"href":"https:\/\/instytutpolski.pl\/madrid\/wp-json\/wp\/v2\/categories?post=10127"},{"taxonomy":"post_tag","embeddable":true,"href":"https:\/\/instytutpolski.pl\/madrid\/wp-json\/wp\/v2\/tags?post=10127"}],"curies":[{"name":"wp","href":"https:\/\/api.w.org\/{rel}","templated":true}]}}