{"id":10130,"date":"2026-04-24T13:12:12","date_gmt":"2026-04-24T11:12:12","guid":{"rendered":"https:\/\/instytutpolski.pl\/madrid\/?p=10130"},"modified":"2026-04-28T11:41:39","modified_gmt":"2026-04-28T09:41:39","slug":"drugi-odcinek-polska-podcast","status":"publish","type":"post","link":"https:\/\/instytutpolski.pl\/madrid\/pl\/2026\/04\/24\/drugi-odcinek-polska-podcast\/","title":{"rendered":"Drugi odcinek POLSKA PODCAST"},"content":{"rendered":"\n<p>NASI GO\u015aCIE<\/p>\n\n\n\n<p>Odkrywamy podobie\u0144stwa mi\u0119dzy transformacj\u0105 hiszpa\u0144sk\u0105 a polsk\u0105 wraz z dziennikarzem <strong>Miguelem \u00c1ngelem Aguilarem<\/strong>, prezesem Fundacji Carlos de Amberes.<\/p>\n\n\n\n<p>Zag\u0142\u0119biamy si\u0119 w \u015bwiat ta\u0144ca wsp\u00f3\u0142czesnego Ewy Dziarnowskiej wraz z <strong>Miko\u0142ajem Bielskim<\/strong>, dyrektorem artystycznym R\u00e9plika Teatro.<\/p>\n\n\n\n<p>\u00a0Skupiamy si\u0119 na roli kobiet w g\u00f3rnictwie w\u0119glowym wraz z badaczk\u0105 i pisark\u0105 <strong>Monik\u0105 Glosowitz<\/strong>.<\/p>\n\n\n\n<p>W sekcji \u201eAnegdoty\u201d, dzi\u0119ki <strong>Ernestowi Kowalczykowi<\/strong>, ekspertowi ds. projekt\u00f3w historycznych i j\u0119zykowych, odkrywamy ma\u0142o znane powi\u0105zania mi\u0119dzy Polsk\u0105 a Hiszpani\u0105 \u2014 niekt\u00f3re z nieoczekiwanym iberyjskim akcentem \u2014 (czy zastanawia\u0142e\u015b si\u0119 kiedy\u015b, dlaczego Katalo\u0144czyk\u00f3w nazywa si\u0119 Polakami?); natomiast w sekcji \u201eCzy wiesz, \u017ce by\u0142 Polakiem?\u201d&nbsp; <strong>Inma Flor<\/strong> przybli\u017ca nam histori\u0119 postaci o \u015bwiatowej s\u0142awie, kt\u00f3rych polska to\u017csamo\u015b\u0107 zaskakuje, jak na przyk\u0142ad s\u0142ynna aktorka kina niemego Pola Negri, bohaterka tej edycji.<\/p>\n\n\n\n<p>Jednym z najbardziej wyj\u0105tkowych moment\u00f3w jest fragment zatytu\u0142owany \u201eVoces cruzadas\u201d, w kt\u00f3rym j\u0119zyki polski i hiszpa\u0144ski prowadz\u0105 dialog podczas czytania tego samego wiersza. W tym odcinku <strong>Klaudia Tenoudji<\/strong>, ekspertka ds. projekt\u00f3w literackich, czyta po polsku tekst z tomiku \u201eCh\u0142opki &#8211; Historia naszych bab\u0107\u201d Joanny Kuciel-Frydryszak, kt\u00f3r\u0105 Antonio Mart\u00ednez Asensio interpretuje w j\u0119zyku hiszpa\u0144skim, tworz\u0105c niewielk\u0105 przestrze\u0144 wsp\u00f3ln\u0105 dla obu j\u0119zyk\u00f3w.<\/p>\n\n\n\n<p>Dodajemy te\u017c now\u0105 sekcj\u0119 \u201eRara Avis\u201d, kt\u00f3ra skupia si\u0119 na niezwyk\u0142ych polskich zwyczajach i postaciach. Tym razem <strong>Katarzyna \u015amigielska<\/strong>, zast\u0119pczyni dyrektora IP, opowiada o \u017cyciu dw\u00f3ch g\u00f3rnik\u00f3w-malarzy, kt\u00f3rzy stworzyli szko\u0142\u0119 i ko\u015bci\u00f3\u0142 oraz byli cz\u0119\u015bci\u0105 Grupy Janowskiej. Mowa o Teofilu Ociepce i Erwinie S\u00f3wce.<\/p>\n\n\n\n<p>KALENDARZ KULTURALNY<\/p>\n\n\n\n<p>Sekcja \u201ePolska w ruchu\u201d zawiera wybrane wydarzenia kulturalne zwi\u0105zane z Polsk\u0105 w Hiszpanii: wystawy, taniec, muzyk\u0119, udzia\u0142 polskich artyst\u00f3w w festiwalach i spotkaniach literackich. I wiele innych atrakcji, kt\u00f3rych nawet sobie nie wyobra\u017casz.<\/p>\n\n\n\n<p>Pos\u0142uchaj nas i zostaw swoje komentarze!<\/p>\n","protected":false},"excerpt":{"rendered":"<p>NASI GO\u015aCIE Odkrywamy podobie\u0144stwa mi\u0119dzy transformacj\u0105 hiszpa\u0144sk\u0105 a polsk\u0105 wraz z dziennikarzem Miguelem \u00c1ngelem Aguilarem, prezesem Fundacji Carlos de Amberes. Zag\u0142\u0119biamy si\u0119 w \u015bwiat ta\u0144ca wsp\u00f3\u0142czesnego Ewy Dziarnowskiej wraz z Miko\u0142ajem Bielskim, dyrektorem artystycznym R\u00e9plika Teatro. \u00a0Skupiamy si\u0119 na roli kobiet w g\u00f3rnictwie w\u0119glowym wraz z badaczk\u0105 i pisark\u0105 Monik\u0105 Glosowitz. W sekcji \u201eAnegdoty\u201d, dzi\u0119ki [&hellip;]<\/p>\n","protected":false},"author":51,"featured_media":9993,"comment_status":"open","ping_status":"open","sticky":false,"template":"","format":"standard","meta":{"inline_featured_image":false,"_monsterinsights_skip_tracking":false,"_monsterinsights_sitenote_active":false,"_monsterinsights_sitenote_note":"","_monsterinsights_sitenote_category":0,"footnotes":""},"categories":[7],"tags":[],"class_list":["post-10130","post","type-post","status-publish","format-standard","has-post-thumbnail","hentry","category-aktualnosci"],"yoast_head":"<!-- This site is optimized with the Yoast SEO plugin v24.6 - https:\/\/yoast.com\/wordpress\/plugins\/seo\/ -->\n<title>Drugi odcinek POLSKA PODCAST - Instytut Polski w Madrycie<\/title>\n<meta name=\"robots\" content=\"index, follow, max-snippet:-1, max-image-preview:large, max-video-preview:-1\" \/>\n<link rel=\"canonical\" href=\"https:\/\/instytutpolski.pl\/madrid\/pl\/2026\/04\/24\/drugi-odcinek-polska-podcast\/\" \/>\n<meta property=\"og:locale\" content=\"pl_PL\" \/>\n<meta property=\"og:type\" content=\"article\" \/>\n<meta property=\"og:title\" content=\"Drugi odcinek POLSKA PODCAST - Instytut Polski w Madrycie\" \/>\n<meta property=\"og:description\" content=\"NASI GO\u015aCIE Odkrywamy podobie\u0144stwa mi\u0119dzy transformacj\u0105 hiszpa\u0144sk\u0105 a polsk\u0105 wraz z dziennikarzem Miguelem \u00c1ngelem Aguilarem, prezesem Fundacji Carlos de Amberes. Zag\u0142\u0119biamy si\u0119 w \u015bwiat ta\u0144ca wsp\u00f3\u0142czesnego Ewy Dziarnowskiej wraz z Miko\u0142ajem Bielskim, dyrektorem artystycznym R\u00e9plika Teatro. \u00a0Skupiamy si\u0119 na roli kobiet w g\u00f3rnictwie w\u0119glowym wraz z badaczk\u0105 i pisark\u0105 Monik\u0105 Glosowitz. W sekcji \u201eAnegdoty\u201d, dzi\u0119ki [&hellip;]\" \/>\n<meta property=\"og:url\" content=\"https:\/\/instytutpolski.pl\/madrid\/pl\/2026\/04\/24\/drugi-odcinek-polska-podcast\/\" \/>\n<meta property=\"og:site_name\" content=\"Instytut Polski w Madrycie\" \/>\n<meta property=\"article:published_time\" content=\"2026-04-24T11:12:12+00:00\" \/>\n<meta property=\"article:modified_time\" content=\"2026-04-28T09:41:39+00:00\" \/>\n<meta property=\"og:image\" content=\"https:\/\/instytutpolski.pl\/madrid\/wp-content\/uploads\/sites\/16\/2026\/03\/Polska-Podcast_estudio.png\" \/>\n\t<meta property=\"og:image:width\" content=\"960\" \/>\n\t<meta property=\"og:image:height\" content=\"960\" \/>\n\t<meta property=\"og:image:type\" content=\"image\/png\" \/>\n<meta name=\"author\" content=\"kowalczyke\" \/>\n<meta name=\"twitter:card\" content=\"summary_large_image\" \/>\n<meta name=\"twitter:label1\" content=\"Napisane przez\" \/>\n\t<meta name=\"twitter:data1\" content=\"kowalczyke\" \/>\n\t<meta name=\"twitter:label2\" content=\"Szacowany czas czytania\" \/>\n\t<meta name=\"twitter:data2\" content=\"2 minuty\" \/>\n<script type=\"application\/ld+json\" class=\"yoast-schema-graph\">{\"@context\":\"https:\/\/schema.org\",\"@graph\":[{\"@type\":\"event\",\"@id\":\"https:\/\/instytutpolski.pl\/madrid\/pl\/2026\/04\/24\/drugi-odcinek-polska-podcast\/\",\"url\":\"https:\/\/instytutpolski.pl\/madrid\/pl\/2026\/04\/24\/drugi-odcinek-polska-podcast\/\",\"name\":\"Drugi odcinek POLSKA PODCAST\",\"isPartOf\":{\"@id\":\"https:\/\/instytutpolski.pl\/madrid\/#website\"},\"primaryImageOfPage\":{\"@id\":\"https:\/\/instytutpolski.pl\/madrid\/pl\/2026\/04\/24\/drugi-odcinek-polska-podcast\/#primaryimage\"},\"image\":[\"https:\/\/instytutpolski.pl\/madrid\/wp-content\/uploads\/sites\/16\/2026\/03\/Polska-Podcast_estudio.png\",\"https:\/\/instytutpolski.pl\/madrid\/wp-content\/uploads\/sites\/16\/2026\/03\/Polska-Podcast_estudio-300x300.png\",\"https:\/\/instytutpolski.pl\/madrid\/wp-content\/uploads\/sites\/16\/2026\/03\/Polska-Podcast_estudio.png\",\"https:\/\/instytutpolski.pl\/madrid\/wp-content\/uploads\/sites\/16\/2026\/03\/Polska-Podcast_estudio.png\"],\"thumbnailUrl\":\"https:\/\/instytutpolski.pl\/madrid\/wp-content\/uploads\/sites\/16\/2026\/03\/Polska-Podcast_estudio.png\",\"datePublished\":\"2026-04-24T11:12:12+02:00\",\"dateModified\":\"2026-04-28T09:41:39+02:00\",\"author\":{\"@id\":\"https:\/\/instytutpolski.pl\/madrid\/#\/schema\/person\/2ef2ed85f88ad5d4e4f921140b5edc8d\"},\"breadcrumb\":{\"@id\":\"https:\/\/instytutpolski.pl\/madrid\/pl\/2026\/04\/24\/drugi-odcinek-polska-podcast\/#breadcrumb\"},\"inLanguage\":\"pl-PL\",\"potentialAction\":[{\"@type\":\"ReadAction\",\"target\":[\"https:\/\/instytutpolski.pl\/madrid\/pl\/2026\/04\/24\/drugi-odcinek-polska-podcast\/\"]}],\"@context\":\"https:\/\/schema.org\",\"startDate\":\"2026-03-27\",\"endDate\":\"2026-03-27\",\"eventStatus\":\"EventScheduled\",\"eventAttendanceMode\":\"OfflineEventAttendanceMode\",\"location\":{\"@type\":\"place\",\"name\":\"\",\"address\":\"\",\"geo\":{\"@type\":\"GeoCoordinates\",\"latitude\":\"\",\"longitude\":\"\"}},\"description\":\"NASI GO\u015aCIE\\nOdkrywamy podobie\u0144stwa mi\u0119dzy transformacj\u0105 hiszpa\u0144sk\u0105 a polsk\u0105 wraz z dziennikarzem Miguelem \u00c1ngelem Aguilarem, prezesem Fundacji Carlos de Amberes.\\nZag\u0142\u0119biamy si\u0119 w \u015bwiat ta\u0144ca wsp\u00f3\u0142czesnego Ewy Dziarnowskiej wraz z Miko\u0142ajem Bielskim, dyrektorem artystycznym R\u00e9plika Teatro.\\n\u00a0Skupiamy si\u0119 na roli kobiet w g\u00f3rnictwie w\u0119glowym wraz z badaczk\u0105 i pisark\u0105 Monik\u0105 Glosowitz.\\nW sekcji \u201eAnegdoty\u201d, dzi\u0119ki Ernestowi Kowalczykowi, ekspertowi ds. projekt\u00f3w historycznych i j\u0119zykowych, odkrywamy ma\u0142o znane powi\u0105zania mi\u0119dzy Polsk\u0105 a Hiszpani\u0105 \u2014 niekt\u00f3re z nieoczekiwanym iberyjskim akcentem \u2014 (czy zastanawia\u0142e\u015b si\u0119 kiedy\u015b, dlaczego Katalo\u0144czyk\u00f3w nazywa si\u0119 Polakami?); natomiast w sekcji \u201eCzy wiesz, \u017ce by\u0142 Polakiem?\u201d  Inma Flor przybli\u017ca nam histori\u0119 postaci o \u015bwiatowej s\u0142awie, kt\u00f3rych polska to\u017csamo\u015b\u0107 zaskakuje, jak na przyk\u0142ad s\u0142ynna aktorka kina niemego Pola Negri, bohaterka tej edycji.\\nJednym z najbardziej wyj\u0105tkowych moment\u00f3w jest fragment zatytu\u0142owany \u201eVoces cruzadas\u201d, w kt\u00f3rym j\u0119zyki polski i hiszpa\u0144ski prowadz\u0105 dialog podczas czytania tego samego wiersza. W tym odcinku Klaudia Tenoudji, ekspertka ds. projekt\u00f3w literackich, czyta po polsku tekst z tomiku \u201eCh\u0142opki - Historia naszych bab\u0107\u201d Joanny Kuciel-Frydryszak, kt\u00f3r\u0105 Antonio Mart\u00ednez Asensio interpretuje w j\u0119zyku hiszpa\u0144skim, tworz\u0105c niewielk\u0105 przestrze\u0144 wsp\u00f3ln\u0105 dla obu j\u0119zyk\u00f3w.\\nDodajemy te\u017c now\u0105 sekcj\u0119 \u201eRara Avis\u201d, kt\u00f3ra skupia si\u0119 na niezwyk\u0142ych polskich zwyczajach i postaciach. Tym razem Katarzyna \u015amigielska, zast\u0119pczyni dyrektora IP, opowiada o \u017cyciu dw\u00f3ch g\u00f3rnik\u00f3w-malarzy, kt\u00f3rzy stworzyli szko\u0142\u0119 i ko\u015bci\u00f3\u0142 oraz byli cz\u0119\u015bci\u0105 Grupy Janowskiej. Mowa o Teofilu Ociepce i Erwinie S\u00f3wce.\\nKALENDARZ KULTURALNY\\nSekcja \u201ePolska w ruchu\u201d zawiera wybrane wydarzenia kulturalne zwi\u0105zane z Polsk\u0105 w Hiszpanii: wystawy, taniec, muzyk\u0119, udzia\u0142 polskich artyst\u00f3w w festiwalach i spotkaniach literackich. I wiele innych atrakcji, kt\u00f3rych nawet sobie nie wyobra\u017casz.\\nPos\u0142uchaj nas i zostaw swoje komentarze!\"},{\"@type\":\"ImageObject\",\"inLanguage\":\"pl-PL\",\"@id\":\"https:\/\/instytutpolski.pl\/madrid\/pl\/2026\/04\/24\/drugi-odcinek-polska-podcast\/#primaryimage\",\"url\":\"https:\/\/instytutpolski.pl\/madrid\/wp-content\/uploads\/sites\/16\/2026\/03\/Polska-Podcast_estudio.png\",\"contentUrl\":\"https:\/\/instytutpolski.pl\/madrid\/wp-content\/uploads\/sites\/16\/2026\/03\/Polska-Podcast_estudio.png\",\"width\":960,\"height\":960},{\"@type\":\"BreadcrumbList\",\"@id\":\"https:\/\/instytutpolski.pl\/madrid\/pl\/2026\/04\/24\/drugi-odcinek-polska-podcast\/#breadcrumb\",\"itemListElement\":[{\"@type\":\"ListItem\",\"position\":1,\"name\":\"Home\",\"item\":\"https:\/\/instytutpolski.pl\/madrid\/\"},{\"@type\":\"ListItem\",\"position\":2,\"name\":\"Drugi odcinek POLSKA PODCAST\"}]},{\"@type\":\"WebSite\",\"@id\":\"https:\/\/instytutpolski.pl\/madrid\/#website\",\"url\":\"https:\/\/instytutpolski.pl\/madrid\/\",\"name\":\"Instytut Polski w Madrycie\",\"description\":\"Instytuty Polskie\",\"potentialAction\":[{\"@type\":\"SearchAction\",\"target\":{\"@type\":\"EntryPoint\",\"urlTemplate\":\"https:\/\/instytutpolski.pl\/madrid\/?s={search_term_string}\"},\"query-input\":{\"@type\":\"PropertyValueSpecification\",\"valueRequired\":true,\"valueName\":\"search_term_string\"}}],\"inLanguage\":\"pl-PL\"},{\"@type\":\"Person\",\"@id\":\"https:\/\/instytutpolski.pl\/madrid\/#\/schema\/person\/2ef2ed85f88ad5d4e4f921140b5edc8d\",\"name\":\"kowalczyke\",\"image\":{\"@type\":\"ImageObject\",\"inLanguage\":\"pl-PL\",\"@id\":\"https:\/\/instytutpolski.pl\/madrid\/#\/schema\/person\/image\/\",\"url\":\"https:\/\/secure.gravatar.com\/avatar\/2b384c7336ca78295f66224d3a33e434?s=96&d=mm&r=g\",\"contentUrl\":\"https:\/\/secure.gravatar.com\/avatar\/2b384c7336ca78295f66224d3a33e434?s=96&d=mm&r=g\",\"caption\":\"kowalczyke\"},\"sameAs\":[\"http:\/\/lukasz.sienkiewicz@msz.gov.pl\"],\"url\":\"https:\/\/instytutpolski.pl\/madrid\/author\/kowalczyke\/\"}]}<\/script>\n<!-- \/ Yoast SEO plugin. -->","yoast_head_json":{"title":"Drugi odcinek POLSKA PODCAST - Instytut Polski w Madrycie","robots":{"index":"index","follow":"follow","max-snippet":"max-snippet:-1","max-image-preview":"max-image-preview:large","max-video-preview":"max-video-preview:-1"},"canonical":"https:\/\/instytutpolski.pl\/madrid\/pl\/2026\/04\/24\/drugi-odcinek-polska-podcast\/","og_locale":"pl_PL","og_type":"article","og_title":"Drugi odcinek POLSKA PODCAST - Instytut Polski w Madrycie","og_description":"NASI GO\u015aCIE Odkrywamy podobie\u0144stwa mi\u0119dzy transformacj\u0105 hiszpa\u0144sk\u0105 a polsk\u0105 wraz z dziennikarzem Miguelem \u00c1ngelem Aguilarem, prezesem Fundacji Carlos de Amberes. Zag\u0142\u0119biamy si\u0119 w \u015bwiat ta\u0144ca wsp\u00f3\u0142czesnego Ewy Dziarnowskiej wraz z Miko\u0142ajem Bielskim, dyrektorem artystycznym R\u00e9plika Teatro. \u00a0Skupiamy si\u0119 na roli kobiet w g\u00f3rnictwie w\u0119glowym wraz z badaczk\u0105 i pisark\u0105 Monik\u0105 Glosowitz. W sekcji \u201eAnegdoty\u201d, dzi\u0119ki [&hellip;]","og_url":"https:\/\/instytutpolski.pl\/madrid\/pl\/2026\/04\/24\/drugi-odcinek-polska-podcast\/","og_site_name":"Instytut Polski w Madrycie","article_published_time":"2026-04-24T11:12:12+00:00","article_modified_time":"2026-04-28T09:41:39+00:00","og_image":[{"width":960,"height":960,"url":"https:\/\/instytutpolski.pl\/madrid\/wp-content\/uploads\/sites\/16\/2026\/03\/Polska-Podcast_estudio.png","type":"image\/png"}],"author":"kowalczyke","twitter_card":"summary_large_image","twitter_misc":{"Napisane przez":"kowalczyke","Szacowany czas czytania":"2 minuty"},"schema":{"@context":"https:\/\/schema.org","@graph":[{"@type":"event","@id":"https:\/\/instytutpolski.pl\/madrid\/pl\/2026\/04\/24\/drugi-odcinek-polska-podcast\/","url":"https:\/\/instytutpolski.pl\/madrid\/pl\/2026\/04\/24\/drugi-odcinek-polska-podcast\/","name":"Drugi odcinek POLSKA PODCAST","isPartOf":{"@id":"https:\/\/instytutpolski.pl\/madrid\/#website"},"primaryImageOfPage":{"@id":"https:\/\/instytutpolski.pl\/madrid\/pl\/2026\/04\/24\/drugi-odcinek-polska-podcast\/#primaryimage"},"image":["https:\/\/instytutpolski.pl\/madrid\/wp-content\/uploads\/sites\/16\/2026\/03\/Polska-Podcast_estudio.png","https:\/\/instytutpolski.pl\/madrid\/wp-content\/uploads\/sites\/16\/2026\/03\/Polska-Podcast_estudio-300x300.png","https:\/\/instytutpolski.pl\/madrid\/wp-content\/uploads\/sites\/16\/2026\/03\/Polska-Podcast_estudio.png","https:\/\/instytutpolski.pl\/madrid\/wp-content\/uploads\/sites\/16\/2026\/03\/Polska-Podcast_estudio.png"],"thumbnailUrl":"https:\/\/instytutpolski.pl\/madrid\/wp-content\/uploads\/sites\/16\/2026\/03\/Polska-Podcast_estudio.png","datePublished":"2026-04-24T11:12:12+02:00","dateModified":"2026-04-28T09:41:39+02:00","author":{"@id":"https:\/\/instytutpolski.pl\/madrid\/#\/schema\/person\/2ef2ed85f88ad5d4e4f921140b5edc8d"},"breadcrumb":{"@id":"https:\/\/instytutpolski.pl\/madrid\/pl\/2026\/04\/24\/drugi-odcinek-polska-podcast\/#breadcrumb"},"inLanguage":"pl-PL","potentialAction":[{"@type":"ReadAction","target":["https:\/\/instytutpolski.pl\/madrid\/pl\/2026\/04\/24\/drugi-odcinek-polska-podcast\/"]}],"@context":"https:\/\/schema.org","startDate":"2026-03-27","endDate":"2026-03-27","eventStatus":"EventScheduled","eventAttendanceMode":"OfflineEventAttendanceMode","location":{"@type":"place","name":"","address":"","geo":{"@type":"GeoCoordinates","latitude":"","longitude":""}},"description":"NASI GO\u015aCIE\nOdkrywamy podobie\u0144stwa mi\u0119dzy transformacj\u0105 hiszpa\u0144sk\u0105 a polsk\u0105 wraz z dziennikarzem Miguelem \u00c1ngelem Aguilarem, prezesem Fundacji Carlos de Amberes.\nZag\u0142\u0119biamy si\u0119 w \u015bwiat ta\u0144ca wsp\u00f3\u0142czesnego Ewy Dziarnowskiej wraz z Miko\u0142ajem Bielskim, dyrektorem artystycznym R\u00e9plika Teatro.\n\u00a0Skupiamy si\u0119 na roli kobiet w g\u00f3rnictwie w\u0119glowym wraz z badaczk\u0105 i pisark\u0105 Monik\u0105 Glosowitz.\nW sekcji \u201eAnegdoty\u201d, dzi\u0119ki Ernestowi Kowalczykowi, ekspertowi ds. projekt\u00f3w historycznych i j\u0119zykowych, odkrywamy ma\u0142o znane powi\u0105zania mi\u0119dzy Polsk\u0105 a Hiszpani\u0105 \u2014 niekt\u00f3re z nieoczekiwanym iberyjskim akcentem \u2014 (czy zastanawia\u0142e\u015b si\u0119 kiedy\u015b, dlaczego Katalo\u0144czyk\u00f3w nazywa si\u0119 Polakami?); natomiast w sekcji \u201eCzy wiesz, \u017ce by\u0142 Polakiem?\u201d  Inma Flor przybli\u017ca nam histori\u0119 postaci o \u015bwiatowej s\u0142awie, kt\u00f3rych polska to\u017csamo\u015b\u0107 zaskakuje, jak na przyk\u0142ad s\u0142ynna aktorka kina niemego Pola Negri, bohaterka tej edycji.\nJednym z najbardziej wyj\u0105tkowych moment\u00f3w jest fragment zatytu\u0142owany \u201eVoces cruzadas\u201d, w kt\u00f3rym j\u0119zyki polski i hiszpa\u0144ski prowadz\u0105 dialog podczas czytania tego samego wiersza. W tym odcinku Klaudia Tenoudji, ekspertka ds. projekt\u00f3w literackich, czyta po polsku tekst z tomiku \u201eCh\u0142opki - Historia naszych bab\u0107\u201d Joanny Kuciel-Frydryszak, kt\u00f3r\u0105 Antonio Mart\u00ednez Asensio interpretuje w j\u0119zyku hiszpa\u0144skim, tworz\u0105c niewielk\u0105 przestrze\u0144 wsp\u00f3ln\u0105 dla obu j\u0119zyk\u00f3w.\nDodajemy te\u017c now\u0105 sekcj\u0119 \u201eRara Avis\u201d, kt\u00f3ra skupia si\u0119 na niezwyk\u0142ych polskich zwyczajach i postaciach. Tym razem Katarzyna \u015amigielska, zast\u0119pczyni dyrektora IP, opowiada o \u017cyciu dw\u00f3ch g\u00f3rnik\u00f3w-malarzy, kt\u00f3rzy stworzyli szko\u0142\u0119 i ko\u015bci\u00f3\u0142 oraz byli cz\u0119\u015bci\u0105 Grupy Janowskiej. Mowa o Teofilu Ociepce i Erwinie S\u00f3wce.\nKALENDARZ KULTURALNY\nSekcja \u201ePolska w ruchu\u201d zawiera wybrane wydarzenia kulturalne zwi\u0105zane z Polsk\u0105 w Hiszpanii: wystawy, taniec, muzyk\u0119, udzia\u0142 polskich artyst\u00f3w w festiwalach i spotkaniach literackich. I wiele innych atrakcji, kt\u00f3rych nawet sobie nie wyobra\u017casz.\nPos\u0142uchaj nas i zostaw swoje komentarze!"},{"@type":"ImageObject","inLanguage":"pl-PL","@id":"https:\/\/instytutpolski.pl\/madrid\/pl\/2026\/04\/24\/drugi-odcinek-polska-podcast\/#primaryimage","url":"https:\/\/instytutpolski.pl\/madrid\/wp-content\/uploads\/sites\/16\/2026\/03\/Polska-Podcast_estudio.png","contentUrl":"https:\/\/instytutpolski.pl\/madrid\/wp-content\/uploads\/sites\/16\/2026\/03\/Polska-Podcast_estudio.png","width":960,"height":960},{"@type":"BreadcrumbList","@id":"https:\/\/instytutpolski.pl\/madrid\/pl\/2026\/04\/24\/drugi-odcinek-polska-podcast\/#breadcrumb","itemListElement":[{"@type":"ListItem","position":1,"name":"Home","item":"https:\/\/instytutpolski.pl\/madrid\/"},{"@type":"ListItem","position":2,"name":"Drugi odcinek POLSKA PODCAST"}]},{"@type":"WebSite","@id":"https:\/\/instytutpolski.pl\/madrid\/#website","url":"https:\/\/instytutpolski.pl\/madrid\/","name":"Instytut Polski w Madrycie","description":"Instytuty Polskie","potentialAction":[{"@type":"SearchAction","target":{"@type":"EntryPoint","urlTemplate":"https:\/\/instytutpolski.pl\/madrid\/?s={search_term_string}"},"query-input":{"@type":"PropertyValueSpecification","valueRequired":true,"valueName":"search_term_string"}}],"inLanguage":"pl-PL"},{"@type":"Person","@id":"https:\/\/instytutpolski.pl\/madrid\/#\/schema\/person\/2ef2ed85f88ad5d4e4f921140b5edc8d","name":"kowalczyke","image":{"@type":"ImageObject","inLanguage":"pl-PL","@id":"https:\/\/instytutpolski.pl\/madrid\/#\/schema\/person\/image\/","url":"https:\/\/secure.gravatar.com\/avatar\/2b384c7336ca78295f66224d3a33e434?s=96&d=mm&r=g","contentUrl":"https:\/\/secure.gravatar.com\/avatar\/2b384c7336ca78295f66224d3a33e434?s=96&d=mm&r=g","caption":"kowalczyke"},"sameAs":["http:\/\/lukasz.sienkiewicz@msz.gov.pl"],"url":"https:\/\/instytutpolski.pl\/madrid\/author\/kowalczyke\/"}]}},"_links":{"self":[{"href":"https:\/\/instytutpolski.pl\/madrid\/wp-json\/wp\/v2\/posts\/10130","targetHints":{"allow":["GET"]}}],"collection":[{"href":"https:\/\/instytutpolski.pl\/madrid\/wp-json\/wp\/v2\/posts"}],"about":[{"href":"https:\/\/instytutpolski.pl\/madrid\/wp-json\/wp\/v2\/types\/post"}],"author":[{"embeddable":true,"href":"https:\/\/instytutpolski.pl\/madrid\/wp-json\/wp\/v2\/users\/51"}],"replies":[{"embeddable":true,"href":"https:\/\/instytutpolski.pl\/madrid\/wp-json\/wp\/v2\/comments?post=10130"}],"version-history":[{"count":2,"href":"https:\/\/instytutpolski.pl\/madrid\/wp-json\/wp\/v2\/posts\/10130\/revisions"}],"predecessor-version":[{"id":10132,"href":"https:\/\/instytutpolski.pl\/madrid\/wp-json\/wp\/v2\/posts\/10130\/revisions\/10132"}],"wp:featuredmedia":[{"embeddable":true,"href":"https:\/\/instytutpolski.pl\/madrid\/wp-json\/wp\/v2\/media\/9993"}],"wp:attachment":[{"href":"https:\/\/instytutpolski.pl\/madrid\/wp-json\/wp\/v2\/media?parent=10130"}],"wp:term":[{"taxonomy":"category","embeddable":true,"href":"https:\/\/instytutpolski.pl\/madrid\/wp-json\/wp\/v2\/categories?post=10130"},{"taxonomy":"post_tag","embeddable":true,"href":"https:\/\/instytutpolski.pl\/madrid\/wp-json\/wp\/v2\/tags?post=10130"}],"curies":[{"name":"wp","href":"https:\/\/api.w.org\/{rel}","templated":true}]}}