{"id":10133,"date":"2026-04-24T13:45:55","date_gmt":"2026-04-24T11:45:55","guid":{"rendered":"https:\/\/instytutpolski.pl\/madrid\/?p=10133"},"modified":"2026-04-28T11:49:12","modified_gmt":"2026-04-28T09:49:12","slug":"rozmowa-z-enrique-redelem-i-wojciechem-orlinskim-lem-swiat-nie-z-tego-swiata","status":"publish","type":"post","link":"https:\/\/instytutpolski.pl\/madrid\/pl\/2026\/04\/24\/rozmowa-z-enrique-redelem-i-wojciechem-orlinskim-lem-swiat-nie-z-tego-swiata\/","title":{"rendered":"Rozmowa z Enrique Redelem i Wojciechem Orli\u0144skim: \u201eLem. \u015awiat nie z tego \u015bwiata\u201d"},"content":{"rendered":"\n<figure class=\"wp-block-embed\"><div class=\"wp-block-embed__wrapper\">\nhttps:\/\/www.eventbrite.es\/e\/stanisaw-lem-un-mundo-que-no-es-de-este-mundo-tickets-1987816370274?aff=oddtdtcreator\n<\/div><\/figure>\n\n\n\n<p>Jako autor tak fundamentalnych dzie\u0142 jak \u201eSolaris\u201d, \u201eNiepokonany\u201d, \u201eG\u0142os pana\u201d czy \u201eWspomnienia znalezione w wannie\u201d, Lem wyni\u00f3s\u0142 fantastyk\u0119 naukow\u0105 daleko poza ramy tego gatunku, \u0142\u0105cz\u0105c wyobra\u017ani\u0119, humor, filozofi\u0119 oraz krytyczne spojrzenie na technologi\u0119 i cz\u0142owieka. W ostatnich latach wydawnictwo Impedimenta przywr\u00f3ci\u0142o znaczn\u0105 cz\u0119\u015b\u0107 jego tw\u00f3rczo\u015bci nowym czytelnikom, czego zwie\u0144czeniem jest publikacja \u201eCzasu nie straconego\u201d \u2013 wczesnej i mniej znanej trylogii autora, stanowi\u0105cej istotn\u0105 cz\u0119\u015b\u0107 jego dorobku literackiego.<\/p>\n\n\n\n<p>Wojciech Orli\u0144ski urodzi\u0142 si\u0119 w Warszawie w 1969 roku. Jest dziennikarzem \u201eGazety Wyborczej\u201d i uwa\u017cany jest za najwi\u0119kszego \u015bwiatowego eksperta w dziedzinie tw\u00f3rczo\u015bci polskiego pisarza science fiction Stanis\u0142awa Lema. Jest autorem powie\u015bci fantastycznej \u201ePolonia nie istnieje\u201d (2015) oraz r\u00f3\u017cnych opowiada\u0144 science fiction. Napisa\u0142 r\u00f3wnie\u017c \u201eInternet. Czas si\u0119 ba\u0107 (2013) oraz biografi\u0119 Paula Barana, The Man Who Invented the Internet (2019). Zosta\u0142 uhonorowany nagrod\u0105 Silesian Fantasy Club: Slakfa w kategorii Wydawca Roku 2018.<\/p>\n","protected":false},"excerpt":{"rendered":"<p>Jako autor tak fundamentalnych dzie\u0142 jak \u201eSolaris\u201d, \u201eNiepokonany\u201d, \u201eG\u0142os pana\u201d czy \u201eWspomnienia znalezione w wannie\u201d, Lem wyni\u00f3s\u0142 fantastyk\u0119 naukow\u0105 daleko poza ramy tego gatunku, \u0142\u0105cz\u0105c wyobra\u017ani\u0119, humor, filozofi\u0119 oraz krytyczne spojrzenie na technologi\u0119 i cz\u0142owieka. W ostatnich latach wydawnictwo Impedimenta przywr\u00f3ci\u0142o znaczn\u0105 cz\u0119\u015b\u0107 jego tw\u00f3rczo\u015bci nowym czytelnikom, czego zwie\u0144czeniem jest publikacja \u201eCzasu nie straconego\u201d \u2013 [&hellip;]<\/p>\n","protected":false},"author":51,"featured_media":10097,"comment_status":"open","ping_status":"open","sticky":false,"template":"","format":"standard","meta":{"inline_featured_image":false,"_monsterinsights_skip_tracking":false,"_monsterinsights_sitenote_active":false,"_monsterinsights_sitenote_note":"","_monsterinsights_sitenote_category":0,"footnotes":""},"categories":[93],"tags":[],"class_list":["post-10133","post","type-post","status-publish","format-standard","has-post-thumbnail","hentry","category-literatura-pl"],"yoast_head":"<!-- This site is optimized with the Yoast SEO plugin v24.6 - https:\/\/yoast.com\/wordpress\/plugins\/seo\/ -->\n<title>Rozmowa z Enrique Redelem i Wojciechem Orli\u0144skim: \u201eLem. \u015awiat nie z tego \u015bwiata\u201d - Instytut Polski w Madrycie<\/title>\n<meta name=\"robots\" content=\"index, follow, max-snippet:-1, max-image-preview:large, max-video-preview:-1\" \/>\n<link rel=\"canonical\" href=\"https:\/\/instytutpolski.pl\/madrid\/pl\/2026\/04\/24\/rozmowa-z-enrique-redelem-i-wojciechem-orlinskim-lem-swiat-nie-z-tego-swiata\/\" \/>\n<meta property=\"og:locale\" content=\"pl_PL\" \/>\n<meta property=\"og:type\" content=\"article\" \/>\n<meta property=\"og:title\" content=\"Rozmowa z Enrique Redelem i Wojciechem Orli\u0144skim: \u201eLem. \u015awiat nie z tego \u015bwiata\u201d - Instytut Polski w Madrycie\" \/>\n<meta property=\"og:description\" content=\"Jako autor tak fundamentalnych dzie\u0142 jak \u201eSolaris\u201d, \u201eNiepokonany\u201d, \u201eG\u0142os pana\u201d czy \u201eWspomnienia znalezione w wannie\u201d, Lem wyni\u00f3s\u0142 fantastyk\u0119 naukow\u0105 daleko poza ramy tego gatunku, \u0142\u0105cz\u0105c wyobra\u017ani\u0119, humor, filozofi\u0119 oraz krytyczne spojrzenie na technologi\u0119 i cz\u0142owieka. W ostatnich latach wydawnictwo Impedimenta przywr\u00f3ci\u0142o znaczn\u0105 cz\u0119\u015b\u0107 jego tw\u00f3rczo\u015bci nowym czytelnikom, czego zwie\u0144czeniem jest publikacja \u201eCzasu nie straconego\u201d \u2013 [&hellip;]\" \/>\n<meta property=\"og:url\" content=\"https:\/\/instytutpolski.pl\/madrid\/pl\/2026\/04\/24\/rozmowa-z-enrique-redelem-i-wojciechem-orlinskim-lem-swiat-nie-z-tego-swiata\/\" \/>\n<meta property=\"og:site_name\" content=\"Instytut Polski w Madrycie\" \/>\n<meta property=\"article:published_time\" content=\"2026-04-24T11:45:55+00:00\" \/>\n<meta property=\"article:modified_time\" content=\"2026-04-28T09:49:12+00:00\" \/>\n<meta property=\"og:image\" content=\"https:\/\/instytutpolski.pl\/madrid\/wp-content\/uploads\/sites\/16\/2026\/04\/LEM_VISUAL_peq-1.jpg\" \/>\n\t<meta property=\"og:image:width\" content=\"1687\" \/>\n\t<meta property=\"og:image:height\" content=\"2109\" \/>\n\t<meta property=\"og:image:type\" content=\"image\/jpeg\" \/>\n<meta name=\"author\" content=\"kowalczyke\" \/>\n<meta name=\"twitter:card\" content=\"summary_large_image\" \/>\n<meta name=\"twitter:label1\" content=\"Napisane przez\" \/>\n\t<meta name=\"twitter:data1\" content=\"kowalczyke\" \/>\n\t<meta name=\"twitter:label2\" content=\"Szacowany czas czytania\" \/>\n\t<meta name=\"twitter:data2\" content=\"2 minuty\" \/>\n<script type=\"application\/ld+json\" class=\"yoast-schema-graph\">{\"@context\":\"https:\/\/schema.org\",\"@graph\":[{\"@type\":\"event\",\"@id\":\"https:\/\/instytutpolski.pl\/madrid\/pl\/2026\/04\/24\/rozmowa-z-enrique-redelem-i-wojciechem-orlinskim-lem-swiat-nie-z-tego-swiata\/\",\"url\":\"https:\/\/instytutpolski.pl\/madrid\/pl\/2026\/04\/24\/rozmowa-z-enrique-redelem-i-wojciechem-orlinskim-lem-swiat-nie-z-tego-swiata\/\",\"name\":\"Rozmowa z Enrique Redelem i Wojciechem Orli\u0144skim: \u201eLem. \u015awiat nie z tego \u015bwiata\u201d\",\"isPartOf\":{\"@id\":\"https:\/\/instytutpolski.pl\/madrid\/#website\"},\"primaryImageOfPage\":{\"@id\":\"https:\/\/instytutpolski.pl\/madrid\/pl\/2026\/04\/24\/rozmowa-z-enrique-redelem-i-wojciechem-orlinskim-lem-swiat-nie-z-tego-swiata\/#primaryimage\"},\"image\":[\"https:\/\/instytutpolski.pl\/madrid\/wp-content\/uploads\/sites\/16\/2026\/04\/LEM_VISUAL_peq-1.jpg\",\"https:\/\/instytutpolski.pl\/madrid\/wp-content\/uploads\/sites\/16\/2026\/04\/LEM_VISUAL_peq-1-240x300.jpg\",\"https:\/\/instytutpolski.pl\/madrid\/wp-content\/uploads\/sites\/16\/2026\/04\/LEM_VISUAL_peq-1-819x1024.jpg\",\"https:\/\/instytutpolski.pl\/madrid\/wp-content\/uploads\/sites\/16\/2026\/04\/LEM_VISUAL_peq-1.jpg\"],\"thumbnailUrl\":\"https:\/\/instytutpolski.pl\/madrid\/wp-content\/uploads\/sites\/16\/2026\/04\/LEM_VISUAL_peq-1.jpg\",\"datePublished\":\"2026-04-24T11:45:55+02:00\",\"dateModified\":\"2026-04-28T09:49:12+02:00\",\"author\":{\"@id\":\"https:\/\/instytutpolski.pl\/madrid\/#\/schema\/person\/2ef2ed85f88ad5d4e4f921140b5edc8d\"},\"breadcrumb\":{\"@id\":\"https:\/\/instytutpolski.pl\/madrid\/pl\/2026\/04\/24\/rozmowa-z-enrique-redelem-i-wojciechem-orlinskim-lem-swiat-nie-z-tego-swiata\/#breadcrumb\"},\"inLanguage\":\"pl-PL\",\"potentialAction\":[{\"@type\":\"ReadAction\",\"target\":[\"https:\/\/instytutpolski.pl\/madrid\/pl\/2026\/04\/24\/rozmowa-z-enrique-redelem-i-wojciechem-orlinskim-lem-swiat-nie-z-tego-swiata\/\"]}],\"@context\":\"https:\/\/schema.org\",\"startDate\":\"2026-05-05T07:30:00+02:00\",\"endDate\":\"2026-05-05T08:30:00+02:00\",\"eventStatus\":\"EventScheduled\",\"eventAttendanceMode\":\"OfflineEventAttendanceMode\",\"location\":{\"@type\":\"place\",\"name\":\"\",\"address\":\"\",\"geo\":{\"@type\":\"GeoCoordinates\",\"latitude\":\"\",\"longitude\":\"\"}},\"description\":\"Jako autor tak fundamentalnych dzie\u0142 jak \u201eSolaris\u201d, \u201eNiepokonany\u201d, \u201eG\u0142os pana\u201d czy \u201eWspomnienia znalezione w wannie\u201d, Lem wyni\u00f3s\u0142 fantastyk\u0119 naukow\u0105 daleko poza ramy tego gatunku, \u0142\u0105cz\u0105c wyobra\u017ani\u0119, humor, filozofi\u0119 oraz krytyczne spojrzenie na technologi\u0119 i cz\u0142owieka. W ostatnich latach wydawnictwo Impedimenta przywr\u00f3ci\u0142o znaczn\u0105 cz\u0119\u015b\u0107 jego tw\u00f3rczo\u015bci nowym czytelnikom, czego zwie\u0144czeniem jest publikacja \u201eCzasu nie straconego\u201d \u2013 wczesnej i mniej znanej trylogii autora, stanowi\u0105cej istotn\u0105 cz\u0119\u015b\u0107 jego dorobku literackiego.\\nWojciech Orli\u0144ski urodzi\u0142 si\u0119 w Warszawie w 1969 roku. Jest dziennikarzem \u201eGazety Wyborczej\u201d i uwa\u017cany jest za najwi\u0119kszego \u015bwiatowego eksperta w dziedzinie tw\u00f3rczo\u015bci polskiego pisarza science fiction Stanis\u0142awa Lema. Jest autorem powie\u015bci fantastycznej \u201ePolonia nie istnieje\u201d (2015) oraz r\u00f3\u017cnych opowiada\u0144 science fiction. Napisa\u0142 r\u00f3wnie\u017c \u201eInternet. Czas si\u0119 ba\u0107 (2013) oraz biografi\u0119 Paula Barana, The Man Who Invented the Internet (2019). Zosta\u0142 uhonorowany nagrod\u0105 Silesian Fantasy Club: Slakfa w kategorii Wydawca Roku 2018.\"},{\"@type\":\"ImageObject\",\"inLanguage\":\"pl-PL\",\"@id\":\"https:\/\/instytutpolski.pl\/madrid\/pl\/2026\/04\/24\/rozmowa-z-enrique-redelem-i-wojciechem-orlinskim-lem-swiat-nie-z-tego-swiata\/#primaryimage\",\"url\":\"https:\/\/instytutpolski.pl\/madrid\/wp-content\/uploads\/sites\/16\/2026\/04\/LEM_VISUAL_peq-1.jpg\",\"contentUrl\":\"https:\/\/instytutpolski.pl\/madrid\/wp-content\/uploads\/sites\/16\/2026\/04\/LEM_VISUAL_peq-1.jpg\",\"width\":1687,\"height\":2109},{\"@type\":\"BreadcrumbList\",\"@id\":\"https:\/\/instytutpolski.pl\/madrid\/pl\/2026\/04\/24\/rozmowa-z-enrique-redelem-i-wojciechem-orlinskim-lem-swiat-nie-z-tego-swiata\/#breadcrumb\",\"itemListElement\":[{\"@type\":\"ListItem\",\"position\":1,\"name\":\"Home\",\"item\":\"https:\/\/instytutpolski.pl\/madrid\/\"},{\"@type\":\"ListItem\",\"position\":2,\"name\":\"Rozmowa z Enrique Redelem i Wojciechem Orli\u0144skim: \u201eLem. \u015awiat nie z tego \u015bwiata\u201d\"}]},{\"@type\":\"WebSite\",\"@id\":\"https:\/\/instytutpolski.pl\/madrid\/#website\",\"url\":\"https:\/\/instytutpolski.pl\/madrid\/\",\"name\":\"Instytut Polski w Madrycie\",\"description\":\"Instytuty Polskie\",\"potentialAction\":[{\"@type\":\"SearchAction\",\"target\":{\"@type\":\"EntryPoint\",\"urlTemplate\":\"https:\/\/instytutpolski.pl\/madrid\/?s={search_term_string}\"},\"query-input\":{\"@type\":\"PropertyValueSpecification\",\"valueRequired\":true,\"valueName\":\"search_term_string\"}}],\"inLanguage\":\"pl-PL\"},{\"@type\":\"Person\",\"@id\":\"https:\/\/instytutpolski.pl\/madrid\/#\/schema\/person\/2ef2ed85f88ad5d4e4f921140b5edc8d\",\"name\":\"kowalczyke\",\"image\":{\"@type\":\"ImageObject\",\"inLanguage\":\"pl-PL\",\"@id\":\"https:\/\/instytutpolski.pl\/madrid\/#\/schema\/person\/image\/\",\"url\":\"https:\/\/secure.gravatar.com\/avatar\/2b384c7336ca78295f66224d3a33e434?s=96&d=mm&r=g\",\"contentUrl\":\"https:\/\/secure.gravatar.com\/avatar\/2b384c7336ca78295f66224d3a33e434?s=96&d=mm&r=g\",\"caption\":\"kowalczyke\"},\"sameAs\":[\"http:\/\/lukasz.sienkiewicz@msz.gov.pl\"],\"url\":\"https:\/\/instytutpolski.pl\/madrid\/author\/kowalczyke\/\"}]}<\/script>\n<!-- \/ Yoast SEO plugin. -->","yoast_head_json":{"title":"Rozmowa z Enrique Redelem i Wojciechem Orli\u0144skim: \u201eLem. \u015awiat nie z tego \u015bwiata\u201d - Instytut Polski w Madrycie","robots":{"index":"index","follow":"follow","max-snippet":"max-snippet:-1","max-image-preview":"max-image-preview:large","max-video-preview":"max-video-preview:-1"},"canonical":"https:\/\/instytutpolski.pl\/madrid\/pl\/2026\/04\/24\/rozmowa-z-enrique-redelem-i-wojciechem-orlinskim-lem-swiat-nie-z-tego-swiata\/","og_locale":"pl_PL","og_type":"article","og_title":"Rozmowa z Enrique Redelem i Wojciechem Orli\u0144skim: \u201eLem. \u015awiat nie z tego \u015bwiata\u201d - Instytut Polski w Madrycie","og_description":"Jako autor tak fundamentalnych dzie\u0142 jak \u201eSolaris\u201d, \u201eNiepokonany\u201d, \u201eG\u0142os pana\u201d czy \u201eWspomnienia znalezione w wannie\u201d, Lem wyni\u00f3s\u0142 fantastyk\u0119 naukow\u0105 daleko poza ramy tego gatunku, \u0142\u0105cz\u0105c wyobra\u017ani\u0119, humor, filozofi\u0119 oraz krytyczne spojrzenie na technologi\u0119 i cz\u0142owieka. W ostatnich latach wydawnictwo Impedimenta przywr\u00f3ci\u0142o znaczn\u0105 cz\u0119\u015b\u0107 jego tw\u00f3rczo\u015bci nowym czytelnikom, czego zwie\u0144czeniem jest publikacja \u201eCzasu nie straconego\u201d \u2013 [&hellip;]","og_url":"https:\/\/instytutpolski.pl\/madrid\/pl\/2026\/04\/24\/rozmowa-z-enrique-redelem-i-wojciechem-orlinskim-lem-swiat-nie-z-tego-swiata\/","og_site_name":"Instytut Polski w Madrycie","article_published_time":"2026-04-24T11:45:55+00:00","article_modified_time":"2026-04-28T09:49:12+00:00","og_image":[{"width":1687,"height":2109,"url":"https:\/\/instytutpolski.pl\/madrid\/wp-content\/uploads\/sites\/16\/2026\/04\/LEM_VISUAL_peq-1.jpg","type":"image\/jpeg"}],"author":"kowalczyke","twitter_card":"summary_large_image","twitter_misc":{"Napisane przez":"kowalczyke","Szacowany czas czytania":"2 minuty"},"schema":{"@context":"https:\/\/schema.org","@graph":[{"@type":"event","@id":"https:\/\/instytutpolski.pl\/madrid\/pl\/2026\/04\/24\/rozmowa-z-enrique-redelem-i-wojciechem-orlinskim-lem-swiat-nie-z-tego-swiata\/","url":"https:\/\/instytutpolski.pl\/madrid\/pl\/2026\/04\/24\/rozmowa-z-enrique-redelem-i-wojciechem-orlinskim-lem-swiat-nie-z-tego-swiata\/","name":"Rozmowa z Enrique Redelem i Wojciechem Orli\u0144skim: \u201eLem. \u015awiat nie z tego \u015bwiata\u201d","isPartOf":{"@id":"https:\/\/instytutpolski.pl\/madrid\/#website"},"primaryImageOfPage":{"@id":"https:\/\/instytutpolski.pl\/madrid\/pl\/2026\/04\/24\/rozmowa-z-enrique-redelem-i-wojciechem-orlinskim-lem-swiat-nie-z-tego-swiata\/#primaryimage"},"image":["https:\/\/instytutpolski.pl\/madrid\/wp-content\/uploads\/sites\/16\/2026\/04\/LEM_VISUAL_peq-1.jpg","https:\/\/instytutpolski.pl\/madrid\/wp-content\/uploads\/sites\/16\/2026\/04\/LEM_VISUAL_peq-1-240x300.jpg","https:\/\/instytutpolski.pl\/madrid\/wp-content\/uploads\/sites\/16\/2026\/04\/LEM_VISUAL_peq-1-819x1024.jpg","https:\/\/instytutpolski.pl\/madrid\/wp-content\/uploads\/sites\/16\/2026\/04\/LEM_VISUAL_peq-1.jpg"],"thumbnailUrl":"https:\/\/instytutpolski.pl\/madrid\/wp-content\/uploads\/sites\/16\/2026\/04\/LEM_VISUAL_peq-1.jpg","datePublished":"2026-04-24T11:45:55+02:00","dateModified":"2026-04-28T09:49:12+02:00","author":{"@id":"https:\/\/instytutpolski.pl\/madrid\/#\/schema\/person\/2ef2ed85f88ad5d4e4f921140b5edc8d"},"breadcrumb":{"@id":"https:\/\/instytutpolski.pl\/madrid\/pl\/2026\/04\/24\/rozmowa-z-enrique-redelem-i-wojciechem-orlinskim-lem-swiat-nie-z-tego-swiata\/#breadcrumb"},"inLanguage":"pl-PL","potentialAction":[{"@type":"ReadAction","target":["https:\/\/instytutpolski.pl\/madrid\/pl\/2026\/04\/24\/rozmowa-z-enrique-redelem-i-wojciechem-orlinskim-lem-swiat-nie-z-tego-swiata\/"]}],"@context":"https:\/\/schema.org","startDate":"2026-05-05T07:30:00+02:00","endDate":"2026-05-05T08:30:00+02:00","eventStatus":"EventScheduled","eventAttendanceMode":"OfflineEventAttendanceMode","location":{"@type":"place","name":"","address":"","geo":{"@type":"GeoCoordinates","latitude":"","longitude":""}},"description":"Jako autor tak fundamentalnych dzie\u0142 jak \u201eSolaris\u201d, \u201eNiepokonany\u201d, \u201eG\u0142os pana\u201d czy \u201eWspomnienia znalezione w wannie\u201d, Lem wyni\u00f3s\u0142 fantastyk\u0119 naukow\u0105 daleko poza ramy tego gatunku, \u0142\u0105cz\u0105c wyobra\u017ani\u0119, humor, filozofi\u0119 oraz krytyczne spojrzenie na technologi\u0119 i cz\u0142owieka. W ostatnich latach wydawnictwo Impedimenta przywr\u00f3ci\u0142o znaczn\u0105 cz\u0119\u015b\u0107 jego tw\u00f3rczo\u015bci nowym czytelnikom, czego zwie\u0144czeniem jest publikacja \u201eCzasu nie straconego\u201d \u2013 wczesnej i mniej znanej trylogii autora, stanowi\u0105cej istotn\u0105 cz\u0119\u015b\u0107 jego dorobku literackiego.\nWojciech Orli\u0144ski urodzi\u0142 si\u0119 w Warszawie w 1969 roku. Jest dziennikarzem \u201eGazety Wyborczej\u201d i uwa\u017cany jest za najwi\u0119kszego \u015bwiatowego eksperta w dziedzinie tw\u00f3rczo\u015bci polskiego pisarza science fiction Stanis\u0142awa Lema. Jest autorem powie\u015bci fantastycznej \u201ePolonia nie istnieje\u201d (2015) oraz r\u00f3\u017cnych opowiada\u0144 science fiction. Napisa\u0142 r\u00f3wnie\u017c \u201eInternet. Czas si\u0119 ba\u0107 (2013) oraz biografi\u0119 Paula Barana, The Man Who Invented the Internet (2019). Zosta\u0142 uhonorowany nagrod\u0105 Silesian Fantasy Club: Slakfa w kategorii Wydawca Roku 2018."},{"@type":"ImageObject","inLanguage":"pl-PL","@id":"https:\/\/instytutpolski.pl\/madrid\/pl\/2026\/04\/24\/rozmowa-z-enrique-redelem-i-wojciechem-orlinskim-lem-swiat-nie-z-tego-swiata\/#primaryimage","url":"https:\/\/instytutpolski.pl\/madrid\/wp-content\/uploads\/sites\/16\/2026\/04\/LEM_VISUAL_peq-1.jpg","contentUrl":"https:\/\/instytutpolski.pl\/madrid\/wp-content\/uploads\/sites\/16\/2026\/04\/LEM_VISUAL_peq-1.jpg","width":1687,"height":2109},{"@type":"BreadcrumbList","@id":"https:\/\/instytutpolski.pl\/madrid\/pl\/2026\/04\/24\/rozmowa-z-enrique-redelem-i-wojciechem-orlinskim-lem-swiat-nie-z-tego-swiata\/#breadcrumb","itemListElement":[{"@type":"ListItem","position":1,"name":"Home","item":"https:\/\/instytutpolski.pl\/madrid\/"},{"@type":"ListItem","position":2,"name":"Rozmowa z Enrique Redelem i Wojciechem Orli\u0144skim: \u201eLem. \u015awiat nie z tego \u015bwiata\u201d"}]},{"@type":"WebSite","@id":"https:\/\/instytutpolski.pl\/madrid\/#website","url":"https:\/\/instytutpolski.pl\/madrid\/","name":"Instytut Polski w Madrycie","description":"Instytuty Polskie","potentialAction":[{"@type":"SearchAction","target":{"@type":"EntryPoint","urlTemplate":"https:\/\/instytutpolski.pl\/madrid\/?s={search_term_string}"},"query-input":{"@type":"PropertyValueSpecification","valueRequired":true,"valueName":"search_term_string"}}],"inLanguage":"pl-PL"},{"@type":"Person","@id":"https:\/\/instytutpolski.pl\/madrid\/#\/schema\/person\/2ef2ed85f88ad5d4e4f921140b5edc8d","name":"kowalczyke","image":{"@type":"ImageObject","inLanguage":"pl-PL","@id":"https:\/\/instytutpolski.pl\/madrid\/#\/schema\/person\/image\/","url":"https:\/\/secure.gravatar.com\/avatar\/2b384c7336ca78295f66224d3a33e434?s=96&d=mm&r=g","contentUrl":"https:\/\/secure.gravatar.com\/avatar\/2b384c7336ca78295f66224d3a33e434?s=96&d=mm&r=g","caption":"kowalczyke"},"sameAs":["http:\/\/lukasz.sienkiewicz@msz.gov.pl"],"url":"https:\/\/instytutpolski.pl\/madrid\/author\/kowalczyke\/"}]}},"_links":{"self":[{"href":"https:\/\/instytutpolski.pl\/madrid\/wp-json\/wp\/v2\/posts\/10133","targetHints":{"allow":["GET"]}}],"collection":[{"href":"https:\/\/instytutpolski.pl\/madrid\/wp-json\/wp\/v2\/posts"}],"about":[{"href":"https:\/\/instytutpolski.pl\/madrid\/wp-json\/wp\/v2\/types\/post"}],"author":[{"embeddable":true,"href":"https:\/\/instytutpolski.pl\/madrid\/wp-json\/wp\/v2\/users\/51"}],"replies":[{"embeddable":true,"href":"https:\/\/instytutpolski.pl\/madrid\/wp-json\/wp\/v2\/comments?post=10133"}],"version-history":[{"count":5,"href":"https:\/\/instytutpolski.pl\/madrid\/wp-json\/wp\/v2\/posts\/10133\/revisions"}],"predecessor-version":[{"id":10138,"href":"https:\/\/instytutpolski.pl\/madrid\/wp-json\/wp\/v2\/posts\/10133\/revisions\/10138"}],"wp:featuredmedia":[{"embeddable":true,"href":"https:\/\/instytutpolski.pl\/madrid\/wp-json\/wp\/v2\/media\/10097"}],"wp:attachment":[{"href":"https:\/\/instytutpolski.pl\/madrid\/wp-json\/wp\/v2\/media?parent=10133"}],"wp:term":[{"taxonomy":"category","embeddable":true,"href":"https:\/\/instytutpolski.pl\/madrid\/wp-json\/wp\/v2\/categories?post=10133"},{"taxonomy":"post_tag","embeddable":true,"href":"https:\/\/instytutpolski.pl\/madrid\/wp-json\/wp\/v2\/tags?post=10133"}],"curies":[{"name":"wp","href":"https:\/\/api.w.org\/{rel}","templated":true}]}}