{"id":10139,"date":"2026-04-27T13:10:27","date_gmt":"2026-04-27T11:10:27","guid":{"rendered":"https:\/\/instytutpolski.pl\/madrid\/?p=10139"},"modified":"2026-04-28T11:55:51","modified_gmt":"2026-04-28T09:55:51","slug":"tomasz-baginski-na-animayo","status":"publish","type":"post","link":"https:\/\/instytutpolski.pl\/madrid\/pl\/2026\/04\/27\/tomasz-baginski-na-animayo\/","title":{"rendered":"Tomasz Bagi\u0144ski na ANIMAYO"},"content":{"rendered":"\n<p>Uznawany za swoj\u0105 prac\u0119 w Platige Image, kt\u00f3rego kariera naznaczona jest \u0142\u0105czeniem animacji, sekwencji filmowych (cinematics), fantastyki oraz silnie oddzia\u0142uj\u0105cej narracji wizualnej \u2014 Tomasz Bagi\u0144ski mo\u017ce poszczyci\u0107 si\u0119 bogatym do\u015bwiadczeniem mi\u0119dzynarodowym zwi\u0105zanym z takimi tytu\u0142ami jak <em>Wied\u017amin<\/em>, <em>Rycerze Zodiaku<\/em> czy <em>Wied\u017amin: Zmora Wilka<\/em>. Jest tak\u017ce tw\u00f3rc\u0105 uznanych dzie\u0142, takich jak <em>Katedra<\/em> (<em>The Cathedral<\/em>), kt\u00f3ra zosta\u0142a nominowana do Oscara w 2003 roku.<\/p>\n\n\n\n<p>Podczas wydarzenia \u201eRoad to Witcher and beyond\u201d uczestnicy b\u0119d\u0105 mogli z pierwszej r\u0119ki pozna\u0107 jego wizj\u0119 artystyczn\u0105 oraz \u015bcie\u017ck\u0119 zawodow\u0105, kt\u00f3ra doprowadzi\u0142a go do pracy przy jednych z najbardziej ambitnych produkcji mi\u0119dzynarodowych.<\/p>\n\n\n\n<p>PLATIGE IMAGE to firma z siedzib\u0105 w Polsce, specjalizuj\u0105ca si\u0119 w tworzeniu grafiki komputerowej, animacji 3D oraz cyfrowych efekt\u00f3w specjalnych dla r\u00f3\u017cnych sektor\u00f3w, takich jak reklama, film, sztuka, edukacja i rozrywka. Studio zatrudnia ponad 320 artyst\u00f3w, w tym re\u017cyser\u00f3w, dyrektor\u00f3w artystycznych, grafik\u00f3w oraz producent\u00f3w. Firma zdoby\u0142a oko\u0142o 280 nagr\u00f3d i wyr\u00f3\u017cnie\u0144. Jej kr\u00f3tkometra\u017cowe filmy animowane czterokrotnie zdoby\u0142y g\u0142\u00f3wne nagrody SIGGRAPH oraz dwie nagrody BAFTA. Ponadto studio by\u0142o nominowane do Z\u0142otej Palmy na Festiwalu Filmowym w Cannes oraz do Z\u0142otych Lw\u00f3w na Festiwalu Filmowym w Wenecji, a tak\u017ce otrzyma\u0142o nominacj\u0119 do Oscara.<\/p>\n\n\n\n<p>WI\u0118CEJ INFORMACJI<\/p>\n\n\n\n<figure class=\"wp-block-embed\"><div class=\"wp-block-embed__wrapper\">\nhttps:\/\/www.animayo.com\n<\/div><\/figure>\n","protected":false},"excerpt":{"rendered":"<p>Uznawany za swoj\u0105 prac\u0119 w Platige Image, kt\u00f3rego kariera naznaczona jest \u0142\u0105czeniem animacji, sekwencji filmowych (cinematics), fantastyki oraz silnie oddzia\u0142uj\u0105cej narracji wizualnej \u2014 Tomasz Bagi\u0144ski mo\u017ce poszczyci\u0107 si\u0119 bogatym do\u015bwiadczeniem mi\u0119dzynarodowym zwi\u0105zanym z takimi tytu\u0142ami jak Wied\u017amin, Rycerze Zodiaku czy Wied\u017amin: Zmora Wilka. Jest tak\u017ce tw\u00f3rc\u0105 uznanych dzie\u0142, takich jak Katedra (The Cathedral), kt\u00f3ra zosta\u0142a [&hellip;]<\/p>\n","protected":false},"author":51,"featured_media":10103,"comment_status":"open","ping_status":"open","sticky":false,"template":"","format":"standard","meta":{"inline_featured_image":false,"_monsterinsights_skip_tracking":false,"_monsterinsights_sitenote_active":false,"_monsterinsights_sitenote_note":"","_monsterinsights_sitenote_category":0,"footnotes":""},"categories":[95,97],"tags":[],"class_list":["post-10139","post","type-post","status-publish","format-standard","has-post-thumbnail","hentry","category-film","category-sztuki-wizualne"],"yoast_head":"<!-- This site is optimized with the Yoast SEO plugin v24.6 - https:\/\/yoast.com\/wordpress\/plugins\/seo\/ -->\n<title>Tomasz Bagi\u0144ski na ANIMAYO - Instytut Polski w Madrycie<\/title>\n<meta name=\"robots\" content=\"index, follow, max-snippet:-1, max-image-preview:large, max-video-preview:-1\" \/>\n<link rel=\"canonical\" href=\"https:\/\/instytutpolski.pl\/madrid\/pl\/2026\/04\/27\/tomasz-baginski-na-animayo\/\" \/>\n<meta property=\"og:locale\" content=\"pl_PL\" \/>\n<meta property=\"og:type\" content=\"article\" \/>\n<meta property=\"og:title\" content=\"Tomasz Bagi\u0144ski na ANIMAYO - Instytut Polski w Madrycie\" \/>\n<meta property=\"og:description\" content=\"Uznawany za swoj\u0105 prac\u0119 w Platige Image, kt\u00f3rego kariera naznaczona jest \u0142\u0105czeniem animacji, sekwencji filmowych (cinematics), fantastyki oraz silnie oddzia\u0142uj\u0105cej narracji wizualnej \u2014 Tomasz Bagi\u0144ski mo\u017ce poszczyci\u0107 si\u0119 bogatym do\u015bwiadczeniem mi\u0119dzynarodowym zwi\u0105zanym z takimi tytu\u0142ami jak Wied\u017amin, Rycerze Zodiaku czy Wied\u017amin: Zmora Wilka. Jest tak\u017ce tw\u00f3rc\u0105 uznanych dzie\u0142, takich jak Katedra (The Cathedral), kt\u00f3ra zosta\u0142a [&hellip;]\" \/>\n<meta property=\"og:url\" content=\"https:\/\/instytutpolski.pl\/madrid\/pl\/2026\/04\/27\/tomasz-baginski-na-animayo\/\" \/>\n<meta property=\"og:site_name\" content=\"Instytut Polski w Madrycie\" \/>\n<meta property=\"article:published_time\" content=\"2026-04-27T11:10:27+00:00\" \/>\n<meta property=\"article:modified_time\" content=\"2026-04-28T09:55:51+00:00\" \/>\n<meta property=\"og:image\" content=\"https:\/\/instytutpolski.pl\/madrid\/wp-content\/uploads\/sites\/16\/2026\/04\/671200647_1460815655491858_9085706404839376264_n.jpg\" \/>\n\t<meta property=\"og:image:width\" content=\"2048\" \/>\n\t<meta property=\"og:image:height\" content=\"1073\" \/>\n\t<meta property=\"og:image:type\" content=\"image\/jpeg\" \/>\n<meta name=\"author\" content=\"kowalczyke\" \/>\n<meta name=\"twitter:card\" content=\"summary_large_image\" \/>\n<meta name=\"twitter:label1\" content=\"Napisane przez\" \/>\n\t<meta name=\"twitter:data1\" content=\"kowalczyke\" \/>\n\t<meta name=\"twitter:label2\" content=\"Szacowany czas czytania\" \/>\n\t<meta name=\"twitter:data2\" content=\"2 minuty\" \/>\n<script type=\"application\/ld+json\" class=\"yoast-schema-graph\">{\"@context\":\"https:\/\/schema.org\",\"@graph\":[{\"@type\":\"event\",\"@id\":\"https:\/\/instytutpolski.pl\/madrid\/pl\/2026\/04\/27\/tomasz-baginski-na-animayo\/\",\"url\":\"https:\/\/instytutpolski.pl\/madrid\/pl\/2026\/04\/27\/tomasz-baginski-na-animayo\/\",\"name\":\"Tomasz Bagi\u0144ski na ANIMAYO\",\"isPartOf\":{\"@id\":\"https:\/\/instytutpolski.pl\/madrid\/#website\"},\"primaryImageOfPage\":{\"@id\":\"https:\/\/instytutpolski.pl\/madrid\/pl\/2026\/04\/27\/tomasz-baginski-na-animayo\/#primaryimage\"},\"image\":[\"https:\/\/instytutpolski.pl\/madrid\/wp-content\/uploads\/sites\/16\/2026\/04\/671200647_1460815655491858_9085706404839376264_n.jpg\",\"https:\/\/instytutpolski.pl\/madrid\/wp-content\/uploads\/sites\/16\/2026\/04\/671200647_1460815655491858_9085706404839376264_n-300x157.jpg\",\"https:\/\/instytutpolski.pl\/madrid\/wp-content\/uploads\/sites\/16\/2026\/04\/671200647_1460815655491858_9085706404839376264_n-1024x537.jpg\",\"https:\/\/instytutpolski.pl\/madrid\/wp-content\/uploads\/sites\/16\/2026\/04\/671200647_1460815655491858_9085706404839376264_n.jpg\"],\"thumbnailUrl\":\"https:\/\/instytutpolski.pl\/madrid\/wp-content\/uploads\/sites\/16\/2026\/04\/671200647_1460815655491858_9085706404839376264_n.jpg\",\"datePublished\":\"2026-04-27T11:10:27+02:00\",\"dateModified\":\"2026-04-28T09:55:51+02:00\",\"author\":{\"@id\":\"https:\/\/instytutpolski.pl\/madrid\/#\/schema\/person\/2ef2ed85f88ad5d4e4f921140b5edc8d\"},\"breadcrumb\":{\"@id\":\"https:\/\/instytutpolski.pl\/madrid\/pl\/2026\/04\/27\/tomasz-baginski-na-animayo\/#breadcrumb\"},\"inLanguage\":\"pl-PL\",\"potentialAction\":[{\"@type\":\"ReadAction\",\"target\":[\"https:\/\/instytutpolski.pl\/madrid\/pl\/2026\/04\/27\/tomasz-baginski-na-animayo\/\"]}],\"@context\":\"https:\/\/schema.org\",\"startDate\":\"2026-05-07T06:30:00+02:00\",\"endDate\":\"2026-05-07T08:00:00+02:00\",\"eventStatus\":\"EventScheduled\",\"eventAttendanceMode\":\"OfflineEventAttendanceMode\",\"location\":{\"@type\":\"place\",\"name\":\"\",\"address\":\"\",\"geo\":{\"@type\":\"GeoCoordinates\",\"latitude\":\"\",\"longitude\":\"\"}},\"description\":\"Uznawany za swoj\u0105 prac\u0119 w Platige Image, kt\u00f3rego kariera naznaczona jest \u0142\u0105czeniem animacji, sekwencji filmowych (cinematics), fantastyki oraz silnie oddzia\u0142uj\u0105cej narracji wizualnej \u2014 Tomasz Bagi\u0144ski mo\u017ce poszczyci\u0107 si\u0119 bogatym do\u015bwiadczeniem mi\u0119dzynarodowym zwi\u0105zanym z takimi tytu\u0142ami jak Wied\u017amin, Rycerze Zodiaku czy Wied\u017amin: Zmora Wilka. Jest tak\u017ce tw\u00f3rc\u0105 uznanych dzie\u0142, takich jak Katedra (The Cathedral), kt\u00f3ra zosta\u0142a nominowana do Oscara w 2003 roku.\\nPodczas wydarzenia \u201eRoad to Witcher and beyond\u201d uczestnicy b\u0119d\u0105 mogli z pierwszej r\u0119ki pozna\u0107 jego wizj\u0119 artystyczn\u0105 oraz \u015bcie\u017ck\u0119 zawodow\u0105, kt\u00f3ra doprowadzi\u0142a go do pracy przy jednych z najbardziej ambitnych produkcji mi\u0119dzynarodowych.\\nPLATIGE IMAGE to firma z siedzib\u0105 w Polsce, specjalizuj\u0105ca si\u0119 w tworzeniu grafiki komputerowej, animacji 3D oraz cyfrowych efekt\u00f3w specjalnych dla r\u00f3\u017cnych sektor\u00f3w, takich jak reklama, film, sztuka, edukacja i rozrywka. Studio zatrudnia ponad 320 artyst\u00f3w, w tym re\u017cyser\u00f3w, dyrektor\u00f3w artystycznych, grafik\u00f3w oraz producent\u00f3w. Firma zdoby\u0142a oko\u0142o 280 nagr\u00f3d i wyr\u00f3\u017cnie\u0144. Jej kr\u00f3tkometra\u017cowe filmy animowane czterokrotnie zdoby\u0142y g\u0142\u00f3wne nagrody SIGGRAPH oraz dwie nagrody BAFTA. Ponadto studio by\u0142o nominowane do Z\u0142otej Palmy na Festiwalu Filmowym w Cannes oraz do Z\u0142otych Lw\u00f3w na Festiwalu Filmowym w Wenecji, a tak\u017ce otrzyma\u0142o nominacj\u0119 do Oscara.\\nWI\u0118CEJ INFORMACJI\"},{\"@type\":\"ImageObject\",\"inLanguage\":\"pl-PL\",\"@id\":\"https:\/\/instytutpolski.pl\/madrid\/pl\/2026\/04\/27\/tomasz-baginski-na-animayo\/#primaryimage\",\"url\":\"https:\/\/instytutpolski.pl\/madrid\/wp-content\/uploads\/sites\/16\/2026\/04\/671200647_1460815655491858_9085706404839376264_n.jpg\",\"contentUrl\":\"https:\/\/instytutpolski.pl\/madrid\/wp-content\/uploads\/sites\/16\/2026\/04\/671200647_1460815655491858_9085706404839376264_n.jpg\",\"width\":2048,\"height\":1073},{\"@type\":\"BreadcrumbList\",\"@id\":\"https:\/\/instytutpolski.pl\/madrid\/pl\/2026\/04\/27\/tomasz-baginski-na-animayo\/#breadcrumb\",\"itemListElement\":[{\"@type\":\"ListItem\",\"position\":1,\"name\":\"Home\",\"item\":\"https:\/\/instytutpolski.pl\/madrid\/\"},{\"@type\":\"ListItem\",\"position\":2,\"name\":\"Tomasz Bagi\u0144ski na ANIMAYO\"}]},{\"@type\":\"WebSite\",\"@id\":\"https:\/\/instytutpolski.pl\/madrid\/#website\",\"url\":\"https:\/\/instytutpolski.pl\/madrid\/\",\"name\":\"Instytut Polski w Madrycie\",\"description\":\"Instytuty Polskie\",\"potentialAction\":[{\"@type\":\"SearchAction\",\"target\":{\"@type\":\"EntryPoint\",\"urlTemplate\":\"https:\/\/instytutpolski.pl\/madrid\/?s={search_term_string}\"},\"query-input\":{\"@type\":\"PropertyValueSpecification\",\"valueRequired\":true,\"valueName\":\"search_term_string\"}}],\"inLanguage\":\"pl-PL\"},{\"@type\":\"Person\",\"@id\":\"https:\/\/instytutpolski.pl\/madrid\/#\/schema\/person\/2ef2ed85f88ad5d4e4f921140b5edc8d\",\"name\":\"kowalczyke\",\"image\":{\"@type\":\"ImageObject\",\"inLanguage\":\"pl-PL\",\"@id\":\"https:\/\/instytutpolski.pl\/madrid\/#\/schema\/person\/image\/\",\"url\":\"https:\/\/secure.gravatar.com\/avatar\/2b384c7336ca78295f66224d3a33e434?s=96&d=mm&r=g\",\"contentUrl\":\"https:\/\/secure.gravatar.com\/avatar\/2b384c7336ca78295f66224d3a33e434?s=96&d=mm&r=g\",\"caption\":\"kowalczyke\"},\"sameAs\":[\"http:\/\/lukasz.sienkiewicz@msz.gov.pl\"],\"url\":\"https:\/\/instytutpolski.pl\/madrid\/author\/kowalczyke\/\"}]}<\/script>\n<!-- \/ Yoast SEO plugin. -->","yoast_head_json":{"title":"Tomasz Bagi\u0144ski na ANIMAYO - Instytut Polski w Madrycie","robots":{"index":"index","follow":"follow","max-snippet":"max-snippet:-1","max-image-preview":"max-image-preview:large","max-video-preview":"max-video-preview:-1"},"canonical":"https:\/\/instytutpolski.pl\/madrid\/pl\/2026\/04\/27\/tomasz-baginski-na-animayo\/","og_locale":"pl_PL","og_type":"article","og_title":"Tomasz Bagi\u0144ski na ANIMAYO - Instytut Polski w Madrycie","og_description":"Uznawany za swoj\u0105 prac\u0119 w Platige Image, kt\u00f3rego kariera naznaczona jest \u0142\u0105czeniem animacji, sekwencji filmowych (cinematics), fantastyki oraz silnie oddzia\u0142uj\u0105cej narracji wizualnej \u2014 Tomasz Bagi\u0144ski mo\u017ce poszczyci\u0107 si\u0119 bogatym do\u015bwiadczeniem mi\u0119dzynarodowym zwi\u0105zanym z takimi tytu\u0142ami jak Wied\u017amin, Rycerze Zodiaku czy Wied\u017amin: Zmora Wilka. Jest tak\u017ce tw\u00f3rc\u0105 uznanych dzie\u0142, takich jak Katedra (The Cathedral), kt\u00f3ra zosta\u0142a [&hellip;]","og_url":"https:\/\/instytutpolski.pl\/madrid\/pl\/2026\/04\/27\/tomasz-baginski-na-animayo\/","og_site_name":"Instytut Polski w Madrycie","article_published_time":"2026-04-27T11:10:27+00:00","article_modified_time":"2026-04-28T09:55:51+00:00","og_image":[{"width":2048,"height":1073,"url":"https:\/\/instytutpolski.pl\/madrid\/wp-content\/uploads\/sites\/16\/2026\/04\/671200647_1460815655491858_9085706404839376264_n.jpg","type":"image\/jpeg"}],"author":"kowalczyke","twitter_card":"summary_large_image","twitter_misc":{"Napisane przez":"kowalczyke","Szacowany czas czytania":"2 minuty"},"schema":{"@context":"https:\/\/schema.org","@graph":[{"@type":"event","@id":"https:\/\/instytutpolski.pl\/madrid\/pl\/2026\/04\/27\/tomasz-baginski-na-animayo\/","url":"https:\/\/instytutpolski.pl\/madrid\/pl\/2026\/04\/27\/tomasz-baginski-na-animayo\/","name":"Tomasz Bagi\u0144ski na ANIMAYO","isPartOf":{"@id":"https:\/\/instytutpolski.pl\/madrid\/#website"},"primaryImageOfPage":{"@id":"https:\/\/instytutpolski.pl\/madrid\/pl\/2026\/04\/27\/tomasz-baginski-na-animayo\/#primaryimage"},"image":["https:\/\/instytutpolski.pl\/madrid\/wp-content\/uploads\/sites\/16\/2026\/04\/671200647_1460815655491858_9085706404839376264_n.jpg","https:\/\/instytutpolski.pl\/madrid\/wp-content\/uploads\/sites\/16\/2026\/04\/671200647_1460815655491858_9085706404839376264_n-300x157.jpg","https:\/\/instytutpolski.pl\/madrid\/wp-content\/uploads\/sites\/16\/2026\/04\/671200647_1460815655491858_9085706404839376264_n-1024x537.jpg","https:\/\/instytutpolski.pl\/madrid\/wp-content\/uploads\/sites\/16\/2026\/04\/671200647_1460815655491858_9085706404839376264_n.jpg"],"thumbnailUrl":"https:\/\/instytutpolski.pl\/madrid\/wp-content\/uploads\/sites\/16\/2026\/04\/671200647_1460815655491858_9085706404839376264_n.jpg","datePublished":"2026-04-27T11:10:27+02:00","dateModified":"2026-04-28T09:55:51+02:00","author":{"@id":"https:\/\/instytutpolski.pl\/madrid\/#\/schema\/person\/2ef2ed85f88ad5d4e4f921140b5edc8d"},"breadcrumb":{"@id":"https:\/\/instytutpolski.pl\/madrid\/pl\/2026\/04\/27\/tomasz-baginski-na-animayo\/#breadcrumb"},"inLanguage":"pl-PL","potentialAction":[{"@type":"ReadAction","target":["https:\/\/instytutpolski.pl\/madrid\/pl\/2026\/04\/27\/tomasz-baginski-na-animayo\/"]}],"@context":"https:\/\/schema.org","startDate":"2026-05-07T06:30:00+02:00","endDate":"2026-05-07T08:00:00+02:00","eventStatus":"EventScheduled","eventAttendanceMode":"OfflineEventAttendanceMode","location":{"@type":"place","name":"","address":"","geo":{"@type":"GeoCoordinates","latitude":"","longitude":""}},"description":"Uznawany za swoj\u0105 prac\u0119 w Platige Image, kt\u00f3rego kariera naznaczona jest \u0142\u0105czeniem animacji, sekwencji filmowych (cinematics), fantastyki oraz silnie oddzia\u0142uj\u0105cej narracji wizualnej \u2014 Tomasz Bagi\u0144ski mo\u017ce poszczyci\u0107 si\u0119 bogatym do\u015bwiadczeniem mi\u0119dzynarodowym zwi\u0105zanym z takimi tytu\u0142ami jak Wied\u017amin, Rycerze Zodiaku czy Wied\u017amin: Zmora Wilka. Jest tak\u017ce tw\u00f3rc\u0105 uznanych dzie\u0142, takich jak Katedra (The Cathedral), kt\u00f3ra zosta\u0142a nominowana do Oscara w 2003 roku.\nPodczas wydarzenia \u201eRoad to Witcher and beyond\u201d uczestnicy b\u0119d\u0105 mogli z pierwszej r\u0119ki pozna\u0107 jego wizj\u0119 artystyczn\u0105 oraz \u015bcie\u017ck\u0119 zawodow\u0105, kt\u00f3ra doprowadzi\u0142a go do pracy przy jednych z najbardziej ambitnych produkcji mi\u0119dzynarodowych.\nPLATIGE IMAGE to firma z siedzib\u0105 w Polsce, specjalizuj\u0105ca si\u0119 w tworzeniu grafiki komputerowej, animacji 3D oraz cyfrowych efekt\u00f3w specjalnych dla r\u00f3\u017cnych sektor\u00f3w, takich jak reklama, film, sztuka, edukacja i rozrywka. Studio zatrudnia ponad 320 artyst\u00f3w, w tym re\u017cyser\u00f3w, dyrektor\u00f3w artystycznych, grafik\u00f3w oraz producent\u00f3w. Firma zdoby\u0142a oko\u0142o 280 nagr\u00f3d i wyr\u00f3\u017cnie\u0144. Jej kr\u00f3tkometra\u017cowe filmy animowane czterokrotnie zdoby\u0142y g\u0142\u00f3wne nagrody SIGGRAPH oraz dwie nagrody BAFTA. Ponadto studio by\u0142o nominowane do Z\u0142otej Palmy na Festiwalu Filmowym w Cannes oraz do Z\u0142otych Lw\u00f3w na Festiwalu Filmowym w Wenecji, a tak\u017ce otrzyma\u0142o nominacj\u0119 do Oscara.\nWI\u0118CEJ INFORMACJI"},{"@type":"ImageObject","inLanguage":"pl-PL","@id":"https:\/\/instytutpolski.pl\/madrid\/pl\/2026\/04\/27\/tomasz-baginski-na-animayo\/#primaryimage","url":"https:\/\/instytutpolski.pl\/madrid\/wp-content\/uploads\/sites\/16\/2026\/04\/671200647_1460815655491858_9085706404839376264_n.jpg","contentUrl":"https:\/\/instytutpolski.pl\/madrid\/wp-content\/uploads\/sites\/16\/2026\/04\/671200647_1460815655491858_9085706404839376264_n.jpg","width":2048,"height":1073},{"@type":"BreadcrumbList","@id":"https:\/\/instytutpolski.pl\/madrid\/pl\/2026\/04\/27\/tomasz-baginski-na-animayo\/#breadcrumb","itemListElement":[{"@type":"ListItem","position":1,"name":"Home","item":"https:\/\/instytutpolski.pl\/madrid\/"},{"@type":"ListItem","position":2,"name":"Tomasz Bagi\u0144ski na ANIMAYO"}]},{"@type":"WebSite","@id":"https:\/\/instytutpolski.pl\/madrid\/#website","url":"https:\/\/instytutpolski.pl\/madrid\/","name":"Instytut Polski w Madrycie","description":"Instytuty Polskie","potentialAction":[{"@type":"SearchAction","target":{"@type":"EntryPoint","urlTemplate":"https:\/\/instytutpolski.pl\/madrid\/?s={search_term_string}"},"query-input":{"@type":"PropertyValueSpecification","valueRequired":true,"valueName":"search_term_string"}}],"inLanguage":"pl-PL"},{"@type":"Person","@id":"https:\/\/instytutpolski.pl\/madrid\/#\/schema\/person\/2ef2ed85f88ad5d4e4f921140b5edc8d","name":"kowalczyke","image":{"@type":"ImageObject","inLanguage":"pl-PL","@id":"https:\/\/instytutpolski.pl\/madrid\/#\/schema\/person\/image\/","url":"https:\/\/secure.gravatar.com\/avatar\/2b384c7336ca78295f66224d3a33e434?s=96&d=mm&r=g","contentUrl":"https:\/\/secure.gravatar.com\/avatar\/2b384c7336ca78295f66224d3a33e434?s=96&d=mm&r=g","caption":"kowalczyke"},"sameAs":["http:\/\/lukasz.sienkiewicz@msz.gov.pl"],"url":"https:\/\/instytutpolski.pl\/madrid\/author\/kowalczyke\/"}]}},"_links":{"self":[{"href":"https:\/\/instytutpolski.pl\/madrid\/wp-json\/wp\/v2\/posts\/10139","targetHints":{"allow":["GET"]}}],"collection":[{"href":"https:\/\/instytutpolski.pl\/madrid\/wp-json\/wp\/v2\/posts"}],"about":[{"href":"https:\/\/instytutpolski.pl\/madrid\/wp-json\/wp\/v2\/types\/post"}],"author":[{"embeddable":true,"href":"https:\/\/instytutpolski.pl\/madrid\/wp-json\/wp\/v2\/users\/51"}],"replies":[{"embeddable":true,"href":"https:\/\/instytutpolski.pl\/madrid\/wp-json\/wp\/v2\/comments?post=10139"}],"version-history":[{"count":3,"href":"https:\/\/instytutpolski.pl\/madrid\/wp-json\/wp\/v2\/posts\/10139\/revisions"}],"predecessor-version":[{"id":10142,"href":"https:\/\/instytutpolski.pl\/madrid\/wp-json\/wp\/v2\/posts\/10139\/revisions\/10142"}],"wp:featuredmedia":[{"embeddable":true,"href":"https:\/\/instytutpolski.pl\/madrid\/wp-json\/wp\/v2\/media\/10103"}],"wp:attachment":[{"href":"https:\/\/instytutpolski.pl\/madrid\/wp-json\/wp\/v2\/media?parent=10139"}],"wp:term":[{"taxonomy":"category","embeddable":true,"href":"https:\/\/instytutpolski.pl\/madrid\/wp-json\/wp\/v2\/categories?post=10139"},{"taxonomy":"post_tag","embeddable":true,"href":"https:\/\/instytutpolski.pl\/madrid\/wp-json\/wp\/v2\/tags?post=10139"}],"curies":[{"name":"wp","href":"https:\/\/api.w.org\/{rel}","templated":true}]}}