{"id":10143,"date":"2026-04-27T15:22:31","date_gmt":"2026-04-27T13:22:31","guid":{"rendered":"https:\/\/instytutpolski.pl\/madrid\/?p=10143"},"modified":"2026-04-28T12:00:41","modified_gmt":"2026-04-28T10:00:41","slug":"aleksandra-przybysz-na-miedzynarodowej-konferencji-sztuki-i-technologii-technarte-w-bilbao","status":"publish","type":"post","link":"https:\/\/instytutpolski.pl\/madrid\/pl\/2026\/04\/27\/aleksandra-przybysz-na-miedzynarodowej-konferencji-sztuki-i-technologii-technarte-w-bilbao\/","title":{"rendered":"Aleksandra Przybysz na Mi\u0119dzynarodowej Konferencji Sztuki i Technologii  TECHNARTE w Bilbao"},"content":{"rendered":"\n<p><strong>ALEKSANDRA PRZYBYSZ<\/strong> jest artystk\u0105 i badaczk\u0105 oraz absolwentk\u0105 Wydzia\u0142u Rze\u017aby Akademii Sztuk Pi\u0119knych w Warszawie. Studiowa\u0142a r\u00f3wnie\u017c na Wydziale D\u017awi\u0119ku i Obrazu w Escola das Artes w Porto, a obecnie jest na drugim roku studi\u00f3w doktoranckich w zakresie praktyki artystycznej na Uniwersytecie Komisji Edukacji Narodowej w Krakowie.<\/p>\n\n\n\n<p>W swojej pracy odwo\u0142uje si\u0119 do koncepcji hiperobiekt\u00f3w Timothy\u2019ego Mortona \u2014 zjawisk ekologicznych o ogromnej skali, takich jak zmiany klimatu, promieniowanie czy odpady toksyczne, kt\u00f3re trudno obj\u0105\u0107 w ca\u0142o\u015bci, a jednocze\u015bnie g\u0142\u0119boko kszta\u0142tuj\u0105 nasze \u017cycie. Podejmuje te zagadnienia w spos\u00f3b interdyscyplinarny, si\u0119gaj\u0105c zar\u00f3wno po estetyk\u0119 posthumanistycznego horroru, jak i praktyki rze\u017abiarskie, tekstowe oraz d\u017awi\u0119kowe. Szczeg\u00f3lnie interesuj\u0105 j\u0105 uj\u0119cia historii naturalnej uwzgl\u0119dniaj\u0105ce zdarzenia toksyczne oraz te wynikaj\u0105ce z inwazyjnej dzia\u0142alno\u015bci cz\u0142owieka.<\/p>\n\n\n\n<p>W jej tw\u00f3rczo\u015bci sztuka nie pe\u0142ni jedynie funkcji ilustracyjnej, lecz staje si\u0119 metod\u0105 badawcz\u0105 zdoln\u0105 do tworzenia alternatywnych modeli opisu wsp\u00f3\u0142czesnej historii naturalnej.<\/p>\n\n\n\n<p>WI\u0118CEJ INFORMACJI I BILETY<\/p>\n\n\n\n<figure class=\"wp-block-embed\"><div class=\"wp-block-embed__wrapper\">\nhttps:\/\/technarte.org\/en\/the-conference\/aleksandra-przybysz\n<\/div><\/figure>\n","protected":false},"excerpt":{"rendered":"<p>ALEKSANDRA PRZYBYSZ jest artystk\u0105 i badaczk\u0105 oraz absolwentk\u0105 Wydzia\u0142u Rze\u017aby Akademii Sztuk Pi\u0119knych w Warszawie. Studiowa\u0142a r\u00f3wnie\u017c na Wydziale D\u017awi\u0119ku i Obrazu w Escola das Artes w Porto, a obecnie jest na drugim roku studi\u00f3w doktoranckich w zakresie praktyki artystycznej na Uniwersytecie Komisji Edukacji Narodowej w Krakowie. W swojej pracy odwo\u0142uje si\u0119 do koncepcji hiperobiekt\u00f3w [&hellip;]<\/p>\n","protected":false},"author":51,"featured_media":10107,"comment_status":"open","ping_status":"open","sticky":false,"template":"","format":"standard","meta":{"inline_featured_image":false,"_monsterinsights_skip_tracking":false,"_monsterinsights_sitenote_active":false,"_monsterinsights_sitenote_note":"","_monsterinsights_sitenote_category":0,"footnotes":""},"categories":[97],"tags":[],"class_list":["post-10143","post","type-post","status-publish","format-standard","has-post-thumbnail","hentry","category-sztuki-wizualne"],"yoast_head":"<!-- This site is optimized with the Yoast SEO plugin v24.6 - https:\/\/yoast.com\/wordpress\/plugins\/seo\/ -->\n<title>Aleksandra Przybysz na Mi\u0119dzynarodowej Konferencji Sztuki i Technologii TECHNARTE w Bilbao - Instytut Polski w Madrycie<\/title>\n<meta name=\"robots\" content=\"index, follow, max-snippet:-1, max-image-preview:large, max-video-preview:-1\" \/>\n<link rel=\"canonical\" href=\"https:\/\/instytutpolski.pl\/madrid\/pl\/2026\/04\/27\/aleksandra-przybysz-na-miedzynarodowej-konferencji-sztuki-i-technologii-technarte-w-bilbao\/\" \/>\n<meta property=\"og:locale\" content=\"pl_PL\" \/>\n<meta property=\"og:type\" content=\"article\" \/>\n<meta property=\"og:title\" content=\"Aleksandra Przybysz na Mi\u0119dzynarodowej Konferencji Sztuki i Technologii TECHNARTE w Bilbao - Instytut Polski w Madrycie\" \/>\n<meta property=\"og:description\" content=\"ALEKSANDRA PRZYBYSZ jest artystk\u0105 i badaczk\u0105 oraz absolwentk\u0105 Wydzia\u0142u Rze\u017aby Akademii Sztuk Pi\u0119knych w Warszawie. Studiowa\u0142a r\u00f3wnie\u017c na Wydziale D\u017awi\u0119ku i Obrazu w Escola das Artes w Porto, a obecnie jest na drugim roku studi\u00f3w doktoranckich w zakresie praktyki artystycznej na Uniwersytecie Komisji Edukacji Narodowej w Krakowie. W swojej pracy odwo\u0142uje si\u0119 do koncepcji hiperobiekt\u00f3w [&hellip;]\" \/>\n<meta property=\"og:url\" content=\"https:\/\/instytutpolski.pl\/madrid\/pl\/2026\/04\/27\/aleksandra-przybysz-na-miedzynarodowej-konferencji-sztuki-i-technologii-technarte-w-bilbao\/\" \/>\n<meta property=\"og:site_name\" content=\"Instytut Polski w Madrycie\" \/>\n<meta property=\"article:published_time\" content=\"2026-04-27T13:22:31+00:00\" \/>\n<meta property=\"article:modified_time\" content=\"2026-04-28T10:00:41+00:00\" \/>\n<meta property=\"og:image\" content=\"https:\/\/instytutpolski.pl\/madrid\/wp-content\/uploads\/sites\/16\/2026\/04\/Aleksandra_Przybysz-2.jpg\" \/>\n\t<meta property=\"og:image:width\" content=\"1392\" \/>\n\t<meta property=\"og:image:height\" content=\"982\" \/>\n\t<meta property=\"og:image:type\" content=\"image\/jpeg\" \/>\n<meta name=\"author\" content=\"kowalczyke\" \/>\n<meta name=\"twitter:card\" content=\"summary_large_image\" \/>\n<meta name=\"twitter:label1\" content=\"Napisane przez\" \/>\n\t<meta name=\"twitter:data1\" content=\"kowalczyke\" \/>\n\t<meta name=\"twitter:label2\" content=\"Szacowany czas czytania\" \/>\n\t<meta name=\"twitter:data2\" content=\"2 minuty\" \/>\n<script type=\"application\/ld+json\" class=\"yoast-schema-graph\">{\"@context\":\"https:\/\/schema.org\",\"@graph\":[{\"@type\":\"event\",\"@id\":\"https:\/\/instytutpolski.pl\/madrid\/pl\/2026\/04\/27\/aleksandra-przybysz-na-miedzynarodowej-konferencji-sztuki-i-technologii-technarte-w-bilbao\/\",\"url\":\"https:\/\/instytutpolski.pl\/madrid\/pl\/2026\/04\/27\/aleksandra-przybysz-na-miedzynarodowej-konferencji-sztuki-i-technologii-technarte-w-bilbao\/\",\"name\":\"Aleksandra Przybysz na Mi\u0119dzynarodowej Konferencji Sztuki i Technologii  TECHNARTE w Bilbao\",\"isPartOf\":{\"@id\":\"https:\/\/instytutpolski.pl\/madrid\/#website\"},\"primaryImageOfPage\":{\"@id\":\"https:\/\/instytutpolski.pl\/madrid\/pl\/2026\/04\/27\/aleksandra-przybysz-na-miedzynarodowej-konferencji-sztuki-i-technologii-technarte-w-bilbao\/#primaryimage\"},\"image\":[\"https:\/\/instytutpolski.pl\/madrid\/wp-content\/uploads\/sites\/16\/2026\/04\/Aleksandra_Przybysz-2.jpg\",\"https:\/\/instytutpolski.pl\/madrid\/wp-content\/uploads\/sites\/16\/2026\/04\/Aleksandra_Przybysz-2-300x212.jpg\",\"https:\/\/instytutpolski.pl\/madrid\/wp-content\/uploads\/sites\/16\/2026\/04\/Aleksandra_Przybysz-2-1024x722.jpg\",\"https:\/\/instytutpolski.pl\/madrid\/wp-content\/uploads\/sites\/16\/2026\/04\/Aleksandra_Przybysz-2.jpg\"],\"thumbnailUrl\":\"https:\/\/instytutpolski.pl\/madrid\/wp-content\/uploads\/sites\/16\/2026\/04\/Aleksandra_Przybysz-2.jpg\",\"datePublished\":\"2026-04-27T13:22:31+02:00\",\"dateModified\":\"2026-04-28T10:00:41+02:00\",\"author\":{\"@id\":\"https:\/\/instytutpolski.pl\/madrid\/#\/schema\/person\/2ef2ed85f88ad5d4e4f921140b5edc8d\"},\"breadcrumb\":{\"@id\":\"https:\/\/instytutpolski.pl\/madrid\/pl\/2026\/04\/27\/aleksandra-przybysz-na-miedzynarodowej-konferencji-sztuki-i-technologii-technarte-w-bilbao\/#breadcrumb\"},\"inLanguage\":\"pl-PL\",\"potentialAction\":[{\"@type\":\"ReadAction\",\"target\":[\"https:\/\/instytutpolski.pl\/madrid\/pl\/2026\/04\/27\/aleksandra-przybysz-na-miedzynarodowej-konferencji-sztuki-i-technologii-technarte-w-bilbao\/\"]}],\"@context\":\"https:\/\/schema.org\",\"startDate\":\"2026-05-15T02:00:00+02:00\",\"endDate\":\"2026-05-15T03:00:00+02:00\",\"eventStatus\":\"EventScheduled\",\"eventAttendanceMode\":\"OfflineEventAttendanceMode\",\"location\":{\"@type\":\"place\",\"name\":\"\",\"address\":\"\",\"geo\":{\"@type\":\"GeoCoordinates\",\"latitude\":\"\",\"longitude\":\"\"}},\"description\":\"ALEKSANDRA PRZYBYSZ jest artystk\u0105 i badaczk\u0105 oraz absolwentk\u0105 Wydzia\u0142u Rze\u017aby Akademii Sztuk Pi\u0119knych w Warszawie. Studiowa\u0142a r\u00f3wnie\u017c na Wydziale D\u017awi\u0119ku i Obrazu w Escola das Artes w Porto, a obecnie jest na drugim roku studi\u00f3w doktoranckich w zakresie praktyki artystycznej na Uniwersytecie Komisji Edukacji Narodowej w Krakowie.\\nW swojej pracy odwo\u0142uje si\u0119 do koncepcji hiperobiekt\u00f3w Timothy\u2019ego Mortona \u2014 zjawisk ekologicznych o ogromnej skali, takich jak zmiany klimatu, promieniowanie czy odpady toksyczne, kt\u00f3re trudno obj\u0105\u0107 w ca\u0142o\u015bci, a jednocze\u015bnie g\u0142\u0119boko kszta\u0142tuj\u0105 nasze \u017cycie. Podejmuje te zagadnienia w spos\u00f3b interdyscyplinarny, si\u0119gaj\u0105c zar\u00f3wno po estetyk\u0119 posthumanistycznego horroru, jak i praktyki rze\u017abiarskie, tekstowe oraz d\u017awi\u0119kowe. Szczeg\u00f3lnie interesuj\u0105 j\u0105 uj\u0119cia historii naturalnej uwzgl\u0119dniaj\u0105ce zdarzenia toksyczne oraz te wynikaj\u0105ce z inwazyjnej dzia\u0142alno\u015bci cz\u0142owieka.\\nW jej tw\u00f3rczo\u015bci sztuka nie pe\u0142ni jedynie funkcji ilustracyjnej, lecz staje si\u0119 metod\u0105 badawcz\u0105 zdoln\u0105 do tworzenia alternatywnych modeli opisu wsp\u00f3\u0142czesnej historii naturalnej.\\nWI\u0118CEJ INFORMACJI I BILETY\"},{\"@type\":\"ImageObject\",\"inLanguage\":\"pl-PL\",\"@id\":\"https:\/\/instytutpolski.pl\/madrid\/pl\/2026\/04\/27\/aleksandra-przybysz-na-miedzynarodowej-konferencji-sztuki-i-technologii-technarte-w-bilbao\/#primaryimage\",\"url\":\"https:\/\/instytutpolski.pl\/madrid\/wp-content\/uploads\/sites\/16\/2026\/04\/Aleksandra_Przybysz-2.jpg\",\"contentUrl\":\"https:\/\/instytutpolski.pl\/madrid\/wp-content\/uploads\/sites\/16\/2026\/04\/Aleksandra_Przybysz-2.jpg\",\"width\":1392,\"height\":982},{\"@type\":\"BreadcrumbList\",\"@id\":\"https:\/\/instytutpolski.pl\/madrid\/pl\/2026\/04\/27\/aleksandra-przybysz-na-miedzynarodowej-konferencji-sztuki-i-technologii-technarte-w-bilbao\/#breadcrumb\",\"itemListElement\":[{\"@type\":\"ListItem\",\"position\":1,\"name\":\"Home\",\"item\":\"https:\/\/instytutpolski.pl\/madrid\/\"},{\"@type\":\"ListItem\",\"position\":2,\"name\":\"Aleksandra Przybysz na Mi\u0119dzynarodowej Konferencji Sztuki i Technologii TECHNARTE w Bilbao\"}]},{\"@type\":\"WebSite\",\"@id\":\"https:\/\/instytutpolski.pl\/madrid\/#website\",\"url\":\"https:\/\/instytutpolski.pl\/madrid\/\",\"name\":\"Instytut Polski w Madrycie\",\"description\":\"Instytuty Polskie\",\"potentialAction\":[{\"@type\":\"SearchAction\",\"target\":{\"@type\":\"EntryPoint\",\"urlTemplate\":\"https:\/\/instytutpolski.pl\/madrid\/?s={search_term_string}\"},\"query-input\":{\"@type\":\"PropertyValueSpecification\",\"valueRequired\":true,\"valueName\":\"search_term_string\"}}],\"inLanguage\":\"pl-PL\"},{\"@type\":\"Person\",\"@id\":\"https:\/\/instytutpolski.pl\/madrid\/#\/schema\/person\/2ef2ed85f88ad5d4e4f921140b5edc8d\",\"name\":\"kowalczyke\",\"image\":{\"@type\":\"ImageObject\",\"inLanguage\":\"pl-PL\",\"@id\":\"https:\/\/instytutpolski.pl\/madrid\/#\/schema\/person\/image\/\",\"url\":\"https:\/\/secure.gravatar.com\/avatar\/2b384c7336ca78295f66224d3a33e434?s=96&d=mm&r=g\",\"contentUrl\":\"https:\/\/secure.gravatar.com\/avatar\/2b384c7336ca78295f66224d3a33e434?s=96&d=mm&r=g\",\"caption\":\"kowalczyke\"},\"sameAs\":[\"http:\/\/lukasz.sienkiewicz@msz.gov.pl\"],\"url\":\"https:\/\/instytutpolski.pl\/madrid\/author\/kowalczyke\/\"}]}<\/script>\n<!-- \/ Yoast SEO plugin. -->","yoast_head_json":{"title":"Aleksandra Przybysz na Mi\u0119dzynarodowej Konferencji Sztuki i Technologii TECHNARTE w Bilbao - Instytut Polski w Madrycie","robots":{"index":"index","follow":"follow","max-snippet":"max-snippet:-1","max-image-preview":"max-image-preview:large","max-video-preview":"max-video-preview:-1"},"canonical":"https:\/\/instytutpolski.pl\/madrid\/pl\/2026\/04\/27\/aleksandra-przybysz-na-miedzynarodowej-konferencji-sztuki-i-technologii-technarte-w-bilbao\/","og_locale":"pl_PL","og_type":"article","og_title":"Aleksandra Przybysz na Mi\u0119dzynarodowej Konferencji Sztuki i Technologii TECHNARTE w Bilbao - Instytut Polski w Madrycie","og_description":"ALEKSANDRA PRZYBYSZ jest artystk\u0105 i badaczk\u0105 oraz absolwentk\u0105 Wydzia\u0142u Rze\u017aby Akademii Sztuk Pi\u0119knych w Warszawie. Studiowa\u0142a r\u00f3wnie\u017c na Wydziale D\u017awi\u0119ku i Obrazu w Escola das Artes w Porto, a obecnie jest na drugim roku studi\u00f3w doktoranckich w zakresie praktyki artystycznej na Uniwersytecie Komisji Edukacji Narodowej w Krakowie. W swojej pracy odwo\u0142uje si\u0119 do koncepcji hiperobiekt\u00f3w [&hellip;]","og_url":"https:\/\/instytutpolski.pl\/madrid\/pl\/2026\/04\/27\/aleksandra-przybysz-na-miedzynarodowej-konferencji-sztuki-i-technologii-technarte-w-bilbao\/","og_site_name":"Instytut Polski w Madrycie","article_published_time":"2026-04-27T13:22:31+00:00","article_modified_time":"2026-04-28T10:00:41+00:00","og_image":[{"width":1392,"height":982,"url":"https:\/\/instytutpolski.pl\/madrid\/wp-content\/uploads\/sites\/16\/2026\/04\/Aleksandra_Przybysz-2.jpg","type":"image\/jpeg"}],"author":"kowalczyke","twitter_card":"summary_large_image","twitter_misc":{"Napisane przez":"kowalczyke","Szacowany czas czytania":"2 minuty"},"schema":{"@context":"https:\/\/schema.org","@graph":[{"@type":"event","@id":"https:\/\/instytutpolski.pl\/madrid\/pl\/2026\/04\/27\/aleksandra-przybysz-na-miedzynarodowej-konferencji-sztuki-i-technologii-technarte-w-bilbao\/","url":"https:\/\/instytutpolski.pl\/madrid\/pl\/2026\/04\/27\/aleksandra-przybysz-na-miedzynarodowej-konferencji-sztuki-i-technologii-technarte-w-bilbao\/","name":"Aleksandra Przybysz na Mi\u0119dzynarodowej Konferencji Sztuki i Technologii  TECHNARTE w Bilbao","isPartOf":{"@id":"https:\/\/instytutpolski.pl\/madrid\/#website"},"primaryImageOfPage":{"@id":"https:\/\/instytutpolski.pl\/madrid\/pl\/2026\/04\/27\/aleksandra-przybysz-na-miedzynarodowej-konferencji-sztuki-i-technologii-technarte-w-bilbao\/#primaryimage"},"image":["https:\/\/instytutpolski.pl\/madrid\/wp-content\/uploads\/sites\/16\/2026\/04\/Aleksandra_Przybysz-2.jpg","https:\/\/instytutpolski.pl\/madrid\/wp-content\/uploads\/sites\/16\/2026\/04\/Aleksandra_Przybysz-2-300x212.jpg","https:\/\/instytutpolski.pl\/madrid\/wp-content\/uploads\/sites\/16\/2026\/04\/Aleksandra_Przybysz-2-1024x722.jpg","https:\/\/instytutpolski.pl\/madrid\/wp-content\/uploads\/sites\/16\/2026\/04\/Aleksandra_Przybysz-2.jpg"],"thumbnailUrl":"https:\/\/instytutpolski.pl\/madrid\/wp-content\/uploads\/sites\/16\/2026\/04\/Aleksandra_Przybysz-2.jpg","datePublished":"2026-04-27T13:22:31+02:00","dateModified":"2026-04-28T10:00:41+02:00","author":{"@id":"https:\/\/instytutpolski.pl\/madrid\/#\/schema\/person\/2ef2ed85f88ad5d4e4f921140b5edc8d"},"breadcrumb":{"@id":"https:\/\/instytutpolski.pl\/madrid\/pl\/2026\/04\/27\/aleksandra-przybysz-na-miedzynarodowej-konferencji-sztuki-i-technologii-technarte-w-bilbao\/#breadcrumb"},"inLanguage":"pl-PL","potentialAction":[{"@type":"ReadAction","target":["https:\/\/instytutpolski.pl\/madrid\/pl\/2026\/04\/27\/aleksandra-przybysz-na-miedzynarodowej-konferencji-sztuki-i-technologii-technarte-w-bilbao\/"]}],"@context":"https:\/\/schema.org","startDate":"2026-05-15T02:00:00+02:00","endDate":"2026-05-15T03:00:00+02:00","eventStatus":"EventScheduled","eventAttendanceMode":"OfflineEventAttendanceMode","location":{"@type":"place","name":"","address":"","geo":{"@type":"GeoCoordinates","latitude":"","longitude":""}},"description":"ALEKSANDRA PRZYBYSZ jest artystk\u0105 i badaczk\u0105 oraz absolwentk\u0105 Wydzia\u0142u Rze\u017aby Akademii Sztuk Pi\u0119knych w Warszawie. Studiowa\u0142a r\u00f3wnie\u017c na Wydziale D\u017awi\u0119ku i Obrazu w Escola das Artes w Porto, a obecnie jest na drugim roku studi\u00f3w doktoranckich w zakresie praktyki artystycznej na Uniwersytecie Komisji Edukacji Narodowej w Krakowie.\nW swojej pracy odwo\u0142uje si\u0119 do koncepcji hiperobiekt\u00f3w Timothy\u2019ego Mortona \u2014 zjawisk ekologicznych o ogromnej skali, takich jak zmiany klimatu, promieniowanie czy odpady toksyczne, kt\u00f3re trudno obj\u0105\u0107 w ca\u0142o\u015bci, a jednocze\u015bnie g\u0142\u0119boko kszta\u0142tuj\u0105 nasze \u017cycie. Podejmuje te zagadnienia w spos\u00f3b interdyscyplinarny, si\u0119gaj\u0105c zar\u00f3wno po estetyk\u0119 posthumanistycznego horroru, jak i praktyki rze\u017abiarskie, tekstowe oraz d\u017awi\u0119kowe. Szczeg\u00f3lnie interesuj\u0105 j\u0105 uj\u0119cia historii naturalnej uwzgl\u0119dniaj\u0105ce zdarzenia toksyczne oraz te wynikaj\u0105ce z inwazyjnej dzia\u0142alno\u015bci cz\u0142owieka.\nW jej tw\u00f3rczo\u015bci sztuka nie pe\u0142ni jedynie funkcji ilustracyjnej, lecz staje si\u0119 metod\u0105 badawcz\u0105 zdoln\u0105 do tworzenia alternatywnych modeli opisu wsp\u00f3\u0142czesnej historii naturalnej.\nWI\u0118CEJ INFORMACJI I BILETY"},{"@type":"ImageObject","inLanguage":"pl-PL","@id":"https:\/\/instytutpolski.pl\/madrid\/pl\/2026\/04\/27\/aleksandra-przybysz-na-miedzynarodowej-konferencji-sztuki-i-technologii-technarte-w-bilbao\/#primaryimage","url":"https:\/\/instytutpolski.pl\/madrid\/wp-content\/uploads\/sites\/16\/2026\/04\/Aleksandra_Przybysz-2.jpg","contentUrl":"https:\/\/instytutpolski.pl\/madrid\/wp-content\/uploads\/sites\/16\/2026\/04\/Aleksandra_Przybysz-2.jpg","width":1392,"height":982},{"@type":"BreadcrumbList","@id":"https:\/\/instytutpolski.pl\/madrid\/pl\/2026\/04\/27\/aleksandra-przybysz-na-miedzynarodowej-konferencji-sztuki-i-technologii-technarte-w-bilbao\/#breadcrumb","itemListElement":[{"@type":"ListItem","position":1,"name":"Home","item":"https:\/\/instytutpolski.pl\/madrid\/"},{"@type":"ListItem","position":2,"name":"Aleksandra Przybysz na Mi\u0119dzynarodowej Konferencji Sztuki i Technologii TECHNARTE w Bilbao"}]},{"@type":"WebSite","@id":"https:\/\/instytutpolski.pl\/madrid\/#website","url":"https:\/\/instytutpolski.pl\/madrid\/","name":"Instytut Polski w Madrycie","description":"Instytuty Polskie","potentialAction":[{"@type":"SearchAction","target":{"@type":"EntryPoint","urlTemplate":"https:\/\/instytutpolski.pl\/madrid\/?s={search_term_string}"},"query-input":{"@type":"PropertyValueSpecification","valueRequired":true,"valueName":"search_term_string"}}],"inLanguage":"pl-PL"},{"@type":"Person","@id":"https:\/\/instytutpolski.pl\/madrid\/#\/schema\/person\/2ef2ed85f88ad5d4e4f921140b5edc8d","name":"kowalczyke","image":{"@type":"ImageObject","inLanguage":"pl-PL","@id":"https:\/\/instytutpolski.pl\/madrid\/#\/schema\/person\/image\/","url":"https:\/\/secure.gravatar.com\/avatar\/2b384c7336ca78295f66224d3a33e434?s=96&d=mm&r=g","contentUrl":"https:\/\/secure.gravatar.com\/avatar\/2b384c7336ca78295f66224d3a33e434?s=96&d=mm&r=g","caption":"kowalczyke"},"sameAs":["http:\/\/lukasz.sienkiewicz@msz.gov.pl"],"url":"https:\/\/instytutpolski.pl\/madrid\/author\/kowalczyke\/"}]}},"_links":{"self":[{"href":"https:\/\/instytutpolski.pl\/madrid\/wp-json\/wp\/v2\/posts\/10143","targetHints":{"allow":["GET"]}}],"collection":[{"href":"https:\/\/instytutpolski.pl\/madrid\/wp-json\/wp\/v2\/posts"}],"about":[{"href":"https:\/\/instytutpolski.pl\/madrid\/wp-json\/wp\/v2\/types\/post"}],"author":[{"embeddable":true,"href":"https:\/\/instytutpolski.pl\/madrid\/wp-json\/wp\/v2\/users\/51"}],"replies":[{"embeddable":true,"href":"https:\/\/instytutpolski.pl\/madrid\/wp-json\/wp\/v2\/comments?post=10143"}],"version-history":[{"count":2,"href":"https:\/\/instytutpolski.pl\/madrid\/wp-json\/wp\/v2\/posts\/10143\/revisions"}],"predecessor-version":[{"id":10145,"href":"https:\/\/instytutpolski.pl\/madrid\/wp-json\/wp\/v2\/posts\/10143\/revisions\/10145"}],"wp:featuredmedia":[{"embeddable":true,"href":"https:\/\/instytutpolski.pl\/madrid\/wp-json\/wp\/v2\/media\/10107"}],"wp:attachment":[{"href":"https:\/\/instytutpolski.pl\/madrid\/wp-json\/wp\/v2\/media?parent=10143"}],"wp:term":[{"taxonomy":"category","embeddable":true,"href":"https:\/\/instytutpolski.pl\/madrid\/wp-json\/wp\/v2\/categories?post=10143"},{"taxonomy":"post_tag","embeddable":true,"href":"https:\/\/instytutpolski.pl\/madrid\/wp-json\/wp\/v2\/tags?post=10143"}],"curies":[{"name":"wp","href":"https:\/\/api.w.org\/{rel}","templated":true}]}}