{"id":10156,"date":"2026-04-30T11:06:28","date_gmt":"2026-04-30T09:06:28","guid":{"rendered":"https:\/\/instytutpolski.pl\/madrid\/?p=10156"},"modified":"2026-04-30T11:06:29","modified_gmt":"2026-04-30T09:06:29","slug":"chronicle-from-europe-polonia-en-el-premio-de-arquitectura-contemporanea-de-la-union-europea-premios-mies-van-der-rohe","status":"publish","type":"post","link":"https:\/\/instytutpolski.pl\/madrid\/2026\/04\/30\/chronicle-from-europe-polonia-en-el-premio-de-arquitectura-contemporanea-de-la-union-europea-premios-mies-van-der-rohe\/","title":{"rendered":"Chronicle from Europe: Polonia en el Premio de Arquitectura Contempor\u00e1nea de la Uni\u00f3n Europea \/ Premios Mies van der Rohe"},"content":{"rendered":"\n<p>A trav\u00e9s de fotograf\u00edas, dibujos y v\u00eddeos, presenta la evoluci\u00f3n de una arquitectura marcada por profundas transformaciones pol\u00edticas, sociales y econ\u00f3micas que han redefinido las ciudades y el paisaje construido de Polonia en las \u00faltimas d\u00e9cadas.<\/p>\n\n\n\n<p>Desde las primeras nominaciones hasta hitos como el premio a la <a href=\"https:\/\/click.mailchimp.com\/track\/click\/30010842\/eumiesawards.com?p=eyJzIjoia1VKNUZZemlZR2k5cjJBWXBXMnhlLUdYODBzIiwidiI6MiwicCI6IntcInVcIjozMDAxMDg0MixcInZcIjoyLFwidXJsXCI6XCJodHRwczpcXFwvXFxcL2V1bWllc2F3YXJkcy5jb21cXFwvaGVyaXRhZ2VvYmplY3RcXFwvcGhpbGhhcm1vbmljLWhhbGxcXFwvXCIsXCJpZFwiOlwiNGU5YjM4YjZlOTc0NDMwNzllZjQ2YTRmN2U2ZTVlMDBcIixcInVybF9pZHNcIjpbXCJiNDI1ZGQ0NWUzZDFmOGVlMTE3MGMzYjRmMzgwMzg2MTIwMzUyNDQ1XCJdLFwibXNnX3RzXCI6MTc3NzQ2NDQ0N30ifQ\" target=\"_blank\" rel=\"noreferrer noopener\">filarm\u00f3nica de Szczecin<\/a>&nbsp;en 2015, de Barozzi Veiga, o el <a href=\"https:\/\/click.mailchimp.com\/track\/click\/30010842\/eumiesawards.com?p=eyJzIjoicWlHYTQ0WU56Q3AxUGVtSWdsbk9wdHJDeUZBIiwidiI6MiwicCI6IntcInVcIjozMDAxMDg0MixcInZcIjoyLFwidXJsXCI6XCJodHRwczpcXFwvXFxcL2V1bWllc2F3YXJkcy5jb21cXFwvaGVyaXRhZ2VvYmplY3RcXFwva2F0eW4tbXVzZXVtXFxcL1wiLFwiaWRcIjpcIjRlOWIzOGI2ZTk3NDQzMDc5ZWY0NmE0ZjdlNmU1ZTAwXCIsXCJ1cmxfaWRzXCI6W1wiNzBhNDAzMDdkOTE1ZDQwOGQwZmU0ODgwYTlkYWYxMWYyOWEwNzZhZlwiXSxcIm1zZ190c1wiOjE3Nzc0NjQ0NDd9In0\" target=\"_blank\" rel=\"noreferrer noopener\">museo Katyn<\/a>, finalista en 2017, de BBGK Architects con Jerzy Kalina, la exposici\u00f3n ofrece una lectura continuada del papel de Polonia en el panorama arquitect\u00f3nico europeo.<\/p>\n\n\n\n<p>Una arquitectura que refleja participaci\u00f3n, transformaci\u00f3n y una proyecci\u00f3n internacional creciente.<\/p>\n\n\n\n<p>La inauguraci\u00f3n tendr\u00e1 lugar en el marco de los EUmies Awards Days y cuenta con la colaboraci\u00f3n del Instituto Polaco de Cultura y el Consulado General de la Rep\u00fablica de Polonia en Barcelona<br><br><strong>D\u00d3NDE<\/strong><br>Casa de l&#8217;Arquitectura de Barcelona, c\/ Rossell\u00f3 87<br>Barcelona<\/p>\n\n\n\n<p><strong>CU\u00c1NDO<\/strong><br>13.05.2026 &#8211; 07.06.2026 (Inauguraci\u00f3n 12 de mayo, 10:30 h)<br><br><strong>M\u00c1S INFORMACI\u00d3N<\/strong><br><a href=\"https:\/\/eumiesawards.com\/architecture-emerging\/chronicle-from-europe-poland-in-the-european-union-prize-for-contemporary-architecture-mies-van-der-rohe-awards\/\">Chronicle from Europe: Poland in the European Union Prize for Contemporary Architecture \/ Mies van der Rohe Awards | EUmies Awards<\/a><\/p>\n","protected":false},"excerpt":{"rendered":"<p>A trav\u00e9s de fotograf\u00edas, dibujos y v\u00eddeos, presenta la evoluci\u00f3n de una arquitectura marcada por profundas transformaciones pol\u00edticas, sociales y econ\u00f3micas que han redefinido las ciudades y el paisaje construido de Polonia en las \u00faltimas d\u00e9cadas. Desde las primeras nominaciones hasta hitos como el premio a la filarm\u00f3nica de Szczecin&nbsp;en 2015, de Barozzi Veiga, o [&hellip;]<\/p>\n","protected":false},"author":53,"featured_media":10157,"comment_status":"open","ping_status":"open","sticky":false,"template":"","format":"standard","meta":{"inline_featured_image":false,"_monsterinsights_skip_tracking":false,"_monsterinsights_sitenote_active":false,"_monsterinsights_sitenote_note":"","_monsterinsights_sitenote_category":0,"footnotes":""},"categories":[85],"tags":[],"class_list":["post-10156","post","type-post","status-publish","format-standard","has-post-thumbnail","hentry","category-artes-visuales"],"yoast_head":"<!-- This site is optimized with the Yoast SEO plugin v24.6 - https:\/\/yoast.com\/wordpress\/plugins\/seo\/ -->\n<title>Chronicle from Europe: Polonia en el Premio de Arquitectura Contempor\u00e1nea de la Uni\u00f3n Europea \/ Premios Mies van der Rohe - Instytut Polski w Madrycie<\/title>\n<meta name=\"robots\" content=\"index, follow, max-snippet:-1, max-image-preview:large, max-video-preview:-1\" \/>\n<link rel=\"canonical\" href=\"https:\/\/instytutpolski.pl\/madrid\/2026\/04\/30\/chronicle-from-europe-polonia-en-el-premio-de-arquitectura-contemporanea-de-la-union-europea-premios-mies-van-der-rohe\/\" \/>\n<meta property=\"og:locale\" content=\"pl_PL\" \/>\n<meta property=\"og:type\" content=\"article\" \/>\n<meta property=\"og:title\" content=\"Chronicle from Europe: Polonia en el Premio de Arquitectura Contempor\u00e1nea de la Uni\u00f3n Europea \/ Premios Mies van der Rohe - Instytut Polski w Madrycie\" \/>\n<meta property=\"og:description\" content=\"A trav\u00e9s de fotograf\u00edas, dibujos y v\u00eddeos, presenta la evoluci\u00f3n de una arquitectura marcada por profundas transformaciones pol\u00edticas, sociales y econ\u00f3micas que han redefinido las ciudades y el paisaje construido de Polonia en las \u00faltimas d\u00e9cadas. Desde las primeras nominaciones hasta hitos como el premio a la filarm\u00f3nica de Szczecin&nbsp;en 2015, de Barozzi Veiga, o [&hellip;]\" \/>\n<meta property=\"og:url\" content=\"https:\/\/instytutpolski.pl\/madrid\/2026\/04\/30\/chronicle-from-europe-polonia-en-el-premio-de-arquitectura-contemporanea-de-la-union-europea-premios-mies-van-der-rohe\/\" \/>\n<meta property=\"og:site_name\" content=\"Instytut Polski w Madrycie\" \/>\n<meta property=\"article:published_time\" content=\"2026-04-30T09:06:28+00:00\" \/>\n<meta property=\"article:modified_time\" content=\"2026-04-30T09:06:29+00:00\" \/>\n<meta property=\"og:image\" content=\"https:\/\/instytutpolski.pl\/madrid\/wp-content\/uploads\/sites\/16\/2026\/04\/Exposicion-Polonia-en-EUmies-Awards.png\" \/>\n\t<meta property=\"og:image:width\" content=\"1181\" \/>\n\t<meta property=\"og:image:height\" content=\"835\" \/>\n\t<meta property=\"og:image:type\" content=\"image\/png\" \/>\n<meta name=\"author\" content=\"flordiegoi\" \/>\n<meta name=\"twitter:card\" content=\"summary_large_image\" \/>\n<meta name=\"twitter:label1\" content=\"Napisane przez\" \/>\n\t<meta name=\"twitter:data1\" content=\"flordiegoi\" \/>\n\t<meta name=\"twitter:label2\" content=\"Szacowany czas czytania\" \/>\n\t<meta name=\"twitter:data2\" content=\"2 minuty\" \/>\n<script type=\"application\/ld+json\" class=\"yoast-schema-graph\">{\"@context\":\"https:\/\/schema.org\",\"@graph\":[{\"@type\":\"event\",\"@id\":\"https:\/\/instytutpolski.pl\/madrid\/2026\/04\/30\/chronicle-from-europe-polonia-en-el-premio-de-arquitectura-contemporanea-de-la-union-europea-premios-mies-van-der-rohe\/\",\"url\":\"https:\/\/instytutpolski.pl\/madrid\/2026\/04\/30\/chronicle-from-europe-polonia-en-el-premio-de-arquitectura-contemporanea-de-la-union-europea-premios-mies-van-der-rohe\/\",\"name\":\"Chronicle from Europe: Polonia en el Premio de Arquitectura Contempor\u00e1nea de la Uni\u00f3n Europea \/ Premios Mies van der Rohe\",\"isPartOf\":{\"@id\":\"https:\/\/instytutpolski.pl\/madrid\/#website\"},\"primaryImageOfPage\":{\"@id\":\"https:\/\/instytutpolski.pl\/madrid\/2026\/04\/30\/chronicle-from-europe-polonia-en-el-premio-de-arquitectura-contemporanea-de-la-union-europea-premios-mies-van-der-rohe\/#primaryimage\"},\"image\":[\"https:\/\/instytutpolski.pl\/madrid\/wp-content\/uploads\/sites\/16\/2026\/04\/Exposicion-Polonia-en-EUmies-Awards.png\",\"https:\/\/instytutpolski.pl\/madrid\/wp-content\/uploads\/sites\/16\/2026\/04\/Exposicion-Polonia-en-EUmies-Awards-300x212.png\",\"https:\/\/instytutpolski.pl\/madrid\/wp-content\/uploads\/sites\/16\/2026\/04\/Exposicion-Polonia-en-EUmies-Awards-1024x724.png\",\"https:\/\/instytutpolski.pl\/madrid\/wp-content\/uploads\/sites\/16\/2026\/04\/Exposicion-Polonia-en-EUmies-Awards.png\"],\"thumbnailUrl\":\"https:\/\/instytutpolski.pl\/madrid\/wp-content\/uploads\/sites\/16\/2026\/04\/Exposicion-Polonia-en-EUmies-Awards.png\",\"datePublished\":\"2026-04-30T09:06:28+02:00\",\"dateModified\":\"2026-04-30T09:06:29+02:00\",\"author\":{\"@id\":\"https:\/\/instytutpolski.pl\/madrid\/#\/schema\/person\/e0654e43985eb97fff1ee10123df9d6d\"},\"breadcrumb\":{\"@id\":\"https:\/\/instytutpolski.pl\/madrid\/2026\/04\/30\/chronicle-from-europe-polonia-en-el-premio-de-arquitectura-contemporanea-de-la-union-europea-premios-mies-van-der-rohe\/#breadcrumb\"},\"inLanguage\":\"pl-PL\",\"potentialAction\":[{\"@type\":\"ReadAction\",\"target\":[\"https:\/\/instytutpolski.pl\/madrid\/2026\/04\/30\/chronicle-from-europe-polonia-en-el-premio-de-arquitectura-contemporanea-de-la-union-europea-premios-mies-van-der-rohe\/\"]}],\"@context\":\"https:\/\/schema.org\",\"startDate\":\"2026-05-13\",\"endDate\":\"2026-06-07\",\"eventStatus\":\"EventScheduled\",\"eventAttendanceMode\":\"OfflineEventAttendanceMode\",\"location\":{\"@type\":\"place\",\"name\":\"\",\"address\":\"\",\"geo\":{\"@type\":\"GeoCoordinates\",\"latitude\":\"\",\"longitude\":\"\"}},\"description\":\"A trav\u00e9s de fotograf\u00edas, dibujos y v\u00eddeos, presenta la evoluci\u00f3n de una arquitectura marcada por profundas transformaciones pol\u00edticas, sociales y econ\u00f3micas que han redefinido las ciudades y el paisaje construido de Polonia en las \u00faltimas d\u00e9cadas.\\nDesde las primeras nominaciones hasta hitos como el premio a la filarm\u00f3nica de Szczecin en 2015, de Barozzi Veiga, o el museo Katyn, finalista en 2017, de BBGK Architects con Jerzy Kalina, la exposici\u00f3n ofrece una lectura continuada del papel de Polonia en el panorama arquitect\u00f3nico europeo.\\nUna arquitectura que refleja participaci\u00f3n, transformaci\u00f3n y una proyecci\u00f3n internacional creciente.\\nLa inauguraci\u00f3n tendr\u00e1 lugar en el marco de los EUmies Awards Days y cuenta con la colaboraci\u00f3n del Instituto Polaco de Cultura y el Consulado General de la Rep\u00fablica de Polonia en BarcelonaD\u00d3NDECasa de l'Arquitectura de Barcelona, c\/ Rossell\u00f3 87Barcelona\\nCU\u00c1NDO13.05.2026 - 07.06.2026 (Inauguraci\u00f3n 12 de mayo, 10:30 h)M\u00c1S INFORMACI\u00d3NChronicle from Europe: Poland in the European Union Prize for Contemporary Architecture \/ Mies van der Rohe Awards | EUmies Awards\"},{\"@type\":\"ImageObject\",\"inLanguage\":\"pl-PL\",\"@id\":\"https:\/\/instytutpolski.pl\/madrid\/2026\/04\/30\/chronicle-from-europe-polonia-en-el-premio-de-arquitectura-contemporanea-de-la-union-europea-premios-mies-van-der-rohe\/#primaryimage\",\"url\":\"https:\/\/instytutpolski.pl\/madrid\/wp-content\/uploads\/sites\/16\/2026\/04\/Exposicion-Polonia-en-EUmies-Awards.png\",\"contentUrl\":\"https:\/\/instytutpolski.pl\/madrid\/wp-content\/uploads\/sites\/16\/2026\/04\/Exposicion-Polonia-en-EUmies-Awards.png\",\"width\":1181,\"height\":835},{\"@type\":\"BreadcrumbList\",\"@id\":\"https:\/\/instytutpolski.pl\/madrid\/2026\/04\/30\/chronicle-from-europe-polonia-en-el-premio-de-arquitectura-contemporanea-de-la-union-europea-premios-mies-van-der-rohe\/#breadcrumb\",\"itemListElement\":[{\"@type\":\"ListItem\",\"position\":1,\"name\":\"Home\",\"item\":\"https:\/\/instytutpolski.pl\/madrid\/\"},{\"@type\":\"ListItem\",\"position\":2,\"name\":\"Chronicle from Europe: Polonia en el Premio de Arquitectura Contempor\u00e1nea de la Uni\u00f3n Europea \/ Premios Mies van der Rohe\"}]},{\"@type\":\"WebSite\",\"@id\":\"https:\/\/instytutpolski.pl\/madrid\/#website\",\"url\":\"https:\/\/instytutpolski.pl\/madrid\/\",\"name\":\"Instytut Polski w Madrycie\",\"description\":\"Instytuty Polskie\",\"potentialAction\":[{\"@type\":\"SearchAction\",\"target\":{\"@type\":\"EntryPoint\",\"urlTemplate\":\"https:\/\/instytutpolski.pl\/madrid\/?s={search_term_string}\"},\"query-input\":{\"@type\":\"PropertyValueSpecification\",\"valueRequired\":true,\"valueName\":\"search_term_string\"}}],\"inLanguage\":\"pl-PL\"},{\"@type\":\"Person\",\"@id\":\"https:\/\/instytutpolski.pl\/madrid\/#\/schema\/person\/e0654e43985eb97fff1ee10123df9d6d\",\"name\":\"flordiegoi\",\"image\":{\"@type\":\"ImageObject\",\"inLanguage\":\"pl-PL\",\"@id\":\"https:\/\/instytutpolski.pl\/madrid\/#\/schema\/person\/image\/\",\"url\":\"https:\/\/secure.gravatar.com\/avatar\/4eab36d24d5413194c55493f26080656?s=96&d=mm&r=g\",\"contentUrl\":\"https:\/\/secure.gravatar.com\/avatar\/4eab36d24d5413194c55493f26080656?s=96&d=mm&r=g\",\"caption\":\"flordiegoi\"},\"sameAs\":[\"http:\/\/lukasz.sienkiewicz@msz.gov.pl\"],\"url\":\"https:\/\/instytutpolski.pl\/madrid\/author\/flordiegoi\/\"}]}<\/script>\n<!-- \/ Yoast SEO plugin. -->","yoast_head_json":{"title":"Chronicle from Europe: Polonia en el Premio de Arquitectura Contempor\u00e1nea de la Uni\u00f3n Europea \/ Premios Mies van der Rohe - Instytut Polski w Madrycie","robots":{"index":"index","follow":"follow","max-snippet":"max-snippet:-1","max-image-preview":"max-image-preview:large","max-video-preview":"max-video-preview:-1"},"canonical":"https:\/\/instytutpolski.pl\/madrid\/2026\/04\/30\/chronicle-from-europe-polonia-en-el-premio-de-arquitectura-contemporanea-de-la-union-europea-premios-mies-van-der-rohe\/","og_locale":"pl_PL","og_type":"article","og_title":"Chronicle from Europe: Polonia en el Premio de Arquitectura Contempor\u00e1nea de la Uni\u00f3n Europea \/ Premios Mies van der Rohe - Instytut Polski w Madrycie","og_description":"A trav\u00e9s de fotograf\u00edas, dibujos y v\u00eddeos, presenta la evoluci\u00f3n de una arquitectura marcada por profundas transformaciones pol\u00edticas, sociales y econ\u00f3micas que han redefinido las ciudades y el paisaje construido de Polonia en las \u00faltimas d\u00e9cadas. Desde las primeras nominaciones hasta hitos como el premio a la filarm\u00f3nica de Szczecin&nbsp;en 2015, de Barozzi Veiga, o [&hellip;]","og_url":"https:\/\/instytutpolski.pl\/madrid\/2026\/04\/30\/chronicle-from-europe-polonia-en-el-premio-de-arquitectura-contemporanea-de-la-union-europea-premios-mies-van-der-rohe\/","og_site_name":"Instytut Polski w Madrycie","article_published_time":"2026-04-30T09:06:28+00:00","article_modified_time":"2026-04-30T09:06:29+00:00","og_image":[{"width":1181,"height":835,"url":"https:\/\/instytutpolski.pl\/madrid\/wp-content\/uploads\/sites\/16\/2026\/04\/Exposicion-Polonia-en-EUmies-Awards.png","type":"image\/png"}],"author":"flordiegoi","twitter_card":"summary_large_image","twitter_misc":{"Napisane przez":"flordiegoi","Szacowany czas czytania":"2 minuty"},"schema":{"@context":"https:\/\/schema.org","@graph":[{"@type":"event","@id":"https:\/\/instytutpolski.pl\/madrid\/2026\/04\/30\/chronicle-from-europe-polonia-en-el-premio-de-arquitectura-contemporanea-de-la-union-europea-premios-mies-van-der-rohe\/","url":"https:\/\/instytutpolski.pl\/madrid\/2026\/04\/30\/chronicle-from-europe-polonia-en-el-premio-de-arquitectura-contemporanea-de-la-union-europea-premios-mies-van-der-rohe\/","name":"Chronicle from Europe: Polonia en el Premio de Arquitectura Contempor\u00e1nea de la Uni\u00f3n Europea \/ Premios Mies van der Rohe","isPartOf":{"@id":"https:\/\/instytutpolski.pl\/madrid\/#website"},"primaryImageOfPage":{"@id":"https:\/\/instytutpolski.pl\/madrid\/2026\/04\/30\/chronicle-from-europe-polonia-en-el-premio-de-arquitectura-contemporanea-de-la-union-europea-premios-mies-van-der-rohe\/#primaryimage"},"image":["https:\/\/instytutpolski.pl\/madrid\/wp-content\/uploads\/sites\/16\/2026\/04\/Exposicion-Polonia-en-EUmies-Awards.png","https:\/\/instytutpolski.pl\/madrid\/wp-content\/uploads\/sites\/16\/2026\/04\/Exposicion-Polonia-en-EUmies-Awards-300x212.png","https:\/\/instytutpolski.pl\/madrid\/wp-content\/uploads\/sites\/16\/2026\/04\/Exposicion-Polonia-en-EUmies-Awards-1024x724.png","https:\/\/instytutpolski.pl\/madrid\/wp-content\/uploads\/sites\/16\/2026\/04\/Exposicion-Polonia-en-EUmies-Awards.png"],"thumbnailUrl":"https:\/\/instytutpolski.pl\/madrid\/wp-content\/uploads\/sites\/16\/2026\/04\/Exposicion-Polonia-en-EUmies-Awards.png","datePublished":"2026-04-30T09:06:28+02:00","dateModified":"2026-04-30T09:06:29+02:00","author":{"@id":"https:\/\/instytutpolski.pl\/madrid\/#\/schema\/person\/e0654e43985eb97fff1ee10123df9d6d"},"breadcrumb":{"@id":"https:\/\/instytutpolski.pl\/madrid\/2026\/04\/30\/chronicle-from-europe-polonia-en-el-premio-de-arquitectura-contemporanea-de-la-union-europea-premios-mies-van-der-rohe\/#breadcrumb"},"inLanguage":"pl-PL","potentialAction":[{"@type":"ReadAction","target":["https:\/\/instytutpolski.pl\/madrid\/2026\/04\/30\/chronicle-from-europe-polonia-en-el-premio-de-arquitectura-contemporanea-de-la-union-europea-premios-mies-van-der-rohe\/"]}],"@context":"https:\/\/schema.org","startDate":"2026-05-13","endDate":"2026-06-07","eventStatus":"EventScheduled","eventAttendanceMode":"OfflineEventAttendanceMode","location":{"@type":"place","name":"","address":"","geo":{"@type":"GeoCoordinates","latitude":"","longitude":""}},"description":"A trav\u00e9s de fotograf\u00edas, dibujos y v\u00eddeos, presenta la evoluci\u00f3n de una arquitectura marcada por profundas transformaciones pol\u00edticas, sociales y econ\u00f3micas que han redefinido las ciudades y el paisaje construido de Polonia en las \u00faltimas d\u00e9cadas.\nDesde las primeras nominaciones hasta hitos como el premio a la filarm\u00f3nica de Szczecin en 2015, de Barozzi Veiga, o el museo Katyn, finalista en 2017, de BBGK Architects con Jerzy Kalina, la exposici\u00f3n ofrece una lectura continuada del papel de Polonia en el panorama arquitect\u00f3nico europeo.\nUna arquitectura que refleja participaci\u00f3n, transformaci\u00f3n y una proyecci\u00f3n internacional creciente.\nLa inauguraci\u00f3n tendr\u00e1 lugar en el marco de los EUmies Awards Days y cuenta con la colaboraci\u00f3n del Instituto Polaco de Cultura y el Consulado General de la Rep\u00fablica de Polonia en BarcelonaD\u00d3NDECasa de l'Arquitectura de Barcelona, c\/ Rossell\u00f3 87Barcelona\nCU\u00c1NDO13.05.2026 - 07.06.2026 (Inauguraci\u00f3n 12 de mayo, 10:30 h)M\u00c1S INFORMACI\u00d3NChronicle from Europe: Poland in the European Union Prize for Contemporary Architecture \/ Mies van der Rohe Awards | EUmies Awards"},{"@type":"ImageObject","inLanguage":"pl-PL","@id":"https:\/\/instytutpolski.pl\/madrid\/2026\/04\/30\/chronicle-from-europe-polonia-en-el-premio-de-arquitectura-contemporanea-de-la-union-europea-premios-mies-van-der-rohe\/#primaryimage","url":"https:\/\/instytutpolski.pl\/madrid\/wp-content\/uploads\/sites\/16\/2026\/04\/Exposicion-Polonia-en-EUmies-Awards.png","contentUrl":"https:\/\/instytutpolski.pl\/madrid\/wp-content\/uploads\/sites\/16\/2026\/04\/Exposicion-Polonia-en-EUmies-Awards.png","width":1181,"height":835},{"@type":"BreadcrumbList","@id":"https:\/\/instytutpolski.pl\/madrid\/2026\/04\/30\/chronicle-from-europe-polonia-en-el-premio-de-arquitectura-contemporanea-de-la-union-europea-premios-mies-van-der-rohe\/#breadcrumb","itemListElement":[{"@type":"ListItem","position":1,"name":"Home","item":"https:\/\/instytutpolski.pl\/madrid\/"},{"@type":"ListItem","position":2,"name":"Chronicle from Europe: Polonia en el Premio de Arquitectura Contempor\u00e1nea de la Uni\u00f3n Europea \/ Premios Mies van der Rohe"}]},{"@type":"WebSite","@id":"https:\/\/instytutpolski.pl\/madrid\/#website","url":"https:\/\/instytutpolski.pl\/madrid\/","name":"Instytut Polski w Madrycie","description":"Instytuty Polskie","potentialAction":[{"@type":"SearchAction","target":{"@type":"EntryPoint","urlTemplate":"https:\/\/instytutpolski.pl\/madrid\/?s={search_term_string}"},"query-input":{"@type":"PropertyValueSpecification","valueRequired":true,"valueName":"search_term_string"}}],"inLanguage":"pl-PL"},{"@type":"Person","@id":"https:\/\/instytutpolski.pl\/madrid\/#\/schema\/person\/e0654e43985eb97fff1ee10123df9d6d","name":"flordiegoi","image":{"@type":"ImageObject","inLanguage":"pl-PL","@id":"https:\/\/instytutpolski.pl\/madrid\/#\/schema\/person\/image\/","url":"https:\/\/secure.gravatar.com\/avatar\/4eab36d24d5413194c55493f26080656?s=96&d=mm&r=g","contentUrl":"https:\/\/secure.gravatar.com\/avatar\/4eab36d24d5413194c55493f26080656?s=96&d=mm&r=g","caption":"flordiegoi"},"sameAs":["http:\/\/lukasz.sienkiewicz@msz.gov.pl"],"url":"https:\/\/instytutpolski.pl\/madrid\/author\/flordiegoi\/"}]}},"_links":{"self":[{"href":"https:\/\/instytutpolski.pl\/madrid\/wp-json\/wp\/v2\/posts\/10156","targetHints":{"allow":["GET"]}}],"collection":[{"href":"https:\/\/instytutpolski.pl\/madrid\/wp-json\/wp\/v2\/posts"}],"about":[{"href":"https:\/\/instytutpolski.pl\/madrid\/wp-json\/wp\/v2\/types\/post"}],"author":[{"embeddable":true,"href":"https:\/\/instytutpolski.pl\/madrid\/wp-json\/wp\/v2\/users\/53"}],"replies":[{"embeddable":true,"href":"https:\/\/instytutpolski.pl\/madrid\/wp-json\/wp\/v2\/comments?post=10156"}],"version-history":[{"count":2,"href":"https:\/\/instytutpolski.pl\/madrid\/wp-json\/wp\/v2\/posts\/10156\/revisions"}],"predecessor-version":[{"id":10159,"href":"https:\/\/instytutpolski.pl\/madrid\/wp-json\/wp\/v2\/posts\/10156\/revisions\/10159"}],"wp:featuredmedia":[{"embeddable":true,"href":"https:\/\/instytutpolski.pl\/madrid\/wp-json\/wp\/v2\/media\/10157"}],"wp:attachment":[{"href":"https:\/\/instytutpolski.pl\/madrid\/wp-json\/wp\/v2\/media?parent=10156"}],"wp:term":[{"taxonomy":"category","embeddable":true,"href":"https:\/\/instytutpolski.pl\/madrid\/wp-json\/wp\/v2\/categories?post=10156"},{"taxonomy":"post_tag","embeddable":true,"href":"https:\/\/instytutpolski.pl\/madrid\/wp-json\/wp\/v2\/tags?post=10156"}],"curies":[{"name":"wp","href":"https:\/\/api.w.org\/{rel}","templated":true}]}}