{"id":10615,"date":"2026-07-21T15:33:22","date_gmt":"2026-07-21T13:33:22","guid":{"rendered":"https:\/\/instytutpolski.pl\/madrid\/?p=10615"},"modified":"2026-08-31T14:59:45","modified_gmt":"2026-08-31T12:59:45","slug":"23-lipca-wyklad-i-koncert-poswiecone-wandzie-landowskiej","status":"publish","type":"post","link":"https:\/\/instytutpolski.pl\/madrid\/pl\/2026\/07\/21\/23-lipca-wyklad-i-koncert-poswiecone-wandzie-landowskiej\/","title":{"rendered":"23 lipca: wyk\u0142ad i koncert po\u015bwi\u0119cone Wandzie Landowskiej"},"content":{"rendered":"\n<p>Koncert<\/p>\n\n\n\n<p>La Tempestad, jeden z czo\u0142owych zespo\u0142\u00f3w w Hiszpanii zajmuj\u0105cych si\u0119 interpretacj\u0105 historyczn\u0105, pod dyrekcj\u0105 klawesynistki Silvii M\u00e1rquez Chulilla zaprezentuje program \u201eWanda Landowska, spojrzenia. W setn\u0105 rocznic\u0119 powstania \u00bbconcerto\u00ab Manuela de Falli\u201d. <\/p>\n\n\n\n<p><\/p>\n\n\n\n<p><\/p>\n\n\n\n<p>Program:<\/p>\n\n\n\n<p>Antonio de Cabez\u00f3n (1510\u20131566) \u2014 Diferencias sobre el Canto del Cavallero<\/p>\n\n\n\n<p>Domenico Scarlatti (1685\u20131757) \u2014 Sonata G-dur K. 91<\/p>\n\n\n\n<p>Fran\u00e7ois Couperin (1668\u20131733) \u2014 Concert Royal nr 7<\/p>\n\n\n\n<p>Johann Sebastian Bach (1685\u20131750) \u2014 Concerto nach Itali\u00e6nischen Gusto, BWV 971<\/p>\n\n\n\n<p>Joseph Haydn (1732\u20131809) \u2014 Koncert D-dur Hob. XVIII\/11<\/p>\n\n\n\n<p>Manuel de Falla (1876\u20131946) \u2014 Koncert na klawesyn i pi\u0119\u0107 instrument\u00f3w<\/p>\n\n\n\n<p>Wykonawcy: Jacek Kurzyd\u0142o (skrzypce barokowe), Juan Luis Gallego<\/p>\n\n\n\n<p>Konferencja odb\u0119dzie si\u0119 w czwartek 23 lipca 2026 r. o godz. 18:30 w Teatrze w V\u00e9lez Blanco.<\/p>\n\n\n\n<p>Koncert odb\u0119dzie si\u0119 tego samego dnia o godz. 21:00 w ko\u015bciele klasztoru San Luis.<\/p>\n\n\n\n<p>Bilety mo\u017cna naby\u0107 na stronie: https:\/\/www.eventim-light.com\/es\/a\/6426bd28690b287be8786e78\/e\/69c2d5e6a8a8ef795abb5dd6<\/p>\n","protected":false},"excerpt":{"rendered":"<p>Koncert La Tempestad, jeden z czo\u0142owych zespo\u0142\u00f3w w Hiszpanii zajmuj\u0105cych si\u0119 interpretacj\u0105 historyczn\u0105, pod dyrekcj\u0105 klawesynistki Silvii M\u00e1rquez Chulilla zaprezentuje program \u201eWanda Landowska, spojrzenia. W setn\u0105 rocznic\u0119 powstania \u00bbconcerto\u00ab Manuela de Falli\u201d. Program: Antonio de Cabez\u00f3n (1510\u20131566) \u2014 Diferencias sobre el Canto del Cavallero Domenico Scarlatti (1685\u20131757) \u2014 Sonata G-dur K. 91 Fran\u00e7ois Couperin (1668\u20131733) [&hellip;]<\/p>\n","protected":false},"author":51,"featured_media":10546,"comment_status":"open","ping_status":"open","sticky":false,"template":"","format":"standard","meta":{"inline_featured_image":false,"_monsterinsights_skip_tracking":false,"_monsterinsights_sitenote_active":false,"_monsterinsights_sitenote_note":"","_monsterinsights_sitenote_category":0,"footnotes":""},"categories":[101,32],"tags":[],"class_list":["post-10615","post","type-post","status-publish","format-standard","has-post-thumbnail","hentry","category-muzyka","category-wydarzenia"],"yoast_head":"<!-- This site is optimized with the Yoast SEO plugin v24.6 - https:\/\/yoast.com\/wordpress\/plugins\/seo\/ -->\n<title>23 lipca: wyk\u0142ad i koncert po\u015bwi\u0119cone Wandzie Landowskiej - Instytut Polski w Madrycie<\/title>\n<meta name=\"robots\" content=\"index, follow, max-snippet:-1, max-image-preview:large, max-video-preview:-1\" \/>\n<link rel=\"canonical\" href=\"https:\/\/instytutpolski.pl\/madrid\/pl\/2026\/07\/21\/23-lipca-wyklad-i-koncert-poswiecone-wandzie-landowskiej\/\" \/>\n<meta property=\"og:locale\" content=\"pl_PL\" \/>\n<meta property=\"og:type\" content=\"article\" \/>\n<meta property=\"og:title\" content=\"23 lipca: wyk\u0142ad i koncert po\u015bwi\u0119cone Wandzie Landowskiej - Instytut Polski w Madrycie\" \/>\n<meta property=\"og:description\" content=\"Koncert La Tempestad, jeden z czo\u0142owych zespo\u0142\u00f3w w Hiszpanii zajmuj\u0105cych si\u0119 interpretacj\u0105 historyczn\u0105, pod dyrekcj\u0105 klawesynistki Silvii M\u00e1rquez Chulilla zaprezentuje program \u201eWanda Landowska, spojrzenia. W setn\u0105 rocznic\u0119 powstania \u00bbconcerto\u00ab Manuela de Falli\u201d. Program: Antonio de Cabez\u00f3n (1510\u20131566) \u2014 Diferencias sobre el Canto del Cavallero Domenico Scarlatti (1685\u20131757) \u2014 Sonata G-dur K. 91 Fran\u00e7ois Couperin (1668\u20131733) [&hellip;]\" \/>\n<meta property=\"og:url\" content=\"https:\/\/instytutpolski.pl\/madrid\/pl\/2026\/07\/21\/23-lipca-wyklad-i-koncert-poswiecone-wandzie-landowskiej\/\" \/>\n<meta property=\"og:site_name\" content=\"Instytut Polski w Madrycie\" \/>\n<meta property=\"article:published_time\" content=\"2026-07-21T13:33:22+00:00\" \/>\n<meta property=\"article:modified_time\" content=\"2026-08-31T12:59:45+00:00\" \/>\n<meta property=\"og:image\" content=\"https:\/\/instytutpolski.pl\/madrid\/wp-content\/uploads\/sites\/16\/2026\/07\/cartel_2026final-scaled.jpg\" \/>\n\t<meta property=\"og:image:width\" content=\"1781\" \/>\n\t<meta property=\"og:image:height\" content=\"2560\" \/>\n\t<meta property=\"og:image:type\" content=\"image\/jpeg\" \/>\n<meta name=\"author\" content=\"kowalczyke\" \/>\n<meta name=\"twitter:card\" content=\"summary_large_image\" \/>\n<meta name=\"twitter:label1\" content=\"Napisane przez\" \/>\n\t<meta name=\"twitter:data1\" content=\"kowalczyke\" \/>\n\t<meta name=\"twitter:label2\" content=\"Szacowany czas czytania\" \/>\n\t<meta name=\"twitter:data2\" content=\"1 minuta\" \/>\n<script type=\"application\/ld+json\" class=\"yoast-schema-graph\">{\"@context\":\"https:\/\/schema.org\",\"@graph\":[{\"@type\":\"event\",\"@id\":\"https:\/\/instytutpolski.pl\/madrid\/pl\/2026\/07\/21\/23-lipca-wyklad-i-koncert-poswiecone-wandzie-landowskiej\/\",\"url\":\"https:\/\/instytutpolski.pl\/madrid\/pl\/2026\/07\/21\/23-lipca-wyklad-i-koncert-poswiecone-wandzie-landowskiej\/\",\"name\":\"23 lipca: wyk\u0142ad i koncert po\u015bwi\u0119cone Wandzie Landowskiej\",\"isPartOf\":{\"@id\":\"https:\/\/instytutpolski.pl\/madrid\/#website\"},\"primaryImageOfPage\":{\"@id\":\"https:\/\/instytutpolski.pl\/madrid\/pl\/2026\/07\/21\/23-lipca-wyklad-i-koncert-poswiecone-wandzie-landowskiej\/#primaryimage\"},\"image\":[\"https:\/\/instytutpolski.pl\/madrid\/wp-content\/uploads\/sites\/16\/2026\/07\/cartel_2026final-scaled.jpg\",\"https:\/\/instytutpolski.pl\/madrid\/wp-content\/uploads\/sites\/16\/2026\/07\/cartel_2026final-209x300.jpg\",\"https:\/\/instytutpolski.pl\/madrid\/wp-content\/uploads\/sites\/16\/2026\/07\/cartel_2026final-712x1024.jpg\",\"https:\/\/instytutpolski.pl\/madrid\/wp-content\/uploads\/sites\/16\/2026\/07\/cartel_2026final-scaled.jpg\"],\"thumbnailUrl\":\"https:\/\/instytutpolski.pl\/madrid\/wp-content\/uploads\/sites\/16\/2026\/07\/cartel_2026final-scaled.jpg\",\"datePublished\":\"2026-07-21T13:33:22+02:00\",\"dateModified\":\"2026-08-31T12:59:45+02:00\",\"author\":{\"@id\":\"https:\/\/instytutpolski.pl\/madrid\/#\/schema\/person\/2ef2ed85f88ad5d4e4f921140b5edc8d\"},\"breadcrumb\":{\"@id\":\"https:\/\/instytutpolski.pl\/madrid\/pl\/2026\/07\/21\/23-lipca-wyklad-i-koncert-poswiecone-wandzie-landowskiej\/#breadcrumb\"},\"inLanguage\":\"pl-PL\",\"potentialAction\":[{\"@type\":\"ReadAction\",\"target\":[\"https:\/\/instytutpolski.pl\/madrid\/pl\/2026\/07\/21\/23-lipca-wyklad-i-koncert-poswiecone-wandzie-landowskiej\/\"]}],\"@context\":\"https:\/\/schema.org\",\"startDate\":\"2026-07-23\",\"endDate\":\"2026-07-23\",\"eventStatus\":\"EventScheduled\",\"eventAttendanceMode\":\"OfflineEventAttendanceMode\",\"location\":{\"@type\":\"place\",\"name\":\"\",\"address\":\"\",\"geo\":{\"@type\":\"GeoCoordinates\",\"latitude\":\"\",\"longitude\":\"\"}},\"description\":\"Koncert\\nLa Tempestad, jeden z czo\u0142owych zespo\u0142\u00f3w w Hiszpanii zajmuj\u0105cych si\u0119 interpretacj\u0105 historyczn\u0105, pod dyrekcj\u0105 klawesynistki Silvii M\u00e1rquez Chulilla zaprezentuje program \u201eWanda Landowska, spojrzenia. W setn\u0105 rocznic\u0119 powstania \u00bbconcerto\u00ab Manuela de Falli\u201d. \\nProgram:\\nAntonio de Cabez\u00f3n (1510\u20131566) \u2014 Diferencias sobre el Canto del Cavallero\\nDomenico Scarlatti (1685\u20131757) \u2014 Sonata G-dur K. 91\\nFran\u00e7ois Couperin (1668\u20131733) \u2014 Concert Royal nr 7\\nJohann Sebastian Bach (1685\u20131750) \u2014 Concerto nach Itali\u00e6nischen Gusto, BWV 971\\nJoseph Haydn (1732\u20131809) \u2014 Koncert D-dur Hob. XVIII\/11\\nManuel de Falla (1876\u20131946) \u2014 Koncert na klawesyn i pi\u0119\u0107 instrument\u00f3w\\nWykonawcy: Jacek Kurzyd\u0142o (skrzypce barokowe), Juan Luis Gallego\\nKonferencja odb\u0119dzie si\u0119 w czwartek 23 lipca 2026 r. o godz. 18:30 w Teatrze w V\u00e9lez Blanco.\\nKoncert odb\u0119dzie si\u0119 tego samego dnia o godz. 21:00 w ko\u015bciele klasztoru San Luis.\\nBilety mo\u017cna naby\u0107 na stronie: https:\/\/www.eventim-light.com\/es\/a\/6426bd28690b287be8786e78\/e\/69c2d5e6a8a8ef795abb5dd6\"},{\"@type\":\"ImageObject\",\"inLanguage\":\"pl-PL\",\"@id\":\"https:\/\/instytutpolski.pl\/madrid\/pl\/2026\/07\/21\/23-lipca-wyklad-i-koncert-poswiecone-wandzie-landowskiej\/#primaryimage\",\"url\":\"https:\/\/instytutpolski.pl\/madrid\/wp-content\/uploads\/sites\/16\/2026\/07\/cartel_2026final-scaled.jpg\",\"contentUrl\":\"https:\/\/instytutpolski.pl\/madrid\/wp-content\/uploads\/sites\/16\/2026\/07\/cartel_2026final-scaled.jpg\",\"width\":1781,\"height\":2560},{\"@type\":\"BreadcrumbList\",\"@id\":\"https:\/\/instytutpolski.pl\/madrid\/pl\/2026\/07\/21\/23-lipca-wyklad-i-koncert-poswiecone-wandzie-landowskiej\/#breadcrumb\",\"itemListElement\":[{\"@type\":\"ListItem\",\"position\":1,\"name\":\"Home\",\"item\":\"https:\/\/instytutpolski.pl\/madrid\/\"},{\"@type\":\"ListItem\",\"position\":2,\"name\":\"23 lipca: wyk\u0142ad i koncert po\u015bwi\u0119cone Wandzie Landowskiej\"}]},{\"@type\":\"WebSite\",\"@id\":\"https:\/\/instytutpolski.pl\/madrid\/#website\",\"url\":\"https:\/\/instytutpolski.pl\/madrid\/\",\"name\":\"Instytut Polski w Madrycie\",\"description\":\"Instytuty Polskie\",\"potentialAction\":[{\"@type\":\"SearchAction\",\"target\":{\"@type\":\"EntryPoint\",\"urlTemplate\":\"https:\/\/instytutpolski.pl\/madrid\/?s={search_term_string}\"},\"query-input\":{\"@type\":\"PropertyValueSpecification\",\"valueRequired\":true,\"valueName\":\"search_term_string\"}}],\"inLanguage\":\"pl-PL\"},{\"@type\":\"Person\",\"@id\":\"https:\/\/instytutpolski.pl\/madrid\/#\/schema\/person\/2ef2ed85f88ad5d4e4f921140b5edc8d\",\"name\":\"kowalczyke\",\"image\":{\"@type\":\"ImageObject\",\"inLanguage\":\"pl-PL\",\"@id\":\"https:\/\/instytutpolski.pl\/madrid\/#\/schema\/person\/image\/\",\"url\":\"https:\/\/secure.gravatar.com\/avatar\/2b384c7336ca78295f66224d3a33e434?s=96&d=mm&r=g\",\"contentUrl\":\"https:\/\/secure.gravatar.com\/avatar\/2b384c7336ca78295f66224d3a33e434?s=96&d=mm&r=g\",\"caption\":\"kowalczyke\"},\"sameAs\":[\"http:\/\/lukasz.sienkiewicz@msz.gov.pl\"],\"url\":\"https:\/\/instytutpolski.pl\/madrid\/author\/kowalczyke\/\"}]}<\/script>\n<!-- \/ Yoast SEO plugin. -->","yoast_head_json":{"title":"23 lipca: wyk\u0142ad i koncert po\u015bwi\u0119cone Wandzie Landowskiej - Instytut Polski w Madrycie","robots":{"index":"index","follow":"follow","max-snippet":"max-snippet:-1","max-image-preview":"max-image-preview:large","max-video-preview":"max-video-preview:-1"},"canonical":"https:\/\/instytutpolski.pl\/madrid\/pl\/2026\/07\/21\/23-lipca-wyklad-i-koncert-poswiecone-wandzie-landowskiej\/","og_locale":"pl_PL","og_type":"article","og_title":"23 lipca: wyk\u0142ad i koncert po\u015bwi\u0119cone Wandzie Landowskiej - Instytut Polski w Madrycie","og_description":"Koncert La Tempestad, jeden z czo\u0142owych zespo\u0142\u00f3w w Hiszpanii zajmuj\u0105cych si\u0119 interpretacj\u0105 historyczn\u0105, pod dyrekcj\u0105 klawesynistki Silvii M\u00e1rquez Chulilla zaprezentuje program \u201eWanda Landowska, spojrzenia. W setn\u0105 rocznic\u0119 powstania \u00bbconcerto\u00ab Manuela de Falli\u201d. Program: Antonio de Cabez\u00f3n (1510\u20131566) \u2014 Diferencias sobre el Canto del Cavallero Domenico Scarlatti (1685\u20131757) \u2014 Sonata G-dur K. 91 Fran\u00e7ois Couperin (1668\u20131733) [&hellip;]","og_url":"https:\/\/instytutpolski.pl\/madrid\/pl\/2026\/07\/21\/23-lipca-wyklad-i-koncert-poswiecone-wandzie-landowskiej\/","og_site_name":"Instytut Polski w Madrycie","article_published_time":"2026-07-21T13:33:22+00:00","article_modified_time":"2026-08-31T12:59:45+00:00","og_image":[{"width":1781,"height":2560,"url":"https:\/\/instytutpolski.pl\/madrid\/wp-content\/uploads\/sites\/16\/2026\/07\/cartel_2026final-scaled.jpg","type":"image\/jpeg"}],"author":"kowalczyke","twitter_card":"summary_large_image","twitter_misc":{"Napisane przez":"kowalczyke","Szacowany czas czytania":"1 minuta"},"schema":{"@context":"https:\/\/schema.org","@graph":[{"@type":"event","@id":"https:\/\/instytutpolski.pl\/madrid\/pl\/2026\/07\/21\/23-lipca-wyklad-i-koncert-poswiecone-wandzie-landowskiej\/","url":"https:\/\/instytutpolski.pl\/madrid\/pl\/2026\/07\/21\/23-lipca-wyklad-i-koncert-poswiecone-wandzie-landowskiej\/","name":"23 lipca: wyk\u0142ad i koncert po\u015bwi\u0119cone Wandzie Landowskiej","isPartOf":{"@id":"https:\/\/instytutpolski.pl\/madrid\/#website"},"primaryImageOfPage":{"@id":"https:\/\/instytutpolski.pl\/madrid\/pl\/2026\/07\/21\/23-lipca-wyklad-i-koncert-poswiecone-wandzie-landowskiej\/#primaryimage"},"image":["https:\/\/instytutpolski.pl\/madrid\/wp-content\/uploads\/sites\/16\/2026\/07\/cartel_2026final-scaled.jpg","https:\/\/instytutpolski.pl\/madrid\/wp-content\/uploads\/sites\/16\/2026\/07\/cartel_2026final-209x300.jpg","https:\/\/instytutpolski.pl\/madrid\/wp-content\/uploads\/sites\/16\/2026\/07\/cartel_2026final-712x1024.jpg","https:\/\/instytutpolski.pl\/madrid\/wp-content\/uploads\/sites\/16\/2026\/07\/cartel_2026final-scaled.jpg"],"thumbnailUrl":"https:\/\/instytutpolski.pl\/madrid\/wp-content\/uploads\/sites\/16\/2026\/07\/cartel_2026final-scaled.jpg","datePublished":"2026-07-21T13:33:22+02:00","dateModified":"2026-08-31T12:59:45+02:00","author":{"@id":"https:\/\/instytutpolski.pl\/madrid\/#\/schema\/person\/2ef2ed85f88ad5d4e4f921140b5edc8d"},"breadcrumb":{"@id":"https:\/\/instytutpolski.pl\/madrid\/pl\/2026\/07\/21\/23-lipca-wyklad-i-koncert-poswiecone-wandzie-landowskiej\/#breadcrumb"},"inLanguage":"pl-PL","potentialAction":[{"@type":"ReadAction","target":["https:\/\/instytutpolski.pl\/madrid\/pl\/2026\/07\/21\/23-lipca-wyklad-i-koncert-poswiecone-wandzie-landowskiej\/"]}],"@context":"https:\/\/schema.org","startDate":"2026-07-23","endDate":"2026-07-23","eventStatus":"EventScheduled","eventAttendanceMode":"OfflineEventAttendanceMode","location":{"@type":"place","name":"","address":"","geo":{"@type":"GeoCoordinates","latitude":"","longitude":""}},"description":"Koncert\nLa Tempestad, jeden z czo\u0142owych zespo\u0142\u00f3w w Hiszpanii zajmuj\u0105cych si\u0119 interpretacj\u0105 historyczn\u0105, pod dyrekcj\u0105 klawesynistki Silvii M\u00e1rquez Chulilla zaprezentuje program \u201eWanda Landowska, spojrzenia. W setn\u0105 rocznic\u0119 powstania \u00bbconcerto\u00ab Manuela de Falli\u201d. \nProgram:\nAntonio de Cabez\u00f3n (1510\u20131566) \u2014 Diferencias sobre el Canto del Cavallero\nDomenico Scarlatti (1685\u20131757) \u2014 Sonata G-dur K. 91\nFran\u00e7ois Couperin (1668\u20131733) \u2014 Concert Royal nr 7\nJohann Sebastian Bach (1685\u20131750) \u2014 Concerto nach Itali\u00e6nischen Gusto, BWV 971\nJoseph Haydn (1732\u20131809) \u2014 Koncert D-dur Hob. XVIII\/11\nManuel de Falla (1876\u20131946) \u2014 Koncert na klawesyn i pi\u0119\u0107 instrument\u00f3w\nWykonawcy: Jacek Kurzyd\u0142o (skrzypce barokowe), Juan Luis Gallego\nKonferencja odb\u0119dzie si\u0119 w czwartek 23 lipca 2026 r. o godz. 18:30 w Teatrze w V\u00e9lez Blanco.\nKoncert odb\u0119dzie si\u0119 tego samego dnia o godz. 21:00 w ko\u015bciele klasztoru San Luis.\nBilety mo\u017cna naby\u0107 na stronie: https:\/\/www.eventim-light.com\/es\/a\/6426bd28690b287be8786e78\/e\/69c2d5e6a8a8ef795abb5dd6"},{"@type":"ImageObject","inLanguage":"pl-PL","@id":"https:\/\/instytutpolski.pl\/madrid\/pl\/2026\/07\/21\/23-lipca-wyklad-i-koncert-poswiecone-wandzie-landowskiej\/#primaryimage","url":"https:\/\/instytutpolski.pl\/madrid\/wp-content\/uploads\/sites\/16\/2026\/07\/cartel_2026final-scaled.jpg","contentUrl":"https:\/\/instytutpolski.pl\/madrid\/wp-content\/uploads\/sites\/16\/2026\/07\/cartel_2026final-scaled.jpg","width":1781,"height":2560},{"@type":"BreadcrumbList","@id":"https:\/\/instytutpolski.pl\/madrid\/pl\/2026\/07\/21\/23-lipca-wyklad-i-koncert-poswiecone-wandzie-landowskiej\/#breadcrumb","itemListElement":[{"@type":"ListItem","position":1,"name":"Home","item":"https:\/\/instytutpolski.pl\/madrid\/"},{"@type":"ListItem","position":2,"name":"23 lipca: wyk\u0142ad i koncert po\u015bwi\u0119cone Wandzie Landowskiej"}]},{"@type":"WebSite","@id":"https:\/\/instytutpolski.pl\/madrid\/#website","url":"https:\/\/instytutpolski.pl\/madrid\/","name":"Instytut Polski w Madrycie","description":"Instytuty Polskie","potentialAction":[{"@type":"SearchAction","target":{"@type":"EntryPoint","urlTemplate":"https:\/\/instytutpolski.pl\/madrid\/?s={search_term_string}"},"query-input":{"@type":"PropertyValueSpecification","valueRequired":true,"valueName":"search_term_string"}}],"inLanguage":"pl-PL"},{"@type":"Person","@id":"https:\/\/instytutpolski.pl\/madrid\/#\/schema\/person\/2ef2ed85f88ad5d4e4f921140b5edc8d","name":"kowalczyke","image":{"@type":"ImageObject","inLanguage":"pl-PL","@id":"https:\/\/instytutpolski.pl\/madrid\/#\/schema\/person\/image\/","url":"https:\/\/secure.gravatar.com\/avatar\/2b384c7336ca78295f66224d3a33e434?s=96&d=mm&r=g","contentUrl":"https:\/\/secure.gravatar.com\/avatar\/2b384c7336ca78295f66224d3a33e434?s=96&d=mm&r=g","caption":"kowalczyke"},"sameAs":["http:\/\/lukasz.sienkiewicz@msz.gov.pl"],"url":"https:\/\/instytutpolski.pl\/madrid\/author\/kowalczyke\/"}]}},"_links":{"self":[{"href":"https:\/\/instytutpolski.pl\/madrid\/wp-json\/wp\/v2\/posts\/10615","targetHints":{"allow":["GET"]}}],"collection":[{"href":"https:\/\/instytutpolski.pl\/madrid\/wp-json\/wp\/v2\/posts"}],"about":[{"href":"https:\/\/instytutpolski.pl\/madrid\/wp-json\/wp\/v2\/types\/post"}],"author":[{"embeddable":true,"href":"https:\/\/instytutpolski.pl\/madrid\/wp-json\/wp\/v2\/users\/51"}],"replies":[{"embeddable":true,"href":"https:\/\/instytutpolski.pl\/madrid\/wp-json\/wp\/v2\/comments?post=10615"}],"version-history":[{"count":2,"href":"https:\/\/instytutpolski.pl\/madrid\/wp-json\/wp\/v2\/posts\/10615\/revisions"}],"predecessor-version":[{"id":10617,"href":"https:\/\/instytutpolski.pl\/madrid\/wp-json\/wp\/v2\/posts\/10615\/revisions\/10617"}],"wp:featuredmedia":[{"embeddable":true,"href":"https:\/\/instytutpolski.pl\/madrid\/wp-json\/wp\/v2\/media\/10546"}],"wp:attachment":[{"href":"https:\/\/instytutpolski.pl\/madrid\/wp-json\/wp\/v2\/media?parent=10615"}],"wp:term":[{"taxonomy":"category","embeddable":true,"href":"https:\/\/instytutpolski.pl\/madrid\/wp-json\/wp\/v2\/categories?post=10615"},{"taxonomy":"post_tag","embeddable":true,"href":"https:\/\/instytutpolski.pl\/madrid\/wp-json\/wp\/v2\/tags?post=10615"}],"curies":[{"name":"wp","href":"https:\/\/api.w.org\/{rel}","templated":true}]}}