{"id":126,"date":"2019-06-06T23:53:37","date_gmt":"2019-06-06T21:53:37","guid":{"rendered":"https:\/\/instytutpolski.pl\/madryt\/?p=126"},"modified":"2019-06-06T23:53:38","modified_gmt":"2019-06-06T21:53:38","slug":"41-sesion-del-comite-del-patrimonio-mundial-de-la-unesco-en-cracovia","status":"publish","type":"post","link":"https:\/\/instytutpolski.pl\/madrid\/2019\/06\/06\/41-sesion-del-comite-del-patrimonio-mundial-de-la-unesco-en-cracovia\/","title":{"rendered":"41 Sesi\u00f3n del Comit\u00e9 del Patrimonio Mundial de la UNESCO en Cracovia"},"content":{"rendered":"\nEntre el 2 y el 12 de julio de 2017, la ciudad de Cracovia acoge a unos 3000 representantes de 140 pa\u00edses que debatir\u00e1n sobre la conservaci\u00f3n del patrimonio mundial.<br>\nEntre otros asuntos, se decidir\u00e1 la suerte de 33 candidaturas de todo el mundo para ser incluidas en la lista del&nbsp;<a href=\"http:\/\/www.ciudadespatrimonio.org\/presentaciondelgrupo\/index.php\">Patrimonio de la Humanidad<\/a>. Las antiguas minas de plomo, plata y zinc en&nbsp;<a href=\"http:\/\/www.kopalniasrebra.pl\/EN\/\">Tarnowskie G\u00f3ry<\/a>&nbsp;(Polonia) es uno de los candidatos.<br>\nEs la primera vez que Polonia hospeda un congreso de la UNESCO. La&nbsp;<a href=\"http:\/\/es.unesco.org\/news\/comite-del-patrimonio-mundial-se-reune-cracovia-polonia-del-2-al-12-julio?language=es\">41 Sesi\u00f3n del Comit\u00e9 del Patrimonio Mundial de la UNESCO<\/a>&nbsp;fue inaugurada en el castillo de Wawel por el Presidente de la Rep\u00fablica de Polonia, Andrzej Duda, acompa\u00f1ado por el Ministro de Cultura y de Patrimonio Nacional, Piotr Gli\u0144ski y la Directora General de la UNESCO, Irina Bokova.&nbsp;Este castillo, junto con el casco hist\u00f3rico de Cracovia, forma parte de la lista del Patrimonio de la Humanidad de la UNESCO desde 1978.\nLa UNESCO, Organizaci\u00f3n de las Naciones Unidas para la Educaci\u00f3n, la Ciencia y la Cultura, fue creada en 1945 como una agencia especializada de la ONU dedicada a la salvaguardia del patrimonio cultural y natural de nuestro planeta.\n<br>Foto: M. Cieszewski\/MSZ\n","protected":false},"excerpt":{"rendered":"<p>Entre el 2 y el 12 de julio de 2017, la ciudad de Cracovia acoge a unos 3000 representantes de 140 pa\u00edses que debatir\u00e1n sobre la conservaci\u00f3n del patrimonio mundial. Entre otros asuntos, se decidir\u00e1 la suerte de 33 candidaturas de todo el mundo para ser incluidas en la lista del&nbsp;Patrimonio de la Humanidad. Las [&hellip;]<\/p>\n","protected":false},"author":1,"featured_media":127,"comment_status":"open","ping_status":"open","sticky":false,"template":"","format":"standard","meta":{"inline_featured_image":false,"_monsterinsights_skip_tracking":false,"_monsterinsights_sitenote_active":false,"_monsterinsights_sitenote_note":"","_monsterinsights_sitenote_category":0,"footnotes":""},"categories":[17],"tags":[],"class_list":["post-126","post","type-post","status-publish","format-standard","has-post-thumbnail","hentry","category-en-polonia"],"yoast_head":"<!-- This site is optimized with the Yoast SEO plugin v24.6 - https:\/\/yoast.com\/wordpress\/plugins\/seo\/ -->\n<title>41 Sesi\u00f3n del Comit\u00e9 del Patrimonio Mundial de la UNESCO en Cracovia - Instytut Polski w Madrycie<\/title>\n<meta name=\"robots\" content=\"index, follow, max-snippet:-1, max-image-preview:large, max-video-preview:-1\" \/>\n<link rel=\"canonical\" href=\"https:\/\/instytutpolski.pl\/madrid\/2019\/06\/06\/41-sesion-del-comite-del-patrimonio-mundial-de-la-unesco-en-cracovia\/\" \/>\n<meta property=\"og:locale\" content=\"pl_PL\" \/>\n<meta property=\"og:type\" content=\"article\" \/>\n<meta property=\"og:title\" content=\"41 Sesi\u00f3n del Comit\u00e9 del Patrimonio Mundial de la UNESCO en Cracovia - Instytut Polski w Madrycie\" \/>\n<meta property=\"og:description\" content=\"Entre el 2 y el 12 de julio de 2017, la ciudad de Cracovia acoge a unos 3000 representantes de 140 pa\u00edses que debatir\u00e1n sobre la conservaci\u00f3n del patrimonio mundial. Entre otros asuntos, se decidir\u00e1 la suerte de 33 candidaturas de todo el mundo para ser incluidas en la lista del&nbsp;Patrimonio de la Humanidad. Las [&hellip;]\" \/>\n<meta property=\"og:url\" content=\"https:\/\/instytutpolski.pl\/madrid\/2019\/06\/06\/41-sesion-del-comite-del-patrimonio-mundial-de-la-unesco-en-cracovia\/\" \/>\n<meta property=\"og:site_name\" content=\"Instytut Polski w Madrycie\" \/>\n<meta property=\"article:published_time\" content=\"2019-06-06T21:53:37+00:00\" \/>\n<meta property=\"article:modified_time\" content=\"2019-06-06T21:53:38+00:00\" \/>\n<meta property=\"og:image\" content=\"https:\/\/instytutpolski.pl\/madrid\/wp-content\/uploads\/sites\/16\/2019\/06\/201_Burnat_Szewcy_mps-dm23__PAW7443-18.jpg\" \/>\n\t<meta property=\"og:image:width\" content=\"361\" \/>\n\t<meta property=\"og:image:height\" content=\"240\" \/>\n\t<meta property=\"og:image:type\" content=\"image\/jpeg\" \/>\n<meta name=\"author\" content=\"sienkiewiczl.disabled\" \/>\n<meta name=\"twitter:card\" content=\"summary_large_image\" \/>\n<meta name=\"twitter:label1\" content=\"Napisane przez\" \/>\n\t<meta name=\"twitter:data1\" content=\"sienkiewiczl.disabled\" \/>\n\t<meta name=\"twitter:label2\" content=\"Szacowany czas czytania\" \/>\n\t<meta name=\"twitter:data2\" content=\"1 minuta\" \/>\n<script type=\"application\/ld+json\" class=\"yoast-schema-graph\">{\"@context\":\"https:\/\/schema.org\",\"@graph\":[{\"@type\":\"WebPage\",\"@id\":\"https:\/\/instytutpolski.pl\/madrid\/2019\/06\/06\/41-sesion-del-comite-del-patrimonio-mundial-de-la-unesco-en-cracovia\/\",\"url\":\"https:\/\/instytutpolski.pl\/madrid\/2019\/06\/06\/41-sesion-del-comite-del-patrimonio-mundial-de-la-unesco-en-cracovia\/\",\"name\":\"41 Sesi\u00f3n del Comit\u00e9 del Patrimonio Mundial de la UNESCO en Cracovia - Instytut Polski w Madrycie\",\"isPartOf\":{\"@id\":\"https:\/\/instytutpolski.pl\/madrid\/#website\"},\"primaryImageOfPage\":{\"@id\":\"https:\/\/instytutpolski.pl\/madrid\/2019\/06\/06\/41-sesion-del-comite-del-patrimonio-mundial-de-la-unesco-en-cracovia\/#primaryimage\"},\"image\":{\"@id\":\"https:\/\/instytutpolski.pl\/madrid\/2019\/06\/06\/41-sesion-del-comite-del-patrimonio-mundial-de-la-unesco-en-cracovia\/#primaryimage\"},\"thumbnailUrl\":\"https:\/\/instytutpolski.pl\/madrid\/wp-content\/uploads\/sites\/16\/2019\/06\/201_Burnat_Szewcy_mps-dm23__PAW7443-18.jpg\",\"datePublished\":\"2019-06-06T21:53:37+00:00\",\"dateModified\":\"2019-06-06T21:53:38+00:00\",\"author\":{\"@id\":\"https:\/\/instytutpolski.pl\/madrid\/#\/schema\/person\/0d8a0025312a17e346e67e3c446cf459\"},\"breadcrumb\":{\"@id\":\"https:\/\/instytutpolski.pl\/madrid\/2019\/06\/06\/41-sesion-del-comite-del-patrimonio-mundial-de-la-unesco-en-cracovia\/#breadcrumb\"},\"inLanguage\":\"pl-PL\",\"potentialAction\":[{\"@type\":\"ReadAction\",\"target\":[\"https:\/\/instytutpolski.pl\/madrid\/2019\/06\/06\/41-sesion-del-comite-del-patrimonio-mundial-de-la-unesco-en-cracovia\/\"]}]},{\"@type\":\"ImageObject\",\"inLanguage\":\"pl-PL\",\"@id\":\"https:\/\/instytutpolski.pl\/madrid\/2019\/06\/06\/41-sesion-del-comite-del-patrimonio-mundial-de-la-unesco-en-cracovia\/#primaryimage\",\"url\":\"https:\/\/instytutpolski.pl\/madrid\/wp-content\/uploads\/sites\/16\/2019\/06\/201_Burnat_Szewcy_mps-dm23__PAW7443-18.jpg\",\"contentUrl\":\"https:\/\/instytutpolski.pl\/madrid\/wp-content\/uploads\/sites\/16\/2019\/06\/201_Burnat_Szewcy_mps-dm23__PAW7443-18.jpg\",\"width\":361,\"height\":240},{\"@type\":\"BreadcrumbList\",\"@id\":\"https:\/\/instytutpolski.pl\/madrid\/2019\/06\/06\/41-sesion-del-comite-del-patrimonio-mundial-de-la-unesco-en-cracovia\/#breadcrumb\",\"itemListElement\":[{\"@type\":\"ListItem\",\"position\":1,\"name\":\"Home\",\"item\":\"https:\/\/instytutpolski.pl\/madrid\/\"},{\"@type\":\"ListItem\",\"position\":2,\"name\":\"41 Sesi\u00f3n del Comit\u00e9 del Patrimonio Mundial de la UNESCO en Cracovia\"}]},{\"@type\":\"WebSite\",\"@id\":\"https:\/\/instytutpolski.pl\/madrid\/#website\",\"url\":\"https:\/\/instytutpolski.pl\/madrid\/\",\"name\":\"Instytut Polski w Madrycie\",\"description\":\"Instytuty Polskie\",\"potentialAction\":[{\"@type\":\"SearchAction\",\"target\":{\"@type\":\"EntryPoint\",\"urlTemplate\":\"https:\/\/instytutpolski.pl\/madrid\/?s={search_term_string}\"},\"query-input\":{\"@type\":\"PropertyValueSpecification\",\"valueRequired\":true,\"valueName\":\"search_term_string\"}}],\"inLanguage\":\"pl-PL\"},{\"@type\":\"Person\",\"@id\":\"https:\/\/instytutpolski.pl\/madrid\/#\/schema\/person\/0d8a0025312a17e346e67e3c446cf459\",\"name\":\"sienkiewiczl.disabled\",\"image\":{\"@type\":\"ImageObject\",\"inLanguage\":\"pl-PL\",\"@id\":\"https:\/\/instytutpolski.pl\/madrid\/#\/schema\/person\/image\/\",\"url\":\"https:\/\/secure.gravatar.com\/avatar\/37c03cac7512c34f5dfeba093c3631c1?s=96&d=mm&r=g\",\"contentUrl\":\"https:\/\/secure.gravatar.com\/avatar\/37c03cac7512c34f5dfeba093c3631c1?s=96&d=mm&r=g\",\"caption\":\"sienkiewiczl.disabled\"},\"url\":\"https:\/\/instytutpolski.pl\/madrid\/author\/msz\/\"}]}<\/script>\n<!-- \/ Yoast SEO plugin. -->","yoast_head_json":{"title":"41 Sesi\u00f3n del Comit\u00e9 del Patrimonio Mundial de la UNESCO en Cracovia - Instytut Polski w Madrycie","robots":{"index":"index","follow":"follow","max-snippet":"max-snippet:-1","max-image-preview":"max-image-preview:large","max-video-preview":"max-video-preview:-1"},"canonical":"https:\/\/instytutpolski.pl\/madrid\/2019\/06\/06\/41-sesion-del-comite-del-patrimonio-mundial-de-la-unesco-en-cracovia\/","og_locale":"pl_PL","og_type":"article","og_title":"41 Sesi\u00f3n del Comit\u00e9 del Patrimonio Mundial de la UNESCO en Cracovia - Instytut Polski w Madrycie","og_description":"Entre el 2 y el 12 de julio de 2017, la ciudad de Cracovia acoge a unos 3000 representantes de 140 pa\u00edses que debatir\u00e1n sobre la conservaci\u00f3n del patrimonio mundial. Entre otros asuntos, se decidir\u00e1 la suerte de 33 candidaturas de todo el mundo para ser incluidas en la lista del&nbsp;Patrimonio de la Humanidad. Las [&hellip;]","og_url":"https:\/\/instytutpolski.pl\/madrid\/2019\/06\/06\/41-sesion-del-comite-del-patrimonio-mundial-de-la-unesco-en-cracovia\/","og_site_name":"Instytut Polski w Madrycie","article_published_time":"2019-06-06T21:53:37+00:00","article_modified_time":"2019-06-06T21:53:38+00:00","og_image":[{"width":361,"height":240,"url":"https:\/\/instytutpolski.pl\/madrid\/wp-content\/uploads\/sites\/16\/2019\/06\/201_Burnat_Szewcy_mps-dm23__PAW7443-18.jpg","type":"image\/jpeg"}],"author":"sienkiewiczl.disabled","twitter_card":"summary_large_image","twitter_misc":{"Napisane przez":"sienkiewiczl.disabled","Szacowany czas czytania":"1 minuta"},"schema":{"@context":"https:\/\/schema.org","@graph":[{"@type":"WebPage","@id":"https:\/\/instytutpolski.pl\/madrid\/2019\/06\/06\/41-sesion-del-comite-del-patrimonio-mundial-de-la-unesco-en-cracovia\/","url":"https:\/\/instytutpolski.pl\/madrid\/2019\/06\/06\/41-sesion-del-comite-del-patrimonio-mundial-de-la-unesco-en-cracovia\/","name":"41 Sesi\u00f3n del Comit\u00e9 del Patrimonio Mundial de la UNESCO en Cracovia - Instytut Polski w Madrycie","isPartOf":{"@id":"https:\/\/instytutpolski.pl\/madrid\/#website"},"primaryImageOfPage":{"@id":"https:\/\/instytutpolski.pl\/madrid\/2019\/06\/06\/41-sesion-del-comite-del-patrimonio-mundial-de-la-unesco-en-cracovia\/#primaryimage"},"image":{"@id":"https:\/\/instytutpolski.pl\/madrid\/2019\/06\/06\/41-sesion-del-comite-del-patrimonio-mundial-de-la-unesco-en-cracovia\/#primaryimage"},"thumbnailUrl":"https:\/\/instytutpolski.pl\/madrid\/wp-content\/uploads\/sites\/16\/2019\/06\/201_Burnat_Szewcy_mps-dm23__PAW7443-18.jpg","datePublished":"2019-06-06T21:53:37+00:00","dateModified":"2019-06-06T21:53:38+00:00","author":{"@id":"https:\/\/instytutpolski.pl\/madrid\/#\/schema\/person\/0d8a0025312a17e346e67e3c446cf459"},"breadcrumb":{"@id":"https:\/\/instytutpolski.pl\/madrid\/2019\/06\/06\/41-sesion-del-comite-del-patrimonio-mundial-de-la-unesco-en-cracovia\/#breadcrumb"},"inLanguage":"pl-PL","potentialAction":[{"@type":"ReadAction","target":["https:\/\/instytutpolski.pl\/madrid\/2019\/06\/06\/41-sesion-del-comite-del-patrimonio-mundial-de-la-unesco-en-cracovia\/"]}]},{"@type":"ImageObject","inLanguage":"pl-PL","@id":"https:\/\/instytutpolski.pl\/madrid\/2019\/06\/06\/41-sesion-del-comite-del-patrimonio-mundial-de-la-unesco-en-cracovia\/#primaryimage","url":"https:\/\/instytutpolski.pl\/madrid\/wp-content\/uploads\/sites\/16\/2019\/06\/201_Burnat_Szewcy_mps-dm23__PAW7443-18.jpg","contentUrl":"https:\/\/instytutpolski.pl\/madrid\/wp-content\/uploads\/sites\/16\/2019\/06\/201_Burnat_Szewcy_mps-dm23__PAW7443-18.jpg","width":361,"height":240},{"@type":"BreadcrumbList","@id":"https:\/\/instytutpolski.pl\/madrid\/2019\/06\/06\/41-sesion-del-comite-del-patrimonio-mundial-de-la-unesco-en-cracovia\/#breadcrumb","itemListElement":[{"@type":"ListItem","position":1,"name":"Home","item":"https:\/\/instytutpolski.pl\/madrid\/"},{"@type":"ListItem","position":2,"name":"41 Sesi\u00f3n del Comit\u00e9 del Patrimonio Mundial de la UNESCO en Cracovia"}]},{"@type":"WebSite","@id":"https:\/\/instytutpolski.pl\/madrid\/#website","url":"https:\/\/instytutpolski.pl\/madrid\/","name":"Instytut Polski w Madrycie","description":"Instytuty Polskie","potentialAction":[{"@type":"SearchAction","target":{"@type":"EntryPoint","urlTemplate":"https:\/\/instytutpolski.pl\/madrid\/?s={search_term_string}"},"query-input":{"@type":"PropertyValueSpecification","valueRequired":true,"valueName":"search_term_string"}}],"inLanguage":"pl-PL"},{"@type":"Person","@id":"https:\/\/instytutpolski.pl\/madrid\/#\/schema\/person\/0d8a0025312a17e346e67e3c446cf459","name":"sienkiewiczl.disabled","image":{"@type":"ImageObject","inLanguage":"pl-PL","@id":"https:\/\/instytutpolski.pl\/madrid\/#\/schema\/person\/image\/","url":"https:\/\/secure.gravatar.com\/avatar\/37c03cac7512c34f5dfeba093c3631c1?s=96&d=mm&r=g","contentUrl":"https:\/\/secure.gravatar.com\/avatar\/37c03cac7512c34f5dfeba093c3631c1?s=96&d=mm&r=g","caption":"sienkiewiczl.disabled"},"url":"https:\/\/instytutpolski.pl\/madrid\/author\/msz\/"}]}},"_links":{"self":[{"href":"https:\/\/instytutpolski.pl\/madrid\/wp-json\/wp\/v2\/posts\/126","targetHints":{"allow":["GET"]}}],"collection":[{"href":"https:\/\/instytutpolski.pl\/madrid\/wp-json\/wp\/v2\/posts"}],"about":[{"href":"https:\/\/instytutpolski.pl\/madrid\/wp-json\/wp\/v2\/types\/post"}],"author":[{"embeddable":true,"href":"https:\/\/instytutpolski.pl\/madrid\/wp-json\/wp\/v2\/users\/1"}],"replies":[{"embeddable":true,"href":"https:\/\/instytutpolski.pl\/madrid\/wp-json\/wp\/v2\/comments?post=126"}],"version-history":[{"count":1,"href":"https:\/\/instytutpolski.pl\/madrid\/wp-json\/wp\/v2\/posts\/126\/revisions"}],"predecessor-version":[{"id":128,"href":"https:\/\/instytutpolski.pl\/madrid\/wp-json\/wp\/v2\/posts\/126\/revisions\/128"}],"wp:featuredmedia":[{"embeddable":true,"href":"https:\/\/instytutpolski.pl\/madrid\/wp-json\/wp\/v2\/media\/127"}],"wp:attachment":[{"href":"https:\/\/instytutpolski.pl\/madrid\/wp-json\/wp\/v2\/media?parent=126"}],"wp:term":[{"taxonomy":"category","embeddable":true,"href":"https:\/\/instytutpolski.pl\/madrid\/wp-json\/wp\/v2\/categories?post=126"},{"taxonomy":"post_tag","embeddable":true,"href":"https:\/\/instytutpolski.pl\/madrid\/wp-json\/wp\/v2\/tags?post=126"}],"curies":[{"name":"wp","href":"https:\/\/api.w.org\/{rel}","templated":true}]}}