{"id":1368,"date":"2018-12-12T14:00:00","date_gmt":"2018-12-12T13:00:00","guid":{"rendered":"https:\/\/instytutpolski.pl\/madrid\/?p=1368"},"modified":"2020-01-28T14:02:37","modified_gmt":"2020-01-28T13:02:37","slug":"presentacion-del-libro-cenizas-y-fuego-cronicas-de-ryszard-kapuscinski","status":"publish","type":"post","link":"https:\/\/instytutpolski.pl\/madrid\/2018\/12\/12\/presentacion-del-libro-cenizas-y-fuego-cronicas-de-ryszard-kapuscinski\/","title":{"rendered":"Presentaci\u00f3n del libro &#8222;Cenizas y fuego: cr\u00f3nicas de Ryszard Kapu\u015bci\u0144ski&#8221;"},"content":{"rendered":"\n<p>El mi\u00e9rcoles, 12 de diciembre, en el Instituto Polaco de Cultura se presenta el libro de Amelia Serraller &#8222;Cenizas y fuego: cr\u00f3nicas de Ryszard Kapu\u015bci\u0144ski&#8221; publicado por Amargord Ediciones.<br><br>Acompa\u00f1ar\u00e1n a la autora el escritor y periodista&nbsp;Jos\u00e9 Andr\u00e9s Rojo, el historiador Jos\u00e9 Mar\u00eda Faraldo y Jos\u00e9 Mar\u00eda de la Quintana de las ediciones Amargord.<br><br>Ryszard&nbsp;Kapu\u015bci\u0144ski (1932-2007) fue periodista,&nbsp;corresponsal de la guerra, escritor y autor de, entre otros, &#8222;El imperio&#8221;, &#8222;Emperador&#8221;, &#8222;\u00c9bano&#8221;, &#8222;La guerra del f\u00fatbol y otros reportajes&#8221;, &#8222;El Sha o la desmesura del poder&#8221; y &#8222;Viajes con Her\u00f3doto&#8221;. En 2003 fue galardonado con el Premio Pr\u00edncipe de Asturias de Comunicaci\u00f3n y Humanidades por su &#8222;preocupaci\u00f3n por los sectores m\u00e1s desfavorecidos y por su independencia frente a presiones de todo signo, que han tratado de tergiversar su mensaje&#8221;.<br><br>D\u00d3NDE: Instituto Polaco de Cultura, C\/ Felipe IV, 12, bajo A<br><br>CU\u00c1NDO: 12 de diciembre de 2018, 19:30 horas.<br><br>Entrada libre hasta completar aforo&nbsp;<\/p>\n\n\n\n<figure class=\"wp-block-image\"><img decoding=\"async\" src=\"https:\/\/www.culturapolaca.es\/images\/icon-twetter.png\" alt=\"#\" \/><\/figure>\n\n\n\n<p><\/p>\n\n\n\n<h4 class=\"wp-block-heading\">Direcci\u00f3n:<\/h4>\n\n\n\n<ul class=\"wp-block-list\"><li>C\/Felipe IV, 12, bajo A<br>28014 Madrid<\/li><\/ul>\n","protected":false},"excerpt":{"rendered":"<p>El mi\u00e9rcoles, 12 de diciembre, en el Instituto Polaco de Cultura se presenta el libro de Amelia Serraller &#8222;Cenizas y fuego: cr\u00f3nicas de Ryszard Kapu\u015bci\u0144ski&#8221; publicado por Amargord Ediciones. Acompa\u00f1ar\u00e1n a la autora el escritor y periodista&nbsp;Jos\u00e9 Andr\u00e9s Rojo, el historiador Jos\u00e9 Mar\u00eda Faraldo y Jos\u00e9 Mar\u00eda de la Quintana de las ediciones Amargord. Ryszard&nbsp;Kapu\u015bci\u0144ski [&hellip;]<\/p>\n","protected":false},"author":51,"featured_media":1369,"comment_status":"open","ping_status":"open","sticky":false,"template":"","format":"standard","meta":{"inline_featured_image":false,"_monsterinsights_skip_tracking":false,"_monsterinsights_sitenote_active":false,"_monsterinsights_sitenote_note":"","_monsterinsights_sitenote_category":0,"footnotes":""},"categories":[25,91],"tags":[],"class_list":["post-1368","post","type-post","status-publish","format-standard","has-post-thumbnail","hentry","category-eventos","category-literatura-es"],"yoast_head":"<!-- This site is optimized with the Yoast SEO plugin v24.6 - https:\/\/yoast.com\/wordpress\/plugins\/seo\/ -->\n<title>Presentaci\u00f3n del libro &quot;Cenizas y fuego: cr\u00f3nicas de Ryszard Kapu\u015bci\u0144ski&quot; - Instytut Polski w Madrycie<\/title>\n<meta name=\"robots\" content=\"index, follow, max-snippet:-1, max-image-preview:large, max-video-preview:-1\" \/>\n<link rel=\"canonical\" href=\"https:\/\/instytutpolski.pl\/madrid\/2018\/12\/12\/presentacion-del-libro-cenizas-y-fuego-cronicas-de-ryszard-kapuscinski\/\" \/>\n<meta property=\"og:locale\" content=\"pl_PL\" \/>\n<meta property=\"og:type\" content=\"article\" \/>\n<meta property=\"og:title\" content=\"Presentaci\u00f3n del libro &quot;Cenizas y fuego: cr\u00f3nicas de Ryszard Kapu\u015bci\u0144ski&quot; - Instytut Polski w Madrycie\" \/>\n<meta property=\"og:description\" content=\"El mi\u00e9rcoles, 12 de diciembre, en el Instituto Polaco de Cultura se presenta el libro de Amelia Serraller &#8222;Cenizas y fuego: cr\u00f3nicas de Ryszard Kapu\u015bci\u0144ski&#8221; publicado por Amargord Ediciones. Acompa\u00f1ar\u00e1n a la autora el escritor y periodista&nbsp;Jos\u00e9 Andr\u00e9s Rojo, el historiador Jos\u00e9 Mar\u00eda Faraldo y Jos\u00e9 Mar\u00eda de la Quintana de las ediciones Amargord. Ryszard&nbsp;Kapu\u015bci\u0144ski [&hellip;]\" \/>\n<meta property=\"og:url\" content=\"https:\/\/instytutpolski.pl\/madrid\/2018\/12\/12\/presentacion-del-libro-cenizas-y-fuego-cronicas-de-ryszard-kapuscinski\/\" \/>\n<meta property=\"og:site_name\" content=\"Instytut Polski w Madrycie\" \/>\n<meta property=\"article:published_time\" content=\"2018-12-12T13:00:00+00:00\" \/>\n<meta property=\"article:modified_time\" content=\"2020-01-28T13:02:37+00:00\" \/>\n<meta property=\"og:image\" content=\"https:\/\/instytutpolski.pl\/madrid\/wp-content\/uploads\/sites\/16\/2020\/01\/kapu4.jpg\" \/>\n\t<meta property=\"og:image:width\" content=\"361\" \/>\n\t<meta property=\"og:image:height\" content=\"537\" \/>\n\t<meta property=\"og:image:type\" content=\"image\/jpeg\" \/>\n<meta name=\"author\" content=\"kowalczyke\" \/>\n<meta name=\"twitter:card\" content=\"summary_large_image\" \/>\n<meta name=\"twitter:label1\" content=\"Napisane przez\" \/>\n\t<meta name=\"twitter:data1\" content=\"kowalczyke\" \/>\n\t<meta name=\"twitter:label2\" content=\"Szacowany czas czytania\" \/>\n\t<meta name=\"twitter:data2\" content=\"1 minuta\" \/>\n<script type=\"application\/ld+json\" class=\"yoast-schema-graph\">{\"@context\":\"https:\/\/schema.org\",\"@graph\":[{\"@type\":\"event\",\"@id\":\"https:\/\/instytutpolski.pl\/madrid\/2018\/12\/12\/presentacion-del-libro-cenizas-y-fuego-cronicas-de-ryszard-kapuscinski\/\",\"url\":\"https:\/\/instytutpolski.pl\/madrid\/2018\/12\/12\/presentacion-del-libro-cenizas-y-fuego-cronicas-de-ryszard-kapuscinski\/\",\"name\":\"Presentaci\u00f3n del libro \\\"Cenizas y fuego: cr\u00f3nicas de Ryszard Kapu\u015bci\u0144ski\\\"\",\"isPartOf\":{\"@id\":\"https:\/\/instytutpolski.pl\/madrid\/#website\"},\"primaryImageOfPage\":{\"@id\":\"https:\/\/instytutpolski.pl\/madrid\/2018\/12\/12\/presentacion-del-libro-cenizas-y-fuego-cronicas-de-ryszard-kapuscinski\/#primaryimage\"},\"image\":[\"https:\/\/instytutpolski.pl\/madrid\/wp-content\/uploads\/sites\/16\/2020\/01\/kapu4.jpg\",\"https:\/\/instytutpolski.pl\/madrid\/wp-content\/uploads\/sites\/16\/2020\/01\/kapu4-202x300.jpg\",\"https:\/\/instytutpolski.pl\/madrid\/wp-content\/uploads\/sites\/16\/2020\/01\/kapu4.jpg\",\"https:\/\/instytutpolski.pl\/madrid\/wp-content\/uploads\/sites\/16\/2020\/01\/kapu4.jpg\"],\"thumbnailUrl\":\"https:\/\/instytutpolski.pl\/madrid\/wp-content\/uploads\/sites\/16\/2020\/01\/kapu4.jpg\",\"datePublished\":\"2018-12-12T13:00:00+02:00\",\"dateModified\":\"2020-01-28T13:02:37+02:00\",\"author\":{\"@id\":\"https:\/\/instytutpolski.pl\/madrid\/#\/schema\/person\/2ef2ed85f88ad5d4e4f921140b5edc8d\"},\"breadcrumb\":{\"@id\":\"https:\/\/instytutpolski.pl\/madrid\/2018\/12\/12\/presentacion-del-libro-cenizas-y-fuego-cronicas-de-ryszard-kapuscinski\/#breadcrumb\"},\"inLanguage\":\"pl-PL\",\"potentialAction\":[{\"@type\":\"ReadAction\",\"target\":[\"https:\/\/instytutpolski.pl\/madrid\/2018\/12\/12\/presentacion-del-libro-cenizas-y-fuego-cronicas-de-ryszard-kapuscinski\/\"]}],\"@context\":\"https:\/\/schema.org\",\"startDate\":\"2018-12-12\",\"endDate\":\"2018-12-12\",\"eventStatus\":\"EventScheduled\",\"eventAttendanceMode\":\"OfflineEventAttendanceMode\",\"location\":{\"@type\":\"place\",\"name\":\"\",\"address\":\"\",\"geo\":{\"@type\":\"GeoCoordinates\",\"latitude\":\"\",\"longitude\":\"\"}},\"description\":\"El mi\u00e9rcoles, 12 de diciembre, en el Instituto Polaco de Cultura se presenta el libro de Amelia Serraller \\\"Cenizas y fuego: cr\u00f3nicas de Ryszard Kapu\u015bci\u0144ski\\\" publicado por Amargord Ediciones.Acompa\u00f1ar\u00e1n a la autora el escritor y periodista Jos\u00e9 Andr\u00e9s Rojo, el historiador Jos\u00e9 Mar\u00eda Faraldo y Jos\u00e9 Mar\u00eda de la Quintana de las ediciones Amargord.Ryszard Kapu\u015bci\u0144ski (1932-2007) fue periodista, corresponsal de la guerra, escritor y autor de, entre otros, \\\"El imperio\\\", \\\"Emperador\\\", \\\"\u00c9bano\\\", \\\"La guerra del f\u00fatbol y otros reportajes\\\", \\\"El Sha o la desmesura del poder\\\" y \\\"Viajes con Her\u00f3doto\\\". En 2003 fue galardonado con el Premio Pr\u00edncipe de Asturias de Comunicaci\u00f3n y Humanidades por su \\\"preocupaci\u00f3n por los sectores m\u00e1s desfavorecidos y por su independencia frente a presiones de todo signo, que han tratado de tergiversar su mensaje\\\".D\u00d3NDE: Instituto Polaco de Cultura, C\/ Felipe IV, 12, bajo ACU\u00c1NDO: 12 de diciembre de 2018, 19:30 horas.Entrada libre hasta completar aforo \\nDirecci\u00f3n:\\nC\/Felipe IV, 12, bajo A28014 Madrid\"},{\"@type\":\"ImageObject\",\"inLanguage\":\"pl-PL\",\"@id\":\"https:\/\/instytutpolski.pl\/madrid\/2018\/12\/12\/presentacion-del-libro-cenizas-y-fuego-cronicas-de-ryszard-kapuscinski\/#primaryimage\",\"url\":\"https:\/\/instytutpolski.pl\/madrid\/wp-content\/uploads\/sites\/16\/2020\/01\/kapu4.jpg\",\"contentUrl\":\"https:\/\/instytutpolski.pl\/madrid\/wp-content\/uploads\/sites\/16\/2020\/01\/kapu4.jpg\",\"width\":361,\"height\":537},{\"@type\":\"BreadcrumbList\",\"@id\":\"https:\/\/instytutpolski.pl\/madrid\/2018\/12\/12\/presentacion-del-libro-cenizas-y-fuego-cronicas-de-ryszard-kapuscinski\/#breadcrumb\",\"itemListElement\":[{\"@type\":\"ListItem\",\"position\":1,\"name\":\"Home\",\"item\":\"https:\/\/instytutpolski.pl\/madrid\/\"},{\"@type\":\"ListItem\",\"position\":2,\"name\":\"Presentaci\u00f3n del libro \u00abCenizas y fuego: cr\u00f3nicas de Ryszard Kapu\u015bci\u0144ski\u00bb\"}]},{\"@type\":\"WebSite\",\"@id\":\"https:\/\/instytutpolski.pl\/madrid\/#website\",\"url\":\"https:\/\/instytutpolski.pl\/madrid\/\",\"name\":\"Instytut Polski w Madrycie\",\"description\":\"Instytuty Polskie\",\"potentialAction\":[{\"@type\":\"SearchAction\",\"target\":{\"@type\":\"EntryPoint\",\"urlTemplate\":\"https:\/\/instytutpolski.pl\/madrid\/?s={search_term_string}\"},\"query-input\":{\"@type\":\"PropertyValueSpecification\",\"valueRequired\":true,\"valueName\":\"search_term_string\"}}],\"inLanguage\":\"pl-PL\"},{\"@type\":\"Person\",\"@id\":\"https:\/\/instytutpolski.pl\/madrid\/#\/schema\/person\/2ef2ed85f88ad5d4e4f921140b5edc8d\",\"name\":\"kowalczyke\",\"image\":{\"@type\":\"ImageObject\",\"inLanguage\":\"pl-PL\",\"@id\":\"https:\/\/instytutpolski.pl\/madrid\/#\/schema\/person\/image\/\",\"url\":\"https:\/\/secure.gravatar.com\/avatar\/2b384c7336ca78295f66224d3a33e434?s=96&d=mm&r=g\",\"contentUrl\":\"https:\/\/secure.gravatar.com\/avatar\/2b384c7336ca78295f66224d3a33e434?s=96&d=mm&r=g\",\"caption\":\"kowalczyke\"},\"sameAs\":[\"http:\/\/lukasz.sienkiewicz@msz.gov.pl\"],\"url\":\"https:\/\/instytutpolski.pl\/madrid\/author\/kowalczyke\/\"}]}<\/script>\n<!-- \/ Yoast SEO plugin. -->","yoast_head_json":{"title":"Presentaci\u00f3n del libro \"Cenizas y fuego: cr\u00f3nicas de Ryszard Kapu\u015bci\u0144ski\" - Instytut Polski w Madrycie","robots":{"index":"index","follow":"follow","max-snippet":"max-snippet:-1","max-image-preview":"max-image-preview:large","max-video-preview":"max-video-preview:-1"},"canonical":"https:\/\/instytutpolski.pl\/madrid\/2018\/12\/12\/presentacion-del-libro-cenizas-y-fuego-cronicas-de-ryszard-kapuscinski\/","og_locale":"pl_PL","og_type":"article","og_title":"Presentaci\u00f3n del libro \"Cenizas y fuego: cr\u00f3nicas de Ryszard Kapu\u015bci\u0144ski\" - Instytut Polski w Madrycie","og_description":"El mi\u00e9rcoles, 12 de diciembre, en el Instituto Polaco de Cultura se presenta el libro de Amelia Serraller &#8222;Cenizas y fuego: cr\u00f3nicas de Ryszard Kapu\u015bci\u0144ski&#8221; publicado por Amargord Ediciones. Acompa\u00f1ar\u00e1n a la autora el escritor y periodista&nbsp;Jos\u00e9 Andr\u00e9s Rojo, el historiador Jos\u00e9 Mar\u00eda Faraldo y Jos\u00e9 Mar\u00eda de la Quintana de las ediciones Amargord. Ryszard&nbsp;Kapu\u015bci\u0144ski [&hellip;]","og_url":"https:\/\/instytutpolski.pl\/madrid\/2018\/12\/12\/presentacion-del-libro-cenizas-y-fuego-cronicas-de-ryszard-kapuscinski\/","og_site_name":"Instytut Polski w Madrycie","article_published_time":"2018-12-12T13:00:00+00:00","article_modified_time":"2020-01-28T13:02:37+00:00","og_image":[{"width":361,"height":537,"url":"https:\/\/instytutpolski.pl\/madrid\/wp-content\/uploads\/sites\/16\/2020\/01\/kapu4.jpg","type":"image\/jpeg"}],"author":"kowalczyke","twitter_card":"summary_large_image","twitter_misc":{"Napisane przez":"kowalczyke","Szacowany czas czytania":"1 minuta"},"schema":{"@context":"https:\/\/schema.org","@graph":[{"@type":"event","@id":"https:\/\/instytutpolski.pl\/madrid\/2018\/12\/12\/presentacion-del-libro-cenizas-y-fuego-cronicas-de-ryszard-kapuscinski\/","url":"https:\/\/instytutpolski.pl\/madrid\/2018\/12\/12\/presentacion-del-libro-cenizas-y-fuego-cronicas-de-ryszard-kapuscinski\/","name":"Presentaci\u00f3n del libro \"Cenizas y fuego: cr\u00f3nicas de Ryszard Kapu\u015bci\u0144ski\"","isPartOf":{"@id":"https:\/\/instytutpolski.pl\/madrid\/#website"},"primaryImageOfPage":{"@id":"https:\/\/instytutpolski.pl\/madrid\/2018\/12\/12\/presentacion-del-libro-cenizas-y-fuego-cronicas-de-ryszard-kapuscinski\/#primaryimage"},"image":["https:\/\/instytutpolski.pl\/madrid\/wp-content\/uploads\/sites\/16\/2020\/01\/kapu4.jpg","https:\/\/instytutpolski.pl\/madrid\/wp-content\/uploads\/sites\/16\/2020\/01\/kapu4-202x300.jpg","https:\/\/instytutpolski.pl\/madrid\/wp-content\/uploads\/sites\/16\/2020\/01\/kapu4.jpg","https:\/\/instytutpolski.pl\/madrid\/wp-content\/uploads\/sites\/16\/2020\/01\/kapu4.jpg"],"thumbnailUrl":"https:\/\/instytutpolski.pl\/madrid\/wp-content\/uploads\/sites\/16\/2020\/01\/kapu4.jpg","datePublished":"2018-12-12T13:00:00+02:00","dateModified":"2020-01-28T13:02:37+02:00","author":{"@id":"https:\/\/instytutpolski.pl\/madrid\/#\/schema\/person\/2ef2ed85f88ad5d4e4f921140b5edc8d"},"breadcrumb":{"@id":"https:\/\/instytutpolski.pl\/madrid\/2018\/12\/12\/presentacion-del-libro-cenizas-y-fuego-cronicas-de-ryszard-kapuscinski\/#breadcrumb"},"inLanguage":"pl-PL","potentialAction":[{"@type":"ReadAction","target":["https:\/\/instytutpolski.pl\/madrid\/2018\/12\/12\/presentacion-del-libro-cenizas-y-fuego-cronicas-de-ryszard-kapuscinski\/"]}],"@context":"https:\/\/schema.org","startDate":"2018-12-12","endDate":"2018-12-12","eventStatus":"EventScheduled","eventAttendanceMode":"OfflineEventAttendanceMode","location":{"@type":"place","name":"","address":"","geo":{"@type":"GeoCoordinates","latitude":"","longitude":""}},"description":"El mi\u00e9rcoles, 12 de diciembre, en el Instituto Polaco de Cultura se presenta el libro de Amelia Serraller \"Cenizas y fuego: cr\u00f3nicas de Ryszard Kapu\u015bci\u0144ski\" publicado por Amargord Ediciones.Acompa\u00f1ar\u00e1n a la autora el escritor y periodista Jos\u00e9 Andr\u00e9s Rojo, el historiador Jos\u00e9 Mar\u00eda Faraldo y Jos\u00e9 Mar\u00eda de la Quintana de las ediciones Amargord.Ryszard Kapu\u015bci\u0144ski (1932-2007) fue periodista, corresponsal de la guerra, escritor y autor de, entre otros, \"El imperio\", \"Emperador\", \"\u00c9bano\", \"La guerra del f\u00fatbol y otros reportajes\", \"El Sha o la desmesura del poder\" y \"Viajes con Her\u00f3doto\". En 2003 fue galardonado con el Premio Pr\u00edncipe de Asturias de Comunicaci\u00f3n y Humanidades por su \"preocupaci\u00f3n por los sectores m\u00e1s desfavorecidos y por su independencia frente a presiones de todo signo, que han tratado de tergiversar su mensaje\".D\u00d3NDE: Instituto Polaco de Cultura, C\/ Felipe IV, 12, bajo ACU\u00c1NDO: 12 de diciembre de 2018, 19:30 horas.Entrada libre hasta completar aforo \nDirecci\u00f3n:\nC\/Felipe IV, 12, bajo A28014 Madrid"},{"@type":"ImageObject","inLanguage":"pl-PL","@id":"https:\/\/instytutpolski.pl\/madrid\/2018\/12\/12\/presentacion-del-libro-cenizas-y-fuego-cronicas-de-ryszard-kapuscinski\/#primaryimage","url":"https:\/\/instytutpolski.pl\/madrid\/wp-content\/uploads\/sites\/16\/2020\/01\/kapu4.jpg","contentUrl":"https:\/\/instytutpolski.pl\/madrid\/wp-content\/uploads\/sites\/16\/2020\/01\/kapu4.jpg","width":361,"height":537},{"@type":"BreadcrumbList","@id":"https:\/\/instytutpolski.pl\/madrid\/2018\/12\/12\/presentacion-del-libro-cenizas-y-fuego-cronicas-de-ryszard-kapuscinski\/#breadcrumb","itemListElement":[{"@type":"ListItem","position":1,"name":"Home","item":"https:\/\/instytutpolski.pl\/madrid\/"},{"@type":"ListItem","position":2,"name":"Presentaci\u00f3n del libro \u00abCenizas y fuego: cr\u00f3nicas de Ryszard Kapu\u015bci\u0144ski\u00bb"}]},{"@type":"WebSite","@id":"https:\/\/instytutpolski.pl\/madrid\/#website","url":"https:\/\/instytutpolski.pl\/madrid\/","name":"Instytut Polski w Madrycie","description":"Instytuty Polskie","potentialAction":[{"@type":"SearchAction","target":{"@type":"EntryPoint","urlTemplate":"https:\/\/instytutpolski.pl\/madrid\/?s={search_term_string}"},"query-input":{"@type":"PropertyValueSpecification","valueRequired":true,"valueName":"search_term_string"}}],"inLanguage":"pl-PL"},{"@type":"Person","@id":"https:\/\/instytutpolski.pl\/madrid\/#\/schema\/person\/2ef2ed85f88ad5d4e4f921140b5edc8d","name":"kowalczyke","image":{"@type":"ImageObject","inLanguage":"pl-PL","@id":"https:\/\/instytutpolski.pl\/madrid\/#\/schema\/person\/image\/","url":"https:\/\/secure.gravatar.com\/avatar\/2b384c7336ca78295f66224d3a33e434?s=96&d=mm&r=g","contentUrl":"https:\/\/secure.gravatar.com\/avatar\/2b384c7336ca78295f66224d3a33e434?s=96&d=mm&r=g","caption":"kowalczyke"},"sameAs":["http:\/\/lukasz.sienkiewicz@msz.gov.pl"],"url":"https:\/\/instytutpolski.pl\/madrid\/author\/kowalczyke\/"}]}},"_links":{"self":[{"href":"https:\/\/instytutpolski.pl\/madrid\/wp-json\/wp\/v2\/posts\/1368","targetHints":{"allow":["GET"]}}],"collection":[{"href":"https:\/\/instytutpolski.pl\/madrid\/wp-json\/wp\/v2\/posts"}],"about":[{"href":"https:\/\/instytutpolski.pl\/madrid\/wp-json\/wp\/v2\/types\/post"}],"author":[{"embeddable":true,"href":"https:\/\/instytutpolski.pl\/madrid\/wp-json\/wp\/v2\/users\/51"}],"replies":[{"embeddable":true,"href":"https:\/\/instytutpolski.pl\/madrid\/wp-json\/wp\/v2\/comments?post=1368"}],"version-history":[{"count":3,"href":"https:\/\/instytutpolski.pl\/madrid\/wp-json\/wp\/v2\/posts\/1368\/revisions"}],"predecessor-version":[{"id":1372,"href":"https:\/\/instytutpolski.pl\/madrid\/wp-json\/wp\/v2\/posts\/1368\/revisions\/1372"}],"wp:featuredmedia":[{"embeddable":true,"href":"https:\/\/instytutpolski.pl\/madrid\/wp-json\/wp\/v2\/media\/1369"}],"wp:attachment":[{"href":"https:\/\/instytutpolski.pl\/madrid\/wp-json\/wp\/v2\/media?parent=1368"}],"wp:term":[{"taxonomy":"category","embeddable":true,"href":"https:\/\/instytutpolski.pl\/madrid\/wp-json\/wp\/v2\/categories?post=1368"},{"taxonomy":"post_tag","embeddable":true,"href":"https:\/\/instytutpolski.pl\/madrid\/wp-json\/wp\/v2\/tags?post=1368"}],"curies":[{"name":"wp","href":"https:\/\/api.w.org\/{rel}","templated":true}]}}