{"id":1496,"date":"2018-11-13T17:06:00","date_gmt":"2018-11-13T16:06:00","guid":{"rendered":"https:\/\/instytutpolski.pl\/madrid\/?p=1496"},"modified":"2020-05-04T12:57:16","modified_gmt":"2020-05-04T10:57:16","slug":"el-instituto-cervantes-de-madrid-acoge-la-quinta-edicion-de-la-tribuna-del-hispanismo","status":"publish","type":"post","link":"https:\/\/instytutpolski.pl\/madrid\/2018\/11\/13\/el-instituto-cervantes-de-madrid-acoge-la-quinta-edicion-de-la-tribuna-del-hispanismo\/","title":{"rendered":"El Instituto Cervantes de Madrid acoge la quinta edici\u00f3n de la Tribuna del Hispanismo"},"content":{"rendered":"\n<p>\n\nLa Tribuna del Hispanismo presentar\u00e1, el 13 de noviembre de 2018 a las 19 horas, en el sal\u00f3n de actos del Instituto Cervantes de Madrid, su quinta edici\u00f3n dedicada al hispanismo polaco. Contar\u00e1 con la presencia de los catedr\u00e1ticos Jan Kieniewicz y Urszula Aszyk y la embajadora de la Rep\u00fablica de Polonia en Madrid, Marzenna Adamczyk.El director del Instituto, Luis Garc\u00eda Montero, presentar\u00e1 la mesa redonda. A continuaci\u00f3n, el director acad\u00e9mico del Instituto Cervantes, Richard Bueno Hudson, moderar\u00e1 el di\u00e1logo de estos tres expertos.<strong>PARTICIPANTES EN LA TRIBUNA<\/strong><strong><br>Jan Kieniewicz<\/strong>Nacido en Varsovia en 1938 el historiador Jan Kieniewicz es profesor numerario de la Universidad de Varsovia. Estudi\u00f3 Historia en la Universidad de Varsovia (con Mariano Ma\u0142owist) y en la \u00c9cole des Hautes \u00c9tudes en Sciences Sociales de Par\u00eds (con Fernand Braudel). Obtuvo el doctorado en Historia Moderna en 1966, la habilitaci\u00f3n en 1974 y el t\u00edtulo de profesor en 1983. En su universidad fue director de la c\u00e1tedra de Iber\u00edstica (1975-1981), vicedirector del Instituto de Historia (1981-1988) y vicedirector del Instituto de Estudios Interdisciplinarios Artes Liberales (1996-2008). Fue profesor visitante en Francia, Espa\u00f1a, la India y Estados Unidos. Desde 2006 dirige los estudios transdisciplinarios de doctorado de la Facultad de Artes Liberales de la Universidad de Varsovia, donde se dedica \u00faltimamente al estudio de la ecohistoria.&nbsp;Es autor de una veintena de libros y de un par de centenares de art\u00edculos referentes a la historia del comercio portugu\u00e9s en el Oc\u00e9ano \u00cdndico, la expansi\u00f3n europea precolonial, la historia econ\u00f3mica y social de Kerala en los siglos XVI-XVIII, el colonialismo en la \u00e9poca moderna y otros temas. Ha publicado diferentes historias de Polonia, Espa\u00f1a y la India y es autor de m\u00faltiples trabajos referentes a las relaciones hispano-polacas, la teor\u00eda de sistemas y la historia comparada de las civilizaciones.&nbsp;Entre los a\u00f1os 1990 y 1994 fue embajador de Polonia en Madrid, es miembro de la Real Asociaci\u00f3n de Caballeros del Monasterio de Yuste y ha sido condecorado (1994) con la Gran Cruz de la Orden de Isabel la Cat\u00f3lica.<strong><br>Urszula Aszyk<\/strong>Catedr\u00e1tica y desde 1981 profesora de Literatura en el Instituto de Estudios Ib\u00e9ricos e Iberoamericanos de la Universidad de Varsovia, Urszula Aszyk ha impartido cursos sobre el teatro espa\u00f1ol, como&nbsp;<em>visiting professor<\/em>, en las universidades de Stony Brook (1987-1988), San Sebasti\u00e1n (1989), Maguncia (1991-1992), S\u00e3o Paulo (1993), Estocolmo (1996), Leipzig (2015), as\u00ed como en la Universidad de Bristol (1996-2003), como senior fellow. Ha sido cofundadora de la Asociaci\u00f3n Polaca de Hispanistas y presidenta de esta en los a\u00f1os: 1985-1987, 1989-1994 y 2004\u20132010. Su inter\u00e9s de investigadora se centra en el teatro espa\u00f1ol. Ha publicado m\u00e1s de 200 art\u00edculos y varios libros, entre otros:&nbsp;<em>Wsp\u00f3\u0142czesny teatr hiszpa\u0144ski w walce o&#8230; teatr&nbsp;<\/em>(\u2018El teatro espa\u00f1ol contempor\u00e1neo en lucha por&#8230; el teatro\u2019, 1988);&nbsp;<em>Entre la crisis y la vanguardia. Estudios sobre el teatro espa\u00f1ol del siglo XX<\/em>&nbsp;(1995);<em>&nbsp;Federico Garc\u00eda Lorca w teatrze swoich czas\u00f3w&nbsp;<\/em>(\u2018Federico Garc\u00eda Lorca en el teatro de su tiempo\u2019, 1997);&nbsp;<em>Corrale de comedias. Publiczne i sta\u0142e teatry w Hiszpanii, koniec XVI w. \u2013 pocz. XVIII w.<\/em>&nbsp;(\u2018Corrales de comedias. Teatros p\u00fablicos en la Espa\u00f1a del fin del siglo XVI hasta los comienzos del XVIII\u2019, 2005);&nbsp;<em>Drama-Teatro-Arte. Metateatralidad, intertextualidad y teatralidad del drama espa\u00f1ol del Siglo de Oro y del siglo XX<\/em>&nbsp;(2014) o&nbsp;<em>Fuera de contexto. Obras dram\u00e1ticas, motivos y mitos espa\u00f1oles en el teatro polaco<\/em>&nbsp;(2017). Adem\u00e1s de haber traducido al polaco obras teatrales de autores espa\u00f1oles, ha coordinado tambi\u00e9n ediciones de estudios,&nbsp; de las que cabe mencionar las m\u00e1s recientes:<em>&nbsp;El teatro espa\u00f1ol como objeto de estudios a comienzos del siglo XXI<\/em>&nbsp;(2015, con K. Kumor y M. Pi\u0142at-Zuzankiewicz);&nbsp;<em>Teatro como espejo del teatro&nbsp;<\/em>(2017, con J. Romera Castillo, K. Kumor y K. Seruga) y&nbsp;<em>El texto dram\u00e1tico y las artes visuales. El teatro espa\u00f1ol del Siglo de Oro y sus herederos en los siglos XX y XXI<\/em>&nbsp;(2017, con J. M. Escudero Bazt\u00e1n y M. Pi\u0142at-Zuzankiewicz).<strong><br>Marzenna Adamczyk<\/strong>Actual embajadora de la Rep\u00fablica de Polonia en Espa\u00f1a y el Principado de Andorra, Marzenna Adamczyk es licenciada en Estudios Ib\u00e9ricos por la Universidad de Varsovia (1980) y posee el diploma Primus inter pares. Entre 1980 y 1999 fue directora adjunta de la c\u00e1tedra de Estudios Ib\u00e9ricos de la Universidad de Varsovia. Entre 1999 y 2005 ocup\u00f3 el puesto de primera secretaria y consejera de cultura de la Embajada de la Rep\u00fablica de Polonia en Madrid, y, a su vuelta a Varsovia, fue, entre 2005 y 2007, directora adjunta del Instituto de Estudios Ib\u00e9ricos e Iberoamericanos de la Universidad de Varsovia. Tras desempe\u00f1ar el cargo de embajadora en La Habana (2007-2010) y de c\u00f3nsul general de la Rep\u00fablica de Polonia en Barcelona (2010-2013), retom\u00f3 su carrera docente en la Universidad de Varsovia en el Instituto de Estudios Ib\u00e9ricos e Iberoamericanos (2013 -2016).&nbsp;Es autora de m\u00faltiples publicaciones sobre las relaciones polaco-hispanas y redactora de varias publicaciones del Centro de Estudios Latinoamericanos de la Universidad de Varsovia, as\u00ed como traductora de obras de autores espa\u00f1oles e hispanoamericanos, adem\u00e1s de colaborar en diversas editoriales polacas.<strong>Fuente de informaci\u00f3n:&nbsp;<\/strong>Instituto Cervantes de Madrid&nbsp;<a href=\"https:\/\/bit.ly\/2PbmEYK\">https:\/\/bit.ly\/2PbmEYK&nbsp;<\/a><strong><br>D\u00d3NDE<\/strong>Instituto Cervantes&nbsp;Alcal\u00e1, 49. 28014 Madrid<strong><br>CU\u00c1NDO<\/strong>13 de noviembre de 2018 a las 19 horas<\/p>\n\n\n\n<figure class=\"wp-block-image\"><img decoding=\"async\" src=\"https:\/\/www.culturapolaca.es\/images\/icon-twetter.png\" alt=\"#\" \/><\/figure>\n\n\n\n<p><\/p>\n\n\n\n<h4 class=\"wp-block-heading\">Direcci\u00f3n:<\/h4>\n\n\n\n<ul class=\"wp-block-list\"><li>Instituto Cervantes&nbsp;Alcal\u00e1, 49. 28014 Madrid<\/li><\/ul>\n","protected":false},"excerpt":{"rendered":"<p>La Tribuna del Hispanismo presentar\u00e1, el 13 de noviembre de 2018 a las 19 horas, en el sal\u00f3n de actos del Instituto Cervantes de Madrid, su quinta edici\u00f3n dedicada al hispanismo polaco. Contar\u00e1 con la presencia de los catedr\u00e1ticos Jan Kieniewicz y Urszula Aszyk y la embajadora de la Rep\u00fablica de Polonia en Madrid, Marzenna [&hellip;]<\/p>\n","protected":false},"author":51,"featured_media":1497,"comment_status":"open","ping_status":"open","sticky":false,"template":"","format":"standard","meta":{"inline_featured_image":false,"_monsterinsights_skip_tracking":false,"_monsterinsights_sitenote_active":false,"_monsterinsights_sitenote_note":"","_monsterinsights_sitenote_category":0,"footnotes":""},"categories":[87,1],"tags":[],"class_list":["post-1496","post","type-post","status-publish","format-standard","has-post-thumbnail","hentry","category-historia-es","category-noticias"],"yoast_head":"<!-- This site is optimized with the Yoast SEO plugin v24.6 - https:\/\/yoast.com\/wordpress\/plugins\/seo\/ -->\n<title>El Instituto Cervantes de Madrid acoge la quinta edici\u00f3n de la Tribuna del Hispanismo - Instytut Polski w Madrycie<\/title>\n<meta name=\"robots\" content=\"index, follow, max-snippet:-1, max-image-preview:large, max-video-preview:-1\" \/>\n<link rel=\"canonical\" href=\"https:\/\/instytutpolski.pl\/madrid\/2018\/11\/13\/el-instituto-cervantes-de-madrid-acoge-la-quinta-edicion-de-la-tribuna-del-hispanismo\/\" \/>\n<meta property=\"og:locale\" content=\"pl_PL\" \/>\n<meta property=\"og:type\" content=\"article\" \/>\n<meta property=\"og:title\" content=\"El Instituto Cervantes de Madrid acoge la quinta edici\u00f3n de la Tribuna del Hispanismo - Instytut Polski w Madrycie\" \/>\n<meta property=\"og:description\" content=\"La Tribuna del Hispanismo presentar\u00e1, el 13 de noviembre de 2018 a las 19 horas, en el sal\u00f3n de actos del Instituto Cervantes de Madrid, su quinta edici\u00f3n dedicada al hispanismo polaco. Contar\u00e1 con la presencia de los catedr\u00e1ticos Jan Kieniewicz y Urszula Aszyk y la embajadora de la Rep\u00fablica de Polonia en Madrid, Marzenna [&hellip;]\" \/>\n<meta property=\"og:url\" content=\"https:\/\/instytutpolski.pl\/madrid\/2018\/11\/13\/el-instituto-cervantes-de-madrid-acoge-la-quinta-edicion-de-la-tribuna-del-hispanismo\/\" \/>\n<meta property=\"og:site_name\" content=\"Instytut Polski w Madrycie\" \/>\n<meta property=\"article:published_time\" content=\"2018-11-13T16:06:00+00:00\" \/>\n<meta property=\"article:modified_time\" content=\"2020-05-04T10:57:16+00:00\" \/>\n<meta property=\"og:image\" content=\"https:\/\/instytutpolski.pl\/madrid\/wp-content\/uploads\/sites\/16\/2020\/01\/tribuna_hispanismo_v1_0.jpg\" \/>\n\t<meta property=\"og:image:width\" content=\"361\" \/>\n\t<meta property=\"og:image:height\" content=\"511\" \/>\n\t<meta property=\"og:image:type\" content=\"image\/jpeg\" \/>\n<meta name=\"author\" content=\"kowalczyke\" \/>\n<meta name=\"twitter:card\" content=\"summary_large_image\" \/>\n<meta name=\"twitter:label1\" content=\"Napisane przez\" \/>\n\t<meta name=\"twitter:data1\" content=\"kowalczyke\" \/>\n\t<meta name=\"twitter:label2\" content=\"Szacowany czas czytania\" \/>\n\t<meta name=\"twitter:data2\" content=\"5 minut\" \/>\n<script type=\"application\/ld+json\" class=\"yoast-schema-graph\">{\"@context\":\"https:\/\/schema.org\",\"@graph\":[{\"@type\":\"event\",\"@id\":\"https:\/\/instytutpolski.pl\/madrid\/2018\/11\/13\/el-instituto-cervantes-de-madrid-acoge-la-quinta-edicion-de-la-tribuna-del-hispanismo\/\",\"url\":\"https:\/\/instytutpolski.pl\/madrid\/2018\/11\/13\/el-instituto-cervantes-de-madrid-acoge-la-quinta-edicion-de-la-tribuna-del-hispanismo\/\",\"name\":\"El Instituto Cervantes de Madrid acoge la quinta edici\u00f3n de la Tribuna del Hispanismo\",\"isPartOf\":{\"@id\":\"https:\/\/instytutpolski.pl\/madrid\/#website\"},\"primaryImageOfPage\":{\"@id\":\"https:\/\/instytutpolski.pl\/madrid\/2018\/11\/13\/el-instituto-cervantes-de-madrid-acoge-la-quinta-edicion-de-la-tribuna-del-hispanismo\/#primaryimage\"},\"image\":[\"https:\/\/instytutpolski.pl\/madrid\/wp-content\/uploads\/sites\/16\/2020\/01\/tribuna_hispanismo_v1_0.jpg\",\"https:\/\/instytutpolski.pl\/madrid\/wp-content\/uploads\/sites\/16\/2020\/01\/tribuna_hispanismo_v1_0-212x300.jpg\",\"https:\/\/instytutpolski.pl\/madrid\/wp-content\/uploads\/sites\/16\/2020\/01\/tribuna_hispanismo_v1_0.jpg\",\"https:\/\/instytutpolski.pl\/madrid\/wp-content\/uploads\/sites\/16\/2020\/01\/tribuna_hispanismo_v1_0.jpg\"],\"thumbnailUrl\":\"https:\/\/instytutpolski.pl\/madrid\/wp-content\/uploads\/sites\/16\/2020\/01\/tribuna_hispanismo_v1_0.jpg\",\"datePublished\":\"2018-11-13T16:06:00+02:00\",\"dateModified\":\"2020-05-04T10:57:16+02:00\",\"author\":{\"@id\":\"https:\/\/instytutpolski.pl\/madrid\/#\/schema\/person\/2ef2ed85f88ad5d4e4f921140b5edc8d\"},\"breadcrumb\":{\"@id\":\"https:\/\/instytutpolski.pl\/madrid\/2018\/11\/13\/el-instituto-cervantes-de-madrid-acoge-la-quinta-edicion-de-la-tribuna-del-hispanismo\/#breadcrumb\"},\"inLanguage\":\"pl-PL\",\"potentialAction\":[{\"@type\":\"ReadAction\",\"target\":[\"https:\/\/instytutpolski.pl\/madrid\/2018\/11\/13\/el-instituto-cervantes-de-madrid-acoge-la-quinta-edicion-de-la-tribuna-del-hispanismo\/\"]}],\"@context\":\"https:\/\/schema.org\",\"startDate\":\"2018-11-13\",\"endDate\":\"2018-11-13\",\"eventStatus\":\"EventScheduled\",\"eventAttendanceMode\":\"OfflineEventAttendanceMode\",\"location\":{\"@type\":\"place\",\"name\":\"\",\"address\":\"\",\"geo\":{\"@type\":\"GeoCoordinates\",\"latitude\":\"\",\"longitude\":\"\"}},\"description\":\"La Tribuna del Hispanismo presentar\u00e1, el 13 de noviembre de 2018 a las 19 horas, en el sal\u00f3n de actos del Instituto Cervantes de Madrid, su quinta edici\u00f3n dedicada al hispanismo polaco. Contar\u00e1 con la presencia de los catedr\u00e1ticos Jan Kieniewicz y Urszula Aszyk y la embajadora de la Rep\u00fablica de Polonia en Madrid, Marzenna Adamczyk.El director del Instituto, Luis Garc\u00eda Montero, presentar\u00e1 la mesa redonda. A continuaci\u00f3n, el director acad\u00e9mico del Instituto Cervantes, Richard Bueno Hudson, moderar\u00e1 el di\u00e1logo de estos tres expertos.PARTICIPANTES EN LA TRIBUNAJan KieniewiczNacido en Varsovia en 1938 el historiador Jan Kieniewicz es profesor numerario de la Universidad de Varsovia. Estudi\u00f3 Historia en la Universidad de Varsovia (con Mariano Ma\u0142owist) y en la \u00c9cole des Hautes \u00c9tudes en Sciences Sociales de Par\u00eds (con Fernand Braudel). Obtuvo el doctorado en Historia Moderna en 1966, la habilitaci\u00f3n en 1974 y el t\u00edtulo de profesor en 1983. En su universidad fue director de la c\u00e1tedra de Iber\u00edstica (1975-1981), vicedirector del Instituto de Historia (1981-1988) y vicedirector del Instituto de Estudios Interdisciplinarios Artes Liberales (1996-2008). Fue profesor visitante en Francia, Espa\u00f1a, la India y Estados Unidos. Desde 2006 dirige los estudios transdisciplinarios de doctorado de la Facultad de Artes Liberales de la Universidad de Varsovia, donde se dedica \u00faltimamente al estudio de la ecohistoria. Es autor de una veintena de libros y de un par de centenares de art\u00edculos referentes a la historia del comercio portugu\u00e9s en el Oc\u00e9ano \u00cdndico, la expansi\u00f3n europea precolonial, la historia econ\u00f3mica y social de Kerala en los siglos XVI-XVIII, el colonialismo en la \u00e9poca moderna y otros temas. Ha publicado diferentes historias de Polonia, Espa\u00f1a y la India y es autor de m\u00faltiples trabajos referentes a las relaciones hispano-polacas, la teor\u00eda de sistemas y la historia comparada de las civilizaciones. Entre los a\u00f1os 1990 y 1994 fue embajador de Polonia en Madrid, es miembro de la Real Asociaci\u00f3n de Caballeros del Monasterio de Yuste y ha sido condecorado (1994) con la Gran Cruz de la Orden de Isabel la Cat\u00f3lica.Urszula AszykCatedr\u00e1tica y desde 1981 profesora de Literatura en el Instituto de Estudios Ib\u00e9ricos e Iberoamericanos de la Universidad de Varsovia, Urszula Aszyk ha impartido cursos sobre el teatro espa\u00f1ol, como visiting professor, en las universidades de Stony Brook (1987-1988), San Sebasti\u00e1n (1989), Maguncia (1991-1992), S\u00e3o Paulo (1993), Estocolmo (1996), Leipzig (2015), as\u00ed como en la Universidad de Bristol (1996-2003), como senior fellow. Ha sido cofundadora de la Asociaci\u00f3n Polaca de Hispanistas y presidenta de esta en los a\u00f1os: 1985-1987, 1989-1994 y 2004\u20132010. Su inter\u00e9s de investigadora se centra en el teatro espa\u00f1ol. Ha publicado m\u00e1s de 200 art\u00edculos y varios libros, entre otros: Wsp\u00f3\u0142czesny teatr hiszpa\u0144ski w walce o... teatr (\u2018El teatro espa\u00f1ol contempor\u00e1neo en lucha por... el teatro\u2019, 1988); Entre la crisis y la vanguardia. Estudios sobre el teatro espa\u00f1ol del siglo XX (1995); Federico Garc\u00eda Lorca w teatrze swoich czas\u00f3w (\u2018Federico Garc\u00eda Lorca en el teatro de su tiempo\u2019, 1997); Corrale de comedias. Publiczne i sta\u0142e teatry w Hiszpanii, koniec XVI w. \u2013 pocz. XVIII w. (\u2018Corrales de comedias. Teatros p\u00fablicos en la Espa\u00f1a del fin del siglo XVI hasta los comienzos del XVIII\u2019, 2005); Drama-Teatro-Arte. Metateatralidad, intertextualidad y teatralidad del drama espa\u00f1ol del Siglo de Oro y del siglo XX (2014) o Fuera de contexto. Obras dram\u00e1ticas, motivos y mitos espa\u00f1oles en el teatro polaco (2017). Adem\u00e1s de haber traducido al polaco obras teatrales de autores espa\u00f1oles, ha coordinado tambi\u00e9n ediciones de estudios,  de las que cabe mencionar las m\u00e1s recientes: El teatro espa\u00f1ol como objeto de estudios a comienzos del siglo XXI (2015, con K. Kumor y M. Pi\u0142at-Zuzankiewicz); Teatro como espejo del teatro (2017, con J. Romera Castillo, K. Kumor y K. Seruga) y El texto dram\u00e1tico y las artes visuales. El teatro espa\u00f1ol del Siglo de Oro y sus herederos en los siglos XX y XXI (2017, con J. M. Escudero Bazt\u00e1n y M. Pi\u0142at-Zuzankiewicz).Marzenna AdamczykActual embajadora de la Rep\u00fablica de Polonia en Espa\u00f1a y el Principado de Andorra, Marzenna Adamczyk es licenciada en Estudios Ib\u00e9ricos por la Universidad de Varsovia (1980) y posee el diploma Primus inter pares. Entre 1980 y 1999 fue directora adjunta de la c\u00e1tedra de Estudios Ib\u00e9ricos de la Universidad de Varsovia. Entre 1999 y 2005 ocup\u00f3 el puesto de primera secretaria y consejera de cultura de la Embajada de la Rep\u00fablica de Polonia en Madrid, y, a su vuelta a Varsovia, fue, entre 2005 y 2007, directora adjunta del Instituto de Estudios Ib\u00e9ricos e Iberoamericanos de la Universidad de Varsovia. Tras desempe\u00f1ar el cargo de embajadora en La Habana (2007-2010) y de c\u00f3nsul general de la Rep\u00fablica de Polonia en Barcelona (2010-2013), retom\u00f3 su carrera docente en la Universidad de Varsovia en el Instituto de Estudios Ib\u00e9ricos e Iberoamericanos (2013 -2016). Es autora de m\u00faltiples publicaciones sobre las relaciones polaco-hispanas y redactora de varias publicaciones del Centro de Estudios Latinoamericanos de la Universidad de Varsovia, as\u00ed como traductora de obras de autores espa\u00f1oles e hispanoamericanos, adem\u00e1s de colaborar en diversas editoriales polacas.Fuente de informaci\u00f3n: Instituto Cervantes de Madrid https:\/\/bit.ly\/2PbmEYK D\u00d3NDEInstituto Cervantes Alcal\u00e1, 49. 28014 MadridCU\u00c1NDO13 de noviembre de 2018 a las 19 horas\\nDirecci\u00f3n:\\nInstituto Cervantes Alcal\u00e1, 49. 28014 Madrid\"},{\"@type\":\"ImageObject\",\"inLanguage\":\"pl-PL\",\"@id\":\"https:\/\/instytutpolski.pl\/madrid\/2018\/11\/13\/el-instituto-cervantes-de-madrid-acoge-la-quinta-edicion-de-la-tribuna-del-hispanismo\/#primaryimage\",\"url\":\"https:\/\/instytutpolski.pl\/madrid\/wp-content\/uploads\/sites\/16\/2020\/01\/tribuna_hispanismo_v1_0.jpg\",\"contentUrl\":\"https:\/\/instytutpolski.pl\/madrid\/wp-content\/uploads\/sites\/16\/2020\/01\/tribuna_hispanismo_v1_0.jpg\",\"width\":361,\"height\":511},{\"@type\":\"BreadcrumbList\",\"@id\":\"https:\/\/instytutpolski.pl\/madrid\/2018\/11\/13\/el-instituto-cervantes-de-madrid-acoge-la-quinta-edicion-de-la-tribuna-del-hispanismo\/#breadcrumb\",\"itemListElement\":[{\"@type\":\"ListItem\",\"position\":1,\"name\":\"Home\",\"item\":\"https:\/\/instytutpolski.pl\/madrid\/\"},{\"@type\":\"ListItem\",\"position\":2,\"name\":\"El Instituto Cervantes de Madrid acoge la quinta edici\u00f3n de la Tribuna del Hispanismo\"}]},{\"@type\":\"WebSite\",\"@id\":\"https:\/\/instytutpolski.pl\/madrid\/#website\",\"url\":\"https:\/\/instytutpolski.pl\/madrid\/\",\"name\":\"Instytut Polski w Madrycie\",\"description\":\"Instytuty Polskie\",\"potentialAction\":[{\"@type\":\"SearchAction\",\"target\":{\"@type\":\"EntryPoint\",\"urlTemplate\":\"https:\/\/instytutpolski.pl\/madrid\/?s={search_term_string}\"},\"query-input\":{\"@type\":\"PropertyValueSpecification\",\"valueRequired\":true,\"valueName\":\"search_term_string\"}}],\"inLanguage\":\"pl-PL\"},{\"@type\":\"Person\",\"@id\":\"https:\/\/instytutpolski.pl\/madrid\/#\/schema\/person\/2ef2ed85f88ad5d4e4f921140b5edc8d\",\"name\":\"kowalczyke\",\"image\":{\"@type\":\"ImageObject\",\"inLanguage\":\"pl-PL\",\"@id\":\"https:\/\/instytutpolski.pl\/madrid\/#\/schema\/person\/image\/\",\"url\":\"https:\/\/secure.gravatar.com\/avatar\/2b384c7336ca78295f66224d3a33e434?s=96&d=mm&r=g\",\"contentUrl\":\"https:\/\/secure.gravatar.com\/avatar\/2b384c7336ca78295f66224d3a33e434?s=96&d=mm&r=g\",\"caption\":\"kowalczyke\"},\"sameAs\":[\"http:\/\/lukasz.sienkiewicz@msz.gov.pl\"],\"url\":\"https:\/\/instytutpolski.pl\/madrid\/author\/kowalczyke\/\"}]}<\/script>\n<!-- \/ Yoast SEO plugin. -->","yoast_head_json":{"title":"El Instituto Cervantes de Madrid acoge la quinta edici\u00f3n de la Tribuna del Hispanismo - Instytut Polski w Madrycie","robots":{"index":"index","follow":"follow","max-snippet":"max-snippet:-1","max-image-preview":"max-image-preview:large","max-video-preview":"max-video-preview:-1"},"canonical":"https:\/\/instytutpolski.pl\/madrid\/2018\/11\/13\/el-instituto-cervantes-de-madrid-acoge-la-quinta-edicion-de-la-tribuna-del-hispanismo\/","og_locale":"pl_PL","og_type":"article","og_title":"El Instituto Cervantes de Madrid acoge la quinta edici\u00f3n de la Tribuna del Hispanismo - Instytut Polski w Madrycie","og_description":"La Tribuna del Hispanismo presentar\u00e1, el 13 de noviembre de 2018 a las 19 horas, en el sal\u00f3n de actos del Instituto Cervantes de Madrid, su quinta edici\u00f3n dedicada al hispanismo polaco. Contar\u00e1 con la presencia de los catedr\u00e1ticos Jan Kieniewicz y Urszula Aszyk y la embajadora de la Rep\u00fablica de Polonia en Madrid, Marzenna [&hellip;]","og_url":"https:\/\/instytutpolski.pl\/madrid\/2018\/11\/13\/el-instituto-cervantes-de-madrid-acoge-la-quinta-edicion-de-la-tribuna-del-hispanismo\/","og_site_name":"Instytut Polski w Madrycie","article_published_time":"2018-11-13T16:06:00+00:00","article_modified_time":"2020-05-04T10:57:16+00:00","og_image":[{"width":361,"height":511,"url":"https:\/\/instytutpolski.pl\/madrid\/wp-content\/uploads\/sites\/16\/2020\/01\/tribuna_hispanismo_v1_0.jpg","type":"image\/jpeg"}],"author":"kowalczyke","twitter_card":"summary_large_image","twitter_misc":{"Napisane przez":"kowalczyke","Szacowany czas czytania":"5 minut"},"schema":{"@context":"https:\/\/schema.org","@graph":[{"@type":"event","@id":"https:\/\/instytutpolski.pl\/madrid\/2018\/11\/13\/el-instituto-cervantes-de-madrid-acoge-la-quinta-edicion-de-la-tribuna-del-hispanismo\/","url":"https:\/\/instytutpolski.pl\/madrid\/2018\/11\/13\/el-instituto-cervantes-de-madrid-acoge-la-quinta-edicion-de-la-tribuna-del-hispanismo\/","name":"El Instituto Cervantes de Madrid acoge la quinta edici\u00f3n de la Tribuna del Hispanismo","isPartOf":{"@id":"https:\/\/instytutpolski.pl\/madrid\/#website"},"primaryImageOfPage":{"@id":"https:\/\/instytutpolski.pl\/madrid\/2018\/11\/13\/el-instituto-cervantes-de-madrid-acoge-la-quinta-edicion-de-la-tribuna-del-hispanismo\/#primaryimage"},"image":["https:\/\/instytutpolski.pl\/madrid\/wp-content\/uploads\/sites\/16\/2020\/01\/tribuna_hispanismo_v1_0.jpg","https:\/\/instytutpolski.pl\/madrid\/wp-content\/uploads\/sites\/16\/2020\/01\/tribuna_hispanismo_v1_0-212x300.jpg","https:\/\/instytutpolski.pl\/madrid\/wp-content\/uploads\/sites\/16\/2020\/01\/tribuna_hispanismo_v1_0.jpg","https:\/\/instytutpolski.pl\/madrid\/wp-content\/uploads\/sites\/16\/2020\/01\/tribuna_hispanismo_v1_0.jpg"],"thumbnailUrl":"https:\/\/instytutpolski.pl\/madrid\/wp-content\/uploads\/sites\/16\/2020\/01\/tribuna_hispanismo_v1_0.jpg","datePublished":"2018-11-13T16:06:00+02:00","dateModified":"2020-05-04T10:57:16+02:00","author":{"@id":"https:\/\/instytutpolski.pl\/madrid\/#\/schema\/person\/2ef2ed85f88ad5d4e4f921140b5edc8d"},"breadcrumb":{"@id":"https:\/\/instytutpolski.pl\/madrid\/2018\/11\/13\/el-instituto-cervantes-de-madrid-acoge-la-quinta-edicion-de-la-tribuna-del-hispanismo\/#breadcrumb"},"inLanguage":"pl-PL","potentialAction":[{"@type":"ReadAction","target":["https:\/\/instytutpolski.pl\/madrid\/2018\/11\/13\/el-instituto-cervantes-de-madrid-acoge-la-quinta-edicion-de-la-tribuna-del-hispanismo\/"]}],"@context":"https:\/\/schema.org","startDate":"2018-11-13","endDate":"2018-11-13","eventStatus":"EventScheduled","eventAttendanceMode":"OfflineEventAttendanceMode","location":{"@type":"place","name":"","address":"","geo":{"@type":"GeoCoordinates","latitude":"","longitude":""}},"description":"La Tribuna del Hispanismo presentar\u00e1, el 13 de noviembre de 2018 a las 19 horas, en el sal\u00f3n de actos del Instituto Cervantes de Madrid, su quinta edici\u00f3n dedicada al hispanismo polaco. Contar\u00e1 con la presencia de los catedr\u00e1ticos Jan Kieniewicz y Urszula Aszyk y la embajadora de la Rep\u00fablica de Polonia en Madrid, Marzenna Adamczyk.El director del Instituto, Luis Garc\u00eda Montero, presentar\u00e1 la mesa redonda. A continuaci\u00f3n, el director acad\u00e9mico del Instituto Cervantes, Richard Bueno Hudson, moderar\u00e1 el di\u00e1logo de estos tres expertos.PARTICIPANTES EN LA TRIBUNAJan KieniewiczNacido en Varsovia en 1938 el historiador Jan Kieniewicz es profesor numerario de la Universidad de Varsovia. Estudi\u00f3 Historia en la Universidad de Varsovia (con Mariano Ma\u0142owist) y en la \u00c9cole des Hautes \u00c9tudes en Sciences Sociales de Par\u00eds (con Fernand Braudel). Obtuvo el doctorado en Historia Moderna en 1966, la habilitaci\u00f3n en 1974 y el t\u00edtulo de profesor en 1983. En su universidad fue director de la c\u00e1tedra de Iber\u00edstica (1975-1981), vicedirector del Instituto de Historia (1981-1988) y vicedirector del Instituto de Estudios Interdisciplinarios Artes Liberales (1996-2008). Fue profesor visitante en Francia, Espa\u00f1a, la India y Estados Unidos. Desde 2006 dirige los estudios transdisciplinarios de doctorado de la Facultad de Artes Liberales de la Universidad de Varsovia, donde se dedica \u00faltimamente al estudio de la ecohistoria. Es autor de una veintena de libros y de un par de centenares de art\u00edculos referentes a la historia del comercio portugu\u00e9s en el Oc\u00e9ano \u00cdndico, la expansi\u00f3n europea precolonial, la historia econ\u00f3mica y social de Kerala en los siglos XVI-XVIII, el colonialismo en la \u00e9poca moderna y otros temas. Ha publicado diferentes historias de Polonia, Espa\u00f1a y la India y es autor de m\u00faltiples trabajos referentes a las relaciones hispano-polacas, la teor\u00eda de sistemas y la historia comparada de las civilizaciones. Entre los a\u00f1os 1990 y 1994 fue embajador de Polonia en Madrid, es miembro de la Real Asociaci\u00f3n de Caballeros del Monasterio de Yuste y ha sido condecorado (1994) con la Gran Cruz de la Orden de Isabel la Cat\u00f3lica.Urszula AszykCatedr\u00e1tica y desde 1981 profesora de Literatura en el Instituto de Estudios Ib\u00e9ricos e Iberoamericanos de la Universidad de Varsovia, Urszula Aszyk ha impartido cursos sobre el teatro espa\u00f1ol, como visiting professor, en las universidades de Stony Brook (1987-1988), San Sebasti\u00e1n (1989), Maguncia (1991-1992), S\u00e3o Paulo (1993), Estocolmo (1996), Leipzig (2015), as\u00ed como en la Universidad de Bristol (1996-2003), como senior fellow. Ha sido cofundadora de la Asociaci\u00f3n Polaca de Hispanistas y presidenta de esta en los a\u00f1os: 1985-1987, 1989-1994 y 2004\u20132010. Su inter\u00e9s de investigadora se centra en el teatro espa\u00f1ol. Ha publicado m\u00e1s de 200 art\u00edculos y varios libros, entre otros: Wsp\u00f3\u0142czesny teatr hiszpa\u0144ski w walce o... teatr (\u2018El teatro espa\u00f1ol contempor\u00e1neo en lucha por... el teatro\u2019, 1988); Entre la crisis y la vanguardia. Estudios sobre el teatro espa\u00f1ol del siglo XX (1995); Federico Garc\u00eda Lorca w teatrze swoich czas\u00f3w (\u2018Federico Garc\u00eda Lorca en el teatro de su tiempo\u2019, 1997); Corrale de comedias. Publiczne i sta\u0142e teatry w Hiszpanii, koniec XVI w. \u2013 pocz. XVIII w. (\u2018Corrales de comedias. Teatros p\u00fablicos en la Espa\u00f1a del fin del siglo XVI hasta los comienzos del XVIII\u2019, 2005); Drama-Teatro-Arte. Metateatralidad, intertextualidad y teatralidad del drama espa\u00f1ol del Siglo de Oro y del siglo XX (2014) o Fuera de contexto. Obras dram\u00e1ticas, motivos y mitos espa\u00f1oles en el teatro polaco (2017). Adem\u00e1s de haber traducido al polaco obras teatrales de autores espa\u00f1oles, ha coordinado tambi\u00e9n ediciones de estudios,  de las que cabe mencionar las m\u00e1s recientes: El teatro espa\u00f1ol como objeto de estudios a comienzos del siglo XXI (2015, con K. Kumor y M. Pi\u0142at-Zuzankiewicz); Teatro como espejo del teatro (2017, con J. Romera Castillo, K. Kumor y K. Seruga) y El texto dram\u00e1tico y las artes visuales. El teatro espa\u00f1ol del Siglo de Oro y sus herederos en los siglos XX y XXI (2017, con J. M. Escudero Bazt\u00e1n y M. Pi\u0142at-Zuzankiewicz).Marzenna AdamczykActual embajadora de la Rep\u00fablica de Polonia en Espa\u00f1a y el Principado de Andorra, Marzenna Adamczyk es licenciada en Estudios Ib\u00e9ricos por la Universidad de Varsovia (1980) y posee el diploma Primus inter pares. Entre 1980 y 1999 fue directora adjunta de la c\u00e1tedra de Estudios Ib\u00e9ricos de la Universidad de Varsovia. Entre 1999 y 2005 ocup\u00f3 el puesto de primera secretaria y consejera de cultura de la Embajada de la Rep\u00fablica de Polonia en Madrid, y, a su vuelta a Varsovia, fue, entre 2005 y 2007, directora adjunta del Instituto de Estudios Ib\u00e9ricos e Iberoamericanos de la Universidad de Varsovia. Tras desempe\u00f1ar el cargo de embajadora en La Habana (2007-2010) y de c\u00f3nsul general de la Rep\u00fablica de Polonia en Barcelona (2010-2013), retom\u00f3 su carrera docente en la Universidad de Varsovia en el Instituto de Estudios Ib\u00e9ricos e Iberoamericanos (2013 -2016). Es autora de m\u00faltiples publicaciones sobre las relaciones polaco-hispanas y redactora de varias publicaciones del Centro de Estudios Latinoamericanos de la Universidad de Varsovia, as\u00ed como traductora de obras de autores espa\u00f1oles e hispanoamericanos, adem\u00e1s de colaborar en diversas editoriales polacas.Fuente de informaci\u00f3n: Instituto Cervantes de Madrid https:\/\/bit.ly\/2PbmEYK D\u00d3NDEInstituto Cervantes Alcal\u00e1, 49. 28014 MadridCU\u00c1NDO13 de noviembre de 2018 a las 19 horas\nDirecci\u00f3n:\nInstituto Cervantes Alcal\u00e1, 49. 28014 Madrid"},{"@type":"ImageObject","inLanguage":"pl-PL","@id":"https:\/\/instytutpolski.pl\/madrid\/2018\/11\/13\/el-instituto-cervantes-de-madrid-acoge-la-quinta-edicion-de-la-tribuna-del-hispanismo\/#primaryimage","url":"https:\/\/instytutpolski.pl\/madrid\/wp-content\/uploads\/sites\/16\/2020\/01\/tribuna_hispanismo_v1_0.jpg","contentUrl":"https:\/\/instytutpolski.pl\/madrid\/wp-content\/uploads\/sites\/16\/2020\/01\/tribuna_hispanismo_v1_0.jpg","width":361,"height":511},{"@type":"BreadcrumbList","@id":"https:\/\/instytutpolski.pl\/madrid\/2018\/11\/13\/el-instituto-cervantes-de-madrid-acoge-la-quinta-edicion-de-la-tribuna-del-hispanismo\/#breadcrumb","itemListElement":[{"@type":"ListItem","position":1,"name":"Home","item":"https:\/\/instytutpolski.pl\/madrid\/"},{"@type":"ListItem","position":2,"name":"El Instituto Cervantes de Madrid acoge la quinta edici\u00f3n de la Tribuna del Hispanismo"}]},{"@type":"WebSite","@id":"https:\/\/instytutpolski.pl\/madrid\/#website","url":"https:\/\/instytutpolski.pl\/madrid\/","name":"Instytut Polski w Madrycie","description":"Instytuty Polskie","potentialAction":[{"@type":"SearchAction","target":{"@type":"EntryPoint","urlTemplate":"https:\/\/instytutpolski.pl\/madrid\/?s={search_term_string}"},"query-input":{"@type":"PropertyValueSpecification","valueRequired":true,"valueName":"search_term_string"}}],"inLanguage":"pl-PL"},{"@type":"Person","@id":"https:\/\/instytutpolski.pl\/madrid\/#\/schema\/person\/2ef2ed85f88ad5d4e4f921140b5edc8d","name":"kowalczyke","image":{"@type":"ImageObject","inLanguage":"pl-PL","@id":"https:\/\/instytutpolski.pl\/madrid\/#\/schema\/person\/image\/","url":"https:\/\/secure.gravatar.com\/avatar\/2b384c7336ca78295f66224d3a33e434?s=96&d=mm&r=g","contentUrl":"https:\/\/secure.gravatar.com\/avatar\/2b384c7336ca78295f66224d3a33e434?s=96&d=mm&r=g","caption":"kowalczyke"},"sameAs":["http:\/\/lukasz.sienkiewicz@msz.gov.pl"],"url":"https:\/\/instytutpolski.pl\/madrid\/author\/kowalczyke\/"}]}},"_links":{"self":[{"href":"https:\/\/instytutpolski.pl\/madrid\/wp-json\/wp\/v2\/posts\/1496","targetHints":{"allow":["GET"]}}],"collection":[{"href":"https:\/\/instytutpolski.pl\/madrid\/wp-json\/wp\/v2\/posts"}],"about":[{"href":"https:\/\/instytutpolski.pl\/madrid\/wp-json\/wp\/v2\/types\/post"}],"author":[{"embeddable":true,"href":"https:\/\/instytutpolski.pl\/madrid\/wp-json\/wp\/v2\/users\/51"}],"replies":[{"embeddable":true,"href":"https:\/\/instytutpolski.pl\/madrid\/wp-json\/wp\/v2\/comments?post=1496"}],"version-history":[{"count":4,"href":"https:\/\/instytutpolski.pl\/madrid\/wp-json\/wp\/v2\/posts\/1496\/revisions"}],"predecessor-version":[{"id":3822,"href":"https:\/\/instytutpolski.pl\/madrid\/wp-json\/wp\/v2\/posts\/1496\/revisions\/3822"}],"wp:featuredmedia":[{"embeddable":true,"href":"https:\/\/instytutpolski.pl\/madrid\/wp-json\/wp\/v2\/media\/1497"}],"wp:attachment":[{"href":"https:\/\/instytutpolski.pl\/madrid\/wp-json\/wp\/v2\/media?parent=1496"}],"wp:term":[{"taxonomy":"category","embeddable":true,"href":"https:\/\/instytutpolski.pl\/madrid\/wp-json\/wp\/v2\/categories?post=1496"},{"taxonomy":"post_tag","embeddable":true,"href":"https:\/\/instytutpolski.pl\/madrid\/wp-json\/wp\/v2\/tags?post=1496"}],"curies":[{"name":"wp","href":"https:\/\/api.w.org\/{rel}","templated":true}]}}