{"id":1526,"date":"2018-11-11T17:29:00","date_gmt":"2018-11-11T16:29:00","guid":{"rendered":"https:\/\/instytutpolski.pl\/madrid\/?p=1526"},"modified":"2020-01-28T17:31:22","modified_gmt":"2020-01-28T16:31:22","slug":"la-polonia-independiente-el-pais-que-salvo-europa-de-la-revolucion-de-octubre","status":"publish","type":"post","link":"https:\/\/instytutpolski.pl\/madrid\/2018\/11\/11\/la-polonia-independiente-el-pais-que-salvo-europa-de-la-revolucion-de-octubre\/","title":{"rendered":"La Polonia Independiente: el pa\u00eds que salv\u00f3 Europa de la Revoluci\u00f3n de Octubre"},"content":{"rendered":"\n<p>\n\nEl fin de los imperios tras la Primera Guerra Mundial trajo la restauraci\u00f3n del Estado polaco un 11 de septiembre de 1918. El primer objetivo ser\u00e1 el dif\u00edcil engarce de las viejas provincias, y la defensa de las nuevas fronteras. J\u00f3zef Pi\u0142sudski como nuevo Jefe de Estado y el compositor Ignazy Paderewski como primer ministro se encontraron al frente de un pa\u00eds por reconstruir. A principios de 1920 Wincenty Witos, l\u00edder del partido Campesino fue el nuevo primer ministro.&nbsp;<br>Durante ese periodo, los bolcheviques se hab\u00edan alzado con el poder en Rusia en octubre de 1917 y hab\u00edan firmado la paz con Alemania. Lenin primero aplast\u00f3 a los ej\u00e9rcitos blancos y luego prepar\u00f3 la expansi\u00f3n internacional de la revoluci\u00f3n. La Alemania derrotada, con una enorme poblaci\u00f3n obrera, sin recursos y en la miseria ofrec\u00eda una oportunidad \u00fanica para extender la revoluci\u00f3n al coraz\u00f3n de Europa. Entretanto la retirada de los ej\u00e9rcitos alemanes en el oriente europeo favoreci\u00f3 el nacimiento de nuevas rep\u00fablicas. El 14 de febrero de 1920 Lenin tomaba la orden de atacar Polonia, y creaba el frente del oeste. El comandante bolchevique ser\u00e1 un brillante antiguo oficial del ej\u00e9rcito imperial, Mija\u00edl Nikol\u00e1ievich Tujachevski, de ademanes aristocr\u00e1ticos, que contrastaba con uno de sus m\u00e1s famosos subordinados Semi\u00f3n Mij\u00e1ilovich Budionny, comandante del Primer Ej\u00e9rcito de Caballer\u00eda Roja, situado en Ucrania, quien hab\u00eda cultivado la imagen de horda salvaje para sus hombres, arrasando propiedades, violando mujeres y torturando a sacerdotes y oficiales con crueldad.&nbsp;<br>J\u00f3zef Pi\u0142sudski firm\u00f3 con Simon Petliura, l\u00edder ucraniano, el tratado de Varsovia el 21 de abril de 1920, que confirmaba el apoyo militar polaco a cambio del reconocimiento ucraniano de la frontera. El 25 de abril se inici\u00f3 la ofensiva y el 6 de mayo entraron en la ciudad de Kiev. Sin embargo, la contraofensiva bolchevique oblig\u00f3 a una retirada total que llev\u00f3 a los bolcheviques hasta el V\u00edstula. El 23 de julio Lenin organizo el Comit\u00e9 Revolucionario Polaco. Ese mismo d\u00eda Lenin plante\u00f3 la idea a Stalin, comisario en el frente sudoeste, de iniciar desde Hungr\u00eda una l\u00ednea de avance hacia una Italia que sufr\u00eda intensas revueltas. No obstante, Polonia estaba devastada materialmente pero no espiritualmente, Pi\u0142sudski organiz\u00f3 el patriotismo y la Iglesia levant\u00f3 la moral. El nuncio papal, el cardenal Achille Ratti (futuro P\u00edo XI), y un oficial de la misi\u00f3n francesa, Charles de Gaulle, fueron testigos de lo que iba a acontecer. El 15 de agosto, d\u00eda de la asunci\u00f3n de la Virgen Mar\u00eda, las tropas polacas atacaron el flanco del ej\u00e9rcito bolchevique destrozando sus vanguardias, era \u201cel Milagro del V\u00edstula\u201d. Las fuerzas bolcheviques fueron expulsadas, firm\u00e1ndose la paz en Riga el 18 de marzo de 1921. Polonia hab\u00eda salvado a Europa de una de sus peores pesadillas.&nbsp;<br>Jos\u00e9 Luis Orella Mart\u00ednezHistoriador. Profesor titular de la Universidad CEU-San Pablo\n\n<\/p>\n","protected":false},"excerpt":{"rendered":"<p>El fin de los imperios tras la Primera Guerra Mundial trajo la restauraci\u00f3n del Estado polaco un 11 de septiembre de 1918. El primer objetivo ser\u00e1 el dif\u00edcil engarce de las viejas provincias, y la defensa de las nuevas fronteras. J\u00f3zef Pi\u0142sudski como nuevo Jefe de Estado y el compositor Ignazy Paderewski como primer ministro [&hellip;]<\/p>\n","protected":false},"author":51,"featured_media":1527,"comment_status":"open","ping_status":"open","sticky":false,"template":"","format":"standard","meta":{"inline_featured_image":false,"_monsterinsights_skip_tracking":false,"_monsterinsights_sitenote_active":false,"_monsterinsights_sitenote_note":"","_monsterinsights_sitenote_category":0,"footnotes":""},"categories":[87],"tags":[],"class_list":["post-1526","post","type-post","status-publish","format-standard","has-post-thumbnail","hentry","category-historia-es"],"yoast_head":"<!-- This site is optimized with the Yoast SEO plugin v24.6 - https:\/\/yoast.com\/wordpress\/plugins\/seo\/ -->\n<title>La Polonia Independiente: el pa\u00eds que salv\u00f3 Europa de la Revoluci\u00f3n de Octubre - Instytut Polski w Madrycie<\/title>\n<meta name=\"robots\" content=\"index, follow, max-snippet:-1, max-image-preview:large, max-video-preview:-1\" \/>\n<link rel=\"canonical\" href=\"https:\/\/instytutpolski.pl\/madrid\/2018\/11\/11\/la-polonia-independiente-el-pais-que-salvo-europa-de-la-revolucion-de-octubre\/\" \/>\n<meta property=\"og:locale\" content=\"pl_PL\" \/>\n<meta property=\"og:type\" content=\"article\" \/>\n<meta property=\"og:title\" content=\"La Polonia Independiente: el pa\u00eds que salv\u00f3 Europa de la Revoluci\u00f3n de Octubre - Instytut Polski w Madrycie\" \/>\n<meta property=\"og:description\" content=\"El fin de los imperios tras la Primera Guerra Mundial trajo la restauraci\u00f3n del Estado polaco un 11 de septiembre de 1918. El primer objetivo ser\u00e1 el dif\u00edcil engarce de las viejas provincias, y la defensa de las nuevas fronteras. J\u00f3zef Pi\u0142sudski como nuevo Jefe de Estado y el compositor Ignazy Paderewski como primer ministro [&hellip;]\" \/>\n<meta property=\"og:url\" content=\"https:\/\/instytutpolski.pl\/madrid\/2018\/11\/11\/la-polonia-independiente-el-pais-que-salvo-europa-de-la-revolucion-de-octubre\/\" \/>\n<meta property=\"og:site_name\" content=\"Instytut Polski w Madrycie\" \/>\n<meta property=\"article:published_time\" content=\"2018-11-11T16:29:00+00:00\" \/>\n<meta property=\"article:modified_time\" content=\"2020-01-28T16:31:22+00:00\" \/>\n<meta property=\"og:image\" content=\"https:\/\/instytutpolski.pl\/madrid\/wp-content\/uploads\/sites\/16\/2020\/01\/bolsze.jpg\" \/>\n\t<meta property=\"og:image:width\" content=\"361\" \/>\n\t<meta property=\"og:image:height\" content=\"257\" \/>\n\t<meta property=\"og:image:type\" content=\"image\/jpeg\" \/>\n<meta name=\"author\" content=\"kowalczyke\" \/>\n<meta name=\"twitter:card\" content=\"summary_large_image\" \/>\n<meta name=\"twitter:label1\" content=\"Napisane przez\" \/>\n\t<meta name=\"twitter:data1\" content=\"kowalczyke\" \/>\n\t<meta name=\"twitter:label2\" content=\"Szacowany czas czytania\" \/>\n\t<meta name=\"twitter:data2\" content=\"3 minuty\" \/>\n<script type=\"application\/ld+json\" class=\"yoast-schema-graph\">{\"@context\":\"https:\/\/schema.org\",\"@graph\":[{\"@type\":\"event\",\"@id\":\"https:\/\/instytutpolski.pl\/madrid\/2018\/11\/11\/la-polonia-independiente-el-pais-que-salvo-europa-de-la-revolucion-de-octubre\/\",\"url\":\"https:\/\/instytutpolski.pl\/madrid\/2018\/11\/11\/la-polonia-independiente-el-pais-que-salvo-europa-de-la-revolucion-de-octubre\/\",\"name\":\"La Polonia Independiente: el pa\u00eds que salv\u00f3 Europa de la Revoluci\u00f3n de Octubre\",\"isPartOf\":{\"@id\":\"https:\/\/instytutpolski.pl\/madrid\/#website\"},\"primaryImageOfPage\":{\"@id\":\"https:\/\/instytutpolski.pl\/madrid\/2018\/11\/11\/la-polonia-independiente-el-pais-que-salvo-europa-de-la-revolucion-de-octubre\/#primaryimage\"},\"image\":[\"https:\/\/instytutpolski.pl\/madrid\/wp-content\/uploads\/sites\/16\/2020\/01\/bolsze.jpg\",\"https:\/\/instytutpolski.pl\/madrid\/wp-content\/uploads\/sites\/16\/2020\/01\/bolsze-300x214.jpg\",\"https:\/\/instytutpolski.pl\/madrid\/wp-content\/uploads\/sites\/16\/2020\/01\/bolsze.jpg\",\"https:\/\/instytutpolski.pl\/madrid\/wp-content\/uploads\/sites\/16\/2020\/01\/bolsze.jpg\"],\"thumbnailUrl\":\"https:\/\/instytutpolski.pl\/madrid\/wp-content\/uploads\/sites\/16\/2020\/01\/bolsze.jpg\",\"datePublished\":\"2018-11-11T16:29:00+02:00\",\"dateModified\":\"2020-01-28T16:31:22+02:00\",\"author\":{\"@id\":\"https:\/\/instytutpolski.pl\/madrid\/#\/schema\/person\/2ef2ed85f88ad5d4e4f921140b5edc8d\"},\"breadcrumb\":{\"@id\":\"https:\/\/instytutpolski.pl\/madrid\/2018\/11\/11\/la-polonia-independiente-el-pais-que-salvo-europa-de-la-revolucion-de-octubre\/#breadcrumb\"},\"inLanguage\":\"pl-PL\",\"potentialAction\":[{\"@type\":\"ReadAction\",\"target\":[\"https:\/\/instytutpolski.pl\/madrid\/2018\/11\/11\/la-polonia-independiente-el-pais-que-salvo-europa-de-la-revolucion-de-octubre\/\"]}],\"@context\":\"https:\/\/schema.org\",\"startDate\":\"2018-11-11\",\"endDate\":\"2018-11-11\",\"eventStatus\":\"EventScheduled\",\"eventAttendanceMode\":\"OfflineEventAttendanceMode\",\"location\":{\"@type\":\"place\",\"name\":\"\",\"address\":\"\",\"geo\":{\"@type\":\"GeoCoordinates\",\"latitude\":\"\",\"longitude\":\"\"}},\"description\":\"El fin de los imperios tras la Primera Guerra Mundial trajo la restauraci\u00f3n del Estado polaco un 11 de septiembre de 1918. El primer objetivo ser\u00e1 el dif\u00edcil engarce de las viejas provincias, y la defensa de las nuevas fronteras. J\u00f3zef Pi\u0142sudski como nuevo Jefe de Estado y el compositor Ignazy Paderewski como primer ministro se encontraron al frente de un pa\u00eds por reconstruir. A principios de 1920 Wincenty Witos, l\u00edder del partido Campesino fue el nuevo primer ministro. Durante ese periodo, los bolcheviques se hab\u00edan alzado con el poder en Rusia en octubre de 1917 y hab\u00edan firmado la paz con Alemania. Lenin primero aplast\u00f3 a los ej\u00e9rcitos blancos y luego prepar\u00f3 la expansi\u00f3n internacional de la revoluci\u00f3n. La Alemania derrotada, con una enorme poblaci\u00f3n obrera, sin recursos y en la miseria ofrec\u00eda una oportunidad \u00fanica para extender la revoluci\u00f3n al coraz\u00f3n de Europa. Entretanto la retirada de los ej\u00e9rcitos alemanes en el oriente europeo favoreci\u00f3 el nacimiento de nuevas rep\u00fablicas. El 14 de febrero de 1920 Lenin tomaba la orden de atacar Polonia, y creaba el frente del oeste. El comandante bolchevique ser\u00e1 un brillante antiguo oficial del ej\u00e9rcito imperial, Mija\u00edl Nikol\u00e1ievich Tujachevski, de ademanes aristocr\u00e1ticos, que contrastaba con uno de sus m\u00e1s famosos subordinados Semi\u00f3n Mij\u00e1ilovich Budionny, comandante del Primer Ej\u00e9rcito de Caballer\u00eda Roja, situado en Ucrania, quien hab\u00eda cultivado la imagen de horda salvaje para sus hombres, arrasando propiedades, violando mujeres y torturando a sacerdotes y oficiales con crueldad. J\u00f3zef Pi\u0142sudski firm\u00f3 con Simon Petliura, l\u00edder ucraniano, el tratado de Varsovia el 21 de abril de 1920, que confirmaba el apoyo militar polaco a cambio del reconocimiento ucraniano de la frontera. El 25 de abril se inici\u00f3 la ofensiva y el 6 de mayo entraron en la ciudad de Kiev. Sin embargo, la contraofensiva bolchevique oblig\u00f3 a una retirada total que llev\u00f3 a los bolcheviques hasta el V\u00edstula. El 23 de julio Lenin organizo el Comit\u00e9 Revolucionario Polaco. Ese mismo d\u00eda Lenin plante\u00f3 la idea a Stalin, comisario en el frente sudoeste, de iniciar desde Hungr\u00eda una l\u00ednea de avance hacia una Italia que sufr\u00eda intensas revueltas. No obstante, Polonia estaba devastada materialmente pero no espiritualmente, Pi\u0142sudski organiz\u00f3 el patriotismo y la Iglesia levant\u00f3 la moral. El nuncio papal, el cardenal Achille Ratti (futuro P\u00edo XI), y un oficial de la misi\u00f3n francesa, Charles de Gaulle, fueron testigos de lo que iba a acontecer. El 15 de agosto, d\u00eda de la asunci\u00f3n de la Virgen Mar\u00eda, las tropas polacas atacaron el flanco del ej\u00e9rcito bolchevique destrozando sus vanguardias, era \u201cel Milagro del V\u00edstula\u201d. Las fuerzas bolcheviques fueron expulsadas, firm\u00e1ndose la paz en Riga el 18 de marzo de 1921. Polonia hab\u00eda salvado a Europa de una de sus peores pesadillas. Jos\u00e9 Luis Orella Mart\u00ednezHistoriador. Profesor titular de la Universidad CEU-San Pablo\"},{\"@type\":\"ImageObject\",\"inLanguage\":\"pl-PL\",\"@id\":\"https:\/\/instytutpolski.pl\/madrid\/2018\/11\/11\/la-polonia-independiente-el-pais-que-salvo-europa-de-la-revolucion-de-octubre\/#primaryimage\",\"url\":\"https:\/\/instytutpolski.pl\/madrid\/wp-content\/uploads\/sites\/16\/2020\/01\/bolsze.jpg\",\"contentUrl\":\"https:\/\/instytutpolski.pl\/madrid\/wp-content\/uploads\/sites\/16\/2020\/01\/bolsze.jpg\",\"width\":361,\"height\":257,\"caption\":\"Fuente: Narodowe Archiwum Cyfrowe\"},{\"@type\":\"BreadcrumbList\",\"@id\":\"https:\/\/instytutpolski.pl\/madrid\/2018\/11\/11\/la-polonia-independiente-el-pais-que-salvo-europa-de-la-revolucion-de-octubre\/#breadcrumb\",\"itemListElement\":[{\"@type\":\"ListItem\",\"position\":1,\"name\":\"Home\",\"item\":\"https:\/\/instytutpolski.pl\/madrid\/\"},{\"@type\":\"ListItem\",\"position\":2,\"name\":\"La Polonia Independiente: el pa\u00eds que salv\u00f3 Europa de la Revoluci\u00f3n de Octubre\"}]},{\"@type\":\"WebSite\",\"@id\":\"https:\/\/instytutpolski.pl\/madrid\/#website\",\"url\":\"https:\/\/instytutpolski.pl\/madrid\/\",\"name\":\"Instytut Polski w Madrycie\",\"description\":\"Instytuty Polskie\",\"potentialAction\":[{\"@type\":\"SearchAction\",\"target\":{\"@type\":\"EntryPoint\",\"urlTemplate\":\"https:\/\/instytutpolski.pl\/madrid\/?s={search_term_string}\"},\"query-input\":{\"@type\":\"PropertyValueSpecification\",\"valueRequired\":true,\"valueName\":\"search_term_string\"}}],\"inLanguage\":\"pl-PL\"},{\"@type\":\"Person\",\"@id\":\"https:\/\/instytutpolski.pl\/madrid\/#\/schema\/person\/2ef2ed85f88ad5d4e4f921140b5edc8d\",\"name\":\"kowalczyke\",\"image\":{\"@type\":\"ImageObject\",\"inLanguage\":\"pl-PL\",\"@id\":\"https:\/\/instytutpolski.pl\/madrid\/#\/schema\/person\/image\/\",\"url\":\"https:\/\/secure.gravatar.com\/avatar\/2b384c7336ca78295f66224d3a33e434?s=96&d=mm&r=g\",\"contentUrl\":\"https:\/\/secure.gravatar.com\/avatar\/2b384c7336ca78295f66224d3a33e434?s=96&d=mm&r=g\",\"caption\":\"kowalczyke\"},\"sameAs\":[\"http:\/\/lukasz.sienkiewicz@msz.gov.pl\"],\"url\":\"https:\/\/instytutpolski.pl\/madrid\/author\/kowalczyke\/\"}]}<\/script>\n<!-- \/ Yoast SEO plugin. -->","yoast_head_json":{"title":"La Polonia Independiente: el pa\u00eds que salv\u00f3 Europa de la Revoluci\u00f3n de Octubre - Instytut Polski w Madrycie","robots":{"index":"index","follow":"follow","max-snippet":"max-snippet:-1","max-image-preview":"max-image-preview:large","max-video-preview":"max-video-preview:-1"},"canonical":"https:\/\/instytutpolski.pl\/madrid\/2018\/11\/11\/la-polonia-independiente-el-pais-que-salvo-europa-de-la-revolucion-de-octubre\/","og_locale":"pl_PL","og_type":"article","og_title":"La Polonia Independiente: el pa\u00eds que salv\u00f3 Europa de la Revoluci\u00f3n de Octubre - Instytut Polski w Madrycie","og_description":"El fin de los imperios tras la Primera Guerra Mundial trajo la restauraci\u00f3n del Estado polaco un 11 de septiembre de 1918. El primer objetivo ser\u00e1 el dif\u00edcil engarce de las viejas provincias, y la defensa de las nuevas fronteras. J\u00f3zef Pi\u0142sudski como nuevo Jefe de Estado y el compositor Ignazy Paderewski como primer ministro [&hellip;]","og_url":"https:\/\/instytutpolski.pl\/madrid\/2018\/11\/11\/la-polonia-independiente-el-pais-que-salvo-europa-de-la-revolucion-de-octubre\/","og_site_name":"Instytut Polski w Madrycie","article_published_time":"2018-11-11T16:29:00+00:00","article_modified_time":"2020-01-28T16:31:22+00:00","og_image":[{"width":361,"height":257,"url":"https:\/\/instytutpolski.pl\/madrid\/wp-content\/uploads\/sites\/16\/2020\/01\/bolsze.jpg","type":"image\/jpeg"}],"author":"kowalczyke","twitter_card":"summary_large_image","twitter_misc":{"Napisane przez":"kowalczyke","Szacowany czas czytania":"3 minuty"},"schema":{"@context":"https:\/\/schema.org","@graph":[{"@type":"event","@id":"https:\/\/instytutpolski.pl\/madrid\/2018\/11\/11\/la-polonia-independiente-el-pais-que-salvo-europa-de-la-revolucion-de-octubre\/","url":"https:\/\/instytutpolski.pl\/madrid\/2018\/11\/11\/la-polonia-independiente-el-pais-que-salvo-europa-de-la-revolucion-de-octubre\/","name":"La Polonia Independiente: el pa\u00eds que salv\u00f3 Europa de la Revoluci\u00f3n de Octubre","isPartOf":{"@id":"https:\/\/instytutpolski.pl\/madrid\/#website"},"primaryImageOfPage":{"@id":"https:\/\/instytutpolski.pl\/madrid\/2018\/11\/11\/la-polonia-independiente-el-pais-que-salvo-europa-de-la-revolucion-de-octubre\/#primaryimage"},"image":["https:\/\/instytutpolski.pl\/madrid\/wp-content\/uploads\/sites\/16\/2020\/01\/bolsze.jpg","https:\/\/instytutpolski.pl\/madrid\/wp-content\/uploads\/sites\/16\/2020\/01\/bolsze-300x214.jpg","https:\/\/instytutpolski.pl\/madrid\/wp-content\/uploads\/sites\/16\/2020\/01\/bolsze.jpg","https:\/\/instytutpolski.pl\/madrid\/wp-content\/uploads\/sites\/16\/2020\/01\/bolsze.jpg"],"thumbnailUrl":"https:\/\/instytutpolski.pl\/madrid\/wp-content\/uploads\/sites\/16\/2020\/01\/bolsze.jpg","datePublished":"2018-11-11T16:29:00+02:00","dateModified":"2020-01-28T16:31:22+02:00","author":{"@id":"https:\/\/instytutpolski.pl\/madrid\/#\/schema\/person\/2ef2ed85f88ad5d4e4f921140b5edc8d"},"breadcrumb":{"@id":"https:\/\/instytutpolski.pl\/madrid\/2018\/11\/11\/la-polonia-independiente-el-pais-que-salvo-europa-de-la-revolucion-de-octubre\/#breadcrumb"},"inLanguage":"pl-PL","potentialAction":[{"@type":"ReadAction","target":["https:\/\/instytutpolski.pl\/madrid\/2018\/11\/11\/la-polonia-independiente-el-pais-que-salvo-europa-de-la-revolucion-de-octubre\/"]}],"@context":"https:\/\/schema.org","startDate":"2018-11-11","endDate":"2018-11-11","eventStatus":"EventScheduled","eventAttendanceMode":"OfflineEventAttendanceMode","location":{"@type":"place","name":"","address":"","geo":{"@type":"GeoCoordinates","latitude":"","longitude":""}},"description":"El fin de los imperios tras la Primera Guerra Mundial trajo la restauraci\u00f3n del Estado polaco un 11 de septiembre de 1918. El primer objetivo ser\u00e1 el dif\u00edcil engarce de las viejas provincias, y la defensa de las nuevas fronteras. J\u00f3zef Pi\u0142sudski como nuevo Jefe de Estado y el compositor Ignazy Paderewski como primer ministro se encontraron al frente de un pa\u00eds por reconstruir. A principios de 1920 Wincenty Witos, l\u00edder del partido Campesino fue el nuevo primer ministro. Durante ese periodo, los bolcheviques se hab\u00edan alzado con el poder en Rusia en octubre de 1917 y hab\u00edan firmado la paz con Alemania. Lenin primero aplast\u00f3 a los ej\u00e9rcitos blancos y luego prepar\u00f3 la expansi\u00f3n internacional de la revoluci\u00f3n. La Alemania derrotada, con una enorme poblaci\u00f3n obrera, sin recursos y en la miseria ofrec\u00eda una oportunidad \u00fanica para extender la revoluci\u00f3n al coraz\u00f3n de Europa. Entretanto la retirada de los ej\u00e9rcitos alemanes en el oriente europeo favoreci\u00f3 el nacimiento de nuevas rep\u00fablicas. El 14 de febrero de 1920 Lenin tomaba la orden de atacar Polonia, y creaba el frente del oeste. El comandante bolchevique ser\u00e1 un brillante antiguo oficial del ej\u00e9rcito imperial, Mija\u00edl Nikol\u00e1ievich Tujachevski, de ademanes aristocr\u00e1ticos, que contrastaba con uno de sus m\u00e1s famosos subordinados Semi\u00f3n Mij\u00e1ilovich Budionny, comandante del Primer Ej\u00e9rcito de Caballer\u00eda Roja, situado en Ucrania, quien hab\u00eda cultivado la imagen de horda salvaje para sus hombres, arrasando propiedades, violando mujeres y torturando a sacerdotes y oficiales con crueldad. J\u00f3zef Pi\u0142sudski firm\u00f3 con Simon Petliura, l\u00edder ucraniano, el tratado de Varsovia el 21 de abril de 1920, que confirmaba el apoyo militar polaco a cambio del reconocimiento ucraniano de la frontera. El 25 de abril se inici\u00f3 la ofensiva y el 6 de mayo entraron en la ciudad de Kiev. Sin embargo, la contraofensiva bolchevique oblig\u00f3 a una retirada total que llev\u00f3 a los bolcheviques hasta el V\u00edstula. El 23 de julio Lenin organizo el Comit\u00e9 Revolucionario Polaco. Ese mismo d\u00eda Lenin plante\u00f3 la idea a Stalin, comisario en el frente sudoeste, de iniciar desde Hungr\u00eda una l\u00ednea de avance hacia una Italia que sufr\u00eda intensas revueltas. No obstante, Polonia estaba devastada materialmente pero no espiritualmente, Pi\u0142sudski organiz\u00f3 el patriotismo y la Iglesia levant\u00f3 la moral. El nuncio papal, el cardenal Achille Ratti (futuro P\u00edo XI), y un oficial de la misi\u00f3n francesa, Charles de Gaulle, fueron testigos de lo que iba a acontecer. El 15 de agosto, d\u00eda de la asunci\u00f3n de la Virgen Mar\u00eda, las tropas polacas atacaron el flanco del ej\u00e9rcito bolchevique destrozando sus vanguardias, era \u201cel Milagro del V\u00edstula\u201d. Las fuerzas bolcheviques fueron expulsadas, firm\u00e1ndose la paz en Riga el 18 de marzo de 1921. Polonia hab\u00eda salvado a Europa de una de sus peores pesadillas. Jos\u00e9 Luis Orella Mart\u00ednezHistoriador. Profesor titular de la Universidad CEU-San Pablo"},{"@type":"ImageObject","inLanguage":"pl-PL","@id":"https:\/\/instytutpolski.pl\/madrid\/2018\/11\/11\/la-polonia-independiente-el-pais-que-salvo-europa-de-la-revolucion-de-octubre\/#primaryimage","url":"https:\/\/instytutpolski.pl\/madrid\/wp-content\/uploads\/sites\/16\/2020\/01\/bolsze.jpg","contentUrl":"https:\/\/instytutpolski.pl\/madrid\/wp-content\/uploads\/sites\/16\/2020\/01\/bolsze.jpg","width":361,"height":257,"caption":"Fuente: Narodowe Archiwum Cyfrowe"},{"@type":"BreadcrumbList","@id":"https:\/\/instytutpolski.pl\/madrid\/2018\/11\/11\/la-polonia-independiente-el-pais-que-salvo-europa-de-la-revolucion-de-octubre\/#breadcrumb","itemListElement":[{"@type":"ListItem","position":1,"name":"Home","item":"https:\/\/instytutpolski.pl\/madrid\/"},{"@type":"ListItem","position":2,"name":"La Polonia Independiente: el pa\u00eds que salv\u00f3 Europa de la Revoluci\u00f3n de Octubre"}]},{"@type":"WebSite","@id":"https:\/\/instytutpolski.pl\/madrid\/#website","url":"https:\/\/instytutpolski.pl\/madrid\/","name":"Instytut Polski w Madrycie","description":"Instytuty Polskie","potentialAction":[{"@type":"SearchAction","target":{"@type":"EntryPoint","urlTemplate":"https:\/\/instytutpolski.pl\/madrid\/?s={search_term_string}"},"query-input":{"@type":"PropertyValueSpecification","valueRequired":true,"valueName":"search_term_string"}}],"inLanguage":"pl-PL"},{"@type":"Person","@id":"https:\/\/instytutpolski.pl\/madrid\/#\/schema\/person\/2ef2ed85f88ad5d4e4f921140b5edc8d","name":"kowalczyke","image":{"@type":"ImageObject","inLanguage":"pl-PL","@id":"https:\/\/instytutpolski.pl\/madrid\/#\/schema\/person\/image\/","url":"https:\/\/secure.gravatar.com\/avatar\/2b384c7336ca78295f66224d3a33e434?s=96&d=mm&r=g","contentUrl":"https:\/\/secure.gravatar.com\/avatar\/2b384c7336ca78295f66224d3a33e434?s=96&d=mm&r=g","caption":"kowalczyke"},"sameAs":["http:\/\/lukasz.sienkiewicz@msz.gov.pl"],"url":"https:\/\/instytutpolski.pl\/madrid\/author\/kowalczyke\/"}]}},"_links":{"self":[{"href":"https:\/\/instytutpolski.pl\/madrid\/wp-json\/wp\/v2\/posts\/1526","targetHints":{"allow":["GET"]}}],"collection":[{"href":"https:\/\/instytutpolski.pl\/madrid\/wp-json\/wp\/v2\/posts"}],"about":[{"href":"https:\/\/instytutpolski.pl\/madrid\/wp-json\/wp\/v2\/types\/post"}],"author":[{"embeddable":true,"href":"https:\/\/instytutpolski.pl\/madrid\/wp-json\/wp\/v2\/users\/51"}],"replies":[{"embeddable":true,"href":"https:\/\/instytutpolski.pl\/madrid\/wp-json\/wp\/v2\/comments?post=1526"}],"version-history":[{"count":3,"href":"https:\/\/instytutpolski.pl\/madrid\/wp-json\/wp\/v2\/posts\/1526\/revisions"}],"predecessor-version":[{"id":1530,"href":"https:\/\/instytutpolski.pl\/madrid\/wp-json\/wp\/v2\/posts\/1526\/revisions\/1530"}],"wp:featuredmedia":[{"embeddable":true,"href":"https:\/\/instytutpolski.pl\/madrid\/wp-json\/wp\/v2\/media\/1527"}],"wp:attachment":[{"href":"https:\/\/instytutpolski.pl\/madrid\/wp-json\/wp\/v2\/media?parent=1526"}],"wp:term":[{"taxonomy":"category","embeddable":true,"href":"https:\/\/instytutpolski.pl\/madrid\/wp-json\/wp\/v2\/categories?post=1526"},{"taxonomy":"post_tag","embeddable":true,"href":"https:\/\/instytutpolski.pl\/madrid\/wp-json\/wp\/v2\/tags?post=1526"}],"curies":[{"name":"wp","href":"https:\/\/api.w.org\/{rel}","templated":true}]}}