{"id":1546,"date":"2018-10-27T15:06:00","date_gmt":"2018-10-27T13:06:00","guid":{"rendered":"https:\/\/instytutpolski.pl\/madrid\/?p=1546"},"modified":"2020-05-07T13:22:23","modified_gmt":"2020-05-07T11:22:23","slug":"la-compositora-polaca-alina-blonska-reestrena-su-kantate-christ-ist-erstanden","status":"publish","type":"post","link":"https:\/\/instytutpolski.pl\/madrid\/2018\/10\/27\/la-compositora-polaca-alina-blonska-reestrena-su-kantate-christ-ist-erstanden\/","title":{"rendered":"La compositora polaca Alina B\u0142o\u0144ska reestrena su Kantate &#8222;Christ ist erstanden&#8221;"},"content":{"rendered":"\n<p>Obra vocal-instrumental compuesta con motivo de la conmemoraci\u00f3n del 500 Aniversario de la Reforma Luterana y encargo de la Iglesia Alemana de Madrid \u2013donde tendr\u00e1 lugar su reestreno. (El estreno absoluto se produjo en X de 2017.)<br>D\u00eda: 27 de octubre<br>Lugar: Iglesia Alemana Paseo de la Castellana, 6<br>Hora:19.30<\/p>\n\n\n\n<p>Su idea principal gira entorno a la figura de Mart\u00edn Lutero, buscando especialmente acercar su pensamiento espiritual a los oyentes que no pertenecen a la Deutschsprachige Friedenskirche de Madrid. Por este motivo en la cantata se han incluido fragmentos escogidos directamente de sus escritos.<br>El t\u00edtulo hace referencia a la canci\u00f3n pascual alemana \u201cChrist ist erstanden\u201d, que desempe\u00f1a un papel relevante a lo largo de toda la obra. Con ella se pretende retomar un g\u00e9nero musical llevado a la perfecci\u00f3n por el genial compositor Johann Sebastian Bach.<\/p>\n\n\n\n<p>Int\u00e9rpretes:<br>Agnieszka Grzywacz&nbsp;&nbsp; \u2013 soprano<br>Alexis Heath&nbsp;&nbsp;&nbsp;&nbsp;&nbsp;&nbsp;&nbsp;&nbsp;&nbsp;&nbsp;&nbsp;&nbsp; &nbsp;\u2013 bar\u00edtono<br>Silvia Mondino&nbsp;&nbsp;&nbsp;&nbsp;&nbsp;&nbsp;&nbsp;&nbsp;&nbsp;&nbsp; \u2013 viol\u00edn barroco I<br>Roc\u00edo Almansa&nbsp;&nbsp;&nbsp;&nbsp;&nbsp;&nbsp;&nbsp;&nbsp;&nbsp; &nbsp;\u2013 viol\u00edn barroco II<br>Sara Vivioso&nbsp;&nbsp;&nbsp;&nbsp;&nbsp;&nbsp;&nbsp;&nbsp;&nbsp;&nbsp;&nbsp;&nbsp; &nbsp;\u2013 violonchelo barroco<br>Oscar Gallego &nbsp;&nbsp;&nbsp;&nbsp;&nbsp;&nbsp;&nbsp;&nbsp;&nbsp; &nbsp;\u2013 viola da gamba<br>Luis Mazorra &nbsp;&nbsp;&nbsp;&nbsp;&nbsp;&nbsp;&nbsp;&nbsp;&nbsp;&nbsp;&nbsp; \u2013 \u00f3rgano<\/p>\n\n\n\n<p>Direcci\u00f3n:&nbsp;Alejandro Trapero<\/p>\n\n\n\n<p>ALINA B\u0141O\u0143SKA<\/p>\n\n\n\n<p><br>Compositora polaca residente en Madrid. Realiza sus estudios de composici\u00f3n y m\u00fasica electroac\u00fastica en el Conservatorio Superior \u201cKarol Lipi\u0144ski\u201d de Wroc\u0142aw (Polonia), donde se grad\u00faa con honores en 2002.<br>Su producci\u00f3n creativa comprende obras para instrumentos a solo, de c\u00e1mara, vocales, orquestales y electroac\u00fasticas, siendo una de sus principales fuentes de inspiraci\u00f3n la m\u00fasica antigua. Por su doble condici\u00f3n de compositora e hispanista (licenciada por la Universidad de Wroc\u0142aw) siente una especial atracci\u00f3n por la cultura espa\u00f1ola que se deja traslucir en sus obras.<br>Caracterizadas \u00e9stas por su sobriedad arm\u00f3nica, su b\u00fasqueda t\u00edmbrica y su car\u00e1cter dram\u00e1tico e \u00edntimo, han sido estrenadas en los festivales de m\u00fasica contempor\u00e1nea m\u00e1s prestigiosos de Polonia (Oto\u00f1o de Varsovia, D\u00edas Internacionales de la M\u00fasica de los Compositores de Cracovia, Festiwal Muzyki Polskiej o Musica Polonica Nova de Wroc\u0142aw), as\u00ed como en Francia, Inglaterra, Bielorrusia, Alemania y en Suecia (donde represent\u00f3 al Polish Music Information Centre en el concierto de IAMIC -International Association of Music Information Centres-). Fuera de Europa sus obras han formado parte de los XXIV y XXXII Foros Internacionales de M\u00fasica Nueva Manuel Enr\u00edquez, de M\u00e9xico. En Espa\u00f1a han sido presentadas en las XVI-XVII Jornadas de Inform\u00e1tica y Electr\u00f3nica Musical, la XXXIV Semana Internacional de \u00d3rgano de Madrid, la V Convenci\u00f3n Internacional de Percusi\u00f3n de Mallorca, el VI Festival Joven de M\u00fasica Cl\u00e1sica de Segovia y los Encuentros de Composici\u00f3n Injuve 2001-2002.<br>Tras haber obtenido el t\u00edtulo de Doctora en composici\u00f3n en 2011, Alina B\u0142o\u0144ska imparte conferencias sobre la m\u00fasica polaca contempor\u00e1nea en Espa\u00f1a y la m\u00fasica espa\u00f1ola en Polonia.<br>En octubre del 2016 tuvo lugar en la Iglesia de San Antonio de los Alemanes de Madrid su concierto monogr\u00e1fico. Un proyecto realizado en colaboraci\u00f3n con el Laboratorio de Inform\u00e1tica y Electr\u00f3nica Musical &#8211; Centro de Tecnolog\u00eda del Espect\u00e1culo (instituci\u00f3n dependiente de INAEM) y patrocinado por el Instituto Polaco de Cultura.<br>Tras haber obtenido el t\u00edtulo de Doctora en composici\u00f3n en 2011, Alina B\u0142o\u0144ska imparte conferencias sobre la m\u00fasica polaca contempor\u00e1nea en Espa\u00f1a y la m\u00fasica espa\u00f1ola en Polonia.<br>En la actualidad ha recibido un encargo de la Embajada de su pa\u00eds por el 100 Aniversario de la Independencia de Polonia.<\/p>\n","protected":false},"excerpt":{"rendered":"<p>Obra vocal-instrumental compuesta con motivo de la conmemoraci\u00f3n del 500 Aniversario de la Reforma Luterana y encargo de la Iglesia Alemana de Madrid \u2013donde tendr\u00e1 lugar su reestreno. (El estreno absoluto se produjo en X de 2017.)D\u00eda: 27 de octubreLugar: Iglesia Alemana Paseo de la Castellana, 6Hora:19.30 Su idea principal gira entorno a la figura [&hellip;]<\/p>\n","protected":false},"author":51,"featured_media":1547,"comment_status":"open","ping_status":"open","sticky":false,"template":"","format":"standard","meta":{"inline_featured_image":false,"_monsterinsights_skip_tracking":false,"_monsterinsights_sitenote_active":false,"_monsterinsights_sitenote_note":"","_monsterinsights_sitenote_category":0,"footnotes":""},"categories":[89,1],"tags":[],"class_list":["post-1546","post","type-post","status-publish","format-standard","has-post-thumbnail","hentry","category-musica","category-noticias"],"yoast_head":"<!-- This site is optimized with the Yoast SEO plugin v24.6 - https:\/\/yoast.com\/wordpress\/plugins\/seo\/ -->\n<title>La compositora polaca Alina B\u0142o\u0144ska reestrena su Kantate &quot;Christ ist erstanden&quot; - Instytut Polski w Madrycie<\/title>\n<meta name=\"robots\" content=\"index, follow, max-snippet:-1, max-image-preview:large, max-video-preview:-1\" \/>\n<link rel=\"canonical\" href=\"https:\/\/instytutpolski.pl\/madrid\/2018\/10\/27\/la-compositora-polaca-alina-blonska-reestrena-su-kantate-christ-ist-erstanden\/\" \/>\n<meta property=\"og:locale\" content=\"pl_PL\" \/>\n<meta property=\"og:type\" content=\"article\" \/>\n<meta property=\"og:title\" content=\"La compositora polaca Alina B\u0142o\u0144ska reestrena su Kantate &quot;Christ ist erstanden&quot; - Instytut Polski w Madrycie\" \/>\n<meta property=\"og:description\" content=\"Obra vocal-instrumental compuesta con motivo de la conmemoraci\u00f3n del 500 Aniversario de la Reforma Luterana y encargo de la Iglesia Alemana de Madrid \u2013donde tendr\u00e1 lugar su reestreno. (El estreno absoluto se produjo en X de 2017.)D\u00eda: 27 de octubreLugar: Iglesia Alemana Paseo de la Castellana, 6Hora:19.30 Su idea principal gira entorno a la figura [&hellip;]\" \/>\n<meta property=\"og:url\" content=\"https:\/\/instytutpolski.pl\/madrid\/2018\/10\/27\/la-compositora-polaca-alina-blonska-reestrena-su-kantate-christ-ist-erstanden\/\" \/>\n<meta property=\"og:site_name\" content=\"Instytut Polski w Madrycie\" \/>\n<meta property=\"article:published_time\" content=\"2018-10-27T13:06:00+00:00\" \/>\n<meta property=\"article:modified_time\" content=\"2020-05-07T11:22:23+00:00\" \/>\n<meta property=\"og:image\" content=\"https:\/\/instytutpolski.pl\/madrid\/wp-content\/uploads\/sites\/16\/2020\/01\/orgelkonzert_friedenskirche.jpg\" \/>\n\t<meta property=\"og:image:width\" content=\"361\" \/>\n\t<meta property=\"og:image:height\" content=\"510\" \/>\n\t<meta property=\"og:image:type\" content=\"image\/jpeg\" \/>\n<meta name=\"author\" content=\"kowalczyke\" \/>\n<meta name=\"twitter:card\" content=\"summary_large_image\" \/>\n<meta name=\"twitter:label1\" content=\"Napisane przez\" \/>\n\t<meta name=\"twitter:data1\" content=\"kowalczyke\" \/>\n\t<meta name=\"twitter:label2\" content=\"Szacowany czas czytania\" \/>\n\t<meta name=\"twitter:data2\" content=\"3 minuty\" \/>\n<script type=\"application\/ld+json\" class=\"yoast-schema-graph\">{\"@context\":\"https:\/\/schema.org\",\"@graph\":[{\"@type\":\"event\",\"@id\":\"https:\/\/instytutpolski.pl\/madrid\/2018\/10\/27\/la-compositora-polaca-alina-blonska-reestrena-su-kantate-christ-ist-erstanden\/\",\"url\":\"https:\/\/instytutpolski.pl\/madrid\/2018\/10\/27\/la-compositora-polaca-alina-blonska-reestrena-su-kantate-christ-ist-erstanden\/\",\"name\":\"La compositora polaca Alina B\u0142o\u0144ska reestrena su Kantate \\\"Christ ist erstanden\\\"\",\"isPartOf\":{\"@id\":\"https:\/\/instytutpolski.pl\/madrid\/#website\"},\"primaryImageOfPage\":{\"@id\":\"https:\/\/instytutpolski.pl\/madrid\/2018\/10\/27\/la-compositora-polaca-alina-blonska-reestrena-su-kantate-christ-ist-erstanden\/#primaryimage\"},\"image\":[\"https:\/\/instytutpolski.pl\/madrid\/wp-content\/uploads\/sites\/16\/2020\/01\/orgelkonzert_friedenskirche.jpg\",\"https:\/\/instytutpolski.pl\/madrid\/wp-content\/uploads\/sites\/16\/2020\/01\/orgelkonzert_friedenskirche-212x300.jpg\",\"https:\/\/instytutpolski.pl\/madrid\/wp-content\/uploads\/sites\/16\/2020\/01\/orgelkonzert_friedenskirche.jpg\",\"https:\/\/instytutpolski.pl\/madrid\/wp-content\/uploads\/sites\/16\/2020\/01\/orgelkonzert_friedenskirche.jpg\"],\"thumbnailUrl\":\"https:\/\/instytutpolski.pl\/madrid\/wp-content\/uploads\/sites\/16\/2020\/01\/orgelkonzert_friedenskirche.jpg\",\"datePublished\":\"2018-10-27T13:06:00+02:00\",\"dateModified\":\"2020-05-07T11:22:23+02:00\",\"author\":{\"@id\":\"https:\/\/instytutpolski.pl\/madrid\/#\/schema\/person\/2ef2ed85f88ad5d4e4f921140b5edc8d\"},\"breadcrumb\":{\"@id\":\"https:\/\/instytutpolski.pl\/madrid\/2018\/10\/27\/la-compositora-polaca-alina-blonska-reestrena-su-kantate-christ-ist-erstanden\/#breadcrumb\"},\"inLanguage\":\"pl-PL\",\"potentialAction\":[{\"@type\":\"ReadAction\",\"target\":[\"https:\/\/instytutpolski.pl\/madrid\/2018\/10\/27\/la-compositora-polaca-alina-blonska-reestrena-su-kantate-christ-ist-erstanden\/\"]}],\"@context\":\"https:\/\/schema.org\",\"startDate\":\"2018-10-27\",\"endDate\":\"2018-10-27\",\"eventStatus\":\"EventScheduled\",\"eventAttendanceMode\":\"OfflineEventAttendanceMode\",\"location\":{\"@type\":\"place\",\"name\":\"\",\"address\":\"\",\"geo\":{\"@type\":\"GeoCoordinates\",\"latitude\":\"\",\"longitude\":\"\"}},\"description\":\"Obra vocal-instrumental compuesta con motivo de la conmemoraci\u00f3n del 500 Aniversario de la Reforma Luterana y encargo de la Iglesia Alemana de Madrid \u2013donde tendr\u00e1 lugar su reestreno. (El estreno absoluto se produjo en X de 2017.)D\u00eda: 27 de octubreLugar: Iglesia Alemana Paseo de la Castellana, 6Hora:19.30\\nSu idea principal gira entorno a la figura de Mart\u00edn Lutero, buscando especialmente acercar su pensamiento espiritual a los oyentes que no pertenecen a la Deutschsprachige Friedenskirche de Madrid. Por este motivo en la cantata se han incluido fragmentos escogidos directamente de sus escritos.El t\u00edtulo hace referencia a la canci\u00f3n pascual alemana \u201cChrist ist erstanden\u201d, que desempe\u00f1a un papel relevante a lo largo de toda la obra. Con ella se pretende retomar un g\u00e9nero musical llevado a la perfecci\u00f3n por el genial compositor Johann Sebastian Bach.\\nInt\u00e9rpretes:Agnieszka Grzywacz   \u2013 sopranoAlexis Heath              \u2013 bar\u00edtonoSilvia Mondino           \u2013 viol\u00edn barroco IRoc\u00edo Almansa           \u2013 viol\u00edn barroco IISara Vivioso              \u2013 violonchelo barrocoOscar Gallego            \u2013 viola da gambaLuis Mazorra             \u2013 \u00f3rgano\\nDirecci\u00f3n: Alejandro Trapero\\nALINA B\u0141O\u0143SKA\\nCompositora polaca residente en Madrid. Realiza sus estudios de composici\u00f3n y m\u00fasica electroac\u00fastica en el Conservatorio Superior \u201cKarol Lipi\u0144ski\u201d de Wroc\u0142aw (Polonia), donde se grad\u00faa con honores en 2002.Su producci\u00f3n creativa comprende obras para instrumentos a solo, de c\u00e1mara, vocales, orquestales y electroac\u00fasticas, siendo una de sus principales fuentes de inspiraci\u00f3n la m\u00fasica antigua. Por su doble condici\u00f3n de compositora e hispanista (licenciada por la Universidad de Wroc\u0142aw) siente una especial atracci\u00f3n por la cultura espa\u00f1ola que se deja traslucir en sus obras.Caracterizadas \u00e9stas por su sobriedad arm\u00f3nica, su b\u00fasqueda t\u00edmbrica y su car\u00e1cter dram\u00e1tico e \u00edntimo, han sido estrenadas en los festivales de m\u00fasica contempor\u00e1nea m\u00e1s prestigiosos de Polonia (Oto\u00f1o de Varsovia, D\u00edas Internacionales de la M\u00fasica de los Compositores de Cracovia, Festiwal Muzyki Polskiej o Musica Polonica Nova de Wroc\u0142aw), as\u00ed como en Francia, Inglaterra, Bielorrusia, Alemania y en Suecia (donde represent\u00f3 al Polish Music Information Centre en el concierto de IAMIC -International Association of Music Information Centres-). Fuera de Europa sus obras han formado parte de los XXIV y XXXII Foros Internacionales de M\u00fasica Nueva Manuel Enr\u00edquez, de M\u00e9xico. En Espa\u00f1a han sido presentadas en las XVI-XVII Jornadas de Inform\u00e1tica y Electr\u00f3nica Musical, la XXXIV Semana Internacional de \u00d3rgano de Madrid, la V Convenci\u00f3n Internacional de Percusi\u00f3n de Mallorca, el VI Festival Joven de M\u00fasica Cl\u00e1sica de Segovia y los Encuentros de Composici\u00f3n Injuve 2001-2002.Tras haber obtenido el t\u00edtulo de Doctora en composici\u00f3n en 2011, Alina B\u0142o\u0144ska imparte conferencias sobre la m\u00fasica polaca contempor\u00e1nea en Espa\u00f1a y la m\u00fasica espa\u00f1ola en Polonia.En octubre del 2016 tuvo lugar en la Iglesia de San Antonio de los Alemanes de Madrid su concierto monogr\u00e1fico. Un proyecto realizado en colaboraci\u00f3n con el Laboratorio de Inform\u00e1tica y Electr\u00f3nica Musical - Centro de Tecnolog\u00eda del Espect\u00e1culo (instituci\u00f3n dependiente de INAEM) y patrocinado por el Instituto Polaco de Cultura.Tras haber obtenido el t\u00edtulo de Doctora en composici\u00f3n en 2011, Alina B\u0142o\u0144ska imparte conferencias sobre la m\u00fasica polaca contempor\u00e1nea en Espa\u00f1a y la m\u00fasica espa\u00f1ola en Polonia.En la actualidad ha recibido un encargo de la Embajada de su pa\u00eds por el 100 Aniversario de la Independencia de Polonia.\"},{\"@type\":\"ImageObject\",\"inLanguage\":\"pl-PL\",\"@id\":\"https:\/\/instytutpolski.pl\/madrid\/2018\/10\/27\/la-compositora-polaca-alina-blonska-reestrena-su-kantate-christ-ist-erstanden\/#primaryimage\",\"url\":\"https:\/\/instytutpolski.pl\/madrid\/wp-content\/uploads\/sites\/16\/2020\/01\/orgelkonzert_friedenskirche.jpg\",\"contentUrl\":\"https:\/\/instytutpolski.pl\/madrid\/wp-content\/uploads\/sites\/16\/2020\/01\/orgelkonzert_friedenskirche.jpg\",\"width\":361,\"height\":510},{\"@type\":\"BreadcrumbList\",\"@id\":\"https:\/\/instytutpolski.pl\/madrid\/2018\/10\/27\/la-compositora-polaca-alina-blonska-reestrena-su-kantate-christ-ist-erstanden\/#breadcrumb\",\"itemListElement\":[{\"@type\":\"ListItem\",\"position\":1,\"name\":\"Home\",\"item\":\"https:\/\/instytutpolski.pl\/madrid\/\"},{\"@type\":\"ListItem\",\"position\":2,\"name\":\"La compositora polaca Alina B\u0142o\u0144ska reestrena su Kantate \u00abChrist ist erstanden\u00bb\"}]},{\"@type\":\"WebSite\",\"@id\":\"https:\/\/instytutpolski.pl\/madrid\/#website\",\"url\":\"https:\/\/instytutpolski.pl\/madrid\/\",\"name\":\"Instytut Polski w Madrycie\",\"description\":\"Instytuty Polskie\",\"potentialAction\":[{\"@type\":\"SearchAction\",\"target\":{\"@type\":\"EntryPoint\",\"urlTemplate\":\"https:\/\/instytutpolski.pl\/madrid\/?s={search_term_string}\"},\"query-input\":{\"@type\":\"PropertyValueSpecification\",\"valueRequired\":true,\"valueName\":\"search_term_string\"}}],\"inLanguage\":\"pl-PL\"},{\"@type\":\"Person\",\"@id\":\"https:\/\/instytutpolski.pl\/madrid\/#\/schema\/person\/2ef2ed85f88ad5d4e4f921140b5edc8d\",\"name\":\"kowalczyke\",\"image\":{\"@type\":\"ImageObject\",\"inLanguage\":\"pl-PL\",\"@id\":\"https:\/\/instytutpolski.pl\/madrid\/#\/schema\/person\/image\/\",\"url\":\"https:\/\/secure.gravatar.com\/avatar\/2b384c7336ca78295f66224d3a33e434?s=96&d=mm&r=g\",\"contentUrl\":\"https:\/\/secure.gravatar.com\/avatar\/2b384c7336ca78295f66224d3a33e434?s=96&d=mm&r=g\",\"caption\":\"kowalczyke\"},\"sameAs\":[\"http:\/\/lukasz.sienkiewicz@msz.gov.pl\"],\"url\":\"https:\/\/instytutpolski.pl\/madrid\/author\/kowalczyke\/\"}]}<\/script>\n<!-- \/ Yoast SEO plugin. -->","yoast_head_json":{"title":"La compositora polaca Alina B\u0142o\u0144ska reestrena su Kantate \"Christ ist erstanden\" - Instytut Polski w Madrycie","robots":{"index":"index","follow":"follow","max-snippet":"max-snippet:-1","max-image-preview":"max-image-preview:large","max-video-preview":"max-video-preview:-1"},"canonical":"https:\/\/instytutpolski.pl\/madrid\/2018\/10\/27\/la-compositora-polaca-alina-blonska-reestrena-su-kantate-christ-ist-erstanden\/","og_locale":"pl_PL","og_type":"article","og_title":"La compositora polaca Alina B\u0142o\u0144ska reestrena su Kantate \"Christ ist erstanden\" - Instytut Polski w Madrycie","og_description":"Obra vocal-instrumental compuesta con motivo de la conmemoraci\u00f3n del 500 Aniversario de la Reforma Luterana y encargo de la Iglesia Alemana de Madrid \u2013donde tendr\u00e1 lugar su reestreno. (El estreno absoluto se produjo en X de 2017.)D\u00eda: 27 de octubreLugar: Iglesia Alemana Paseo de la Castellana, 6Hora:19.30 Su idea principal gira entorno a la figura [&hellip;]","og_url":"https:\/\/instytutpolski.pl\/madrid\/2018\/10\/27\/la-compositora-polaca-alina-blonska-reestrena-su-kantate-christ-ist-erstanden\/","og_site_name":"Instytut Polski w Madrycie","article_published_time":"2018-10-27T13:06:00+00:00","article_modified_time":"2020-05-07T11:22:23+00:00","og_image":[{"width":361,"height":510,"url":"https:\/\/instytutpolski.pl\/madrid\/wp-content\/uploads\/sites\/16\/2020\/01\/orgelkonzert_friedenskirche.jpg","type":"image\/jpeg"}],"author":"kowalczyke","twitter_card":"summary_large_image","twitter_misc":{"Napisane przez":"kowalczyke","Szacowany czas czytania":"3 minuty"},"schema":{"@context":"https:\/\/schema.org","@graph":[{"@type":"event","@id":"https:\/\/instytutpolski.pl\/madrid\/2018\/10\/27\/la-compositora-polaca-alina-blonska-reestrena-su-kantate-christ-ist-erstanden\/","url":"https:\/\/instytutpolski.pl\/madrid\/2018\/10\/27\/la-compositora-polaca-alina-blonska-reestrena-su-kantate-christ-ist-erstanden\/","name":"La compositora polaca Alina B\u0142o\u0144ska reestrena su Kantate \"Christ ist erstanden\"","isPartOf":{"@id":"https:\/\/instytutpolski.pl\/madrid\/#website"},"primaryImageOfPage":{"@id":"https:\/\/instytutpolski.pl\/madrid\/2018\/10\/27\/la-compositora-polaca-alina-blonska-reestrena-su-kantate-christ-ist-erstanden\/#primaryimage"},"image":["https:\/\/instytutpolski.pl\/madrid\/wp-content\/uploads\/sites\/16\/2020\/01\/orgelkonzert_friedenskirche.jpg","https:\/\/instytutpolski.pl\/madrid\/wp-content\/uploads\/sites\/16\/2020\/01\/orgelkonzert_friedenskirche-212x300.jpg","https:\/\/instytutpolski.pl\/madrid\/wp-content\/uploads\/sites\/16\/2020\/01\/orgelkonzert_friedenskirche.jpg","https:\/\/instytutpolski.pl\/madrid\/wp-content\/uploads\/sites\/16\/2020\/01\/orgelkonzert_friedenskirche.jpg"],"thumbnailUrl":"https:\/\/instytutpolski.pl\/madrid\/wp-content\/uploads\/sites\/16\/2020\/01\/orgelkonzert_friedenskirche.jpg","datePublished":"2018-10-27T13:06:00+02:00","dateModified":"2020-05-07T11:22:23+02:00","author":{"@id":"https:\/\/instytutpolski.pl\/madrid\/#\/schema\/person\/2ef2ed85f88ad5d4e4f921140b5edc8d"},"breadcrumb":{"@id":"https:\/\/instytutpolski.pl\/madrid\/2018\/10\/27\/la-compositora-polaca-alina-blonska-reestrena-su-kantate-christ-ist-erstanden\/#breadcrumb"},"inLanguage":"pl-PL","potentialAction":[{"@type":"ReadAction","target":["https:\/\/instytutpolski.pl\/madrid\/2018\/10\/27\/la-compositora-polaca-alina-blonska-reestrena-su-kantate-christ-ist-erstanden\/"]}],"@context":"https:\/\/schema.org","startDate":"2018-10-27","endDate":"2018-10-27","eventStatus":"EventScheduled","eventAttendanceMode":"OfflineEventAttendanceMode","location":{"@type":"place","name":"","address":"","geo":{"@type":"GeoCoordinates","latitude":"","longitude":""}},"description":"Obra vocal-instrumental compuesta con motivo de la conmemoraci\u00f3n del 500 Aniversario de la Reforma Luterana y encargo de la Iglesia Alemana de Madrid \u2013donde tendr\u00e1 lugar su reestreno. (El estreno absoluto se produjo en X de 2017.)D\u00eda: 27 de octubreLugar: Iglesia Alemana Paseo de la Castellana, 6Hora:19.30\nSu idea principal gira entorno a la figura de Mart\u00edn Lutero, buscando especialmente acercar su pensamiento espiritual a los oyentes que no pertenecen a la Deutschsprachige Friedenskirche de Madrid. Por este motivo en la cantata se han incluido fragmentos escogidos directamente de sus escritos.El t\u00edtulo hace referencia a la canci\u00f3n pascual alemana \u201cChrist ist erstanden\u201d, que desempe\u00f1a un papel relevante a lo largo de toda la obra. Con ella se pretende retomar un g\u00e9nero musical llevado a la perfecci\u00f3n por el genial compositor Johann Sebastian Bach.\nInt\u00e9rpretes:Agnieszka Grzywacz   \u2013 sopranoAlexis Heath              \u2013 bar\u00edtonoSilvia Mondino           \u2013 viol\u00edn barroco IRoc\u00edo Almansa           \u2013 viol\u00edn barroco IISara Vivioso              \u2013 violonchelo barrocoOscar Gallego            \u2013 viola da gambaLuis Mazorra             \u2013 \u00f3rgano\nDirecci\u00f3n: Alejandro Trapero\nALINA B\u0141O\u0143SKA\nCompositora polaca residente en Madrid. Realiza sus estudios de composici\u00f3n y m\u00fasica electroac\u00fastica en el Conservatorio Superior \u201cKarol Lipi\u0144ski\u201d de Wroc\u0142aw (Polonia), donde se grad\u00faa con honores en 2002.Su producci\u00f3n creativa comprende obras para instrumentos a solo, de c\u00e1mara, vocales, orquestales y electroac\u00fasticas, siendo una de sus principales fuentes de inspiraci\u00f3n la m\u00fasica antigua. Por su doble condici\u00f3n de compositora e hispanista (licenciada por la Universidad de Wroc\u0142aw) siente una especial atracci\u00f3n por la cultura espa\u00f1ola que se deja traslucir en sus obras.Caracterizadas \u00e9stas por su sobriedad arm\u00f3nica, su b\u00fasqueda t\u00edmbrica y su car\u00e1cter dram\u00e1tico e \u00edntimo, han sido estrenadas en los festivales de m\u00fasica contempor\u00e1nea m\u00e1s prestigiosos de Polonia (Oto\u00f1o de Varsovia, D\u00edas Internacionales de la M\u00fasica de los Compositores de Cracovia, Festiwal Muzyki Polskiej o Musica Polonica Nova de Wroc\u0142aw), as\u00ed como en Francia, Inglaterra, Bielorrusia, Alemania y en Suecia (donde represent\u00f3 al Polish Music Information Centre en el concierto de IAMIC -International Association of Music Information Centres-). Fuera de Europa sus obras han formado parte de los XXIV y XXXII Foros Internacionales de M\u00fasica Nueva Manuel Enr\u00edquez, de M\u00e9xico. En Espa\u00f1a han sido presentadas en las XVI-XVII Jornadas de Inform\u00e1tica y Electr\u00f3nica Musical, la XXXIV Semana Internacional de \u00d3rgano de Madrid, la V Convenci\u00f3n Internacional de Percusi\u00f3n de Mallorca, el VI Festival Joven de M\u00fasica Cl\u00e1sica de Segovia y los Encuentros de Composici\u00f3n Injuve 2001-2002.Tras haber obtenido el t\u00edtulo de Doctora en composici\u00f3n en 2011, Alina B\u0142o\u0144ska imparte conferencias sobre la m\u00fasica polaca contempor\u00e1nea en Espa\u00f1a y la m\u00fasica espa\u00f1ola en Polonia.En octubre del 2016 tuvo lugar en la Iglesia de San Antonio de los Alemanes de Madrid su concierto monogr\u00e1fico. Un proyecto realizado en colaboraci\u00f3n con el Laboratorio de Inform\u00e1tica y Electr\u00f3nica Musical - Centro de Tecnolog\u00eda del Espect\u00e1culo (instituci\u00f3n dependiente de INAEM) y patrocinado por el Instituto Polaco de Cultura.Tras haber obtenido el t\u00edtulo de Doctora en composici\u00f3n en 2011, Alina B\u0142o\u0144ska imparte conferencias sobre la m\u00fasica polaca contempor\u00e1nea en Espa\u00f1a y la m\u00fasica espa\u00f1ola en Polonia.En la actualidad ha recibido un encargo de la Embajada de su pa\u00eds por el 100 Aniversario de la Independencia de Polonia."},{"@type":"ImageObject","inLanguage":"pl-PL","@id":"https:\/\/instytutpolski.pl\/madrid\/2018\/10\/27\/la-compositora-polaca-alina-blonska-reestrena-su-kantate-christ-ist-erstanden\/#primaryimage","url":"https:\/\/instytutpolski.pl\/madrid\/wp-content\/uploads\/sites\/16\/2020\/01\/orgelkonzert_friedenskirche.jpg","contentUrl":"https:\/\/instytutpolski.pl\/madrid\/wp-content\/uploads\/sites\/16\/2020\/01\/orgelkonzert_friedenskirche.jpg","width":361,"height":510},{"@type":"BreadcrumbList","@id":"https:\/\/instytutpolski.pl\/madrid\/2018\/10\/27\/la-compositora-polaca-alina-blonska-reestrena-su-kantate-christ-ist-erstanden\/#breadcrumb","itemListElement":[{"@type":"ListItem","position":1,"name":"Home","item":"https:\/\/instytutpolski.pl\/madrid\/"},{"@type":"ListItem","position":2,"name":"La compositora polaca Alina B\u0142o\u0144ska reestrena su Kantate \u00abChrist ist erstanden\u00bb"}]},{"@type":"WebSite","@id":"https:\/\/instytutpolski.pl\/madrid\/#website","url":"https:\/\/instytutpolski.pl\/madrid\/","name":"Instytut Polski w Madrycie","description":"Instytuty Polskie","potentialAction":[{"@type":"SearchAction","target":{"@type":"EntryPoint","urlTemplate":"https:\/\/instytutpolski.pl\/madrid\/?s={search_term_string}"},"query-input":{"@type":"PropertyValueSpecification","valueRequired":true,"valueName":"search_term_string"}}],"inLanguage":"pl-PL"},{"@type":"Person","@id":"https:\/\/instytutpolski.pl\/madrid\/#\/schema\/person\/2ef2ed85f88ad5d4e4f921140b5edc8d","name":"kowalczyke","image":{"@type":"ImageObject","inLanguage":"pl-PL","@id":"https:\/\/instytutpolski.pl\/madrid\/#\/schema\/person\/image\/","url":"https:\/\/secure.gravatar.com\/avatar\/2b384c7336ca78295f66224d3a33e434?s=96&d=mm&r=g","contentUrl":"https:\/\/secure.gravatar.com\/avatar\/2b384c7336ca78295f66224d3a33e434?s=96&d=mm&r=g","caption":"kowalczyke"},"sameAs":["http:\/\/lukasz.sienkiewicz@msz.gov.pl"],"url":"https:\/\/instytutpolski.pl\/madrid\/author\/kowalczyke\/"}]}},"_links":{"self":[{"href":"https:\/\/instytutpolski.pl\/madrid\/wp-json\/wp\/v2\/posts\/1546","targetHints":{"allow":["GET"]}}],"collection":[{"href":"https:\/\/instytutpolski.pl\/madrid\/wp-json\/wp\/v2\/posts"}],"about":[{"href":"https:\/\/instytutpolski.pl\/madrid\/wp-json\/wp\/v2\/types\/post"}],"author":[{"embeddable":true,"href":"https:\/\/instytutpolski.pl\/madrid\/wp-json\/wp\/v2\/users\/51"}],"replies":[{"embeddable":true,"href":"https:\/\/instytutpolski.pl\/madrid\/wp-json\/wp\/v2\/comments?post=1546"}],"version-history":[{"count":4,"href":"https:\/\/instytutpolski.pl\/madrid\/wp-json\/wp\/v2\/posts\/1546\/revisions"}],"predecessor-version":[{"id":3988,"href":"https:\/\/instytutpolski.pl\/madrid\/wp-json\/wp\/v2\/posts\/1546\/revisions\/3988"}],"wp:featuredmedia":[{"embeddable":true,"href":"https:\/\/instytutpolski.pl\/madrid\/wp-json\/wp\/v2\/media\/1547"}],"wp:attachment":[{"href":"https:\/\/instytutpolski.pl\/madrid\/wp-json\/wp\/v2\/media?parent=1546"}],"wp:term":[{"taxonomy":"category","embeddable":true,"href":"https:\/\/instytutpolski.pl\/madrid\/wp-json\/wp\/v2\/categories?post=1546"},{"taxonomy":"post_tag","embeddable":true,"href":"https:\/\/instytutpolski.pl\/madrid\/wp-json\/wp\/v2\/tags?post=1546"}],"curies":[{"name":"wp","href":"https:\/\/api.w.org\/{rel}","templated":true}]}}