{"id":1586,"date":"2018-10-19T15:39:00","date_gmt":"2018-10-19T13:39:00","guid":{"rendered":"https:\/\/instytutpolski.pl\/madrid\/?p=1586"},"modified":"2020-01-29T15:41:29","modified_gmt":"2020-01-29T14:41:29","slug":"jornada-juan-pablo-ii-y-la-mutacion-del-siglo-xx-con-la-colaboracion-de-la-universidad-de-navarra","status":"publish","type":"post","link":"https:\/\/instytutpolski.pl\/madrid\/2018\/10\/19\/jornada-juan-pablo-ii-y-la-mutacion-del-siglo-xx-con-la-colaboracion-de-la-universidad-de-navarra\/","title":{"rendered":"Jornada \u201cJuan Pablo II y la mutaci\u00f3n del siglo XX\u201d. Con la colaboraci\u00f3n de la Universidad de Navarra"},"content":{"rendered":"\n<p>\n\nPara celebrar el 40\u00ba aniversario del principio delpontificado de Juan Pablo II (1978-2018), el Instituto Polaco de Cultura, en colaboraci\u00f3n con la Universidad de Navarra, organiza la Jornada \u201cJuan Pablo II y la mutaci\u00f3n del siglo XX\u201d el pr\u00f3ximo 19 de octubre, con intervenciones, entre otros, del profesor Rocco Buttiglione y del Monse\u00f1or Slawomir Oder, Postulador de causa de canonizaci\u00f3n de Juan Pablo II.<strong><br>Jornada internacional \u201cJuan Pablo II y la mutaci\u00f3n del siglo XX\u201d<\/strong><br>Pamplona, viernes, 19 de octubre de 2018<br>PROGRAMA<br>9:15&nbsp;Recepci\u00f3n de los participantes y entrega de documentaci\u00f3n<br>9:30&nbsp;Presentaci\u00f3n de la Jornada<br>9:45&nbsp;Primera sesi\u00f3n. En el inesperado final del siglo XX.\u201cJuan Pablo II en su tiempo y en la interpretaci\u00f3n de su tiempo\u201dProf. Dr. Pablo P\u00e9rez L\u00f3pez, Catedr\u00e1tico de Historia Contempor\u00e1nea, Universidad de Navarra\u201cJuan Pablo II: un perfil biogr\u00e1fico\u201dMons. Slawomir Oder, Postulador de causa de canonizaci\u00f3n de Juan Pablo II.Vicario judicial del Tribunal Ordinario de la di\u00f3cesis de RomaDebate<br>11:30&nbsp;Pausa caf\u00e9<br>12:00&nbsp;Segunda sesi\u00f3n. Siglo XX y pensamiento.\u201cKarol Wojtyla, fil\u00f3sofo\u201dDr. Mariano Crespo, Investigador del ICS, Universidad de Navarra\u201cKarol Wojty\u0142a&#8217;s philosophical answer to the anthropological&nbsp;turn of modernity\u201dProf. Dr. Alfred Wierzbicki, Catedr\u00e1tico de \u00c9tica, Universidad Cat\u00f3lica Juan Pablo II de Lublin<br>14:00&nbsp;Comida<br>16:15&nbsp;Tercera Sesi\u00f3n. Teolog\u00eda y gobierno de la Iglesia.&nbsp;\u201cJuan Pablo II: un estilo conciliar\u201dGabriel Richi Alberti, Catedr\u00e1tico de Teolog\u00eda Sistem\u00e1tica, Universidad Eclesi\u00e1stica San D\u00e1maso en Madrid&nbsp;\u201cImpacto teol\u00f3gico de Juan Pablo II\u201dJuan Luis Lorda, Profesor Ordinario de Teolog\u00eda Dogm\u00e1tica, Universidad de NavarraDebate<br>17:45&nbsp;Pausa caf\u00e9.<br>18:15&nbsp;Conferencia final.\u201cLa acci\u00f3n transformadora de Juan Pablo II y el final del siglo XX\u201d. Prof. Dr. Rocco Buttiglione&nbsp;<br>19:30&nbsp;Clausura.<br>Comit\u00e9 organizador:Dr. Pablo P\u00e9rez L\u00f3pez (Universidad de Navarra)Dr. Jos\u00e9 Ram\u00f3n Villar (Universidad de Navarra)Dr. Mariano Crespo (Universidad de Navarra)D. Lukasz Gr\u00fctzmacher (Instituto Polaco de Cultura en Madrid)Dra. Anna K. Dulska (ICS, Universidad de Navarra)\n\n<\/p>\n","protected":false},"excerpt":{"rendered":"<p>Para celebrar el 40\u00ba aniversario del principio delpontificado de Juan Pablo II (1978-2018), el Instituto Polaco de Cultura, en colaboraci\u00f3n con la Universidad de Navarra, organiza la Jornada \u201cJuan Pablo II y la mutaci\u00f3n del siglo XX\u201d el pr\u00f3ximo 19 de octubre, con intervenciones, entre otros, del profesor Rocco Buttiglione y del Monse\u00f1or Slawomir Oder, [&hellip;]<\/p>\n","protected":false},"author":51,"featured_media":1587,"comment_status":"open","ping_status":"open","sticky":false,"template":"","format":"standard","meta":{"inline_featured_image":false,"_monsterinsights_skip_tracking":false,"_monsterinsights_sitenote_active":false,"_monsterinsights_sitenote_note":"","_monsterinsights_sitenote_category":0,"footnotes":""},"categories":[25],"tags":[],"class_list":["post-1586","post","type-post","status-publish","format-standard","has-post-thumbnail","hentry","category-eventos"],"yoast_head":"<!-- This site is optimized with the Yoast SEO plugin v24.6 - https:\/\/yoast.com\/wordpress\/plugins\/seo\/ -->\n<title>Jornada \u201cJuan Pablo II y la mutaci\u00f3n del siglo XX\u201d. Con la colaboraci\u00f3n de la Universidad de Navarra - Instytut Polski w Madrycie<\/title>\n<meta name=\"robots\" content=\"index, follow, max-snippet:-1, max-image-preview:large, max-video-preview:-1\" \/>\n<link rel=\"canonical\" href=\"https:\/\/instytutpolski.pl\/madrid\/2018\/10\/19\/jornada-juan-pablo-ii-y-la-mutacion-del-siglo-xx-con-la-colaboracion-de-la-universidad-de-navarra\/\" \/>\n<meta property=\"og:locale\" content=\"pl_PL\" \/>\n<meta property=\"og:type\" content=\"article\" \/>\n<meta property=\"og:title\" content=\"Jornada \u201cJuan Pablo II y la mutaci\u00f3n del siglo XX\u201d. Con la colaboraci\u00f3n de la Universidad de Navarra - Instytut Polski w Madrycie\" \/>\n<meta property=\"og:description\" content=\"Para celebrar el 40\u00ba aniversario del principio delpontificado de Juan Pablo II (1978-2018), el Instituto Polaco de Cultura, en colaboraci\u00f3n con la Universidad de Navarra, organiza la Jornada \u201cJuan Pablo II y la mutaci\u00f3n del siglo XX\u201d el pr\u00f3ximo 19 de octubre, con intervenciones, entre otros, del profesor Rocco Buttiglione y del Monse\u00f1or Slawomir Oder, [&hellip;]\" \/>\n<meta property=\"og:url\" content=\"https:\/\/instytutpolski.pl\/madrid\/2018\/10\/19\/jornada-juan-pablo-ii-y-la-mutacion-del-siglo-xx-con-la-colaboracion-de-la-universidad-de-navarra\/\" \/>\n<meta property=\"og:site_name\" content=\"Instytut Polski w Madrycie\" \/>\n<meta property=\"article:published_time\" content=\"2018-10-19T13:39:00+00:00\" \/>\n<meta property=\"article:modified_time\" content=\"2020-01-29T14:41:29+00:00\" \/>\n<meta property=\"og:image\" content=\"https:\/\/instytutpolski.pl\/madrid\/wp-content\/uploads\/sites\/16\/2020\/01\/pamplona.jpg\" \/>\n\t<meta property=\"og:image:width\" content=\"361\" \/>\n\t<meta property=\"og:image:height\" content=\"240\" \/>\n\t<meta property=\"og:image:type\" content=\"image\/jpeg\" \/>\n<meta name=\"author\" content=\"kowalczyke\" \/>\n<meta name=\"twitter:card\" content=\"summary_large_image\" \/>\n<meta name=\"twitter:label1\" content=\"Napisane przez\" \/>\n\t<meta name=\"twitter:data1\" content=\"kowalczyke\" \/>\n\t<meta name=\"twitter:label2\" content=\"Szacowany czas czytania\" \/>\n\t<meta name=\"twitter:data2\" content=\"2 minuty\" \/>\n<script type=\"application\/ld+json\" class=\"yoast-schema-graph\">{\"@context\":\"https:\/\/schema.org\",\"@graph\":[{\"@type\":\"event\",\"@id\":\"https:\/\/instytutpolski.pl\/madrid\/2018\/10\/19\/jornada-juan-pablo-ii-y-la-mutacion-del-siglo-xx-con-la-colaboracion-de-la-universidad-de-navarra\/\",\"url\":\"https:\/\/instytutpolski.pl\/madrid\/2018\/10\/19\/jornada-juan-pablo-ii-y-la-mutacion-del-siglo-xx-con-la-colaboracion-de-la-universidad-de-navarra\/\",\"name\":\"Jornada \u201cJuan Pablo II y la mutaci\u00f3n del siglo XX\u201d. Con la colaboraci\u00f3n de la Universidad de Navarra\",\"isPartOf\":{\"@id\":\"https:\/\/instytutpolski.pl\/madrid\/#website\"},\"primaryImageOfPage\":{\"@id\":\"https:\/\/instytutpolski.pl\/madrid\/2018\/10\/19\/jornada-juan-pablo-ii-y-la-mutacion-del-siglo-xx-con-la-colaboracion-de-la-universidad-de-navarra\/#primaryimage\"},\"image\":[\"https:\/\/instytutpolski.pl\/madrid\/wp-content\/uploads\/sites\/16\/2020\/01\/pamplona.jpg\",\"https:\/\/instytutpolski.pl\/madrid\/wp-content\/uploads\/sites\/16\/2020\/01\/pamplona-300x199.jpg\",\"https:\/\/instytutpolski.pl\/madrid\/wp-content\/uploads\/sites\/16\/2020\/01\/pamplona.jpg\",\"https:\/\/instytutpolski.pl\/madrid\/wp-content\/uploads\/sites\/16\/2020\/01\/pamplona.jpg\"],\"thumbnailUrl\":\"https:\/\/instytutpolski.pl\/madrid\/wp-content\/uploads\/sites\/16\/2020\/01\/pamplona.jpg\",\"datePublished\":\"2018-10-19T13:39:00+02:00\",\"dateModified\":\"2020-01-29T14:41:29+02:00\",\"author\":{\"@id\":\"https:\/\/instytutpolski.pl\/madrid\/#\/schema\/person\/2ef2ed85f88ad5d4e4f921140b5edc8d\"},\"breadcrumb\":{\"@id\":\"https:\/\/instytutpolski.pl\/madrid\/2018\/10\/19\/jornada-juan-pablo-ii-y-la-mutacion-del-siglo-xx-con-la-colaboracion-de-la-universidad-de-navarra\/#breadcrumb\"},\"inLanguage\":\"pl-PL\",\"potentialAction\":[{\"@type\":\"ReadAction\",\"target\":[\"https:\/\/instytutpolski.pl\/madrid\/2018\/10\/19\/jornada-juan-pablo-ii-y-la-mutacion-del-siglo-xx-con-la-colaboracion-de-la-universidad-de-navarra\/\"]}],\"@context\":\"https:\/\/schema.org\",\"startDate\":\"2018-10-19\",\"endDate\":\"2018-10-19\",\"eventStatus\":\"EventScheduled\",\"eventAttendanceMode\":\"OfflineEventAttendanceMode\",\"location\":{\"@type\":\"place\",\"name\":\"\",\"address\":\"\",\"geo\":{\"@type\":\"GeoCoordinates\",\"latitude\":\"\",\"longitude\":\"\"}},\"description\":\"Para celebrar el 40\u00ba aniversario del principio delpontificado de Juan Pablo II (1978-2018), el Instituto Polaco de Cultura, en colaboraci\u00f3n con la Universidad de Navarra, organiza la Jornada \u201cJuan Pablo II y la mutaci\u00f3n del siglo XX\u201d el pr\u00f3ximo 19 de octubre, con intervenciones, entre otros, del profesor Rocco Buttiglione y del Monse\u00f1or Slawomir Oder, Postulador de causa de canonizaci\u00f3n de Juan Pablo II.Jornada internacional \u201cJuan Pablo II y la mutaci\u00f3n del siglo XX\u201dPamplona, viernes, 19 de octubre de 2018PROGRAMA9:15 Recepci\u00f3n de los participantes y entrega de documentaci\u00f3n9:30 Presentaci\u00f3n de la Jornada9:45 Primera sesi\u00f3n. En el inesperado final del siglo XX.\u201cJuan Pablo II en su tiempo y en la interpretaci\u00f3n de su tiempo\u201dProf. Dr. Pablo P\u00e9rez L\u00f3pez, Catedr\u00e1tico de Historia Contempor\u00e1nea, Universidad de Navarra\u201cJuan Pablo II: un perfil biogr\u00e1fico\u201dMons. Slawomir Oder, Postulador de causa de canonizaci\u00f3n de Juan Pablo II.Vicario judicial del Tribunal Ordinario de la di\u00f3cesis de RomaDebate11:30 Pausa caf\u00e912:00 Segunda sesi\u00f3n. Siglo XX y pensamiento.\u201cKarol Wojtyla, fil\u00f3sofo\u201dDr. Mariano Crespo, Investigador del ICS, Universidad de Navarra\u201cKarol Wojty\u0142a's philosophical answer to the anthropological turn of modernity\u201dProf. Dr. Alfred Wierzbicki, Catedr\u00e1tico de \u00c9tica, Universidad Cat\u00f3lica Juan Pablo II de Lublin14:00 Comida16:15 Tercera Sesi\u00f3n. Teolog\u00eda y gobierno de la Iglesia. \u201cJuan Pablo II: un estilo conciliar\u201dGabriel Richi Alberti, Catedr\u00e1tico de Teolog\u00eda Sistem\u00e1tica, Universidad Eclesi\u00e1stica San D\u00e1maso en Madrid \u201cImpacto teol\u00f3gico de Juan Pablo II\u201dJuan Luis Lorda, Profesor Ordinario de Teolog\u00eda Dogm\u00e1tica, Universidad de NavarraDebate17:45 Pausa caf\u00e9.18:15 Conferencia final.\u201cLa acci\u00f3n transformadora de Juan Pablo II y el final del siglo XX\u201d. Prof. Dr. Rocco Buttiglione 19:30 Clausura.Comit\u00e9 organizador:Dr. Pablo P\u00e9rez L\u00f3pez (Universidad de Navarra)Dr. Jos\u00e9 Ram\u00f3n Villar (Universidad de Navarra)Dr. Mariano Crespo (Universidad de Navarra)D. Lukasz Gr\u00fctzmacher (Instituto Polaco de Cultura en Madrid)Dra. Anna K. Dulska (ICS, Universidad de Navarra)\"},{\"@type\":\"ImageObject\",\"inLanguage\":\"pl-PL\",\"@id\":\"https:\/\/instytutpolski.pl\/madrid\/2018\/10\/19\/jornada-juan-pablo-ii-y-la-mutacion-del-siglo-xx-con-la-colaboracion-de-la-universidad-de-navarra\/#primaryimage\",\"url\":\"https:\/\/instytutpolski.pl\/madrid\/wp-content\/uploads\/sites\/16\/2020\/01\/pamplona.jpg\",\"contentUrl\":\"https:\/\/instytutpolski.pl\/madrid\/wp-content\/uploads\/sites\/16\/2020\/01\/pamplona.jpg\",\"width\":361,\"height\":240},{\"@type\":\"BreadcrumbList\",\"@id\":\"https:\/\/instytutpolski.pl\/madrid\/2018\/10\/19\/jornada-juan-pablo-ii-y-la-mutacion-del-siglo-xx-con-la-colaboracion-de-la-universidad-de-navarra\/#breadcrumb\",\"itemListElement\":[{\"@type\":\"ListItem\",\"position\":1,\"name\":\"Home\",\"item\":\"https:\/\/instytutpolski.pl\/madrid\/\"},{\"@type\":\"ListItem\",\"position\":2,\"name\":\"Jornada \u201cJuan Pablo II y la mutaci\u00f3n del siglo XX\u201d. Con la colaboraci\u00f3n de la Universidad de Navarra\"}]},{\"@type\":\"WebSite\",\"@id\":\"https:\/\/instytutpolski.pl\/madrid\/#website\",\"url\":\"https:\/\/instytutpolski.pl\/madrid\/\",\"name\":\"Instytut Polski w Madrycie\",\"description\":\"Instytuty Polskie\",\"potentialAction\":[{\"@type\":\"SearchAction\",\"target\":{\"@type\":\"EntryPoint\",\"urlTemplate\":\"https:\/\/instytutpolski.pl\/madrid\/?s={search_term_string}\"},\"query-input\":{\"@type\":\"PropertyValueSpecification\",\"valueRequired\":true,\"valueName\":\"search_term_string\"}}],\"inLanguage\":\"pl-PL\"},{\"@type\":\"Person\",\"@id\":\"https:\/\/instytutpolski.pl\/madrid\/#\/schema\/person\/2ef2ed85f88ad5d4e4f921140b5edc8d\",\"name\":\"kowalczyke\",\"image\":{\"@type\":\"ImageObject\",\"inLanguage\":\"pl-PL\",\"@id\":\"https:\/\/instytutpolski.pl\/madrid\/#\/schema\/person\/image\/\",\"url\":\"https:\/\/secure.gravatar.com\/avatar\/2b384c7336ca78295f66224d3a33e434?s=96&d=mm&r=g\",\"contentUrl\":\"https:\/\/secure.gravatar.com\/avatar\/2b384c7336ca78295f66224d3a33e434?s=96&d=mm&r=g\",\"caption\":\"kowalczyke\"},\"sameAs\":[\"http:\/\/lukasz.sienkiewicz@msz.gov.pl\"],\"url\":\"https:\/\/instytutpolski.pl\/madrid\/author\/kowalczyke\/\"}]}<\/script>\n<!-- \/ Yoast SEO plugin. -->","yoast_head_json":{"title":"Jornada \u201cJuan Pablo II y la mutaci\u00f3n del siglo XX\u201d. Con la colaboraci\u00f3n de la Universidad de Navarra - Instytut Polski w Madrycie","robots":{"index":"index","follow":"follow","max-snippet":"max-snippet:-1","max-image-preview":"max-image-preview:large","max-video-preview":"max-video-preview:-1"},"canonical":"https:\/\/instytutpolski.pl\/madrid\/2018\/10\/19\/jornada-juan-pablo-ii-y-la-mutacion-del-siglo-xx-con-la-colaboracion-de-la-universidad-de-navarra\/","og_locale":"pl_PL","og_type":"article","og_title":"Jornada \u201cJuan Pablo II y la mutaci\u00f3n del siglo XX\u201d. Con la colaboraci\u00f3n de la Universidad de Navarra - Instytut Polski w Madrycie","og_description":"Para celebrar el 40\u00ba aniversario del principio delpontificado de Juan Pablo II (1978-2018), el Instituto Polaco de Cultura, en colaboraci\u00f3n con la Universidad de Navarra, organiza la Jornada \u201cJuan Pablo II y la mutaci\u00f3n del siglo XX\u201d el pr\u00f3ximo 19 de octubre, con intervenciones, entre otros, del profesor Rocco Buttiglione y del Monse\u00f1or Slawomir Oder, [&hellip;]","og_url":"https:\/\/instytutpolski.pl\/madrid\/2018\/10\/19\/jornada-juan-pablo-ii-y-la-mutacion-del-siglo-xx-con-la-colaboracion-de-la-universidad-de-navarra\/","og_site_name":"Instytut Polski w Madrycie","article_published_time":"2018-10-19T13:39:00+00:00","article_modified_time":"2020-01-29T14:41:29+00:00","og_image":[{"width":361,"height":240,"url":"https:\/\/instytutpolski.pl\/madrid\/wp-content\/uploads\/sites\/16\/2020\/01\/pamplona.jpg","type":"image\/jpeg"}],"author":"kowalczyke","twitter_card":"summary_large_image","twitter_misc":{"Napisane przez":"kowalczyke","Szacowany czas czytania":"2 minuty"},"schema":{"@context":"https:\/\/schema.org","@graph":[{"@type":"event","@id":"https:\/\/instytutpolski.pl\/madrid\/2018\/10\/19\/jornada-juan-pablo-ii-y-la-mutacion-del-siglo-xx-con-la-colaboracion-de-la-universidad-de-navarra\/","url":"https:\/\/instytutpolski.pl\/madrid\/2018\/10\/19\/jornada-juan-pablo-ii-y-la-mutacion-del-siglo-xx-con-la-colaboracion-de-la-universidad-de-navarra\/","name":"Jornada \u201cJuan Pablo II y la mutaci\u00f3n del siglo XX\u201d. Con la colaboraci\u00f3n de la Universidad de Navarra","isPartOf":{"@id":"https:\/\/instytutpolski.pl\/madrid\/#website"},"primaryImageOfPage":{"@id":"https:\/\/instytutpolski.pl\/madrid\/2018\/10\/19\/jornada-juan-pablo-ii-y-la-mutacion-del-siglo-xx-con-la-colaboracion-de-la-universidad-de-navarra\/#primaryimage"},"image":["https:\/\/instytutpolski.pl\/madrid\/wp-content\/uploads\/sites\/16\/2020\/01\/pamplona.jpg","https:\/\/instytutpolski.pl\/madrid\/wp-content\/uploads\/sites\/16\/2020\/01\/pamplona-300x199.jpg","https:\/\/instytutpolski.pl\/madrid\/wp-content\/uploads\/sites\/16\/2020\/01\/pamplona.jpg","https:\/\/instytutpolski.pl\/madrid\/wp-content\/uploads\/sites\/16\/2020\/01\/pamplona.jpg"],"thumbnailUrl":"https:\/\/instytutpolski.pl\/madrid\/wp-content\/uploads\/sites\/16\/2020\/01\/pamplona.jpg","datePublished":"2018-10-19T13:39:00+02:00","dateModified":"2020-01-29T14:41:29+02:00","author":{"@id":"https:\/\/instytutpolski.pl\/madrid\/#\/schema\/person\/2ef2ed85f88ad5d4e4f921140b5edc8d"},"breadcrumb":{"@id":"https:\/\/instytutpolski.pl\/madrid\/2018\/10\/19\/jornada-juan-pablo-ii-y-la-mutacion-del-siglo-xx-con-la-colaboracion-de-la-universidad-de-navarra\/#breadcrumb"},"inLanguage":"pl-PL","potentialAction":[{"@type":"ReadAction","target":["https:\/\/instytutpolski.pl\/madrid\/2018\/10\/19\/jornada-juan-pablo-ii-y-la-mutacion-del-siglo-xx-con-la-colaboracion-de-la-universidad-de-navarra\/"]}],"@context":"https:\/\/schema.org","startDate":"2018-10-19","endDate":"2018-10-19","eventStatus":"EventScheduled","eventAttendanceMode":"OfflineEventAttendanceMode","location":{"@type":"place","name":"","address":"","geo":{"@type":"GeoCoordinates","latitude":"","longitude":""}},"description":"Para celebrar el 40\u00ba aniversario del principio delpontificado de Juan Pablo II (1978-2018), el Instituto Polaco de Cultura, en colaboraci\u00f3n con la Universidad de Navarra, organiza la Jornada \u201cJuan Pablo II y la mutaci\u00f3n del siglo XX\u201d el pr\u00f3ximo 19 de octubre, con intervenciones, entre otros, del profesor Rocco Buttiglione y del Monse\u00f1or Slawomir Oder, Postulador de causa de canonizaci\u00f3n de Juan Pablo II.Jornada internacional \u201cJuan Pablo II y la mutaci\u00f3n del siglo XX\u201dPamplona, viernes, 19 de octubre de 2018PROGRAMA9:15 Recepci\u00f3n de los participantes y entrega de documentaci\u00f3n9:30 Presentaci\u00f3n de la Jornada9:45 Primera sesi\u00f3n. En el inesperado final del siglo XX.\u201cJuan Pablo II en su tiempo y en la interpretaci\u00f3n de su tiempo\u201dProf. Dr. Pablo P\u00e9rez L\u00f3pez, Catedr\u00e1tico de Historia Contempor\u00e1nea, Universidad de Navarra\u201cJuan Pablo II: un perfil biogr\u00e1fico\u201dMons. Slawomir Oder, Postulador de causa de canonizaci\u00f3n de Juan Pablo II.Vicario judicial del Tribunal Ordinario de la di\u00f3cesis de RomaDebate11:30 Pausa caf\u00e912:00 Segunda sesi\u00f3n. Siglo XX y pensamiento.\u201cKarol Wojtyla, fil\u00f3sofo\u201dDr. Mariano Crespo, Investigador del ICS, Universidad de Navarra\u201cKarol Wojty\u0142a's philosophical answer to the anthropological turn of modernity\u201dProf. Dr. Alfred Wierzbicki, Catedr\u00e1tico de \u00c9tica, Universidad Cat\u00f3lica Juan Pablo II de Lublin14:00 Comida16:15 Tercera Sesi\u00f3n. Teolog\u00eda y gobierno de la Iglesia. \u201cJuan Pablo II: un estilo conciliar\u201dGabriel Richi Alberti, Catedr\u00e1tico de Teolog\u00eda Sistem\u00e1tica, Universidad Eclesi\u00e1stica San D\u00e1maso en Madrid \u201cImpacto teol\u00f3gico de Juan Pablo II\u201dJuan Luis Lorda, Profesor Ordinario de Teolog\u00eda Dogm\u00e1tica, Universidad de NavarraDebate17:45 Pausa caf\u00e9.18:15 Conferencia final.\u201cLa acci\u00f3n transformadora de Juan Pablo II y el final del siglo XX\u201d. Prof. Dr. Rocco Buttiglione 19:30 Clausura.Comit\u00e9 organizador:Dr. Pablo P\u00e9rez L\u00f3pez (Universidad de Navarra)Dr. Jos\u00e9 Ram\u00f3n Villar (Universidad de Navarra)Dr. Mariano Crespo (Universidad de Navarra)D. Lukasz Gr\u00fctzmacher (Instituto Polaco de Cultura en Madrid)Dra. Anna K. Dulska (ICS, Universidad de Navarra)"},{"@type":"ImageObject","inLanguage":"pl-PL","@id":"https:\/\/instytutpolski.pl\/madrid\/2018\/10\/19\/jornada-juan-pablo-ii-y-la-mutacion-del-siglo-xx-con-la-colaboracion-de-la-universidad-de-navarra\/#primaryimage","url":"https:\/\/instytutpolski.pl\/madrid\/wp-content\/uploads\/sites\/16\/2020\/01\/pamplona.jpg","contentUrl":"https:\/\/instytutpolski.pl\/madrid\/wp-content\/uploads\/sites\/16\/2020\/01\/pamplona.jpg","width":361,"height":240},{"@type":"BreadcrumbList","@id":"https:\/\/instytutpolski.pl\/madrid\/2018\/10\/19\/jornada-juan-pablo-ii-y-la-mutacion-del-siglo-xx-con-la-colaboracion-de-la-universidad-de-navarra\/#breadcrumb","itemListElement":[{"@type":"ListItem","position":1,"name":"Home","item":"https:\/\/instytutpolski.pl\/madrid\/"},{"@type":"ListItem","position":2,"name":"Jornada \u201cJuan Pablo II y la mutaci\u00f3n del siglo XX\u201d. Con la colaboraci\u00f3n de la Universidad de Navarra"}]},{"@type":"WebSite","@id":"https:\/\/instytutpolski.pl\/madrid\/#website","url":"https:\/\/instytutpolski.pl\/madrid\/","name":"Instytut Polski w Madrycie","description":"Instytuty Polskie","potentialAction":[{"@type":"SearchAction","target":{"@type":"EntryPoint","urlTemplate":"https:\/\/instytutpolski.pl\/madrid\/?s={search_term_string}"},"query-input":{"@type":"PropertyValueSpecification","valueRequired":true,"valueName":"search_term_string"}}],"inLanguage":"pl-PL"},{"@type":"Person","@id":"https:\/\/instytutpolski.pl\/madrid\/#\/schema\/person\/2ef2ed85f88ad5d4e4f921140b5edc8d","name":"kowalczyke","image":{"@type":"ImageObject","inLanguage":"pl-PL","@id":"https:\/\/instytutpolski.pl\/madrid\/#\/schema\/person\/image\/","url":"https:\/\/secure.gravatar.com\/avatar\/2b384c7336ca78295f66224d3a33e434?s=96&d=mm&r=g","contentUrl":"https:\/\/secure.gravatar.com\/avatar\/2b384c7336ca78295f66224d3a33e434?s=96&d=mm&r=g","caption":"kowalczyke"},"sameAs":["http:\/\/lukasz.sienkiewicz@msz.gov.pl"],"url":"https:\/\/instytutpolski.pl\/madrid\/author\/kowalczyke\/"}]}},"_links":{"self":[{"href":"https:\/\/instytutpolski.pl\/madrid\/wp-json\/wp\/v2\/posts\/1586","targetHints":{"allow":["GET"]}}],"collection":[{"href":"https:\/\/instytutpolski.pl\/madrid\/wp-json\/wp\/v2\/posts"}],"about":[{"href":"https:\/\/instytutpolski.pl\/madrid\/wp-json\/wp\/v2\/types\/post"}],"author":[{"embeddable":true,"href":"https:\/\/instytutpolski.pl\/madrid\/wp-json\/wp\/v2\/users\/51"}],"replies":[{"embeddable":true,"href":"https:\/\/instytutpolski.pl\/madrid\/wp-json\/wp\/v2\/comments?post=1586"}],"version-history":[{"count":3,"href":"https:\/\/instytutpolski.pl\/madrid\/wp-json\/wp\/v2\/posts\/1586\/revisions"}],"predecessor-version":[{"id":1590,"href":"https:\/\/instytutpolski.pl\/madrid\/wp-json\/wp\/v2\/posts\/1586\/revisions\/1590"}],"wp:featuredmedia":[{"embeddable":true,"href":"https:\/\/instytutpolski.pl\/madrid\/wp-json\/wp\/v2\/media\/1587"}],"wp:attachment":[{"href":"https:\/\/instytutpolski.pl\/madrid\/wp-json\/wp\/v2\/media?parent=1586"}],"wp:term":[{"taxonomy":"category","embeddable":true,"href":"https:\/\/instytutpolski.pl\/madrid\/wp-json\/wp\/v2\/categories?post=1586"},{"taxonomy":"post_tag","embeddable":true,"href":"https:\/\/instytutpolski.pl\/madrid\/wp-json\/wp\/v2\/tags?post=1586"}],"curies":[{"name":"wp","href":"https:\/\/api.w.org\/{rel}","templated":true}]}}