{"id":1749,"date":"2018-06-15T13:58:00","date_gmt":"2018-06-15T11:58:00","guid":{"rendered":"https:\/\/instytutpolski.pl\/madrid\/?p=1749"},"modified":"2020-02-03T14:01:16","modified_gmt":"2020-02-03T13:01:16","slug":"la-revista-historia-y-vida-publica-el-numero-especial-sobre-polonia","status":"publish","type":"post","link":"https:\/\/instytutpolski.pl\/madrid\/2018\/06\/15\/la-revista-historia-y-vida-publica-el-numero-especial-sobre-polonia\/","title":{"rendered":"La revista &#8222;Historia y Vida&#8221; publica el n\u00famero especial sobre Polonia"},"content":{"rendered":"\n<p>\n\nA partir del 15 de junio sale el n\u00famero especial de la revista &#8222;Historia y Vida&#8221; dedicado completamente a Polonia.<br>Coincidiendo con el centenario de la recuperaci\u00f3n de la independencia de Polonia en 1918 llega el n\u00famero especial de la revista de divulgaci\u00f3n hist\u00f3rica m\u00e1s antigua en Espa\u00f1a: &#8222;Historia y Vida&#8221;. En casi 100 p\u00e1ginas los autores abarcan diferentes temas comenzado por los or\u00edgenes del Estado polaco en el siglo X, pasando por su Edad de Oro en el siglo XVI, el periodo de las particiones y las tragedias de la Segunda Guerra Mundial, hasta llegar a la transformaci\u00f3n democr\u00e1tica en 1989. Por supuesto, no pod\u00eda faltar un art\u00edculo dedicado a las relaciones hispano-polacas a lo largo de los siglos. Es una lectura indispesable para todo el lector hispanohablante que quiera aprender y profundizar en la historia y cultura de Polonia.\n\n<\/p>\n","protected":false},"excerpt":{"rendered":"<p>A partir del 15 de junio sale el n\u00famero especial de la revista &#8222;Historia y Vida&#8221; dedicado completamente a Polonia.Coincidiendo con el centenario de la recuperaci\u00f3n de la independencia de Polonia en 1918 llega el n\u00famero especial de la revista de divulgaci\u00f3n hist\u00f3rica m\u00e1s antigua en Espa\u00f1a: &#8222;Historia y Vida&#8221;. En casi 100 p\u00e1ginas los [&hellip;]<\/p>\n","protected":false},"author":51,"featured_media":1750,"comment_status":"open","ping_status":"open","sticky":false,"template":"","format":"standard","meta":{"inline_featured_image":false,"_monsterinsights_skip_tracking":false,"_monsterinsights_sitenote_active":false,"_monsterinsights_sitenote_note":"","_monsterinsights_sitenote_category":0,"footnotes":""},"categories":[1],"tags":[],"class_list":["post-1749","post","type-post","status-publish","format-standard","has-post-thumbnail","hentry","category-noticias"],"yoast_head":"<!-- This site is optimized with the Yoast SEO plugin v24.6 - https:\/\/yoast.com\/wordpress\/plugins\/seo\/ -->\n<title>La revista &quot;Historia y Vida&quot; publica el n\u00famero especial sobre Polonia - Instytut Polski w Madrycie<\/title>\n<meta name=\"robots\" content=\"index, follow, max-snippet:-1, max-image-preview:large, max-video-preview:-1\" \/>\n<link rel=\"canonical\" href=\"https:\/\/instytutpolski.pl\/madrid\/2018\/06\/15\/la-revista-historia-y-vida-publica-el-numero-especial-sobre-polonia\/\" \/>\n<meta property=\"og:locale\" content=\"pl_PL\" \/>\n<meta property=\"og:type\" content=\"article\" \/>\n<meta property=\"og:title\" content=\"La revista &quot;Historia y Vida&quot; publica el n\u00famero especial sobre Polonia - Instytut Polski w Madrycie\" \/>\n<meta property=\"og:description\" content=\"A partir del 15 de junio sale el n\u00famero especial de la revista &#8222;Historia y Vida&#8221; dedicado completamente a Polonia.Coincidiendo con el centenario de la recuperaci\u00f3n de la independencia de Polonia en 1918 llega el n\u00famero especial de la revista de divulgaci\u00f3n hist\u00f3rica m\u00e1s antigua en Espa\u00f1a: &#8222;Historia y Vida&#8221;. En casi 100 p\u00e1ginas los [&hellip;]\" \/>\n<meta property=\"og:url\" content=\"https:\/\/instytutpolski.pl\/madrid\/2018\/06\/15\/la-revista-historia-y-vida-publica-el-numero-especial-sobre-polonia\/\" \/>\n<meta property=\"og:site_name\" content=\"Instytut Polski w Madrycie\" \/>\n<meta property=\"article:published_time\" content=\"2018-06-15T11:58:00+00:00\" \/>\n<meta property=\"article:modified_time\" content=\"2020-02-03T13:01:16+00:00\" \/>\n<meta property=\"og:image\" content=\"https:\/\/instytutpolski.pl\/madrid\/wp-content\/uploads\/sites\/16\/2020\/02\/historia-y-vida.jpg\" \/>\n\t<meta property=\"og:image:width\" content=\"361\" \/>\n\t<meta property=\"og:image:height\" content=\"453\" \/>\n\t<meta property=\"og:image:type\" content=\"image\/jpeg\" \/>\n<meta name=\"author\" content=\"kowalczyke\" \/>\n<meta name=\"twitter:card\" content=\"summary_large_image\" \/>\n<meta name=\"twitter:label1\" content=\"Napisane przez\" \/>\n\t<meta name=\"twitter:data1\" content=\"kowalczyke\" \/>\n\t<meta name=\"twitter:label2\" content=\"Szacowany czas czytania\" \/>\n\t<meta name=\"twitter:data2\" content=\"1 minuta\" \/>\n<script type=\"application\/ld+json\" class=\"yoast-schema-graph\">{\"@context\":\"https:\/\/schema.org\",\"@graph\":[{\"@type\":\"event\",\"@id\":\"https:\/\/instytutpolski.pl\/madrid\/2018\/06\/15\/la-revista-historia-y-vida-publica-el-numero-especial-sobre-polonia\/\",\"url\":\"https:\/\/instytutpolski.pl\/madrid\/2018\/06\/15\/la-revista-historia-y-vida-publica-el-numero-especial-sobre-polonia\/\",\"name\":\"La revista \\\"Historia y Vida\\\" publica el n\u00famero especial sobre Polonia\",\"isPartOf\":{\"@id\":\"https:\/\/instytutpolski.pl\/madrid\/#website\"},\"primaryImageOfPage\":{\"@id\":\"https:\/\/instytutpolski.pl\/madrid\/2018\/06\/15\/la-revista-historia-y-vida-publica-el-numero-especial-sobre-polonia\/#primaryimage\"},\"image\":[\"https:\/\/instytutpolski.pl\/madrid\/wp-content\/uploads\/sites\/16\/2020\/02\/historia-y-vida.jpg\",\"https:\/\/instytutpolski.pl\/madrid\/wp-content\/uploads\/sites\/16\/2020\/02\/historia-y-vida-239x300.jpg\",\"https:\/\/instytutpolski.pl\/madrid\/wp-content\/uploads\/sites\/16\/2020\/02\/historia-y-vida.jpg\",\"https:\/\/instytutpolski.pl\/madrid\/wp-content\/uploads\/sites\/16\/2020\/02\/historia-y-vida.jpg\"],\"thumbnailUrl\":\"https:\/\/instytutpolski.pl\/madrid\/wp-content\/uploads\/sites\/16\/2020\/02\/historia-y-vida.jpg\",\"datePublished\":\"2018-06-15T11:58:00+02:00\",\"dateModified\":\"2020-02-03T13:01:16+02:00\",\"author\":{\"@id\":\"https:\/\/instytutpolski.pl\/madrid\/#\/schema\/person\/2ef2ed85f88ad5d4e4f921140b5edc8d\"},\"breadcrumb\":{\"@id\":\"https:\/\/instytutpolski.pl\/madrid\/2018\/06\/15\/la-revista-historia-y-vida-publica-el-numero-especial-sobre-polonia\/#breadcrumb\"},\"inLanguage\":\"pl-PL\",\"potentialAction\":[{\"@type\":\"ReadAction\",\"target\":[\"https:\/\/instytutpolski.pl\/madrid\/2018\/06\/15\/la-revista-historia-y-vida-publica-el-numero-especial-sobre-polonia\/\"]}],\"@context\":\"https:\/\/schema.org\",\"startDate\":\"2018-06-15\",\"endDate\":\"2018-12-31\",\"eventStatus\":\"EventScheduled\",\"eventAttendanceMode\":\"OfflineEventAttendanceMode\",\"location\":{\"@type\":\"place\",\"name\":\"\",\"address\":\"\",\"geo\":{\"@type\":\"GeoCoordinates\",\"latitude\":\"\",\"longitude\":\"\"}},\"description\":\"A partir del 15 de junio sale el n\u00famero especial de la revista \\\"Historia y Vida\\\" dedicado completamente a Polonia.Coincidiendo con el centenario de la recuperaci\u00f3n de la independencia de Polonia en 1918 llega el n\u00famero especial de la revista de divulgaci\u00f3n hist\u00f3rica m\u00e1s antigua en Espa\u00f1a: \\\"Historia y Vida\\\". En casi 100 p\u00e1ginas los autores abarcan diferentes temas comenzado por los or\u00edgenes del Estado polaco en el siglo X, pasando por su Edad de Oro en el siglo XVI, el periodo de las particiones y las tragedias de la Segunda Guerra Mundial, hasta llegar a la transformaci\u00f3n democr\u00e1tica en 1989. Por supuesto, no pod\u00eda faltar un art\u00edculo dedicado a las relaciones hispano-polacas a lo largo de los siglos. Es una lectura indispesable para todo el lector hispanohablante que quiera aprender y profundizar en la historia y cultura de Polonia.\"},{\"@type\":\"ImageObject\",\"inLanguage\":\"pl-PL\",\"@id\":\"https:\/\/instytutpolski.pl\/madrid\/2018\/06\/15\/la-revista-historia-y-vida-publica-el-numero-especial-sobre-polonia\/#primaryimage\",\"url\":\"https:\/\/instytutpolski.pl\/madrid\/wp-content\/uploads\/sites\/16\/2020\/02\/historia-y-vida.jpg\",\"contentUrl\":\"https:\/\/instytutpolski.pl\/madrid\/wp-content\/uploads\/sites\/16\/2020\/02\/historia-y-vida.jpg\",\"width\":361,\"height\":453},{\"@type\":\"BreadcrumbList\",\"@id\":\"https:\/\/instytutpolski.pl\/madrid\/2018\/06\/15\/la-revista-historia-y-vida-publica-el-numero-especial-sobre-polonia\/#breadcrumb\",\"itemListElement\":[{\"@type\":\"ListItem\",\"position\":1,\"name\":\"Home\",\"item\":\"https:\/\/instytutpolski.pl\/madrid\/\"},{\"@type\":\"ListItem\",\"position\":2,\"name\":\"La revista \u00abHistoria y Vida\u00bb publica el n\u00famero especial sobre Polonia\"}]},{\"@type\":\"WebSite\",\"@id\":\"https:\/\/instytutpolski.pl\/madrid\/#website\",\"url\":\"https:\/\/instytutpolski.pl\/madrid\/\",\"name\":\"Instytut Polski w Madrycie\",\"description\":\"Instytuty Polskie\",\"potentialAction\":[{\"@type\":\"SearchAction\",\"target\":{\"@type\":\"EntryPoint\",\"urlTemplate\":\"https:\/\/instytutpolski.pl\/madrid\/?s={search_term_string}\"},\"query-input\":{\"@type\":\"PropertyValueSpecification\",\"valueRequired\":true,\"valueName\":\"search_term_string\"}}],\"inLanguage\":\"pl-PL\"},{\"@type\":\"Person\",\"@id\":\"https:\/\/instytutpolski.pl\/madrid\/#\/schema\/person\/2ef2ed85f88ad5d4e4f921140b5edc8d\",\"name\":\"kowalczyke\",\"image\":{\"@type\":\"ImageObject\",\"inLanguage\":\"pl-PL\",\"@id\":\"https:\/\/instytutpolski.pl\/madrid\/#\/schema\/person\/image\/\",\"url\":\"https:\/\/secure.gravatar.com\/avatar\/2b384c7336ca78295f66224d3a33e434?s=96&d=mm&r=g\",\"contentUrl\":\"https:\/\/secure.gravatar.com\/avatar\/2b384c7336ca78295f66224d3a33e434?s=96&d=mm&r=g\",\"caption\":\"kowalczyke\"},\"sameAs\":[\"http:\/\/lukasz.sienkiewicz@msz.gov.pl\"],\"url\":\"https:\/\/instytutpolski.pl\/madrid\/author\/kowalczyke\/\"}]}<\/script>\n<!-- \/ Yoast SEO plugin. -->","yoast_head_json":{"title":"La revista \"Historia y Vida\" publica el n\u00famero especial sobre Polonia - Instytut Polski w Madrycie","robots":{"index":"index","follow":"follow","max-snippet":"max-snippet:-1","max-image-preview":"max-image-preview:large","max-video-preview":"max-video-preview:-1"},"canonical":"https:\/\/instytutpolski.pl\/madrid\/2018\/06\/15\/la-revista-historia-y-vida-publica-el-numero-especial-sobre-polonia\/","og_locale":"pl_PL","og_type":"article","og_title":"La revista \"Historia y Vida\" publica el n\u00famero especial sobre Polonia - Instytut Polski w Madrycie","og_description":"A partir del 15 de junio sale el n\u00famero especial de la revista &#8222;Historia y Vida&#8221; dedicado completamente a Polonia.Coincidiendo con el centenario de la recuperaci\u00f3n de la independencia de Polonia en 1918 llega el n\u00famero especial de la revista de divulgaci\u00f3n hist\u00f3rica m\u00e1s antigua en Espa\u00f1a: &#8222;Historia y Vida&#8221;. En casi 100 p\u00e1ginas los [&hellip;]","og_url":"https:\/\/instytutpolski.pl\/madrid\/2018\/06\/15\/la-revista-historia-y-vida-publica-el-numero-especial-sobre-polonia\/","og_site_name":"Instytut Polski w Madrycie","article_published_time":"2018-06-15T11:58:00+00:00","article_modified_time":"2020-02-03T13:01:16+00:00","og_image":[{"width":361,"height":453,"url":"https:\/\/instytutpolski.pl\/madrid\/wp-content\/uploads\/sites\/16\/2020\/02\/historia-y-vida.jpg","type":"image\/jpeg"}],"author":"kowalczyke","twitter_card":"summary_large_image","twitter_misc":{"Napisane przez":"kowalczyke","Szacowany czas czytania":"1 minuta"},"schema":{"@context":"https:\/\/schema.org","@graph":[{"@type":"event","@id":"https:\/\/instytutpolski.pl\/madrid\/2018\/06\/15\/la-revista-historia-y-vida-publica-el-numero-especial-sobre-polonia\/","url":"https:\/\/instytutpolski.pl\/madrid\/2018\/06\/15\/la-revista-historia-y-vida-publica-el-numero-especial-sobre-polonia\/","name":"La revista \"Historia y Vida\" publica el n\u00famero especial sobre Polonia","isPartOf":{"@id":"https:\/\/instytutpolski.pl\/madrid\/#website"},"primaryImageOfPage":{"@id":"https:\/\/instytutpolski.pl\/madrid\/2018\/06\/15\/la-revista-historia-y-vida-publica-el-numero-especial-sobre-polonia\/#primaryimage"},"image":["https:\/\/instytutpolski.pl\/madrid\/wp-content\/uploads\/sites\/16\/2020\/02\/historia-y-vida.jpg","https:\/\/instytutpolski.pl\/madrid\/wp-content\/uploads\/sites\/16\/2020\/02\/historia-y-vida-239x300.jpg","https:\/\/instytutpolski.pl\/madrid\/wp-content\/uploads\/sites\/16\/2020\/02\/historia-y-vida.jpg","https:\/\/instytutpolski.pl\/madrid\/wp-content\/uploads\/sites\/16\/2020\/02\/historia-y-vida.jpg"],"thumbnailUrl":"https:\/\/instytutpolski.pl\/madrid\/wp-content\/uploads\/sites\/16\/2020\/02\/historia-y-vida.jpg","datePublished":"2018-06-15T11:58:00+02:00","dateModified":"2020-02-03T13:01:16+02:00","author":{"@id":"https:\/\/instytutpolski.pl\/madrid\/#\/schema\/person\/2ef2ed85f88ad5d4e4f921140b5edc8d"},"breadcrumb":{"@id":"https:\/\/instytutpolski.pl\/madrid\/2018\/06\/15\/la-revista-historia-y-vida-publica-el-numero-especial-sobre-polonia\/#breadcrumb"},"inLanguage":"pl-PL","potentialAction":[{"@type":"ReadAction","target":["https:\/\/instytutpolski.pl\/madrid\/2018\/06\/15\/la-revista-historia-y-vida-publica-el-numero-especial-sobre-polonia\/"]}],"@context":"https:\/\/schema.org","startDate":"2018-06-15","endDate":"2018-12-31","eventStatus":"EventScheduled","eventAttendanceMode":"OfflineEventAttendanceMode","location":{"@type":"place","name":"","address":"","geo":{"@type":"GeoCoordinates","latitude":"","longitude":""}},"description":"A partir del 15 de junio sale el n\u00famero especial de la revista \"Historia y Vida\" dedicado completamente a Polonia.Coincidiendo con el centenario de la recuperaci\u00f3n de la independencia de Polonia en 1918 llega el n\u00famero especial de la revista de divulgaci\u00f3n hist\u00f3rica m\u00e1s antigua en Espa\u00f1a: \"Historia y Vida\". En casi 100 p\u00e1ginas los autores abarcan diferentes temas comenzado por los or\u00edgenes del Estado polaco en el siglo X, pasando por su Edad de Oro en el siglo XVI, el periodo de las particiones y las tragedias de la Segunda Guerra Mundial, hasta llegar a la transformaci\u00f3n democr\u00e1tica en 1989. Por supuesto, no pod\u00eda faltar un art\u00edculo dedicado a las relaciones hispano-polacas a lo largo de los siglos. Es una lectura indispesable para todo el lector hispanohablante que quiera aprender y profundizar en la historia y cultura de Polonia."},{"@type":"ImageObject","inLanguage":"pl-PL","@id":"https:\/\/instytutpolski.pl\/madrid\/2018\/06\/15\/la-revista-historia-y-vida-publica-el-numero-especial-sobre-polonia\/#primaryimage","url":"https:\/\/instytutpolski.pl\/madrid\/wp-content\/uploads\/sites\/16\/2020\/02\/historia-y-vida.jpg","contentUrl":"https:\/\/instytutpolski.pl\/madrid\/wp-content\/uploads\/sites\/16\/2020\/02\/historia-y-vida.jpg","width":361,"height":453},{"@type":"BreadcrumbList","@id":"https:\/\/instytutpolski.pl\/madrid\/2018\/06\/15\/la-revista-historia-y-vida-publica-el-numero-especial-sobre-polonia\/#breadcrumb","itemListElement":[{"@type":"ListItem","position":1,"name":"Home","item":"https:\/\/instytutpolski.pl\/madrid\/"},{"@type":"ListItem","position":2,"name":"La revista \u00abHistoria y Vida\u00bb publica el n\u00famero especial sobre Polonia"}]},{"@type":"WebSite","@id":"https:\/\/instytutpolski.pl\/madrid\/#website","url":"https:\/\/instytutpolski.pl\/madrid\/","name":"Instytut Polski w Madrycie","description":"Instytuty Polskie","potentialAction":[{"@type":"SearchAction","target":{"@type":"EntryPoint","urlTemplate":"https:\/\/instytutpolski.pl\/madrid\/?s={search_term_string}"},"query-input":{"@type":"PropertyValueSpecification","valueRequired":true,"valueName":"search_term_string"}}],"inLanguage":"pl-PL"},{"@type":"Person","@id":"https:\/\/instytutpolski.pl\/madrid\/#\/schema\/person\/2ef2ed85f88ad5d4e4f921140b5edc8d","name":"kowalczyke","image":{"@type":"ImageObject","inLanguage":"pl-PL","@id":"https:\/\/instytutpolski.pl\/madrid\/#\/schema\/person\/image\/","url":"https:\/\/secure.gravatar.com\/avatar\/2b384c7336ca78295f66224d3a33e434?s=96&d=mm&r=g","contentUrl":"https:\/\/secure.gravatar.com\/avatar\/2b384c7336ca78295f66224d3a33e434?s=96&d=mm&r=g","caption":"kowalczyke"},"sameAs":["http:\/\/lukasz.sienkiewicz@msz.gov.pl"],"url":"https:\/\/instytutpolski.pl\/madrid\/author\/kowalczyke\/"}]}},"_links":{"self":[{"href":"https:\/\/instytutpolski.pl\/madrid\/wp-json\/wp\/v2\/posts\/1749","targetHints":{"allow":["GET"]}}],"collection":[{"href":"https:\/\/instytutpolski.pl\/madrid\/wp-json\/wp\/v2\/posts"}],"about":[{"href":"https:\/\/instytutpolski.pl\/madrid\/wp-json\/wp\/v2\/types\/post"}],"author":[{"embeddable":true,"href":"https:\/\/instytutpolski.pl\/madrid\/wp-json\/wp\/v2\/users\/51"}],"replies":[{"embeddable":true,"href":"https:\/\/instytutpolski.pl\/madrid\/wp-json\/wp\/v2\/comments?post=1749"}],"version-history":[{"count":3,"href":"https:\/\/instytutpolski.pl\/madrid\/wp-json\/wp\/v2\/posts\/1749\/revisions"}],"predecessor-version":[{"id":1753,"href":"https:\/\/instytutpolski.pl\/madrid\/wp-json\/wp\/v2\/posts\/1749\/revisions\/1753"}],"wp:featuredmedia":[{"embeddable":true,"href":"https:\/\/instytutpolski.pl\/madrid\/wp-json\/wp\/v2\/media\/1750"}],"wp:attachment":[{"href":"https:\/\/instytutpolski.pl\/madrid\/wp-json\/wp\/v2\/media?parent=1749"}],"wp:term":[{"taxonomy":"category","embeddable":true,"href":"https:\/\/instytutpolski.pl\/madrid\/wp-json\/wp\/v2\/categories?post=1749"},{"taxonomy":"post_tag","embeddable":true,"href":"https:\/\/instytutpolski.pl\/madrid\/wp-json\/wp\/v2\/tags?post=1749"}],"curies":[{"name":"wp","href":"https:\/\/api.w.org\/{rel}","templated":true}]}}